{"id":4682,"date":"2020-10-17T11:07:42","date_gmt":"2020-10-17T14:07:42","guid":{"rendered":"https:\/\/www.padreeustaquio.com.br\/?p=4682"},"modified":"2020-10-17T11:07:42","modified_gmt":"2020-10-17T14:07:42","slug":"brother-gustavo-and-father-armin-are-sent-on-a-mission-to-paraguay","status":"publish","type":"post","link":"https:\/\/www.padreeustaquio.com.br\/en\/brother-gustavo-and-father-armin-are-sent-on-a-mission-to-paraguay\/","title":{"rendered":"Brother Gustavo and Father Arm\u00edn are sent on a mission to Paraguay."},"content":{"rendered":"<p>This Friday, the 16th, Brother Gustavo, ss.cc., and Father Arm\u00edn, ss.cc., bid farewell to the Belo Horizonte community. On their way to the airport, the Provincial, Father S\u00e9rgio Stein, ss.cc., performed the traditional gesture of sending off the religious of the Sacred Hearts.<\/p>\n<p>During the brief moment of prayer, Father S\u00e9rgio gave a blessing with the image of Our Lady Queen of Peace placed upon the heads of those sent. &quot;She is the Patroness of the Missions of the Congregation of the Sacred Hearts,&quot; the Provincial emphasized at that moment.<\/p>\n<p>Brother Gustavo and Father Arm\u00edn are already in the city of Presidente Franco, on the triple border (Brazil, Paraguay and Argentina), where they will continue their mission of bringing the love of the Sacred Hearts of Jesus and Mary to all of God&#039;s people.<\/p>\n<p>&nbsp;<\/p>","protected":false},"excerpt":{"rendered":"<p>Nessa sexta-feira, dia 16, o Irm\u00e3o Gustavo, ss.cc. e o Padre Arm\u00edn, ss.cc, se despediram da comunidade belorizontina.\u00a0 Na sa\u00edda para o aeroporto, o Provincial, Padre S\u00e9rgio Stein, ss.cc, realizou o tradicional gesto de envio dos religiosos dos Sagrados Cora\u00e7\u00f5es. Durante o pequeno momento de ora\u00e7\u00e3o, Pe. S\u00e9rgio deu uma b\u00ean\u00e7\u00e3o com a imagem de Nossa Senhora Rainha da Paz sobre a cabe\u00e7a dos enviados. &#8220;Ela \u00e9 a Padroeira das Miss\u00f5es da Congrega\u00e7\u00e3o dos Sagrados Cora\u00e7\u00f5es&#8221;, ressaltou o Provincial naquele momento. Ir. Gustavo e Pe. Arm\u00edn j\u00e1 est\u00e3o na cidade de Presidente Franco, na tr\u00edplice fronteira (Brasil, Paraguai e Argentina), [&hellip;]<\/p>\n","protected":false},"author":2,"featured_media":4683,"comment_status":"open","ping_status":"open","sticky":false,"template":"","format":"standard","meta":{"_acf_changed":false,"footnotes":""},"categories":[611],"tags":[],"class_list":["post-4682","post","type-post","status-publish","format-standard","has-post-thumbnail","hentry","category-noticias"],"acf":[],"yoast_head":"<!-- This site is optimized with the Yoast SEO plugin v27.2 - https:\/\/yoast.com\/product\/yoast-seo-wordpress\/ -->\n<title>Ir. Gustavo e Pe. Arm\u00edn s\u00e3o enviados em miss\u00e3o ao Paraguai - Padre Eust\u00e1quio<\/title>\n<meta name=\"robots\" content=\"index, follow, max-snippet:-1, max-image-preview:large, max-video-preview:-1\" \/>\n<link rel=\"canonical\" href=\"https:\/\/www.padreeustaquio.com.br\/en\/brother-gustavo-and-father-armin-are-sent-on-a-mission-to-paraguay\/\" \/>\n<meta property=\"og:locale\" content=\"en_US\" \/>\n<meta property=\"og:type\" content=\"article\" \/>\n<meta property=\"og:title\" content=\"Ir. Gustavo e Pe. Arm\u00edn s\u00e3o enviados em miss\u00e3o ao Paraguai - Padre Eust\u00e1quio\" \/>\n<meta property=\"og:description\" content=\"Nessa sexta-feira, dia 16, o Irm\u00e3o Gustavo, ss.cc. e o Padre Arm\u00edn, ss.cc, se despediram da comunidade belorizontina.\u00a0 Na sa\u00edda para o aeroporto, o Provincial, Padre S\u00e9rgio Stein, ss.cc, realizou o tradicional gesto de envio dos religiosos dos Sagrados Cora\u00e7\u00f5es. Durante o pequeno momento de ora\u00e7\u00e3o, Pe. S\u00e9rgio deu uma b\u00ean\u00e7\u00e3o com a imagem de Nossa Senhora Rainha da Paz sobre a cabe\u00e7a dos enviados. &#8220;Ela \u00e9 a Padroeira das Miss\u00f5es da Congrega\u00e7\u00e3o dos Sagrados Cora\u00e7\u00f5es&#8221;, ressaltou o Provincial naquele momento. Ir. Gustavo e Pe. Arm\u00edn j\u00e1 est\u00e3o na cidade de Presidente Franco, na tr\u00edplice fronteira (Brasil, Paraguai e Argentina), [&hellip;]\" \/>\n<meta property=\"og:url\" content=\"https:\/\/www.padreeustaquio.com.br\/en\/brother-gustavo-and-father-armin-are-sent-on-a-mission-to-paraguay\/\" \/>\n<meta property=\"og:site_name\" content=\"Padre Eust\u00e1quio\" \/>\n<meta property=\"article:publisher\" content=\"https:\/\/www.facebook.com\/beatopadreeustaquio\/\" \/>\n<meta property=\"article:published_time\" content=\"2020-10-17T14:07:42+00:00\" \/>\n<meta property=\"og:image\" content=\"https:\/\/www.padreeustaquio.com.br\/wp-content\/uploads\/2020\/10\/gustavo-e-armin.jpg\" \/>\n\t<meta property=\"og:image:width\" content=\"1280\" \/>\n\t<meta property=\"og:image:height\" content=\"720\" \/>\n\t<meta property=\"og:image:type\" content=\"image\/jpeg\" \/>\n<meta name=\"author\" content=\"@sscc\" \/>\n<meta name=\"twitter:card\" content=\"summary_large_image\" \/>\n<meta name=\"twitter:creator\" content=\"@beatopeustaquio\" \/>\n<meta name=\"twitter:site\" content=\"@beatopeustaquio\" \/>\n<meta name=\"twitter:label1\" content=\"Written by\" \/>\n\t<meta name=\"twitter:data1\" content=\"@sscc\" \/>\n\t<meta name=\"twitter:label2\" content=\"Est. reading time\" \/>\n\t<meta name=\"twitter:data2\" content=\"1 minute\" \/>\n<script type=\"application\/ld+json\" class=\"yoast-schema-graph\">{\"@context\":\"https:\/\/schema.org\",\"@graph\":[{\"@type\":\"Article\",\"@id\":\"https:\/\/www.padreeustaquio.com.br\/ir-gustavo-e-pe-armin-sao-enviados-em-missao-ao-paraguai\/#article\",\"isPartOf\":{\"@id\":\"https:\/\/www.padreeustaquio.com.br\/ir-gustavo-e-pe-armin-sao-enviados-em-missao-ao-paraguai\/\"},\"author\":{\"name\":\"@sscc\",\"@id\":\"https:\/\/www.padreeustaquio.com.br\/#\/schema\/person\/a2a51db1d00f1a7af0204a0f1ddb1566\"},\"headline\":\"Ir. Gustavo e Pe. Arm\u00edn s\u00e3o enviados em miss\u00e3o ao Paraguai\",\"datePublished\":\"2020-10-17T14:07:42+00:00\",\"mainEntityOfPage\":{\"@id\":\"https:\/\/www.padreeustaquio.com.br\/ir-gustavo-e-pe-armin-sao-enviados-em-missao-ao-paraguai\/\"},\"wordCount\":158,\"commentCount\":0,\"publisher\":{\"@id\":\"https:\/\/www.padreeustaquio.com.br\/#organization\"},\"image\":{\"@id\":\"https:\/\/www.padreeustaquio.com.br\/ir-gustavo-e-pe-armin-sao-enviados-em-missao-ao-paraguai\/#primaryimage\"},\"thumbnailUrl\":\"https:\/\/www.padreeustaquio.com.br\/wp-content\/uploads\/2020\/10\/gustavo-e-armin.jpg\",\"articleSection\":[\"Not\u00edcias\"],\"inLanguage\":\"en-US\",\"potentialAction\":[{\"@type\":\"CommentAction\",\"name\":\"Comment\",\"target\":[\"https:\/\/www.padreeustaquio.com.br\/ir-gustavo-e-pe-armin-sao-enviados-em-missao-ao-paraguai\/#respond\"]}]},{\"@type\":\"WebPage\",\"@id\":\"https:\/\/www.padreeustaquio.com.br\/ir-gustavo-e-pe-armin-sao-enviados-em-missao-ao-paraguai\/\",\"url\":\"https:\/\/www.padreeustaquio.com.br\/ir-gustavo-e-pe-armin-sao-enviados-em-missao-ao-paraguai\/\",\"name\":\"Ir. Gustavo e Pe. Arm\u00edn s\u00e3o enviados em miss\u00e3o ao Paraguai - Padre Eust\u00e1quio\",\"isPartOf\":{\"@id\":\"https:\/\/www.padreeustaquio.com.br\/#website\"},\"primaryImageOfPage\":{\"@id\":\"https:\/\/www.padreeustaquio.com.br\/ir-gustavo-e-pe-armin-sao-enviados-em-missao-ao-paraguai\/#primaryimage\"},\"image\":{\"@id\":\"https:\/\/www.padreeustaquio.com.br\/ir-gustavo-e-pe-armin-sao-enviados-em-missao-ao-paraguai\/#primaryimage\"},\"thumbnailUrl\":\"https:\/\/www.padreeustaquio.com.br\/wp-content\/uploads\/2020\/10\/gustavo-e-armin.jpg\",\"datePublished\":\"2020-10-17T14:07:42+00:00\",\"breadcrumb\":{\"@id\":\"https:\/\/www.padreeustaquio.com.br\/ir-gustavo-e-pe-armin-sao-enviados-em-missao-ao-paraguai\/#breadcrumb\"},\"inLanguage\":\"en-US\",\"potentialAction\":[{\"@type\":\"ReadAction\",\"target\":[\"https:\/\/www.padreeustaquio.com.br\/ir-gustavo-e-pe-armin-sao-enviados-em-missao-ao-paraguai\/\"]}]},{\"@type\":\"ImageObject\",\"inLanguage\":\"en-US\",\"@id\":\"https:\/\/www.padreeustaquio.com.br\/ir-gustavo-e-pe-armin-sao-enviados-em-missao-ao-paraguai\/#primaryimage\",\"url\":\"https:\/\/www.padreeustaquio.com.br\/wp-content\/uploads\/2020\/10\/gustavo-e-armin.jpg\",\"contentUrl\":\"https:\/\/www.padreeustaquio.com.br\/wp-content\/uploads\/2020\/10\/gustavo-e-armin.jpg\",\"width\":1280,\"height\":720},{\"@type\":\"BreadcrumbList\",\"@id\":\"https:\/\/www.padreeustaquio.com.br\/ir-gustavo-e-pe-armin-sao-enviados-em-missao-ao-paraguai\/#breadcrumb\",\"itemListElement\":[{\"@type\":\"ListItem\",\"position\":1,\"name\":\"In\u00edcio\",\"item\":\"https:\/\/www.padreeustaquio.com.br\/\"},{\"@type\":\"ListItem\",\"position\":2,\"name\":\"Ir. Gustavo e Pe. Arm\u00edn s\u00e3o enviados em miss\u00e3o ao Paraguai\"}]},{\"@type\":\"WebSite\",\"@id\":\"https:\/\/www.padreeustaquio.com.br\/#website\",\"url\":\"https:\/\/www.padreeustaquio.com.br\/\",\"name\":\"Padre Eust\u00e1quio\",\"description\":\"Sa\u00fade e Paz\",\"publisher\":{\"@id\":\"https:\/\/www.padreeustaquio.com.br\/#organization\"},\"potentialAction\":[{\"@type\":\"SearchAction\",\"target\":{\"@type\":\"EntryPoint\",\"urlTemplate\":\"https:\/\/www.padreeustaquio.com.br\/?s={search_term_string}\"},\"query-input\":{\"@type\":\"PropertyValueSpecification\",\"valueRequired\":true,\"valueName\":\"search_term_string\"}}],\"inLanguage\":\"en-US\"},{\"@type\":\"Organization\",\"@id\":\"https:\/\/www.padreeustaquio.com.br\/#organization\",\"name\":\"Padre Eust\u00e1quio\",\"url\":\"https:\/\/www.padreeustaquio.com.br\/\",\"logo\":{\"@type\":\"ImageObject\",\"inLanguage\":\"en-US\",\"@id\":\"https:\/\/www.padreeustaquio.com.br\/#\/schema\/logo\/image\/\",\"url\":\"https:\/\/www.padreeustaquio.com.br\/wp-content\/uploads\/2019\/08\/marca.png\",\"contentUrl\":\"https:\/\/www.padreeustaquio.com.br\/wp-content\/uploads\/2019\/08\/marca.png\",\"width\":350,\"height\":400,\"caption\":\"Padre Eust\u00e1quio\"},\"image\":{\"@id\":\"https:\/\/www.padreeustaquio.com.br\/#\/schema\/logo\/image\/\"},\"sameAs\":[\"https:\/\/www.facebook.com\/beatopadreeustaquio\/\",\"https:\/\/x.com\/beatopeustaquio\",\"https:\/\/www.instagram.com\/beatopadreeustaquio\/\",\"https:\/\/www.youtube.com\/channel\/UCRhw7vfabnajwLxb1ZXMeIw\"]},{\"@type\":\"Person\",\"@id\":\"https:\/\/www.padreeustaquio.com.br\/#\/schema\/person\/a2a51db1d00f1a7af0204a0f1ddb1566\",\"name\":\"@sscc\",\"image\":{\"@type\":\"ImageObject\",\"inLanguage\":\"en-US\",\"@id\":\"https:\/\/secure.gravatar.com\/avatar\/68cfafa5f44617fea54071e215026e0ff06be366c3d54a8425f04fdcb86f8c5f?s=96&d=mm&r=g\",\"url\":\"https:\/\/secure.gravatar.com\/avatar\/68cfafa5f44617fea54071e215026e0ff06be366c3d54a8425f04fdcb86f8c5f?s=96&d=mm&r=g\",\"contentUrl\":\"https:\/\/secure.gravatar.com\/avatar\/68cfafa5f44617fea54071e215026e0ff06be366c3d54a8425f04fdcb86f8c5f?s=96&d=mm&r=g\",\"caption\":\"@sscc\"},\"url\":\"https:\/\/www.padreeustaquio.com.br\/en\/author\/sscc\/\"}]}<\/script>\n<!-- \/ Yoast SEO plugin. -->","yoast_head_json":{"title":"Brother Gustavo and Father Arm\u00edn are sent on a mission to Paraguay - Father Eust\u00e1quio","robots":{"index":"index","follow":"follow","max-snippet":"max-snippet:-1","max-image-preview":"max-image-preview:large","max-video-preview":"max-video-preview:-1"},"canonical":"https:\/\/www.padreeustaquio.com.br\/en\/brother-gustavo-and-father-armin-are-sent-on-a-mission-to-paraguay\/","og_locale":"en_US","og_type":"article","og_title":"Ir. Gustavo e Pe. Arm\u00edn s\u00e3o enviados em miss\u00e3o ao Paraguai - Padre Eust\u00e1quio","og_description":"Nessa sexta-feira, dia 16, o Irm\u00e3o Gustavo, ss.cc. e o Padre Arm\u00edn, ss.cc, se despediram da comunidade belorizontina.\u00a0 Na sa\u00edda para o aeroporto, o Provincial, Padre S\u00e9rgio Stein, ss.cc, realizou o tradicional gesto de envio dos religiosos dos Sagrados Cora\u00e7\u00f5es. Durante o pequeno momento de ora\u00e7\u00e3o, Pe. S\u00e9rgio deu uma b\u00ean\u00e7\u00e3o com a imagem de Nossa Senhora Rainha da Paz sobre a cabe\u00e7a dos enviados. &#8220;Ela \u00e9 a Padroeira das Miss\u00f5es da Congrega\u00e7\u00e3o dos Sagrados Cora\u00e7\u00f5es&#8221;, ressaltou o Provincial naquele momento. Ir. Gustavo e Pe. Arm\u00edn j\u00e1 est\u00e3o na cidade de Presidente Franco, na tr\u00edplice fronteira (Brasil, Paraguai e Argentina), [&hellip;]","og_url":"https:\/\/www.padreeustaquio.com.br\/en\/brother-gustavo-and-father-armin-are-sent-on-a-mission-to-paraguay\/","og_site_name":"Padre Eust\u00e1quio","article_publisher":"https:\/\/www.facebook.com\/beatopadreeustaquio\/","article_published_time":"2020-10-17T14:07:42+00:00","og_image":[{"width":1280,"height":720,"url":"https:\/\/www.padreeustaquio.com.br\/wp-content\/uploads\/2020\/10\/gustavo-e-armin.jpg","type":"image\/jpeg"}],"author":"@sscc","twitter_card":"summary_large_image","twitter_creator":"@beatopeustaquio","twitter_site":"@beatopeustaquio","twitter_misc":{"Written by":"@sscc","Est. reading time":"1 minute"},"schema":{"@context":"https:\/\/schema.org","@graph":[{"@type":"Article","@id":"https:\/\/www.padreeustaquio.com.br\/ir-gustavo-e-pe-armin-sao-enviados-em-missao-ao-paraguai\/#article","isPartOf":{"@id":"https:\/\/www.padreeustaquio.com.br\/ir-gustavo-e-pe-armin-sao-enviados-em-missao-ao-paraguai\/"},"author":{"name":"@sscc","@id":"https:\/\/www.padreeustaquio.com.br\/#\/schema\/person\/a2a51db1d00f1a7af0204a0f1ddb1566"},"headline":"Ir. Gustavo e Pe. Arm\u00edn s\u00e3o enviados em miss\u00e3o ao Paraguai","datePublished":"2020-10-17T14:07:42+00:00","mainEntityOfPage":{"@id":"https:\/\/www.padreeustaquio.com.br\/ir-gustavo-e-pe-armin-sao-enviados-em-missao-ao-paraguai\/"},"wordCount":158,"commentCount":0,"publisher":{"@id":"https:\/\/www.padreeustaquio.com.br\/#organization"},"image":{"@id":"https:\/\/www.padreeustaquio.com.br\/ir-gustavo-e-pe-armin-sao-enviados-em-missao-ao-paraguai\/#primaryimage"},"thumbnailUrl":"https:\/\/www.padreeustaquio.com.br\/wp-content\/uploads\/2020\/10\/gustavo-e-armin.jpg","articleSection":["Not\u00edcias"],"inLanguage":"en-US","potentialAction":[{"@type":"CommentAction","name":"Comment","target":["https:\/\/www.padreeustaquio.com.br\/ir-gustavo-e-pe-armin-sao-enviados-em-missao-ao-paraguai\/#respond"]}]},{"@type":"WebPage","@id":"https:\/\/www.padreeustaquio.com.br\/ir-gustavo-e-pe-armin-sao-enviados-em-missao-ao-paraguai\/","url":"https:\/\/www.padreeustaquio.com.br\/ir-gustavo-e-pe-armin-sao-enviados-em-missao-ao-paraguai\/","name":"Brother Gustavo and Father Arm\u00edn are sent on a mission to Paraguay - Father Eust\u00e1quio","isPartOf":{"@id":"https:\/\/www.padreeustaquio.com.br\/#website"},"primaryImageOfPage":{"@id":"https:\/\/www.padreeustaquio.com.br\/ir-gustavo-e-pe-armin-sao-enviados-em-missao-ao-paraguai\/#primaryimage"},"image":{"@id":"https:\/\/www.padreeustaquio.com.br\/ir-gustavo-e-pe-armin-sao-enviados-em-missao-ao-paraguai\/#primaryimage"},"thumbnailUrl":"https:\/\/www.padreeustaquio.com.br\/wp-content\/uploads\/2020\/10\/gustavo-e-armin.jpg","datePublished":"2020-10-17T14:07:42+00:00","breadcrumb":{"@id":"https:\/\/www.padreeustaquio.com.br\/ir-gustavo-e-pe-armin-sao-enviados-em-missao-ao-paraguai\/#breadcrumb"},"inLanguage":"en-US","potentialAction":[{"@type":"ReadAction","target":["https:\/\/www.padreeustaquio.com.br\/ir-gustavo-e-pe-armin-sao-enviados-em-missao-ao-paraguai\/"]}]},{"@type":"ImageObject","inLanguage":"en-US","@id":"https:\/\/www.padreeustaquio.com.br\/ir-gustavo-e-pe-armin-sao-enviados-em-missao-ao-paraguai\/#primaryimage","url":"https:\/\/www.padreeustaquio.com.br\/wp-content\/uploads\/2020\/10\/gustavo-e-armin.jpg","contentUrl":"https:\/\/www.padreeustaquio.com.br\/wp-content\/uploads\/2020\/10\/gustavo-e-armin.jpg","width":1280,"height":720},{"@type":"BreadcrumbList","@id":"https:\/\/www.padreeustaquio.com.br\/ir-gustavo-e-pe-armin-sao-enviados-em-missao-ao-paraguai\/#breadcrumb","itemListElement":[{"@type":"ListItem","position":1,"name":"In\u00edcio","item":"https:\/\/www.padreeustaquio.com.br\/"},{"@type":"ListItem","position":2,"name":"Ir. Gustavo e Pe. Arm\u00edn s\u00e3o enviados em miss\u00e3o ao Paraguai"}]},{"@type":"WebSite","@id":"https:\/\/www.padreeustaquio.com.br\/#website","url":"https:\/\/www.padreeustaquio.com.br\/","name":"FATHER EUST\u00c1QUIO","description":"Health and Peace","publisher":{"@id":"https:\/\/www.padreeustaquio.com.br\/#organization"},"potentialAction":[{"@type":"SearchAction","target":{"@type":"EntryPoint","urlTemplate":"https:\/\/www.padreeustaquio.com.br\/?s={search_term_string}"},"query-input":{"@type":"PropertyValueSpecification","valueRequired":true,"valueName":"search_term_string"}}],"inLanguage":"en-US"},{"@type":"Organization","@id":"https:\/\/www.padreeustaquio.com.br\/#organization","name":"FATHER EUST\u00c1QUIO","url":"https:\/\/www.padreeustaquio.com.br\/","logo":{"@type":"ImageObject","inLanguage":"en-US","@id":"https:\/\/www.padreeustaquio.com.br\/#\/schema\/logo\/image\/","url":"https:\/\/www.padreeustaquio.com.br\/wp-content\/uploads\/2019\/08\/marca.png","contentUrl":"https:\/\/www.padreeustaquio.com.br\/wp-content\/uploads\/2019\/08\/marca.png","width":350,"height":400,"caption":"Padre Eust\u00e1quio"},"image":{"@id":"https:\/\/www.padreeustaquio.com.br\/#\/schema\/logo\/image\/"},"sameAs":["https:\/\/www.facebook.com\/beatopadreeustaquio\/","https:\/\/x.com\/beatopeustaquio","https:\/\/www.instagram.com\/beatopadreeustaquio\/","https:\/\/www.youtube.com\/channel\/UCRhw7vfabnajwLxb1ZXMeIw"]},{"@type":"Person","@id":"https:\/\/www.padreeustaquio.com.br\/#\/schema\/person\/a2a51db1d00f1a7af0204a0f1ddb1566","name":"@sscc","image":{"@type":"ImageObject","inLanguage":"en-US","@id":"https:\/\/secure.gravatar.com\/avatar\/68cfafa5f44617fea54071e215026e0ff06be366c3d54a8425f04fdcb86f8c5f?s=96&d=mm&r=g","url":"https:\/\/secure.gravatar.com\/avatar\/68cfafa5f44617fea54071e215026e0ff06be366c3d54a8425f04fdcb86f8c5f?s=96&d=mm&r=g","contentUrl":"https:\/\/secure.gravatar.com\/avatar\/68cfafa5f44617fea54071e215026e0ff06be366c3d54a8425f04fdcb86f8c5f?s=96&d=mm&r=g","caption":"@sscc"},"url":"https:\/\/www.padreeustaquio.com.br\/en\/author\/sscc\/"}]}},"_links":{"self":[{"href":"https:\/\/www.padreeustaquio.com.br\/en\/wp-json\/wp\/v2\/posts\/4682","targetHints":{"allow":["GET"]}}],"collection":[{"href":"https:\/\/www.padreeustaquio.com.br\/en\/wp-json\/wp\/v2\/posts"}],"about":[{"href":"https:\/\/www.padreeustaquio.com.br\/en\/wp-json\/wp\/v2\/types\/post"}],"author":[{"embeddable":true,"href":"https:\/\/www.padreeustaquio.com.br\/en\/wp-json\/wp\/v2\/users\/2"}],"replies":[{"embeddable":true,"href":"https:\/\/www.padreeustaquio.com.br\/en\/wp-json\/wp\/v2\/comments?post=4682"}],"version-history":[{"count":0,"href":"https:\/\/www.padreeustaquio.com.br\/en\/wp-json\/wp\/v2\/posts\/4682\/revisions"}],"wp:featuredmedia":[{"embeddable":true,"href":"https:\/\/www.padreeustaquio.com.br\/en\/wp-json\/wp\/v2\/media\/4683"}],"wp:attachment":[{"href":"https:\/\/www.padreeustaquio.com.br\/en\/wp-json\/wp\/v2\/media?parent=4682"}],"wp:term":[{"taxonomy":"category","embeddable":true,"href":"https:\/\/www.padreeustaquio.com.br\/en\/wp-json\/wp\/v2\/categories?post=4682"},{"taxonomy":"post_tag","embeddable":true,"href":"https:\/\/www.padreeustaquio.com.br\/en\/wp-json\/wp\/v2\/tags?post=4682"}],"curies":[{"name":"wp","href":"https:\/\/api.w.org\/{rel}","templated":true}]}}