{"id":4670,"date":"2020-10-16T11:07:37","date_gmt":"2020-10-16T14:07:37","guid":{"rendered":"https:\/\/www.padreeustaquio.com.br\/?p=4670"},"modified":"2020-10-16T11:07:37","modified_gmt":"2020-10-16T14:07:37","slug":"father-armin-celebrates-his-first-mass-and-bids-farewell-to-belo-horizonte","status":"publish","type":"post","link":"https:\/\/www.padreeustaquio.com.br\/en\/father-armin-celebrates-his-first-mass-and-bids-farewell-to-belo-horizonte\/","title":{"rendered":"Father Arm\u00edn celebrates his first mass and bids farewell to Belo Horizonte."},"content":{"rendered":"<p>The newest priest of the Congregation of the Sacred Hearts, Father Arm\u00edn P\u00e9rez, ss.cc., presided over his first Mass this Thursday (October 15). Held at the &quot;Health and Peace&quot; Sanctuary, the church of Father Eust\u00e1quio, the celebration also marked his and his brother Gustavo&#039;s farewell from the capital of Minas Gerais.<\/p>\n<p>Before the celebration began, the brothers of the Congregation paid a brief tribute to the new priest, with photos and music, as everything was broadcast on the Padre Eust\u00e1quio Channel on YouTube. At the Sanctuary, parishioners and visitors who obtained tickets were able to participate in the celebration in person.<\/p>\n<p>This Friday (the 16th), Father Arm\u00edn and Brother Gustavo are leaving for a new mission in Paraguay. The two will go to a parish of the Congregation located on the border of three Latin American countries: Brazil, Paraguay and Argentina.<\/p>\n<p><a href=\"https:\/\/www.youtube.com\/watch?v=ybRXu_ppD9k&amp;t=2758s\">See here<\/a> Here&#039;s how Father Arm\u00edn&#039;s First Mass was celebrated. He was ordained a priest last Sunday, the 11th, in a moving celebration presided over by D. Luiz Mancilha Vilela, ss.cc, Archbishop Emeritus of Vit\u00f3ria-ES. Watch the ordination again. <a href=\"https:\/\/www.youtube.com\/watch?v=z95u9m9Uv8A&amp;t=6180s\">clicking here<\/a>. It was also broadcast on the Padre Eust\u00e1quio Channel.<\/p>\n<p>&nbsp;<\/p>","protected":false},"excerpt":{"rendered":"<p>O mais novo presb\u00edtero da Congrega\u00e7\u00e3o dos Sagrados Cora\u00e7\u00f5es, Padre Arm\u00edn P\u00e9rez, ss.cc., presidiu, nessa quinta-feira (15 de outubro) a sua primeira missa. Realizada no Santu\u00e1rio &#8220;Sa\u00fade e Paz&#8221;, a igreja do Padre Eust\u00e1quio, a celebra\u00e7\u00e3o tamb\u00e9m marcou a despedida dele e do irm\u00e3o Gustavo, da capital mineira. Antes de iniciar a celebra\u00e7\u00e3o, os irm\u00e3os da Congrega\u00e7\u00e3o prestaram uma breve homenagem ao novo presb\u00edtero, com fotos e m\u00fasica, j\u00e1 que tudo foi transmitido pelo Canal Padre Eust\u00e1quio, no YouTube. No Santu\u00e1rio, paroquianos e visitantes que retiraram senhas, puderam participar presencialmente da celebra\u00e7\u00e3o. Nesta sexta-feira (dia 16), Padre Arm\u00edn e Ir. [&hellip;]<\/p>\n","protected":false},"author":2,"featured_media":4671,"comment_status":"open","ping_status":"open","sticky":false,"template":"","format":"standard","meta":{"_acf_changed":false,"footnotes":""},"categories":[611],"tags":[],"class_list":["post-4670","post","type-post","status-publish","format-standard","has-post-thumbnail","hentry","category-noticias"],"acf":[],"yoast_head":"<!-- This site is optimized with the Yoast SEO plugin v27.2 - https:\/\/yoast.com\/product\/yoast-seo-wordpress\/ -->\n<title>Padre Arm\u00edn celebra primeira missa e se despede de Belo Horizonte - Padre Eust\u00e1quio<\/title>\n<meta name=\"robots\" content=\"index, follow, max-snippet:-1, max-image-preview:large, max-video-preview:-1\" \/>\n<link rel=\"canonical\" href=\"https:\/\/www.padreeustaquio.com.br\/en\/father-armin-celebrates-his-first-mass-and-bids-farewell-to-belo-horizonte\/\" \/>\n<meta property=\"og:locale\" content=\"en_US\" \/>\n<meta property=\"og:type\" content=\"article\" \/>\n<meta property=\"og:title\" content=\"Padre Arm\u00edn celebra primeira missa e se despede de Belo Horizonte - Padre Eust\u00e1quio\" \/>\n<meta property=\"og:description\" content=\"O mais novo presb\u00edtero da Congrega\u00e7\u00e3o dos Sagrados Cora\u00e7\u00f5es, Padre Arm\u00edn P\u00e9rez, ss.cc., presidiu, nessa quinta-feira (15 de outubro) a sua primeira missa. Realizada no Santu\u00e1rio &#8220;Sa\u00fade e Paz&#8221;, a igreja do Padre Eust\u00e1quio, a celebra\u00e7\u00e3o tamb\u00e9m marcou a despedida dele e do irm\u00e3o Gustavo, da capital mineira. Antes de iniciar a celebra\u00e7\u00e3o, os irm\u00e3os da Congrega\u00e7\u00e3o prestaram uma breve homenagem ao novo presb\u00edtero, com fotos e m\u00fasica, j\u00e1 que tudo foi transmitido pelo Canal Padre Eust\u00e1quio, no YouTube. No Santu\u00e1rio, paroquianos e visitantes que retiraram senhas, puderam participar presencialmente da celebra\u00e7\u00e3o. Nesta sexta-feira (dia 16), Padre Arm\u00edn e Ir. [&hellip;]\" \/>\n<meta property=\"og:url\" content=\"https:\/\/www.padreeustaquio.com.br\/en\/father-armin-celebrates-his-first-mass-and-bids-farewell-to-belo-horizonte\/\" \/>\n<meta property=\"og:site_name\" content=\"Padre Eust\u00e1quio\" \/>\n<meta property=\"article:publisher\" content=\"https:\/\/www.facebook.com\/beatopadreeustaquio\/\" \/>\n<meta property=\"article:published_time\" content=\"2020-10-16T14:07:37+00:00\" \/>\n<meta property=\"og:image\" content=\"https:\/\/www.padreeustaquio.com.br\/wp-content\/uploads\/2020\/10\/padre-armin.jpg\" \/>\n\t<meta property=\"og:image:width\" content=\"1280\" \/>\n\t<meta property=\"og:image:height\" content=\"720\" \/>\n\t<meta property=\"og:image:type\" content=\"image\/jpeg\" \/>\n<meta name=\"author\" content=\"@sscc\" \/>\n<meta name=\"twitter:card\" content=\"summary_large_image\" \/>\n<meta name=\"twitter:creator\" content=\"@beatopeustaquio\" \/>\n<meta name=\"twitter:site\" content=\"@beatopeustaquio\" \/>\n<meta name=\"twitter:label1\" content=\"Written by\" \/>\n\t<meta name=\"twitter:data1\" content=\"@sscc\" \/>\n\t<meta name=\"twitter:label2\" content=\"Est. reading time\" \/>\n\t<meta name=\"twitter:data2\" content=\"1 minute\" \/>\n<script type=\"application\/ld+json\" class=\"yoast-schema-graph\">{\"@context\":\"https:\/\/schema.org\",\"@graph\":[{\"@type\":\"Article\",\"@id\":\"https:\/\/www.padreeustaquio.com.br\/padre-armin-celebra-primeira-missa-e-se-despede-de-belo-horizonte\/#article\",\"isPartOf\":{\"@id\":\"https:\/\/www.padreeustaquio.com.br\/padre-armin-celebra-primeira-missa-e-se-despede-de-belo-horizonte\/\"},\"author\":{\"name\":\"@sscc\",\"@id\":\"https:\/\/www.padreeustaquio.com.br\/#\/schema\/person\/a2a51db1d00f1a7af0204a0f1ddb1566\"},\"headline\":\"Padre Arm\u00edn celebra primeira missa e se despede de Belo Horizonte\",\"datePublished\":\"2020-10-16T14:07:37+00:00\",\"mainEntityOfPage\":{\"@id\":\"https:\/\/www.padreeustaquio.com.br\/padre-armin-celebra-primeira-missa-e-se-despede-de-belo-horizonte\/\"},\"wordCount\":223,\"commentCount\":0,\"publisher\":{\"@id\":\"https:\/\/www.padreeustaquio.com.br\/#organization\"},\"image\":{\"@id\":\"https:\/\/www.padreeustaquio.com.br\/padre-armin-celebra-primeira-missa-e-se-despede-de-belo-horizonte\/#primaryimage\"},\"thumbnailUrl\":\"https:\/\/www.padreeustaquio.com.br\/wp-content\/uploads\/2020\/10\/padre-armin.jpg\",\"articleSection\":[\"Not\u00edcias\"],\"inLanguage\":\"en-US\",\"potentialAction\":[{\"@type\":\"CommentAction\",\"name\":\"Comment\",\"target\":[\"https:\/\/www.padreeustaquio.com.br\/padre-armin-celebra-primeira-missa-e-se-despede-de-belo-horizonte\/#respond\"]}]},{\"@type\":\"WebPage\",\"@id\":\"https:\/\/www.padreeustaquio.com.br\/padre-armin-celebra-primeira-missa-e-se-despede-de-belo-horizonte\/\",\"url\":\"https:\/\/www.padreeustaquio.com.br\/padre-armin-celebra-primeira-missa-e-se-despede-de-belo-horizonte\/\",\"name\":\"Padre Arm\u00edn celebra primeira missa e se despede de Belo Horizonte - Padre Eust\u00e1quio\",\"isPartOf\":{\"@id\":\"https:\/\/www.padreeustaquio.com.br\/#website\"},\"primaryImageOfPage\":{\"@id\":\"https:\/\/www.padreeustaquio.com.br\/padre-armin-celebra-primeira-missa-e-se-despede-de-belo-horizonte\/#primaryimage\"},\"image\":{\"@id\":\"https:\/\/www.padreeustaquio.com.br\/padre-armin-celebra-primeira-missa-e-se-despede-de-belo-horizonte\/#primaryimage\"},\"thumbnailUrl\":\"https:\/\/www.padreeustaquio.com.br\/wp-content\/uploads\/2020\/10\/padre-armin.jpg\",\"datePublished\":\"2020-10-16T14:07:37+00:00\",\"breadcrumb\":{\"@id\":\"https:\/\/www.padreeustaquio.com.br\/padre-armin-celebra-primeira-missa-e-se-despede-de-belo-horizonte\/#breadcrumb\"},\"inLanguage\":\"en-US\",\"potentialAction\":[{\"@type\":\"ReadAction\",\"target\":[\"https:\/\/www.padreeustaquio.com.br\/padre-armin-celebra-primeira-missa-e-se-despede-de-belo-horizonte\/\"]}]},{\"@type\":\"ImageObject\",\"inLanguage\":\"en-US\",\"@id\":\"https:\/\/www.padreeustaquio.com.br\/padre-armin-celebra-primeira-missa-e-se-despede-de-belo-horizonte\/#primaryimage\",\"url\":\"https:\/\/www.padreeustaquio.com.br\/wp-content\/uploads\/2020\/10\/padre-armin.jpg\",\"contentUrl\":\"https:\/\/www.padreeustaquio.com.br\/wp-content\/uploads\/2020\/10\/padre-armin.jpg\",\"width\":1280,\"height\":720},{\"@type\":\"BreadcrumbList\",\"@id\":\"https:\/\/www.padreeustaquio.com.br\/padre-armin-celebra-primeira-missa-e-se-despede-de-belo-horizonte\/#breadcrumb\",\"itemListElement\":[{\"@type\":\"ListItem\",\"position\":1,\"name\":\"In\u00edcio\",\"item\":\"https:\/\/www.padreeustaquio.com.br\/\"},{\"@type\":\"ListItem\",\"position\":2,\"name\":\"Padre Arm\u00edn celebra primeira missa e se despede de Belo Horizonte\"}]},{\"@type\":\"WebSite\",\"@id\":\"https:\/\/www.padreeustaquio.com.br\/#website\",\"url\":\"https:\/\/www.padreeustaquio.com.br\/\",\"name\":\"Padre Eust\u00e1quio\",\"description\":\"Sa\u00fade e Paz\",\"publisher\":{\"@id\":\"https:\/\/www.padreeustaquio.com.br\/#organization\"},\"potentialAction\":[{\"@type\":\"SearchAction\",\"target\":{\"@type\":\"EntryPoint\",\"urlTemplate\":\"https:\/\/www.padreeustaquio.com.br\/?s={search_term_string}\"},\"query-input\":{\"@type\":\"PropertyValueSpecification\",\"valueRequired\":true,\"valueName\":\"search_term_string\"}}],\"inLanguage\":\"en-US\"},{\"@type\":\"Organization\",\"@id\":\"https:\/\/www.padreeustaquio.com.br\/#organization\",\"name\":\"Padre Eust\u00e1quio\",\"url\":\"https:\/\/www.padreeustaquio.com.br\/\",\"logo\":{\"@type\":\"ImageObject\",\"inLanguage\":\"en-US\",\"@id\":\"https:\/\/www.padreeustaquio.com.br\/#\/schema\/logo\/image\/\",\"url\":\"https:\/\/www.padreeustaquio.com.br\/wp-content\/uploads\/2019\/08\/marca.png\",\"contentUrl\":\"https:\/\/www.padreeustaquio.com.br\/wp-content\/uploads\/2019\/08\/marca.png\",\"width\":350,\"height\":400,\"caption\":\"Padre Eust\u00e1quio\"},\"image\":{\"@id\":\"https:\/\/www.padreeustaquio.com.br\/#\/schema\/logo\/image\/\"},\"sameAs\":[\"https:\/\/www.facebook.com\/beatopadreeustaquio\/\",\"https:\/\/x.com\/beatopeustaquio\",\"https:\/\/www.instagram.com\/beatopadreeustaquio\/\",\"https:\/\/www.youtube.com\/channel\/UCRhw7vfabnajwLxb1ZXMeIw\"]},{\"@type\":\"Person\",\"@id\":\"https:\/\/www.padreeustaquio.com.br\/#\/schema\/person\/a2a51db1d00f1a7af0204a0f1ddb1566\",\"name\":\"@sscc\",\"image\":{\"@type\":\"ImageObject\",\"inLanguage\":\"en-US\",\"@id\":\"https:\/\/secure.gravatar.com\/avatar\/68cfafa5f44617fea54071e215026e0ff06be366c3d54a8425f04fdcb86f8c5f?s=96&d=mm&r=g\",\"url\":\"https:\/\/secure.gravatar.com\/avatar\/68cfafa5f44617fea54071e215026e0ff06be366c3d54a8425f04fdcb86f8c5f?s=96&d=mm&r=g\",\"contentUrl\":\"https:\/\/secure.gravatar.com\/avatar\/68cfafa5f44617fea54071e215026e0ff06be366c3d54a8425f04fdcb86f8c5f?s=96&d=mm&r=g\",\"caption\":\"@sscc\"},\"url\":\"https:\/\/www.padreeustaquio.com.br\/en\/author\/sscc\/\"}]}<\/script>\n<!-- \/ Yoast SEO plugin. -->","yoast_head_json":{"title":"Father Arm\u00edn celebrates his first mass and bids farewell to Belo Horizonte - Father Eust\u00e1quio","robots":{"index":"index","follow":"follow","max-snippet":"max-snippet:-1","max-image-preview":"max-image-preview:large","max-video-preview":"max-video-preview:-1"},"canonical":"https:\/\/www.padreeustaquio.com.br\/en\/father-armin-celebrates-his-first-mass-and-bids-farewell-to-belo-horizonte\/","og_locale":"en_US","og_type":"article","og_title":"Padre Arm\u00edn celebra primeira missa e se despede de Belo Horizonte - Padre Eust\u00e1quio","og_description":"O mais novo presb\u00edtero da Congrega\u00e7\u00e3o dos Sagrados Cora\u00e7\u00f5es, Padre Arm\u00edn P\u00e9rez, ss.cc., presidiu, nessa quinta-feira (15 de outubro) a sua primeira missa. Realizada no Santu\u00e1rio &#8220;Sa\u00fade e Paz&#8221;, a igreja do Padre Eust\u00e1quio, a celebra\u00e7\u00e3o tamb\u00e9m marcou a despedida dele e do irm\u00e3o Gustavo, da capital mineira. Antes de iniciar a celebra\u00e7\u00e3o, os irm\u00e3os da Congrega\u00e7\u00e3o prestaram uma breve homenagem ao novo presb\u00edtero, com fotos e m\u00fasica, j\u00e1 que tudo foi transmitido pelo Canal Padre Eust\u00e1quio, no YouTube. No Santu\u00e1rio, paroquianos e visitantes que retiraram senhas, puderam participar presencialmente da celebra\u00e7\u00e3o. Nesta sexta-feira (dia 16), Padre Arm\u00edn e Ir. [&hellip;]","og_url":"https:\/\/www.padreeustaquio.com.br\/en\/father-armin-celebrates-his-first-mass-and-bids-farewell-to-belo-horizonte\/","og_site_name":"Padre Eust\u00e1quio","article_publisher":"https:\/\/www.facebook.com\/beatopadreeustaquio\/","article_published_time":"2020-10-16T14:07:37+00:00","og_image":[{"width":1280,"height":720,"url":"https:\/\/www.padreeustaquio.com.br\/wp-content\/uploads\/2020\/10\/padre-armin.jpg","type":"image\/jpeg"}],"author":"@sscc","twitter_card":"summary_large_image","twitter_creator":"@beatopeustaquio","twitter_site":"@beatopeustaquio","twitter_misc":{"Written by":"@sscc","Est. reading time":"1 minute"},"schema":{"@context":"https:\/\/schema.org","@graph":[{"@type":"Article","@id":"https:\/\/www.padreeustaquio.com.br\/padre-armin-celebra-primeira-missa-e-se-despede-de-belo-horizonte\/#article","isPartOf":{"@id":"https:\/\/www.padreeustaquio.com.br\/padre-armin-celebra-primeira-missa-e-se-despede-de-belo-horizonte\/"},"author":{"name":"@sscc","@id":"https:\/\/www.padreeustaquio.com.br\/#\/schema\/person\/a2a51db1d00f1a7af0204a0f1ddb1566"},"headline":"Padre Arm\u00edn celebra primeira missa e se despede de Belo Horizonte","datePublished":"2020-10-16T14:07:37+00:00","mainEntityOfPage":{"@id":"https:\/\/www.padreeustaquio.com.br\/padre-armin-celebra-primeira-missa-e-se-despede-de-belo-horizonte\/"},"wordCount":223,"commentCount":0,"publisher":{"@id":"https:\/\/www.padreeustaquio.com.br\/#organization"},"image":{"@id":"https:\/\/www.padreeustaquio.com.br\/padre-armin-celebra-primeira-missa-e-se-despede-de-belo-horizonte\/#primaryimage"},"thumbnailUrl":"https:\/\/www.padreeustaquio.com.br\/wp-content\/uploads\/2020\/10\/padre-armin.jpg","articleSection":["Not\u00edcias"],"inLanguage":"en-US","potentialAction":[{"@type":"CommentAction","name":"Comment","target":["https:\/\/www.padreeustaquio.com.br\/padre-armin-celebra-primeira-missa-e-se-despede-de-belo-horizonte\/#respond"]}]},{"@type":"WebPage","@id":"https:\/\/www.padreeustaquio.com.br\/padre-armin-celebra-primeira-missa-e-se-despede-de-belo-horizonte\/","url":"https:\/\/www.padreeustaquio.com.br\/padre-armin-celebra-primeira-missa-e-se-despede-de-belo-horizonte\/","name":"Father Arm\u00edn celebrates his first mass and bids farewell to Belo Horizonte - Father Eust\u00e1quio","isPartOf":{"@id":"https:\/\/www.padreeustaquio.com.br\/#website"},"primaryImageOfPage":{"@id":"https:\/\/www.padreeustaquio.com.br\/padre-armin-celebra-primeira-missa-e-se-despede-de-belo-horizonte\/#primaryimage"},"image":{"@id":"https:\/\/www.padreeustaquio.com.br\/padre-armin-celebra-primeira-missa-e-se-despede-de-belo-horizonte\/#primaryimage"},"thumbnailUrl":"https:\/\/www.padreeustaquio.com.br\/wp-content\/uploads\/2020\/10\/padre-armin.jpg","datePublished":"2020-10-16T14:07:37+00:00","breadcrumb":{"@id":"https:\/\/www.padreeustaquio.com.br\/padre-armin-celebra-primeira-missa-e-se-despede-de-belo-horizonte\/#breadcrumb"},"inLanguage":"en-US","potentialAction":[{"@type":"ReadAction","target":["https:\/\/www.padreeustaquio.com.br\/padre-armin-celebra-primeira-missa-e-se-despede-de-belo-horizonte\/"]}]},{"@type":"ImageObject","inLanguage":"en-US","@id":"https:\/\/www.padreeustaquio.com.br\/padre-armin-celebra-primeira-missa-e-se-despede-de-belo-horizonte\/#primaryimage","url":"https:\/\/www.padreeustaquio.com.br\/wp-content\/uploads\/2020\/10\/padre-armin.jpg","contentUrl":"https:\/\/www.padreeustaquio.com.br\/wp-content\/uploads\/2020\/10\/padre-armin.jpg","width":1280,"height":720},{"@type":"BreadcrumbList","@id":"https:\/\/www.padreeustaquio.com.br\/padre-armin-celebra-primeira-missa-e-se-despede-de-belo-horizonte\/#breadcrumb","itemListElement":[{"@type":"ListItem","position":1,"name":"In\u00edcio","item":"https:\/\/www.padreeustaquio.com.br\/"},{"@type":"ListItem","position":2,"name":"Padre Arm\u00edn celebra primeira missa e se despede de Belo Horizonte"}]},{"@type":"WebSite","@id":"https:\/\/www.padreeustaquio.com.br\/#website","url":"https:\/\/www.padreeustaquio.com.br\/","name":"FATHER EUST\u00c1QUIO","description":"Health and Peace","publisher":{"@id":"https:\/\/www.padreeustaquio.com.br\/#organization"},"potentialAction":[{"@type":"SearchAction","target":{"@type":"EntryPoint","urlTemplate":"https:\/\/www.padreeustaquio.com.br\/?s={search_term_string}"},"query-input":{"@type":"PropertyValueSpecification","valueRequired":true,"valueName":"search_term_string"}}],"inLanguage":"en-US"},{"@type":"Organization","@id":"https:\/\/www.padreeustaquio.com.br\/#organization","name":"FATHER EUST\u00c1QUIO","url":"https:\/\/www.padreeustaquio.com.br\/","logo":{"@type":"ImageObject","inLanguage":"en-US","@id":"https:\/\/www.padreeustaquio.com.br\/#\/schema\/logo\/image\/","url":"https:\/\/www.padreeustaquio.com.br\/wp-content\/uploads\/2019\/08\/marca.png","contentUrl":"https:\/\/www.padreeustaquio.com.br\/wp-content\/uploads\/2019\/08\/marca.png","width":350,"height":400,"caption":"Padre Eust\u00e1quio"},"image":{"@id":"https:\/\/www.padreeustaquio.com.br\/#\/schema\/logo\/image\/"},"sameAs":["https:\/\/www.facebook.com\/beatopadreeustaquio\/","https:\/\/x.com\/beatopeustaquio","https:\/\/www.instagram.com\/beatopadreeustaquio\/","https:\/\/www.youtube.com\/channel\/UCRhw7vfabnajwLxb1ZXMeIw"]},{"@type":"Person","@id":"https:\/\/www.padreeustaquio.com.br\/#\/schema\/person\/a2a51db1d00f1a7af0204a0f1ddb1566","name":"@sscc","image":{"@type":"ImageObject","inLanguage":"en-US","@id":"https:\/\/secure.gravatar.com\/avatar\/68cfafa5f44617fea54071e215026e0ff06be366c3d54a8425f04fdcb86f8c5f?s=96&d=mm&r=g","url":"https:\/\/secure.gravatar.com\/avatar\/68cfafa5f44617fea54071e215026e0ff06be366c3d54a8425f04fdcb86f8c5f?s=96&d=mm&r=g","contentUrl":"https:\/\/secure.gravatar.com\/avatar\/68cfafa5f44617fea54071e215026e0ff06be366c3d54a8425f04fdcb86f8c5f?s=96&d=mm&r=g","caption":"@sscc"},"url":"https:\/\/www.padreeustaquio.com.br\/en\/author\/sscc\/"}]}},"_links":{"self":[{"href":"https:\/\/www.padreeustaquio.com.br\/en\/wp-json\/wp\/v2\/posts\/4670","targetHints":{"allow":["GET"]}}],"collection":[{"href":"https:\/\/www.padreeustaquio.com.br\/en\/wp-json\/wp\/v2\/posts"}],"about":[{"href":"https:\/\/www.padreeustaquio.com.br\/en\/wp-json\/wp\/v2\/types\/post"}],"author":[{"embeddable":true,"href":"https:\/\/www.padreeustaquio.com.br\/en\/wp-json\/wp\/v2\/users\/2"}],"replies":[{"embeddable":true,"href":"https:\/\/www.padreeustaquio.com.br\/en\/wp-json\/wp\/v2\/comments?post=4670"}],"version-history":[{"count":0,"href":"https:\/\/www.padreeustaquio.com.br\/en\/wp-json\/wp\/v2\/posts\/4670\/revisions"}],"wp:featuredmedia":[{"embeddable":true,"href":"https:\/\/www.padreeustaquio.com.br\/en\/wp-json\/wp\/v2\/media\/4671"}],"wp:attachment":[{"href":"https:\/\/www.padreeustaquio.com.br\/en\/wp-json\/wp\/v2\/media?parent=4670"}],"wp:term":[{"taxonomy":"category","embeddable":true,"href":"https:\/\/www.padreeustaquio.com.br\/en\/wp-json\/wp\/v2\/categories?post=4670"},{"taxonomy":"post_tag","embeddable":true,"href":"https:\/\/www.padreeustaquio.com.br\/en\/wp-json\/wp\/v2\/tags?post=4670"}],"curies":[{"name":"wp","href":"https:\/\/api.w.org\/{rel}","templated":true}]}}