{"id":4667,"date":"2020-10-15T10:48:06","date_gmt":"2020-10-15T13:48:06","guid":{"rendered":"https:\/\/www.padreeustaquio.com.br\/?p=4667"},"modified":"2020-10-15T10:48:06","modified_gmt":"2020-10-15T13:48:06","slug":"the-museum-in-porto-alegre-sao-paulo-reaches-its-27th-episode-in-the-getting-to-know-father-eustaquio-series","status":"publish","type":"post","link":"https:\/\/www.padreeustaquio.com.br\/en\/the-museum-in-porto-alegre-sao-paulo-reaches-its-27th-episode-in-the-getting-to-know-father-eustaquio-series\/","title":{"rendered":"The Po\u00e1-SP Museum reaches the 27th episode of the series &quot;Getting to Know Padre Eust\u00e1quio&quot;.\u201c"},"content":{"rendered":"<p>Since the social isolation period began due to the Coronavirus pandemic, the Padre Eust\u00e1quio Museum, located in Po\u00e1, in Greater S\u00e3o Paulo, has been producing podcasts (a kind of short radio program) telling the story of the Blessed One&#039;s life.<\/p>\n<p>Produced by the museum team and coordinated by Delcimar Ferreira, the podcast &quot;Getting to Know Father Eust\u00e1quio&quot; reaches its 27th episode and is already in its second season. This week, you can hear another case of a person who reports being cured after receiving a blessing from Father Eust\u00e1quio. <em>\u201c&quot;Helena Lobosque, a resident of Br\u00e1s, in the capital, had a skin disease that seemed incurable.&quot;\u201d<\/em><\/p>\n<p>This chapter features the collaboration of Luciene Freire and the always special affection of the museum team. If you haven&#039;t heard it yet, <a href=\"https:\/\/museupadreeustaquio.wordpress.com\/\">Click here<\/a> Go to the Padre Eust\u00e1quio Museum blog. There you will have access to the platforms that offer the audio recordings. Choose the one you prefer, listen to it, and share it with your friends. Also, take the opportunity to listen to previous programs and learn a little more about the history of this true Servant of God.<\/p>\n<p><strong>The Father Eust\u00e1quio Museum<\/strong><\/p>\n<p data-adtags-visited=\"true\">The place dedicated to preserving documents and objects belonging to Father Eust\u00e1quio was inaugurated on May 5, 2006, in a room located in the old Parish Pastoral Center, a building that was demolished for the future expansion of the Main Church.<\/p>\n<p data-adtags-visited=\"true\">With the demolition, the City Hall of Po\u00e1 returned the property of the former S\u00e3o Jos\u00e9 Convent (which was being used by the Jornalista Paulo Eduardo Olintho Rehder State School) to the Diocesan Curia. Currently, the Padre Eust\u00e1quio Evangelization Center operates in this space, and the museum was reopened on August 30, 2011.<\/p>\n<p data-adtags-visited=\"true\">The museum receives an average of 300 visitors per year. Approximately 90% of these visitors are from Po\u00e1-SP, but we also receive visitors from neighboring cities such as Ferraz de Vasconcelos, Suzano, Itaquaquecetuba, and Mogi das Cruzes, for example. The museum has also received visitors from other countries such as the Netherlands, Cuba, Paraguay, and Angola.<\/p>\n<p data-adtags-visited=\"true\">\n<p data-adtags-visited=\"true\"><em><strong>(with information from the Padre Eust\u00e1quio Museum blog)<\/strong><\/em><\/p>","protected":false},"excerpt":{"rendered":"<p>Desde que o per\u00edodo de isolamento social come\u00e7ou, por causa da pandemia do Coronav\u00edrus, o Museu Padre Eust\u00e1quio, localizado em Po\u00e1, na grande S\u00e3o Paulo, tem produzido podcasts (uma esp\u00e9cie de pequenos programas de r\u00e1dio) contando a vida do Bem-Aventurado. Produzido pela equipe do museu e coordenado por Delcimar Ferreira, o podcast &#8220;Conhecendo Padre Eust\u00e1quio&#8221; chega ao seu 27\u00ba epis\u00f3dio e j\u00e1 est\u00e1 na sua segunda temporada. Esta semana,\u00a0\u00e9 poss\u00edvel ouvir mais um caso de uma pessoa que relata ter sido curada ap\u00f3s a b\u00ean\u00e7\u00e3o dada por Padre Eust\u00e1quio. &#8220;Helena Lobosque, moradora do Br\u00e1s, na capital tinha uma doen\u00e7a de [&hellip;]<\/p>\n","protected":false},"author":2,"featured_media":4668,"comment_status":"open","ping_status":"open","sticky":false,"template":"","format":"standard","meta":{"_acf_changed":false,"footnotes":""},"categories":[611],"tags":[],"class_list":["post-4667","post","type-post","status-publish","format-standard","has-post-thumbnail","hentry","category-noticias"],"acf":[],"yoast_head":"<!-- This site is optimized with the Yoast SEO plugin v27.2 - https:\/\/yoast.com\/product\/yoast-seo-wordpress\/ -->\n<title>Museu de Po\u00e1-SP chega ao 27\u00ba epis\u00f3dio da s\u00e9rie &quot;Conhecendo Padre Eust\u00e1quio&quot; - Padre Eust\u00e1quio<\/title>\n<meta name=\"robots\" content=\"index, follow, max-snippet:-1, max-image-preview:large, max-video-preview:-1\" \/>\n<link rel=\"canonical\" href=\"https:\/\/www.padreeustaquio.com.br\/en\/the-museum-in-porto-alegre-sao-paulo-reaches-its-27th-episode-in-the-getting-to-know-father-eustaquio-series\/\" \/>\n<meta property=\"og:locale\" content=\"en_US\" \/>\n<meta property=\"og:type\" content=\"article\" \/>\n<meta property=\"og:title\" content=\"Museu de Po\u00e1-SP chega ao 27\u00ba epis\u00f3dio da s\u00e9rie &quot;Conhecendo Padre Eust\u00e1quio&quot; - Padre Eust\u00e1quio\" \/>\n<meta property=\"og:description\" content=\"Desde que o per\u00edodo de isolamento social come\u00e7ou, por causa da pandemia do Coronav\u00edrus, o Museu Padre Eust\u00e1quio, localizado em Po\u00e1, na grande S\u00e3o Paulo, tem produzido podcasts (uma esp\u00e9cie de pequenos programas de r\u00e1dio) contando a vida do Bem-Aventurado. Produzido pela equipe do museu e coordenado por Delcimar Ferreira, o podcast &#8220;Conhecendo Padre Eust\u00e1quio&#8221; chega ao seu 27\u00ba epis\u00f3dio e j\u00e1 est\u00e1 na sua segunda temporada. Esta semana,\u00a0\u00e9 poss\u00edvel ouvir mais um caso de uma pessoa que relata ter sido curada ap\u00f3s a b\u00ean\u00e7\u00e3o dada por Padre Eust\u00e1quio. &#8220;Helena Lobosque, moradora do Br\u00e1s, na capital tinha uma doen\u00e7a de [&hellip;]\" \/>\n<meta property=\"og:url\" content=\"https:\/\/www.padreeustaquio.com.br\/en\/the-museum-in-porto-alegre-sao-paulo-reaches-its-27th-episode-in-the-getting-to-know-father-eustaquio-series\/\" \/>\n<meta property=\"og:site_name\" content=\"Padre Eust\u00e1quio\" \/>\n<meta property=\"article:publisher\" content=\"https:\/\/www.facebook.com\/beatopadreeustaquio\/\" \/>\n<meta property=\"article:published_time\" content=\"2020-10-15T13:48:06+00:00\" \/>\n<meta property=\"og:image\" content=\"https:\/\/www.padreeustaquio.com.br\/wp-content\/uploads\/2020\/10\/podcast-02.jpg\" \/>\n\t<meta property=\"og:image:width\" content=\"800\" \/>\n\t<meta property=\"og:image:height\" content=\"530\" \/>\n\t<meta property=\"og:image:type\" content=\"image\/jpeg\" \/>\n<meta name=\"author\" content=\"@sscc\" \/>\n<meta name=\"twitter:card\" content=\"summary_large_image\" \/>\n<meta name=\"twitter:creator\" content=\"@beatopeustaquio\" \/>\n<meta name=\"twitter:site\" content=\"@beatopeustaquio\" \/>\n<meta name=\"twitter:label1\" content=\"Written by\" \/>\n\t<meta name=\"twitter:data1\" content=\"@sscc\" \/>\n\t<meta name=\"twitter:label2\" content=\"Est. reading time\" \/>\n\t<meta name=\"twitter:data2\" content=\"2 minutes\" \/>\n<script type=\"application\/ld+json\" class=\"yoast-schema-graph\">{\"@context\":\"https:\/\/schema.org\",\"@graph\":[{\"@type\":\"Article\",\"@id\":\"https:\/\/www.padreeustaquio.com.br\/museu-de-poa-sp-chega-ao-27o-episodio-da-serie-conhecendo-padre-eustaquio\/#article\",\"isPartOf\":{\"@id\":\"https:\/\/www.padreeustaquio.com.br\/museu-de-poa-sp-chega-ao-27o-episodio-da-serie-conhecendo-padre-eustaquio\/\"},\"author\":{\"name\":\"@sscc\",\"@id\":\"https:\/\/www.padreeustaquio.com.br\/#\/schema\/person\/a2a51db1d00f1a7af0204a0f1ddb1566\"},\"headline\":\"Museu de Po\u00e1-SP chega ao 27\u00ba epis\u00f3dio da s\u00e9rie &#8220;Conhecendo Padre Eust\u00e1quio&#8221;\",\"datePublished\":\"2020-10-15T13:48:06+00:00\",\"mainEntityOfPage\":{\"@id\":\"https:\/\/www.padreeustaquio.com.br\/museu-de-poa-sp-chega-ao-27o-episodio-da-serie-conhecendo-padre-eustaquio\/\"},\"wordCount\":386,\"commentCount\":0,\"publisher\":{\"@id\":\"https:\/\/www.padreeustaquio.com.br\/#organization\"},\"image\":{\"@id\":\"https:\/\/www.padreeustaquio.com.br\/museu-de-poa-sp-chega-ao-27o-episodio-da-serie-conhecendo-padre-eustaquio\/#primaryimage\"},\"thumbnailUrl\":\"https:\/\/www.padreeustaquio.com.br\/wp-content\/uploads\/2020\/10\/podcast-02.jpg\",\"articleSection\":[\"Not\u00edcias\"],\"inLanguage\":\"en-US\",\"potentialAction\":[{\"@type\":\"CommentAction\",\"name\":\"Comment\",\"target\":[\"https:\/\/www.padreeustaquio.com.br\/museu-de-poa-sp-chega-ao-27o-episodio-da-serie-conhecendo-padre-eustaquio\/#respond\"]}]},{\"@type\":\"WebPage\",\"@id\":\"https:\/\/www.padreeustaquio.com.br\/museu-de-poa-sp-chega-ao-27o-episodio-da-serie-conhecendo-padre-eustaquio\/\",\"url\":\"https:\/\/www.padreeustaquio.com.br\/museu-de-poa-sp-chega-ao-27o-episodio-da-serie-conhecendo-padre-eustaquio\/\",\"name\":\"Museu de Po\u00e1-SP chega ao 27\u00ba epis\u00f3dio da s\u00e9rie \\\"Conhecendo Padre Eust\u00e1quio\\\" - Padre Eust\u00e1quio\",\"isPartOf\":{\"@id\":\"https:\/\/www.padreeustaquio.com.br\/#website\"},\"primaryImageOfPage\":{\"@id\":\"https:\/\/www.padreeustaquio.com.br\/museu-de-poa-sp-chega-ao-27o-episodio-da-serie-conhecendo-padre-eustaquio\/#primaryimage\"},\"image\":{\"@id\":\"https:\/\/www.padreeustaquio.com.br\/museu-de-poa-sp-chega-ao-27o-episodio-da-serie-conhecendo-padre-eustaquio\/#primaryimage\"},\"thumbnailUrl\":\"https:\/\/www.padreeustaquio.com.br\/wp-content\/uploads\/2020\/10\/podcast-02.jpg\",\"datePublished\":\"2020-10-15T13:48:06+00:00\",\"breadcrumb\":{\"@id\":\"https:\/\/www.padreeustaquio.com.br\/museu-de-poa-sp-chega-ao-27o-episodio-da-serie-conhecendo-padre-eustaquio\/#breadcrumb\"},\"inLanguage\":\"en-US\",\"potentialAction\":[{\"@type\":\"ReadAction\",\"target\":[\"https:\/\/www.padreeustaquio.com.br\/museu-de-poa-sp-chega-ao-27o-episodio-da-serie-conhecendo-padre-eustaquio\/\"]}]},{\"@type\":\"ImageObject\",\"inLanguage\":\"en-US\",\"@id\":\"https:\/\/www.padreeustaquio.com.br\/museu-de-poa-sp-chega-ao-27o-episodio-da-serie-conhecendo-padre-eustaquio\/#primaryimage\",\"url\":\"https:\/\/www.padreeustaquio.com.br\/wp-content\/uploads\/2020\/10\/podcast-02.jpg\",\"contentUrl\":\"https:\/\/www.padreeustaquio.com.br\/wp-content\/uploads\/2020\/10\/podcast-02.jpg\",\"width\":800,\"height\":530},{\"@type\":\"BreadcrumbList\",\"@id\":\"https:\/\/www.padreeustaquio.com.br\/museu-de-poa-sp-chega-ao-27o-episodio-da-serie-conhecendo-padre-eustaquio\/#breadcrumb\",\"itemListElement\":[{\"@type\":\"ListItem\",\"position\":1,\"name\":\"In\u00edcio\",\"item\":\"https:\/\/www.padreeustaquio.com.br\/\"},{\"@type\":\"ListItem\",\"position\":2,\"name\":\"Museu de Po\u00e1-SP chega ao 27\u00ba epis\u00f3dio da s\u00e9rie &#8220;Conhecendo Padre Eust\u00e1quio&#8221;\"}]},{\"@type\":\"WebSite\",\"@id\":\"https:\/\/www.padreeustaquio.com.br\/#website\",\"url\":\"https:\/\/www.padreeustaquio.com.br\/\",\"name\":\"Padre Eust\u00e1quio\",\"description\":\"Sa\u00fade e Paz\",\"publisher\":{\"@id\":\"https:\/\/www.padreeustaquio.com.br\/#organization\"},\"potentialAction\":[{\"@type\":\"SearchAction\",\"target\":{\"@type\":\"EntryPoint\",\"urlTemplate\":\"https:\/\/www.padreeustaquio.com.br\/?s={search_term_string}\"},\"query-input\":{\"@type\":\"PropertyValueSpecification\",\"valueRequired\":true,\"valueName\":\"search_term_string\"}}],\"inLanguage\":\"en-US\"},{\"@type\":\"Organization\",\"@id\":\"https:\/\/www.padreeustaquio.com.br\/#organization\",\"name\":\"Padre Eust\u00e1quio\",\"url\":\"https:\/\/www.padreeustaquio.com.br\/\",\"logo\":{\"@type\":\"ImageObject\",\"inLanguage\":\"en-US\",\"@id\":\"https:\/\/www.padreeustaquio.com.br\/#\/schema\/logo\/image\/\",\"url\":\"https:\/\/www.padreeustaquio.com.br\/wp-content\/uploads\/2019\/08\/marca.png\",\"contentUrl\":\"https:\/\/www.padreeustaquio.com.br\/wp-content\/uploads\/2019\/08\/marca.png\",\"width\":350,\"height\":400,\"caption\":\"Padre Eust\u00e1quio\"},\"image\":{\"@id\":\"https:\/\/www.padreeustaquio.com.br\/#\/schema\/logo\/image\/\"},\"sameAs\":[\"https:\/\/www.facebook.com\/beatopadreeustaquio\/\",\"https:\/\/x.com\/beatopeustaquio\",\"https:\/\/www.instagram.com\/beatopadreeustaquio\/\",\"https:\/\/www.youtube.com\/channel\/UCRhw7vfabnajwLxb1ZXMeIw\"]},{\"@type\":\"Person\",\"@id\":\"https:\/\/www.padreeustaquio.com.br\/#\/schema\/person\/a2a51db1d00f1a7af0204a0f1ddb1566\",\"name\":\"@sscc\",\"image\":{\"@type\":\"ImageObject\",\"inLanguage\":\"en-US\",\"@id\":\"https:\/\/secure.gravatar.com\/avatar\/68cfafa5f44617fea54071e215026e0ff06be366c3d54a8425f04fdcb86f8c5f?s=96&d=mm&r=g\",\"url\":\"https:\/\/secure.gravatar.com\/avatar\/68cfafa5f44617fea54071e215026e0ff06be366c3d54a8425f04fdcb86f8c5f?s=96&d=mm&r=g\",\"contentUrl\":\"https:\/\/secure.gravatar.com\/avatar\/68cfafa5f44617fea54071e215026e0ff06be366c3d54a8425f04fdcb86f8c5f?s=96&d=mm&r=g\",\"caption\":\"@sscc\"},\"url\":\"https:\/\/www.padreeustaquio.com.br\/en\/author\/sscc\/\"}]}<\/script>\n<!-- \/ Yoast SEO plugin. -->","yoast_head_json":{"title":"The Po\u00e1-SP Museum reaches the 27th episode of the series &quot;Getting to Know Padre Eust\u00e1quio&quot; - Padre Eust\u00e1quio","robots":{"index":"index","follow":"follow","max-snippet":"max-snippet:-1","max-image-preview":"max-image-preview:large","max-video-preview":"max-video-preview:-1"},"canonical":"https:\/\/www.padreeustaquio.com.br\/en\/the-museum-in-porto-alegre-sao-paulo-reaches-its-27th-episode-in-the-getting-to-know-father-eustaquio-series\/","og_locale":"en_US","og_type":"article","og_title":"Museu de Po\u00e1-SP chega ao 27\u00ba epis\u00f3dio da s\u00e9rie \"Conhecendo Padre Eust\u00e1quio\" - Padre Eust\u00e1quio","og_description":"Desde que o per\u00edodo de isolamento social come\u00e7ou, por causa da pandemia do Coronav\u00edrus, o Museu Padre Eust\u00e1quio, localizado em Po\u00e1, na grande S\u00e3o Paulo, tem produzido podcasts (uma esp\u00e9cie de pequenos programas de r\u00e1dio) contando a vida do Bem-Aventurado. Produzido pela equipe do museu e coordenado por Delcimar Ferreira, o podcast &#8220;Conhecendo Padre Eust\u00e1quio&#8221; chega ao seu 27\u00ba epis\u00f3dio e j\u00e1 est\u00e1 na sua segunda temporada. Esta semana,\u00a0\u00e9 poss\u00edvel ouvir mais um caso de uma pessoa que relata ter sido curada ap\u00f3s a b\u00ean\u00e7\u00e3o dada por Padre Eust\u00e1quio. &#8220;Helena Lobosque, moradora do Br\u00e1s, na capital tinha uma doen\u00e7a de [&hellip;]","og_url":"https:\/\/www.padreeustaquio.com.br\/en\/the-museum-in-porto-alegre-sao-paulo-reaches-its-27th-episode-in-the-getting-to-know-father-eustaquio-series\/","og_site_name":"Padre Eust\u00e1quio","article_publisher":"https:\/\/www.facebook.com\/beatopadreeustaquio\/","article_published_time":"2020-10-15T13:48:06+00:00","og_image":[{"width":800,"height":530,"url":"https:\/\/www.padreeustaquio.com.br\/wp-content\/uploads\/2020\/10\/podcast-02.jpg","type":"image\/jpeg"}],"author":"@sscc","twitter_card":"summary_large_image","twitter_creator":"@beatopeustaquio","twitter_site":"@beatopeustaquio","twitter_misc":{"Written by":"@sscc","Est. reading time":"2 minutes"},"schema":{"@context":"https:\/\/schema.org","@graph":[{"@type":"Article","@id":"https:\/\/www.padreeustaquio.com.br\/museu-de-poa-sp-chega-ao-27o-episodio-da-serie-conhecendo-padre-eustaquio\/#article","isPartOf":{"@id":"https:\/\/www.padreeustaquio.com.br\/museu-de-poa-sp-chega-ao-27o-episodio-da-serie-conhecendo-padre-eustaquio\/"},"author":{"name":"@sscc","@id":"https:\/\/www.padreeustaquio.com.br\/#\/schema\/person\/a2a51db1d00f1a7af0204a0f1ddb1566"},"headline":"Museu de Po\u00e1-SP chega ao 27\u00ba epis\u00f3dio da s\u00e9rie &#8220;Conhecendo Padre Eust\u00e1quio&#8221;","datePublished":"2020-10-15T13:48:06+00:00","mainEntityOfPage":{"@id":"https:\/\/www.padreeustaquio.com.br\/museu-de-poa-sp-chega-ao-27o-episodio-da-serie-conhecendo-padre-eustaquio\/"},"wordCount":386,"commentCount":0,"publisher":{"@id":"https:\/\/www.padreeustaquio.com.br\/#organization"},"image":{"@id":"https:\/\/www.padreeustaquio.com.br\/museu-de-poa-sp-chega-ao-27o-episodio-da-serie-conhecendo-padre-eustaquio\/#primaryimage"},"thumbnailUrl":"https:\/\/www.padreeustaquio.com.br\/wp-content\/uploads\/2020\/10\/podcast-02.jpg","articleSection":["Not\u00edcias"],"inLanguage":"en-US","potentialAction":[{"@type":"CommentAction","name":"Comment","target":["https:\/\/www.padreeustaquio.com.br\/museu-de-poa-sp-chega-ao-27o-episodio-da-serie-conhecendo-padre-eustaquio\/#respond"]}]},{"@type":"WebPage","@id":"https:\/\/www.padreeustaquio.com.br\/museu-de-poa-sp-chega-ao-27o-episodio-da-serie-conhecendo-padre-eustaquio\/","url":"https:\/\/www.padreeustaquio.com.br\/museu-de-poa-sp-chega-ao-27o-episodio-da-serie-conhecendo-padre-eustaquio\/","name":"The Po\u00e1-SP Museum reaches the 27th episode of the series &quot;Getting to Know Padre Eust\u00e1quio&quot; - Padre Eust\u00e1quio","isPartOf":{"@id":"https:\/\/www.padreeustaquio.com.br\/#website"},"primaryImageOfPage":{"@id":"https:\/\/www.padreeustaquio.com.br\/museu-de-poa-sp-chega-ao-27o-episodio-da-serie-conhecendo-padre-eustaquio\/#primaryimage"},"image":{"@id":"https:\/\/www.padreeustaquio.com.br\/museu-de-poa-sp-chega-ao-27o-episodio-da-serie-conhecendo-padre-eustaquio\/#primaryimage"},"thumbnailUrl":"https:\/\/www.padreeustaquio.com.br\/wp-content\/uploads\/2020\/10\/podcast-02.jpg","datePublished":"2020-10-15T13:48:06+00:00","breadcrumb":{"@id":"https:\/\/www.padreeustaquio.com.br\/museu-de-poa-sp-chega-ao-27o-episodio-da-serie-conhecendo-padre-eustaquio\/#breadcrumb"},"inLanguage":"en-US","potentialAction":[{"@type":"ReadAction","target":["https:\/\/www.padreeustaquio.com.br\/museu-de-poa-sp-chega-ao-27o-episodio-da-serie-conhecendo-padre-eustaquio\/"]}]},{"@type":"ImageObject","inLanguage":"en-US","@id":"https:\/\/www.padreeustaquio.com.br\/museu-de-poa-sp-chega-ao-27o-episodio-da-serie-conhecendo-padre-eustaquio\/#primaryimage","url":"https:\/\/www.padreeustaquio.com.br\/wp-content\/uploads\/2020\/10\/podcast-02.jpg","contentUrl":"https:\/\/www.padreeustaquio.com.br\/wp-content\/uploads\/2020\/10\/podcast-02.jpg","width":800,"height":530},{"@type":"BreadcrumbList","@id":"https:\/\/www.padreeustaquio.com.br\/museu-de-poa-sp-chega-ao-27o-episodio-da-serie-conhecendo-padre-eustaquio\/#breadcrumb","itemListElement":[{"@type":"ListItem","position":1,"name":"In\u00edcio","item":"https:\/\/www.padreeustaquio.com.br\/"},{"@type":"ListItem","position":2,"name":"Museu de Po\u00e1-SP chega ao 27\u00ba epis\u00f3dio da s\u00e9rie &#8220;Conhecendo Padre Eust\u00e1quio&#8221;"}]},{"@type":"WebSite","@id":"https:\/\/www.padreeustaquio.com.br\/#website","url":"https:\/\/www.padreeustaquio.com.br\/","name":"FATHER EUST\u00c1QUIO","description":"Health and Peace","publisher":{"@id":"https:\/\/www.padreeustaquio.com.br\/#organization"},"potentialAction":[{"@type":"SearchAction","target":{"@type":"EntryPoint","urlTemplate":"https:\/\/www.padreeustaquio.com.br\/?s={search_term_string}"},"query-input":{"@type":"PropertyValueSpecification","valueRequired":true,"valueName":"search_term_string"}}],"inLanguage":"en-US"},{"@type":"Organization","@id":"https:\/\/www.padreeustaquio.com.br\/#organization","name":"FATHER EUST\u00c1QUIO","url":"https:\/\/www.padreeustaquio.com.br\/","logo":{"@type":"ImageObject","inLanguage":"en-US","@id":"https:\/\/www.padreeustaquio.com.br\/#\/schema\/logo\/image\/","url":"https:\/\/www.padreeustaquio.com.br\/wp-content\/uploads\/2019\/08\/marca.png","contentUrl":"https:\/\/www.padreeustaquio.com.br\/wp-content\/uploads\/2019\/08\/marca.png","width":350,"height":400,"caption":"Padre Eust\u00e1quio"},"image":{"@id":"https:\/\/www.padreeustaquio.com.br\/#\/schema\/logo\/image\/"},"sameAs":["https:\/\/www.facebook.com\/beatopadreeustaquio\/","https:\/\/x.com\/beatopeustaquio","https:\/\/www.instagram.com\/beatopadreeustaquio\/","https:\/\/www.youtube.com\/channel\/UCRhw7vfabnajwLxb1ZXMeIw"]},{"@type":"Person","@id":"https:\/\/www.padreeustaquio.com.br\/#\/schema\/person\/a2a51db1d00f1a7af0204a0f1ddb1566","name":"@sscc","image":{"@type":"ImageObject","inLanguage":"en-US","@id":"https:\/\/secure.gravatar.com\/avatar\/68cfafa5f44617fea54071e215026e0ff06be366c3d54a8425f04fdcb86f8c5f?s=96&d=mm&r=g","url":"https:\/\/secure.gravatar.com\/avatar\/68cfafa5f44617fea54071e215026e0ff06be366c3d54a8425f04fdcb86f8c5f?s=96&d=mm&r=g","contentUrl":"https:\/\/secure.gravatar.com\/avatar\/68cfafa5f44617fea54071e215026e0ff06be366c3d54a8425f04fdcb86f8c5f?s=96&d=mm&r=g","caption":"@sscc"},"url":"https:\/\/www.padreeustaquio.com.br\/en\/author\/sscc\/"}]}},"_links":{"self":[{"href":"https:\/\/www.padreeustaquio.com.br\/en\/wp-json\/wp\/v2\/posts\/4667","targetHints":{"allow":["GET"]}}],"collection":[{"href":"https:\/\/www.padreeustaquio.com.br\/en\/wp-json\/wp\/v2\/posts"}],"about":[{"href":"https:\/\/www.padreeustaquio.com.br\/en\/wp-json\/wp\/v2\/types\/post"}],"author":[{"embeddable":true,"href":"https:\/\/www.padreeustaquio.com.br\/en\/wp-json\/wp\/v2\/users\/2"}],"replies":[{"embeddable":true,"href":"https:\/\/www.padreeustaquio.com.br\/en\/wp-json\/wp\/v2\/comments?post=4667"}],"version-history":[{"count":0,"href":"https:\/\/www.padreeustaquio.com.br\/en\/wp-json\/wp\/v2\/posts\/4667\/revisions"}],"wp:featuredmedia":[{"embeddable":true,"href":"https:\/\/www.padreeustaquio.com.br\/en\/wp-json\/wp\/v2\/media\/4668"}],"wp:attachment":[{"href":"https:\/\/www.padreeustaquio.com.br\/en\/wp-json\/wp\/v2\/media?parent=4667"}],"wp:term":[{"taxonomy":"category","embeddable":true,"href":"https:\/\/www.padreeustaquio.com.br\/en\/wp-json\/wp\/v2\/categories?post=4667"},{"taxonomy":"post_tag","embeddable":true,"href":"https:\/\/www.padreeustaquio.com.br\/en\/wp-json\/wp\/v2\/tags?post=4667"}],"curies":[{"name":"wp","href":"https:\/\/api.w.org\/{rel}","templated":true}]}}