{"id":4661,"date":"2020-10-12T11:51:31","date_gmt":"2020-10-12T14:51:31","guid":{"rendered":"https:\/\/www.padreeustaquio.com.br\/?p=4661"},"modified":"2020-10-12T12:51:33","modified_gmt":"2020-10-12T15:51:33","slug":"father-armin-is-the-newest-priest-of-the-sacred-hearts","status":"publish","type":"post","link":"https:\/\/www.padreeustaquio.com.br\/en\/father-armin-is-the-newest-priest-of-the-sacred-hearts\/","title":{"rendered":"Father Arm\u00edn is the newest priest of the Sacred Hearts."},"content":{"rendered":"<p>Father Arm\u00edn P\u00e9rez D\u00edaz, ss.cc., was ordained this Sunday, October 11, 2020, at the &quot;Health and Peace&quot; Sanctuary, the church of Father Eust\u00e1quio, in Belo Horizonte. The celebration was presided over by the Archbishop Emeritus of Vit\u00f3ria-ES, Dom Luiz Mancilha Vilela, ss.cc.<\/p>\n<p>Beginning at 10:00 AM (Brasilia time), the ceremony was broadcast live on the Padre Eust\u00e1quio YouTube Channel and could be followed by the new priest&#039;s family in Paraguay, his colleagues in Chile, his Superiors in Italy, as well as brothers spread around the world, such as in Spain and France, where there are houses of the Congregation.<\/p>\n<p>After listening to the readings and the homily, Arm\u00edn presented himself as the chosen one, prostrated himself during the Litany of the Saints, received the laying on of hands, anointing, and prayer from his fellow priests. The investiture of the priestly vestments was performed by the parish priests Fr. S\u00e9rgio Stein (also Provincial Superior) and Fr. Marcus Vin\u00edcius, formator of the Fourth Stage. At the end of the ordination, the new priest gave a beautiful speech with excerpts in Guarani (the official language of his homeland), Spanish, Italian, and Portuguese, moving everyone present.<\/p>\n<p><strong>Fr. ARM\u00cdN P\u00c9REZ, sscc<\/strong><\/p>\n<p>Hugo Arm\u00edn P\u00e9rez D\u00edaz was born in Paraguay in 1987 in the city of San Juan Bautista de \u00d1eembuc\u00fa. The sixth of seven children of Margarita D\u00edaz and Mirope P\u00e9rez, he entered the Congregation in January 2010. He completed his Novitiate in Chile in 2013 and professed his first vows on January 10, 2014. He continued his formation in the International Community of Professed Priests in Santiago, Chile. In 2016, he completed a pastoral year in Presidente Franco, Paraguay, where on May 10, 2019, he professed his perpetual vows in the Congregation of the Sacred Hearts. On December 18, 2019, he was ordained a deacon in the community of Santa Catalina de Sena in Paraguay. In recent months, he has been experiencing the fourth stage of his formation in the Padre Eustaquio Community in Belo Horizonte.<\/p>","protected":false},"excerpt":{"rendered":"<p>Padre Arm\u00edn P\u00e9rez D\u00edaz, ss.cc. foi ordenado nesse domingo, dia 11 de outubro de 2020, no Santu\u00e1rio &#8220;Sa\u00fade e Paz&#8221;, a igreja do Padre Eust\u00e1quio, em Belo Horizonte. A celebra\u00e7\u00e3o foi presidida pelo arcebispo em\u00e9rito de Vit\u00f3ria-ES, Dom Luiz Mancilha Vilela, ss.cc. Com in\u00edcio \u00e0s 10h (hor\u00e1rio de Bras\u00edlia), a cerim\u00f4nia foi transmitida, ao vivo, pelo Canal Padre Eust\u00e1quio do YouTube e p\u00f4de ser acompanhada pelos familiares do novo padre no Paraguai, pelos colegas dele no Chile, pelos Superiores na It\u00e1lia, al\u00e9m de irm\u00e3os espalhados pelo mundo como na Espanha e na Fran\u00e7a, onde h\u00e1 casas da Congrega\u00e7\u00e3o. Ap\u00f3s ouvir [&hellip;]<\/p>\n","protected":false},"author":2,"featured_media":4662,"comment_status":"open","ping_status":"open","sticky":false,"template":"","format":"standard","meta":{"_acf_changed":false,"footnotes":""},"categories":[611],"tags":[],"class_list":["post-4661","post","type-post","status-publish","format-standard","has-post-thumbnail","hentry","category-noticias"],"acf":[],"yoast_head":"<!-- This site is optimized with the Yoast SEO plugin v27.2 - https:\/\/yoast.com\/product\/yoast-seo-wordpress\/ -->\n<title>Padre Arm\u00edn \u00e9 o mais novo presb\u00edtero dos Sagrados Cora\u00e7\u00f5es - Padre Eust\u00e1quio<\/title>\n<meta name=\"robots\" content=\"index, follow, max-snippet:-1, max-image-preview:large, max-video-preview:-1\" \/>\n<link rel=\"canonical\" href=\"https:\/\/www.padreeustaquio.com.br\/en\/father-armin-is-the-newest-priest-of-the-sacred-hearts\/\" \/>\n<meta property=\"og:locale\" content=\"en_US\" \/>\n<meta property=\"og:type\" content=\"article\" \/>\n<meta property=\"og:title\" content=\"Padre Arm\u00edn \u00e9 o mais novo presb\u00edtero dos Sagrados Cora\u00e7\u00f5es - Padre Eust\u00e1quio\" \/>\n<meta property=\"og:description\" content=\"Padre Arm\u00edn P\u00e9rez D\u00edaz, ss.cc. foi ordenado nesse domingo, dia 11 de outubro de 2020, no Santu\u00e1rio &#8220;Sa\u00fade e Paz&#8221;, a igreja do Padre Eust\u00e1quio, em Belo Horizonte. A celebra\u00e7\u00e3o foi presidida pelo arcebispo em\u00e9rito de Vit\u00f3ria-ES, Dom Luiz Mancilha Vilela, ss.cc. Com in\u00edcio \u00e0s 10h (hor\u00e1rio de Bras\u00edlia), a cerim\u00f4nia foi transmitida, ao vivo, pelo Canal Padre Eust\u00e1quio do YouTube e p\u00f4de ser acompanhada pelos familiares do novo padre no Paraguai, pelos colegas dele no Chile, pelos Superiores na It\u00e1lia, al\u00e9m de irm\u00e3os espalhados pelo mundo como na Espanha e na Fran\u00e7a, onde h\u00e1 casas da Congrega\u00e7\u00e3o. Ap\u00f3s ouvir [&hellip;]\" \/>\n<meta property=\"og:url\" content=\"https:\/\/www.padreeustaquio.com.br\/en\/father-armin-is-the-newest-priest-of-the-sacred-hearts\/\" \/>\n<meta property=\"og:site_name\" content=\"Padre Eust\u00e1quio\" \/>\n<meta property=\"article:publisher\" content=\"https:\/\/www.facebook.com\/beatopadreeustaquio\/\" \/>\n<meta property=\"article:published_time\" content=\"2020-10-12T14:51:31+00:00\" \/>\n<meta property=\"article:modified_time\" content=\"2020-10-12T15:51:33+00:00\" \/>\n<meta property=\"og:image\" content=\"https:\/\/www.padreeustaquio.com.br\/wp-content\/uploads\/2020\/10\/WhatsApp-Image-2020-10-12-at-11.35.12.jpeg\" \/>\n\t<meta property=\"og:image:width\" content=\"1062\" \/>\n\t<meta property=\"og:image:height\" content=\"655\" \/>\n\t<meta property=\"og:image:type\" content=\"image\/jpeg\" \/>\n<meta name=\"author\" content=\"@sscc\" \/>\n<meta name=\"twitter:card\" content=\"summary_large_image\" \/>\n<meta name=\"twitter:creator\" content=\"@beatopeustaquio\" \/>\n<meta name=\"twitter:site\" content=\"@beatopeustaquio\" \/>\n<meta name=\"twitter:label1\" content=\"Written by\" \/>\n\t<meta name=\"twitter:data1\" content=\"@sscc\" \/>\n\t<meta name=\"twitter:label2\" content=\"Est. reading time\" \/>\n\t<meta name=\"twitter:data2\" content=\"2 minutes\" \/>\n<script type=\"application\/ld+json\" class=\"yoast-schema-graph\">{\"@context\":\"https:\/\/schema.org\",\"@graph\":[{\"@type\":\"Article\",\"@id\":\"https:\/\/www.padreeustaquio.com.br\/padre-armin-e-o-mais-novo-presbitero-dos-sagrados-coracoes\/#article\",\"isPartOf\":{\"@id\":\"https:\/\/www.padreeustaquio.com.br\/padre-armin-e-o-mais-novo-presbitero-dos-sagrados-coracoes\/\"},\"author\":{\"name\":\"@sscc\",\"@id\":\"https:\/\/www.padreeustaquio.com.br\/#\/schema\/person\/a2a51db1d00f1a7af0204a0f1ddb1566\"},\"headline\":\"Padre Arm\u00edn \u00e9 o mais novo presb\u00edtero dos Sagrados Cora\u00e7\u00f5es\",\"datePublished\":\"2020-10-12T14:51:31+00:00\",\"dateModified\":\"2020-10-12T15:51:33+00:00\",\"mainEntityOfPage\":{\"@id\":\"https:\/\/www.padreeustaquio.com.br\/padre-armin-e-o-mais-novo-presbitero-dos-sagrados-coracoes\/\"},\"wordCount\":367,\"commentCount\":0,\"publisher\":{\"@id\":\"https:\/\/www.padreeustaquio.com.br\/#organization\"},\"image\":{\"@id\":\"https:\/\/www.padreeustaquio.com.br\/padre-armin-e-o-mais-novo-presbitero-dos-sagrados-coracoes\/#primaryimage\"},\"thumbnailUrl\":\"https:\/\/www.padreeustaquio.com.br\/wp-content\/uploads\/2020\/10\/WhatsApp-Image-2020-10-12-at-11.35.12.jpeg\",\"articleSection\":[\"Not\u00edcias\"],\"inLanguage\":\"en-US\",\"potentialAction\":[{\"@type\":\"CommentAction\",\"name\":\"Comment\",\"target\":[\"https:\/\/www.padreeustaquio.com.br\/padre-armin-e-o-mais-novo-presbitero-dos-sagrados-coracoes\/#respond\"]}]},{\"@type\":\"WebPage\",\"@id\":\"https:\/\/www.padreeustaquio.com.br\/padre-armin-e-o-mais-novo-presbitero-dos-sagrados-coracoes\/\",\"url\":\"https:\/\/www.padreeustaquio.com.br\/padre-armin-e-o-mais-novo-presbitero-dos-sagrados-coracoes\/\",\"name\":\"Padre Arm\u00edn \u00e9 o mais novo presb\u00edtero dos Sagrados Cora\u00e7\u00f5es - Padre Eust\u00e1quio\",\"isPartOf\":{\"@id\":\"https:\/\/www.padreeustaquio.com.br\/#website\"},\"primaryImageOfPage\":{\"@id\":\"https:\/\/www.padreeustaquio.com.br\/padre-armin-e-o-mais-novo-presbitero-dos-sagrados-coracoes\/#primaryimage\"},\"image\":{\"@id\":\"https:\/\/www.padreeustaquio.com.br\/padre-armin-e-o-mais-novo-presbitero-dos-sagrados-coracoes\/#primaryimage\"},\"thumbnailUrl\":\"https:\/\/www.padreeustaquio.com.br\/wp-content\/uploads\/2020\/10\/WhatsApp-Image-2020-10-12-at-11.35.12.jpeg\",\"datePublished\":\"2020-10-12T14:51:31+00:00\",\"dateModified\":\"2020-10-12T15:51:33+00:00\",\"breadcrumb\":{\"@id\":\"https:\/\/www.padreeustaquio.com.br\/padre-armin-e-o-mais-novo-presbitero-dos-sagrados-coracoes\/#breadcrumb\"},\"inLanguage\":\"en-US\",\"potentialAction\":[{\"@type\":\"ReadAction\",\"target\":[\"https:\/\/www.padreeustaquio.com.br\/padre-armin-e-o-mais-novo-presbitero-dos-sagrados-coracoes\/\"]}]},{\"@type\":\"ImageObject\",\"inLanguage\":\"en-US\",\"@id\":\"https:\/\/www.padreeustaquio.com.br\/padre-armin-e-o-mais-novo-presbitero-dos-sagrados-coracoes\/#primaryimage\",\"url\":\"https:\/\/www.padreeustaquio.com.br\/wp-content\/uploads\/2020\/10\/WhatsApp-Image-2020-10-12-at-11.35.12.jpeg\",\"contentUrl\":\"https:\/\/www.padreeustaquio.com.br\/wp-content\/uploads\/2020\/10\/WhatsApp-Image-2020-10-12-at-11.35.12.jpeg\",\"width\":1062,\"height\":655,\"caption\":\"Padre armin, no altar da igreja do Padre Eust\u00e1quio, se apresentando para a comunidade como novo padre, durante sua ordena\u00e7\u00e3o. Sendo aplaudido e fotografado\"},{\"@type\":\"BreadcrumbList\",\"@id\":\"https:\/\/www.padreeustaquio.com.br\/padre-armin-e-o-mais-novo-presbitero-dos-sagrados-coracoes\/#breadcrumb\",\"itemListElement\":[{\"@type\":\"ListItem\",\"position\":1,\"name\":\"In\u00edcio\",\"item\":\"https:\/\/www.padreeustaquio.com.br\/\"},{\"@type\":\"ListItem\",\"position\":2,\"name\":\"Padre Arm\u00edn \u00e9 o mais novo presb\u00edtero dos Sagrados Cora\u00e7\u00f5es\"}]},{\"@type\":\"WebSite\",\"@id\":\"https:\/\/www.padreeustaquio.com.br\/#website\",\"url\":\"https:\/\/www.padreeustaquio.com.br\/\",\"name\":\"Padre Eust\u00e1quio\",\"description\":\"Sa\u00fade e Paz\",\"publisher\":{\"@id\":\"https:\/\/www.padreeustaquio.com.br\/#organization\"},\"potentialAction\":[{\"@type\":\"SearchAction\",\"target\":{\"@type\":\"EntryPoint\",\"urlTemplate\":\"https:\/\/www.padreeustaquio.com.br\/?s={search_term_string}\"},\"query-input\":{\"@type\":\"PropertyValueSpecification\",\"valueRequired\":true,\"valueName\":\"search_term_string\"}}],\"inLanguage\":\"en-US\"},{\"@type\":\"Organization\",\"@id\":\"https:\/\/www.padreeustaquio.com.br\/#organization\",\"name\":\"Padre Eust\u00e1quio\",\"url\":\"https:\/\/www.padreeustaquio.com.br\/\",\"logo\":{\"@type\":\"ImageObject\",\"inLanguage\":\"en-US\",\"@id\":\"https:\/\/www.padreeustaquio.com.br\/#\/schema\/logo\/image\/\",\"url\":\"https:\/\/www.padreeustaquio.com.br\/wp-content\/uploads\/2019\/08\/marca.png\",\"contentUrl\":\"https:\/\/www.padreeustaquio.com.br\/wp-content\/uploads\/2019\/08\/marca.png\",\"width\":350,\"height\":400,\"caption\":\"Padre Eust\u00e1quio\"},\"image\":{\"@id\":\"https:\/\/www.padreeustaquio.com.br\/#\/schema\/logo\/image\/\"},\"sameAs\":[\"https:\/\/www.facebook.com\/beatopadreeustaquio\/\",\"https:\/\/x.com\/beatopeustaquio\",\"https:\/\/www.instagram.com\/beatopadreeustaquio\/\",\"https:\/\/www.youtube.com\/channel\/UCRhw7vfabnajwLxb1ZXMeIw\"]},{\"@type\":\"Person\",\"@id\":\"https:\/\/www.padreeustaquio.com.br\/#\/schema\/person\/a2a51db1d00f1a7af0204a0f1ddb1566\",\"name\":\"@sscc\",\"image\":{\"@type\":\"ImageObject\",\"inLanguage\":\"en-US\",\"@id\":\"https:\/\/secure.gravatar.com\/avatar\/68cfafa5f44617fea54071e215026e0ff06be366c3d54a8425f04fdcb86f8c5f?s=96&d=mm&r=g\",\"url\":\"https:\/\/secure.gravatar.com\/avatar\/68cfafa5f44617fea54071e215026e0ff06be366c3d54a8425f04fdcb86f8c5f?s=96&d=mm&r=g\",\"contentUrl\":\"https:\/\/secure.gravatar.com\/avatar\/68cfafa5f44617fea54071e215026e0ff06be366c3d54a8425f04fdcb86f8c5f?s=96&d=mm&r=g\",\"caption\":\"@sscc\"},\"url\":\"https:\/\/www.padreeustaquio.com.br\/en\/author\/sscc\/\"}]}<\/script>\n<!-- \/ Yoast SEO plugin. -->","yoast_head_json":{"title":"Father Arm\u00edn is the newest priest of the Sacred Hearts - Father Eust\u00e1quio","robots":{"index":"index","follow":"follow","max-snippet":"max-snippet:-1","max-image-preview":"max-image-preview:large","max-video-preview":"max-video-preview:-1"},"canonical":"https:\/\/www.padreeustaquio.com.br\/en\/father-armin-is-the-newest-priest-of-the-sacred-hearts\/","og_locale":"en_US","og_type":"article","og_title":"Padre Arm\u00edn \u00e9 o mais novo presb\u00edtero dos Sagrados Cora\u00e7\u00f5es - Padre Eust\u00e1quio","og_description":"Padre Arm\u00edn P\u00e9rez D\u00edaz, ss.cc. foi ordenado nesse domingo, dia 11 de outubro de 2020, no Santu\u00e1rio &#8220;Sa\u00fade e Paz&#8221;, a igreja do Padre Eust\u00e1quio, em Belo Horizonte. A celebra\u00e7\u00e3o foi presidida pelo arcebispo em\u00e9rito de Vit\u00f3ria-ES, Dom Luiz Mancilha Vilela, ss.cc. Com in\u00edcio \u00e0s 10h (hor\u00e1rio de Bras\u00edlia), a cerim\u00f4nia foi transmitida, ao vivo, pelo Canal Padre Eust\u00e1quio do YouTube e p\u00f4de ser acompanhada pelos familiares do novo padre no Paraguai, pelos colegas dele no Chile, pelos Superiores na It\u00e1lia, al\u00e9m de irm\u00e3os espalhados pelo mundo como na Espanha e na Fran\u00e7a, onde h\u00e1 casas da Congrega\u00e7\u00e3o. Ap\u00f3s ouvir [&hellip;]","og_url":"https:\/\/www.padreeustaquio.com.br\/en\/father-armin-is-the-newest-priest-of-the-sacred-hearts\/","og_site_name":"Padre Eust\u00e1quio","article_publisher":"https:\/\/www.facebook.com\/beatopadreeustaquio\/","article_published_time":"2020-10-12T14:51:31+00:00","article_modified_time":"2020-10-12T15:51:33+00:00","og_image":[{"width":1062,"height":655,"url":"https:\/\/www.padreeustaquio.com.br\/wp-content\/uploads\/2020\/10\/WhatsApp-Image-2020-10-12-at-11.35.12.jpeg","type":"image\/jpeg"}],"author":"@sscc","twitter_card":"summary_large_image","twitter_creator":"@beatopeustaquio","twitter_site":"@beatopeustaquio","twitter_misc":{"Written by":"@sscc","Est. reading time":"2 minutes"},"schema":{"@context":"https:\/\/schema.org","@graph":[{"@type":"Article","@id":"https:\/\/www.padreeustaquio.com.br\/padre-armin-e-o-mais-novo-presbitero-dos-sagrados-coracoes\/#article","isPartOf":{"@id":"https:\/\/www.padreeustaquio.com.br\/padre-armin-e-o-mais-novo-presbitero-dos-sagrados-coracoes\/"},"author":{"name":"@sscc","@id":"https:\/\/www.padreeustaquio.com.br\/#\/schema\/person\/a2a51db1d00f1a7af0204a0f1ddb1566"},"headline":"Padre Arm\u00edn \u00e9 o mais novo presb\u00edtero dos Sagrados Cora\u00e7\u00f5es","datePublished":"2020-10-12T14:51:31+00:00","dateModified":"2020-10-12T15:51:33+00:00","mainEntityOfPage":{"@id":"https:\/\/www.padreeustaquio.com.br\/padre-armin-e-o-mais-novo-presbitero-dos-sagrados-coracoes\/"},"wordCount":367,"commentCount":0,"publisher":{"@id":"https:\/\/www.padreeustaquio.com.br\/#organization"},"image":{"@id":"https:\/\/www.padreeustaquio.com.br\/padre-armin-e-o-mais-novo-presbitero-dos-sagrados-coracoes\/#primaryimage"},"thumbnailUrl":"https:\/\/www.padreeustaquio.com.br\/wp-content\/uploads\/2020\/10\/WhatsApp-Image-2020-10-12-at-11.35.12.jpeg","articleSection":["Not\u00edcias"],"inLanguage":"en-US","potentialAction":[{"@type":"CommentAction","name":"Comment","target":["https:\/\/www.padreeustaquio.com.br\/padre-armin-e-o-mais-novo-presbitero-dos-sagrados-coracoes\/#respond"]}]},{"@type":"WebPage","@id":"https:\/\/www.padreeustaquio.com.br\/padre-armin-e-o-mais-novo-presbitero-dos-sagrados-coracoes\/","url":"https:\/\/www.padreeustaquio.com.br\/padre-armin-e-o-mais-novo-presbitero-dos-sagrados-coracoes\/","name":"Father Arm\u00edn is the newest priest of the Sacred Hearts - Father Eust\u00e1quio","isPartOf":{"@id":"https:\/\/www.padreeustaquio.com.br\/#website"},"primaryImageOfPage":{"@id":"https:\/\/www.padreeustaquio.com.br\/padre-armin-e-o-mais-novo-presbitero-dos-sagrados-coracoes\/#primaryimage"},"image":{"@id":"https:\/\/www.padreeustaquio.com.br\/padre-armin-e-o-mais-novo-presbitero-dos-sagrados-coracoes\/#primaryimage"},"thumbnailUrl":"https:\/\/www.padreeustaquio.com.br\/wp-content\/uploads\/2020\/10\/WhatsApp-Image-2020-10-12-at-11.35.12.jpeg","datePublished":"2020-10-12T14:51:31+00:00","dateModified":"2020-10-12T15:51:33+00:00","breadcrumb":{"@id":"https:\/\/www.padreeustaquio.com.br\/padre-armin-e-o-mais-novo-presbitero-dos-sagrados-coracoes\/#breadcrumb"},"inLanguage":"en-US","potentialAction":[{"@type":"ReadAction","target":["https:\/\/www.padreeustaquio.com.br\/padre-armin-e-o-mais-novo-presbitero-dos-sagrados-coracoes\/"]}]},{"@type":"ImageObject","inLanguage":"en-US","@id":"https:\/\/www.padreeustaquio.com.br\/padre-armin-e-o-mais-novo-presbitero-dos-sagrados-coracoes\/#primaryimage","url":"https:\/\/www.padreeustaquio.com.br\/wp-content\/uploads\/2020\/10\/WhatsApp-Image-2020-10-12-at-11.35.12.jpeg","contentUrl":"https:\/\/www.padreeustaquio.com.br\/wp-content\/uploads\/2020\/10\/WhatsApp-Image-2020-10-12-at-11.35.12.jpeg","width":1062,"height":655,"caption":"Padre armin, no altar da igreja do Padre Eust\u00e1quio, se apresentando para a comunidade como novo padre, durante sua ordena\u00e7\u00e3o. Sendo aplaudido e fotografado"},{"@type":"BreadcrumbList","@id":"https:\/\/www.padreeustaquio.com.br\/padre-armin-e-o-mais-novo-presbitero-dos-sagrados-coracoes\/#breadcrumb","itemListElement":[{"@type":"ListItem","position":1,"name":"In\u00edcio","item":"https:\/\/www.padreeustaquio.com.br\/"},{"@type":"ListItem","position":2,"name":"Padre Arm\u00edn \u00e9 o mais novo presb\u00edtero dos Sagrados Cora\u00e7\u00f5es"}]},{"@type":"WebSite","@id":"https:\/\/www.padreeustaquio.com.br\/#website","url":"https:\/\/www.padreeustaquio.com.br\/","name":"FATHER EUST\u00c1QUIO","description":"Health and Peace","publisher":{"@id":"https:\/\/www.padreeustaquio.com.br\/#organization"},"potentialAction":[{"@type":"SearchAction","target":{"@type":"EntryPoint","urlTemplate":"https:\/\/www.padreeustaquio.com.br\/?s={search_term_string}"},"query-input":{"@type":"PropertyValueSpecification","valueRequired":true,"valueName":"search_term_string"}}],"inLanguage":"en-US"},{"@type":"Organization","@id":"https:\/\/www.padreeustaquio.com.br\/#organization","name":"FATHER EUST\u00c1QUIO","url":"https:\/\/www.padreeustaquio.com.br\/","logo":{"@type":"ImageObject","inLanguage":"en-US","@id":"https:\/\/www.padreeustaquio.com.br\/#\/schema\/logo\/image\/","url":"https:\/\/www.padreeustaquio.com.br\/wp-content\/uploads\/2019\/08\/marca.png","contentUrl":"https:\/\/www.padreeustaquio.com.br\/wp-content\/uploads\/2019\/08\/marca.png","width":350,"height":400,"caption":"Padre Eust\u00e1quio"},"image":{"@id":"https:\/\/www.padreeustaquio.com.br\/#\/schema\/logo\/image\/"},"sameAs":["https:\/\/www.facebook.com\/beatopadreeustaquio\/","https:\/\/x.com\/beatopeustaquio","https:\/\/www.instagram.com\/beatopadreeustaquio\/","https:\/\/www.youtube.com\/channel\/UCRhw7vfabnajwLxb1ZXMeIw"]},{"@type":"Person","@id":"https:\/\/www.padreeustaquio.com.br\/#\/schema\/person\/a2a51db1d00f1a7af0204a0f1ddb1566","name":"@sscc","image":{"@type":"ImageObject","inLanguage":"en-US","@id":"https:\/\/secure.gravatar.com\/avatar\/68cfafa5f44617fea54071e215026e0ff06be366c3d54a8425f04fdcb86f8c5f?s=96&d=mm&r=g","url":"https:\/\/secure.gravatar.com\/avatar\/68cfafa5f44617fea54071e215026e0ff06be366c3d54a8425f04fdcb86f8c5f?s=96&d=mm&r=g","contentUrl":"https:\/\/secure.gravatar.com\/avatar\/68cfafa5f44617fea54071e215026e0ff06be366c3d54a8425f04fdcb86f8c5f?s=96&d=mm&r=g","caption":"@sscc"},"url":"https:\/\/www.padreeustaquio.com.br\/en\/author\/sscc\/"}]}},"_links":{"self":[{"href":"https:\/\/www.padreeustaquio.com.br\/en\/wp-json\/wp\/v2\/posts\/4661","targetHints":{"allow":["GET"]}}],"collection":[{"href":"https:\/\/www.padreeustaquio.com.br\/en\/wp-json\/wp\/v2\/posts"}],"about":[{"href":"https:\/\/www.padreeustaquio.com.br\/en\/wp-json\/wp\/v2\/types\/post"}],"author":[{"embeddable":true,"href":"https:\/\/www.padreeustaquio.com.br\/en\/wp-json\/wp\/v2\/users\/2"}],"replies":[{"embeddable":true,"href":"https:\/\/www.padreeustaquio.com.br\/en\/wp-json\/wp\/v2\/comments?post=4661"}],"version-history":[{"count":0,"href":"https:\/\/www.padreeustaquio.com.br\/en\/wp-json\/wp\/v2\/posts\/4661\/revisions"}],"wp:featuredmedia":[{"embeddable":true,"href":"https:\/\/www.padreeustaquio.com.br\/en\/wp-json\/wp\/v2\/media\/4662"}],"wp:attachment":[{"href":"https:\/\/www.padreeustaquio.com.br\/en\/wp-json\/wp\/v2\/media?parent=4661"}],"wp:term":[{"taxonomy":"category","embeddable":true,"href":"https:\/\/www.padreeustaquio.com.br\/en\/wp-json\/wp\/v2\/categories?post=4661"},{"taxonomy":"post_tag","embeddable":true,"href":"https:\/\/www.padreeustaquio.com.br\/en\/wp-json\/wp\/v2\/tags?post=4661"}],"curies":[{"name":"wp","href":"https:\/\/api.w.org\/{rel}","templated":true}]}}