{"id":4647,"date":"2020-10-05T11:14:52","date_gmt":"2020-10-05T14:14:52","guid":{"rendered":"https:\/\/www.padreeustaquio.com.br\/?p=4647"},"modified":"2020-10-05T11:32:30","modified_gmt":"2020-10-05T14:32:30","slug":"sscc-province-of-brazil-and-region-of-paraguay-promote-virtual-meeting","status":"publish","type":"post","link":"https:\/\/www.padreeustaquio.com.br\/en\/sscc-province-of-brazil-and-region-of-paraguay-promote-virtual-meeting\/","title":{"rendered":"Province of Brazil and Region of Paraguay hold virtual meeting with Superior"},"content":{"rendered":"<p>Last Saturday, October 3rd, the Brothers of the Fourth Stage, the Professed Community, the Novitiate, and the most recently Perpetual Professed, as well as the Priests, met with the Superior General, Alberto Toutin.<\/p>\n<p>The meeting was held virtually due to social isolation. The theme was related to the experience of voting during a pandemic, followed by a joyful and profound dialogue.<\/p>","protected":false},"excerpt":{"rendered":"<p>Last Saturday, October 3rd, the Brothers of the Fourth Stage, the Professed Community, the Novitiate, and the most recently Perpetually Professed, as well as the Priests, met with the Superior General, Alberto Toutin. The meeting was held virtually due to social isolation. The theme was related to living out vows during a time of pandemic, followed by a joyful and profound dialogue.<\/p>","protected":false},"author":2,"featured_media":4648,"comment_status":"open","ping_status":"open","sticky":false,"template":"","format":"standard","meta":{"_acf_changed":false,"footnotes":""},"categories":[611],"tags":[],"class_list":["post-4647","post","type-post","status-publish","format-standard","has-post-thumbnail","hentry","category-noticias"],"acf":[],"yoast_head":"<!-- This site is optimized with the Yoast SEO plugin v27.2 - https:\/\/yoast.com\/product\/yoast-seo-wordpress\/ -->\n<title>Prov\u00edncia do Brasil e Regi\u00e3o do Paraguai promovem encontro virtual com Superior - Padre Eust\u00e1quio<\/title>\n<meta name=\"robots\" content=\"index, follow, max-snippet:-1, max-image-preview:large, max-video-preview:-1\" \/>\n<link rel=\"canonical\" href=\"https:\/\/www.padreeustaquio.com.br\/en\/sscc-province-of-brazil-and-region-of-paraguay-promote-virtual-meeting\/\" \/>\n<meta property=\"og:locale\" content=\"en_US\" \/>\n<meta property=\"og:type\" content=\"article\" \/>\n<meta property=\"og:title\" content=\"Prov\u00edncia do Brasil e Regi\u00e3o do Paraguai promovem encontro virtual com Superior - Padre Eust\u00e1quio\" \/>\n<meta property=\"og:description\" content=\"No \u00faltimo s\u00e1bado, dia 3 de outubro, os Irm\u00e3os da Quarta Etapa, da Comunidade de Professos, do Noviciado e os mais recentes Professos Perp\u00e9tuos, al\u00e9m dos Presb\u00edteros, se reuniram com o Superior Geral, Alberto Toutin. O encontro foi realizado de forma virtual, por causa do isolamento social. O tema foi relacionado \u00e0 viv\u00eancia dos votos em tempo de pandemia seguido por um alegre e profundo di\u00e1logo.\" \/>\n<meta property=\"og:url\" content=\"https:\/\/www.padreeustaquio.com.br\/en\/sscc-province-of-brazil-and-region-of-paraguay-promote-virtual-meeting\/\" \/>\n<meta property=\"og:site_name\" content=\"Padre Eust\u00e1quio\" \/>\n<meta property=\"article:publisher\" content=\"https:\/\/www.facebook.com\/beatopadreeustaquio\/\" \/>\n<meta property=\"article:published_time\" content=\"2020-10-05T14:14:52+00:00\" \/>\n<meta property=\"article:modified_time\" content=\"2020-10-05T14:32:30+00:00\" \/>\n<meta property=\"og:image\" content=\"https:\/\/www.padreeustaquio.com.br\/wp-content\/uploads\/2020\/10\/ENCONTRO-COM-O-GERAL.png\" \/>\n\t<meta property=\"og:image:width\" content=\"1366\" \/>\n\t<meta property=\"og:image:height\" content=\"768\" \/>\n\t<meta property=\"og:image:type\" content=\"image\/png\" \/>\n<meta name=\"author\" content=\"@sscc\" \/>\n<meta name=\"twitter:card\" content=\"summary_large_image\" \/>\n<meta name=\"twitter:creator\" content=\"@beatopeustaquio\" \/>\n<meta name=\"twitter:site\" content=\"@beatopeustaquio\" \/>\n<meta name=\"twitter:label1\" content=\"Written by\" \/>\n\t<meta name=\"twitter:data1\" content=\"@sscc\" \/>\n<script type=\"application\/ld+json\" class=\"yoast-schema-graph\">{\"@context\":\"https:\/\/schema.org\",\"@graph\":[{\"@type\":\"Article\",\"@id\":\"https:\/\/www.padreeustaquio.com.br\/sscc-provincia-do-brasil-e-regiao-do-paraguai-promovem-encontro-virtual\/#article\",\"isPartOf\":{\"@id\":\"https:\/\/www.padreeustaquio.com.br\/sscc-provincia-do-brasil-e-regiao-do-paraguai-promovem-encontro-virtual\/\"},\"author\":{\"name\":\"@sscc\",\"@id\":\"https:\/\/www.padreeustaquio.com.br\/#\/schema\/person\/a2a51db1d00f1a7af0204a0f1ddb1566\"},\"headline\":\"Prov\u00edncia do Brasil e Regi\u00e3o do Paraguai promovem encontro virtual com Superior\",\"datePublished\":\"2020-10-05T14:14:52+00:00\",\"dateModified\":\"2020-10-05T14:32:30+00:00\",\"mainEntityOfPage\":{\"@id\":\"https:\/\/www.padreeustaquio.com.br\/sscc-provincia-do-brasil-e-regiao-do-paraguai-promovem-encontro-virtual\/\"},\"wordCount\":85,\"commentCount\":0,\"publisher\":{\"@id\":\"https:\/\/www.padreeustaquio.com.br\/#organization\"},\"image\":{\"@id\":\"https:\/\/www.padreeustaquio.com.br\/sscc-provincia-do-brasil-e-regiao-do-paraguai-promovem-encontro-virtual\/#primaryimage\"},\"thumbnailUrl\":\"https:\/\/www.padreeustaquio.com.br\/wp-content\/uploads\/2020\/10\/ENCONTRO-COM-O-GERAL.png\",\"articleSection\":[\"Not\u00edcias\"],\"inLanguage\":\"en-US\",\"potentialAction\":[{\"@type\":\"CommentAction\",\"name\":\"Comment\",\"target\":[\"https:\/\/www.padreeustaquio.com.br\/sscc-provincia-do-brasil-e-regiao-do-paraguai-promovem-encontro-virtual\/#respond\"]}]},{\"@type\":\"WebPage\",\"@id\":\"https:\/\/www.padreeustaquio.com.br\/sscc-provincia-do-brasil-e-regiao-do-paraguai-promovem-encontro-virtual\/\",\"url\":\"https:\/\/www.padreeustaquio.com.br\/sscc-provincia-do-brasil-e-regiao-do-paraguai-promovem-encontro-virtual\/\",\"name\":\"Prov\u00edncia do Brasil e Regi\u00e3o do Paraguai promovem encontro virtual com Superior - Padre Eust\u00e1quio\",\"isPartOf\":{\"@id\":\"https:\/\/www.padreeustaquio.com.br\/#website\"},\"primaryImageOfPage\":{\"@id\":\"https:\/\/www.padreeustaquio.com.br\/sscc-provincia-do-brasil-e-regiao-do-paraguai-promovem-encontro-virtual\/#primaryimage\"},\"image\":{\"@id\":\"https:\/\/www.padreeustaquio.com.br\/sscc-provincia-do-brasil-e-regiao-do-paraguai-promovem-encontro-virtual\/#primaryimage\"},\"thumbnailUrl\":\"https:\/\/www.padreeustaquio.com.br\/wp-content\/uploads\/2020\/10\/ENCONTRO-COM-O-GERAL.png\",\"datePublished\":\"2020-10-05T14:14:52+00:00\",\"dateModified\":\"2020-10-05T14:32:30+00:00\",\"breadcrumb\":{\"@id\":\"https:\/\/www.padreeustaquio.com.br\/sscc-provincia-do-brasil-e-regiao-do-paraguai-promovem-encontro-virtual\/#breadcrumb\"},\"inLanguage\":\"en-US\",\"potentialAction\":[{\"@type\":\"ReadAction\",\"target\":[\"https:\/\/www.padreeustaquio.com.br\/sscc-provincia-do-brasil-e-regiao-do-paraguai-promovem-encontro-virtual\/\"]}]},{\"@type\":\"ImageObject\",\"inLanguage\":\"en-US\",\"@id\":\"https:\/\/www.padreeustaquio.com.br\/sscc-provincia-do-brasil-e-regiao-do-paraguai-promovem-encontro-virtual\/#primaryimage\",\"url\":\"https:\/\/www.padreeustaquio.com.br\/wp-content\/uploads\/2020\/10\/ENCONTRO-COM-O-GERAL.png\",\"contentUrl\":\"https:\/\/www.padreeustaquio.com.br\/wp-content\/uploads\/2020\/10\/ENCONTRO-COM-O-GERAL.png\",\"width\":1366,\"height\":768},{\"@type\":\"BreadcrumbList\",\"@id\":\"https:\/\/www.padreeustaquio.com.br\/sscc-provincia-do-brasil-e-regiao-do-paraguai-promovem-encontro-virtual\/#breadcrumb\",\"itemListElement\":[{\"@type\":\"ListItem\",\"position\":1,\"name\":\"In\u00edcio\",\"item\":\"https:\/\/www.padreeustaquio.com.br\/\"},{\"@type\":\"ListItem\",\"position\":2,\"name\":\"Prov\u00edncia do Brasil e Regi\u00e3o do Paraguai promovem encontro virtual com Superior\"}]},{\"@type\":\"WebSite\",\"@id\":\"https:\/\/www.padreeustaquio.com.br\/#website\",\"url\":\"https:\/\/www.padreeustaquio.com.br\/\",\"name\":\"Padre Eust\u00e1quio\",\"description\":\"Sa\u00fade e Paz\",\"publisher\":{\"@id\":\"https:\/\/www.padreeustaquio.com.br\/#organization\"},\"potentialAction\":[{\"@type\":\"SearchAction\",\"target\":{\"@type\":\"EntryPoint\",\"urlTemplate\":\"https:\/\/www.padreeustaquio.com.br\/?s={search_term_string}\"},\"query-input\":{\"@type\":\"PropertyValueSpecification\",\"valueRequired\":true,\"valueName\":\"search_term_string\"}}],\"inLanguage\":\"en-US\"},{\"@type\":\"Organization\",\"@id\":\"https:\/\/www.padreeustaquio.com.br\/#organization\",\"name\":\"Padre Eust\u00e1quio\",\"url\":\"https:\/\/www.padreeustaquio.com.br\/\",\"logo\":{\"@type\":\"ImageObject\",\"inLanguage\":\"en-US\",\"@id\":\"https:\/\/www.padreeustaquio.com.br\/#\/schema\/logo\/image\/\",\"url\":\"https:\/\/www.padreeustaquio.com.br\/wp-content\/uploads\/2019\/08\/marca.png\",\"contentUrl\":\"https:\/\/www.padreeustaquio.com.br\/wp-content\/uploads\/2019\/08\/marca.png\",\"width\":350,\"height\":400,\"caption\":\"Padre Eust\u00e1quio\"},\"image\":{\"@id\":\"https:\/\/www.padreeustaquio.com.br\/#\/schema\/logo\/image\/\"},\"sameAs\":[\"https:\/\/www.facebook.com\/beatopadreeustaquio\/\",\"https:\/\/x.com\/beatopeustaquio\",\"https:\/\/www.instagram.com\/beatopadreeustaquio\/\",\"https:\/\/www.youtube.com\/channel\/UCRhw7vfabnajwLxb1ZXMeIw\"]},{\"@type\":\"Person\",\"@id\":\"https:\/\/www.padreeustaquio.com.br\/#\/schema\/person\/a2a51db1d00f1a7af0204a0f1ddb1566\",\"name\":\"@sscc\",\"image\":{\"@type\":\"ImageObject\",\"inLanguage\":\"en-US\",\"@id\":\"https:\/\/secure.gravatar.com\/avatar\/68cfafa5f44617fea54071e215026e0ff06be366c3d54a8425f04fdcb86f8c5f?s=96&d=mm&r=g\",\"url\":\"https:\/\/secure.gravatar.com\/avatar\/68cfafa5f44617fea54071e215026e0ff06be366c3d54a8425f04fdcb86f8c5f?s=96&d=mm&r=g\",\"contentUrl\":\"https:\/\/secure.gravatar.com\/avatar\/68cfafa5f44617fea54071e215026e0ff06be366c3d54a8425f04fdcb86f8c5f?s=96&d=mm&r=g\",\"caption\":\"@sscc\"},\"url\":\"https:\/\/www.padreeustaquio.com.br\/en\/author\/sscc\/\"}]}<\/script>\n<!-- \/ Yoast SEO plugin. -->","yoast_head_json":{"title":"Province of Brazil and Region of Paraguay hold virtual meeting with Superior - Father Eust\u00e1quio","robots":{"index":"index","follow":"follow","max-snippet":"max-snippet:-1","max-image-preview":"max-image-preview:large","max-video-preview":"max-video-preview:-1"},"canonical":"https:\/\/www.padreeustaquio.com.br\/en\/sscc-province-of-brazil-and-region-of-paraguay-promote-virtual-meeting\/","og_locale":"en_US","og_type":"article","og_title":"Prov\u00edncia do Brasil e Regi\u00e3o do Paraguai promovem encontro virtual com Superior - Padre Eust\u00e1quio","og_description":"No \u00faltimo s\u00e1bado, dia 3 de outubro, os Irm\u00e3os da Quarta Etapa, da Comunidade de Professos, do Noviciado e os mais recentes Professos Perp\u00e9tuos, al\u00e9m dos Presb\u00edteros, se reuniram com o Superior Geral, Alberto Toutin. O encontro foi realizado de forma virtual, por causa do isolamento social. O tema foi relacionado \u00e0 viv\u00eancia dos votos em tempo de pandemia seguido por um alegre e profundo di\u00e1logo.","og_url":"https:\/\/www.padreeustaquio.com.br\/en\/sscc-province-of-brazil-and-region-of-paraguay-promote-virtual-meeting\/","og_site_name":"Padre Eust\u00e1quio","article_publisher":"https:\/\/www.facebook.com\/beatopadreeustaquio\/","article_published_time":"2020-10-05T14:14:52+00:00","article_modified_time":"2020-10-05T14:32:30+00:00","og_image":[{"width":1366,"height":768,"url":"https:\/\/www.padreeustaquio.com.br\/wp-content\/uploads\/2020\/10\/ENCONTRO-COM-O-GERAL.png","type":"image\/png"}],"author":"@sscc","twitter_card":"summary_large_image","twitter_creator":"@beatopeustaquio","twitter_site":"@beatopeustaquio","twitter_misc":{"Written by":"@sscc"},"schema":{"@context":"https:\/\/schema.org","@graph":[{"@type":"Article","@id":"https:\/\/www.padreeustaquio.com.br\/sscc-provincia-do-brasil-e-regiao-do-paraguai-promovem-encontro-virtual\/#article","isPartOf":{"@id":"https:\/\/www.padreeustaquio.com.br\/sscc-provincia-do-brasil-e-regiao-do-paraguai-promovem-encontro-virtual\/"},"author":{"name":"@sscc","@id":"https:\/\/www.padreeustaquio.com.br\/#\/schema\/person\/a2a51db1d00f1a7af0204a0f1ddb1566"},"headline":"Prov\u00edncia do Brasil e Regi\u00e3o do Paraguai promovem encontro virtual com Superior","datePublished":"2020-10-05T14:14:52+00:00","dateModified":"2020-10-05T14:32:30+00:00","mainEntityOfPage":{"@id":"https:\/\/www.padreeustaquio.com.br\/sscc-provincia-do-brasil-e-regiao-do-paraguai-promovem-encontro-virtual\/"},"wordCount":85,"commentCount":0,"publisher":{"@id":"https:\/\/www.padreeustaquio.com.br\/#organization"},"image":{"@id":"https:\/\/www.padreeustaquio.com.br\/sscc-provincia-do-brasil-e-regiao-do-paraguai-promovem-encontro-virtual\/#primaryimage"},"thumbnailUrl":"https:\/\/www.padreeustaquio.com.br\/wp-content\/uploads\/2020\/10\/ENCONTRO-COM-O-GERAL.png","articleSection":["Not\u00edcias"],"inLanguage":"en-US","potentialAction":[{"@type":"CommentAction","name":"Comment","target":["https:\/\/www.padreeustaquio.com.br\/sscc-provincia-do-brasil-e-regiao-do-paraguai-promovem-encontro-virtual\/#respond"]}]},{"@type":"WebPage","@id":"https:\/\/www.padreeustaquio.com.br\/sscc-provincia-do-brasil-e-regiao-do-paraguai-promovem-encontro-virtual\/","url":"https:\/\/www.padreeustaquio.com.br\/sscc-provincia-do-brasil-e-regiao-do-paraguai-promovem-encontro-virtual\/","name":"Province of Brazil and Region of Paraguay hold virtual meeting with Superior - Father Eust\u00e1quio","isPartOf":{"@id":"https:\/\/www.padreeustaquio.com.br\/#website"},"primaryImageOfPage":{"@id":"https:\/\/www.padreeustaquio.com.br\/sscc-provincia-do-brasil-e-regiao-do-paraguai-promovem-encontro-virtual\/#primaryimage"},"image":{"@id":"https:\/\/www.padreeustaquio.com.br\/sscc-provincia-do-brasil-e-regiao-do-paraguai-promovem-encontro-virtual\/#primaryimage"},"thumbnailUrl":"https:\/\/www.padreeustaquio.com.br\/wp-content\/uploads\/2020\/10\/ENCONTRO-COM-O-GERAL.png","datePublished":"2020-10-05T14:14:52+00:00","dateModified":"2020-10-05T14:32:30+00:00","breadcrumb":{"@id":"https:\/\/www.padreeustaquio.com.br\/sscc-provincia-do-brasil-e-regiao-do-paraguai-promovem-encontro-virtual\/#breadcrumb"},"inLanguage":"en-US","potentialAction":[{"@type":"ReadAction","target":["https:\/\/www.padreeustaquio.com.br\/sscc-provincia-do-brasil-e-regiao-do-paraguai-promovem-encontro-virtual\/"]}]},{"@type":"ImageObject","inLanguage":"en-US","@id":"https:\/\/www.padreeustaquio.com.br\/sscc-provincia-do-brasil-e-regiao-do-paraguai-promovem-encontro-virtual\/#primaryimage","url":"https:\/\/www.padreeustaquio.com.br\/wp-content\/uploads\/2020\/10\/ENCONTRO-COM-O-GERAL.png","contentUrl":"https:\/\/www.padreeustaquio.com.br\/wp-content\/uploads\/2020\/10\/ENCONTRO-COM-O-GERAL.png","width":1366,"height":768},{"@type":"BreadcrumbList","@id":"https:\/\/www.padreeustaquio.com.br\/sscc-provincia-do-brasil-e-regiao-do-paraguai-promovem-encontro-virtual\/#breadcrumb","itemListElement":[{"@type":"ListItem","position":1,"name":"In\u00edcio","item":"https:\/\/www.padreeustaquio.com.br\/"},{"@type":"ListItem","position":2,"name":"Prov\u00edncia do Brasil e Regi\u00e3o do Paraguai promovem encontro virtual com Superior"}]},{"@type":"WebSite","@id":"https:\/\/www.padreeustaquio.com.br\/#website","url":"https:\/\/www.padreeustaquio.com.br\/","name":"FATHER EUST\u00c1QUIO","description":"Health and Peace","publisher":{"@id":"https:\/\/www.padreeustaquio.com.br\/#organization"},"potentialAction":[{"@type":"SearchAction","target":{"@type":"EntryPoint","urlTemplate":"https:\/\/www.padreeustaquio.com.br\/?s={search_term_string}"},"query-input":{"@type":"PropertyValueSpecification","valueRequired":true,"valueName":"search_term_string"}}],"inLanguage":"en-US"},{"@type":"Organization","@id":"https:\/\/www.padreeustaquio.com.br\/#organization","name":"FATHER EUST\u00c1QUIO","url":"https:\/\/www.padreeustaquio.com.br\/","logo":{"@type":"ImageObject","inLanguage":"en-US","@id":"https:\/\/www.padreeustaquio.com.br\/#\/schema\/logo\/image\/","url":"https:\/\/www.padreeustaquio.com.br\/wp-content\/uploads\/2019\/08\/marca.png","contentUrl":"https:\/\/www.padreeustaquio.com.br\/wp-content\/uploads\/2019\/08\/marca.png","width":350,"height":400,"caption":"Padre Eust\u00e1quio"},"image":{"@id":"https:\/\/www.padreeustaquio.com.br\/#\/schema\/logo\/image\/"},"sameAs":["https:\/\/www.facebook.com\/beatopadreeustaquio\/","https:\/\/x.com\/beatopeustaquio","https:\/\/www.instagram.com\/beatopadreeustaquio\/","https:\/\/www.youtube.com\/channel\/UCRhw7vfabnajwLxb1ZXMeIw"]},{"@type":"Person","@id":"https:\/\/www.padreeustaquio.com.br\/#\/schema\/person\/a2a51db1d00f1a7af0204a0f1ddb1566","name":"@sscc","image":{"@type":"ImageObject","inLanguage":"en-US","@id":"https:\/\/secure.gravatar.com\/avatar\/68cfafa5f44617fea54071e215026e0ff06be366c3d54a8425f04fdcb86f8c5f?s=96&d=mm&r=g","url":"https:\/\/secure.gravatar.com\/avatar\/68cfafa5f44617fea54071e215026e0ff06be366c3d54a8425f04fdcb86f8c5f?s=96&d=mm&r=g","contentUrl":"https:\/\/secure.gravatar.com\/avatar\/68cfafa5f44617fea54071e215026e0ff06be366c3d54a8425f04fdcb86f8c5f?s=96&d=mm&r=g","caption":"@sscc"},"url":"https:\/\/www.padreeustaquio.com.br\/en\/author\/sscc\/"}]}},"_links":{"self":[{"href":"https:\/\/www.padreeustaquio.com.br\/en\/wp-json\/wp\/v2\/posts\/4647","targetHints":{"allow":["GET"]}}],"collection":[{"href":"https:\/\/www.padreeustaquio.com.br\/en\/wp-json\/wp\/v2\/posts"}],"about":[{"href":"https:\/\/www.padreeustaquio.com.br\/en\/wp-json\/wp\/v2\/types\/post"}],"author":[{"embeddable":true,"href":"https:\/\/www.padreeustaquio.com.br\/en\/wp-json\/wp\/v2\/users\/2"}],"replies":[{"embeddable":true,"href":"https:\/\/www.padreeustaquio.com.br\/en\/wp-json\/wp\/v2\/comments?post=4647"}],"version-history":[{"count":0,"href":"https:\/\/www.padreeustaquio.com.br\/en\/wp-json\/wp\/v2\/posts\/4647\/revisions"}],"wp:featuredmedia":[{"embeddable":true,"href":"https:\/\/www.padreeustaquio.com.br\/en\/wp-json\/wp\/v2\/media\/4648"}],"wp:attachment":[{"href":"https:\/\/www.padreeustaquio.com.br\/en\/wp-json\/wp\/v2\/media?parent=4647"}],"wp:term":[{"taxonomy":"category","embeddable":true,"href":"https:\/\/www.padreeustaquio.com.br\/en\/wp-json\/wp\/v2\/categories?post=4647"},{"taxonomy":"post_tag","embeddable":true,"href":"https:\/\/www.padreeustaquio.com.br\/en\/wp-json\/wp\/v2\/tags?post=4647"}],"curies":[{"name":"wp","href":"https:\/\/api.w.org\/{rel}","templated":true}]}}