{"id":4642,"date":"2020-10-02T10:11:12","date_gmt":"2020-10-02T13:11:12","guid":{"rendered":"https:\/\/www.padreeustaquio.com.br\/?p=4642"},"modified":"2020-10-02T11:32:07","modified_gmt":"2020-10-02T14:32:07","slug":"baptisms-are-once-again-taking-place-at-father-eustaquios-church","status":"publish","type":"post","link":"https:\/\/www.padreeustaquio.com.br\/en\/baptisms-are-once-again-taking-place-at-father-eustaquios-church\/","title":{"rendered":"Baptisms are once again taking place at Father Eust\u00e1quio&#039;s church."},"content":{"rendered":"<p>After six months without performing baptismal rites due to the pandemic, the &quot;Health and Peace&quot; Sanctuary, known as Father Eust\u00e1quio&#039;s church, in Belo Horizonte, has included the celebration of the sacrament in the temple&#039;s weekly routine.<\/p>\n<p>Last Sunday, three children were baptized. With a limited number of people present, participants had their temperature checked, and their shoes and hands sanitized. In one pew sat the parents and the child, next to them, in another pew, sat the godparents. The guests of each child being baptized sat in the other pews marked to maintain social distancing.<\/p>\n<p>The Sign of the Cross, which is normally made by the parents, godparents, and the priest, was made only by the father and mother of each child. Some parts, complementary to the baptism rite, where people would get close to each other, were avoided. Only when the priest poured the water on the child&#039;s head were the parents and godparents allowed to get closer.<\/p>\n<p>Miguel, just nine months old, had his baptism scheduled for April, but then the pandemic hit and they had to postpone the ceremony to July. Due to further isolation measures, the date was rescheduled for the end of September. Isabel Pacheco, Miguel&#039;s mother, said she was anxious to baptize him: &quot;I completely understand the restrictions we faced during the baptism, and for our family, what truly matters is faith,&quot; said the tourism professional.<\/p>\n<p>For Father Edmar Oliveira, who celebrated the rites this Sunday, the moment still calls for caution, but there are many baptisms that need to be performed: \u201cLittle by little we are resuming all the sacraments and organizing ourselves for this. Before, we had baptisms a few Sundays a month, now they happen every week!\u201d<\/p>\n<p>For more information about courses, dates and health restrictions, call the Parish Office: (31) 3462-6557.<\/p>","protected":false},"excerpt":{"rendered":"<p>Depois de seis meses sem realizar os ritos do batismo, por causa da pandemia, o Santu\u00e1rio \u201cSa\u00fade e Paz\u201d, conhecido como igreja do Padre Eust\u00e1quio, em Belo Horizonte, teve a celebra\u00e7\u00e3o do sacramento inclu\u00edda na rotina semanal do templo. No \u00faltimo domingo, tr\u00eas crian\u00e7as foram batizadas. Com n\u00famero restrito de pessoas, os participantes tiveram a temperatura aferida, os cal\u00e7ados e m\u00e3os higienizados. Num dos bancos, os pais e a crian\u00e7a, ao lado, em outro banco os padrinhos. Os convidados de cada batizando se sentaram nos outros bancos marcados com distanciamento. O sinal da Cruz, que normalmente \u00e9 feito pelos pais, [&hellip;]<\/p>\n","protected":false},"author":2,"featured_media":4643,"comment_status":"open","ping_status":"open","sticky":false,"template":"","format":"standard","meta":{"_acf_changed":false,"footnotes":""},"categories":[611],"tags":[],"class_list":["post-4642","post","type-post","status-publish","format-standard","has-post-thumbnail","hentry","category-noticias"],"acf":[],"yoast_head":"<!-- This site is optimized with the Yoast SEO plugin v27.2 - https:\/\/yoast.com\/product\/yoast-seo-wordpress\/ -->\n<title>Batizados voltam a acontecer na igreja do Padre Eust\u00e1quio - Padre Eust\u00e1quio<\/title>\n<meta name=\"robots\" content=\"index, follow, max-snippet:-1, max-image-preview:large, max-video-preview:-1\" \/>\n<link rel=\"canonical\" href=\"https:\/\/www.padreeustaquio.com.br\/en\/baptisms-are-once-again-taking-place-at-father-eustaquios-church\/\" \/>\n<meta property=\"og:locale\" content=\"en_US\" \/>\n<meta property=\"og:type\" content=\"article\" \/>\n<meta property=\"og:title\" content=\"Batizados voltam a acontecer na igreja do Padre Eust\u00e1quio - Padre Eust\u00e1quio\" \/>\n<meta property=\"og:description\" content=\"Depois de seis meses sem realizar os ritos do batismo, por causa da pandemia, o Santu\u00e1rio \u201cSa\u00fade e Paz\u201d, conhecido como igreja do Padre Eust\u00e1quio, em Belo Horizonte, teve a celebra\u00e7\u00e3o do sacramento inclu\u00edda na rotina semanal do templo. No \u00faltimo domingo, tr\u00eas crian\u00e7as foram batizadas. Com n\u00famero restrito de pessoas, os participantes tiveram a temperatura aferida, os cal\u00e7ados e m\u00e3os higienizados. Num dos bancos, os pais e a crian\u00e7a, ao lado, em outro banco os padrinhos. Os convidados de cada batizando se sentaram nos outros bancos marcados com distanciamento. O sinal da Cruz, que normalmente \u00e9 feito pelos pais, [&hellip;]\" \/>\n<meta property=\"og:url\" content=\"https:\/\/www.padreeustaquio.com.br\/en\/baptisms-are-once-again-taking-place-at-father-eustaquios-church\/\" \/>\n<meta property=\"og:site_name\" content=\"Padre Eust\u00e1quio\" \/>\n<meta property=\"article:publisher\" content=\"https:\/\/www.facebook.com\/beatopadreeustaquio\/\" \/>\n<meta property=\"article:published_time\" content=\"2020-10-02T13:11:12+00:00\" \/>\n<meta property=\"article:modified_time\" content=\"2020-10-02T14:32:07+00:00\" \/>\n<meta property=\"og:image\" content=\"https:\/\/www.padreeustaquio.com.br\/wp-content\/uploads\/2020\/10\/WhatsApp-Image-2020-09-30-at-09.50.23.jpeg\" \/>\n\t<meta property=\"og:image:width\" content=\"667\" \/>\n\t<meta property=\"og:image:height\" content=\"375\" \/>\n\t<meta property=\"og:image:type\" content=\"image\/jpeg\" \/>\n<meta name=\"author\" content=\"@sscc\" \/>\n<meta name=\"twitter:card\" content=\"summary_large_image\" \/>\n<meta name=\"twitter:creator\" content=\"@beatopeustaquio\" \/>\n<meta name=\"twitter:site\" content=\"@beatopeustaquio\" \/>\n<meta name=\"twitter:label1\" content=\"Written by\" \/>\n\t<meta name=\"twitter:data1\" content=\"@sscc\" \/>\n\t<meta name=\"twitter:label2\" content=\"Est. reading time\" \/>\n\t<meta name=\"twitter:data2\" content=\"2 minutes\" \/>\n<script type=\"application\/ld+json\" class=\"yoast-schema-graph\">{\"@context\":\"https:\/\/schema.org\",\"@graph\":[{\"@type\":\"Article\",\"@id\":\"https:\/\/www.padreeustaquio.com.br\/batizados-voltam-a-acontecer-na-igreja-do-padre-eustaquio\/#article\",\"isPartOf\":{\"@id\":\"https:\/\/www.padreeustaquio.com.br\/batizados-voltam-a-acontecer-na-igreja-do-padre-eustaquio\/\"},\"author\":{\"name\":\"@sscc\",\"@id\":\"https:\/\/www.padreeustaquio.com.br\/#\/schema\/person\/a2a51db1d00f1a7af0204a0f1ddb1566\"},\"headline\":\"Batizados voltam a acontecer na igreja do Padre Eust\u00e1quio\",\"datePublished\":\"2020-10-02T13:11:12+00:00\",\"dateModified\":\"2020-10-02T14:32:07+00:00\",\"mainEntityOfPage\":{\"@id\":\"https:\/\/www.padreeustaquio.com.br\/batizados-voltam-a-acontecer-na-igreja-do-padre-eustaquio\/\"},\"wordCount\":328,\"commentCount\":0,\"publisher\":{\"@id\":\"https:\/\/www.padreeustaquio.com.br\/#organization\"},\"image\":{\"@id\":\"https:\/\/www.padreeustaquio.com.br\/batizados-voltam-a-acontecer-na-igreja-do-padre-eustaquio\/#primaryimage\"},\"thumbnailUrl\":\"https:\/\/www.padreeustaquio.com.br\/wp-content\/uploads\/2020\/10\/WhatsApp-Image-2020-09-30-at-09.50.23.jpeg\",\"articleSection\":[\"Not\u00edcias\"],\"inLanguage\":\"en-US\",\"potentialAction\":[{\"@type\":\"CommentAction\",\"name\":\"Comment\",\"target\":[\"https:\/\/www.padreeustaquio.com.br\/batizados-voltam-a-acontecer-na-igreja-do-padre-eustaquio\/#respond\"]}]},{\"@type\":\"WebPage\",\"@id\":\"https:\/\/www.padreeustaquio.com.br\/batizados-voltam-a-acontecer-na-igreja-do-padre-eustaquio\/\",\"url\":\"https:\/\/www.padreeustaquio.com.br\/batizados-voltam-a-acontecer-na-igreja-do-padre-eustaquio\/\",\"name\":\"Batizados voltam a acontecer na igreja do Padre Eust\u00e1quio - Padre Eust\u00e1quio\",\"isPartOf\":{\"@id\":\"https:\/\/www.padreeustaquio.com.br\/#website\"},\"primaryImageOfPage\":{\"@id\":\"https:\/\/www.padreeustaquio.com.br\/batizados-voltam-a-acontecer-na-igreja-do-padre-eustaquio\/#primaryimage\"},\"image\":{\"@id\":\"https:\/\/www.padreeustaquio.com.br\/batizados-voltam-a-acontecer-na-igreja-do-padre-eustaquio\/#primaryimage\"},\"thumbnailUrl\":\"https:\/\/www.padreeustaquio.com.br\/wp-content\/uploads\/2020\/10\/WhatsApp-Image-2020-09-30-at-09.50.23.jpeg\",\"datePublished\":\"2020-10-02T13:11:12+00:00\",\"dateModified\":\"2020-10-02T14:32:07+00:00\",\"breadcrumb\":{\"@id\":\"https:\/\/www.padreeustaquio.com.br\/batizados-voltam-a-acontecer-na-igreja-do-padre-eustaquio\/#breadcrumb\"},\"inLanguage\":\"en-US\",\"potentialAction\":[{\"@type\":\"ReadAction\",\"target\":[\"https:\/\/www.padreeustaquio.com.br\/batizados-voltam-a-acontecer-na-igreja-do-padre-eustaquio\/\"]}]},{\"@type\":\"ImageObject\",\"inLanguage\":\"en-US\",\"@id\":\"https:\/\/www.padreeustaquio.com.br\/batizados-voltam-a-acontecer-na-igreja-do-padre-eustaquio\/#primaryimage\",\"url\":\"https:\/\/www.padreeustaquio.com.br\/wp-content\/uploads\/2020\/10\/WhatsApp-Image-2020-09-30-at-09.50.23.jpeg\",\"contentUrl\":\"https:\/\/www.padreeustaquio.com.br\/wp-content\/uploads\/2020\/10\/WhatsApp-Image-2020-09-30-at-09.50.23.jpeg\",\"width\":667,\"height\":375,\"caption\":\"Padre Edmar batiza um beb\u00ea. A foto foi tirada no momento em que ele derrama \u00e1gua na cabe\u00e7a do batizando. Ao redor da bacia est\u00e3o os pais, os padrinhos e os av\u00f3s.\"},{\"@type\":\"BreadcrumbList\",\"@id\":\"https:\/\/www.padreeustaquio.com.br\/batizados-voltam-a-acontecer-na-igreja-do-padre-eustaquio\/#breadcrumb\",\"itemListElement\":[{\"@type\":\"ListItem\",\"position\":1,\"name\":\"In\u00edcio\",\"item\":\"https:\/\/www.padreeustaquio.com.br\/\"},{\"@type\":\"ListItem\",\"position\":2,\"name\":\"Batizados voltam a acontecer na igreja do Padre Eust\u00e1quio\"}]},{\"@type\":\"WebSite\",\"@id\":\"https:\/\/www.padreeustaquio.com.br\/#website\",\"url\":\"https:\/\/www.padreeustaquio.com.br\/\",\"name\":\"Padre Eust\u00e1quio\",\"description\":\"Sa\u00fade e Paz\",\"publisher\":{\"@id\":\"https:\/\/www.padreeustaquio.com.br\/#organization\"},\"potentialAction\":[{\"@type\":\"SearchAction\",\"target\":{\"@type\":\"EntryPoint\",\"urlTemplate\":\"https:\/\/www.padreeustaquio.com.br\/?s={search_term_string}\"},\"query-input\":{\"@type\":\"PropertyValueSpecification\",\"valueRequired\":true,\"valueName\":\"search_term_string\"}}],\"inLanguage\":\"en-US\"},{\"@type\":\"Organization\",\"@id\":\"https:\/\/www.padreeustaquio.com.br\/#organization\",\"name\":\"Padre Eust\u00e1quio\",\"url\":\"https:\/\/www.padreeustaquio.com.br\/\",\"logo\":{\"@type\":\"ImageObject\",\"inLanguage\":\"en-US\",\"@id\":\"https:\/\/www.padreeustaquio.com.br\/#\/schema\/logo\/image\/\",\"url\":\"https:\/\/www.padreeustaquio.com.br\/wp-content\/uploads\/2019\/08\/marca.png\",\"contentUrl\":\"https:\/\/www.padreeustaquio.com.br\/wp-content\/uploads\/2019\/08\/marca.png\",\"width\":350,\"height\":400,\"caption\":\"Padre Eust\u00e1quio\"},\"image\":{\"@id\":\"https:\/\/www.padreeustaquio.com.br\/#\/schema\/logo\/image\/\"},\"sameAs\":[\"https:\/\/www.facebook.com\/beatopadreeustaquio\/\",\"https:\/\/x.com\/beatopeustaquio\",\"https:\/\/www.instagram.com\/beatopadreeustaquio\/\",\"https:\/\/www.youtube.com\/channel\/UCRhw7vfabnajwLxb1ZXMeIw\"]},{\"@type\":\"Person\",\"@id\":\"https:\/\/www.padreeustaquio.com.br\/#\/schema\/person\/a2a51db1d00f1a7af0204a0f1ddb1566\",\"name\":\"@sscc\",\"image\":{\"@type\":\"ImageObject\",\"inLanguage\":\"en-US\",\"@id\":\"https:\/\/secure.gravatar.com\/avatar\/68cfafa5f44617fea54071e215026e0ff06be366c3d54a8425f04fdcb86f8c5f?s=96&d=mm&r=g\",\"url\":\"https:\/\/secure.gravatar.com\/avatar\/68cfafa5f44617fea54071e215026e0ff06be366c3d54a8425f04fdcb86f8c5f?s=96&d=mm&r=g\",\"contentUrl\":\"https:\/\/secure.gravatar.com\/avatar\/68cfafa5f44617fea54071e215026e0ff06be366c3d54a8425f04fdcb86f8c5f?s=96&d=mm&r=g\",\"caption\":\"@sscc\"},\"url\":\"https:\/\/www.padreeustaquio.com.br\/en\/author\/sscc\/\"}]}<\/script>\n<!-- \/ Yoast SEO plugin. -->","yoast_head_json":{"title":"Baptisms are once again taking place at Father Eust\u00e1quio&#039;s church - Father Eust\u00e1quio","robots":{"index":"index","follow":"follow","max-snippet":"max-snippet:-1","max-image-preview":"max-image-preview:large","max-video-preview":"max-video-preview:-1"},"canonical":"https:\/\/www.padreeustaquio.com.br\/en\/baptisms-are-once-again-taking-place-at-father-eustaquios-church\/","og_locale":"en_US","og_type":"article","og_title":"Batizados voltam a acontecer na igreja do Padre Eust\u00e1quio - Padre Eust\u00e1quio","og_description":"Depois de seis meses sem realizar os ritos do batismo, por causa da pandemia, o Santu\u00e1rio \u201cSa\u00fade e Paz\u201d, conhecido como igreja do Padre Eust\u00e1quio, em Belo Horizonte, teve a celebra\u00e7\u00e3o do sacramento inclu\u00edda na rotina semanal do templo. No \u00faltimo domingo, tr\u00eas crian\u00e7as foram batizadas. Com n\u00famero restrito de pessoas, os participantes tiveram a temperatura aferida, os cal\u00e7ados e m\u00e3os higienizados. Num dos bancos, os pais e a crian\u00e7a, ao lado, em outro banco os padrinhos. Os convidados de cada batizando se sentaram nos outros bancos marcados com distanciamento. O sinal da Cruz, que normalmente \u00e9 feito pelos pais, [&hellip;]","og_url":"https:\/\/www.padreeustaquio.com.br\/en\/baptisms-are-once-again-taking-place-at-father-eustaquios-church\/","og_site_name":"Padre Eust\u00e1quio","article_publisher":"https:\/\/www.facebook.com\/beatopadreeustaquio\/","article_published_time":"2020-10-02T13:11:12+00:00","article_modified_time":"2020-10-02T14:32:07+00:00","og_image":[{"width":667,"height":375,"url":"https:\/\/www.padreeustaquio.com.br\/wp-content\/uploads\/2020\/10\/WhatsApp-Image-2020-09-30-at-09.50.23.jpeg","type":"image\/jpeg"}],"author":"@sscc","twitter_card":"summary_large_image","twitter_creator":"@beatopeustaquio","twitter_site":"@beatopeustaquio","twitter_misc":{"Written by":"@sscc","Est. reading time":"2 minutes"},"schema":{"@context":"https:\/\/schema.org","@graph":[{"@type":"Article","@id":"https:\/\/www.padreeustaquio.com.br\/batizados-voltam-a-acontecer-na-igreja-do-padre-eustaquio\/#article","isPartOf":{"@id":"https:\/\/www.padreeustaquio.com.br\/batizados-voltam-a-acontecer-na-igreja-do-padre-eustaquio\/"},"author":{"name":"@sscc","@id":"https:\/\/www.padreeustaquio.com.br\/#\/schema\/person\/a2a51db1d00f1a7af0204a0f1ddb1566"},"headline":"Batizados voltam a acontecer na igreja do Padre Eust\u00e1quio","datePublished":"2020-10-02T13:11:12+00:00","dateModified":"2020-10-02T14:32:07+00:00","mainEntityOfPage":{"@id":"https:\/\/www.padreeustaquio.com.br\/batizados-voltam-a-acontecer-na-igreja-do-padre-eustaquio\/"},"wordCount":328,"commentCount":0,"publisher":{"@id":"https:\/\/www.padreeustaquio.com.br\/#organization"},"image":{"@id":"https:\/\/www.padreeustaquio.com.br\/batizados-voltam-a-acontecer-na-igreja-do-padre-eustaquio\/#primaryimage"},"thumbnailUrl":"https:\/\/www.padreeustaquio.com.br\/wp-content\/uploads\/2020\/10\/WhatsApp-Image-2020-09-30-at-09.50.23.jpeg","articleSection":["Not\u00edcias"],"inLanguage":"en-US","potentialAction":[{"@type":"CommentAction","name":"Comment","target":["https:\/\/www.padreeustaquio.com.br\/batizados-voltam-a-acontecer-na-igreja-do-padre-eustaquio\/#respond"]}]},{"@type":"WebPage","@id":"https:\/\/www.padreeustaquio.com.br\/batizados-voltam-a-acontecer-na-igreja-do-padre-eustaquio\/","url":"https:\/\/www.padreeustaquio.com.br\/batizados-voltam-a-acontecer-na-igreja-do-padre-eustaquio\/","name":"Baptisms are once again taking place at Father Eust\u00e1quio&#039;s church - Father Eust\u00e1quio","isPartOf":{"@id":"https:\/\/www.padreeustaquio.com.br\/#website"},"primaryImageOfPage":{"@id":"https:\/\/www.padreeustaquio.com.br\/batizados-voltam-a-acontecer-na-igreja-do-padre-eustaquio\/#primaryimage"},"image":{"@id":"https:\/\/www.padreeustaquio.com.br\/batizados-voltam-a-acontecer-na-igreja-do-padre-eustaquio\/#primaryimage"},"thumbnailUrl":"https:\/\/www.padreeustaquio.com.br\/wp-content\/uploads\/2020\/10\/WhatsApp-Image-2020-09-30-at-09.50.23.jpeg","datePublished":"2020-10-02T13:11:12+00:00","dateModified":"2020-10-02T14:32:07+00:00","breadcrumb":{"@id":"https:\/\/www.padreeustaquio.com.br\/batizados-voltam-a-acontecer-na-igreja-do-padre-eustaquio\/#breadcrumb"},"inLanguage":"en-US","potentialAction":[{"@type":"ReadAction","target":["https:\/\/www.padreeustaquio.com.br\/batizados-voltam-a-acontecer-na-igreja-do-padre-eustaquio\/"]}]},{"@type":"ImageObject","inLanguage":"en-US","@id":"https:\/\/www.padreeustaquio.com.br\/batizados-voltam-a-acontecer-na-igreja-do-padre-eustaquio\/#primaryimage","url":"https:\/\/www.padreeustaquio.com.br\/wp-content\/uploads\/2020\/10\/WhatsApp-Image-2020-09-30-at-09.50.23.jpeg","contentUrl":"https:\/\/www.padreeustaquio.com.br\/wp-content\/uploads\/2020\/10\/WhatsApp-Image-2020-09-30-at-09.50.23.jpeg","width":667,"height":375,"caption":"Padre Edmar batiza um beb\u00ea. A foto foi tirada no momento em que ele derrama \u00e1gua na cabe\u00e7a do batizando. Ao redor da bacia est\u00e3o os pais, os padrinhos e os av\u00f3s."},{"@type":"BreadcrumbList","@id":"https:\/\/www.padreeustaquio.com.br\/batizados-voltam-a-acontecer-na-igreja-do-padre-eustaquio\/#breadcrumb","itemListElement":[{"@type":"ListItem","position":1,"name":"In\u00edcio","item":"https:\/\/www.padreeustaquio.com.br\/"},{"@type":"ListItem","position":2,"name":"Batizados voltam a acontecer na igreja do Padre Eust\u00e1quio"}]},{"@type":"WebSite","@id":"https:\/\/www.padreeustaquio.com.br\/#website","url":"https:\/\/www.padreeustaquio.com.br\/","name":"FATHER EUST\u00c1QUIO","description":"Health and Peace","publisher":{"@id":"https:\/\/www.padreeustaquio.com.br\/#organization"},"potentialAction":[{"@type":"SearchAction","target":{"@type":"EntryPoint","urlTemplate":"https:\/\/www.padreeustaquio.com.br\/?s={search_term_string}"},"query-input":{"@type":"PropertyValueSpecification","valueRequired":true,"valueName":"search_term_string"}}],"inLanguage":"en-US"},{"@type":"Organization","@id":"https:\/\/www.padreeustaquio.com.br\/#organization","name":"FATHER EUST\u00c1QUIO","url":"https:\/\/www.padreeustaquio.com.br\/","logo":{"@type":"ImageObject","inLanguage":"en-US","@id":"https:\/\/www.padreeustaquio.com.br\/#\/schema\/logo\/image\/","url":"https:\/\/www.padreeustaquio.com.br\/wp-content\/uploads\/2019\/08\/marca.png","contentUrl":"https:\/\/www.padreeustaquio.com.br\/wp-content\/uploads\/2019\/08\/marca.png","width":350,"height":400,"caption":"Padre Eust\u00e1quio"},"image":{"@id":"https:\/\/www.padreeustaquio.com.br\/#\/schema\/logo\/image\/"},"sameAs":["https:\/\/www.facebook.com\/beatopadreeustaquio\/","https:\/\/x.com\/beatopeustaquio","https:\/\/www.instagram.com\/beatopadreeustaquio\/","https:\/\/www.youtube.com\/channel\/UCRhw7vfabnajwLxb1ZXMeIw"]},{"@type":"Person","@id":"https:\/\/www.padreeustaquio.com.br\/#\/schema\/person\/a2a51db1d00f1a7af0204a0f1ddb1566","name":"@sscc","image":{"@type":"ImageObject","inLanguage":"en-US","@id":"https:\/\/secure.gravatar.com\/avatar\/68cfafa5f44617fea54071e215026e0ff06be366c3d54a8425f04fdcb86f8c5f?s=96&d=mm&r=g","url":"https:\/\/secure.gravatar.com\/avatar\/68cfafa5f44617fea54071e215026e0ff06be366c3d54a8425f04fdcb86f8c5f?s=96&d=mm&r=g","contentUrl":"https:\/\/secure.gravatar.com\/avatar\/68cfafa5f44617fea54071e215026e0ff06be366c3d54a8425f04fdcb86f8c5f?s=96&d=mm&r=g","caption":"@sscc"},"url":"https:\/\/www.padreeustaquio.com.br\/en\/author\/sscc\/"}]}},"_links":{"self":[{"href":"https:\/\/www.padreeustaquio.com.br\/en\/wp-json\/wp\/v2\/posts\/4642","targetHints":{"allow":["GET"]}}],"collection":[{"href":"https:\/\/www.padreeustaquio.com.br\/en\/wp-json\/wp\/v2\/posts"}],"about":[{"href":"https:\/\/www.padreeustaquio.com.br\/en\/wp-json\/wp\/v2\/types\/post"}],"author":[{"embeddable":true,"href":"https:\/\/www.padreeustaquio.com.br\/en\/wp-json\/wp\/v2\/users\/2"}],"replies":[{"embeddable":true,"href":"https:\/\/www.padreeustaquio.com.br\/en\/wp-json\/wp\/v2\/comments?post=4642"}],"version-history":[{"count":0,"href":"https:\/\/www.padreeustaquio.com.br\/en\/wp-json\/wp\/v2\/posts\/4642\/revisions"}],"wp:featuredmedia":[{"embeddable":true,"href":"https:\/\/www.padreeustaquio.com.br\/en\/wp-json\/wp\/v2\/media\/4643"}],"wp:attachment":[{"href":"https:\/\/www.padreeustaquio.com.br\/en\/wp-json\/wp\/v2\/media?parent=4642"}],"wp:term":[{"taxonomy":"category","embeddable":true,"href":"https:\/\/www.padreeustaquio.com.br\/en\/wp-json\/wp\/v2\/categories?post=4642"},{"taxonomy":"post_tag","embeddable":true,"href":"https:\/\/www.padreeustaquio.com.br\/en\/wp-json\/wp\/v2\/tags?post=4642"}],"curies":[{"name":"wp","href":"https:\/\/api.w.org\/{rel}","templated":true}]}}