{"id":4628,"date":"2020-09-26T14:02:36","date_gmt":"2020-09-26T17:02:36","guid":{"rendered":"https:\/\/www.padreeustaquio.com.br\/?p=4628"},"modified":"2020-09-26T14:10:37","modified_gmt":"2020-09-26T17:10:37","slug":"commission-for-the-spiritual-and-historical-heritage-of-the-sscc-meets-in-rome","status":"publish","type":"post","link":"https:\/\/www.padreeustaquio.com.br\/en\/commission-for-the-spiritual-and-historical-heritage-of-the-sscc-meets-in-rome\/","title":{"rendered":"SSCC Commission for Spiritual and Historical Heritage meets in Rome"},"content":{"rendered":"<p>The Commission for the Spiritual and Historical Heritage of the Congregation of the Sacred Hearts met on September 24th at the General House on Via Aur\u00e9lia (where the sisters live). They evaluated the work done in the brothers&#039; archives. <a href=\"https:\/\/www.ssccpicpus.com\/\">SSCC<\/a> deaths during the Paris Commune.<\/p>\n<p>They also planned the work to be developed in the coming months around pastoral discernment, against the backdrop of the Founders&#039; experience. Andrzej Lukawski recounted the cause of the Founders and the SSCC brothers who were shot during the Paris Commune.<\/p>\n<p>Furthermore, the Commission is tasked with preparing guidelines for community reflection and worship during significant times. A new edition of the Cahiers de Spiritualit\u00e9 (Notebooks of Spirituality, on the vows of religious) is also being considered.<\/p>\n<p>At the end of the meeting, the group celebrated the Eucharist together with the community, followed by a typical Italian dinner with pizza.<\/p>","protected":false},"excerpt":{"rendered":"<p>A Comiss\u00e3o para o Patrim\u00f4nio Espiritual e Hist\u00f3rico da Congrega\u00e7\u00e3o dos Sagrados Cora\u00e7\u00f5es se reuniu, no \u00faltimo dia 24 de setembro, na Casa Geral da Via Aur\u00e9lia (onde vivem as irm\u00e3s). Eles avaliaram o trabalho feito nos arquivos dos irm\u00e3os SSCC mortos na Comuna de Paris. Eles tamb\u00e9m planejaram o trabalho a ser desenvolvido nos pr\u00f3ximos meses em torno do discernimento pastoral, tendo como pano de fundo a experi\u00eancia dos Fundadores.\u00a0Andrzej Lukawski relatou a causa dos Fundadores e dos irm\u00e3os SSCC fuzilados na Comuna de Paris. Al\u00e9m disso, a Comiss\u00e3o est\u00e1 encarregada de preparar diretrizes para a reflex\u00e3o e adora\u00e7\u00e3o [&hellip;]<\/p>\n","protected":false},"author":2,"featured_media":4631,"comment_status":"open","ping_status":"open","sticky":false,"template":"","format":"standard","meta":{"_acf_changed":false,"footnotes":""},"categories":[611],"tags":[],"class_list":["post-4628","post","type-post","status-publish","format-standard","has-post-thumbnail","hentry","category-noticias"],"acf":[],"yoast_head":"<!-- This site is optimized with the Yoast SEO plugin v27.2 - https:\/\/yoast.com\/product\/yoast-seo-wordpress\/ -->\n<title>Comiss\u00e3o para o Patrim\u00f4nio Espiritual e Hist\u00f3rico SSCC se re\u00fane em Roma - Padre Eust\u00e1quio<\/title>\n<meta name=\"robots\" content=\"index, follow, max-snippet:-1, max-image-preview:large, max-video-preview:-1\" \/>\n<link rel=\"canonical\" href=\"https:\/\/www.padreeustaquio.com.br\/en\/commission-for-the-spiritual-and-historical-heritage-of-the-sscc-meets-in-rome\/\" \/>\n<meta property=\"og:locale\" content=\"en_US\" \/>\n<meta property=\"og:type\" content=\"article\" \/>\n<meta property=\"og:title\" content=\"Comiss\u00e3o para o Patrim\u00f4nio Espiritual e Hist\u00f3rico SSCC se re\u00fane em Roma - Padre Eust\u00e1quio\" \/>\n<meta property=\"og:description\" content=\"A Comiss\u00e3o para o Patrim\u00f4nio Espiritual e Hist\u00f3rico da Congrega\u00e7\u00e3o dos Sagrados Cora\u00e7\u00f5es se reuniu, no \u00faltimo dia 24 de setembro, na Casa Geral da Via Aur\u00e9lia (onde vivem as irm\u00e3s). Eles avaliaram o trabalho feito nos arquivos dos irm\u00e3os SSCC mortos na Comuna de Paris. Eles tamb\u00e9m planejaram o trabalho a ser desenvolvido nos pr\u00f3ximos meses em torno do discernimento pastoral, tendo como pano de fundo a experi\u00eancia dos Fundadores.\u00a0Andrzej Lukawski relatou a causa dos Fundadores e dos irm\u00e3os SSCC fuzilados na Comuna de Paris. Al\u00e9m disso, a Comiss\u00e3o est\u00e1 encarregada de preparar diretrizes para a reflex\u00e3o e adora\u00e7\u00e3o [&hellip;]\" \/>\n<meta property=\"og:url\" content=\"https:\/\/www.padreeustaquio.com.br\/en\/commission-for-the-spiritual-and-historical-heritage-of-the-sscc-meets-in-rome\/\" \/>\n<meta property=\"og:site_name\" content=\"Padre Eust\u00e1quio\" \/>\n<meta property=\"article:publisher\" content=\"https:\/\/www.facebook.com\/beatopadreeustaquio\/\" \/>\n<meta property=\"article:published_time\" content=\"2020-09-26T17:02:36+00:00\" \/>\n<meta property=\"article:modified_time\" content=\"2020-09-26T17:10:37+00:00\" \/>\n<meta property=\"og:image\" content=\"https:\/\/www.padreeustaquio.com.br\/wp-content\/uploads\/2020\/09\/Irmaos-de-Roma-1.jpg\" \/>\n\t<meta property=\"og:image:width\" content=\"620\" \/>\n\t<meta property=\"og:image:height\" content=\"465\" \/>\n\t<meta property=\"og:image:type\" content=\"image\/jpeg\" \/>\n<meta name=\"author\" content=\"@sscc\" \/>\n<meta name=\"twitter:card\" content=\"summary_large_image\" \/>\n<meta name=\"twitter:creator\" content=\"@beatopeustaquio\" \/>\n<meta name=\"twitter:site\" content=\"@beatopeustaquio\" \/>\n<meta name=\"twitter:label1\" content=\"Written by\" \/>\n\t<meta name=\"twitter:data1\" content=\"@sscc\" \/>\n\t<meta name=\"twitter:label2\" content=\"Est. reading time\" \/>\n\t<meta name=\"twitter:data2\" content=\"1 minute\" \/>\n<script type=\"application\/ld+json\" class=\"yoast-schema-graph\">{\"@context\":\"https:\/\/schema.org\",\"@graph\":[{\"@type\":\"Article\",\"@id\":\"https:\/\/www.padreeustaquio.com.br\/comissao-para-o-patrimonio-espiritual-e-historico-sscc-se-reune-em-roma\/#article\",\"isPartOf\":{\"@id\":\"https:\/\/www.padreeustaquio.com.br\/comissao-para-o-patrimonio-espiritual-e-historico-sscc-se-reune-em-roma\/\"},\"author\":{\"name\":\"@sscc\",\"@id\":\"https:\/\/www.padreeustaquio.com.br\/#\/schema\/person\/a2a51db1d00f1a7af0204a0f1ddb1566\"},\"headline\":\"Comiss\u00e3o para o Patrim\u00f4nio Espiritual e Hist\u00f3rico SSCC se re\u00fane em Roma\",\"datePublished\":\"2020-09-26T17:02:36+00:00\",\"dateModified\":\"2020-09-26T17:10:37+00:00\",\"mainEntityOfPage\":{\"@id\":\"https:\/\/www.padreeustaquio.com.br\/comissao-para-o-patrimonio-espiritual-e-historico-sscc-se-reune-em-roma\/\"},\"wordCount\":180,\"commentCount\":0,\"publisher\":{\"@id\":\"https:\/\/www.padreeustaquio.com.br\/#organization\"},\"image\":{\"@id\":\"https:\/\/www.padreeustaquio.com.br\/comissao-para-o-patrimonio-espiritual-e-historico-sscc-se-reune-em-roma\/#primaryimage\"},\"thumbnailUrl\":\"https:\/\/www.padreeustaquio.com.br\/wp-content\/uploads\/2020\/09\/Irmaos-de-Roma-1.jpg\",\"articleSection\":[\"Not\u00edcias\"],\"inLanguage\":\"en-US\",\"potentialAction\":[{\"@type\":\"CommentAction\",\"name\":\"Comment\",\"target\":[\"https:\/\/www.padreeustaquio.com.br\/comissao-para-o-patrimonio-espiritual-e-historico-sscc-se-reune-em-roma\/#respond\"]}]},{\"@type\":\"WebPage\",\"@id\":\"https:\/\/www.padreeustaquio.com.br\/comissao-para-o-patrimonio-espiritual-e-historico-sscc-se-reune-em-roma\/\",\"url\":\"https:\/\/www.padreeustaquio.com.br\/comissao-para-o-patrimonio-espiritual-e-historico-sscc-se-reune-em-roma\/\",\"name\":\"Comiss\u00e3o para o Patrim\u00f4nio Espiritual e Hist\u00f3rico SSCC se re\u00fane em Roma - Padre Eust\u00e1quio\",\"isPartOf\":{\"@id\":\"https:\/\/www.padreeustaquio.com.br\/#website\"},\"primaryImageOfPage\":{\"@id\":\"https:\/\/www.padreeustaquio.com.br\/comissao-para-o-patrimonio-espiritual-e-historico-sscc-se-reune-em-roma\/#primaryimage\"},\"image\":{\"@id\":\"https:\/\/www.padreeustaquio.com.br\/comissao-para-o-patrimonio-espiritual-e-historico-sscc-se-reune-em-roma\/#primaryimage\"},\"thumbnailUrl\":\"https:\/\/www.padreeustaquio.com.br\/wp-content\/uploads\/2020\/09\/Irmaos-de-Roma-1.jpg\",\"datePublished\":\"2020-09-26T17:02:36+00:00\",\"dateModified\":\"2020-09-26T17:10:37+00:00\",\"breadcrumb\":{\"@id\":\"https:\/\/www.padreeustaquio.com.br\/comissao-para-o-patrimonio-espiritual-e-historico-sscc-se-reune-em-roma\/#breadcrumb\"},\"inLanguage\":\"en-US\",\"potentialAction\":[{\"@type\":\"ReadAction\",\"target\":[\"https:\/\/www.padreeustaquio.com.br\/comissao-para-o-patrimonio-espiritual-e-historico-sscc-se-reune-em-roma\/\"]}]},{\"@type\":\"ImageObject\",\"inLanguage\":\"en-US\",\"@id\":\"https:\/\/www.padreeustaquio.com.br\/comissao-para-o-patrimonio-espiritual-e-historico-sscc-se-reune-em-roma\/#primaryimage\",\"url\":\"https:\/\/www.padreeustaquio.com.br\/wp-content\/uploads\/2020\/09\/Irmaos-de-Roma-1.jpg\",\"contentUrl\":\"https:\/\/www.padreeustaquio.com.br\/wp-content\/uploads\/2020\/09\/Irmaos-de-Roma-1.jpg\",\"width\":620,\"height\":465},{\"@type\":\"BreadcrumbList\",\"@id\":\"https:\/\/www.padreeustaquio.com.br\/comissao-para-o-patrimonio-espiritual-e-historico-sscc-se-reune-em-roma\/#breadcrumb\",\"itemListElement\":[{\"@type\":\"ListItem\",\"position\":1,\"name\":\"In\u00edcio\",\"item\":\"https:\/\/www.padreeustaquio.com.br\/\"},{\"@type\":\"ListItem\",\"position\":2,\"name\":\"Comiss\u00e3o para o Patrim\u00f4nio Espiritual e Hist\u00f3rico SSCC se re\u00fane em Roma\"}]},{\"@type\":\"WebSite\",\"@id\":\"https:\/\/www.padreeustaquio.com.br\/#website\",\"url\":\"https:\/\/www.padreeustaquio.com.br\/\",\"name\":\"Padre Eust\u00e1quio\",\"description\":\"Sa\u00fade e Paz\",\"publisher\":{\"@id\":\"https:\/\/www.padreeustaquio.com.br\/#organization\"},\"potentialAction\":[{\"@type\":\"SearchAction\",\"target\":{\"@type\":\"EntryPoint\",\"urlTemplate\":\"https:\/\/www.padreeustaquio.com.br\/?s={search_term_string}\"},\"query-input\":{\"@type\":\"PropertyValueSpecification\",\"valueRequired\":true,\"valueName\":\"search_term_string\"}}],\"inLanguage\":\"en-US\"},{\"@type\":\"Organization\",\"@id\":\"https:\/\/www.padreeustaquio.com.br\/#organization\",\"name\":\"Padre Eust\u00e1quio\",\"url\":\"https:\/\/www.padreeustaquio.com.br\/\",\"logo\":{\"@type\":\"ImageObject\",\"inLanguage\":\"en-US\",\"@id\":\"https:\/\/www.padreeustaquio.com.br\/#\/schema\/logo\/image\/\",\"url\":\"https:\/\/www.padreeustaquio.com.br\/wp-content\/uploads\/2019\/08\/marca.png\",\"contentUrl\":\"https:\/\/www.padreeustaquio.com.br\/wp-content\/uploads\/2019\/08\/marca.png\",\"width\":350,\"height\":400,\"caption\":\"Padre Eust\u00e1quio\"},\"image\":{\"@id\":\"https:\/\/www.padreeustaquio.com.br\/#\/schema\/logo\/image\/\"},\"sameAs\":[\"https:\/\/www.facebook.com\/beatopadreeustaquio\/\",\"https:\/\/x.com\/beatopeustaquio\",\"https:\/\/www.instagram.com\/beatopadreeustaquio\/\",\"https:\/\/www.youtube.com\/channel\/UCRhw7vfabnajwLxb1ZXMeIw\"]},{\"@type\":\"Person\",\"@id\":\"https:\/\/www.padreeustaquio.com.br\/#\/schema\/person\/a2a51db1d00f1a7af0204a0f1ddb1566\",\"name\":\"@sscc\",\"image\":{\"@type\":\"ImageObject\",\"inLanguage\":\"en-US\",\"@id\":\"https:\/\/secure.gravatar.com\/avatar\/68cfafa5f44617fea54071e215026e0ff06be366c3d54a8425f04fdcb86f8c5f?s=96&d=mm&r=g\",\"url\":\"https:\/\/secure.gravatar.com\/avatar\/68cfafa5f44617fea54071e215026e0ff06be366c3d54a8425f04fdcb86f8c5f?s=96&d=mm&r=g\",\"contentUrl\":\"https:\/\/secure.gravatar.com\/avatar\/68cfafa5f44617fea54071e215026e0ff06be366c3d54a8425f04fdcb86f8c5f?s=96&d=mm&r=g\",\"caption\":\"@sscc\"},\"url\":\"https:\/\/www.padreeustaquio.com.br\/en\/author\/sscc\/\"}]}<\/script>\n<!-- \/ Yoast SEO plugin. -->","yoast_head_json":{"title":"Commission for the Spiritual and Historical Heritage SSCC meets in Rome - Father Eust\u00e1quio","robots":{"index":"index","follow":"follow","max-snippet":"max-snippet:-1","max-image-preview":"max-image-preview:large","max-video-preview":"max-video-preview:-1"},"canonical":"https:\/\/www.padreeustaquio.com.br\/en\/commission-for-the-spiritual-and-historical-heritage-of-the-sscc-meets-in-rome\/","og_locale":"en_US","og_type":"article","og_title":"Comiss\u00e3o para o Patrim\u00f4nio Espiritual e Hist\u00f3rico SSCC se re\u00fane em Roma - Padre Eust\u00e1quio","og_description":"A Comiss\u00e3o para o Patrim\u00f4nio Espiritual e Hist\u00f3rico da Congrega\u00e7\u00e3o dos Sagrados Cora\u00e7\u00f5es se reuniu, no \u00faltimo dia 24 de setembro, na Casa Geral da Via Aur\u00e9lia (onde vivem as irm\u00e3s). Eles avaliaram o trabalho feito nos arquivos dos irm\u00e3os SSCC mortos na Comuna de Paris. Eles tamb\u00e9m planejaram o trabalho a ser desenvolvido nos pr\u00f3ximos meses em torno do discernimento pastoral, tendo como pano de fundo a experi\u00eancia dos Fundadores.\u00a0Andrzej Lukawski relatou a causa dos Fundadores e dos irm\u00e3os SSCC fuzilados na Comuna de Paris. Al\u00e9m disso, a Comiss\u00e3o est\u00e1 encarregada de preparar diretrizes para a reflex\u00e3o e adora\u00e7\u00e3o [&hellip;]","og_url":"https:\/\/www.padreeustaquio.com.br\/en\/commission-for-the-spiritual-and-historical-heritage-of-the-sscc-meets-in-rome\/","og_site_name":"Padre Eust\u00e1quio","article_publisher":"https:\/\/www.facebook.com\/beatopadreeustaquio\/","article_published_time":"2020-09-26T17:02:36+00:00","article_modified_time":"2020-09-26T17:10:37+00:00","og_image":[{"width":620,"height":465,"url":"https:\/\/www.padreeustaquio.com.br\/wp-content\/uploads\/2020\/09\/Irmaos-de-Roma-1.jpg","type":"image\/jpeg"}],"author":"@sscc","twitter_card":"summary_large_image","twitter_creator":"@beatopeustaquio","twitter_site":"@beatopeustaquio","twitter_misc":{"Written by":"@sscc","Est. reading time":"1 minute"},"schema":{"@context":"https:\/\/schema.org","@graph":[{"@type":"Article","@id":"https:\/\/www.padreeustaquio.com.br\/comissao-para-o-patrimonio-espiritual-e-historico-sscc-se-reune-em-roma\/#article","isPartOf":{"@id":"https:\/\/www.padreeustaquio.com.br\/comissao-para-o-patrimonio-espiritual-e-historico-sscc-se-reune-em-roma\/"},"author":{"name":"@sscc","@id":"https:\/\/www.padreeustaquio.com.br\/#\/schema\/person\/a2a51db1d00f1a7af0204a0f1ddb1566"},"headline":"Comiss\u00e3o para o Patrim\u00f4nio Espiritual e Hist\u00f3rico SSCC se re\u00fane em Roma","datePublished":"2020-09-26T17:02:36+00:00","dateModified":"2020-09-26T17:10:37+00:00","mainEntityOfPage":{"@id":"https:\/\/www.padreeustaquio.com.br\/comissao-para-o-patrimonio-espiritual-e-historico-sscc-se-reune-em-roma\/"},"wordCount":180,"commentCount":0,"publisher":{"@id":"https:\/\/www.padreeustaquio.com.br\/#organization"},"image":{"@id":"https:\/\/www.padreeustaquio.com.br\/comissao-para-o-patrimonio-espiritual-e-historico-sscc-se-reune-em-roma\/#primaryimage"},"thumbnailUrl":"https:\/\/www.padreeustaquio.com.br\/wp-content\/uploads\/2020\/09\/Irmaos-de-Roma-1.jpg","articleSection":["Not\u00edcias"],"inLanguage":"en-US","potentialAction":[{"@type":"CommentAction","name":"Comment","target":["https:\/\/www.padreeustaquio.com.br\/comissao-para-o-patrimonio-espiritual-e-historico-sscc-se-reune-em-roma\/#respond"]}]},{"@type":"WebPage","@id":"https:\/\/www.padreeustaquio.com.br\/comissao-para-o-patrimonio-espiritual-e-historico-sscc-se-reune-em-roma\/","url":"https:\/\/www.padreeustaquio.com.br\/comissao-para-o-patrimonio-espiritual-e-historico-sscc-se-reune-em-roma\/","name":"Commission for the Spiritual and Historical Heritage SSCC meets in Rome - Father Eust\u00e1quio","isPartOf":{"@id":"https:\/\/www.padreeustaquio.com.br\/#website"},"primaryImageOfPage":{"@id":"https:\/\/www.padreeustaquio.com.br\/comissao-para-o-patrimonio-espiritual-e-historico-sscc-se-reune-em-roma\/#primaryimage"},"image":{"@id":"https:\/\/www.padreeustaquio.com.br\/comissao-para-o-patrimonio-espiritual-e-historico-sscc-se-reune-em-roma\/#primaryimage"},"thumbnailUrl":"https:\/\/www.padreeustaquio.com.br\/wp-content\/uploads\/2020\/09\/Irmaos-de-Roma-1.jpg","datePublished":"2020-09-26T17:02:36+00:00","dateModified":"2020-09-26T17:10:37+00:00","breadcrumb":{"@id":"https:\/\/www.padreeustaquio.com.br\/comissao-para-o-patrimonio-espiritual-e-historico-sscc-se-reune-em-roma\/#breadcrumb"},"inLanguage":"en-US","potentialAction":[{"@type":"ReadAction","target":["https:\/\/www.padreeustaquio.com.br\/comissao-para-o-patrimonio-espiritual-e-historico-sscc-se-reune-em-roma\/"]}]},{"@type":"ImageObject","inLanguage":"en-US","@id":"https:\/\/www.padreeustaquio.com.br\/comissao-para-o-patrimonio-espiritual-e-historico-sscc-se-reune-em-roma\/#primaryimage","url":"https:\/\/www.padreeustaquio.com.br\/wp-content\/uploads\/2020\/09\/Irmaos-de-Roma-1.jpg","contentUrl":"https:\/\/www.padreeustaquio.com.br\/wp-content\/uploads\/2020\/09\/Irmaos-de-Roma-1.jpg","width":620,"height":465},{"@type":"BreadcrumbList","@id":"https:\/\/www.padreeustaquio.com.br\/comissao-para-o-patrimonio-espiritual-e-historico-sscc-se-reune-em-roma\/#breadcrumb","itemListElement":[{"@type":"ListItem","position":1,"name":"In\u00edcio","item":"https:\/\/www.padreeustaquio.com.br\/"},{"@type":"ListItem","position":2,"name":"Comiss\u00e3o para o Patrim\u00f4nio Espiritual e Hist\u00f3rico SSCC se re\u00fane em Roma"}]},{"@type":"WebSite","@id":"https:\/\/www.padreeustaquio.com.br\/#website","url":"https:\/\/www.padreeustaquio.com.br\/","name":"FATHER EUST\u00c1QUIO","description":"Health and Peace","publisher":{"@id":"https:\/\/www.padreeustaquio.com.br\/#organization"},"potentialAction":[{"@type":"SearchAction","target":{"@type":"EntryPoint","urlTemplate":"https:\/\/www.padreeustaquio.com.br\/?s={search_term_string}"},"query-input":{"@type":"PropertyValueSpecification","valueRequired":true,"valueName":"search_term_string"}}],"inLanguage":"en-US"},{"@type":"Organization","@id":"https:\/\/www.padreeustaquio.com.br\/#organization","name":"FATHER EUST\u00c1QUIO","url":"https:\/\/www.padreeustaquio.com.br\/","logo":{"@type":"ImageObject","inLanguage":"en-US","@id":"https:\/\/www.padreeustaquio.com.br\/#\/schema\/logo\/image\/","url":"https:\/\/www.padreeustaquio.com.br\/wp-content\/uploads\/2019\/08\/marca.png","contentUrl":"https:\/\/www.padreeustaquio.com.br\/wp-content\/uploads\/2019\/08\/marca.png","width":350,"height":400,"caption":"Padre Eust\u00e1quio"},"image":{"@id":"https:\/\/www.padreeustaquio.com.br\/#\/schema\/logo\/image\/"},"sameAs":["https:\/\/www.facebook.com\/beatopadreeustaquio\/","https:\/\/x.com\/beatopeustaquio","https:\/\/www.instagram.com\/beatopadreeustaquio\/","https:\/\/www.youtube.com\/channel\/UCRhw7vfabnajwLxb1ZXMeIw"]},{"@type":"Person","@id":"https:\/\/www.padreeustaquio.com.br\/#\/schema\/person\/a2a51db1d00f1a7af0204a0f1ddb1566","name":"@sscc","image":{"@type":"ImageObject","inLanguage":"en-US","@id":"https:\/\/secure.gravatar.com\/avatar\/68cfafa5f44617fea54071e215026e0ff06be366c3d54a8425f04fdcb86f8c5f?s=96&d=mm&r=g","url":"https:\/\/secure.gravatar.com\/avatar\/68cfafa5f44617fea54071e215026e0ff06be366c3d54a8425f04fdcb86f8c5f?s=96&d=mm&r=g","contentUrl":"https:\/\/secure.gravatar.com\/avatar\/68cfafa5f44617fea54071e215026e0ff06be366c3d54a8425f04fdcb86f8c5f?s=96&d=mm&r=g","caption":"@sscc"},"url":"https:\/\/www.padreeustaquio.com.br\/en\/author\/sscc\/"}]}},"_links":{"self":[{"href":"https:\/\/www.padreeustaquio.com.br\/en\/wp-json\/wp\/v2\/posts\/4628","targetHints":{"allow":["GET"]}}],"collection":[{"href":"https:\/\/www.padreeustaquio.com.br\/en\/wp-json\/wp\/v2\/posts"}],"about":[{"href":"https:\/\/www.padreeustaquio.com.br\/en\/wp-json\/wp\/v2\/types\/post"}],"author":[{"embeddable":true,"href":"https:\/\/www.padreeustaquio.com.br\/en\/wp-json\/wp\/v2\/users\/2"}],"replies":[{"embeddable":true,"href":"https:\/\/www.padreeustaquio.com.br\/en\/wp-json\/wp\/v2\/comments?post=4628"}],"version-history":[{"count":0,"href":"https:\/\/www.padreeustaquio.com.br\/en\/wp-json\/wp\/v2\/posts\/4628\/revisions"}],"wp:featuredmedia":[{"embeddable":true,"href":"https:\/\/www.padreeustaquio.com.br\/en\/wp-json\/wp\/v2\/media\/4631"}],"wp:attachment":[{"href":"https:\/\/www.padreeustaquio.com.br\/en\/wp-json\/wp\/v2\/media?parent=4628"}],"wp:term":[{"taxonomy":"category","embeddable":true,"href":"https:\/\/www.padreeustaquio.com.br\/en\/wp-json\/wp\/v2\/categories?post=4628"},{"taxonomy":"post_tag","embeddable":true,"href":"https:\/\/www.padreeustaquio.com.br\/en\/wp-json\/wp\/v2\/tags?post=4628"}],"curies":[{"name":"wp","href":"https:\/\/api.w.org\/{rel}","templated":true}]}}