{"id":4622,"date":"2020-09-25T11:40:39","date_gmt":"2020-09-25T14:40:39","guid":{"rendered":"https:\/\/www.padreeustaquio.com.br\/?p=4622"},"modified":"2020-09-25T11:42:57","modified_gmt":"2020-09-25T14:42:57","slug":"caete-mg-devotees-erect-new-church-dedicated-to-father-eustaquio","status":"publish","type":"post","link":"https:\/\/www.padreeustaquio.com.br\/en\/caete-mg-devotees-erect-new-church-dedicated-to-father-eustaquio\/","title":{"rendered":"Devotees erect new chapel dedicated to Father Eust\u00e1quio in Caet\u00e9, Minas Gerais."},"content":{"rendered":"<p>Anyone visiting the Quintas da Serra neighborhood in the city of Caet\u00e9, in the metropolitan region of Belo Horizonte, right at the foot of the Sanctuary of the Patron Saint of Minas Gerais, is surprised by the magnitude and beauty of a temple being built on private property. The site is the residence and workshop of the sacred art craftsman Joel Matias, known throughout the region for the beauty of his works sculpted in different materials, and will serve as a point of pilgrimage for the faithful in honor of Blessed Father Eust\u00e1quio, who is on the path to becoming a saint.<\/p>\n<p>It all began after a promise made by the lawyer and former mayor of Caet\u00e9, Ademir Carvalho, who received a blessing through the intercession of Father Eust\u00e1quio. <em>\u201cMy son Jair contracted spotted fever after participating in a horseback riding event in Caet\u00e9. He fell into a deep coma, and it was difficult to diagnose the disease. Then, someone told me to pray to Father Eust\u00e1quio, who died from this disease, which is transmitted by ticks. I went to the church where his tomb is in Belo Horizonte and prayed for my son. When I arrived at the hospital, I saw my son come out of the coma and progressively improve until he recovered. At that point, I made a promise to build a shrine in honor of Father Eust\u00e1quio.\u201d<\/em>, said Ademir.<\/p>\n<p>Based on this fact, Ademir sought out Joel, who had long harbored a devotion to the Dutch priest who died in Belo Horizonte with a reputation for holiness, and together they spearheaded the audacious project that has been underway for about a year.<\/p>\n<p><em>\u201cThe oratory will be named after Our Lady of the Annunciation and Blessed Father Eustace. The title of Our Lady was chosen because of the relic from the house of the Virgin Mary that the Sanctuary received some time ago. As for Blessed Father Eustace, it was chosen because of my devotion and also that of Ademir, who was one of the inspirers of the work.\u201d<\/em>, &quot;said Joel.&quot;.<\/p>\n<p>The oratory, which will have seating for 80 people, is Gothic in style and strongly inspired by aspects of Catholic theology, from the dimensions and shapes of the altars to the design of the finishes. An image of the Blessed One has already been donated by a devotee and will soon be installed above the entrance to the oratory. There is no date yet for the inauguration of the site, which should also serve as a place for religious meetings and training. And if authorized by ecclesiastical authorities, the oratory may also host wedding and baptism celebrations. Faithful and devotees who wish to do so may also make donations.<\/p>\n<p><em><strong>Article by Jo\u00e3o Eduardo S. Mariana, published in the newspaper Opini\u00e3o (Caet\u00e9-MG)<\/strong><\/em><\/p>","protected":false},"excerpt":{"rendered":"<p>Quem vai at\u00e9 o Bairro Quintas da Serra, na cidade de Caet\u00e9 regi\u00e3o metropolitana de Belo Horizonte, bem aos p\u00e9s do Santu\u00e1rio da Padroeira de Minas, se surpreende com a magnitude e a beleza de um templo que est\u00e1 sendo constru\u00eddo dentro de uma propriedade particular. O local \u00e9 resid\u00eancia e ateli\u00ea do artes\u00e3o sacro Joel Matias, conhecido em toda a regi\u00e3o pela beleza de suas obras esculpidas em diferentes materiais, e servir\u00e1 daqui como ponto de peregrina\u00e7\u00e3o de fieis em honra ao Beato Padre Eust\u00e1quio, que est\u00e1 em vias de se tornar santo. Tudo come\u00e7ou ap\u00f3s uma promessa feita [&hellip;]<\/p>\n","protected":false},"author":2,"featured_media":4623,"comment_status":"open","ping_status":"open","sticky":false,"template":"","format":"standard","meta":{"_acf_changed":false,"footnotes":""},"categories":[611],"tags":[],"class_list":["post-4622","post","type-post","status-publish","format-standard","has-post-thumbnail","hentry","category-noticias"],"acf":[],"yoast_head":"<!-- This site is optimized with the Yoast SEO plugin v27.2 - https:\/\/yoast.com\/product\/yoast-seo-wordpress\/ -->\n<title>Devotos erguem nova capela dedicada a Padre Eust\u00e1quio, em Caet\u00e9-MG - Padre Eust\u00e1quio<\/title>\n<meta name=\"robots\" content=\"index, follow, max-snippet:-1, max-image-preview:large, max-video-preview:-1\" \/>\n<link rel=\"canonical\" href=\"https:\/\/www.padreeustaquio.com.br\/en\/caete-mg-devotees-erect-new-church-dedicated-to-father-eustaquio\/\" \/>\n<meta property=\"og:locale\" content=\"en_US\" \/>\n<meta property=\"og:type\" content=\"article\" \/>\n<meta property=\"og:title\" content=\"Devotos erguem nova capela dedicada a Padre Eust\u00e1quio, em Caet\u00e9-MG - Padre Eust\u00e1quio\" \/>\n<meta property=\"og:description\" content=\"Quem vai at\u00e9 o Bairro Quintas da Serra, na cidade de Caet\u00e9 regi\u00e3o metropolitana de Belo Horizonte, bem aos p\u00e9s do Santu\u00e1rio da Padroeira de Minas, se surpreende com a magnitude e a beleza de um templo que est\u00e1 sendo constru\u00eddo dentro de uma propriedade particular. O local \u00e9 resid\u00eancia e ateli\u00ea do artes\u00e3o sacro Joel Matias, conhecido em toda a regi\u00e3o pela beleza de suas obras esculpidas em diferentes materiais, e servir\u00e1 daqui como ponto de peregrina\u00e7\u00e3o de fieis em honra ao Beato Padre Eust\u00e1quio, que est\u00e1 em vias de se tornar santo. Tudo come\u00e7ou ap\u00f3s uma promessa feita [&hellip;]\" \/>\n<meta property=\"og:url\" content=\"https:\/\/www.padreeustaquio.com.br\/en\/caete-mg-devotees-erect-new-church-dedicated-to-father-eustaquio\/\" \/>\n<meta property=\"og:site_name\" content=\"Padre Eust\u00e1quio\" \/>\n<meta property=\"article:publisher\" content=\"https:\/\/www.facebook.com\/beatopadreeustaquio\/\" \/>\n<meta property=\"article:published_time\" content=\"2020-09-25T14:40:39+00:00\" \/>\n<meta property=\"article:modified_time\" content=\"2020-09-25T14:42:57+00:00\" \/>\n<meta property=\"og:image\" content=\"https:\/\/www.padreeustaquio.com.br\/wp-content\/uploads\/2020\/09\/WhatsApp-Image-2020-09-25-at-11.29.42.jpeg\" \/>\n\t<meta property=\"og:image:width\" content=\"774\" \/>\n\t<meta property=\"og:image:height\" content=\"1032\" \/>\n\t<meta property=\"og:image:type\" content=\"image\/jpeg\" \/>\n<meta name=\"author\" content=\"@sscc\" \/>\n<meta name=\"twitter:card\" content=\"summary_large_image\" \/>\n<meta name=\"twitter:creator\" content=\"@beatopeustaquio\" \/>\n<meta name=\"twitter:site\" content=\"@beatopeustaquio\" \/>\n<meta name=\"twitter:label1\" content=\"Written by\" \/>\n\t<meta name=\"twitter:data1\" content=\"@sscc\" \/>\n\t<meta name=\"twitter:label2\" content=\"Est. reading time\" \/>\n\t<meta name=\"twitter:data2\" content=\"2 minutes\" \/>\n<script type=\"application\/ld+json\" class=\"yoast-schema-graph\">{\"@context\":\"https:\/\/schema.org\",\"@graph\":[{\"@type\":\"Article\",\"@id\":\"https:\/\/www.padreeustaquio.com.br\/caete-mg-devotos-erguem-nova-igreja-dedicada-a-padre-eustaquio\/#article\",\"isPartOf\":{\"@id\":\"https:\/\/www.padreeustaquio.com.br\/caete-mg-devotos-erguem-nova-igreja-dedicada-a-padre-eustaquio\/\"},\"author\":{\"name\":\"@sscc\",\"@id\":\"https:\/\/www.padreeustaquio.com.br\/#\/schema\/person\/a2a51db1d00f1a7af0204a0f1ddb1566\"},\"headline\":\"Devotos erguem nova capela dedicada a Padre Eust\u00e1quio, em Caet\u00e9-MG\",\"datePublished\":\"2020-09-25T14:40:39+00:00\",\"dateModified\":\"2020-09-25T14:42:57+00:00\",\"mainEntityOfPage\":{\"@id\":\"https:\/\/www.padreeustaquio.com.br\/caete-mg-devotos-erguem-nova-igreja-dedicada-a-padre-eustaquio\/\"},\"wordCount\":495,\"commentCount\":0,\"publisher\":{\"@id\":\"https:\/\/www.padreeustaquio.com.br\/#organization\"},\"image\":{\"@id\":\"https:\/\/www.padreeustaquio.com.br\/caete-mg-devotos-erguem-nova-igreja-dedicada-a-padre-eustaquio\/#primaryimage\"},\"thumbnailUrl\":\"https:\/\/www.padreeustaquio.com.br\/wp-content\/uploads\/2020\/09\/WhatsApp-Image-2020-09-25-at-11.29.42.jpeg\",\"articleSection\":[\"Not\u00edcias\"],\"inLanguage\":\"en-US\",\"potentialAction\":[{\"@type\":\"CommentAction\",\"name\":\"Comment\",\"target\":[\"https:\/\/www.padreeustaquio.com.br\/caete-mg-devotos-erguem-nova-igreja-dedicada-a-padre-eustaquio\/#respond\"]}]},{\"@type\":\"WebPage\",\"@id\":\"https:\/\/www.padreeustaquio.com.br\/caete-mg-devotos-erguem-nova-igreja-dedicada-a-padre-eustaquio\/\",\"url\":\"https:\/\/www.padreeustaquio.com.br\/caete-mg-devotos-erguem-nova-igreja-dedicada-a-padre-eustaquio\/\",\"name\":\"Devotos erguem nova capela dedicada a Padre Eust\u00e1quio, em Caet\u00e9-MG - Padre Eust\u00e1quio\",\"isPartOf\":{\"@id\":\"https:\/\/www.padreeustaquio.com.br\/#website\"},\"primaryImageOfPage\":{\"@id\":\"https:\/\/www.padreeustaquio.com.br\/caete-mg-devotos-erguem-nova-igreja-dedicada-a-padre-eustaquio\/#primaryimage\"},\"image\":{\"@id\":\"https:\/\/www.padreeustaquio.com.br\/caete-mg-devotos-erguem-nova-igreja-dedicada-a-padre-eustaquio\/#primaryimage\"},\"thumbnailUrl\":\"https:\/\/www.padreeustaquio.com.br\/wp-content\/uploads\/2020\/09\/WhatsApp-Image-2020-09-25-at-11.29.42.jpeg\",\"datePublished\":\"2020-09-25T14:40:39+00:00\",\"dateModified\":\"2020-09-25T14:42:57+00:00\",\"breadcrumb\":{\"@id\":\"https:\/\/www.padreeustaquio.com.br\/caete-mg-devotos-erguem-nova-igreja-dedicada-a-padre-eustaquio\/#breadcrumb\"},\"inLanguage\":\"en-US\",\"potentialAction\":[{\"@type\":\"ReadAction\",\"target\":[\"https:\/\/www.padreeustaquio.com.br\/caete-mg-devotos-erguem-nova-igreja-dedicada-a-padre-eustaquio\/\"]}]},{\"@type\":\"ImageObject\",\"inLanguage\":\"en-US\",\"@id\":\"https:\/\/www.padreeustaquio.com.br\/caete-mg-devotos-erguem-nova-igreja-dedicada-a-padre-eustaquio\/#primaryimage\",\"url\":\"https:\/\/www.padreeustaquio.com.br\/wp-content\/uploads\/2020\/09\/WhatsApp-Image-2020-09-25-at-11.29.42.jpeg\",\"contentUrl\":\"https:\/\/www.padreeustaquio.com.br\/wp-content\/uploads\/2020\/09\/WhatsApp-Image-2020-09-25-at-11.29.42.jpeg\",\"width\":774,\"height\":1032},{\"@type\":\"BreadcrumbList\",\"@id\":\"https:\/\/www.padreeustaquio.com.br\/caete-mg-devotos-erguem-nova-igreja-dedicada-a-padre-eustaquio\/#breadcrumb\",\"itemListElement\":[{\"@type\":\"ListItem\",\"position\":1,\"name\":\"In\u00edcio\",\"item\":\"https:\/\/www.padreeustaquio.com.br\/\"},{\"@type\":\"ListItem\",\"position\":2,\"name\":\"Devotos erguem nova capela dedicada a Padre Eust\u00e1quio, em Caet\u00e9-MG\"}]},{\"@type\":\"WebSite\",\"@id\":\"https:\/\/www.padreeustaquio.com.br\/#website\",\"url\":\"https:\/\/www.padreeustaquio.com.br\/\",\"name\":\"Padre Eust\u00e1quio\",\"description\":\"Sa\u00fade e Paz\",\"publisher\":{\"@id\":\"https:\/\/www.padreeustaquio.com.br\/#organization\"},\"potentialAction\":[{\"@type\":\"SearchAction\",\"target\":{\"@type\":\"EntryPoint\",\"urlTemplate\":\"https:\/\/www.padreeustaquio.com.br\/?s={search_term_string}\"},\"query-input\":{\"@type\":\"PropertyValueSpecification\",\"valueRequired\":true,\"valueName\":\"search_term_string\"}}],\"inLanguage\":\"en-US\"},{\"@type\":\"Organization\",\"@id\":\"https:\/\/www.padreeustaquio.com.br\/#organization\",\"name\":\"Padre Eust\u00e1quio\",\"url\":\"https:\/\/www.padreeustaquio.com.br\/\",\"logo\":{\"@type\":\"ImageObject\",\"inLanguage\":\"en-US\",\"@id\":\"https:\/\/www.padreeustaquio.com.br\/#\/schema\/logo\/image\/\",\"url\":\"https:\/\/www.padreeustaquio.com.br\/wp-content\/uploads\/2019\/08\/marca.png\",\"contentUrl\":\"https:\/\/www.padreeustaquio.com.br\/wp-content\/uploads\/2019\/08\/marca.png\",\"width\":350,\"height\":400,\"caption\":\"Padre Eust\u00e1quio\"},\"image\":{\"@id\":\"https:\/\/www.padreeustaquio.com.br\/#\/schema\/logo\/image\/\"},\"sameAs\":[\"https:\/\/www.facebook.com\/beatopadreeustaquio\/\",\"https:\/\/x.com\/beatopeustaquio\",\"https:\/\/www.instagram.com\/beatopadreeustaquio\/\",\"https:\/\/www.youtube.com\/channel\/UCRhw7vfabnajwLxb1ZXMeIw\"]},{\"@type\":\"Person\",\"@id\":\"https:\/\/www.padreeustaquio.com.br\/#\/schema\/person\/a2a51db1d00f1a7af0204a0f1ddb1566\",\"name\":\"@sscc\",\"image\":{\"@type\":\"ImageObject\",\"inLanguage\":\"en-US\",\"@id\":\"https:\/\/secure.gravatar.com\/avatar\/68cfafa5f44617fea54071e215026e0ff06be366c3d54a8425f04fdcb86f8c5f?s=96&d=mm&r=g\",\"url\":\"https:\/\/secure.gravatar.com\/avatar\/68cfafa5f44617fea54071e215026e0ff06be366c3d54a8425f04fdcb86f8c5f?s=96&d=mm&r=g\",\"contentUrl\":\"https:\/\/secure.gravatar.com\/avatar\/68cfafa5f44617fea54071e215026e0ff06be366c3d54a8425f04fdcb86f8c5f?s=96&d=mm&r=g\",\"caption\":\"@sscc\"},\"url\":\"https:\/\/www.padreeustaquio.com.br\/en\/author\/sscc\/\"}]}<\/script>\n<!-- \/ Yoast SEO plugin. -->","yoast_head_json":{"title":"Devotees erect new chapel dedicated to Father Eust\u00e1quio, in Caet\u00e9-MG - Father Eust\u00e1quio","robots":{"index":"index","follow":"follow","max-snippet":"max-snippet:-1","max-image-preview":"max-image-preview:large","max-video-preview":"max-video-preview:-1"},"canonical":"https:\/\/www.padreeustaquio.com.br\/en\/caete-mg-devotees-erect-new-church-dedicated-to-father-eustaquio\/","og_locale":"en_US","og_type":"article","og_title":"Devotos erguem nova capela dedicada a Padre Eust\u00e1quio, em Caet\u00e9-MG - Padre Eust\u00e1quio","og_description":"Quem vai at\u00e9 o Bairro Quintas da Serra, na cidade de Caet\u00e9 regi\u00e3o metropolitana de Belo Horizonte, bem aos p\u00e9s do Santu\u00e1rio da Padroeira de Minas, se surpreende com a magnitude e a beleza de um templo que est\u00e1 sendo constru\u00eddo dentro de uma propriedade particular. O local \u00e9 resid\u00eancia e ateli\u00ea do artes\u00e3o sacro Joel Matias, conhecido em toda a regi\u00e3o pela beleza de suas obras esculpidas em diferentes materiais, e servir\u00e1 daqui como ponto de peregrina\u00e7\u00e3o de fieis em honra ao Beato Padre Eust\u00e1quio, que est\u00e1 em vias de se tornar santo. Tudo come\u00e7ou ap\u00f3s uma promessa feita [&hellip;]","og_url":"https:\/\/www.padreeustaquio.com.br\/en\/caete-mg-devotees-erect-new-church-dedicated-to-father-eustaquio\/","og_site_name":"Padre Eust\u00e1quio","article_publisher":"https:\/\/www.facebook.com\/beatopadreeustaquio\/","article_published_time":"2020-09-25T14:40:39+00:00","article_modified_time":"2020-09-25T14:42:57+00:00","og_image":[{"width":774,"height":1032,"url":"https:\/\/www.padreeustaquio.com.br\/wp-content\/uploads\/2020\/09\/WhatsApp-Image-2020-09-25-at-11.29.42.jpeg","type":"image\/jpeg"}],"author":"@sscc","twitter_card":"summary_large_image","twitter_creator":"@beatopeustaquio","twitter_site":"@beatopeustaquio","twitter_misc":{"Written by":"@sscc","Est. reading time":"2 minutes"},"schema":{"@context":"https:\/\/schema.org","@graph":[{"@type":"Article","@id":"https:\/\/www.padreeustaquio.com.br\/caete-mg-devotos-erguem-nova-igreja-dedicada-a-padre-eustaquio\/#article","isPartOf":{"@id":"https:\/\/www.padreeustaquio.com.br\/caete-mg-devotos-erguem-nova-igreja-dedicada-a-padre-eustaquio\/"},"author":{"name":"@sscc","@id":"https:\/\/www.padreeustaquio.com.br\/#\/schema\/person\/a2a51db1d00f1a7af0204a0f1ddb1566"},"headline":"Devotos erguem nova capela dedicada a Padre Eust\u00e1quio, em Caet\u00e9-MG","datePublished":"2020-09-25T14:40:39+00:00","dateModified":"2020-09-25T14:42:57+00:00","mainEntityOfPage":{"@id":"https:\/\/www.padreeustaquio.com.br\/caete-mg-devotos-erguem-nova-igreja-dedicada-a-padre-eustaquio\/"},"wordCount":495,"commentCount":0,"publisher":{"@id":"https:\/\/www.padreeustaquio.com.br\/#organization"},"image":{"@id":"https:\/\/www.padreeustaquio.com.br\/caete-mg-devotos-erguem-nova-igreja-dedicada-a-padre-eustaquio\/#primaryimage"},"thumbnailUrl":"https:\/\/www.padreeustaquio.com.br\/wp-content\/uploads\/2020\/09\/WhatsApp-Image-2020-09-25-at-11.29.42.jpeg","articleSection":["Not\u00edcias"],"inLanguage":"en-US","potentialAction":[{"@type":"CommentAction","name":"Comment","target":["https:\/\/www.padreeustaquio.com.br\/caete-mg-devotos-erguem-nova-igreja-dedicada-a-padre-eustaquio\/#respond"]}]},{"@type":"WebPage","@id":"https:\/\/www.padreeustaquio.com.br\/caete-mg-devotos-erguem-nova-igreja-dedicada-a-padre-eustaquio\/","url":"https:\/\/www.padreeustaquio.com.br\/caete-mg-devotos-erguem-nova-igreja-dedicada-a-padre-eustaquio\/","name":"Devotees erect new chapel dedicated to Father Eust\u00e1quio, in Caet\u00e9-MG - Father Eust\u00e1quio","isPartOf":{"@id":"https:\/\/www.padreeustaquio.com.br\/#website"},"primaryImageOfPage":{"@id":"https:\/\/www.padreeustaquio.com.br\/caete-mg-devotos-erguem-nova-igreja-dedicada-a-padre-eustaquio\/#primaryimage"},"image":{"@id":"https:\/\/www.padreeustaquio.com.br\/caete-mg-devotos-erguem-nova-igreja-dedicada-a-padre-eustaquio\/#primaryimage"},"thumbnailUrl":"https:\/\/www.padreeustaquio.com.br\/wp-content\/uploads\/2020\/09\/WhatsApp-Image-2020-09-25-at-11.29.42.jpeg","datePublished":"2020-09-25T14:40:39+00:00","dateModified":"2020-09-25T14:42:57+00:00","breadcrumb":{"@id":"https:\/\/www.padreeustaquio.com.br\/caete-mg-devotos-erguem-nova-igreja-dedicada-a-padre-eustaquio\/#breadcrumb"},"inLanguage":"en-US","potentialAction":[{"@type":"ReadAction","target":["https:\/\/www.padreeustaquio.com.br\/caete-mg-devotos-erguem-nova-igreja-dedicada-a-padre-eustaquio\/"]}]},{"@type":"ImageObject","inLanguage":"en-US","@id":"https:\/\/www.padreeustaquio.com.br\/caete-mg-devotos-erguem-nova-igreja-dedicada-a-padre-eustaquio\/#primaryimage","url":"https:\/\/www.padreeustaquio.com.br\/wp-content\/uploads\/2020\/09\/WhatsApp-Image-2020-09-25-at-11.29.42.jpeg","contentUrl":"https:\/\/www.padreeustaquio.com.br\/wp-content\/uploads\/2020\/09\/WhatsApp-Image-2020-09-25-at-11.29.42.jpeg","width":774,"height":1032},{"@type":"BreadcrumbList","@id":"https:\/\/www.padreeustaquio.com.br\/caete-mg-devotos-erguem-nova-igreja-dedicada-a-padre-eustaquio\/#breadcrumb","itemListElement":[{"@type":"ListItem","position":1,"name":"In\u00edcio","item":"https:\/\/www.padreeustaquio.com.br\/"},{"@type":"ListItem","position":2,"name":"Devotos erguem nova capela dedicada a Padre Eust\u00e1quio, em Caet\u00e9-MG"}]},{"@type":"WebSite","@id":"https:\/\/www.padreeustaquio.com.br\/#website","url":"https:\/\/www.padreeustaquio.com.br\/","name":"FATHER EUST\u00c1QUIO","description":"Health and Peace","publisher":{"@id":"https:\/\/www.padreeustaquio.com.br\/#organization"},"potentialAction":[{"@type":"SearchAction","target":{"@type":"EntryPoint","urlTemplate":"https:\/\/www.padreeustaquio.com.br\/?s={search_term_string}"},"query-input":{"@type":"PropertyValueSpecification","valueRequired":true,"valueName":"search_term_string"}}],"inLanguage":"en-US"},{"@type":"Organization","@id":"https:\/\/www.padreeustaquio.com.br\/#organization","name":"FATHER EUST\u00c1QUIO","url":"https:\/\/www.padreeustaquio.com.br\/","logo":{"@type":"ImageObject","inLanguage":"en-US","@id":"https:\/\/www.padreeustaquio.com.br\/#\/schema\/logo\/image\/","url":"https:\/\/www.padreeustaquio.com.br\/wp-content\/uploads\/2019\/08\/marca.png","contentUrl":"https:\/\/www.padreeustaquio.com.br\/wp-content\/uploads\/2019\/08\/marca.png","width":350,"height":400,"caption":"Padre Eust\u00e1quio"},"image":{"@id":"https:\/\/www.padreeustaquio.com.br\/#\/schema\/logo\/image\/"},"sameAs":["https:\/\/www.facebook.com\/beatopadreeustaquio\/","https:\/\/x.com\/beatopeustaquio","https:\/\/www.instagram.com\/beatopadreeustaquio\/","https:\/\/www.youtube.com\/channel\/UCRhw7vfabnajwLxb1ZXMeIw"]},{"@type":"Person","@id":"https:\/\/www.padreeustaquio.com.br\/#\/schema\/person\/a2a51db1d00f1a7af0204a0f1ddb1566","name":"@sscc","image":{"@type":"ImageObject","inLanguage":"en-US","@id":"https:\/\/secure.gravatar.com\/avatar\/68cfafa5f44617fea54071e215026e0ff06be366c3d54a8425f04fdcb86f8c5f?s=96&d=mm&r=g","url":"https:\/\/secure.gravatar.com\/avatar\/68cfafa5f44617fea54071e215026e0ff06be366c3d54a8425f04fdcb86f8c5f?s=96&d=mm&r=g","contentUrl":"https:\/\/secure.gravatar.com\/avatar\/68cfafa5f44617fea54071e215026e0ff06be366c3d54a8425f04fdcb86f8c5f?s=96&d=mm&r=g","caption":"@sscc"},"url":"https:\/\/www.padreeustaquio.com.br\/en\/author\/sscc\/"}]}},"_links":{"self":[{"href":"https:\/\/www.padreeustaquio.com.br\/en\/wp-json\/wp\/v2\/posts\/4622","targetHints":{"allow":["GET"]}}],"collection":[{"href":"https:\/\/www.padreeustaquio.com.br\/en\/wp-json\/wp\/v2\/posts"}],"about":[{"href":"https:\/\/www.padreeustaquio.com.br\/en\/wp-json\/wp\/v2\/types\/post"}],"author":[{"embeddable":true,"href":"https:\/\/www.padreeustaquio.com.br\/en\/wp-json\/wp\/v2\/users\/2"}],"replies":[{"embeddable":true,"href":"https:\/\/www.padreeustaquio.com.br\/en\/wp-json\/wp\/v2\/comments?post=4622"}],"version-history":[{"count":0,"href":"https:\/\/www.padreeustaquio.com.br\/en\/wp-json\/wp\/v2\/posts\/4622\/revisions"}],"wp:featuredmedia":[{"embeddable":true,"href":"https:\/\/www.padreeustaquio.com.br\/en\/wp-json\/wp\/v2\/media\/4623"}],"wp:attachment":[{"href":"https:\/\/www.padreeustaquio.com.br\/en\/wp-json\/wp\/v2\/media?parent=4622"}],"wp:term":[{"taxonomy":"category","embeddable":true,"href":"https:\/\/www.padreeustaquio.com.br\/en\/wp-json\/wp\/v2\/categories?post=4622"},{"taxonomy":"post_tag","embeddable":true,"href":"https:\/\/www.padreeustaquio.com.br\/en\/wp-json\/wp\/v2\/tags?post=4622"}],"curies":[{"name":"wp","href":"https:\/\/api.w.org\/{rel}","templated":true}]}}