{"id":4600,"date":"2020-09-15T10:35:35","date_gmt":"2020-09-15T13:35:35","guid":{"rendered":"https:\/\/www.padreeustaquio.com.br\/?p=4600"},"modified":"2020-09-15T10:35:35","modified_gmt":"2020-09-15T13:35:35","slug":"registration-for-masses-on-september-19th-and-20th-is-now-open","status":"publish","type":"post","link":"https:\/\/www.padreeustaquio.com.br\/en\/registration-for-masses-on-september-19th-and-20th-is-now-open\/","title":{"rendered":"Registration for masses on September 19th and 20th is now open."},"content":{"rendered":"<p>Registration for in-person masses next weekend, September 19th and 20th, is now available on the Sympla website. Those who wish to participate in the celebrations held at Padre Eust\u00e1quio&#039;s church must register in advance.<\/p>\n<p>To reserve a place at the in-person Mass, simply visit [website address].\u00a0<a href=\"https:\/\/www.sympla.com.br\/missas-presenciais---igreja-padre-eustaquio---19-e-20-de-setembro__979664\">here<\/a>\u00a0On the ticketing website, choose the celebration you wish to attend and register. Available masses continue to be held on Saturdays at 6 PM and on Sundays at 7:30 AM, 10 AM, and 6 PM.<\/p>\n<p>Each participant can collect up to 5 tickets for each celebration. It&#039;s important to remember that tickets are still being distributed at the parish office in Belo Horizonte. At the beginning of each week, a new link with the weekend masses will be generated. Upon arrival for each celebration, the person must present the printed voucher or the voucher on their cell phone screen.<\/p>\n<p><em><strong>General Guidelines<\/strong><\/em><\/p>\n<p>To ensure everyone&#039;s health and safety, some recommendations must be followed when participating in the celebrations:<\/p>\n<ol>\n<li>Masses will be held at the following times: Saturday 6 PM; Sunday 7:30 AM, 10 AM and 6 PM;<\/li>\n<li>The masses at 10 am, 6 pm and 7 pm will be broadcast on <a href=\"https:\/\/www.youtube.com\/channel\/UCRhw7vfabnajwLxb1ZXMeIw\">Padre Eust\u00e1quio Channel<\/a> from YouTube;<\/li>\n<li>We recommend that children and people over 60, as well as anyone with health restrictions, avoid in-person participation.;<\/li>\n<li>It is necessary to identify yourself in advance and collect the specific cards for a given celebration at the parish office. Each person may collect up to four places, especially for their own family group. Cards for the weekend in question will always be available from Wednesday onwards.;<\/li>\n<li>Arrive 30 minutes early for organization and entry to the venue;<\/li>\n<li>As a preventative measure, the temperature of worshippers will be checked. Those with a temperature of 37.8\u00b0C or higher will not be allowed to participate in the celebrations. Shoes must be disinfected and hands sanitized before entering. Please also bring your own hand sanitizer.;<\/li>\n<li>All worshippers must wear protective masks while inside the church;<\/li>\n<li>Take the available seats on a first-come, first-served basis and maintain the indicated social distance, even if you are with your family;<\/li>\n<li>Communion will be distributed only in the hand;<\/li>\n<li>At the time of communion, move as little as possible, waiting your turn while maintaining the distance indicated by the markings on the floor;<\/li>\n<li>During the Lord&#039;s Prayer, hands should not be held, and there should be no Sign of Peace.;<\/li>\n<li>Try to plan ahead so you don&#039;t have to use the restrooms;<\/li>\n<li>Bring your own water bottle as the water fountains are out of service.;<\/li>\n<li>Follow the instructions of the volunteers, who are available to help;<\/li>\n<\/ol>\n<p>For more information, call the parish office: (31) 3462-6557.\u00a0<a href=\"https:\/\/www.padreeustaquio.com.br\/en\/sanctuary-of-health-and-peace\/\">See here<\/a>\u00a0How to get to the Sanctuary in Belo Horizonte.<\/p>","protected":false},"excerpt":{"rendered":"<p>As inscri\u00e7\u00f5es para as missas presenciais do pr\u00f3ximo final de semana, dias 19 e 20 de setembro j\u00e1 est\u00e3o dispon\u00edveis no site Sympla. Aqueles que quiserem participar das celebra\u00e7\u00f5es realizadas na igreja do Padre Eust\u00e1quio, precisam se inscrever antecipadamente. Para reservar um lugar na missa presencial, basta acessar\u00a0aqui\u00a0o site de ingressos, escolher a celebra\u00e7\u00e3o na qual deseja participar e fazer a inscri\u00e7\u00e3o. As missas dispon\u00edveis continuam sendo aos S\u00e1bados, \u00e0s 18h e aos Domingos, \u00e0s 7h30, 10h e 18h. Cada participante pode retirar at\u00e9 5 ingressos para cada celebra\u00e7\u00e3o. Vale lembrar que os cart\u00f5es continuam sendo distribu\u00eddos tamb\u00e9m na secretaria [&hellip;]<\/p>\n","protected":false},"author":2,"featured_media":4601,"comment_status":"open","ping_status":"open","sticky":false,"template":"","format":"standard","meta":{"_acf_changed":false,"footnotes":""},"categories":[611],"tags":[],"class_list":["post-4600","post","type-post","status-publish","format-standard","has-post-thumbnail","hentry","category-noticias"],"acf":[],"yoast_head":"<!-- This site is optimized with the Yoast SEO plugin v27.2 - https:\/\/yoast.com\/product\/yoast-seo-wordpress\/ -->\n<title>Inscri\u00e7\u00f5es para missas dos dias 19 e 20 de setembro j\u00e1 est\u00e3o abertas - Padre Eust\u00e1quio<\/title>\n<meta name=\"robots\" content=\"index, follow, max-snippet:-1, max-image-preview:large, max-video-preview:-1\" \/>\n<link rel=\"canonical\" href=\"https:\/\/www.padreeustaquio.com.br\/en\/registration-for-masses-on-september-19th-and-20th-is-now-open\/\" \/>\n<meta property=\"og:locale\" content=\"en_US\" \/>\n<meta property=\"og:type\" content=\"article\" \/>\n<meta property=\"og:title\" content=\"Inscri\u00e7\u00f5es para missas dos dias 19 e 20 de setembro j\u00e1 est\u00e3o abertas - Padre Eust\u00e1quio\" \/>\n<meta property=\"og:description\" content=\"As inscri\u00e7\u00f5es para as missas presenciais do pr\u00f3ximo final de semana, dias 19 e 20 de setembro j\u00e1 est\u00e3o dispon\u00edveis no site Sympla. Aqueles que quiserem participar das celebra\u00e7\u00f5es realizadas na igreja do Padre Eust\u00e1quio, precisam se inscrever antecipadamente. Para reservar um lugar na missa presencial, basta acessar\u00a0aqui\u00a0o site de ingressos, escolher a celebra\u00e7\u00e3o na qual deseja participar e fazer a inscri\u00e7\u00e3o. As missas dispon\u00edveis continuam sendo aos S\u00e1bados, \u00e0s 18h e aos Domingos, \u00e0s 7h30, 10h e 18h. Cada participante pode retirar at\u00e9 5 ingressos para cada celebra\u00e7\u00e3o. Vale lembrar que os cart\u00f5es continuam sendo distribu\u00eddos tamb\u00e9m na secretaria [&hellip;]\" \/>\n<meta property=\"og:url\" content=\"https:\/\/www.padreeustaquio.com.br\/en\/registration-for-masses-on-september-19th-and-20th-is-now-open\/\" \/>\n<meta property=\"og:site_name\" content=\"Padre Eust\u00e1quio\" \/>\n<meta property=\"article:publisher\" content=\"https:\/\/www.facebook.com\/beatopadreeustaquio\/\" \/>\n<meta property=\"article:published_time\" content=\"2020-09-15T13:35:35+00:00\" \/>\n<meta property=\"og:image\" content=\"https:\/\/www.padreeustaquio.com.br\/wp-content\/uploads\/2020\/09\/WhatsApp-Image-2019-07-04-at-13.20.49.jpeg\" \/>\n\t<meta property=\"og:image:width\" content=\"1280\" \/>\n\t<meta property=\"og:image:height\" content=\"944\" \/>\n\t<meta property=\"og:image:type\" content=\"image\/jpeg\" \/>\n<meta name=\"author\" content=\"@sscc\" \/>\n<meta name=\"twitter:card\" content=\"summary_large_image\" \/>\n<meta name=\"twitter:creator\" content=\"@beatopeustaquio\" \/>\n<meta name=\"twitter:site\" content=\"@beatopeustaquio\" \/>\n<meta name=\"twitter:label1\" content=\"Written by\" \/>\n\t<meta name=\"twitter:data1\" content=\"@sscc\" \/>\n\t<meta name=\"twitter:label2\" content=\"Est. reading time\" \/>\n\t<meta name=\"twitter:data2\" content=\"3 minutes\" \/>\n<script type=\"application\/ld+json\" class=\"yoast-schema-graph\">{\"@context\":\"https:\/\/schema.org\",\"@graph\":[{\"@type\":\"Article\",\"@id\":\"https:\/\/www.padreeustaquio.com.br\/inscricoes-para-missas-dos-dias-19-e-20-de-setembro-ja-estao-abertas\/#article\",\"isPartOf\":{\"@id\":\"https:\/\/www.padreeustaquio.com.br\/inscricoes-para-missas-dos-dias-19-e-20-de-setembro-ja-estao-abertas\/\"},\"author\":{\"name\":\"@sscc\",\"@id\":\"https:\/\/www.padreeustaquio.com.br\/#\/schema\/person\/a2a51db1d00f1a7af0204a0f1ddb1566\"},\"headline\":\"Inscri\u00e7\u00f5es para missas dos dias 19 e 20 de setembro j\u00e1 est\u00e3o abertas\",\"datePublished\":\"2020-09-15T13:35:35+00:00\",\"mainEntityOfPage\":{\"@id\":\"https:\/\/www.padreeustaquio.com.br\/inscricoes-para-missas-dos-dias-19-e-20-de-setembro-ja-estao-abertas\/\"},\"wordCount\":516,\"commentCount\":0,\"publisher\":{\"@id\":\"https:\/\/www.padreeustaquio.com.br\/#organization\"},\"image\":{\"@id\":\"https:\/\/www.padreeustaquio.com.br\/inscricoes-para-missas-dos-dias-19-e-20-de-setembro-ja-estao-abertas\/#primaryimage\"},\"thumbnailUrl\":\"https:\/\/www.padreeustaquio.com.br\/wp-content\/uploads\/2020\/09\/WhatsApp-Image-2019-07-04-at-13.20.49.jpeg\",\"articleSection\":[\"Not\u00edcias\"],\"inLanguage\":\"en-US\",\"potentialAction\":[{\"@type\":\"CommentAction\",\"name\":\"Comment\",\"target\":[\"https:\/\/www.padreeustaquio.com.br\/inscricoes-para-missas-dos-dias-19-e-20-de-setembro-ja-estao-abertas\/#respond\"]}]},{\"@type\":\"WebPage\",\"@id\":\"https:\/\/www.padreeustaquio.com.br\/inscricoes-para-missas-dos-dias-19-e-20-de-setembro-ja-estao-abertas\/\",\"url\":\"https:\/\/www.padreeustaquio.com.br\/inscricoes-para-missas-dos-dias-19-e-20-de-setembro-ja-estao-abertas\/\",\"name\":\"Inscri\u00e7\u00f5es para missas dos dias 19 e 20 de setembro j\u00e1 est\u00e3o abertas - Padre Eust\u00e1quio\",\"isPartOf\":{\"@id\":\"https:\/\/www.padreeustaquio.com.br\/#website\"},\"primaryImageOfPage\":{\"@id\":\"https:\/\/www.padreeustaquio.com.br\/inscricoes-para-missas-dos-dias-19-e-20-de-setembro-ja-estao-abertas\/#primaryimage\"},\"image\":{\"@id\":\"https:\/\/www.padreeustaquio.com.br\/inscricoes-para-missas-dos-dias-19-e-20-de-setembro-ja-estao-abertas\/#primaryimage\"},\"thumbnailUrl\":\"https:\/\/www.padreeustaquio.com.br\/wp-content\/uploads\/2020\/09\/WhatsApp-Image-2019-07-04-at-13.20.49.jpeg\",\"datePublished\":\"2020-09-15T13:35:35+00:00\",\"breadcrumb\":{\"@id\":\"https:\/\/www.padreeustaquio.com.br\/inscricoes-para-missas-dos-dias-19-e-20-de-setembro-ja-estao-abertas\/#breadcrumb\"},\"inLanguage\":\"en-US\",\"potentialAction\":[{\"@type\":\"ReadAction\",\"target\":[\"https:\/\/www.padreeustaquio.com.br\/inscricoes-para-missas-dos-dias-19-e-20-de-setembro-ja-estao-abertas\/\"]}]},{\"@type\":\"ImageObject\",\"inLanguage\":\"en-US\",\"@id\":\"https:\/\/www.padreeustaquio.com.br\/inscricoes-para-missas-dos-dias-19-e-20-de-setembro-ja-estao-abertas\/#primaryimage\",\"url\":\"https:\/\/www.padreeustaquio.com.br\/wp-content\/uploads\/2020\/09\/WhatsApp-Image-2019-07-04-at-13.20.49.jpeg\",\"contentUrl\":\"https:\/\/www.padreeustaquio.com.br\/wp-content\/uploads\/2020\/09\/WhatsApp-Image-2019-07-04-at-13.20.49.jpeg\",\"width\":1280,\"height\":944},{\"@type\":\"BreadcrumbList\",\"@id\":\"https:\/\/www.padreeustaquio.com.br\/inscricoes-para-missas-dos-dias-19-e-20-de-setembro-ja-estao-abertas\/#breadcrumb\",\"itemListElement\":[{\"@type\":\"ListItem\",\"position\":1,\"name\":\"In\u00edcio\",\"item\":\"https:\/\/www.padreeustaquio.com.br\/\"},{\"@type\":\"ListItem\",\"position\":2,\"name\":\"Inscri\u00e7\u00f5es para missas dos dias 19 e 20 de setembro j\u00e1 est\u00e3o abertas\"}]},{\"@type\":\"WebSite\",\"@id\":\"https:\/\/www.padreeustaquio.com.br\/#website\",\"url\":\"https:\/\/www.padreeustaquio.com.br\/\",\"name\":\"Padre Eust\u00e1quio\",\"description\":\"Sa\u00fade e Paz\",\"publisher\":{\"@id\":\"https:\/\/www.padreeustaquio.com.br\/#organization\"},\"potentialAction\":[{\"@type\":\"SearchAction\",\"target\":{\"@type\":\"EntryPoint\",\"urlTemplate\":\"https:\/\/www.padreeustaquio.com.br\/?s={search_term_string}\"},\"query-input\":{\"@type\":\"PropertyValueSpecification\",\"valueRequired\":true,\"valueName\":\"search_term_string\"}}],\"inLanguage\":\"en-US\"},{\"@type\":\"Organization\",\"@id\":\"https:\/\/www.padreeustaquio.com.br\/#organization\",\"name\":\"Padre Eust\u00e1quio\",\"url\":\"https:\/\/www.padreeustaquio.com.br\/\",\"logo\":{\"@type\":\"ImageObject\",\"inLanguage\":\"en-US\",\"@id\":\"https:\/\/www.padreeustaquio.com.br\/#\/schema\/logo\/image\/\",\"url\":\"https:\/\/www.padreeustaquio.com.br\/wp-content\/uploads\/2019\/08\/marca.png\",\"contentUrl\":\"https:\/\/www.padreeustaquio.com.br\/wp-content\/uploads\/2019\/08\/marca.png\",\"width\":350,\"height\":400,\"caption\":\"Padre Eust\u00e1quio\"},\"image\":{\"@id\":\"https:\/\/www.padreeustaquio.com.br\/#\/schema\/logo\/image\/\"},\"sameAs\":[\"https:\/\/www.facebook.com\/beatopadreeustaquio\/\",\"https:\/\/x.com\/beatopeustaquio\",\"https:\/\/www.instagram.com\/beatopadreeustaquio\/\",\"https:\/\/www.youtube.com\/channel\/UCRhw7vfabnajwLxb1ZXMeIw\"]},{\"@type\":\"Person\",\"@id\":\"https:\/\/www.padreeustaquio.com.br\/#\/schema\/person\/a2a51db1d00f1a7af0204a0f1ddb1566\",\"name\":\"@sscc\",\"image\":{\"@type\":\"ImageObject\",\"inLanguage\":\"en-US\",\"@id\":\"https:\/\/secure.gravatar.com\/avatar\/68cfafa5f44617fea54071e215026e0ff06be366c3d54a8425f04fdcb86f8c5f?s=96&d=mm&r=g\",\"url\":\"https:\/\/secure.gravatar.com\/avatar\/68cfafa5f44617fea54071e215026e0ff06be366c3d54a8425f04fdcb86f8c5f?s=96&d=mm&r=g\",\"contentUrl\":\"https:\/\/secure.gravatar.com\/avatar\/68cfafa5f44617fea54071e215026e0ff06be366c3d54a8425f04fdcb86f8c5f?s=96&d=mm&r=g\",\"caption\":\"@sscc\"},\"url\":\"https:\/\/www.padreeustaquio.com.br\/en\/author\/sscc\/\"}]}<\/script>\n<!-- \/ Yoast SEO plugin. -->","yoast_head_json":{"title":"Registration for masses on September 19th and 20th is now open - Father Eust\u00e1quio","robots":{"index":"index","follow":"follow","max-snippet":"max-snippet:-1","max-image-preview":"max-image-preview:large","max-video-preview":"max-video-preview:-1"},"canonical":"https:\/\/www.padreeustaquio.com.br\/en\/registration-for-masses-on-september-19th-and-20th-is-now-open\/","og_locale":"en_US","og_type":"article","og_title":"Inscri\u00e7\u00f5es para missas dos dias 19 e 20 de setembro j\u00e1 est\u00e3o abertas - Padre Eust\u00e1quio","og_description":"As inscri\u00e7\u00f5es para as missas presenciais do pr\u00f3ximo final de semana, dias 19 e 20 de setembro j\u00e1 est\u00e3o dispon\u00edveis no site Sympla. Aqueles que quiserem participar das celebra\u00e7\u00f5es realizadas na igreja do Padre Eust\u00e1quio, precisam se inscrever antecipadamente. Para reservar um lugar na missa presencial, basta acessar\u00a0aqui\u00a0o site de ingressos, escolher a celebra\u00e7\u00e3o na qual deseja participar e fazer a inscri\u00e7\u00e3o. As missas dispon\u00edveis continuam sendo aos S\u00e1bados, \u00e0s 18h e aos Domingos, \u00e0s 7h30, 10h e 18h. Cada participante pode retirar at\u00e9 5 ingressos para cada celebra\u00e7\u00e3o. Vale lembrar que os cart\u00f5es continuam sendo distribu\u00eddos tamb\u00e9m na secretaria [&hellip;]","og_url":"https:\/\/www.padreeustaquio.com.br\/en\/registration-for-masses-on-september-19th-and-20th-is-now-open\/","og_site_name":"Padre Eust\u00e1quio","article_publisher":"https:\/\/www.facebook.com\/beatopadreeustaquio\/","article_published_time":"2020-09-15T13:35:35+00:00","og_image":[{"width":1280,"height":944,"url":"https:\/\/www.padreeustaquio.com.br\/wp-content\/uploads\/2020\/09\/WhatsApp-Image-2019-07-04-at-13.20.49.jpeg","type":"image\/jpeg"}],"author":"@sscc","twitter_card":"summary_large_image","twitter_creator":"@beatopeustaquio","twitter_site":"@beatopeustaquio","twitter_misc":{"Written by":"@sscc","Est. reading time":"3 minutes"},"schema":{"@context":"https:\/\/schema.org","@graph":[{"@type":"Article","@id":"https:\/\/www.padreeustaquio.com.br\/inscricoes-para-missas-dos-dias-19-e-20-de-setembro-ja-estao-abertas\/#article","isPartOf":{"@id":"https:\/\/www.padreeustaquio.com.br\/inscricoes-para-missas-dos-dias-19-e-20-de-setembro-ja-estao-abertas\/"},"author":{"name":"@sscc","@id":"https:\/\/www.padreeustaquio.com.br\/#\/schema\/person\/a2a51db1d00f1a7af0204a0f1ddb1566"},"headline":"Inscri\u00e7\u00f5es para missas dos dias 19 e 20 de setembro j\u00e1 est\u00e3o abertas","datePublished":"2020-09-15T13:35:35+00:00","mainEntityOfPage":{"@id":"https:\/\/www.padreeustaquio.com.br\/inscricoes-para-missas-dos-dias-19-e-20-de-setembro-ja-estao-abertas\/"},"wordCount":516,"commentCount":0,"publisher":{"@id":"https:\/\/www.padreeustaquio.com.br\/#organization"},"image":{"@id":"https:\/\/www.padreeustaquio.com.br\/inscricoes-para-missas-dos-dias-19-e-20-de-setembro-ja-estao-abertas\/#primaryimage"},"thumbnailUrl":"https:\/\/www.padreeustaquio.com.br\/wp-content\/uploads\/2020\/09\/WhatsApp-Image-2019-07-04-at-13.20.49.jpeg","articleSection":["Not\u00edcias"],"inLanguage":"en-US","potentialAction":[{"@type":"CommentAction","name":"Comment","target":["https:\/\/www.padreeustaquio.com.br\/inscricoes-para-missas-dos-dias-19-e-20-de-setembro-ja-estao-abertas\/#respond"]}]},{"@type":"WebPage","@id":"https:\/\/www.padreeustaquio.com.br\/inscricoes-para-missas-dos-dias-19-e-20-de-setembro-ja-estao-abertas\/","url":"https:\/\/www.padreeustaquio.com.br\/inscricoes-para-missas-dos-dias-19-e-20-de-setembro-ja-estao-abertas\/","name":"Registration for masses on September 19th and 20th is now open - Father Eust\u00e1quio","isPartOf":{"@id":"https:\/\/www.padreeustaquio.com.br\/#website"},"primaryImageOfPage":{"@id":"https:\/\/www.padreeustaquio.com.br\/inscricoes-para-missas-dos-dias-19-e-20-de-setembro-ja-estao-abertas\/#primaryimage"},"image":{"@id":"https:\/\/www.padreeustaquio.com.br\/inscricoes-para-missas-dos-dias-19-e-20-de-setembro-ja-estao-abertas\/#primaryimage"},"thumbnailUrl":"https:\/\/www.padreeustaquio.com.br\/wp-content\/uploads\/2020\/09\/WhatsApp-Image-2019-07-04-at-13.20.49.jpeg","datePublished":"2020-09-15T13:35:35+00:00","breadcrumb":{"@id":"https:\/\/www.padreeustaquio.com.br\/inscricoes-para-missas-dos-dias-19-e-20-de-setembro-ja-estao-abertas\/#breadcrumb"},"inLanguage":"en-US","potentialAction":[{"@type":"ReadAction","target":["https:\/\/www.padreeustaquio.com.br\/inscricoes-para-missas-dos-dias-19-e-20-de-setembro-ja-estao-abertas\/"]}]},{"@type":"ImageObject","inLanguage":"en-US","@id":"https:\/\/www.padreeustaquio.com.br\/inscricoes-para-missas-dos-dias-19-e-20-de-setembro-ja-estao-abertas\/#primaryimage","url":"https:\/\/www.padreeustaquio.com.br\/wp-content\/uploads\/2020\/09\/WhatsApp-Image-2019-07-04-at-13.20.49.jpeg","contentUrl":"https:\/\/www.padreeustaquio.com.br\/wp-content\/uploads\/2020\/09\/WhatsApp-Image-2019-07-04-at-13.20.49.jpeg","width":1280,"height":944},{"@type":"BreadcrumbList","@id":"https:\/\/www.padreeustaquio.com.br\/inscricoes-para-missas-dos-dias-19-e-20-de-setembro-ja-estao-abertas\/#breadcrumb","itemListElement":[{"@type":"ListItem","position":1,"name":"In\u00edcio","item":"https:\/\/www.padreeustaquio.com.br\/"},{"@type":"ListItem","position":2,"name":"Inscri\u00e7\u00f5es para missas dos dias 19 e 20 de setembro j\u00e1 est\u00e3o abertas"}]},{"@type":"WebSite","@id":"https:\/\/www.padreeustaquio.com.br\/#website","url":"https:\/\/www.padreeustaquio.com.br\/","name":"FATHER EUST\u00c1QUIO","description":"Health and Peace","publisher":{"@id":"https:\/\/www.padreeustaquio.com.br\/#organization"},"potentialAction":[{"@type":"SearchAction","target":{"@type":"EntryPoint","urlTemplate":"https:\/\/www.padreeustaquio.com.br\/?s={search_term_string}"},"query-input":{"@type":"PropertyValueSpecification","valueRequired":true,"valueName":"search_term_string"}}],"inLanguage":"en-US"},{"@type":"Organization","@id":"https:\/\/www.padreeustaquio.com.br\/#organization","name":"FATHER EUST\u00c1QUIO","url":"https:\/\/www.padreeustaquio.com.br\/","logo":{"@type":"ImageObject","inLanguage":"en-US","@id":"https:\/\/www.padreeustaquio.com.br\/#\/schema\/logo\/image\/","url":"https:\/\/www.padreeustaquio.com.br\/wp-content\/uploads\/2019\/08\/marca.png","contentUrl":"https:\/\/www.padreeustaquio.com.br\/wp-content\/uploads\/2019\/08\/marca.png","width":350,"height":400,"caption":"Padre Eust\u00e1quio"},"image":{"@id":"https:\/\/www.padreeustaquio.com.br\/#\/schema\/logo\/image\/"},"sameAs":["https:\/\/www.facebook.com\/beatopadreeustaquio\/","https:\/\/x.com\/beatopeustaquio","https:\/\/www.instagram.com\/beatopadreeustaquio\/","https:\/\/www.youtube.com\/channel\/UCRhw7vfabnajwLxb1ZXMeIw"]},{"@type":"Person","@id":"https:\/\/www.padreeustaquio.com.br\/#\/schema\/person\/a2a51db1d00f1a7af0204a0f1ddb1566","name":"@sscc","image":{"@type":"ImageObject","inLanguage":"en-US","@id":"https:\/\/secure.gravatar.com\/avatar\/68cfafa5f44617fea54071e215026e0ff06be366c3d54a8425f04fdcb86f8c5f?s=96&d=mm&r=g","url":"https:\/\/secure.gravatar.com\/avatar\/68cfafa5f44617fea54071e215026e0ff06be366c3d54a8425f04fdcb86f8c5f?s=96&d=mm&r=g","contentUrl":"https:\/\/secure.gravatar.com\/avatar\/68cfafa5f44617fea54071e215026e0ff06be366c3d54a8425f04fdcb86f8c5f?s=96&d=mm&r=g","caption":"@sscc"},"url":"https:\/\/www.padreeustaquio.com.br\/en\/author\/sscc\/"}]}},"_links":{"self":[{"href":"https:\/\/www.padreeustaquio.com.br\/en\/wp-json\/wp\/v2\/posts\/4600","targetHints":{"allow":["GET"]}}],"collection":[{"href":"https:\/\/www.padreeustaquio.com.br\/en\/wp-json\/wp\/v2\/posts"}],"about":[{"href":"https:\/\/www.padreeustaquio.com.br\/en\/wp-json\/wp\/v2\/types\/post"}],"author":[{"embeddable":true,"href":"https:\/\/www.padreeustaquio.com.br\/en\/wp-json\/wp\/v2\/users\/2"}],"replies":[{"embeddable":true,"href":"https:\/\/www.padreeustaquio.com.br\/en\/wp-json\/wp\/v2\/comments?post=4600"}],"version-history":[{"count":0,"href":"https:\/\/www.padreeustaquio.com.br\/en\/wp-json\/wp\/v2\/posts\/4600\/revisions"}],"wp:featuredmedia":[{"embeddable":true,"href":"https:\/\/www.padreeustaquio.com.br\/en\/wp-json\/wp\/v2\/media\/4601"}],"wp:attachment":[{"href":"https:\/\/www.padreeustaquio.com.br\/en\/wp-json\/wp\/v2\/media?parent=4600"}],"wp:term":[{"taxonomy":"category","embeddable":true,"href":"https:\/\/www.padreeustaquio.com.br\/en\/wp-json\/wp\/v2\/categories?post=4600"},{"taxonomy":"post_tag","embeddable":true,"href":"https:\/\/www.padreeustaquio.com.br\/en\/wp-json\/wp\/v2\/tags?post=4600"}],"curies":[{"name":"wp","href":"https:\/\/api.w.org\/{rel}","templated":true}]}}