{"id":4573,"date":"2020-09-09T10:43:31","date_gmt":"2020-09-09T13:43:31","guid":{"rendered":"https:\/\/www.padreeustaquio.com.br\/?p=4573"},"modified":"2020-09-09T10:56:39","modified_gmt":"2020-09-09T13:56:39","slug":"father-eustaquios-church-resumes-in-person-masses","status":"publish","type":"post","link":"https:\/\/www.padreeustaquio.com.br\/en\/father-eustaquios-church-resumes-in-person-masses\/","title":{"rendered":"Father Eust\u00e1quio&#039;s Church resumes in-person masses."},"content":{"rendered":"<p>Last weekend was marked by the return of in-person masses at the &quot;Health and Peace&quot; Sanctuary, Father Eust\u00e1quio&#039;s church, in Belo Horizonte. Many devotees participated in the four celebrations with the congregation present, some even becoming emotional.<\/p>\n<p>At the church entrance, accessible only through the side gate, each person arriving presented their card (obtained in advance from the parish office during the week), had their temperature checked, and their feet sanitized by walking across a mat soaked in bleach. They were then invited to sanitize their hands with hand sanitizer and to sit in one of the 160 available seats, which had been previously disinfected by Sanctuary staff.<\/p>\n<p>Wearing masks, the faithful prayed, sang, and praised God for that moment and for the requests each one carried in their heart. At the moment of communion, the priest and ministers went to the people, avoiding movement and crowds. At that moment, many were moved! After all, it had been almost six months away from in-person celebrations.<\/p>\n<p>At the end of each service, the pews were sanitized for subsequent masses. Those who could not attend, due to belonging to a high-risk group, followed the broadcast on social media.<\/p>\n<p>During the week, masses will continue to be held only through the internet. <a href=\"https:\/\/www.youtube.com\/channel\/UCRhw7vfabnajwLxb1ZXMeIw\">Padre Eust\u00e1quio Channel<\/a>, from YouTube. Starting Wednesday, registration for in-person masses next weekend will be available.<\/p>\n<p>To register or obtain information, call <a href=\"https:\/\/www.padreeustaquio.com.br\/en\/sanctuary-of-health-and-peace\/\">Parish Office<\/a>: (31)\u00a0\u00a03462-6557.<\/p>\n<p>See some photos:<\/p>\n\n\t\t<style type=\"text\/css\">\n\t\t\t#gallery-1 {\n\t\t\t\tmargin: auto;\n\t\t\t}\n\t\t\t#gallery-1 .gallery-item {\n\t\t\t\tfloat: left;\n\t\t\t\tmargin-top: 10px;\n\t\t\t\ttext-align: center;\n\t\t\t\twidth: 33%;\n\t\t\t}\n\t\t\t#gallery-1 img {\n\t\t\t\tborder: 2px solid #cfcfcf;\n\t\t\t}\n\t\t\t#gallery-1 .gallery-caption {\n\t\t\t\tmargin-left: 0;\n\t\t\t}\n\t\t\t\/* see gallery_shortcode() in wp-includes\/media.php *\/\n\t\t<\/style>\n\t\t<div id='gallery-1' class='gallery galleryid-4573 gallery-columns-3 gallery-size-thumbnail'><dl class='gallery-item'>\n\t\t\t<dt class='gallery-icon landscape'>\n\t\t\t\t<a href='https:\/\/www.padreeustaquio.com.br\/en\/father-eustaquios-church-resumes-in-person-masses\/whatsapp-image-2020-09-06-at-11-19-10\/'><img decoding=\"async\" width=\"150\" height=\"150\" src=\"https:\/\/www.padreeustaquio.com.br\/wp-content\/uploads\/2020\/09\/WhatsApp-Image-2020-09-06-at-11.19.10-150x150.jpeg\" class=\"attachment-thumbnail size-thumbnail\" alt=\"\" srcset=\"https:\/\/www.padreeustaquio.com.br\/wp-content\/uploads\/2020\/09\/WhatsApp-Image-2020-09-06-at-11.19.10-150x150.jpeg 150w, https:\/\/www.padreeustaquio.com.br\/wp-content\/uploads\/2020\/09\/WhatsApp-Image-2020-09-06-at-11.19.10-180x180.jpeg 180w, https:\/\/www.padreeustaquio.com.br\/wp-content\/uploads\/2020\/09\/WhatsApp-Image-2020-09-06-at-11.19.10-400x400.jpeg 400w, https:\/\/www.padreeustaquio.com.br\/wp-content\/uploads\/2020\/09\/WhatsApp-Image-2020-09-06-at-11.19.10-600x600.jpeg 600w\" sizes=\"(max-width: 150px) 100vw, 150px\" \/><\/a>\n\t\t\t<\/dt><\/dl><dl class='gallery-item'>\n\t\t\t<dt class='gallery-icon landscape'>\n\t\t\t\t<a href='https:\/\/www.padreeustaquio.com.br\/en\/father-eustaquios-church-resumes-in-person-masses\/118580551_3176569002460900_9023598155642853415_o\/'><img decoding=\"async\" width=\"150\" height=\"150\" src=\"https:\/\/www.padreeustaquio.com.br\/wp-content\/uploads\/2020\/09\/118580551_3176569002460900_9023598155642853415_o-150x150.jpg\" class=\"attachment-thumbnail size-thumbnail\" alt=\"\" srcset=\"https:\/\/www.padreeustaquio.com.br\/wp-content\/uploads\/2020\/09\/118580551_3176569002460900_9023598155642853415_o-150x150.jpg 150w, https:\/\/www.padreeustaquio.com.br\/wp-content\/uploads\/2020\/09\/118580551_3176569002460900_9023598155642853415_o-300x300.jpg 300w, https:\/\/www.padreeustaquio.com.br\/wp-content\/uploads\/2020\/09\/118580551_3176569002460900_9023598155642853415_o-768x768.jpg 768w, https:\/\/www.padreeustaquio.com.br\/wp-content\/uploads\/2020\/09\/118580551_3176569002460900_9023598155642853415_o-1024x1024.jpg 1024w, https:\/\/www.padreeustaquio.com.br\/wp-content\/uploads\/2020\/09\/118580551_3176569002460900_9023598155642853415_o-180x180.jpg 180w, https:\/\/www.padreeustaquio.com.br\/wp-content\/uploads\/2020\/09\/118580551_3176569002460900_9023598155642853415_o-400x400.jpg 400w, https:\/\/www.padreeustaquio.com.br\/wp-content\/uploads\/2020\/09\/118580551_3176569002460900_9023598155642853415_o-600x600.jpg 600w, https:\/\/www.padreeustaquio.com.br\/wp-content\/uploads\/2020\/09\/118580551_3176569002460900_9023598155642853415_o.jpg 1440w\" sizes=\"(max-width: 150px) 100vw, 150px\" \/><\/a>\n\t\t\t<\/dt><\/dl><dl class='gallery-item'>\n\t\t\t<dt class='gallery-icon landscape'>\n\t\t\t\t<a href='https:\/\/www.padreeustaquio.com.br\/en\/father-eustaquios-church-resumes-in-person-masses\/119000254_3176568989127568_7171192331607043419_o\/'><img decoding=\"async\" width=\"150\" height=\"150\" src=\"https:\/\/www.padreeustaquio.com.br\/wp-content\/uploads\/2020\/09\/119000254_3176568989127568_7171192331607043419_o-150x150.jpg\" class=\"attachment-thumbnail size-thumbnail\" alt=\"\" srcset=\"https:\/\/www.padreeustaquio.com.br\/wp-content\/uploads\/2020\/09\/119000254_3176568989127568_7171192331607043419_o-150x150.jpg 150w, https:\/\/www.padreeustaquio.com.br\/wp-content\/uploads\/2020\/09\/119000254_3176568989127568_7171192331607043419_o-300x300.jpg 300w, https:\/\/www.padreeustaquio.com.br\/wp-content\/uploads\/2020\/09\/119000254_3176568989127568_7171192331607043419_o-768x768.jpg 768w, https:\/\/www.padreeustaquio.com.br\/wp-content\/uploads\/2020\/09\/119000254_3176568989127568_7171192331607043419_o-1024x1024.jpg 1024w, https:\/\/www.padreeustaquio.com.br\/wp-content\/uploads\/2020\/09\/119000254_3176568989127568_7171192331607043419_o-180x180.jpg 180w, https:\/\/www.padreeustaquio.com.br\/wp-content\/uploads\/2020\/09\/119000254_3176568989127568_7171192331607043419_o-400x400.jpg 400w, https:\/\/www.padreeustaquio.com.br\/wp-content\/uploads\/2020\/09\/119000254_3176568989127568_7171192331607043419_o-600x600.jpg 600w, https:\/\/www.padreeustaquio.com.br\/wp-content\/uploads\/2020\/09\/119000254_3176568989127568_7171192331607043419_o.jpg 1440w\" sizes=\"(max-width: 150px) 100vw, 150px\" \/><\/a>\n\t\t\t<\/dt><\/dl><br style=\"clear: both\" \/><dl class='gallery-item'>\n\t\t\t<dt class='gallery-icon landscape'>\n\t\t\t\t<a href='https:\/\/www.padreeustaquio.com.br\/en\/father-eustaquios-church-resumes-in-person-masses\/118712134_3176568985794235_2716858065040465151_o\/'><img loading=\"lazy\" decoding=\"async\" width=\"150\" height=\"150\" src=\"https:\/\/www.padreeustaquio.com.br\/wp-content\/uploads\/2020\/09\/118712134_3176568985794235_2716858065040465151_o-150x150.jpg\" class=\"attachment-thumbnail size-thumbnail\" alt=\"\" srcset=\"https:\/\/www.padreeustaquio.com.br\/wp-content\/uploads\/2020\/09\/118712134_3176568985794235_2716858065040465151_o-150x150.jpg 150w, https:\/\/www.padreeustaquio.com.br\/wp-content\/uploads\/2020\/09\/118712134_3176568985794235_2716858065040465151_o-300x300.jpg 300w, https:\/\/www.padreeustaquio.com.br\/wp-content\/uploads\/2020\/09\/118712134_3176568985794235_2716858065040465151_o-768x768.jpg 768w, https:\/\/www.padreeustaquio.com.br\/wp-content\/uploads\/2020\/09\/118712134_3176568985794235_2716858065040465151_o-1024x1024.jpg 1024w, https:\/\/www.padreeustaquio.com.br\/wp-content\/uploads\/2020\/09\/118712134_3176568985794235_2716858065040465151_o-180x180.jpg 180w, https:\/\/www.padreeustaquio.com.br\/wp-content\/uploads\/2020\/09\/118712134_3176568985794235_2716858065040465151_o-400x400.jpg 400w, https:\/\/www.padreeustaquio.com.br\/wp-content\/uploads\/2020\/09\/118712134_3176568985794235_2716858065040465151_o-600x600.jpg 600w, https:\/\/www.padreeustaquio.com.br\/wp-content\/uploads\/2020\/09\/118712134_3176568985794235_2716858065040465151_o.jpg 1440w\" sizes=\"(max-width: 150px) 100vw, 150px\" \/><\/a>\n\t\t\t<\/dt><\/dl><dl class='gallery-item'>\n\t\t\t<dt class='gallery-icon landscape'>\n\t\t\t\t<a href='https:\/\/www.padreeustaquio.com.br\/en\/father-eustaquios-church-resumes-in-person-masses\/118852588_3176568995794234_9119887463679329098_o\/'><img loading=\"lazy\" decoding=\"async\" width=\"150\" height=\"150\" src=\"https:\/\/www.padreeustaquio.com.br\/wp-content\/uploads\/2020\/09\/118852588_3176568995794234_9119887463679329098_o-150x150.jpg\" class=\"attachment-thumbnail size-thumbnail\" alt=\"\" srcset=\"https:\/\/www.padreeustaquio.com.br\/wp-content\/uploads\/2020\/09\/118852588_3176568995794234_9119887463679329098_o-150x150.jpg 150w, https:\/\/www.padreeustaquio.com.br\/wp-content\/uploads\/2020\/09\/118852588_3176568995794234_9119887463679329098_o-300x300.jpg 300w, https:\/\/www.padreeustaquio.com.br\/wp-content\/uploads\/2020\/09\/118852588_3176568995794234_9119887463679329098_o-768x768.jpg 768w, https:\/\/www.padreeustaquio.com.br\/wp-content\/uploads\/2020\/09\/118852588_3176568995794234_9119887463679329098_o-1024x1024.jpg 1024w, https:\/\/www.padreeustaquio.com.br\/wp-content\/uploads\/2020\/09\/118852588_3176568995794234_9119887463679329098_o-180x180.jpg 180w, https:\/\/www.padreeustaquio.com.br\/wp-content\/uploads\/2020\/09\/118852588_3176568995794234_9119887463679329098_o-400x400.jpg 400w, https:\/\/www.padreeustaquio.com.br\/wp-content\/uploads\/2020\/09\/118852588_3176568995794234_9119887463679329098_o-600x600.jpg 600w, https:\/\/www.padreeustaquio.com.br\/wp-content\/uploads\/2020\/09\/118852588_3176568995794234_9119887463679329098_o.jpg 1440w\" sizes=\"(max-width: 150px) 100vw, 150px\" \/><\/a>\n\t\t\t<\/dt><\/dl><dl class='gallery-item'>\n\t\t\t<dt class='gallery-icon landscape'>\n\t\t\t\t<a href='https:\/\/www.padreeustaquio.com.br\/en\/father-eustaquios-church-resumes-in-person-masses\/118951208_3176568979127569_8508515178117945455_o\/'><img loading=\"lazy\" decoding=\"async\" width=\"150\" height=\"150\" src=\"https:\/\/www.padreeustaquio.com.br\/wp-content\/uploads\/2020\/09\/118951208_3176568979127569_8508515178117945455_o-150x150.jpg\" class=\"attachment-thumbnail size-thumbnail\" alt=\"\" srcset=\"https:\/\/www.padreeustaquio.com.br\/wp-content\/uploads\/2020\/09\/118951208_3176568979127569_8508515178117945455_o-150x150.jpg 150w, https:\/\/www.padreeustaquio.com.br\/wp-content\/uploads\/2020\/09\/118951208_3176568979127569_8508515178117945455_o-300x300.jpg 300w, https:\/\/www.padreeustaquio.com.br\/wp-content\/uploads\/2020\/09\/118951208_3176568979127569_8508515178117945455_o-768x768.jpg 768w, https:\/\/www.padreeustaquio.com.br\/wp-content\/uploads\/2020\/09\/118951208_3176568979127569_8508515178117945455_o-1024x1024.jpg 1024w, https:\/\/www.padreeustaquio.com.br\/wp-content\/uploads\/2020\/09\/118951208_3176568979127569_8508515178117945455_o-180x180.jpg 180w, https:\/\/www.padreeustaquio.com.br\/wp-content\/uploads\/2020\/09\/118951208_3176568979127569_8508515178117945455_o-400x400.jpg 400w, https:\/\/www.padreeustaquio.com.br\/wp-content\/uploads\/2020\/09\/118951208_3176568979127569_8508515178117945455_o-600x600.jpg 600w, https:\/\/www.padreeustaquio.com.br\/wp-content\/uploads\/2020\/09\/118951208_3176568979127569_8508515178117945455_o.jpg 1440w\" sizes=\"(max-width: 150px) 100vw, 150px\" \/><\/a>\n\t\t\t<\/dt><\/dl><br style=\"clear: both\" \/><dl class='gallery-item'>\n\t\t\t<dt class='gallery-icon landscape'>\n\t\t\t\t<a href='https:\/\/www.padreeustaquio.com.br\/en\/father-eustaquios-church-resumes-in-person-masses\/whatsapp-image-2020-09-06-at-11-19-05\/'><img loading=\"lazy\" decoding=\"async\" width=\"150\" height=\"150\" src=\"https:\/\/www.padreeustaquio.com.br\/wp-content\/uploads\/2020\/09\/WhatsApp-Image-2020-09-06-at-11.19.05-150x150.jpeg\" class=\"attachment-thumbnail size-thumbnail\" alt=\"\" srcset=\"https:\/\/www.padreeustaquio.com.br\/wp-content\/uploads\/2020\/09\/WhatsApp-Image-2020-09-06-at-11.19.05-150x150.jpeg 150w, https:\/\/www.padreeustaquio.com.br\/wp-content\/uploads\/2020\/09\/WhatsApp-Image-2020-09-06-at-11.19.05-180x180.jpeg 180w, https:\/\/www.padreeustaquio.com.br\/wp-content\/uploads\/2020\/09\/WhatsApp-Image-2020-09-06-at-11.19.05-400x400.jpeg 400w, https:\/\/www.padreeustaquio.com.br\/wp-content\/uploads\/2020\/09\/WhatsApp-Image-2020-09-06-at-11.19.05-600x600.jpeg 600w\" sizes=\"(max-width: 150px) 100vw, 150px\" \/><\/a>\n\t\t\t<\/dt><\/dl><dl class='gallery-item'>\n\t\t\t<dt class='gallery-icon landscape'>\n\t\t\t\t<a href='https:\/\/www.padreeustaquio.com.br\/en\/father-eustaquios-church-resumes-in-person-masses\/118838594_3176569005794233_5291982047244937841_o\/'><img loading=\"lazy\" decoding=\"async\" width=\"150\" height=\"150\" src=\"https:\/\/www.padreeustaquio.com.br\/wp-content\/uploads\/2020\/09\/118838594_3176569005794233_5291982047244937841_o-150x150.jpg\" class=\"attachment-thumbnail size-thumbnail\" alt=\"\" srcset=\"https:\/\/www.padreeustaquio.com.br\/wp-content\/uploads\/2020\/09\/118838594_3176569005794233_5291982047244937841_o-150x150.jpg 150w, https:\/\/www.padreeustaquio.com.br\/wp-content\/uploads\/2020\/09\/118838594_3176569005794233_5291982047244937841_o-300x300.jpg 300w, https:\/\/www.padreeustaquio.com.br\/wp-content\/uploads\/2020\/09\/118838594_3176569005794233_5291982047244937841_o-768x768.jpg 768w, https:\/\/www.padreeustaquio.com.br\/wp-content\/uploads\/2020\/09\/118838594_3176569005794233_5291982047244937841_o-1024x1024.jpg 1024w, https:\/\/www.padreeustaquio.com.br\/wp-content\/uploads\/2020\/09\/118838594_3176569005794233_5291982047244937841_o-180x180.jpg 180w, https:\/\/www.padreeustaquio.com.br\/wp-content\/uploads\/2020\/09\/118838594_3176569005794233_5291982047244937841_o-400x400.jpg 400w, https:\/\/www.padreeustaquio.com.br\/wp-content\/uploads\/2020\/09\/118838594_3176569005794233_5291982047244937841_o-600x600.jpg 600w, https:\/\/www.padreeustaquio.com.br\/wp-content\/uploads\/2020\/09\/118838594_3176569005794233_5291982047244937841_o.jpg 1440w\" sizes=\"(max-width: 150px) 100vw, 150px\" \/><\/a>\n\t\t\t<\/dt><\/dl><dl class='gallery-item'>\n\t\t\t<dt class='gallery-icon landscape'>\n\t\t\t\t<a href='https:\/\/www.padreeustaquio.com.br\/en\/father-eustaquios-church-resumes-in-person-masses\/118939195_3176568999127567_8532877876201799485_o\/'><img loading=\"lazy\" decoding=\"async\" width=\"150\" height=\"150\" src=\"https:\/\/www.padreeustaquio.com.br\/wp-content\/uploads\/2020\/09\/118939195_3176568999127567_8532877876201799485_o-150x150.jpg\" class=\"attachment-thumbnail size-thumbnail\" alt=\"\" srcset=\"https:\/\/www.padreeustaquio.com.br\/wp-content\/uploads\/2020\/09\/118939195_3176568999127567_8532877876201799485_o-150x150.jpg 150w, https:\/\/www.padreeustaquio.com.br\/wp-content\/uploads\/2020\/09\/118939195_3176568999127567_8532877876201799485_o-300x300.jpg 300w, https:\/\/www.padreeustaquio.com.br\/wp-content\/uploads\/2020\/09\/118939195_3176568999127567_8532877876201799485_o-768x768.jpg 768w, https:\/\/www.padreeustaquio.com.br\/wp-content\/uploads\/2020\/09\/118939195_3176568999127567_8532877876201799485_o-1024x1024.jpg 1024w, https:\/\/www.padreeustaquio.com.br\/wp-content\/uploads\/2020\/09\/118939195_3176568999127567_8532877876201799485_o-180x180.jpg 180w, https:\/\/www.padreeustaquio.com.br\/wp-content\/uploads\/2020\/09\/118939195_3176568999127567_8532877876201799485_o-400x400.jpg 400w, https:\/\/www.padreeustaquio.com.br\/wp-content\/uploads\/2020\/09\/118939195_3176568999127567_8532877876201799485_o-600x600.jpg 600w, https:\/\/www.padreeustaquio.com.br\/wp-content\/uploads\/2020\/09\/118939195_3176568999127567_8532877876201799485_o.jpg 1440w\" sizes=\"(max-width: 150px) 100vw, 150px\" \/><\/a>\n\t\t\t<\/dt><\/dl><br style=\"clear: both\" \/><dl class='gallery-item'>\n\t\t\t<dt class='gallery-icon landscape'>\n\t\t\t\t<a href='https:\/\/www.padreeustaquio.com.br\/en\/father-eustaquios-church-resumes-in-person-masses\/whatsapp-image-2020-09-08-at-10-42-53-1\/'><img loading=\"lazy\" decoding=\"async\" width=\"150\" height=\"150\" src=\"https:\/\/www.padreeustaquio.com.br\/wp-content\/uploads\/2020\/09\/WhatsApp-Image-2020-09-08-at-10.42.53-1-150x150.jpeg\" class=\"attachment-thumbnail size-thumbnail\" alt=\"\" srcset=\"https:\/\/www.padreeustaquio.com.br\/wp-content\/uploads\/2020\/09\/WhatsApp-Image-2020-09-08-at-10.42.53-1-150x150.jpeg 150w, https:\/\/www.padreeustaquio.com.br\/wp-content\/uploads\/2020\/09\/WhatsApp-Image-2020-09-08-at-10.42.53-1-180x180.jpeg 180w, https:\/\/www.padreeustaquio.com.br\/wp-content\/uploads\/2020\/09\/WhatsApp-Image-2020-09-08-at-10.42.53-1-400x400.jpeg 400w, https:\/\/www.padreeustaquio.com.br\/wp-content\/uploads\/2020\/09\/WhatsApp-Image-2020-09-08-at-10.42.53-1-600x600.jpeg 600w\" sizes=\"(max-width: 150px) 100vw, 150px\" \/><\/a>\n\t\t\t<\/dt><\/dl>\n\t\t\t<br style='clear: both' \/>\n\t\t<\/div>","protected":false},"excerpt":{"rendered":"<p>O \u00faltimo fim de semana foi marcado pelo retorno das missas presenciais no Santu\u00e1rio &#8220;Sa\u00fade e Paz&#8221;, a igreja do Padre Eust\u00e1quio, em Belo Horizonte. Muitos devotos participaram das quatro celebra\u00e7\u00f5es com a presen\u00e7a da assembleia, alguns at\u00e9 se emocionaram. Na entrada da igreja, feita somente pelo port\u00e3o lateral, cada pessoa que chegava, apresentava seu cart\u00e3o (retirado antecipadamente na secretaria paroquial durante a semana), tinha a temperatura verificada e os p\u00e9s sanitizados ao passarem pelo tapete embebido em \u00e1gua sanit\u00e1ria. Em seguida, era convidado a higienizar as m\u00e3os com \u00e1lcool gel e a se sentar em um dos 160 lugares [&hellip;]<\/p>\n","protected":false},"author":2,"featured_media":4587,"comment_status":"open","ping_status":"open","sticky":false,"template":"","format":"standard","meta":{"_acf_changed":false,"footnotes":""},"categories":[611],"tags":[],"class_list":["post-4573","post","type-post","status-publish","format-standard","has-post-thumbnail","hentry","category-noticias"],"acf":[],"yoast_head":"<!-- This site is optimized with the Yoast SEO plugin v27.2 - https:\/\/yoast.com\/product\/yoast-seo-wordpress\/ -->\n<title>Igreja do Padre Eust\u00e1quio retorna com missas presenciais - Padre Eust\u00e1quio<\/title>\n<meta name=\"robots\" content=\"index, follow, max-snippet:-1, max-image-preview:large, max-video-preview:-1\" \/>\n<link rel=\"canonical\" href=\"https:\/\/www.padreeustaquio.com.br\/en\/father-eustaquios-church-resumes-in-person-masses\/\" \/>\n<meta property=\"og:locale\" content=\"en_US\" \/>\n<meta property=\"og:type\" content=\"article\" \/>\n<meta property=\"og:title\" content=\"Igreja do Padre Eust\u00e1quio retorna com missas presenciais - Padre Eust\u00e1quio\" \/>\n<meta property=\"og:description\" content=\"O \u00faltimo fim de semana foi marcado pelo retorno das missas presenciais no Santu\u00e1rio &#8220;Sa\u00fade e Paz&#8221;, a igreja do Padre Eust\u00e1quio, em Belo Horizonte. Muitos devotos participaram das quatro celebra\u00e7\u00f5es com a presen\u00e7a da assembleia, alguns at\u00e9 se emocionaram. Na entrada da igreja, feita somente pelo port\u00e3o lateral, cada pessoa que chegava, apresentava seu cart\u00e3o (retirado antecipadamente na secretaria paroquial durante a semana), tinha a temperatura verificada e os p\u00e9s sanitizados ao passarem pelo tapete embebido em \u00e1gua sanit\u00e1ria. Em seguida, era convidado a higienizar as m\u00e3os com \u00e1lcool gel e a se sentar em um dos 160 lugares [&hellip;]\" \/>\n<meta property=\"og:url\" content=\"https:\/\/www.padreeustaquio.com.br\/en\/father-eustaquios-church-resumes-in-person-masses\/\" \/>\n<meta property=\"og:site_name\" content=\"Padre Eust\u00e1quio\" \/>\n<meta property=\"article:publisher\" content=\"https:\/\/www.facebook.com\/beatopadreeustaquio\/\" \/>\n<meta property=\"article:published_time\" content=\"2020-09-09T13:43:31+00:00\" \/>\n<meta property=\"article:modified_time\" content=\"2020-09-09T13:56:39+00:00\" \/>\n<meta property=\"og:image\" content=\"https:\/\/www.padreeustaquio.com.br\/wp-content\/uploads\/2020\/09\/WhatsApp-Image-2020-09-09-at-10.55.19.jpeg\" \/>\n\t<meta property=\"og:image:width\" content=\"1280\" \/>\n\t<meta property=\"og:image:height\" content=\"780\" \/>\n\t<meta property=\"og:image:type\" content=\"image\/jpeg\" \/>\n<meta name=\"author\" content=\"@sscc\" \/>\n<meta name=\"twitter:card\" content=\"summary_large_image\" \/>\n<meta name=\"twitter:creator\" content=\"@beatopeustaquio\" \/>\n<meta name=\"twitter:site\" content=\"@beatopeustaquio\" \/>\n<meta name=\"twitter:label1\" content=\"Written by\" \/>\n\t<meta name=\"twitter:data1\" content=\"@sscc\" \/>\n\t<meta name=\"twitter:label2\" content=\"Est. reading time\" \/>\n\t<meta name=\"twitter:data2\" content=\"1 minute\" \/>\n<script type=\"application\/ld+json\" class=\"yoast-schema-graph\">{\"@context\":\"https:\/\/schema.org\",\"@graph\":[{\"@type\":\"Article\",\"@id\":\"https:\/\/www.padreeustaquio.com.br\/igreja-do-padre-eustaquio-retorna-com-missas-presenciais\/#article\",\"isPartOf\":{\"@id\":\"https:\/\/www.padreeustaquio.com.br\/igreja-do-padre-eustaquio-retorna-com-missas-presenciais\/\"},\"author\":{\"name\":\"@sscc\",\"@id\":\"https:\/\/www.padreeustaquio.com.br\/#\/schema\/person\/a2a51db1d00f1a7af0204a0f1ddb1566\"},\"headline\":\"Igreja do Padre Eust\u00e1quio retorna com missas presenciais\",\"datePublished\":\"2020-09-09T13:43:31+00:00\",\"dateModified\":\"2020-09-09T13:56:39+00:00\",\"mainEntityOfPage\":{\"@id\":\"https:\/\/www.padreeustaquio.com.br\/igreja-do-padre-eustaquio-retorna-com-missas-presenciais\/\"},\"wordCount\":281,\"commentCount\":0,\"publisher\":{\"@id\":\"https:\/\/www.padreeustaquio.com.br\/#organization\"},\"image\":{\"@id\":\"https:\/\/www.padreeustaquio.com.br\/igreja-do-padre-eustaquio-retorna-com-missas-presenciais\/#primaryimage\"},\"thumbnailUrl\":\"https:\/\/www.padreeustaquio.com.br\/wp-content\/uploads\/2020\/09\/WhatsApp-Image-2020-09-09-at-10.55.19.jpeg\",\"articleSection\":[\"Not\u00edcias\"],\"inLanguage\":\"en-US\",\"potentialAction\":[{\"@type\":\"CommentAction\",\"name\":\"Comment\",\"target\":[\"https:\/\/www.padreeustaquio.com.br\/igreja-do-padre-eustaquio-retorna-com-missas-presenciais\/#respond\"]}]},{\"@type\":\"WebPage\",\"@id\":\"https:\/\/www.padreeustaquio.com.br\/igreja-do-padre-eustaquio-retorna-com-missas-presenciais\/\",\"url\":\"https:\/\/www.padreeustaquio.com.br\/igreja-do-padre-eustaquio-retorna-com-missas-presenciais\/\",\"name\":\"Igreja do Padre Eust\u00e1quio retorna com missas presenciais - Padre Eust\u00e1quio\",\"isPartOf\":{\"@id\":\"https:\/\/www.padreeustaquio.com.br\/#website\"},\"primaryImageOfPage\":{\"@id\":\"https:\/\/www.padreeustaquio.com.br\/igreja-do-padre-eustaquio-retorna-com-missas-presenciais\/#primaryimage\"},\"image\":{\"@id\":\"https:\/\/www.padreeustaquio.com.br\/igreja-do-padre-eustaquio-retorna-com-missas-presenciais\/#primaryimage\"},\"thumbnailUrl\":\"https:\/\/www.padreeustaquio.com.br\/wp-content\/uploads\/2020\/09\/WhatsApp-Image-2020-09-09-at-10.55.19.jpeg\",\"datePublished\":\"2020-09-09T13:43:31+00:00\",\"dateModified\":\"2020-09-09T13:56:39+00:00\",\"breadcrumb\":{\"@id\":\"https:\/\/www.padreeustaquio.com.br\/igreja-do-padre-eustaquio-retorna-com-missas-presenciais\/#breadcrumb\"},\"inLanguage\":\"en-US\",\"potentialAction\":[{\"@type\":\"ReadAction\",\"target\":[\"https:\/\/www.padreeustaquio.com.br\/igreja-do-padre-eustaquio-retorna-com-missas-presenciais\/\"]}]},{\"@type\":\"ImageObject\",\"inLanguage\":\"en-US\",\"@id\":\"https:\/\/www.padreeustaquio.com.br\/igreja-do-padre-eustaquio-retorna-com-missas-presenciais\/#primaryimage\",\"url\":\"https:\/\/www.padreeustaquio.com.br\/wp-content\/uploads\/2020\/09\/WhatsApp-Image-2020-09-09-at-10.55.19.jpeg\",\"contentUrl\":\"https:\/\/www.padreeustaquio.com.br\/wp-content\/uploads\/2020\/09\/WhatsApp-Image-2020-09-09-at-10.55.19.jpeg\",\"width\":1280,\"height\":780,\"caption\":\"Devotos sentados de frente \u00e0 imagem do Padre Eust\u00e1quio, mantendo o distanciamento social.\"},{\"@type\":\"BreadcrumbList\",\"@id\":\"https:\/\/www.padreeustaquio.com.br\/igreja-do-padre-eustaquio-retorna-com-missas-presenciais\/#breadcrumb\",\"itemListElement\":[{\"@type\":\"ListItem\",\"position\":1,\"name\":\"In\u00edcio\",\"item\":\"https:\/\/www.padreeustaquio.com.br\/\"},{\"@type\":\"ListItem\",\"position\":2,\"name\":\"Igreja do Padre Eust\u00e1quio retorna com missas presenciais\"}]},{\"@type\":\"WebSite\",\"@id\":\"https:\/\/www.padreeustaquio.com.br\/#website\",\"url\":\"https:\/\/www.padreeustaquio.com.br\/\",\"name\":\"Padre Eust\u00e1quio\",\"description\":\"Sa\u00fade e Paz\",\"publisher\":{\"@id\":\"https:\/\/www.padreeustaquio.com.br\/#organization\"},\"potentialAction\":[{\"@type\":\"SearchAction\",\"target\":{\"@type\":\"EntryPoint\",\"urlTemplate\":\"https:\/\/www.padreeustaquio.com.br\/?s={search_term_string}\"},\"query-input\":{\"@type\":\"PropertyValueSpecification\",\"valueRequired\":true,\"valueName\":\"search_term_string\"}}],\"inLanguage\":\"en-US\"},{\"@type\":\"Organization\",\"@id\":\"https:\/\/www.padreeustaquio.com.br\/#organization\",\"name\":\"Padre Eust\u00e1quio\",\"url\":\"https:\/\/www.padreeustaquio.com.br\/\",\"logo\":{\"@type\":\"ImageObject\",\"inLanguage\":\"en-US\",\"@id\":\"https:\/\/www.padreeustaquio.com.br\/#\/schema\/logo\/image\/\",\"url\":\"https:\/\/www.padreeustaquio.com.br\/wp-content\/uploads\/2019\/08\/marca.png\",\"contentUrl\":\"https:\/\/www.padreeustaquio.com.br\/wp-content\/uploads\/2019\/08\/marca.png\",\"width\":350,\"height\":400,\"caption\":\"Padre Eust\u00e1quio\"},\"image\":{\"@id\":\"https:\/\/www.padreeustaquio.com.br\/#\/schema\/logo\/image\/\"},\"sameAs\":[\"https:\/\/www.facebook.com\/beatopadreeustaquio\/\",\"https:\/\/x.com\/beatopeustaquio\",\"https:\/\/www.instagram.com\/beatopadreeustaquio\/\",\"https:\/\/www.youtube.com\/channel\/UCRhw7vfabnajwLxb1ZXMeIw\"]},{\"@type\":\"Person\",\"@id\":\"https:\/\/www.padreeustaquio.com.br\/#\/schema\/person\/a2a51db1d00f1a7af0204a0f1ddb1566\",\"name\":\"@sscc\",\"image\":{\"@type\":\"ImageObject\",\"inLanguage\":\"en-US\",\"@id\":\"https:\/\/secure.gravatar.com\/avatar\/68cfafa5f44617fea54071e215026e0ff06be366c3d54a8425f04fdcb86f8c5f?s=96&d=mm&r=g\",\"url\":\"https:\/\/secure.gravatar.com\/avatar\/68cfafa5f44617fea54071e215026e0ff06be366c3d54a8425f04fdcb86f8c5f?s=96&d=mm&r=g\",\"contentUrl\":\"https:\/\/secure.gravatar.com\/avatar\/68cfafa5f44617fea54071e215026e0ff06be366c3d54a8425f04fdcb86f8c5f?s=96&d=mm&r=g\",\"caption\":\"@sscc\"},\"url\":\"https:\/\/www.padreeustaquio.com.br\/en\/author\/sscc\/\"}]}<\/script>\n<!-- \/ Yoast SEO plugin. -->","yoast_head_json":{"title":"Father Eust\u00e1quio&#039;s Church resumes in-person masses - Father Eust\u00e1quio","robots":{"index":"index","follow":"follow","max-snippet":"max-snippet:-1","max-image-preview":"max-image-preview:large","max-video-preview":"max-video-preview:-1"},"canonical":"https:\/\/www.padreeustaquio.com.br\/en\/father-eustaquios-church-resumes-in-person-masses\/","og_locale":"en_US","og_type":"article","og_title":"Igreja do Padre Eust\u00e1quio retorna com missas presenciais - Padre Eust\u00e1quio","og_description":"O \u00faltimo fim de semana foi marcado pelo retorno das missas presenciais no Santu\u00e1rio &#8220;Sa\u00fade e Paz&#8221;, a igreja do Padre Eust\u00e1quio, em Belo Horizonte. Muitos devotos participaram das quatro celebra\u00e7\u00f5es com a presen\u00e7a da assembleia, alguns at\u00e9 se emocionaram. Na entrada da igreja, feita somente pelo port\u00e3o lateral, cada pessoa que chegava, apresentava seu cart\u00e3o (retirado antecipadamente na secretaria paroquial durante a semana), tinha a temperatura verificada e os p\u00e9s sanitizados ao passarem pelo tapete embebido em \u00e1gua sanit\u00e1ria. Em seguida, era convidado a higienizar as m\u00e3os com \u00e1lcool gel e a se sentar em um dos 160 lugares [&hellip;]","og_url":"https:\/\/www.padreeustaquio.com.br\/en\/father-eustaquios-church-resumes-in-person-masses\/","og_site_name":"Padre Eust\u00e1quio","article_publisher":"https:\/\/www.facebook.com\/beatopadreeustaquio\/","article_published_time":"2020-09-09T13:43:31+00:00","article_modified_time":"2020-09-09T13:56:39+00:00","og_image":[{"width":1280,"height":780,"url":"https:\/\/www.padreeustaquio.com.br\/wp-content\/uploads\/2020\/09\/WhatsApp-Image-2020-09-09-at-10.55.19.jpeg","type":"image\/jpeg"}],"author":"@sscc","twitter_card":"summary_large_image","twitter_creator":"@beatopeustaquio","twitter_site":"@beatopeustaquio","twitter_misc":{"Written by":"@sscc","Est. reading time":"1 minute"},"schema":{"@context":"https:\/\/schema.org","@graph":[{"@type":"Article","@id":"https:\/\/www.padreeustaquio.com.br\/igreja-do-padre-eustaquio-retorna-com-missas-presenciais\/#article","isPartOf":{"@id":"https:\/\/www.padreeustaquio.com.br\/igreja-do-padre-eustaquio-retorna-com-missas-presenciais\/"},"author":{"name":"@sscc","@id":"https:\/\/www.padreeustaquio.com.br\/#\/schema\/person\/a2a51db1d00f1a7af0204a0f1ddb1566"},"headline":"Igreja do Padre Eust\u00e1quio retorna com missas presenciais","datePublished":"2020-09-09T13:43:31+00:00","dateModified":"2020-09-09T13:56:39+00:00","mainEntityOfPage":{"@id":"https:\/\/www.padreeustaquio.com.br\/igreja-do-padre-eustaquio-retorna-com-missas-presenciais\/"},"wordCount":281,"commentCount":0,"publisher":{"@id":"https:\/\/www.padreeustaquio.com.br\/#organization"},"image":{"@id":"https:\/\/www.padreeustaquio.com.br\/igreja-do-padre-eustaquio-retorna-com-missas-presenciais\/#primaryimage"},"thumbnailUrl":"https:\/\/www.padreeustaquio.com.br\/wp-content\/uploads\/2020\/09\/WhatsApp-Image-2020-09-09-at-10.55.19.jpeg","articleSection":["Not\u00edcias"],"inLanguage":"en-US","potentialAction":[{"@type":"CommentAction","name":"Comment","target":["https:\/\/www.padreeustaquio.com.br\/igreja-do-padre-eustaquio-retorna-com-missas-presenciais\/#respond"]}]},{"@type":"WebPage","@id":"https:\/\/www.padreeustaquio.com.br\/igreja-do-padre-eustaquio-retorna-com-missas-presenciais\/","url":"https:\/\/www.padreeustaquio.com.br\/igreja-do-padre-eustaquio-retorna-com-missas-presenciais\/","name":"Father Eust\u00e1quio&#039;s Church resumes in-person masses - Father Eust\u00e1quio","isPartOf":{"@id":"https:\/\/www.padreeustaquio.com.br\/#website"},"primaryImageOfPage":{"@id":"https:\/\/www.padreeustaquio.com.br\/igreja-do-padre-eustaquio-retorna-com-missas-presenciais\/#primaryimage"},"image":{"@id":"https:\/\/www.padreeustaquio.com.br\/igreja-do-padre-eustaquio-retorna-com-missas-presenciais\/#primaryimage"},"thumbnailUrl":"https:\/\/www.padreeustaquio.com.br\/wp-content\/uploads\/2020\/09\/WhatsApp-Image-2020-09-09-at-10.55.19.jpeg","datePublished":"2020-09-09T13:43:31+00:00","dateModified":"2020-09-09T13:56:39+00:00","breadcrumb":{"@id":"https:\/\/www.padreeustaquio.com.br\/igreja-do-padre-eustaquio-retorna-com-missas-presenciais\/#breadcrumb"},"inLanguage":"en-US","potentialAction":[{"@type":"ReadAction","target":["https:\/\/www.padreeustaquio.com.br\/igreja-do-padre-eustaquio-retorna-com-missas-presenciais\/"]}]},{"@type":"ImageObject","inLanguage":"en-US","@id":"https:\/\/www.padreeustaquio.com.br\/igreja-do-padre-eustaquio-retorna-com-missas-presenciais\/#primaryimage","url":"https:\/\/www.padreeustaquio.com.br\/wp-content\/uploads\/2020\/09\/WhatsApp-Image-2020-09-09-at-10.55.19.jpeg","contentUrl":"https:\/\/www.padreeustaquio.com.br\/wp-content\/uploads\/2020\/09\/WhatsApp-Image-2020-09-09-at-10.55.19.jpeg","width":1280,"height":780,"caption":"Devotos sentados de frente \u00e0 imagem do Padre Eust\u00e1quio, mantendo o distanciamento social."},{"@type":"BreadcrumbList","@id":"https:\/\/www.padreeustaquio.com.br\/igreja-do-padre-eustaquio-retorna-com-missas-presenciais\/#breadcrumb","itemListElement":[{"@type":"ListItem","position":1,"name":"In\u00edcio","item":"https:\/\/www.padreeustaquio.com.br\/"},{"@type":"ListItem","position":2,"name":"Igreja do Padre Eust\u00e1quio retorna com missas presenciais"}]},{"@type":"WebSite","@id":"https:\/\/www.padreeustaquio.com.br\/#website","url":"https:\/\/www.padreeustaquio.com.br\/","name":"FATHER EUST\u00c1QUIO","description":"Health and Peace","publisher":{"@id":"https:\/\/www.padreeustaquio.com.br\/#organization"},"potentialAction":[{"@type":"SearchAction","target":{"@type":"EntryPoint","urlTemplate":"https:\/\/www.padreeustaquio.com.br\/?s={search_term_string}"},"query-input":{"@type":"PropertyValueSpecification","valueRequired":true,"valueName":"search_term_string"}}],"inLanguage":"en-US"},{"@type":"Organization","@id":"https:\/\/www.padreeustaquio.com.br\/#organization","name":"FATHER EUST\u00c1QUIO","url":"https:\/\/www.padreeustaquio.com.br\/","logo":{"@type":"ImageObject","inLanguage":"en-US","@id":"https:\/\/www.padreeustaquio.com.br\/#\/schema\/logo\/image\/","url":"https:\/\/www.padreeustaquio.com.br\/wp-content\/uploads\/2019\/08\/marca.png","contentUrl":"https:\/\/www.padreeustaquio.com.br\/wp-content\/uploads\/2019\/08\/marca.png","width":350,"height":400,"caption":"Padre Eust\u00e1quio"},"image":{"@id":"https:\/\/www.padreeustaquio.com.br\/#\/schema\/logo\/image\/"},"sameAs":["https:\/\/www.facebook.com\/beatopadreeustaquio\/","https:\/\/x.com\/beatopeustaquio","https:\/\/www.instagram.com\/beatopadreeustaquio\/","https:\/\/www.youtube.com\/channel\/UCRhw7vfabnajwLxb1ZXMeIw"]},{"@type":"Person","@id":"https:\/\/www.padreeustaquio.com.br\/#\/schema\/person\/a2a51db1d00f1a7af0204a0f1ddb1566","name":"@sscc","image":{"@type":"ImageObject","inLanguage":"en-US","@id":"https:\/\/secure.gravatar.com\/avatar\/68cfafa5f44617fea54071e215026e0ff06be366c3d54a8425f04fdcb86f8c5f?s=96&d=mm&r=g","url":"https:\/\/secure.gravatar.com\/avatar\/68cfafa5f44617fea54071e215026e0ff06be366c3d54a8425f04fdcb86f8c5f?s=96&d=mm&r=g","contentUrl":"https:\/\/secure.gravatar.com\/avatar\/68cfafa5f44617fea54071e215026e0ff06be366c3d54a8425f04fdcb86f8c5f?s=96&d=mm&r=g","caption":"@sscc"},"url":"https:\/\/www.padreeustaquio.com.br\/en\/author\/sscc\/"}]}},"_links":{"self":[{"href":"https:\/\/www.padreeustaquio.com.br\/en\/wp-json\/wp\/v2\/posts\/4573","targetHints":{"allow":["GET"]}}],"collection":[{"href":"https:\/\/www.padreeustaquio.com.br\/en\/wp-json\/wp\/v2\/posts"}],"about":[{"href":"https:\/\/www.padreeustaquio.com.br\/en\/wp-json\/wp\/v2\/types\/post"}],"author":[{"embeddable":true,"href":"https:\/\/www.padreeustaquio.com.br\/en\/wp-json\/wp\/v2\/users\/2"}],"replies":[{"embeddable":true,"href":"https:\/\/www.padreeustaquio.com.br\/en\/wp-json\/wp\/v2\/comments?post=4573"}],"version-history":[{"count":0,"href":"https:\/\/www.padreeustaquio.com.br\/en\/wp-json\/wp\/v2\/posts\/4573\/revisions"}],"wp:featuredmedia":[{"embeddable":true,"href":"https:\/\/www.padreeustaquio.com.br\/en\/wp-json\/wp\/v2\/media\/4587"}],"wp:attachment":[{"href":"https:\/\/www.padreeustaquio.com.br\/en\/wp-json\/wp\/v2\/media?parent=4573"}],"wp:term":[{"taxonomy":"category","embeddable":true,"href":"https:\/\/www.padreeustaquio.com.br\/en\/wp-json\/wp\/v2\/categories?post=4573"},{"taxonomy":"post_tag","embeddable":true,"href":"https:\/\/www.padreeustaquio.com.br\/en\/wp-json\/wp\/v2\/tags?post=4573"}],"curies":[{"name":"wp","href":"https:\/\/api.w.org\/{rel}","templated":true}]}}