{"id":4563,"date":"2020-08-31T11:23:10","date_gmt":"2020-08-31T14:23:10","guid":{"rendered":"https:\/\/www.padreeustaquio.com.br\/?p=4563"},"modified":"2020-08-31T11:23:10","modified_gmt":"2020-08-31T14:23:10","slug":"even-amidst-the-pandemic-devotees-celebrate-father-eustaquio","status":"publish","type":"post","link":"https:\/\/www.padreeustaquio.com.br\/en\/even-amidst-the-pandemic-devotees-celebrate-father-eustaquio\/","title":{"rendered":"Even amidst the pandemic, devotees celebrate Father Eust\u00e1quio."},"content":{"rendered":"<p>On August 30th, the feast of Blessed Father Eustace was celebrated in Belo Horizonte. The Dutch religious figure, who came to Brazil and became the... <a href=\"https:\/\/www.padreeustaquio.com.br\/en\/life-and-history02\/\">Missionary of Health and Peace<\/a> He received tributes from all over the country during the weekend. In the capital of Minas Gerais, the celebrations took place with a procession (by car) on Saturday and, on Sunday, online programs, ending with the celebration of Holy Mass at 6 pm, presided over by the archbishop of the capital of Minas Gerais and president of the CNBB, D. Walmor Oliveira de Azevedo.<\/p>\n<p>On Saturday, a processional car carried the image of the Blessed One through the streets of the Padre Eust\u00e1quio neighborhood. The procession passed almost every street in the neighborhood. People were advised to remain in their homes, demonstrating their faith and devotion through their windows or with decorations on their facades. Thousands of people were moved as they watched the procession pass by.<\/p>\n<p>On Sunday, the church remained open all day for parishioners to visit, with all sanitary measures required by the authorities in place. However, many people preferred to follow the celebrations and tributes online. Through the Padre Eust\u00e1quio Channel on YouTube, the religious members of the Congregation held various moments of prayer and reflection on the life and history of Father Eust\u00e1quio.<\/p>\n<p>In the parking lot, devotees were able to receive a blessing from the priests of the Padre Eust\u00e1quio Church without leaving their cars. Nearly 600 vehicles passed through the parking lot.<\/p>\n<p>The celebrations ended with the <a href=\"https:\/\/www.youtube.com\/watch?v=g0k_9j8x_eU\">celebration of Holy Mass<\/a> presided over by Dom Walmor, with the presence of brothers from the Congregation of the Sacred Hearts and religious present in the parish territory.<br \/>\nThe day&#039;s celebrations were followed online by nearly 20,000 people across the three social media networks dedicated to Blessed Father Eustace.<\/p>","protected":false},"excerpt":{"rendered":"<p>No dia 30 de agosto foi celebrada a festa do Bem-Aventurado Padre Eust\u00e1quio em Belo Horizonte. O religioso holand\u00eas, que veio para o Brasil e se tornou o Mission\u00e1rio da Sa\u00fade e da Paz recebeu homenagens de todo o pa\u00eds durante o final de semana. Na capital mineira, as comemora\u00e7\u00f5es aconteceram com uma prociss\u00e3o (de carro) no s\u00e1bado e, no domingo, programa\u00e7\u00f5es pela internet, finalizando com a celebra\u00e7\u00e3o da Santa Missa, \u00e0s 18h, presidida pelo arcebispo da capital mineira e presidente da CNBB, D. Walmor Oliveira de Azevedo. No s\u00e1bado, um carro-andor saiu pelas ruas do bairro Padre Eust\u00e1quio com [&hellip;]<\/p>\n","protected":false},"author":2,"featured_media":4564,"comment_status":"open","ping_status":"open","sticky":false,"template":"","format":"standard","meta":{"_acf_changed":false,"footnotes":""},"categories":[611],"tags":[],"class_list":["post-4563","post","type-post","status-publish","format-standard","has-post-thumbnail","hentry","category-noticias"],"acf":[],"yoast_head":"<!-- This site is optimized with the Yoast SEO plugin v27.2 - https:\/\/yoast.com\/product\/yoast-seo-wordpress\/ -->\n<title>Mesmo em meio a pandemia devotos celebram Padre Eust\u00e1quio - Padre Eust\u00e1quio<\/title>\n<meta name=\"robots\" content=\"index, follow, max-snippet:-1, max-image-preview:large, max-video-preview:-1\" \/>\n<link rel=\"canonical\" href=\"https:\/\/www.padreeustaquio.com.br\/en\/even-amidst-the-pandemic-devotees-celebrate-father-eustaquio\/\" \/>\n<meta property=\"og:locale\" content=\"en_US\" \/>\n<meta property=\"og:type\" content=\"article\" \/>\n<meta property=\"og:title\" content=\"Mesmo em meio a pandemia devotos celebram Padre Eust\u00e1quio - Padre Eust\u00e1quio\" \/>\n<meta property=\"og:description\" content=\"No dia 30 de agosto foi celebrada a festa do Bem-Aventurado Padre Eust\u00e1quio em Belo Horizonte. O religioso holand\u00eas, que veio para o Brasil e se tornou o Mission\u00e1rio da Sa\u00fade e da Paz recebeu homenagens de todo o pa\u00eds durante o final de semana. Na capital mineira, as comemora\u00e7\u00f5es aconteceram com uma prociss\u00e3o (de carro) no s\u00e1bado e, no domingo, programa\u00e7\u00f5es pela internet, finalizando com a celebra\u00e7\u00e3o da Santa Missa, \u00e0s 18h, presidida pelo arcebispo da capital mineira e presidente da CNBB, D. Walmor Oliveira de Azevedo. No s\u00e1bado, um carro-andor saiu pelas ruas do bairro Padre Eust\u00e1quio com [&hellip;]\" \/>\n<meta property=\"og:url\" content=\"https:\/\/www.padreeustaquio.com.br\/en\/even-amidst-the-pandemic-devotees-celebrate-father-eustaquio\/\" \/>\n<meta property=\"og:site_name\" content=\"Padre Eust\u00e1quio\" \/>\n<meta property=\"article:publisher\" content=\"https:\/\/www.facebook.com\/beatopadreeustaquio\/\" \/>\n<meta property=\"article:published_time\" content=\"2020-08-31T14:23:10+00:00\" \/>\n<meta property=\"og:image\" content=\"https:\/\/www.padreeustaquio.com.br\/wp-content\/uploads\/2020\/08\/WhatsApp-Image-2020-08-31-at-11.12.12.jpeg\" \/>\n\t<meta property=\"og:image:width\" content=\"1280\" \/>\n\t<meta property=\"og:image:height\" content=\"719\" \/>\n\t<meta property=\"og:image:type\" content=\"image\/jpeg\" \/>\n<meta name=\"author\" content=\"@sscc\" \/>\n<meta name=\"twitter:card\" content=\"summary_large_image\" \/>\n<meta name=\"twitter:creator\" content=\"@beatopeustaquio\" \/>\n<meta name=\"twitter:site\" content=\"@beatopeustaquio\" \/>\n<meta name=\"twitter:label1\" content=\"Written by\" \/>\n\t<meta name=\"twitter:data1\" content=\"@sscc\" \/>\n\t<meta name=\"twitter:label2\" content=\"Est. reading time\" \/>\n\t<meta name=\"twitter:data2\" content=\"2 minutes\" \/>\n<script type=\"application\/ld+json\" class=\"yoast-schema-graph\">{\"@context\":\"https:\/\/schema.org\",\"@graph\":[{\"@type\":\"Article\",\"@id\":\"https:\/\/www.padreeustaquio.com.br\/mesmo-em-meio-a-pandemia-devotos-celebram-padre-eustaquio\/#article\",\"isPartOf\":{\"@id\":\"https:\/\/www.padreeustaquio.com.br\/mesmo-em-meio-a-pandemia-devotos-celebram-padre-eustaquio\/\"},\"author\":{\"name\":\"@sscc\",\"@id\":\"https:\/\/www.padreeustaquio.com.br\/#\/schema\/person\/a2a51db1d00f1a7af0204a0f1ddb1566\"},\"headline\":\"Mesmo em meio a pandemia devotos celebram Padre Eust\u00e1quio\",\"datePublished\":\"2020-08-31T14:23:10+00:00\",\"mainEntityOfPage\":{\"@id\":\"https:\/\/www.padreeustaquio.com.br\/mesmo-em-meio-a-pandemia-devotos-celebram-padre-eustaquio\/\"},\"wordCount\":337,\"commentCount\":0,\"publisher\":{\"@id\":\"https:\/\/www.padreeustaquio.com.br\/#organization\"},\"image\":{\"@id\":\"https:\/\/www.padreeustaquio.com.br\/mesmo-em-meio-a-pandemia-devotos-celebram-padre-eustaquio\/#primaryimage\"},\"thumbnailUrl\":\"https:\/\/www.padreeustaquio.com.br\/wp-content\/uploads\/2020\/08\/WhatsApp-Image-2020-08-31-at-11.12.12.jpeg\",\"articleSection\":[\"Not\u00edcias\"],\"inLanguage\":\"en-US\",\"potentialAction\":[{\"@type\":\"CommentAction\",\"name\":\"Comment\",\"target\":[\"https:\/\/www.padreeustaquio.com.br\/mesmo-em-meio-a-pandemia-devotos-celebram-padre-eustaquio\/#respond\"]}]},{\"@type\":\"WebPage\",\"@id\":\"https:\/\/www.padreeustaquio.com.br\/mesmo-em-meio-a-pandemia-devotos-celebram-padre-eustaquio\/\",\"url\":\"https:\/\/www.padreeustaquio.com.br\/mesmo-em-meio-a-pandemia-devotos-celebram-padre-eustaquio\/\",\"name\":\"Mesmo em meio a pandemia devotos celebram Padre Eust\u00e1quio - Padre Eust\u00e1quio\",\"isPartOf\":{\"@id\":\"https:\/\/www.padreeustaquio.com.br\/#website\"},\"primaryImageOfPage\":{\"@id\":\"https:\/\/www.padreeustaquio.com.br\/mesmo-em-meio-a-pandemia-devotos-celebram-padre-eustaquio\/#primaryimage\"},\"image\":{\"@id\":\"https:\/\/www.padreeustaquio.com.br\/mesmo-em-meio-a-pandemia-devotos-celebram-padre-eustaquio\/#primaryimage\"},\"thumbnailUrl\":\"https:\/\/www.padreeustaquio.com.br\/wp-content\/uploads\/2020\/08\/WhatsApp-Image-2020-08-31-at-11.12.12.jpeg\",\"datePublished\":\"2020-08-31T14:23:10+00:00\",\"breadcrumb\":{\"@id\":\"https:\/\/www.padreeustaquio.com.br\/mesmo-em-meio-a-pandemia-devotos-celebram-padre-eustaquio\/#breadcrumb\"},\"inLanguage\":\"en-US\",\"potentialAction\":[{\"@type\":\"ReadAction\",\"target\":[\"https:\/\/www.padreeustaquio.com.br\/mesmo-em-meio-a-pandemia-devotos-celebram-padre-eustaquio\/\"]}]},{\"@type\":\"ImageObject\",\"inLanguage\":\"en-US\",\"@id\":\"https:\/\/www.padreeustaquio.com.br\/mesmo-em-meio-a-pandemia-devotos-celebram-padre-eustaquio\/#primaryimage\",\"url\":\"https:\/\/www.padreeustaquio.com.br\/wp-content\/uploads\/2020\/08\/WhatsApp-Image-2020-08-31-at-11.12.12.jpeg\",\"contentUrl\":\"https:\/\/www.padreeustaquio.com.br\/wp-content\/uploads\/2020\/08\/WhatsApp-Image-2020-08-31-at-11.12.12.jpeg\",\"width\":1280,\"height\":719,\"caption\":\"Altar da igreja do Padre Eust\u00e1quio com a presen\u00e7a de Dom Walmor, no p\u00falpito, fazendo a homilia e padres da Congrega\u00e7\u00e3o dos Sagrados Cora\u00e7\u00f5es sentados ouvindos atentamente\"},{\"@type\":\"BreadcrumbList\",\"@id\":\"https:\/\/www.padreeustaquio.com.br\/mesmo-em-meio-a-pandemia-devotos-celebram-padre-eustaquio\/#breadcrumb\",\"itemListElement\":[{\"@type\":\"ListItem\",\"position\":1,\"name\":\"In\u00edcio\",\"item\":\"https:\/\/www.padreeustaquio.com.br\/\"},{\"@type\":\"ListItem\",\"position\":2,\"name\":\"Mesmo em meio a pandemia devotos celebram Padre Eust\u00e1quio\"}]},{\"@type\":\"WebSite\",\"@id\":\"https:\/\/www.padreeustaquio.com.br\/#website\",\"url\":\"https:\/\/www.padreeustaquio.com.br\/\",\"name\":\"Padre Eust\u00e1quio\",\"description\":\"Sa\u00fade e Paz\",\"publisher\":{\"@id\":\"https:\/\/www.padreeustaquio.com.br\/#organization\"},\"potentialAction\":[{\"@type\":\"SearchAction\",\"target\":{\"@type\":\"EntryPoint\",\"urlTemplate\":\"https:\/\/www.padreeustaquio.com.br\/?s={search_term_string}\"},\"query-input\":{\"@type\":\"PropertyValueSpecification\",\"valueRequired\":true,\"valueName\":\"search_term_string\"}}],\"inLanguage\":\"en-US\"},{\"@type\":\"Organization\",\"@id\":\"https:\/\/www.padreeustaquio.com.br\/#organization\",\"name\":\"Padre Eust\u00e1quio\",\"url\":\"https:\/\/www.padreeustaquio.com.br\/\",\"logo\":{\"@type\":\"ImageObject\",\"inLanguage\":\"en-US\",\"@id\":\"https:\/\/www.padreeustaquio.com.br\/#\/schema\/logo\/image\/\",\"url\":\"https:\/\/www.padreeustaquio.com.br\/wp-content\/uploads\/2019\/08\/marca.png\",\"contentUrl\":\"https:\/\/www.padreeustaquio.com.br\/wp-content\/uploads\/2019\/08\/marca.png\",\"width\":350,\"height\":400,\"caption\":\"Padre Eust\u00e1quio\"},\"image\":{\"@id\":\"https:\/\/www.padreeustaquio.com.br\/#\/schema\/logo\/image\/\"},\"sameAs\":[\"https:\/\/www.facebook.com\/beatopadreeustaquio\/\",\"https:\/\/x.com\/beatopeustaquio\",\"https:\/\/www.instagram.com\/beatopadreeustaquio\/\",\"https:\/\/www.youtube.com\/channel\/UCRhw7vfabnajwLxb1ZXMeIw\"]},{\"@type\":\"Person\",\"@id\":\"https:\/\/www.padreeustaquio.com.br\/#\/schema\/person\/a2a51db1d00f1a7af0204a0f1ddb1566\",\"name\":\"@sscc\",\"image\":{\"@type\":\"ImageObject\",\"inLanguage\":\"en-US\",\"@id\":\"https:\/\/secure.gravatar.com\/avatar\/68cfafa5f44617fea54071e215026e0ff06be366c3d54a8425f04fdcb86f8c5f?s=96&d=mm&r=g\",\"url\":\"https:\/\/secure.gravatar.com\/avatar\/68cfafa5f44617fea54071e215026e0ff06be366c3d54a8425f04fdcb86f8c5f?s=96&d=mm&r=g\",\"contentUrl\":\"https:\/\/secure.gravatar.com\/avatar\/68cfafa5f44617fea54071e215026e0ff06be366c3d54a8425f04fdcb86f8c5f?s=96&d=mm&r=g\",\"caption\":\"@sscc\"},\"url\":\"https:\/\/www.padreeustaquio.com.br\/en\/author\/sscc\/\"}]}<\/script>\n<!-- \/ Yoast SEO plugin. -->","yoast_head_json":{"title":"Even amidst the pandemic, devotees celebrate Father Eust\u00e1quio - Father Eust\u00e1quio","robots":{"index":"index","follow":"follow","max-snippet":"max-snippet:-1","max-image-preview":"max-image-preview:large","max-video-preview":"max-video-preview:-1"},"canonical":"https:\/\/www.padreeustaquio.com.br\/en\/even-amidst-the-pandemic-devotees-celebrate-father-eustaquio\/","og_locale":"en_US","og_type":"article","og_title":"Mesmo em meio a pandemia devotos celebram Padre Eust\u00e1quio - Padre Eust\u00e1quio","og_description":"No dia 30 de agosto foi celebrada a festa do Bem-Aventurado Padre Eust\u00e1quio em Belo Horizonte. O religioso holand\u00eas, que veio para o Brasil e se tornou o Mission\u00e1rio da Sa\u00fade e da Paz recebeu homenagens de todo o pa\u00eds durante o final de semana. Na capital mineira, as comemora\u00e7\u00f5es aconteceram com uma prociss\u00e3o (de carro) no s\u00e1bado e, no domingo, programa\u00e7\u00f5es pela internet, finalizando com a celebra\u00e7\u00e3o da Santa Missa, \u00e0s 18h, presidida pelo arcebispo da capital mineira e presidente da CNBB, D. Walmor Oliveira de Azevedo. No s\u00e1bado, um carro-andor saiu pelas ruas do bairro Padre Eust\u00e1quio com [&hellip;]","og_url":"https:\/\/www.padreeustaquio.com.br\/en\/even-amidst-the-pandemic-devotees-celebrate-father-eustaquio\/","og_site_name":"Padre Eust\u00e1quio","article_publisher":"https:\/\/www.facebook.com\/beatopadreeustaquio\/","article_published_time":"2020-08-31T14:23:10+00:00","og_image":[{"width":1280,"height":719,"url":"https:\/\/www.padreeustaquio.com.br\/wp-content\/uploads\/2020\/08\/WhatsApp-Image-2020-08-31-at-11.12.12.jpeg","type":"image\/jpeg"}],"author":"@sscc","twitter_card":"summary_large_image","twitter_creator":"@beatopeustaquio","twitter_site":"@beatopeustaquio","twitter_misc":{"Written by":"@sscc","Est. reading time":"2 minutes"},"schema":{"@context":"https:\/\/schema.org","@graph":[{"@type":"Article","@id":"https:\/\/www.padreeustaquio.com.br\/mesmo-em-meio-a-pandemia-devotos-celebram-padre-eustaquio\/#article","isPartOf":{"@id":"https:\/\/www.padreeustaquio.com.br\/mesmo-em-meio-a-pandemia-devotos-celebram-padre-eustaquio\/"},"author":{"name":"@sscc","@id":"https:\/\/www.padreeustaquio.com.br\/#\/schema\/person\/a2a51db1d00f1a7af0204a0f1ddb1566"},"headline":"Mesmo em meio a pandemia devotos celebram Padre Eust\u00e1quio","datePublished":"2020-08-31T14:23:10+00:00","mainEntityOfPage":{"@id":"https:\/\/www.padreeustaquio.com.br\/mesmo-em-meio-a-pandemia-devotos-celebram-padre-eustaquio\/"},"wordCount":337,"commentCount":0,"publisher":{"@id":"https:\/\/www.padreeustaquio.com.br\/#organization"},"image":{"@id":"https:\/\/www.padreeustaquio.com.br\/mesmo-em-meio-a-pandemia-devotos-celebram-padre-eustaquio\/#primaryimage"},"thumbnailUrl":"https:\/\/www.padreeustaquio.com.br\/wp-content\/uploads\/2020\/08\/WhatsApp-Image-2020-08-31-at-11.12.12.jpeg","articleSection":["Not\u00edcias"],"inLanguage":"en-US","potentialAction":[{"@type":"CommentAction","name":"Comment","target":["https:\/\/www.padreeustaquio.com.br\/mesmo-em-meio-a-pandemia-devotos-celebram-padre-eustaquio\/#respond"]}]},{"@type":"WebPage","@id":"https:\/\/www.padreeustaquio.com.br\/mesmo-em-meio-a-pandemia-devotos-celebram-padre-eustaquio\/","url":"https:\/\/www.padreeustaquio.com.br\/mesmo-em-meio-a-pandemia-devotos-celebram-padre-eustaquio\/","name":"Even amidst the pandemic, devotees celebrate Father Eust\u00e1quio - Father Eust\u00e1quio","isPartOf":{"@id":"https:\/\/www.padreeustaquio.com.br\/#website"},"primaryImageOfPage":{"@id":"https:\/\/www.padreeustaquio.com.br\/mesmo-em-meio-a-pandemia-devotos-celebram-padre-eustaquio\/#primaryimage"},"image":{"@id":"https:\/\/www.padreeustaquio.com.br\/mesmo-em-meio-a-pandemia-devotos-celebram-padre-eustaquio\/#primaryimage"},"thumbnailUrl":"https:\/\/www.padreeustaquio.com.br\/wp-content\/uploads\/2020\/08\/WhatsApp-Image-2020-08-31-at-11.12.12.jpeg","datePublished":"2020-08-31T14:23:10+00:00","breadcrumb":{"@id":"https:\/\/www.padreeustaquio.com.br\/mesmo-em-meio-a-pandemia-devotos-celebram-padre-eustaquio\/#breadcrumb"},"inLanguage":"en-US","potentialAction":[{"@type":"ReadAction","target":["https:\/\/www.padreeustaquio.com.br\/mesmo-em-meio-a-pandemia-devotos-celebram-padre-eustaquio\/"]}]},{"@type":"ImageObject","inLanguage":"en-US","@id":"https:\/\/www.padreeustaquio.com.br\/mesmo-em-meio-a-pandemia-devotos-celebram-padre-eustaquio\/#primaryimage","url":"https:\/\/www.padreeustaquio.com.br\/wp-content\/uploads\/2020\/08\/WhatsApp-Image-2020-08-31-at-11.12.12.jpeg","contentUrl":"https:\/\/www.padreeustaquio.com.br\/wp-content\/uploads\/2020\/08\/WhatsApp-Image-2020-08-31-at-11.12.12.jpeg","width":1280,"height":719,"caption":"Altar da igreja do Padre Eust\u00e1quio com a presen\u00e7a de Dom Walmor, no p\u00falpito, fazendo a homilia e padres da Congrega\u00e7\u00e3o dos Sagrados Cora\u00e7\u00f5es sentados ouvindos atentamente"},{"@type":"BreadcrumbList","@id":"https:\/\/www.padreeustaquio.com.br\/mesmo-em-meio-a-pandemia-devotos-celebram-padre-eustaquio\/#breadcrumb","itemListElement":[{"@type":"ListItem","position":1,"name":"In\u00edcio","item":"https:\/\/www.padreeustaquio.com.br\/"},{"@type":"ListItem","position":2,"name":"Mesmo em meio a pandemia devotos celebram Padre Eust\u00e1quio"}]},{"@type":"WebSite","@id":"https:\/\/www.padreeustaquio.com.br\/#website","url":"https:\/\/www.padreeustaquio.com.br\/","name":"FATHER EUST\u00c1QUIO","description":"Health and Peace","publisher":{"@id":"https:\/\/www.padreeustaquio.com.br\/#organization"},"potentialAction":[{"@type":"SearchAction","target":{"@type":"EntryPoint","urlTemplate":"https:\/\/www.padreeustaquio.com.br\/?s={search_term_string}"},"query-input":{"@type":"PropertyValueSpecification","valueRequired":true,"valueName":"search_term_string"}}],"inLanguage":"en-US"},{"@type":"Organization","@id":"https:\/\/www.padreeustaquio.com.br\/#organization","name":"FATHER EUST\u00c1QUIO","url":"https:\/\/www.padreeustaquio.com.br\/","logo":{"@type":"ImageObject","inLanguage":"en-US","@id":"https:\/\/www.padreeustaquio.com.br\/#\/schema\/logo\/image\/","url":"https:\/\/www.padreeustaquio.com.br\/wp-content\/uploads\/2019\/08\/marca.png","contentUrl":"https:\/\/www.padreeustaquio.com.br\/wp-content\/uploads\/2019\/08\/marca.png","width":350,"height":400,"caption":"Padre Eust\u00e1quio"},"image":{"@id":"https:\/\/www.padreeustaquio.com.br\/#\/schema\/logo\/image\/"},"sameAs":["https:\/\/www.facebook.com\/beatopadreeustaquio\/","https:\/\/x.com\/beatopeustaquio","https:\/\/www.instagram.com\/beatopadreeustaquio\/","https:\/\/www.youtube.com\/channel\/UCRhw7vfabnajwLxb1ZXMeIw"]},{"@type":"Person","@id":"https:\/\/www.padreeustaquio.com.br\/#\/schema\/person\/a2a51db1d00f1a7af0204a0f1ddb1566","name":"@sscc","image":{"@type":"ImageObject","inLanguage":"en-US","@id":"https:\/\/secure.gravatar.com\/avatar\/68cfafa5f44617fea54071e215026e0ff06be366c3d54a8425f04fdcb86f8c5f?s=96&d=mm&r=g","url":"https:\/\/secure.gravatar.com\/avatar\/68cfafa5f44617fea54071e215026e0ff06be366c3d54a8425f04fdcb86f8c5f?s=96&d=mm&r=g","contentUrl":"https:\/\/secure.gravatar.com\/avatar\/68cfafa5f44617fea54071e215026e0ff06be366c3d54a8425f04fdcb86f8c5f?s=96&d=mm&r=g","caption":"@sscc"},"url":"https:\/\/www.padreeustaquio.com.br\/en\/author\/sscc\/"}]}},"_links":{"self":[{"href":"https:\/\/www.padreeustaquio.com.br\/en\/wp-json\/wp\/v2\/posts\/4563","targetHints":{"allow":["GET"]}}],"collection":[{"href":"https:\/\/www.padreeustaquio.com.br\/en\/wp-json\/wp\/v2\/posts"}],"about":[{"href":"https:\/\/www.padreeustaquio.com.br\/en\/wp-json\/wp\/v2\/types\/post"}],"author":[{"embeddable":true,"href":"https:\/\/www.padreeustaquio.com.br\/en\/wp-json\/wp\/v2\/users\/2"}],"replies":[{"embeddable":true,"href":"https:\/\/www.padreeustaquio.com.br\/en\/wp-json\/wp\/v2\/comments?post=4563"}],"version-history":[{"count":0,"href":"https:\/\/www.padreeustaquio.com.br\/en\/wp-json\/wp\/v2\/posts\/4563\/revisions"}],"wp:featuredmedia":[{"embeddable":true,"href":"https:\/\/www.padreeustaquio.com.br\/en\/wp-json\/wp\/v2\/media\/4564"}],"wp:attachment":[{"href":"https:\/\/www.padreeustaquio.com.br\/en\/wp-json\/wp\/v2\/media?parent=4563"}],"wp:term":[{"taxonomy":"category","embeddable":true,"href":"https:\/\/www.padreeustaquio.com.br\/en\/wp-json\/wp\/v2\/categories?post=4563"},{"taxonomy":"post_tag","embeddable":true,"href":"https:\/\/www.padreeustaquio.com.br\/en\/wp-json\/wp\/v2\/tags?post=4563"}],"curies":[{"name":"wp","href":"https:\/\/api.w.org\/{rel}","templated":true}]}}