{"id":4556,"date":"2020-08-30T09:08:01","date_gmt":"2020-08-30T12:08:01","guid":{"rendered":"https:\/\/www.padreeustaquio.com.br\/?p=4556"},"modified":"2020-08-30T09:08:01","modified_gmt":"2020-08-30T12:08:01","slug":"procession-with-the-image-of-blessed-father-eustaquio-moves-devotees-in-belo-horizonte","status":"publish","type":"post","link":"https:\/\/www.padreeustaquio.com.br\/en\/procession-with-the-image-of-blessed-father-eustaquio-moves-devotees-in-belo-horizonte\/","title":{"rendered":"Procession with the image of Blessed Father Eust\u00e1quio moves devotees in Belo Horizonte."},"content":{"rendered":"<p>This Saturday, August 29th, devotees of Father Eust\u00e1quio who live in the neighborhood that bears the same name were moved by the passage of the procession (by car) with the image of the Blessed One.<\/p>\n<p>Leading the procession was a car bearing the banner of the Sacred Hearts, directing the cortege. Immediately following was a sound truck drawing people&#039;s attention to the procession&#039;s arrival; another vehicle carried images of the Sacred Hearts of Jesus and Mary, and yet another carried the image of Our Lady of the Abbey of \u00c1gua Suja. Finally, a richly decorated float carried the image of Blessed Father Eustace.<\/p>\n<p>The route was almost 25 kilometers long and took about 4 hours. Along the way, devotees expressed their affection for the Blessed with songs, applause, small altars, and many shouts of &quot;Health and Peace&quot; and &quot;Long live Father Eust\u00e1quio.&quot; The entire procession was broadcast live on [website\/platform name]. <a href=\"https:\/\/www.youtube.com\/channel\/UCRhw7vfabnajwLxb1ZXMeIw\">Padre Eust\u00e1quio Channel<\/a>, from YouTube. <a href=\"https:\/\/www.youtube.com\/watch?v=I3PnjcmU1tI\"><em>(review here)<\/em><\/a><\/p>\n<p>Upon arrival at the church, the <a href=\"https:\/\/www.padreeustaquio.com.br\/en\/who-we-are\/\">Vice-postulator of the Cause of Canonization<\/a>, Father Vinicius Maciel, SSCC, gave a blessing that was also broadcast on YouTube and on the vice-postulation&#039;s Instagram.<\/p>\n<p>On Sunday, the church will be open all day with controlled entry for worshippers. At 6 PM, there will be a mass with the president of the CNBB (National Conference of Brazilian Bishops), Dom Walmor, without the presence of the congregation. The celebration will be broadcast online. <a href=\"https:\/\/www.youtube.com\/channel\/UCRhw7vfabnajwLxb1ZXMeIw\">Padre Eust\u00e1quio Channel<\/a>, from YouTube and by <a href=\"http:\/\/www.tvhorizonte.com.br\/\">TV Horizon<\/a>.<\/p>","protected":false},"excerpt":{"rendered":"<p>Nesse s\u00e1bado, 29 de agosto, devotos do Padre Eust\u00e1quio que moram no bairro que leva o mesmo nome, se emocionaram com a passagem da prociss\u00e3o (de carro) com a imagem do Bem-Aventurado. Abrindo a prociss\u00e3o, um carro com a bandeira dos Sagrados Cora\u00e7\u00f5es ia direcionando o cortejo. Logo em seguida um carro de som chamava a aten\u00e7\u00e3o das pessoas para a chegada da prociss\u00e3o, outro ve\u00edculo levava as imagens dos Sagrados Cora\u00e7\u00f5es de Jesus e de Maria, e um outro a de Nossa Senhora da Abadia da \u00c1gua Suja. Por \u00faltimo um carro-andor, muito enfeitado, levava a imagem do Bem-Aventurado [&hellip;]<\/p>\n","protected":false},"author":2,"featured_media":4557,"comment_status":"open","ping_status":"open","sticky":false,"template":"","format":"standard","meta":{"_acf_changed":false,"footnotes":""},"categories":[611],"tags":[],"class_list":["post-4556","post","type-post","status-publish","format-standard","has-post-thumbnail","hentry","category-noticias"],"acf":[],"yoast_head":"<!-- This site is optimized with the Yoast SEO plugin v27.2 - https:\/\/yoast.com\/product\/yoast-seo-wordpress\/ -->\n<title>Prociss\u00e3o com a imagem do Beato Padre Eust\u00e1quio emociona devotos em BH - Padre Eust\u00e1quio<\/title>\n<meta name=\"robots\" content=\"index, follow, max-snippet:-1, max-image-preview:large, max-video-preview:-1\" \/>\n<link rel=\"canonical\" href=\"https:\/\/www.padreeustaquio.com.br\/en\/procession-with-the-image-of-blessed-father-eustaquio-moves-devotees-in-belo-horizonte\/\" \/>\n<meta property=\"og:locale\" content=\"en_US\" \/>\n<meta property=\"og:type\" content=\"article\" \/>\n<meta property=\"og:title\" content=\"Prociss\u00e3o com a imagem do Beato Padre Eust\u00e1quio emociona devotos em BH - Padre Eust\u00e1quio\" \/>\n<meta property=\"og:description\" content=\"Nesse s\u00e1bado, 29 de agosto, devotos do Padre Eust\u00e1quio que moram no bairro que leva o mesmo nome, se emocionaram com a passagem da prociss\u00e3o (de carro) com a imagem do Bem-Aventurado. Abrindo a prociss\u00e3o, um carro com a bandeira dos Sagrados Cora\u00e7\u00f5es ia direcionando o cortejo. Logo em seguida um carro de som chamava a aten\u00e7\u00e3o das pessoas para a chegada da prociss\u00e3o, outro ve\u00edculo levava as imagens dos Sagrados Cora\u00e7\u00f5es de Jesus e de Maria, e um outro a de Nossa Senhora da Abadia da \u00c1gua Suja. Por \u00faltimo um carro-andor, muito enfeitado, levava a imagem do Bem-Aventurado [&hellip;]\" \/>\n<meta property=\"og:url\" content=\"https:\/\/www.padreeustaquio.com.br\/en\/procession-with-the-image-of-blessed-father-eustaquio-moves-devotees-in-belo-horizonte\/\" \/>\n<meta property=\"og:site_name\" content=\"Padre Eust\u00e1quio\" \/>\n<meta property=\"article:publisher\" content=\"https:\/\/www.facebook.com\/beatopadreeustaquio\/\" \/>\n<meta property=\"article:published_time\" content=\"2020-08-30T12:08:01+00:00\" \/>\n<meta property=\"og:image\" content=\"https:\/\/www.padreeustaquio.com.br\/wp-content\/uploads\/2020\/08\/WhatsApp-Image-2020-08-29-at-16.56.02.jpeg\" \/>\n\t<meta property=\"og:image:width\" content=\"1280\" \/>\n\t<meta property=\"og:image:height\" content=\"960\" \/>\n\t<meta property=\"og:image:type\" content=\"image\/jpeg\" \/>\n<meta name=\"author\" content=\"@sscc\" \/>\n<meta name=\"twitter:card\" content=\"summary_large_image\" \/>\n<meta name=\"twitter:creator\" content=\"@beatopeustaquio\" \/>\n<meta name=\"twitter:site\" content=\"@beatopeustaquio\" \/>\n<meta name=\"twitter:label1\" content=\"Written by\" \/>\n\t<meta name=\"twitter:data1\" content=\"@sscc\" \/>\n\t<meta name=\"twitter:label2\" content=\"Est. reading time\" \/>\n\t<meta name=\"twitter:data2\" content=\"1 minute\" \/>\n<script type=\"application\/ld+json\" class=\"yoast-schema-graph\">{\"@context\":\"https:\/\/schema.org\",\"@graph\":[{\"@type\":\"Article\",\"@id\":\"https:\/\/www.padreeustaquio.com.br\/procissao-com-a-imagem-do-beato-padre-eustaquio-emociona-devotos-em-bh\/#article\",\"isPartOf\":{\"@id\":\"https:\/\/www.padreeustaquio.com.br\/procissao-com-a-imagem-do-beato-padre-eustaquio-emociona-devotos-em-bh\/\"},\"author\":{\"name\":\"@sscc\",\"@id\":\"https:\/\/www.padreeustaquio.com.br\/#\/schema\/person\/a2a51db1d00f1a7af0204a0f1ddb1566\"},\"headline\":\"Prociss\u00e3o com a imagem do Beato Padre Eust\u00e1quio emociona devotos em BH\",\"datePublished\":\"2020-08-30T12:08:01+00:00\",\"mainEntityOfPage\":{\"@id\":\"https:\/\/www.padreeustaquio.com.br\/procissao-com-a-imagem-do-beato-padre-eustaquio-emociona-devotos-em-bh\/\"},\"wordCount\":264,\"commentCount\":0,\"publisher\":{\"@id\":\"https:\/\/www.padreeustaquio.com.br\/#organization\"},\"image\":{\"@id\":\"https:\/\/www.padreeustaquio.com.br\/procissao-com-a-imagem-do-beato-padre-eustaquio-emociona-devotos-em-bh\/#primaryimage\"},\"thumbnailUrl\":\"https:\/\/www.padreeustaquio.com.br\/wp-content\/uploads\/2020\/08\/WhatsApp-Image-2020-08-29-at-16.56.02.jpeg\",\"articleSection\":[\"Not\u00edcias\"],\"inLanguage\":\"en-US\",\"potentialAction\":[{\"@type\":\"CommentAction\",\"name\":\"Comment\",\"target\":[\"https:\/\/www.padreeustaquio.com.br\/procissao-com-a-imagem-do-beato-padre-eustaquio-emociona-devotos-em-bh\/#respond\"]}]},{\"@type\":\"WebPage\",\"@id\":\"https:\/\/www.padreeustaquio.com.br\/procissao-com-a-imagem-do-beato-padre-eustaquio-emociona-devotos-em-bh\/\",\"url\":\"https:\/\/www.padreeustaquio.com.br\/procissao-com-a-imagem-do-beato-padre-eustaquio-emociona-devotos-em-bh\/\",\"name\":\"Prociss\u00e3o com a imagem do Beato Padre Eust\u00e1quio emociona devotos em BH - Padre Eust\u00e1quio\",\"isPartOf\":{\"@id\":\"https:\/\/www.padreeustaquio.com.br\/#website\"},\"primaryImageOfPage\":{\"@id\":\"https:\/\/www.padreeustaquio.com.br\/procissao-com-a-imagem-do-beato-padre-eustaquio-emociona-devotos-em-bh\/#primaryimage\"},\"image\":{\"@id\":\"https:\/\/www.padreeustaquio.com.br\/procissao-com-a-imagem-do-beato-padre-eustaquio-emociona-devotos-em-bh\/#primaryimage\"},\"thumbnailUrl\":\"https:\/\/www.padreeustaquio.com.br\/wp-content\/uploads\/2020\/08\/WhatsApp-Image-2020-08-29-at-16.56.02.jpeg\",\"datePublished\":\"2020-08-30T12:08:01+00:00\",\"breadcrumb\":{\"@id\":\"https:\/\/www.padreeustaquio.com.br\/procissao-com-a-imagem-do-beato-padre-eustaquio-emociona-devotos-em-bh\/#breadcrumb\"},\"inLanguage\":\"en-US\",\"potentialAction\":[{\"@type\":\"ReadAction\",\"target\":[\"https:\/\/www.padreeustaquio.com.br\/procissao-com-a-imagem-do-beato-padre-eustaquio-emociona-devotos-em-bh\/\"]}]},{\"@type\":\"ImageObject\",\"inLanguage\":\"en-US\",\"@id\":\"https:\/\/www.padreeustaquio.com.br\/procissao-com-a-imagem-do-beato-padre-eustaquio-emociona-devotos-em-bh\/#primaryimage\",\"url\":\"https:\/\/www.padreeustaquio.com.br\/wp-content\/uploads\/2020\/08\/WhatsApp-Image-2020-08-29-at-16.56.02.jpeg\",\"contentUrl\":\"https:\/\/www.padreeustaquio.com.br\/wp-content\/uploads\/2020\/08\/WhatsApp-Image-2020-08-29-at-16.56.02.jpeg\",\"width\":1280,\"height\":960,\"caption\":\"Devotos do beato Padre Eust\u00e1quio levantando as m\u00e3os e aplaudindo a passagem do carro-andor com a imagem do bem-aventurado.\"},{\"@type\":\"BreadcrumbList\",\"@id\":\"https:\/\/www.padreeustaquio.com.br\/procissao-com-a-imagem-do-beato-padre-eustaquio-emociona-devotos-em-bh\/#breadcrumb\",\"itemListElement\":[{\"@type\":\"ListItem\",\"position\":1,\"name\":\"In\u00edcio\",\"item\":\"https:\/\/www.padreeustaquio.com.br\/\"},{\"@type\":\"ListItem\",\"position\":2,\"name\":\"Prociss\u00e3o com a imagem do Beato Padre Eust\u00e1quio emociona devotos em BH\"}]},{\"@type\":\"WebSite\",\"@id\":\"https:\/\/www.padreeustaquio.com.br\/#website\",\"url\":\"https:\/\/www.padreeustaquio.com.br\/\",\"name\":\"Padre Eust\u00e1quio\",\"description\":\"Sa\u00fade e Paz\",\"publisher\":{\"@id\":\"https:\/\/www.padreeustaquio.com.br\/#organization\"},\"potentialAction\":[{\"@type\":\"SearchAction\",\"target\":{\"@type\":\"EntryPoint\",\"urlTemplate\":\"https:\/\/www.padreeustaquio.com.br\/?s={search_term_string}\"},\"query-input\":{\"@type\":\"PropertyValueSpecification\",\"valueRequired\":true,\"valueName\":\"search_term_string\"}}],\"inLanguage\":\"en-US\"},{\"@type\":\"Organization\",\"@id\":\"https:\/\/www.padreeustaquio.com.br\/#organization\",\"name\":\"Padre Eust\u00e1quio\",\"url\":\"https:\/\/www.padreeustaquio.com.br\/\",\"logo\":{\"@type\":\"ImageObject\",\"inLanguage\":\"en-US\",\"@id\":\"https:\/\/www.padreeustaquio.com.br\/#\/schema\/logo\/image\/\",\"url\":\"https:\/\/www.padreeustaquio.com.br\/wp-content\/uploads\/2019\/08\/marca.png\",\"contentUrl\":\"https:\/\/www.padreeustaquio.com.br\/wp-content\/uploads\/2019\/08\/marca.png\",\"width\":350,\"height\":400,\"caption\":\"Padre Eust\u00e1quio\"},\"image\":{\"@id\":\"https:\/\/www.padreeustaquio.com.br\/#\/schema\/logo\/image\/\"},\"sameAs\":[\"https:\/\/www.facebook.com\/beatopadreeustaquio\/\",\"https:\/\/x.com\/beatopeustaquio\",\"https:\/\/www.instagram.com\/beatopadreeustaquio\/\",\"https:\/\/www.youtube.com\/channel\/UCRhw7vfabnajwLxb1ZXMeIw\"]},{\"@type\":\"Person\",\"@id\":\"https:\/\/www.padreeustaquio.com.br\/#\/schema\/person\/a2a51db1d00f1a7af0204a0f1ddb1566\",\"name\":\"@sscc\",\"image\":{\"@type\":\"ImageObject\",\"inLanguage\":\"en-US\",\"@id\":\"https:\/\/secure.gravatar.com\/avatar\/68cfafa5f44617fea54071e215026e0ff06be366c3d54a8425f04fdcb86f8c5f?s=96&d=mm&r=g\",\"url\":\"https:\/\/secure.gravatar.com\/avatar\/68cfafa5f44617fea54071e215026e0ff06be366c3d54a8425f04fdcb86f8c5f?s=96&d=mm&r=g\",\"contentUrl\":\"https:\/\/secure.gravatar.com\/avatar\/68cfafa5f44617fea54071e215026e0ff06be366c3d54a8425f04fdcb86f8c5f?s=96&d=mm&r=g\",\"caption\":\"@sscc\"},\"url\":\"https:\/\/www.padreeustaquio.com.br\/en\/author\/sscc\/\"}]}<\/script>\n<!-- \/ Yoast SEO plugin. -->","yoast_head_json":{"title":"Procession with the image of Blessed Father Eust\u00e1quio moves devotees in Belo Horizonte - Father Eust\u00e1quio","robots":{"index":"index","follow":"follow","max-snippet":"max-snippet:-1","max-image-preview":"max-image-preview:large","max-video-preview":"max-video-preview:-1"},"canonical":"https:\/\/www.padreeustaquio.com.br\/en\/procession-with-the-image-of-blessed-father-eustaquio-moves-devotees-in-belo-horizonte\/","og_locale":"en_US","og_type":"article","og_title":"Prociss\u00e3o com a imagem do Beato Padre Eust\u00e1quio emociona devotos em BH - Padre Eust\u00e1quio","og_description":"Nesse s\u00e1bado, 29 de agosto, devotos do Padre Eust\u00e1quio que moram no bairro que leva o mesmo nome, se emocionaram com a passagem da prociss\u00e3o (de carro) com a imagem do Bem-Aventurado. Abrindo a prociss\u00e3o, um carro com a bandeira dos Sagrados Cora\u00e7\u00f5es ia direcionando o cortejo. Logo em seguida um carro de som chamava a aten\u00e7\u00e3o das pessoas para a chegada da prociss\u00e3o, outro ve\u00edculo levava as imagens dos Sagrados Cora\u00e7\u00f5es de Jesus e de Maria, e um outro a de Nossa Senhora da Abadia da \u00c1gua Suja. Por \u00faltimo um carro-andor, muito enfeitado, levava a imagem do Bem-Aventurado [&hellip;]","og_url":"https:\/\/www.padreeustaquio.com.br\/en\/procession-with-the-image-of-blessed-father-eustaquio-moves-devotees-in-belo-horizonte\/","og_site_name":"Padre Eust\u00e1quio","article_publisher":"https:\/\/www.facebook.com\/beatopadreeustaquio\/","article_published_time":"2020-08-30T12:08:01+00:00","og_image":[{"width":1280,"height":960,"url":"https:\/\/www.padreeustaquio.com.br\/wp-content\/uploads\/2020\/08\/WhatsApp-Image-2020-08-29-at-16.56.02.jpeg","type":"image\/jpeg"}],"author":"@sscc","twitter_card":"summary_large_image","twitter_creator":"@beatopeustaquio","twitter_site":"@beatopeustaquio","twitter_misc":{"Written by":"@sscc","Est. reading time":"1 minute"},"schema":{"@context":"https:\/\/schema.org","@graph":[{"@type":"Article","@id":"https:\/\/www.padreeustaquio.com.br\/procissao-com-a-imagem-do-beato-padre-eustaquio-emociona-devotos-em-bh\/#article","isPartOf":{"@id":"https:\/\/www.padreeustaquio.com.br\/procissao-com-a-imagem-do-beato-padre-eustaquio-emociona-devotos-em-bh\/"},"author":{"name":"@sscc","@id":"https:\/\/www.padreeustaquio.com.br\/#\/schema\/person\/a2a51db1d00f1a7af0204a0f1ddb1566"},"headline":"Prociss\u00e3o com a imagem do Beato Padre Eust\u00e1quio emociona devotos em BH","datePublished":"2020-08-30T12:08:01+00:00","mainEntityOfPage":{"@id":"https:\/\/www.padreeustaquio.com.br\/procissao-com-a-imagem-do-beato-padre-eustaquio-emociona-devotos-em-bh\/"},"wordCount":264,"commentCount":0,"publisher":{"@id":"https:\/\/www.padreeustaquio.com.br\/#organization"},"image":{"@id":"https:\/\/www.padreeustaquio.com.br\/procissao-com-a-imagem-do-beato-padre-eustaquio-emociona-devotos-em-bh\/#primaryimage"},"thumbnailUrl":"https:\/\/www.padreeustaquio.com.br\/wp-content\/uploads\/2020\/08\/WhatsApp-Image-2020-08-29-at-16.56.02.jpeg","articleSection":["Not\u00edcias"],"inLanguage":"en-US","potentialAction":[{"@type":"CommentAction","name":"Comment","target":["https:\/\/www.padreeustaquio.com.br\/procissao-com-a-imagem-do-beato-padre-eustaquio-emociona-devotos-em-bh\/#respond"]}]},{"@type":"WebPage","@id":"https:\/\/www.padreeustaquio.com.br\/procissao-com-a-imagem-do-beato-padre-eustaquio-emociona-devotos-em-bh\/","url":"https:\/\/www.padreeustaquio.com.br\/procissao-com-a-imagem-do-beato-padre-eustaquio-emociona-devotos-em-bh\/","name":"Procession with the image of Blessed Father Eust\u00e1quio moves devotees in Belo Horizonte - Father Eust\u00e1quio","isPartOf":{"@id":"https:\/\/www.padreeustaquio.com.br\/#website"},"primaryImageOfPage":{"@id":"https:\/\/www.padreeustaquio.com.br\/procissao-com-a-imagem-do-beato-padre-eustaquio-emociona-devotos-em-bh\/#primaryimage"},"image":{"@id":"https:\/\/www.padreeustaquio.com.br\/procissao-com-a-imagem-do-beato-padre-eustaquio-emociona-devotos-em-bh\/#primaryimage"},"thumbnailUrl":"https:\/\/www.padreeustaquio.com.br\/wp-content\/uploads\/2020\/08\/WhatsApp-Image-2020-08-29-at-16.56.02.jpeg","datePublished":"2020-08-30T12:08:01+00:00","breadcrumb":{"@id":"https:\/\/www.padreeustaquio.com.br\/procissao-com-a-imagem-do-beato-padre-eustaquio-emociona-devotos-em-bh\/#breadcrumb"},"inLanguage":"en-US","potentialAction":[{"@type":"ReadAction","target":["https:\/\/www.padreeustaquio.com.br\/procissao-com-a-imagem-do-beato-padre-eustaquio-emociona-devotos-em-bh\/"]}]},{"@type":"ImageObject","inLanguage":"en-US","@id":"https:\/\/www.padreeustaquio.com.br\/procissao-com-a-imagem-do-beato-padre-eustaquio-emociona-devotos-em-bh\/#primaryimage","url":"https:\/\/www.padreeustaquio.com.br\/wp-content\/uploads\/2020\/08\/WhatsApp-Image-2020-08-29-at-16.56.02.jpeg","contentUrl":"https:\/\/www.padreeustaquio.com.br\/wp-content\/uploads\/2020\/08\/WhatsApp-Image-2020-08-29-at-16.56.02.jpeg","width":1280,"height":960,"caption":"Devotos do beato Padre Eust\u00e1quio levantando as m\u00e3os e aplaudindo a passagem do carro-andor com a imagem do bem-aventurado."},{"@type":"BreadcrumbList","@id":"https:\/\/www.padreeustaquio.com.br\/procissao-com-a-imagem-do-beato-padre-eustaquio-emociona-devotos-em-bh\/#breadcrumb","itemListElement":[{"@type":"ListItem","position":1,"name":"In\u00edcio","item":"https:\/\/www.padreeustaquio.com.br\/"},{"@type":"ListItem","position":2,"name":"Prociss\u00e3o com a imagem do Beato Padre Eust\u00e1quio emociona devotos em BH"}]},{"@type":"WebSite","@id":"https:\/\/www.padreeustaquio.com.br\/#website","url":"https:\/\/www.padreeustaquio.com.br\/","name":"FATHER EUST\u00c1QUIO","description":"Health and Peace","publisher":{"@id":"https:\/\/www.padreeustaquio.com.br\/#organization"},"potentialAction":[{"@type":"SearchAction","target":{"@type":"EntryPoint","urlTemplate":"https:\/\/www.padreeustaquio.com.br\/?s={search_term_string}"},"query-input":{"@type":"PropertyValueSpecification","valueRequired":true,"valueName":"search_term_string"}}],"inLanguage":"en-US"},{"@type":"Organization","@id":"https:\/\/www.padreeustaquio.com.br\/#organization","name":"FATHER EUST\u00c1QUIO","url":"https:\/\/www.padreeustaquio.com.br\/","logo":{"@type":"ImageObject","inLanguage":"en-US","@id":"https:\/\/www.padreeustaquio.com.br\/#\/schema\/logo\/image\/","url":"https:\/\/www.padreeustaquio.com.br\/wp-content\/uploads\/2019\/08\/marca.png","contentUrl":"https:\/\/www.padreeustaquio.com.br\/wp-content\/uploads\/2019\/08\/marca.png","width":350,"height":400,"caption":"Padre Eust\u00e1quio"},"image":{"@id":"https:\/\/www.padreeustaquio.com.br\/#\/schema\/logo\/image\/"},"sameAs":["https:\/\/www.facebook.com\/beatopadreeustaquio\/","https:\/\/x.com\/beatopeustaquio","https:\/\/www.instagram.com\/beatopadreeustaquio\/","https:\/\/www.youtube.com\/channel\/UCRhw7vfabnajwLxb1ZXMeIw"]},{"@type":"Person","@id":"https:\/\/www.padreeustaquio.com.br\/#\/schema\/person\/a2a51db1d00f1a7af0204a0f1ddb1566","name":"@sscc","image":{"@type":"ImageObject","inLanguage":"en-US","@id":"https:\/\/secure.gravatar.com\/avatar\/68cfafa5f44617fea54071e215026e0ff06be366c3d54a8425f04fdcb86f8c5f?s=96&d=mm&r=g","url":"https:\/\/secure.gravatar.com\/avatar\/68cfafa5f44617fea54071e215026e0ff06be366c3d54a8425f04fdcb86f8c5f?s=96&d=mm&r=g","contentUrl":"https:\/\/secure.gravatar.com\/avatar\/68cfafa5f44617fea54071e215026e0ff06be366c3d54a8425f04fdcb86f8c5f?s=96&d=mm&r=g","caption":"@sscc"},"url":"https:\/\/www.padreeustaquio.com.br\/en\/author\/sscc\/"}]}},"_links":{"self":[{"href":"https:\/\/www.padreeustaquio.com.br\/en\/wp-json\/wp\/v2\/posts\/4556","targetHints":{"allow":["GET"]}}],"collection":[{"href":"https:\/\/www.padreeustaquio.com.br\/en\/wp-json\/wp\/v2\/posts"}],"about":[{"href":"https:\/\/www.padreeustaquio.com.br\/en\/wp-json\/wp\/v2\/types\/post"}],"author":[{"embeddable":true,"href":"https:\/\/www.padreeustaquio.com.br\/en\/wp-json\/wp\/v2\/users\/2"}],"replies":[{"embeddable":true,"href":"https:\/\/www.padreeustaquio.com.br\/en\/wp-json\/wp\/v2\/comments?post=4556"}],"version-history":[{"count":0,"href":"https:\/\/www.padreeustaquio.com.br\/en\/wp-json\/wp\/v2\/posts\/4556\/revisions"}],"wp:featuredmedia":[{"embeddable":true,"href":"https:\/\/www.padreeustaquio.com.br\/en\/wp-json\/wp\/v2\/media\/4557"}],"wp:attachment":[{"href":"https:\/\/www.padreeustaquio.com.br\/en\/wp-json\/wp\/v2\/media?parent=4556"}],"wp:term":[{"taxonomy":"category","embeddable":true,"href":"https:\/\/www.padreeustaquio.com.br\/en\/wp-json\/wp\/v2\/categories?post=4556"},{"taxonomy":"post_tag","embeddable":true,"href":"https:\/\/www.padreeustaquio.com.br\/en\/wp-json\/wp\/v2\/tags?post=4556"}],"curies":[{"name":"wp","href":"https:\/\/api.w.org\/{rel}","templated":true}]}}