{"id":4546,"date":"2020-08-28T08:50:13","date_gmt":"2020-08-28T11:50:13","guid":{"rendered":"https:\/\/www.padreeustaquio.com.br\/?p=4546"},"modified":"2020-08-28T09:05:51","modified_gmt":"2020-08-28T12:05:51","slug":"the-church-celebrates-the-feast-of-blessed-father-eustace-next-sunday","status":"publish","type":"post","link":"https:\/\/www.padreeustaquio.com.br\/en\/the-church-celebrates-the-feast-of-blessed-father-eustace-next-sunday\/","title":{"rendered":"The Church celebrates the feast of Blessed Father Eustace next Sunday."},"content":{"rendered":"<p>On Sunday, August 30th, the church will celebrate the memory of Blessed Father Eustace, the Dutch religious figure who came to Brazil and became a Missionary of Health and Peace. The festivities in Belo Horizonte begin with a procession (by car) on Saturday, followed by online programming on Sunday and the celebration of Holy Mass at 6 PM, presided over by the Archbishop of Belo Horizonte and president of the [church\/organization name - unclear from context]. <a href=\"https:\/\/www.cnbb.org.br\/\">CNBB<\/a>, D. Walmor Oliveira de Azevedo.<\/p>\n<p>On Saturday, a processional car will travel through the streets of the Padre Eust\u00e1quio neighborhood carrying the image of the Blessed. Almost all the streets in the neighborhood will be included in the procession. People are advised to remain in their homes, demonstrating their faith and devotion from their windows or with decorations on their facades. The entire route will be broadcast live on [website\/platform name - needs to be filled in]. <a href=\"https:\/\/www.youtube.com\/channel\/UCRhw7vfabnajwLxb1ZXMeIw\">Padre Eust\u00e1quio Channel<\/a>, on YouTube.<\/p>\n<p>On Sunday, August 30th, the church will be open all day (until 4:30 PM) for visits from the faithful, which will be controlled with all sanitary measures required by the authorities. At 10:00 AM, the Congregation&#039;s religious members will hold a live broadcast on their YouTube channel and also on Facebook. <a href=\"https:\/\/www.facebook.com\/beatopadreeustaquio\">@beatopadreeustaquio<\/a>, about the missionary&#039;s life. At 3 pm, a virtual Adoration of the Blessed Sacrament will be led by members of the Sacred Hearts. Concluding the program, at 6 pm, there will be a Holy Mass with Dom Walmor, which will also be broadcast online. <a href=\"http:\/\/www.tvhorizonte.com.br\/#\">TV Horizon<\/a>, in addition to the Sanctuary&#039;s media outlets.<\/p>\n<p>Participate by watching from home, with the same faith and devotion! Share the links and invite your friends and family to pray with us for &quot;Health and Peace&quot;!<\/p>\n<p><strong>Life and history<\/strong><\/p>\n<p>Eust\u00e1quio van Lieshout was born in the Netherlands, with the name Humberto, in 1890 and at the age of 15 he joined the Congregation of the Sacred Hearts, inspired by the example of holiness of the missionary Saint Damien of Molokai. In 1919, he received priestly ordination and continued serving the People of God in his country. Six years later he came to Brazil and founded, together with Father Gil van den Boogaart and Father Matias van Rooy, the first community of the Congregation of the Sacred Hearts in the country.<\/p>\n<p>He built the Sanctuary of Our Lady of the Abbey of \u00c1gua Suja, in Romaria-MG, and was later transferred to Po\u00e1-SP, where the first reports of miracles were found. The fame of holiness of the &quot;Vicar of Po\u00e1&quot; spread throughout the country, and the uncontrollable harassment from the crowds led his superiors to remove him from the parish in 1941. He lived in seclusion in various cities in S\u00e3o Paulo and Minas Gerais, and in the capital of Rio de Janeiro.<\/p>\n<p>In 1942, he was appointed parish priest in Belo Horizonte. He stayed in the capital of Minas Gerais for only 1 year and 4 months, enough to leave deep roots in the spirituality of the people of Belo Horizonte. However, a sudden high fever interrupted this intense apostolate, and on August 30, 1943, he died, a victim of typhus or spotted fever, also called tick fever.<\/p>\n<p>His funeral was a true triumphal march. The burial was the beginning of an apotheosis. His tomb, in the Bonfim Cemetery, continued to be visited by the faithful. The construction of the Church of the Sacred Hearts became a reality, and the people affectionately began to call it &quot;Father Eust\u00e1quio&#039;s Church&quot;.<\/p>\n<p>Once construction was completed, Father Eust\u00e1quio&#039;s body was exhumed and moved to a tomb inside the church in 1949, where it remained until 2007, when it was transferred to the Memorial, built adjacent to the temple.<\/p>\n<p>On June 15, 2006, the solemn Beatification took place at Mineir\u00e3o Stadium: the public recognition of a heroic life of virtue and service. The Mineir\u00e3o stadium, in Belo Horizonte \u2013 MG, hosted, during the Corpus Christi celebration, a multitude of faithful from parishes in Belo Horizonte and other cities. There were more than 80,000 people at the 12th &quot;Torcida de Deus&quot; (God&#039;s Fan Club).<\/p>","protected":false},"excerpt":{"rendered":"<p>Domingo, dia 30 de agosto, a igreja vai celebrar a mem\u00f3ria do Bem-Aventurado Padre Eust\u00e1quio. O religioso holand\u00eas, que veio para o Brasil e se tornou o Mission\u00e1rio da Sa\u00fade e da Paz. A festa, em Belo Horizonte, come\u00e7a com uma prociss\u00e3o (de carro) no s\u00e1bado e, no domingo, programa\u00e7\u00f5es pela internet e a celebra\u00e7\u00e3o da Santa Missa, \u00e0s 18h, presidida pelo arcebispo da capital mineira e presidente da CNBB, D. Walmor Oliveira de Azevedo. No s\u00e1bado, um carro-andor vai sair pelas ruas do bairro Padre Eust\u00e1quio com a imagem do Beato. Quase todas as vias do bairro ser\u00e3o contempladas [&hellip;]<\/p>\n","protected":false},"author":2,"featured_media":4547,"comment_status":"open","ping_status":"open","sticky":false,"template":"","format":"standard","meta":{"_acf_changed":false,"footnotes":""},"categories":[611],"tags":[],"class_list":["post-4546","post","type-post","status-publish","format-standard","has-post-thumbnail","hentry","category-noticias"],"acf":[],"yoast_head":"<!-- This site is optimized with the Yoast SEO plugin v27.2 - https:\/\/yoast.com\/product\/yoast-seo-wordpress\/ -->\n<title>Igreja celebra festa do Beato Padre Eust\u00e1quio, no pr\u00f3ximo domingo - Padre Eust\u00e1quio<\/title>\n<meta name=\"robots\" content=\"index, follow, max-snippet:-1, max-image-preview:large, max-video-preview:-1\" \/>\n<link rel=\"canonical\" href=\"https:\/\/www.padreeustaquio.com.br\/en\/the-church-celebrates-the-feast-of-blessed-father-eustace-next-sunday\/\" \/>\n<meta property=\"og:locale\" content=\"en_US\" \/>\n<meta property=\"og:type\" content=\"article\" \/>\n<meta property=\"og:title\" content=\"Igreja celebra festa do Beato Padre Eust\u00e1quio, no pr\u00f3ximo domingo - Padre Eust\u00e1quio\" \/>\n<meta property=\"og:description\" content=\"Domingo, dia 30 de agosto, a igreja vai celebrar a mem\u00f3ria do Bem-Aventurado Padre Eust\u00e1quio. O religioso holand\u00eas, que veio para o Brasil e se tornou o Mission\u00e1rio da Sa\u00fade e da Paz. A festa, em Belo Horizonte, come\u00e7a com uma prociss\u00e3o (de carro) no s\u00e1bado e, no domingo, programa\u00e7\u00f5es pela internet e a celebra\u00e7\u00e3o da Santa Missa, \u00e0s 18h, presidida pelo arcebispo da capital mineira e presidente da CNBB, D. Walmor Oliveira de Azevedo. No s\u00e1bado, um carro-andor vai sair pelas ruas do bairro Padre Eust\u00e1quio com a imagem do Beato. Quase todas as vias do bairro ser\u00e3o contempladas [&hellip;]\" \/>\n<meta property=\"og:url\" content=\"https:\/\/www.padreeustaquio.com.br\/en\/the-church-celebrates-the-feast-of-blessed-father-eustace-next-sunday\/\" \/>\n<meta property=\"og:site_name\" content=\"Padre Eust\u00e1quio\" \/>\n<meta property=\"article:publisher\" content=\"https:\/\/www.facebook.com\/beatopadreeustaquio\/\" \/>\n<meta property=\"article:published_time\" content=\"2020-08-28T11:50:13+00:00\" \/>\n<meta property=\"article:modified_time\" content=\"2020-08-28T12:05:51+00:00\" \/>\n<meta property=\"og:image\" content=\"https:\/\/www.padreeustaquio.com.br\/wp-content\/uploads\/2020\/08\/WhatsApp-Image-2020-08-28-at-08.39.45.jpeg\" \/>\n\t<meta property=\"og:image:width\" content=\"785\" \/>\n\t<meta property=\"og:image:height\" content=\"520\" \/>\n\t<meta property=\"og:image:type\" content=\"image\/jpeg\" \/>\n<meta name=\"author\" content=\"@sscc\" \/>\n<meta name=\"twitter:card\" content=\"summary_large_image\" \/>\n<meta name=\"twitter:creator\" content=\"@beatopeustaquio\" \/>\n<meta name=\"twitter:site\" content=\"@beatopeustaquio\" \/>\n<meta name=\"twitter:label1\" content=\"Written by\" \/>\n\t<meta name=\"twitter:data1\" content=\"@sscc\" \/>\n\t<meta name=\"twitter:label2\" content=\"Est. reading time\" \/>\n\t<meta name=\"twitter:data2\" content=\"3 minutes\" \/>\n<script type=\"application\/ld+json\" class=\"yoast-schema-graph\">{\"@context\":\"https:\/\/schema.org\",\"@graph\":[{\"@type\":\"Article\",\"@id\":\"https:\/\/www.padreeustaquio.com.br\/igreja-celebra-festa-do-beato-padre-eustaquio-no-proximo-domingo\/#article\",\"isPartOf\":{\"@id\":\"https:\/\/www.padreeustaquio.com.br\/igreja-celebra-festa-do-beato-padre-eustaquio-no-proximo-domingo\/\"},\"author\":{\"name\":\"@sscc\",\"@id\":\"https:\/\/www.padreeustaquio.com.br\/#\/schema\/person\/a2a51db1d00f1a7af0204a0f1ddb1566\"},\"headline\":\"Igreja celebra festa do Beato Padre Eust\u00e1quio, no pr\u00f3ximo domingo\",\"datePublished\":\"2020-08-28T11:50:13+00:00\",\"dateModified\":\"2020-08-28T12:05:51+00:00\",\"mainEntityOfPage\":{\"@id\":\"https:\/\/www.padreeustaquio.com.br\/igreja-celebra-festa-do-beato-padre-eustaquio-no-proximo-domingo\/\"},\"wordCount\":701,\"commentCount\":0,\"publisher\":{\"@id\":\"https:\/\/www.padreeustaquio.com.br\/#organization\"},\"image\":{\"@id\":\"https:\/\/www.padreeustaquio.com.br\/igreja-celebra-festa-do-beato-padre-eustaquio-no-proximo-domingo\/#primaryimage\"},\"thumbnailUrl\":\"https:\/\/www.padreeustaquio.com.br\/wp-content\/uploads\/2020\/08\/WhatsApp-Image-2020-08-28-at-08.39.45.jpeg\",\"articleSection\":[\"Not\u00edcias\"],\"inLanguage\":\"en-US\",\"potentialAction\":[{\"@type\":\"CommentAction\",\"name\":\"Comment\",\"target\":[\"https:\/\/www.padreeustaquio.com.br\/igreja-celebra-festa-do-beato-padre-eustaquio-no-proximo-domingo\/#respond\"]}]},{\"@type\":\"WebPage\",\"@id\":\"https:\/\/www.padreeustaquio.com.br\/igreja-celebra-festa-do-beato-padre-eustaquio-no-proximo-domingo\/\",\"url\":\"https:\/\/www.padreeustaquio.com.br\/igreja-celebra-festa-do-beato-padre-eustaquio-no-proximo-domingo\/\",\"name\":\"Igreja celebra festa do Beato Padre Eust\u00e1quio, no pr\u00f3ximo domingo - Padre Eust\u00e1quio\",\"isPartOf\":{\"@id\":\"https:\/\/www.padreeustaquio.com.br\/#website\"},\"primaryImageOfPage\":{\"@id\":\"https:\/\/www.padreeustaquio.com.br\/igreja-celebra-festa-do-beato-padre-eustaquio-no-proximo-domingo\/#primaryimage\"},\"image\":{\"@id\":\"https:\/\/www.padreeustaquio.com.br\/igreja-celebra-festa-do-beato-padre-eustaquio-no-proximo-domingo\/#primaryimage\"},\"thumbnailUrl\":\"https:\/\/www.padreeustaquio.com.br\/wp-content\/uploads\/2020\/08\/WhatsApp-Image-2020-08-28-at-08.39.45.jpeg\",\"datePublished\":\"2020-08-28T11:50:13+00:00\",\"dateModified\":\"2020-08-28T12:05:51+00:00\",\"breadcrumb\":{\"@id\":\"https:\/\/www.padreeustaquio.com.br\/igreja-celebra-festa-do-beato-padre-eustaquio-no-proximo-domingo\/#breadcrumb\"},\"inLanguage\":\"en-US\",\"potentialAction\":[{\"@type\":\"ReadAction\",\"target\":[\"https:\/\/www.padreeustaquio.com.br\/igreja-celebra-festa-do-beato-padre-eustaquio-no-proximo-domingo\/\"]}]},{\"@type\":\"ImageObject\",\"inLanguage\":\"en-US\",\"@id\":\"https:\/\/www.padreeustaquio.com.br\/igreja-celebra-festa-do-beato-padre-eustaquio-no-proximo-domingo\/#primaryimage\",\"url\":\"https:\/\/www.padreeustaquio.com.br\/wp-content\/uploads\/2020\/08\/WhatsApp-Image-2020-08-28-at-08.39.45.jpeg\",\"contentUrl\":\"https:\/\/www.padreeustaquio.com.br\/wp-content\/uploads\/2020\/08\/WhatsApp-Image-2020-08-28-at-08.39.45.jpeg\",\"width\":785,\"height\":520,\"caption\":\"Foto da prociss\u00e3o dos Sagrados Cora\u00e7\u00f5es com destaque para a imagem do Beato Padre Eust\u00e1quio\"},{\"@type\":\"BreadcrumbList\",\"@id\":\"https:\/\/www.padreeustaquio.com.br\/igreja-celebra-festa-do-beato-padre-eustaquio-no-proximo-domingo\/#breadcrumb\",\"itemListElement\":[{\"@type\":\"ListItem\",\"position\":1,\"name\":\"In\u00edcio\",\"item\":\"https:\/\/www.padreeustaquio.com.br\/\"},{\"@type\":\"ListItem\",\"position\":2,\"name\":\"Igreja celebra festa do Beato Padre Eust\u00e1quio, no pr\u00f3ximo domingo\"}]},{\"@type\":\"WebSite\",\"@id\":\"https:\/\/www.padreeustaquio.com.br\/#website\",\"url\":\"https:\/\/www.padreeustaquio.com.br\/\",\"name\":\"Padre Eust\u00e1quio\",\"description\":\"Sa\u00fade e Paz\",\"publisher\":{\"@id\":\"https:\/\/www.padreeustaquio.com.br\/#organization\"},\"potentialAction\":[{\"@type\":\"SearchAction\",\"target\":{\"@type\":\"EntryPoint\",\"urlTemplate\":\"https:\/\/www.padreeustaquio.com.br\/?s={search_term_string}\"},\"query-input\":{\"@type\":\"PropertyValueSpecification\",\"valueRequired\":true,\"valueName\":\"search_term_string\"}}],\"inLanguage\":\"en-US\"},{\"@type\":\"Organization\",\"@id\":\"https:\/\/www.padreeustaquio.com.br\/#organization\",\"name\":\"Padre Eust\u00e1quio\",\"url\":\"https:\/\/www.padreeustaquio.com.br\/\",\"logo\":{\"@type\":\"ImageObject\",\"inLanguage\":\"en-US\",\"@id\":\"https:\/\/www.padreeustaquio.com.br\/#\/schema\/logo\/image\/\",\"url\":\"https:\/\/www.padreeustaquio.com.br\/wp-content\/uploads\/2019\/08\/marca.png\",\"contentUrl\":\"https:\/\/www.padreeustaquio.com.br\/wp-content\/uploads\/2019\/08\/marca.png\",\"width\":350,\"height\":400,\"caption\":\"Padre Eust\u00e1quio\"},\"image\":{\"@id\":\"https:\/\/www.padreeustaquio.com.br\/#\/schema\/logo\/image\/\"},\"sameAs\":[\"https:\/\/www.facebook.com\/beatopadreeustaquio\/\",\"https:\/\/x.com\/beatopeustaquio\",\"https:\/\/www.instagram.com\/beatopadreeustaquio\/\",\"https:\/\/www.youtube.com\/channel\/UCRhw7vfabnajwLxb1ZXMeIw\"]},{\"@type\":\"Person\",\"@id\":\"https:\/\/www.padreeustaquio.com.br\/#\/schema\/person\/a2a51db1d00f1a7af0204a0f1ddb1566\",\"name\":\"@sscc\",\"image\":{\"@type\":\"ImageObject\",\"inLanguage\":\"en-US\",\"@id\":\"https:\/\/secure.gravatar.com\/avatar\/68cfafa5f44617fea54071e215026e0ff06be366c3d54a8425f04fdcb86f8c5f?s=96&d=mm&r=g\",\"url\":\"https:\/\/secure.gravatar.com\/avatar\/68cfafa5f44617fea54071e215026e0ff06be366c3d54a8425f04fdcb86f8c5f?s=96&d=mm&r=g\",\"contentUrl\":\"https:\/\/secure.gravatar.com\/avatar\/68cfafa5f44617fea54071e215026e0ff06be366c3d54a8425f04fdcb86f8c5f?s=96&d=mm&r=g\",\"caption\":\"@sscc\"},\"url\":\"https:\/\/www.padreeustaquio.com.br\/en\/author\/sscc\/\"}]}<\/script>\n<!-- \/ Yoast SEO plugin. -->","yoast_head_json":{"title":"The Church celebrates the feast of Blessed Father Eustace next Sunday - Father Eustace","robots":{"index":"index","follow":"follow","max-snippet":"max-snippet:-1","max-image-preview":"max-image-preview:large","max-video-preview":"max-video-preview:-1"},"canonical":"https:\/\/www.padreeustaquio.com.br\/en\/the-church-celebrates-the-feast-of-blessed-father-eustace-next-sunday\/","og_locale":"en_US","og_type":"article","og_title":"Igreja celebra festa do Beato Padre Eust\u00e1quio, no pr\u00f3ximo domingo - Padre Eust\u00e1quio","og_description":"Domingo, dia 30 de agosto, a igreja vai celebrar a mem\u00f3ria do Bem-Aventurado Padre Eust\u00e1quio. O religioso holand\u00eas, que veio para o Brasil e se tornou o Mission\u00e1rio da Sa\u00fade e da Paz. A festa, em Belo Horizonte, come\u00e7a com uma prociss\u00e3o (de carro) no s\u00e1bado e, no domingo, programa\u00e7\u00f5es pela internet e a celebra\u00e7\u00e3o da Santa Missa, \u00e0s 18h, presidida pelo arcebispo da capital mineira e presidente da CNBB, D. Walmor Oliveira de Azevedo. No s\u00e1bado, um carro-andor vai sair pelas ruas do bairro Padre Eust\u00e1quio com a imagem do Beato. Quase todas as vias do bairro ser\u00e3o contempladas [&hellip;]","og_url":"https:\/\/www.padreeustaquio.com.br\/en\/the-church-celebrates-the-feast-of-blessed-father-eustace-next-sunday\/","og_site_name":"Padre Eust\u00e1quio","article_publisher":"https:\/\/www.facebook.com\/beatopadreeustaquio\/","article_published_time":"2020-08-28T11:50:13+00:00","article_modified_time":"2020-08-28T12:05:51+00:00","og_image":[{"width":785,"height":520,"url":"https:\/\/www.padreeustaquio.com.br\/wp-content\/uploads\/2020\/08\/WhatsApp-Image-2020-08-28-at-08.39.45.jpeg","type":"image\/jpeg"}],"author":"@sscc","twitter_card":"summary_large_image","twitter_creator":"@beatopeustaquio","twitter_site":"@beatopeustaquio","twitter_misc":{"Written by":"@sscc","Est. reading time":"3 minutes"},"schema":{"@context":"https:\/\/schema.org","@graph":[{"@type":"Article","@id":"https:\/\/www.padreeustaquio.com.br\/igreja-celebra-festa-do-beato-padre-eustaquio-no-proximo-domingo\/#article","isPartOf":{"@id":"https:\/\/www.padreeustaquio.com.br\/igreja-celebra-festa-do-beato-padre-eustaquio-no-proximo-domingo\/"},"author":{"name":"@sscc","@id":"https:\/\/www.padreeustaquio.com.br\/#\/schema\/person\/a2a51db1d00f1a7af0204a0f1ddb1566"},"headline":"Igreja celebra festa do Beato Padre Eust\u00e1quio, no pr\u00f3ximo domingo","datePublished":"2020-08-28T11:50:13+00:00","dateModified":"2020-08-28T12:05:51+00:00","mainEntityOfPage":{"@id":"https:\/\/www.padreeustaquio.com.br\/igreja-celebra-festa-do-beato-padre-eustaquio-no-proximo-domingo\/"},"wordCount":701,"commentCount":0,"publisher":{"@id":"https:\/\/www.padreeustaquio.com.br\/#organization"},"image":{"@id":"https:\/\/www.padreeustaquio.com.br\/igreja-celebra-festa-do-beato-padre-eustaquio-no-proximo-domingo\/#primaryimage"},"thumbnailUrl":"https:\/\/www.padreeustaquio.com.br\/wp-content\/uploads\/2020\/08\/WhatsApp-Image-2020-08-28-at-08.39.45.jpeg","articleSection":["Not\u00edcias"],"inLanguage":"en-US","potentialAction":[{"@type":"CommentAction","name":"Comment","target":["https:\/\/www.padreeustaquio.com.br\/igreja-celebra-festa-do-beato-padre-eustaquio-no-proximo-domingo\/#respond"]}]},{"@type":"WebPage","@id":"https:\/\/www.padreeustaquio.com.br\/igreja-celebra-festa-do-beato-padre-eustaquio-no-proximo-domingo\/","url":"https:\/\/www.padreeustaquio.com.br\/igreja-celebra-festa-do-beato-padre-eustaquio-no-proximo-domingo\/","name":"The Church celebrates the feast of Blessed Father Eustace next Sunday - Father Eustace","isPartOf":{"@id":"https:\/\/www.padreeustaquio.com.br\/#website"},"primaryImageOfPage":{"@id":"https:\/\/www.padreeustaquio.com.br\/igreja-celebra-festa-do-beato-padre-eustaquio-no-proximo-domingo\/#primaryimage"},"image":{"@id":"https:\/\/www.padreeustaquio.com.br\/igreja-celebra-festa-do-beato-padre-eustaquio-no-proximo-domingo\/#primaryimage"},"thumbnailUrl":"https:\/\/www.padreeustaquio.com.br\/wp-content\/uploads\/2020\/08\/WhatsApp-Image-2020-08-28-at-08.39.45.jpeg","datePublished":"2020-08-28T11:50:13+00:00","dateModified":"2020-08-28T12:05:51+00:00","breadcrumb":{"@id":"https:\/\/www.padreeustaquio.com.br\/igreja-celebra-festa-do-beato-padre-eustaquio-no-proximo-domingo\/#breadcrumb"},"inLanguage":"en-US","potentialAction":[{"@type":"ReadAction","target":["https:\/\/www.padreeustaquio.com.br\/igreja-celebra-festa-do-beato-padre-eustaquio-no-proximo-domingo\/"]}]},{"@type":"ImageObject","inLanguage":"en-US","@id":"https:\/\/www.padreeustaquio.com.br\/igreja-celebra-festa-do-beato-padre-eustaquio-no-proximo-domingo\/#primaryimage","url":"https:\/\/www.padreeustaquio.com.br\/wp-content\/uploads\/2020\/08\/WhatsApp-Image-2020-08-28-at-08.39.45.jpeg","contentUrl":"https:\/\/www.padreeustaquio.com.br\/wp-content\/uploads\/2020\/08\/WhatsApp-Image-2020-08-28-at-08.39.45.jpeg","width":785,"height":520,"caption":"Foto da prociss\u00e3o dos Sagrados Cora\u00e7\u00f5es com destaque para a imagem do Beato Padre Eust\u00e1quio"},{"@type":"BreadcrumbList","@id":"https:\/\/www.padreeustaquio.com.br\/igreja-celebra-festa-do-beato-padre-eustaquio-no-proximo-domingo\/#breadcrumb","itemListElement":[{"@type":"ListItem","position":1,"name":"In\u00edcio","item":"https:\/\/www.padreeustaquio.com.br\/"},{"@type":"ListItem","position":2,"name":"Igreja celebra festa do Beato Padre Eust\u00e1quio, no pr\u00f3ximo domingo"}]},{"@type":"WebSite","@id":"https:\/\/www.padreeustaquio.com.br\/#website","url":"https:\/\/www.padreeustaquio.com.br\/","name":"FATHER EUST\u00c1QUIO","description":"Health and Peace","publisher":{"@id":"https:\/\/www.padreeustaquio.com.br\/#organization"},"potentialAction":[{"@type":"SearchAction","target":{"@type":"EntryPoint","urlTemplate":"https:\/\/www.padreeustaquio.com.br\/?s={search_term_string}"},"query-input":{"@type":"PropertyValueSpecification","valueRequired":true,"valueName":"search_term_string"}}],"inLanguage":"en-US"},{"@type":"Organization","@id":"https:\/\/www.padreeustaquio.com.br\/#organization","name":"FATHER EUST\u00c1QUIO","url":"https:\/\/www.padreeustaquio.com.br\/","logo":{"@type":"ImageObject","inLanguage":"en-US","@id":"https:\/\/www.padreeustaquio.com.br\/#\/schema\/logo\/image\/","url":"https:\/\/www.padreeustaquio.com.br\/wp-content\/uploads\/2019\/08\/marca.png","contentUrl":"https:\/\/www.padreeustaquio.com.br\/wp-content\/uploads\/2019\/08\/marca.png","width":350,"height":400,"caption":"Padre Eust\u00e1quio"},"image":{"@id":"https:\/\/www.padreeustaquio.com.br\/#\/schema\/logo\/image\/"},"sameAs":["https:\/\/www.facebook.com\/beatopadreeustaquio\/","https:\/\/x.com\/beatopeustaquio","https:\/\/www.instagram.com\/beatopadreeustaquio\/","https:\/\/www.youtube.com\/channel\/UCRhw7vfabnajwLxb1ZXMeIw"]},{"@type":"Person","@id":"https:\/\/www.padreeustaquio.com.br\/#\/schema\/person\/a2a51db1d00f1a7af0204a0f1ddb1566","name":"@sscc","image":{"@type":"ImageObject","inLanguage":"en-US","@id":"https:\/\/secure.gravatar.com\/avatar\/68cfafa5f44617fea54071e215026e0ff06be366c3d54a8425f04fdcb86f8c5f?s=96&d=mm&r=g","url":"https:\/\/secure.gravatar.com\/avatar\/68cfafa5f44617fea54071e215026e0ff06be366c3d54a8425f04fdcb86f8c5f?s=96&d=mm&r=g","contentUrl":"https:\/\/secure.gravatar.com\/avatar\/68cfafa5f44617fea54071e215026e0ff06be366c3d54a8425f04fdcb86f8c5f?s=96&d=mm&r=g","caption":"@sscc"},"url":"https:\/\/www.padreeustaquio.com.br\/en\/author\/sscc\/"}]}},"_links":{"self":[{"href":"https:\/\/www.padreeustaquio.com.br\/en\/wp-json\/wp\/v2\/posts\/4546","targetHints":{"allow":["GET"]}}],"collection":[{"href":"https:\/\/www.padreeustaquio.com.br\/en\/wp-json\/wp\/v2\/posts"}],"about":[{"href":"https:\/\/www.padreeustaquio.com.br\/en\/wp-json\/wp\/v2\/types\/post"}],"author":[{"embeddable":true,"href":"https:\/\/www.padreeustaquio.com.br\/en\/wp-json\/wp\/v2\/users\/2"}],"replies":[{"embeddable":true,"href":"https:\/\/www.padreeustaquio.com.br\/en\/wp-json\/wp\/v2\/comments?post=4546"}],"version-history":[{"count":0,"href":"https:\/\/www.padreeustaquio.com.br\/en\/wp-json\/wp\/v2\/posts\/4546\/revisions"}],"wp:featuredmedia":[{"embeddable":true,"href":"https:\/\/www.padreeustaquio.com.br\/en\/wp-json\/wp\/v2\/media\/4547"}],"wp:attachment":[{"href":"https:\/\/www.padreeustaquio.com.br\/en\/wp-json\/wp\/v2\/media?parent=4546"}],"wp:term":[{"taxonomy":"category","embeddable":true,"href":"https:\/\/www.padreeustaquio.com.br\/en\/wp-json\/wp\/v2\/categories?post=4546"},{"taxonomy":"post_tag","embeddable":true,"href":"https:\/\/www.padreeustaquio.com.br\/en\/wp-json\/wp\/v2\/tags?post=4546"}],"curies":[{"name":"wp","href":"https:\/\/api.w.org\/{rel}","templated":true}]}}