{"id":4526,"date":"2020-08-20T08:06:47","date_gmt":"2020-08-20T11:06:47","guid":{"rendered":"https:\/\/www.padreeustaquio.com.br\/?p=4526"},"modified":"2020-08-24T11:08:07","modified_gmt":"2020-08-24T14:08:07","slug":"the-77th-celebration-of-blessed-father-eustace-begins-this-friday-online","status":"publish","type":"post","link":"https:\/\/www.padreeustaquio.com.br\/en\/the-77th-celebration-of-blessed-father-eustace-begins-this-friday-online\/","title":{"rendered":"The 77th Feast of Blessed Father Eust\u00e1quio begins this Friday online."},"content":{"rendered":"<p>In 2020 we will have a different celebration, but with the same enthusiasm, faith and devotion. \u201cHealth and Peace\u201d demands care and distancing, therefore, the 77th Feast of Blessed Father Eust\u00e1quio will take place only online. This Friday, the 21st, the Novena to the Blessed begins, with the celebration of Holy Mass at 7 pm on the Padre Eust\u00e1quio YouTube Channel. Check out the full text of the vice-postulator of the Cause of Canonization with the program for this year&#039;s feast:<\/p>\n<p><em>\u201c&quot;Dear brothers and sisters.&quot;.<\/em><br \/>\n<em>Parishioners, friends, and all devotees of Blessed Father Eustace.<\/em><\/p>\n<p><em>The joy of celebrating August 30th unites and brings us together each year, despite its unique circumstances. <\/em><br \/>\n<em>2020 will always be remembered as a very special year, and that is how we will keep the flame of faith and love alive and burning. <\/em><br \/>\n<em>&quot;Always through the Padre Eust\u00e1quio Channel on YouTube, we will hold the Novena and Celebrations on the 30th. Starting August 21st, the masses and novenas during the week will be at 7 PM. On Saturday at 6 PM and on Sunday, including August 30th, we will have the 6 PM mass, presided over by Bishop Walmor and broadcast on TV Horizonte (in addition to the Padre Eust\u00e1quio Channel on YouTube). On the 29th, starting at 2 PM, we will hold a procession carrying the image of the Missionary of Health and Peace through the streets of the neighborhood, following the route that we will announce on social media. We will celebrate a beautiful feast united from our homes in a great family of brothers and sisters, missionary disciples, followers of Jesus Christ, inspired by the witness of Blessed Father Eust\u00e1quio. With Mary, Our Lady of the Abbey, let us enthusiastically prepare the celebrations of this August 30th, 2020. With hope and confidence, let us unite our prayer for his Canonization. Health and Peace.&quot;\u201d<\/em><\/p>\n<p><em>With affection and fond memories, Father Vinicius Maciel, ss.cc.<\/em><\/p>","protected":false},"excerpt":{"rendered":"<p>Em 2020 teremos uma comemora\u00e7\u00e3o diferente, mas com o mesmo entusiasmo, f\u00e9 e devo\u00e7\u00e3o. &#8220;Sa\u00fade e Paz&#8221; nos exige cuidado e distanciamento, por isso, a 77\u00aa Festa do Beato Padre Eust\u00e1quio vai ocorrer somente pela Internet. Nesta sexta-feira, dia 21, tem in\u00edcio a Novena ao Bem-Aventurado, com a celebra\u00e7\u00e3o da Santa Missa, \u00e0s 19h pelo Canal Padre Eust\u00e1quio do YouTube. Confira, na \u00edntegra, a palavra do vice-postulador da Causa de Canoniza\u00e7\u00e3o com a programa\u00e7\u00e3o da festa deste ano: &#8220;Queridos irm\u00e3os e irm\u00e3s. Paroquianos, amigos e todos os devotos do Beato Padre Eust\u00e1quio. A alegria da celebra\u00e7\u00e3o do 30 de agosto [&hellip;]<\/p>\n","protected":false},"author":2,"featured_media":4527,"comment_status":"open","ping_status":"open","sticky":false,"template":"","format":"standard","meta":{"_acf_changed":false,"footnotes":""},"categories":[611],"tags":[],"class_list":["post-4526","post","type-post","status-publish","format-standard","has-post-thumbnail","hentry","category-noticias"],"acf":[],"yoast_head":"<!-- This site is optimized with the Yoast SEO plugin v27.2 - https:\/\/yoast.com\/product\/yoast-seo-wordpress\/ -->\n<title>77\u00aa Festa do Beato Padre Eust\u00e1quio come\u00e7a nesta sexta-feira pela internet - Padre Eust\u00e1quio<\/title>\n<meta name=\"robots\" content=\"index, follow, max-snippet:-1, max-image-preview:large, max-video-preview:-1\" \/>\n<link rel=\"canonical\" href=\"https:\/\/www.padreeustaquio.com.br\/en\/the-77th-celebration-of-blessed-father-eustace-begins-this-friday-online\/\" \/>\n<meta property=\"og:locale\" content=\"en_US\" \/>\n<meta property=\"og:type\" content=\"article\" \/>\n<meta property=\"og:title\" content=\"77\u00aa Festa do Beato Padre Eust\u00e1quio come\u00e7a nesta sexta-feira pela internet - Padre Eust\u00e1quio\" \/>\n<meta property=\"og:description\" content=\"Em 2020 teremos uma comemora\u00e7\u00e3o diferente, mas com o mesmo entusiasmo, f\u00e9 e devo\u00e7\u00e3o. &#8220;Sa\u00fade e Paz&#8221; nos exige cuidado e distanciamento, por isso, a 77\u00aa Festa do Beato Padre Eust\u00e1quio vai ocorrer somente pela Internet. Nesta sexta-feira, dia 21, tem in\u00edcio a Novena ao Bem-Aventurado, com a celebra\u00e7\u00e3o da Santa Missa, \u00e0s 19h pelo Canal Padre Eust\u00e1quio do YouTube. Confira, na \u00edntegra, a palavra do vice-postulador da Causa de Canoniza\u00e7\u00e3o com a programa\u00e7\u00e3o da festa deste ano: &#8220;Queridos irm\u00e3os e irm\u00e3s. Paroquianos, amigos e todos os devotos do Beato Padre Eust\u00e1quio. A alegria da celebra\u00e7\u00e3o do 30 de agosto [&hellip;]\" \/>\n<meta property=\"og:url\" content=\"https:\/\/www.padreeustaquio.com.br\/en\/the-77th-celebration-of-blessed-father-eustace-begins-this-friday-online\/\" \/>\n<meta property=\"og:site_name\" content=\"Padre Eust\u00e1quio\" \/>\n<meta property=\"article:publisher\" content=\"https:\/\/www.facebook.com\/beatopadreeustaquio\/\" \/>\n<meta property=\"article:published_time\" content=\"2020-08-20T11:06:47+00:00\" \/>\n<meta property=\"article:modified_time\" content=\"2020-08-24T14:08:07+00:00\" \/>\n<meta property=\"og:image\" content=\"https:\/\/www.padreeustaquio.com.br\/wp-content\/uploads\/2020\/08\/VIGILIA-PASCAL-VIRTUAL.jpg\" \/>\n\t<meta property=\"og:image:width\" content=\"1280\" \/>\n\t<meta property=\"og:image:height\" content=\"960\" \/>\n\t<meta property=\"og:image:type\" content=\"image\/jpeg\" \/>\n<meta name=\"author\" content=\"@sscc\" \/>\n<meta name=\"twitter:card\" content=\"summary_large_image\" \/>\n<meta name=\"twitter:creator\" content=\"@beatopeustaquio\" \/>\n<meta name=\"twitter:site\" content=\"@beatopeustaquio\" \/>\n<meta name=\"twitter:label1\" content=\"Written by\" \/>\n\t<meta name=\"twitter:data1\" content=\"@sscc\" \/>\n\t<meta name=\"twitter:label2\" content=\"Est. reading time\" \/>\n\t<meta name=\"twitter:data2\" content=\"2 minutes\" \/>\n<script type=\"application\/ld+json\" class=\"yoast-schema-graph\">{\"@context\":\"https:\/\/schema.org\",\"@graph\":[{\"@type\":\"Article\",\"@id\":\"https:\/\/www.padreeustaquio.com.br\/77a-festa-do-beato-padre-eustaquio-comeca-nesta-sexta-feira-pela-internet\/#article\",\"isPartOf\":{\"@id\":\"https:\/\/www.padreeustaquio.com.br\/77a-festa-do-beato-padre-eustaquio-comeca-nesta-sexta-feira-pela-internet\/\"},\"author\":{\"name\":\"@sscc\",\"@id\":\"https:\/\/www.padreeustaquio.com.br\/#\/schema\/person\/a2a51db1d00f1a7af0204a0f1ddb1566\"},\"headline\":\"77\u00aa Festa do Beato Padre Eust\u00e1quio come\u00e7a nesta sexta-feira pela internet\",\"datePublished\":\"2020-08-20T11:06:47+00:00\",\"dateModified\":\"2020-08-24T14:08:07+00:00\",\"mainEntityOfPage\":{\"@id\":\"https:\/\/www.padreeustaquio.com.br\/77a-festa-do-beato-padre-eustaquio-comeca-nesta-sexta-feira-pela-internet\/\"},\"wordCount\":344,\"commentCount\":0,\"publisher\":{\"@id\":\"https:\/\/www.padreeustaquio.com.br\/#organization\"},\"image\":{\"@id\":\"https:\/\/www.padreeustaquio.com.br\/77a-festa-do-beato-padre-eustaquio-comeca-nesta-sexta-feira-pela-internet\/#primaryimage\"},\"thumbnailUrl\":\"https:\/\/www.padreeustaquio.com.br\/wp-content\/uploads\/2020\/08\/VIGILIA-PASCAL-VIRTUAL.jpg\",\"articleSection\":[\"Not\u00edcias\"],\"inLanguage\":\"en-US\",\"potentialAction\":[{\"@type\":\"CommentAction\",\"name\":\"Comment\",\"target\":[\"https:\/\/www.padreeustaquio.com.br\/77a-festa-do-beato-padre-eustaquio-comeca-nesta-sexta-feira-pela-internet\/#respond\"]}]},{\"@type\":\"WebPage\",\"@id\":\"https:\/\/www.padreeustaquio.com.br\/77a-festa-do-beato-padre-eustaquio-comeca-nesta-sexta-feira-pela-internet\/\",\"url\":\"https:\/\/www.padreeustaquio.com.br\/77a-festa-do-beato-padre-eustaquio-comeca-nesta-sexta-feira-pela-internet\/\",\"name\":\"77\u00aa Festa do Beato Padre Eust\u00e1quio come\u00e7a nesta sexta-feira pela internet - Padre Eust\u00e1quio\",\"isPartOf\":{\"@id\":\"https:\/\/www.padreeustaquio.com.br\/#website\"},\"primaryImageOfPage\":{\"@id\":\"https:\/\/www.padreeustaquio.com.br\/77a-festa-do-beato-padre-eustaquio-comeca-nesta-sexta-feira-pela-internet\/#primaryimage\"},\"image\":{\"@id\":\"https:\/\/www.padreeustaquio.com.br\/77a-festa-do-beato-padre-eustaquio-comeca-nesta-sexta-feira-pela-internet\/#primaryimage\"},\"thumbnailUrl\":\"https:\/\/www.padreeustaquio.com.br\/wp-content\/uploads\/2020\/08\/VIGILIA-PASCAL-VIRTUAL.jpg\",\"datePublished\":\"2020-08-20T11:06:47+00:00\",\"dateModified\":\"2020-08-24T14:08:07+00:00\",\"breadcrumb\":{\"@id\":\"https:\/\/www.padreeustaquio.com.br\/77a-festa-do-beato-padre-eustaquio-comeca-nesta-sexta-feira-pela-internet\/#breadcrumb\"},\"inLanguage\":\"en-US\",\"potentialAction\":[{\"@type\":\"ReadAction\",\"target\":[\"https:\/\/www.padreeustaquio.com.br\/77a-festa-do-beato-padre-eustaquio-comeca-nesta-sexta-feira-pela-internet\/\"]}]},{\"@type\":\"ImageObject\",\"inLanguage\":\"en-US\",\"@id\":\"https:\/\/www.padreeustaquio.com.br\/77a-festa-do-beato-padre-eustaquio-comeca-nesta-sexta-feira-pela-internet\/#primaryimage\",\"url\":\"https:\/\/www.padreeustaquio.com.br\/wp-content\/uploads\/2020\/08\/VIGILIA-PASCAL-VIRTUAL.jpg\",\"contentUrl\":\"https:\/\/www.padreeustaquio.com.br\/wp-content\/uploads\/2020\/08\/VIGILIA-PASCAL-VIRTUAL.jpg\",\"width\":1280,\"height\":960,\"caption\":\"Festa do Beato Padre Eust\u00e1quio pela internet\"},{\"@type\":\"BreadcrumbList\",\"@id\":\"https:\/\/www.padreeustaquio.com.br\/77a-festa-do-beato-padre-eustaquio-comeca-nesta-sexta-feira-pela-internet\/#breadcrumb\",\"itemListElement\":[{\"@type\":\"ListItem\",\"position\":1,\"name\":\"In\u00edcio\",\"item\":\"https:\/\/www.padreeustaquio.com.br\/\"},{\"@type\":\"ListItem\",\"position\":2,\"name\":\"77\u00aa Festa do Beato Padre Eust\u00e1quio come\u00e7a nesta sexta-feira pela internet\"}]},{\"@type\":\"WebSite\",\"@id\":\"https:\/\/www.padreeustaquio.com.br\/#website\",\"url\":\"https:\/\/www.padreeustaquio.com.br\/\",\"name\":\"Padre Eust\u00e1quio\",\"description\":\"Sa\u00fade e Paz\",\"publisher\":{\"@id\":\"https:\/\/www.padreeustaquio.com.br\/#organization\"},\"potentialAction\":[{\"@type\":\"SearchAction\",\"target\":{\"@type\":\"EntryPoint\",\"urlTemplate\":\"https:\/\/www.padreeustaquio.com.br\/?s={search_term_string}\"},\"query-input\":{\"@type\":\"PropertyValueSpecification\",\"valueRequired\":true,\"valueName\":\"search_term_string\"}}],\"inLanguage\":\"en-US\"},{\"@type\":\"Organization\",\"@id\":\"https:\/\/www.padreeustaquio.com.br\/#organization\",\"name\":\"Padre Eust\u00e1quio\",\"url\":\"https:\/\/www.padreeustaquio.com.br\/\",\"logo\":{\"@type\":\"ImageObject\",\"inLanguage\":\"en-US\",\"@id\":\"https:\/\/www.padreeustaquio.com.br\/#\/schema\/logo\/image\/\",\"url\":\"https:\/\/www.padreeustaquio.com.br\/wp-content\/uploads\/2019\/08\/marca.png\",\"contentUrl\":\"https:\/\/www.padreeustaquio.com.br\/wp-content\/uploads\/2019\/08\/marca.png\",\"width\":350,\"height\":400,\"caption\":\"Padre Eust\u00e1quio\"},\"image\":{\"@id\":\"https:\/\/www.padreeustaquio.com.br\/#\/schema\/logo\/image\/\"},\"sameAs\":[\"https:\/\/www.facebook.com\/beatopadreeustaquio\/\",\"https:\/\/x.com\/beatopeustaquio\",\"https:\/\/www.instagram.com\/beatopadreeustaquio\/\",\"https:\/\/www.youtube.com\/channel\/UCRhw7vfabnajwLxb1ZXMeIw\"]},{\"@type\":\"Person\",\"@id\":\"https:\/\/www.padreeustaquio.com.br\/#\/schema\/person\/a2a51db1d00f1a7af0204a0f1ddb1566\",\"name\":\"@sscc\",\"image\":{\"@type\":\"ImageObject\",\"inLanguage\":\"en-US\",\"@id\":\"https:\/\/secure.gravatar.com\/avatar\/68cfafa5f44617fea54071e215026e0ff06be366c3d54a8425f04fdcb86f8c5f?s=96&d=mm&r=g\",\"url\":\"https:\/\/secure.gravatar.com\/avatar\/68cfafa5f44617fea54071e215026e0ff06be366c3d54a8425f04fdcb86f8c5f?s=96&d=mm&r=g\",\"contentUrl\":\"https:\/\/secure.gravatar.com\/avatar\/68cfafa5f44617fea54071e215026e0ff06be366c3d54a8425f04fdcb86f8c5f?s=96&d=mm&r=g\",\"caption\":\"@sscc\"},\"url\":\"https:\/\/www.padreeustaquio.com.br\/en\/author\/sscc\/\"}]}<\/script>\n<!-- \/ Yoast SEO plugin. -->","yoast_head_json":{"title":"The 77th Feast of Blessed Father Eustace begins this Friday online - Father Eustace","robots":{"index":"index","follow":"follow","max-snippet":"max-snippet:-1","max-image-preview":"max-image-preview:large","max-video-preview":"max-video-preview:-1"},"canonical":"https:\/\/www.padreeustaquio.com.br\/en\/the-77th-celebration-of-blessed-father-eustace-begins-this-friday-online\/","og_locale":"en_US","og_type":"article","og_title":"77\u00aa Festa do Beato Padre Eust\u00e1quio come\u00e7a nesta sexta-feira pela internet - Padre Eust\u00e1quio","og_description":"Em 2020 teremos uma comemora\u00e7\u00e3o diferente, mas com o mesmo entusiasmo, f\u00e9 e devo\u00e7\u00e3o. &#8220;Sa\u00fade e Paz&#8221; nos exige cuidado e distanciamento, por isso, a 77\u00aa Festa do Beato Padre Eust\u00e1quio vai ocorrer somente pela Internet. Nesta sexta-feira, dia 21, tem in\u00edcio a Novena ao Bem-Aventurado, com a celebra\u00e7\u00e3o da Santa Missa, \u00e0s 19h pelo Canal Padre Eust\u00e1quio do YouTube. Confira, na \u00edntegra, a palavra do vice-postulador da Causa de Canoniza\u00e7\u00e3o com a programa\u00e7\u00e3o da festa deste ano: &#8220;Queridos irm\u00e3os e irm\u00e3s. Paroquianos, amigos e todos os devotos do Beato Padre Eust\u00e1quio. A alegria da celebra\u00e7\u00e3o do 30 de agosto [&hellip;]","og_url":"https:\/\/www.padreeustaquio.com.br\/en\/the-77th-celebration-of-blessed-father-eustace-begins-this-friday-online\/","og_site_name":"Padre Eust\u00e1quio","article_publisher":"https:\/\/www.facebook.com\/beatopadreeustaquio\/","article_published_time":"2020-08-20T11:06:47+00:00","article_modified_time":"2020-08-24T14:08:07+00:00","og_image":[{"width":1280,"height":960,"url":"https:\/\/www.padreeustaquio.com.br\/wp-content\/uploads\/2020\/08\/VIGILIA-PASCAL-VIRTUAL.jpg","type":"image\/jpeg"}],"author":"@sscc","twitter_card":"summary_large_image","twitter_creator":"@beatopeustaquio","twitter_site":"@beatopeustaquio","twitter_misc":{"Written by":"@sscc","Est. reading time":"2 minutes"},"schema":{"@context":"https:\/\/schema.org","@graph":[{"@type":"Article","@id":"https:\/\/www.padreeustaquio.com.br\/77a-festa-do-beato-padre-eustaquio-comeca-nesta-sexta-feira-pela-internet\/#article","isPartOf":{"@id":"https:\/\/www.padreeustaquio.com.br\/77a-festa-do-beato-padre-eustaquio-comeca-nesta-sexta-feira-pela-internet\/"},"author":{"name":"@sscc","@id":"https:\/\/www.padreeustaquio.com.br\/#\/schema\/person\/a2a51db1d00f1a7af0204a0f1ddb1566"},"headline":"77\u00aa Festa do Beato Padre Eust\u00e1quio come\u00e7a nesta sexta-feira pela internet","datePublished":"2020-08-20T11:06:47+00:00","dateModified":"2020-08-24T14:08:07+00:00","mainEntityOfPage":{"@id":"https:\/\/www.padreeustaquio.com.br\/77a-festa-do-beato-padre-eustaquio-comeca-nesta-sexta-feira-pela-internet\/"},"wordCount":344,"commentCount":0,"publisher":{"@id":"https:\/\/www.padreeustaquio.com.br\/#organization"},"image":{"@id":"https:\/\/www.padreeustaquio.com.br\/77a-festa-do-beato-padre-eustaquio-comeca-nesta-sexta-feira-pela-internet\/#primaryimage"},"thumbnailUrl":"https:\/\/www.padreeustaquio.com.br\/wp-content\/uploads\/2020\/08\/VIGILIA-PASCAL-VIRTUAL.jpg","articleSection":["Not\u00edcias"],"inLanguage":"en-US","potentialAction":[{"@type":"CommentAction","name":"Comment","target":["https:\/\/www.padreeustaquio.com.br\/77a-festa-do-beato-padre-eustaquio-comeca-nesta-sexta-feira-pela-internet\/#respond"]}]},{"@type":"WebPage","@id":"https:\/\/www.padreeustaquio.com.br\/77a-festa-do-beato-padre-eustaquio-comeca-nesta-sexta-feira-pela-internet\/","url":"https:\/\/www.padreeustaquio.com.br\/77a-festa-do-beato-padre-eustaquio-comeca-nesta-sexta-feira-pela-internet\/","name":"The 77th Feast of Blessed Father Eustace begins this Friday online - Father Eustace","isPartOf":{"@id":"https:\/\/www.padreeustaquio.com.br\/#website"},"primaryImageOfPage":{"@id":"https:\/\/www.padreeustaquio.com.br\/77a-festa-do-beato-padre-eustaquio-comeca-nesta-sexta-feira-pela-internet\/#primaryimage"},"image":{"@id":"https:\/\/www.padreeustaquio.com.br\/77a-festa-do-beato-padre-eustaquio-comeca-nesta-sexta-feira-pela-internet\/#primaryimage"},"thumbnailUrl":"https:\/\/www.padreeustaquio.com.br\/wp-content\/uploads\/2020\/08\/VIGILIA-PASCAL-VIRTUAL.jpg","datePublished":"2020-08-20T11:06:47+00:00","dateModified":"2020-08-24T14:08:07+00:00","breadcrumb":{"@id":"https:\/\/www.padreeustaquio.com.br\/77a-festa-do-beato-padre-eustaquio-comeca-nesta-sexta-feira-pela-internet\/#breadcrumb"},"inLanguage":"en-US","potentialAction":[{"@type":"ReadAction","target":["https:\/\/www.padreeustaquio.com.br\/77a-festa-do-beato-padre-eustaquio-comeca-nesta-sexta-feira-pela-internet\/"]}]},{"@type":"ImageObject","inLanguage":"en-US","@id":"https:\/\/www.padreeustaquio.com.br\/77a-festa-do-beato-padre-eustaquio-comeca-nesta-sexta-feira-pela-internet\/#primaryimage","url":"https:\/\/www.padreeustaquio.com.br\/wp-content\/uploads\/2020\/08\/VIGILIA-PASCAL-VIRTUAL.jpg","contentUrl":"https:\/\/www.padreeustaquio.com.br\/wp-content\/uploads\/2020\/08\/VIGILIA-PASCAL-VIRTUAL.jpg","width":1280,"height":960,"caption":"Festa do Beato Padre Eust\u00e1quio pela internet"},{"@type":"BreadcrumbList","@id":"https:\/\/www.padreeustaquio.com.br\/77a-festa-do-beato-padre-eustaquio-comeca-nesta-sexta-feira-pela-internet\/#breadcrumb","itemListElement":[{"@type":"ListItem","position":1,"name":"In\u00edcio","item":"https:\/\/www.padreeustaquio.com.br\/"},{"@type":"ListItem","position":2,"name":"77\u00aa Festa do Beato Padre Eust\u00e1quio come\u00e7a nesta sexta-feira pela internet"}]},{"@type":"WebSite","@id":"https:\/\/www.padreeustaquio.com.br\/#website","url":"https:\/\/www.padreeustaquio.com.br\/","name":"FATHER EUST\u00c1QUIO","description":"Health and Peace","publisher":{"@id":"https:\/\/www.padreeustaquio.com.br\/#organization"},"potentialAction":[{"@type":"SearchAction","target":{"@type":"EntryPoint","urlTemplate":"https:\/\/www.padreeustaquio.com.br\/?s={search_term_string}"},"query-input":{"@type":"PropertyValueSpecification","valueRequired":true,"valueName":"search_term_string"}}],"inLanguage":"en-US"},{"@type":"Organization","@id":"https:\/\/www.padreeustaquio.com.br\/#organization","name":"FATHER EUST\u00c1QUIO","url":"https:\/\/www.padreeustaquio.com.br\/","logo":{"@type":"ImageObject","inLanguage":"en-US","@id":"https:\/\/www.padreeustaquio.com.br\/#\/schema\/logo\/image\/","url":"https:\/\/www.padreeustaquio.com.br\/wp-content\/uploads\/2019\/08\/marca.png","contentUrl":"https:\/\/www.padreeustaquio.com.br\/wp-content\/uploads\/2019\/08\/marca.png","width":350,"height":400,"caption":"Padre Eust\u00e1quio"},"image":{"@id":"https:\/\/www.padreeustaquio.com.br\/#\/schema\/logo\/image\/"},"sameAs":["https:\/\/www.facebook.com\/beatopadreeustaquio\/","https:\/\/x.com\/beatopeustaquio","https:\/\/www.instagram.com\/beatopadreeustaquio\/","https:\/\/www.youtube.com\/channel\/UCRhw7vfabnajwLxb1ZXMeIw"]},{"@type":"Person","@id":"https:\/\/www.padreeustaquio.com.br\/#\/schema\/person\/a2a51db1d00f1a7af0204a0f1ddb1566","name":"@sscc","image":{"@type":"ImageObject","inLanguage":"en-US","@id":"https:\/\/secure.gravatar.com\/avatar\/68cfafa5f44617fea54071e215026e0ff06be366c3d54a8425f04fdcb86f8c5f?s=96&d=mm&r=g","url":"https:\/\/secure.gravatar.com\/avatar\/68cfafa5f44617fea54071e215026e0ff06be366c3d54a8425f04fdcb86f8c5f?s=96&d=mm&r=g","contentUrl":"https:\/\/secure.gravatar.com\/avatar\/68cfafa5f44617fea54071e215026e0ff06be366c3d54a8425f04fdcb86f8c5f?s=96&d=mm&r=g","caption":"@sscc"},"url":"https:\/\/www.padreeustaquio.com.br\/en\/author\/sscc\/"}]}},"_links":{"self":[{"href":"https:\/\/www.padreeustaquio.com.br\/en\/wp-json\/wp\/v2\/posts\/4526","targetHints":{"allow":["GET"]}}],"collection":[{"href":"https:\/\/www.padreeustaquio.com.br\/en\/wp-json\/wp\/v2\/posts"}],"about":[{"href":"https:\/\/www.padreeustaquio.com.br\/en\/wp-json\/wp\/v2\/types\/post"}],"author":[{"embeddable":true,"href":"https:\/\/www.padreeustaquio.com.br\/en\/wp-json\/wp\/v2\/users\/2"}],"replies":[{"embeddable":true,"href":"https:\/\/www.padreeustaquio.com.br\/en\/wp-json\/wp\/v2\/comments?post=4526"}],"version-history":[{"count":0,"href":"https:\/\/www.padreeustaquio.com.br\/en\/wp-json\/wp\/v2\/posts\/4526\/revisions"}],"wp:featuredmedia":[{"embeddable":true,"href":"https:\/\/www.padreeustaquio.com.br\/en\/wp-json\/wp\/v2\/media\/4527"}],"wp:attachment":[{"href":"https:\/\/www.padreeustaquio.com.br\/en\/wp-json\/wp\/v2\/media?parent=4526"}],"wp:term":[{"taxonomy":"category","embeddable":true,"href":"https:\/\/www.padreeustaquio.com.br\/en\/wp-json\/wp\/v2\/categories?post=4526"},{"taxonomy":"post_tag","embeddable":true,"href":"https:\/\/www.padreeustaquio.com.br\/en\/wp-json\/wp\/v2\/tags?post=4526"}],"curies":[{"name":"wp","href":"https:\/\/api.w.org\/{rel}","templated":true}]}}