{"id":4515,"date":"2020-08-11T11:01:27","date_gmt":"2020-08-11T14:01:27","guid":{"rendered":"https:\/\/www.padreeustaquio.com.br\/?p=4515"},"modified":"2021-01-16T12:03:33","modified_gmt":"2021-01-16T15:03:33","slug":"church-concludes-father-eustaquios-priestly-year-online","status":"publish","type":"post","link":"https:\/\/www.padreeustaquio.com.br\/en\/church-concludes-father-eustaquios-priestly-year-online\/","title":{"rendered":"The Church concludes Father Eust\u00e1quio&#039;s Year of Priesthood online."},"content":{"rendered":"<p>A year ago, the Metropolitan Archbishop of Belo Horizonte, Dom Walmor Oliveira de Azevedo, granted devotees of Blessed Father Eust\u00e1quio one year of indulgences for the Blessed Father&#039;s Year of Priesthood. As this period draws to a close, let us pray for vocations throughout the world! The photos show Father Eust\u00e1quio celebrating Mass in the mid-1930s and the Decree of Indulgence signed by the archbishop.<\/p>\n<p>The document provides for the granting of indulgence to the faithful who participated in the jubilee celebrations of the 100th anniversary of Father Eust\u00e1quio&#039;s priestly ordination, up to August 10th. On this last day, pray for vocations around the world; we suggest an Our Father and a Hail Mary!<\/p>\n<p>Blessed Father Eustace, pray for us!<\/p>","protected":false},"excerpt":{"rendered":"<p>H\u00e1 um ano o Arcebispo Metropolitano de Belo Horizonte, Dom Walmor Oliveira de Azevedo concedia, aos devotos do Beato Padre Eust\u00e1quio, 1 ano de indulg\u00eancias pelo Ano Sacerdotal do Bem-Aventurado. Chegando ao fim desse per\u00edodo, vamos rezar pelas voca\u00e7\u00f5es no mundo todo! Nas fotos, Padre Eust\u00e1quio celebrando em meados de 1930 e o Decreto de Indulg\u00eancia assinado pelo arcebispo. O documento prev\u00ea a concess\u00e3o da indulg\u00eancia aos fi\u00e9is que parciparam das comemora\u00e7\u00f5es jubilares dos 100 anos de Ordena\u00e7\u00e3o Sacerdotal de Padre Eust\u00e1quio, at\u00e9 o dia 10 de agosto. Neste \u00faltimo dia, reze pelas voca\u00e7\u00f5es pelo mundo, sugerimos um Pai-Nosso e [&hellip;]<\/p>\n","protected":false},"author":2,"featured_media":4516,"comment_status":"open","ping_status":"open","sticky":false,"template":"","format":"standard","meta":{"_acf_changed":false,"footnotes":""},"categories":[611],"tags":[],"class_list":["post-4515","post","type-post","status-publish","format-standard","has-post-thumbnail","hentry","category-noticias"],"acf":[],"yoast_head":"<!-- This site is optimized with the Yoast SEO plugin v27.2 - https:\/\/yoast.com\/product\/yoast-seo-wordpress\/ -->\n<title>Igreja encerra Ano Sacerdotal de Padre Eust\u00e1quio de forma online - Padre Eust\u00e1quio<\/title>\n<meta name=\"robots\" content=\"index, follow, max-snippet:-1, max-image-preview:large, max-video-preview:-1\" \/>\n<link rel=\"canonical\" href=\"https:\/\/www.padreeustaquio.com.br\/en\/church-concludes-father-eustaquios-priestly-year-online\/\" \/>\n<meta property=\"og:locale\" content=\"en_US\" \/>\n<meta property=\"og:type\" content=\"article\" \/>\n<meta property=\"og:title\" content=\"Igreja encerra Ano Sacerdotal de Padre Eust\u00e1quio de forma online - Padre Eust\u00e1quio\" \/>\n<meta property=\"og:description\" content=\"H\u00e1 um ano o Arcebispo Metropolitano de Belo Horizonte, Dom Walmor Oliveira de Azevedo concedia, aos devotos do Beato Padre Eust\u00e1quio, 1 ano de indulg\u00eancias pelo Ano Sacerdotal do Bem-Aventurado. Chegando ao fim desse per\u00edodo, vamos rezar pelas voca\u00e7\u00f5es no mundo todo! Nas fotos, Padre Eust\u00e1quio celebrando em meados de 1930 e o Decreto de Indulg\u00eancia assinado pelo arcebispo. O documento prev\u00ea a concess\u00e3o da indulg\u00eancia aos fi\u00e9is que parciparam das comemora\u00e7\u00f5es jubilares dos 100 anos de Ordena\u00e7\u00e3o Sacerdotal de Padre Eust\u00e1quio, at\u00e9 o dia 10 de agosto. Neste \u00faltimo dia, reze pelas voca\u00e7\u00f5es pelo mundo, sugerimos um Pai-Nosso e [&hellip;]\" \/>\n<meta property=\"og:url\" content=\"https:\/\/www.padreeustaquio.com.br\/en\/church-concludes-father-eustaquios-priestly-year-online\/\" \/>\n<meta property=\"og:site_name\" content=\"Padre Eust\u00e1quio\" \/>\n<meta property=\"article:publisher\" content=\"https:\/\/www.facebook.com\/beatopadreeustaquio\/\" \/>\n<meta property=\"article:published_time\" content=\"2020-08-11T14:01:27+00:00\" \/>\n<meta property=\"article:modified_time\" content=\"2021-01-16T15:03:33+00:00\" \/>\n<meta property=\"og:image\" content=\"https:\/\/www.padreeustaquio.com.br\/wp-content\/uploads\/2020\/08\/FIM-DA-IDULGENCIA.jpg\" \/>\n\t<meta property=\"og:image:width\" content=\"748\" \/>\n\t<meta property=\"og:image:height\" content=\"394\" \/>\n\t<meta property=\"og:image:type\" content=\"image\/jpeg\" \/>\n<meta name=\"author\" content=\"@sscc\" \/>\n<meta name=\"twitter:card\" content=\"summary_large_image\" \/>\n<meta name=\"twitter:creator\" content=\"@beatopeustaquio\" \/>\n<meta name=\"twitter:site\" content=\"@beatopeustaquio\" \/>\n<meta name=\"twitter:label1\" content=\"Written by\" \/>\n\t<meta name=\"twitter:data1\" content=\"@sscc\" \/>\n\t<meta name=\"twitter:label2\" content=\"Est. reading time\" \/>\n\t<meta name=\"twitter:data2\" content=\"1 minute\" \/>\n<script type=\"application\/ld+json\" class=\"yoast-schema-graph\">{\"@context\":\"https:\/\/schema.org\",\"@graph\":[{\"@type\":\"Article\",\"@id\":\"https:\/\/www.padreeustaquio.com.br\/igreja_encerra_ano_sacerdotal_de_padre_eustaquio_de_forma_online\/#article\",\"isPartOf\":{\"@id\":\"https:\/\/www.padreeustaquio.com.br\/igreja_encerra_ano_sacerdotal_de_padre_eustaquio_de_forma_online\/\"},\"author\":{\"name\":\"@sscc\",\"@id\":\"https:\/\/www.padreeustaquio.com.br\/#\/schema\/person\/a2a51db1d00f1a7af0204a0f1ddb1566\"},\"headline\":\"Igreja encerra Ano Sacerdotal de Padre Eust\u00e1quio de forma online\",\"datePublished\":\"2020-08-11T14:01:27+00:00\",\"dateModified\":\"2021-01-16T15:03:33+00:00\",\"mainEntityOfPage\":{\"@id\":\"https:\/\/www.padreeustaquio.com.br\/igreja_encerra_ano_sacerdotal_de_padre_eustaquio_de_forma_online\/\"},\"wordCount\":130,\"commentCount\":0,\"publisher\":{\"@id\":\"https:\/\/www.padreeustaquio.com.br\/#organization\"},\"image\":{\"@id\":\"https:\/\/www.padreeustaquio.com.br\/igreja_encerra_ano_sacerdotal_de_padre_eustaquio_de_forma_online\/#primaryimage\"},\"thumbnailUrl\":\"https:\/\/www.padreeustaquio.com.br\/wp-content\/uploads\/2020\/08\/FIM-DA-IDULGENCIA.jpg\",\"articleSection\":[\"Not\u00edcias\"],\"inLanguage\":\"en-US\",\"potentialAction\":[{\"@type\":\"CommentAction\",\"name\":\"Comment\",\"target\":[\"https:\/\/www.padreeustaquio.com.br\/igreja_encerra_ano_sacerdotal_de_padre_eustaquio_de_forma_online\/#respond\"]}]},{\"@type\":\"WebPage\",\"@id\":\"https:\/\/www.padreeustaquio.com.br\/igreja_encerra_ano_sacerdotal_de_padre_eustaquio_de_forma_online\/\",\"url\":\"https:\/\/www.padreeustaquio.com.br\/igreja_encerra_ano_sacerdotal_de_padre_eustaquio_de_forma_online\/\",\"name\":\"Igreja encerra Ano Sacerdotal de Padre Eust\u00e1quio de forma online - Padre Eust\u00e1quio\",\"isPartOf\":{\"@id\":\"https:\/\/www.padreeustaquio.com.br\/#website\"},\"primaryImageOfPage\":{\"@id\":\"https:\/\/www.padreeustaquio.com.br\/igreja_encerra_ano_sacerdotal_de_padre_eustaquio_de_forma_online\/#primaryimage\"},\"image\":{\"@id\":\"https:\/\/www.padreeustaquio.com.br\/igreja_encerra_ano_sacerdotal_de_padre_eustaquio_de_forma_online\/#primaryimage\"},\"thumbnailUrl\":\"https:\/\/www.padreeustaquio.com.br\/wp-content\/uploads\/2020\/08\/FIM-DA-IDULGENCIA.jpg\",\"datePublished\":\"2020-08-11T14:01:27+00:00\",\"dateModified\":\"2021-01-16T15:03:33+00:00\",\"breadcrumb\":{\"@id\":\"https:\/\/www.padreeustaquio.com.br\/igreja_encerra_ano_sacerdotal_de_padre_eustaquio_de_forma_online\/#breadcrumb\"},\"inLanguage\":\"en-US\",\"potentialAction\":[{\"@type\":\"ReadAction\",\"target\":[\"https:\/\/www.padreeustaquio.com.br\/igreja_encerra_ano_sacerdotal_de_padre_eustaquio_de_forma_online\/\"]}]},{\"@type\":\"ImageObject\",\"inLanguage\":\"en-US\",\"@id\":\"https:\/\/www.padreeustaquio.com.br\/igreja_encerra_ano_sacerdotal_de_padre_eustaquio_de_forma_online\/#primaryimage\",\"url\":\"https:\/\/www.padreeustaquio.com.br\/wp-content\/uploads\/2020\/08\/FIM-DA-IDULGENCIA.jpg\",\"contentUrl\":\"https:\/\/www.padreeustaquio.com.br\/wp-content\/uploads\/2020\/08\/FIM-DA-IDULGENCIA.jpg\",\"width\":748,\"height\":394},{\"@type\":\"BreadcrumbList\",\"@id\":\"https:\/\/www.padreeustaquio.com.br\/igreja_encerra_ano_sacerdotal_de_padre_eustaquio_de_forma_online\/#breadcrumb\",\"itemListElement\":[{\"@type\":\"ListItem\",\"position\":1,\"name\":\"In\u00edcio\",\"item\":\"https:\/\/www.padreeustaquio.com.br\/\"},{\"@type\":\"ListItem\",\"position\":2,\"name\":\"Igreja encerra Ano Sacerdotal de Padre Eust\u00e1quio de forma online\"}]},{\"@type\":\"WebSite\",\"@id\":\"https:\/\/www.padreeustaquio.com.br\/#website\",\"url\":\"https:\/\/www.padreeustaquio.com.br\/\",\"name\":\"Padre Eust\u00e1quio\",\"description\":\"Sa\u00fade e Paz\",\"publisher\":{\"@id\":\"https:\/\/www.padreeustaquio.com.br\/#organization\"},\"potentialAction\":[{\"@type\":\"SearchAction\",\"target\":{\"@type\":\"EntryPoint\",\"urlTemplate\":\"https:\/\/www.padreeustaquio.com.br\/?s={search_term_string}\"},\"query-input\":{\"@type\":\"PropertyValueSpecification\",\"valueRequired\":true,\"valueName\":\"search_term_string\"}}],\"inLanguage\":\"en-US\"},{\"@type\":\"Organization\",\"@id\":\"https:\/\/www.padreeustaquio.com.br\/#organization\",\"name\":\"Padre Eust\u00e1quio\",\"url\":\"https:\/\/www.padreeustaquio.com.br\/\",\"logo\":{\"@type\":\"ImageObject\",\"inLanguage\":\"en-US\",\"@id\":\"https:\/\/www.padreeustaquio.com.br\/#\/schema\/logo\/image\/\",\"url\":\"https:\/\/www.padreeustaquio.com.br\/wp-content\/uploads\/2019\/08\/marca.png\",\"contentUrl\":\"https:\/\/www.padreeustaquio.com.br\/wp-content\/uploads\/2019\/08\/marca.png\",\"width\":350,\"height\":400,\"caption\":\"Padre Eust\u00e1quio\"},\"image\":{\"@id\":\"https:\/\/www.padreeustaquio.com.br\/#\/schema\/logo\/image\/\"},\"sameAs\":[\"https:\/\/www.facebook.com\/beatopadreeustaquio\/\",\"https:\/\/x.com\/beatopeustaquio\",\"https:\/\/www.instagram.com\/beatopadreeustaquio\/\",\"https:\/\/www.youtube.com\/channel\/UCRhw7vfabnajwLxb1ZXMeIw\"]},{\"@type\":\"Person\",\"@id\":\"https:\/\/www.padreeustaquio.com.br\/#\/schema\/person\/a2a51db1d00f1a7af0204a0f1ddb1566\",\"name\":\"@sscc\",\"image\":{\"@type\":\"ImageObject\",\"inLanguage\":\"en-US\",\"@id\":\"https:\/\/secure.gravatar.com\/avatar\/68cfafa5f44617fea54071e215026e0ff06be366c3d54a8425f04fdcb86f8c5f?s=96&d=mm&r=g\",\"url\":\"https:\/\/secure.gravatar.com\/avatar\/68cfafa5f44617fea54071e215026e0ff06be366c3d54a8425f04fdcb86f8c5f?s=96&d=mm&r=g\",\"contentUrl\":\"https:\/\/secure.gravatar.com\/avatar\/68cfafa5f44617fea54071e215026e0ff06be366c3d54a8425f04fdcb86f8c5f?s=96&d=mm&r=g\",\"caption\":\"@sscc\"},\"url\":\"https:\/\/www.padreeustaquio.com.br\/en\/author\/sscc\/\"}]}<\/script>\n<!-- \/ Yoast SEO plugin. -->","yoast_head_json":{"title":"The Church concludes Father Eust\u00e1quio&#039;s Year of Priesthood online - Father Eust\u00e1quio","robots":{"index":"index","follow":"follow","max-snippet":"max-snippet:-1","max-image-preview":"max-image-preview:large","max-video-preview":"max-video-preview:-1"},"canonical":"https:\/\/www.padreeustaquio.com.br\/en\/church-concludes-father-eustaquios-priestly-year-online\/","og_locale":"en_US","og_type":"article","og_title":"Igreja encerra Ano Sacerdotal de Padre Eust\u00e1quio de forma online - Padre Eust\u00e1quio","og_description":"H\u00e1 um ano o Arcebispo Metropolitano de Belo Horizonte, Dom Walmor Oliveira de Azevedo concedia, aos devotos do Beato Padre Eust\u00e1quio, 1 ano de indulg\u00eancias pelo Ano Sacerdotal do Bem-Aventurado. Chegando ao fim desse per\u00edodo, vamos rezar pelas voca\u00e7\u00f5es no mundo todo! Nas fotos, Padre Eust\u00e1quio celebrando em meados de 1930 e o Decreto de Indulg\u00eancia assinado pelo arcebispo. O documento prev\u00ea a concess\u00e3o da indulg\u00eancia aos fi\u00e9is que parciparam das comemora\u00e7\u00f5es jubilares dos 100 anos de Ordena\u00e7\u00e3o Sacerdotal de Padre Eust\u00e1quio, at\u00e9 o dia 10 de agosto. Neste \u00faltimo dia, reze pelas voca\u00e7\u00f5es pelo mundo, sugerimos um Pai-Nosso e [&hellip;]","og_url":"https:\/\/www.padreeustaquio.com.br\/en\/church-concludes-father-eustaquios-priestly-year-online\/","og_site_name":"Padre Eust\u00e1quio","article_publisher":"https:\/\/www.facebook.com\/beatopadreeustaquio\/","article_published_time":"2020-08-11T14:01:27+00:00","article_modified_time":"2021-01-16T15:03:33+00:00","og_image":[{"width":748,"height":394,"url":"https:\/\/www.padreeustaquio.com.br\/wp-content\/uploads\/2020\/08\/FIM-DA-IDULGENCIA.jpg","type":"image\/jpeg"}],"author":"@sscc","twitter_card":"summary_large_image","twitter_creator":"@beatopeustaquio","twitter_site":"@beatopeustaquio","twitter_misc":{"Written by":"@sscc","Est. reading time":"1 minute"},"schema":{"@context":"https:\/\/schema.org","@graph":[{"@type":"Article","@id":"https:\/\/www.padreeustaquio.com.br\/igreja_encerra_ano_sacerdotal_de_padre_eustaquio_de_forma_online\/#article","isPartOf":{"@id":"https:\/\/www.padreeustaquio.com.br\/igreja_encerra_ano_sacerdotal_de_padre_eustaquio_de_forma_online\/"},"author":{"name":"@sscc","@id":"https:\/\/www.padreeustaquio.com.br\/#\/schema\/person\/a2a51db1d00f1a7af0204a0f1ddb1566"},"headline":"Igreja encerra Ano Sacerdotal de Padre Eust\u00e1quio de forma online","datePublished":"2020-08-11T14:01:27+00:00","dateModified":"2021-01-16T15:03:33+00:00","mainEntityOfPage":{"@id":"https:\/\/www.padreeustaquio.com.br\/igreja_encerra_ano_sacerdotal_de_padre_eustaquio_de_forma_online\/"},"wordCount":130,"commentCount":0,"publisher":{"@id":"https:\/\/www.padreeustaquio.com.br\/#organization"},"image":{"@id":"https:\/\/www.padreeustaquio.com.br\/igreja_encerra_ano_sacerdotal_de_padre_eustaquio_de_forma_online\/#primaryimage"},"thumbnailUrl":"https:\/\/www.padreeustaquio.com.br\/wp-content\/uploads\/2020\/08\/FIM-DA-IDULGENCIA.jpg","articleSection":["Not\u00edcias"],"inLanguage":"en-US","potentialAction":[{"@type":"CommentAction","name":"Comment","target":["https:\/\/www.padreeustaquio.com.br\/igreja_encerra_ano_sacerdotal_de_padre_eustaquio_de_forma_online\/#respond"]}]},{"@type":"WebPage","@id":"https:\/\/www.padreeustaquio.com.br\/igreja_encerra_ano_sacerdotal_de_padre_eustaquio_de_forma_online\/","url":"https:\/\/www.padreeustaquio.com.br\/igreja_encerra_ano_sacerdotal_de_padre_eustaquio_de_forma_online\/","name":"The Church concludes Father Eust\u00e1quio&#039;s Year of Priesthood online - Father Eust\u00e1quio","isPartOf":{"@id":"https:\/\/www.padreeustaquio.com.br\/#website"},"primaryImageOfPage":{"@id":"https:\/\/www.padreeustaquio.com.br\/igreja_encerra_ano_sacerdotal_de_padre_eustaquio_de_forma_online\/#primaryimage"},"image":{"@id":"https:\/\/www.padreeustaquio.com.br\/igreja_encerra_ano_sacerdotal_de_padre_eustaquio_de_forma_online\/#primaryimage"},"thumbnailUrl":"https:\/\/www.padreeustaquio.com.br\/wp-content\/uploads\/2020\/08\/FIM-DA-IDULGENCIA.jpg","datePublished":"2020-08-11T14:01:27+00:00","dateModified":"2021-01-16T15:03:33+00:00","breadcrumb":{"@id":"https:\/\/www.padreeustaquio.com.br\/igreja_encerra_ano_sacerdotal_de_padre_eustaquio_de_forma_online\/#breadcrumb"},"inLanguage":"en-US","potentialAction":[{"@type":"ReadAction","target":["https:\/\/www.padreeustaquio.com.br\/igreja_encerra_ano_sacerdotal_de_padre_eustaquio_de_forma_online\/"]}]},{"@type":"ImageObject","inLanguage":"en-US","@id":"https:\/\/www.padreeustaquio.com.br\/igreja_encerra_ano_sacerdotal_de_padre_eustaquio_de_forma_online\/#primaryimage","url":"https:\/\/www.padreeustaquio.com.br\/wp-content\/uploads\/2020\/08\/FIM-DA-IDULGENCIA.jpg","contentUrl":"https:\/\/www.padreeustaquio.com.br\/wp-content\/uploads\/2020\/08\/FIM-DA-IDULGENCIA.jpg","width":748,"height":394},{"@type":"BreadcrumbList","@id":"https:\/\/www.padreeustaquio.com.br\/igreja_encerra_ano_sacerdotal_de_padre_eustaquio_de_forma_online\/#breadcrumb","itemListElement":[{"@type":"ListItem","position":1,"name":"In\u00edcio","item":"https:\/\/www.padreeustaquio.com.br\/"},{"@type":"ListItem","position":2,"name":"Igreja encerra Ano Sacerdotal de Padre Eust\u00e1quio de forma online"}]},{"@type":"WebSite","@id":"https:\/\/www.padreeustaquio.com.br\/#website","url":"https:\/\/www.padreeustaquio.com.br\/","name":"FATHER EUST\u00c1QUIO","description":"Health and Peace","publisher":{"@id":"https:\/\/www.padreeustaquio.com.br\/#organization"},"potentialAction":[{"@type":"SearchAction","target":{"@type":"EntryPoint","urlTemplate":"https:\/\/www.padreeustaquio.com.br\/?s={search_term_string}"},"query-input":{"@type":"PropertyValueSpecification","valueRequired":true,"valueName":"search_term_string"}}],"inLanguage":"en-US"},{"@type":"Organization","@id":"https:\/\/www.padreeustaquio.com.br\/#organization","name":"FATHER EUST\u00c1QUIO","url":"https:\/\/www.padreeustaquio.com.br\/","logo":{"@type":"ImageObject","inLanguage":"en-US","@id":"https:\/\/www.padreeustaquio.com.br\/#\/schema\/logo\/image\/","url":"https:\/\/www.padreeustaquio.com.br\/wp-content\/uploads\/2019\/08\/marca.png","contentUrl":"https:\/\/www.padreeustaquio.com.br\/wp-content\/uploads\/2019\/08\/marca.png","width":350,"height":400,"caption":"Padre Eust\u00e1quio"},"image":{"@id":"https:\/\/www.padreeustaquio.com.br\/#\/schema\/logo\/image\/"},"sameAs":["https:\/\/www.facebook.com\/beatopadreeustaquio\/","https:\/\/x.com\/beatopeustaquio","https:\/\/www.instagram.com\/beatopadreeustaquio\/","https:\/\/www.youtube.com\/channel\/UCRhw7vfabnajwLxb1ZXMeIw"]},{"@type":"Person","@id":"https:\/\/www.padreeustaquio.com.br\/#\/schema\/person\/a2a51db1d00f1a7af0204a0f1ddb1566","name":"@sscc","image":{"@type":"ImageObject","inLanguage":"en-US","@id":"https:\/\/secure.gravatar.com\/avatar\/68cfafa5f44617fea54071e215026e0ff06be366c3d54a8425f04fdcb86f8c5f?s=96&d=mm&r=g","url":"https:\/\/secure.gravatar.com\/avatar\/68cfafa5f44617fea54071e215026e0ff06be366c3d54a8425f04fdcb86f8c5f?s=96&d=mm&r=g","contentUrl":"https:\/\/secure.gravatar.com\/avatar\/68cfafa5f44617fea54071e215026e0ff06be366c3d54a8425f04fdcb86f8c5f?s=96&d=mm&r=g","caption":"@sscc"},"url":"https:\/\/www.padreeustaquio.com.br\/en\/author\/sscc\/"}]}},"_links":{"self":[{"href":"https:\/\/www.padreeustaquio.com.br\/en\/wp-json\/wp\/v2\/posts\/4515","targetHints":{"allow":["GET"]}}],"collection":[{"href":"https:\/\/www.padreeustaquio.com.br\/en\/wp-json\/wp\/v2\/posts"}],"about":[{"href":"https:\/\/www.padreeustaquio.com.br\/en\/wp-json\/wp\/v2\/types\/post"}],"author":[{"embeddable":true,"href":"https:\/\/www.padreeustaquio.com.br\/en\/wp-json\/wp\/v2\/users\/2"}],"replies":[{"embeddable":true,"href":"https:\/\/www.padreeustaquio.com.br\/en\/wp-json\/wp\/v2\/comments?post=4515"}],"version-history":[{"count":0,"href":"https:\/\/www.padreeustaquio.com.br\/en\/wp-json\/wp\/v2\/posts\/4515\/revisions"}],"wp:featuredmedia":[{"embeddable":true,"href":"https:\/\/www.padreeustaquio.com.br\/en\/wp-json\/wp\/v2\/media\/4516"}],"wp:attachment":[{"href":"https:\/\/www.padreeustaquio.com.br\/en\/wp-json\/wp\/v2\/media?parent=4515"}],"wp:term":[{"taxonomy":"category","embeddable":true,"href":"https:\/\/www.padreeustaquio.com.br\/en\/wp-json\/wp\/v2\/categories?post=4515"},{"taxonomy":"post_tag","embeddable":true,"href":"https:\/\/www.padreeustaquio.com.br\/en\/wp-json\/wp\/v2\/tags?post=4515"}],"curies":[{"name":"wp","href":"https:\/\/api.w.org\/{rel}","templated":true}]}}