{"id":4443,"date":"2020-07-27T08:26:04","date_gmt":"2020-07-27T11:26:04","guid":{"rendered":"https:\/\/www.padreeustaquio.com.br\/?p=4443"},"modified":"2020-07-29T08:52:19","modified_gmt":"2020-07-29T11:52:19","slug":"father-eustaquios-church-honors-grandparents-on-the-day-dedicated-to-them","status":"publish","type":"post","link":"https:\/\/www.padreeustaquio.com.br\/en\/father-eustaquios-church-honors-grandparents-on-the-day-dedicated-to-them\/","title":{"rendered":"Padre Eust\u00e1quio Church honors grandparents on the day dedicated to them."},"content":{"rendered":"<p>During the celebration of Holy Mass at 10:00 AM, Father Marcus Vin\u00edcius, SSCC, prayed for all the grandparents of the parishioners and devotees of Father Eust\u00e1quio.<\/p>\n<p>At the beginning of the mass, he asked those watching from home on the Padre Eust\u00e1quio YouTube channel to take a photo of their grandfather or grandmother and place it near their TV or cell phone to celebrate in their memory. Many sent photos to the Sanctuary, so we decided to honor everyone using the photos sent to us.<\/p>\n<p>To the grandfathers and grandmothers who are still with us, &quot;Health and Peace!&quot; To those who are already with the Father, we wish them happiness in the Kingdom He has prepared for us!<\/p>\n\n\t\t<style type=\"text\/css\">\n\t\t\t#gallery-1 {\n\t\t\t\tmargin: auto;\n\t\t\t}\n\t\t\t#gallery-1 .gallery-item {\n\t\t\t\tfloat: left;\n\t\t\t\tmargin-top: 10px;\n\t\t\t\ttext-align: center;\n\t\t\t\twidth: 33%;\n\t\t\t}\n\t\t\t#gallery-1 img {\n\t\t\t\tborder: 2px solid #cfcfcf;\n\t\t\t}\n\t\t\t#gallery-1 .gallery-caption {\n\t\t\t\tmargin-left: 0;\n\t\t\t}\n\t\t\t\/* see gallery_shortcode() in wp-includes\/media.php *\/\n\t\t<\/style>\n\t\t<div id='gallery-1' class='gallery galleryid-4443 gallery-columns-3 gallery-size-thumbnail'><dl class='gallery-item'>\n\t\t\t<dt class='gallery-icon landscape'>\n\t\t\t\t<a href='https:\/\/www.padreeustaquio.com.br\/en\/father-eustaquios-church-honors-grandparents-on-the-day-dedicated-to-them\/whatsapp-image-2020-07-26-at-14-08-15-2\/'><img decoding=\"async\" width=\"150\" height=\"150\" src=\"https:\/\/www.padreeustaquio.com.br\/wp-content\/uploads\/2020\/07\/WhatsApp-Image-2020-07-26-at-14.08.15-2-150x150.jpeg\" class=\"attachment-thumbnail size-thumbnail\" alt=\"\" srcset=\"https:\/\/www.padreeustaquio.com.br\/wp-content\/uploads\/2020\/07\/WhatsApp-Image-2020-07-26-at-14.08.15-2-150x150.jpeg 150w, https:\/\/www.padreeustaquio.com.br\/wp-content\/uploads\/2020\/07\/WhatsApp-Image-2020-07-26-at-14.08.15-2-180x180.jpeg 180w, https:\/\/www.padreeustaquio.com.br\/wp-content\/uploads\/2020\/07\/WhatsApp-Image-2020-07-26-at-14.08.15-2-400x400.jpeg 400w, https:\/\/www.padreeustaquio.com.br\/wp-content\/uploads\/2020\/07\/WhatsApp-Image-2020-07-26-at-14.08.15-2-600x600.jpeg 600w\" sizes=\"(max-width: 150px) 100vw, 150px\" \/><\/a>\n\t\t\t<\/dt><\/dl><dl class='gallery-item'>\n\t\t\t<dt class='gallery-icon portrait'>\n\t\t\t\t<a href='https:\/\/www.padreeustaquio.com.br\/en\/father-eustaquios-church-honors-grandparents-on-the-day-dedicated-to-them\/whatsapp-image-2020-07-26-at-14-08-15-1\/'><img decoding=\"async\" width=\"150\" height=\"150\" src=\"https:\/\/www.padreeustaquio.com.br\/wp-content\/uploads\/2020\/07\/WhatsApp-Image-2020-07-26-at-14.08.15-1-150x150.jpeg\" class=\"attachment-thumbnail size-thumbnail\" alt=\"\" srcset=\"https:\/\/www.padreeustaquio.com.br\/wp-content\/uploads\/2020\/07\/WhatsApp-Image-2020-07-26-at-14.08.15-1-150x150.jpeg 150w, https:\/\/www.padreeustaquio.com.br\/wp-content\/uploads\/2020\/07\/WhatsApp-Image-2020-07-26-at-14.08.15-1-180x180.jpeg 180w, https:\/\/www.padreeustaquio.com.br\/wp-content\/uploads\/2020\/07\/WhatsApp-Image-2020-07-26-at-14.08.15-1-400x400.jpeg 400w, https:\/\/www.padreeustaquio.com.br\/wp-content\/uploads\/2020\/07\/WhatsApp-Image-2020-07-26-at-14.08.15-1-600x600.jpeg 600w\" sizes=\"(max-width: 150px) 100vw, 150px\" \/><\/a>\n\t\t\t<\/dt><\/dl><dl class='gallery-item'>\n\t\t\t<dt class='gallery-icon landscape'>\n\t\t\t\t<a href='https:\/\/www.padreeustaquio.com.br\/en\/father-eustaquios-church-honors-grandparents-on-the-day-dedicated-to-them\/whatsapp-image-2020-07-26-at-14-08-15\/'><img decoding=\"async\" width=\"150\" height=\"150\" src=\"https:\/\/www.padreeustaquio.com.br\/wp-content\/uploads\/2020\/07\/WhatsApp-Image-2020-07-26-at-14.08.15-150x150.jpeg\" class=\"attachment-thumbnail size-thumbnail\" alt=\"\" srcset=\"https:\/\/www.padreeustaquio.com.br\/wp-content\/uploads\/2020\/07\/WhatsApp-Image-2020-07-26-at-14.08.15-150x150.jpeg 150w, https:\/\/www.padreeustaquio.com.br\/wp-content\/uploads\/2020\/07\/WhatsApp-Image-2020-07-26-at-14.08.15-300x300.jpeg 300w, https:\/\/www.padreeustaquio.com.br\/wp-content\/uploads\/2020\/07\/WhatsApp-Image-2020-07-26-at-14.08.15-768x768.jpeg 768w, https:\/\/www.padreeustaquio.com.br\/wp-content\/uploads\/2020\/07\/WhatsApp-Image-2020-07-26-at-14.08.15-1024x1024.jpeg 1024w, https:\/\/www.padreeustaquio.com.br\/wp-content\/uploads\/2020\/07\/WhatsApp-Image-2020-07-26-at-14.08.15-180x180.jpeg 180w, https:\/\/www.padreeustaquio.com.br\/wp-content\/uploads\/2020\/07\/WhatsApp-Image-2020-07-26-at-14.08.15-400x400.jpeg 400w, https:\/\/www.padreeustaquio.com.br\/wp-content\/uploads\/2020\/07\/WhatsApp-Image-2020-07-26-at-14.08.15-600x600.jpeg 600w, https:\/\/www.padreeustaquio.com.br\/wp-content\/uploads\/2020\/07\/WhatsApp-Image-2020-07-26-at-14.08.15.jpeg 1280w\" sizes=\"(max-width: 150px) 100vw, 150px\" \/><\/a>\n\t\t\t<\/dt><\/dl><br style=\"clear: both\" \/><dl class='gallery-item'>\n\t\t\t<dt class='gallery-icon landscape'>\n\t\t\t\t<a href='https:\/\/www.padreeustaquio.com.br\/en\/father-eustaquios-church-honors-grandparents-on-the-day-dedicated-to-them\/whatsapp-image-2020-07-26-at-14-08-14-4\/'><img loading=\"lazy\" decoding=\"async\" width=\"150\" height=\"150\" src=\"https:\/\/www.padreeustaquio.com.br\/wp-content\/uploads\/2020\/07\/WhatsApp-Image-2020-07-26-at-14.08.14-4-150x150.jpeg\" class=\"attachment-thumbnail size-thumbnail\" alt=\"\" srcset=\"https:\/\/www.padreeustaquio.com.br\/wp-content\/uploads\/2020\/07\/WhatsApp-Image-2020-07-26-at-14.08.14-4-150x150.jpeg 150w, https:\/\/www.padreeustaquio.com.br\/wp-content\/uploads\/2020\/07\/WhatsApp-Image-2020-07-26-at-14.08.14-4-180x180.jpeg 180w, https:\/\/www.padreeustaquio.com.br\/wp-content\/uploads\/2020\/07\/WhatsApp-Image-2020-07-26-at-14.08.14-4-400x400.jpeg 400w, https:\/\/www.padreeustaquio.com.br\/wp-content\/uploads\/2020\/07\/WhatsApp-Image-2020-07-26-at-14.08.14-4-600x600.jpeg 600w\" sizes=\"(max-width: 150px) 100vw, 150px\" \/><\/a>\n\t\t\t<\/dt><\/dl><dl class='gallery-item'>\n\t\t\t<dt class='gallery-icon portrait'>\n\t\t\t\t<a href='https:\/\/www.padreeustaquio.com.br\/en\/father-eustaquios-church-honors-grandparents-on-the-day-dedicated-to-them\/whatsapp-image-2020-07-26-at-14-08-14-3\/'><img loading=\"lazy\" decoding=\"async\" width=\"150\" height=\"150\" src=\"https:\/\/www.padreeustaquio.com.br\/wp-content\/uploads\/2020\/07\/WhatsApp-Image-2020-07-26-at-14.08.14-3-150x150.jpeg\" class=\"attachment-thumbnail size-thumbnail\" alt=\"\" srcset=\"https:\/\/www.padreeustaquio.com.br\/wp-content\/uploads\/2020\/07\/WhatsApp-Image-2020-07-26-at-14.08.14-3-150x150.jpeg 150w, https:\/\/www.padreeustaquio.com.br\/wp-content\/uploads\/2020\/07\/WhatsApp-Image-2020-07-26-at-14.08.14-3-180x180.jpeg 180w, https:\/\/www.padreeustaquio.com.br\/wp-content\/uploads\/2020\/07\/WhatsApp-Image-2020-07-26-at-14.08.14-3-400x400.jpeg 400w, https:\/\/www.padreeustaquio.com.br\/wp-content\/uploads\/2020\/07\/WhatsApp-Image-2020-07-26-at-14.08.14-3-600x600.jpeg 600w\" sizes=\"(max-width: 150px) 100vw, 150px\" \/><\/a>\n\t\t\t<\/dt><\/dl><dl class='gallery-item'>\n\t\t\t<dt class='gallery-icon landscape'>\n\t\t\t\t<a href='https:\/\/www.padreeustaquio.com.br\/en\/father-eustaquios-church-honors-grandparents-on-the-day-dedicated-to-them\/whatsapp-image-2020-07-26-at-14-08-14-2\/'><img loading=\"lazy\" decoding=\"async\" width=\"150\" height=\"150\" src=\"https:\/\/www.padreeustaquio.com.br\/wp-content\/uploads\/2020\/07\/WhatsApp-Image-2020-07-26-at-14.08.14-2-150x150.jpeg\" class=\"attachment-thumbnail size-thumbnail\" alt=\"\" srcset=\"https:\/\/www.padreeustaquio.com.br\/wp-content\/uploads\/2020\/07\/WhatsApp-Image-2020-07-26-at-14.08.14-2-150x150.jpeg 150w, https:\/\/www.padreeustaquio.com.br\/wp-content\/uploads\/2020\/07\/WhatsApp-Image-2020-07-26-at-14.08.14-2-180x180.jpeg 180w, https:\/\/www.padreeustaquio.com.br\/wp-content\/uploads\/2020\/07\/WhatsApp-Image-2020-07-26-at-14.08.14-2-400x400.jpeg 400w, https:\/\/www.padreeustaquio.com.br\/wp-content\/uploads\/2020\/07\/WhatsApp-Image-2020-07-26-at-14.08.14-2-600x600.jpeg 600w\" sizes=\"(max-width: 150px) 100vw, 150px\" \/><\/a>\n\t\t\t<\/dt><\/dl><br style=\"clear: both\" \/><dl class='gallery-item'>\n\t\t\t<dt class='gallery-icon portrait'>\n\t\t\t\t<a href='https:\/\/www.padreeustaquio.com.br\/en\/father-eustaquios-church-honors-grandparents-on-the-day-dedicated-to-them\/whatsapp-image-2020-07-26-at-14-08-14-1\/'><img loading=\"lazy\" decoding=\"async\" width=\"150\" height=\"150\" src=\"https:\/\/www.padreeustaquio.com.br\/wp-content\/uploads\/2020\/07\/WhatsApp-Image-2020-07-26-at-14.08.14-1-150x150.jpeg\" class=\"attachment-thumbnail size-thumbnail\" alt=\"\" srcset=\"https:\/\/www.padreeustaquio.com.br\/wp-content\/uploads\/2020\/07\/WhatsApp-Image-2020-07-26-at-14.08.14-1-150x150.jpeg 150w, https:\/\/www.padreeustaquio.com.br\/wp-content\/uploads\/2020\/07\/WhatsApp-Image-2020-07-26-at-14.08.14-1-180x180.jpeg 180w, https:\/\/www.padreeustaquio.com.br\/wp-content\/uploads\/2020\/07\/WhatsApp-Image-2020-07-26-at-14.08.14-1-400x400.jpeg 400w, https:\/\/www.padreeustaquio.com.br\/wp-content\/uploads\/2020\/07\/WhatsApp-Image-2020-07-26-at-14.08.14-1-600x600.jpeg 600w\" sizes=\"(max-width: 150px) 100vw, 150px\" \/><\/a>\n\t\t\t<\/dt><\/dl><dl class='gallery-item'>\n\t\t\t<dt class='gallery-icon portrait'>\n\t\t\t\t<a href='https:\/\/www.padreeustaquio.com.br\/en\/father-eustaquios-church-honors-grandparents-on-the-day-dedicated-to-them\/whatsapp-image-2020-07-26-at-14-08-14\/'><img loading=\"lazy\" decoding=\"async\" width=\"150\" height=\"150\" src=\"https:\/\/www.padreeustaquio.com.br\/wp-content\/uploads\/2020\/07\/WhatsApp-Image-2020-07-26-at-14.08.14-150x150.jpeg\" class=\"attachment-thumbnail size-thumbnail\" alt=\"\" srcset=\"https:\/\/www.padreeustaquio.com.br\/wp-content\/uploads\/2020\/07\/WhatsApp-Image-2020-07-26-at-14.08.14-150x150.jpeg 150w, https:\/\/www.padreeustaquio.com.br\/wp-content\/uploads\/2020\/07\/WhatsApp-Image-2020-07-26-at-14.08.14-180x180.jpeg 180w, https:\/\/www.padreeustaquio.com.br\/wp-content\/uploads\/2020\/07\/WhatsApp-Image-2020-07-26-at-14.08.14-400x400.jpeg 400w, https:\/\/www.padreeustaquio.com.br\/wp-content\/uploads\/2020\/07\/WhatsApp-Image-2020-07-26-at-14.08.14-600x600.jpeg 600w\" sizes=\"(max-width: 150px) 100vw, 150px\" \/><\/a>\n\t\t\t<\/dt><\/dl><dl class='gallery-item'>\n\t\t\t<dt class='gallery-icon portrait'>\n\t\t\t\t<a href='https:\/\/www.padreeustaquio.com.br\/en\/father-eustaquios-church-honors-grandparents-on-the-day-dedicated-to-them\/whatsapp-image-2020-07-26-at-14-08-13-3\/'><img loading=\"lazy\" decoding=\"async\" width=\"150\" height=\"150\" src=\"https:\/\/www.padreeustaquio.com.br\/wp-content\/uploads\/2020\/07\/WhatsApp-Image-2020-07-26-at-14.08.13-3-150x150.jpeg\" class=\"attachment-thumbnail size-thumbnail\" alt=\"\" srcset=\"https:\/\/www.padreeustaquio.com.br\/wp-content\/uploads\/2020\/07\/WhatsApp-Image-2020-07-26-at-14.08.13-3-150x150.jpeg 150w, https:\/\/www.padreeustaquio.com.br\/wp-content\/uploads\/2020\/07\/WhatsApp-Image-2020-07-26-at-14.08.13-3-180x180.jpeg 180w, https:\/\/www.padreeustaquio.com.br\/wp-content\/uploads\/2020\/07\/WhatsApp-Image-2020-07-26-at-14.08.13-3-400x400.jpeg 400w\" sizes=\"(max-width: 150px) 100vw, 150px\" \/><\/a>\n\t\t\t<\/dt><\/dl><br style=\"clear: both\" \/><dl class='gallery-item'>\n\t\t\t<dt class='gallery-icon portrait'>\n\t\t\t\t<a href='https:\/\/www.padreeustaquio.com.br\/en\/father-eustaquios-church-honors-grandparents-on-the-day-dedicated-to-them\/whatsapp-image-2020-07-26-at-14-08-13-2\/'><img loading=\"lazy\" decoding=\"async\" width=\"150\" height=\"150\" src=\"https:\/\/www.padreeustaquio.com.br\/wp-content\/uploads\/2020\/07\/WhatsApp-Image-2020-07-26-at-14.08.13-2-150x150.jpeg\" class=\"attachment-thumbnail size-thumbnail\" alt=\"\" srcset=\"https:\/\/www.padreeustaquio.com.br\/wp-content\/uploads\/2020\/07\/WhatsApp-Image-2020-07-26-at-14.08.13-2-150x150.jpeg 150w, https:\/\/www.padreeustaquio.com.br\/wp-content\/uploads\/2020\/07\/WhatsApp-Image-2020-07-26-at-14.08.13-2-180x180.jpeg 180w, https:\/\/www.padreeustaquio.com.br\/wp-content\/uploads\/2020\/07\/WhatsApp-Image-2020-07-26-at-14.08.13-2-400x400.jpeg 400w\" sizes=\"(max-width: 150px) 100vw, 150px\" \/><\/a>\n\t\t\t<\/dt><\/dl><dl class='gallery-item'>\n\t\t\t<dt class='gallery-icon portrait'>\n\t\t\t\t<a href='https:\/\/www.padreeustaquio.com.br\/en\/father-eustaquios-church-honors-grandparents-on-the-day-dedicated-to-them\/whatsapp-image-2020-07-26-at-14-08-13-1\/'><img loading=\"lazy\" decoding=\"async\" width=\"150\" height=\"150\" src=\"https:\/\/www.padreeustaquio.com.br\/wp-content\/uploads\/2020\/07\/WhatsApp-Image-2020-07-26-at-14.08.13-1-150x150.jpeg\" class=\"attachment-thumbnail size-thumbnail\" alt=\"\" srcset=\"https:\/\/www.padreeustaquio.com.br\/wp-content\/uploads\/2020\/07\/WhatsApp-Image-2020-07-26-at-14.08.13-1-150x150.jpeg 150w, https:\/\/www.padreeustaquio.com.br\/wp-content\/uploads\/2020\/07\/WhatsApp-Image-2020-07-26-at-14.08.13-1-180x180.jpeg 180w, https:\/\/www.padreeustaquio.com.br\/wp-content\/uploads\/2020\/07\/WhatsApp-Image-2020-07-26-at-14.08.13-1-400x400.jpeg 400w\" sizes=\"(max-width: 150px) 100vw, 150px\" \/><\/a>\n\t\t\t<\/dt><\/dl><dl class='gallery-item'>\n\t\t\t<dt class='gallery-icon portrait'>\n\t\t\t\t<a href='https:\/\/www.padreeustaquio.com.br\/en\/father-eustaquios-church-honors-grandparents-on-the-day-dedicated-to-them\/whatsapp-image-2020-07-26-at-14-08-13\/'><img loading=\"lazy\" decoding=\"async\" width=\"150\" height=\"150\" src=\"https:\/\/www.padreeustaquio.com.br\/wp-content\/uploads\/2020\/07\/WhatsApp-Image-2020-07-26-at-14.08.13-150x150.jpeg\" class=\"attachment-thumbnail size-thumbnail\" alt=\"\" srcset=\"https:\/\/www.padreeustaquio.com.br\/wp-content\/uploads\/2020\/07\/WhatsApp-Image-2020-07-26-at-14.08.13-150x150.jpeg 150w, https:\/\/www.padreeustaquio.com.br\/wp-content\/uploads\/2020\/07\/WhatsApp-Image-2020-07-26-at-14.08.13-298x300.jpeg 298w, https:\/\/www.padreeustaquio.com.br\/wp-content\/uploads\/2020\/07\/WhatsApp-Image-2020-07-26-at-14.08.13-180x180.jpeg 180w, https:\/\/www.padreeustaquio.com.br\/wp-content\/uploads\/2020\/07\/WhatsApp-Image-2020-07-26-at-14.08.13-400x400.jpeg 400w, https:\/\/www.padreeustaquio.com.br\/wp-content\/uploads\/2020\/07\/WhatsApp-Image-2020-07-26-at-14.08.13-600x600.jpeg 600w, https:\/\/www.padreeustaquio.com.br\/wp-content\/uploads\/2020\/07\/WhatsApp-Image-2020-07-26-at-14.08.13.jpeg 750w\" sizes=\"(max-width: 150px) 100vw, 150px\" \/><\/a>\n\t\t\t<\/dt><\/dl><br style=\"clear: both\" \/><dl class='gallery-item'>\n\t\t\t<dt class='gallery-icon portrait'>\n\t\t\t\t<a href='https:\/\/www.padreeustaquio.com.br\/en\/father-eustaquios-church-honors-grandparents-on-the-day-dedicated-to-them\/whatsapp-image-2020-07-26-at-14-08-12-1\/'><img loading=\"lazy\" decoding=\"async\" width=\"150\" height=\"150\" src=\"https:\/\/www.padreeustaquio.com.br\/wp-content\/uploads\/2020\/07\/WhatsApp-Image-2020-07-26-at-14.08.12-1-150x150.jpeg\" class=\"attachment-thumbnail size-thumbnail\" alt=\"\" srcset=\"https:\/\/www.padreeustaquio.com.br\/wp-content\/uploads\/2020\/07\/WhatsApp-Image-2020-07-26-at-14.08.12-1-150x150.jpeg 150w, https:\/\/www.padreeustaquio.com.br\/wp-content\/uploads\/2020\/07\/WhatsApp-Image-2020-07-26-at-14.08.12-1-180x180.jpeg 180w, https:\/\/www.padreeustaquio.com.br\/wp-content\/uploads\/2020\/07\/WhatsApp-Image-2020-07-26-at-14.08.12-1-400x400.jpeg 400w, https:\/\/www.padreeustaquio.com.br\/wp-content\/uploads\/2020\/07\/WhatsApp-Image-2020-07-26-at-14.08.12-1-600x600.jpeg 600w\" sizes=\"(max-width: 150px) 100vw, 150px\" \/><\/a>\n\t\t\t<\/dt><\/dl><dl class='gallery-item'>\n\t\t\t<dt class='gallery-icon landscape'>\n\t\t\t\t<a href='https:\/\/www.padreeustaquio.com.br\/en\/father-eustaquios-church-honors-grandparents-on-the-day-dedicated-to-them\/whatsapp-image-2020-07-26-at-14-08-12\/'><img loading=\"lazy\" decoding=\"async\" width=\"150\" height=\"150\" src=\"https:\/\/www.padreeustaquio.com.br\/wp-content\/uploads\/2020\/07\/WhatsApp-Image-2020-07-26-at-14.08.12-150x150.jpeg\" class=\"attachment-thumbnail size-thumbnail\" alt=\"\" srcset=\"https:\/\/www.padreeustaquio.com.br\/wp-content\/uploads\/2020\/07\/WhatsApp-Image-2020-07-26-at-14.08.12-150x150.jpeg 150w, https:\/\/www.padreeustaquio.com.br\/wp-content\/uploads\/2020\/07\/WhatsApp-Image-2020-07-26-at-14.08.12-180x180.jpeg 180w, https:\/\/www.padreeustaquio.com.br\/wp-content\/uploads\/2020\/07\/WhatsApp-Image-2020-07-26-at-14.08.12-400x400.jpeg 400w, https:\/\/www.padreeustaquio.com.br\/wp-content\/uploads\/2020\/07\/WhatsApp-Image-2020-07-26-at-14.08.12-600x600.jpeg 600w\" sizes=\"(max-width: 150px) 100vw, 150px\" \/><\/a>\n\t\t\t<\/dt><\/dl><dl class='gallery-item'>\n\t\t\t<dt class='gallery-icon landscape'>\n\t\t\t\t<a href='https:\/\/www.padreeustaquio.com.br\/en\/father-eustaquios-church-honors-grandparents-on-the-day-dedicated-to-them\/whatsapp-image-2020-07-26-at-14-08-11\/'><img loading=\"lazy\" decoding=\"async\" width=\"150\" height=\"150\" src=\"https:\/\/www.padreeustaquio.com.br\/wp-content\/uploads\/2020\/07\/WhatsApp-Image-2020-07-26-at-14.08.11-150x150.jpeg\" class=\"attachment-thumbnail size-thumbnail\" alt=\"\" srcset=\"https:\/\/www.padreeustaquio.com.br\/wp-content\/uploads\/2020\/07\/WhatsApp-Image-2020-07-26-at-14.08.11-150x150.jpeg 150w, https:\/\/www.padreeustaquio.com.br\/wp-content\/uploads\/2020\/07\/WhatsApp-Image-2020-07-26-at-14.08.11-180x180.jpeg 180w, https:\/\/www.padreeustaquio.com.br\/wp-content\/uploads\/2020\/07\/WhatsApp-Image-2020-07-26-at-14.08.11-400x400.jpeg 400w, https:\/\/www.padreeustaquio.com.br\/wp-content\/uploads\/2020\/07\/WhatsApp-Image-2020-07-26-at-14.08.11-600x600.jpeg 600w\" sizes=\"(max-width: 150px) 100vw, 150px\" \/><\/a>\n\t\t\t<\/dt><\/dl><br style=\"clear: both\" \/><dl class='gallery-item'>\n\t\t\t<dt class='gallery-icon landscape'>\n\t\t\t\t<a href='https:\/\/www.padreeustaquio.com.br\/en\/father-eustaquios-church-honors-grandparents-on-the-day-dedicated-to-them\/whatsapp-image-2020-07-27-at-12-59-17\/'><img loading=\"lazy\" decoding=\"async\" width=\"150\" height=\"150\" src=\"https:\/\/www.padreeustaquio.com.br\/wp-content\/uploads\/2020\/07\/WhatsApp-Image-2020-07-27-at-12.59.17-150x150.jpeg\" class=\"attachment-thumbnail size-thumbnail\" alt=\"\" srcset=\"https:\/\/www.padreeustaquio.com.br\/wp-content\/uploads\/2020\/07\/WhatsApp-Image-2020-07-27-at-12.59.17-150x150.jpeg 150w, https:\/\/www.padreeustaquio.com.br\/wp-content\/uploads\/2020\/07\/WhatsApp-Image-2020-07-27-at-12.59.17-300x300.jpeg 300w, https:\/\/www.padreeustaquio.com.br\/wp-content\/uploads\/2020\/07\/WhatsApp-Image-2020-07-27-at-12.59.17-768x768.jpeg 768w, https:\/\/www.padreeustaquio.com.br\/wp-content\/uploads\/2020\/07\/WhatsApp-Image-2020-07-27-at-12.59.17-1024x1024.jpeg 1024w, https:\/\/www.padreeustaquio.com.br\/wp-content\/uploads\/2020\/07\/WhatsApp-Image-2020-07-27-at-12.59.17-180x180.jpeg 180w, https:\/\/www.padreeustaquio.com.br\/wp-content\/uploads\/2020\/07\/WhatsApp-Image-2020-07-27-at-12.59.17-400x400.jpeg 400w, https:\/\/www.padreeustaquio.com.br\/wp-content\/uploads\/2020\/07\/WhatsApp-Image-2020-07-27-at-12.59.17-600x600.jpeg 600w, https:\/\/www.padreeustaquio.com.br\/wp-content\/uploads\/2020\/07\/WhatsApp-Image-2020-07-27-at-12.59.17.jpeg 1280w\" sizes=\"(max-width: 150px) 100vw, 150px\" \/><\/a>\n\t\t\t<\/dt><\/dl>\n\t\t\t<br style='clear: both' \/>\n\t\t<\/div>","protected":false},"excerpt":{"rendered":"<p>Durante a celebra\u00e7\u00e3o da Santa Missa, \u00e0s 10h, o Padre Marcus Vin\u00edcius, SSCC, rezou na inten\u00e7\u00e3o de todos os av\u00f3s dos paroquianos e devotos de Padre Eust\u00e1quio. No in\u00edcio da missa, ele pediu para que as pessoas que acompanhavam de casa, pelo Canal Padre Eust\u00e1quio, do YouTube, pegassem uma foto do vov\u00f4 ou da vov\u00f3 para colocar pertinho da TV ou do celular para celebrar na inten\u00e7\u00e3o deles. Muitos enviaram as fotos para o Santu\u00e1rio, ent\u00e3o, resolvemos homenagear a todos a partir das fotos enviadas para n\u00f3s. Aos vov\u00f4s e as vov\u00f3s que ainda est\u00e3o conosco, &#8220;Sa\u00fade e Paz&#8221;! \u00c0queles [&hellip;]<\/p>\n","protected":false},"author":2,"featured_media":4444,"comment_status":"open","ping_status":"open","sticky":false,"template":"","format":"standard","meta":{"_acf_changed":false,"footnotes":""},"categories":[611],"tags":[],"class_list":["post-4443","post","type-post","status-publish","format-standard","has-post-thumbnail","hentry","category-noticias"],"acf":[],"yoast_head":"<!-- This site is optimized with the Yoast SEO plugin v27.2 - https:\/\/yoast.com\/product\/yoast-seo-wordpress\/ -->\n<title>Igreja Padre Eust\u00e1quio homenageia os av\u00f3s no dia dedicado \u00e0 eles - Padre Eust\u00e1quio<\/title>\n<meta name=\"robots\" content=\"index, follow, max-snippet:-1, max-image-preview:large, max-video-preview:-1\" \/>\n<link rel=\"canonical\" href=\"https:\/\/www.padreeustaquio.com.br\/en\/father-eustaquios-church-honors-grandparents-on-the-day-dedicated-to-them\/\" \/>\n<meta property=\"og:locale\" content=\"en_US\" \/>\n<meta property=\"og:type\" content=\"article\" \/>\n<meta property=\"og:title\" content=\"Igreja Padre Eust\u00e1quio homenageia os av\u00f3s no dia dedicado \u00e0 eles - Padre Eust\u00e1quio\" \/>\n<meta property=\"og:description\" content=\"Durante a celebra\u00e7\u00e3o da Santa Missa, \u00e0s 10h, o Padre Marcus Vin\u00edcius, SSCC, rezou na inten\u00e7\u00e3o de todos os av\u00f3s dos paroquianos e devotos de Padre Eust\u00e1quio. No in\u00edcio da missa, ele pediu para que as pessoas que acompanhavam de casa, pelo Canal Padre Eust\u00e1quio, do YouTube, pegassem uma foto do vov\u00f4 ou da vov\u00f3 para colocar pertinho da TV ou do celular para celebrar na inten\u00e7\u00e3o deles. Muitos enviaram as fotos para o Santu\u00e1rio, ent\u00e3o, resolvemos homenagear a todos a partir das fotos enviadas para n\u00f3s. Aos vov\u00f4s e as vov\u00f3s que ainda est\u00e3o conosco, &#8220;Sa\u00fade e Paz&#8221;! \u00c0queles [&hellip;]\" \/>\n<meta property=\"og:url\" content=\"https:\/\/www.padreeustaquio.com.br\/en\/father-eustaquios-church-honors-grandparents-on-the-day-dedicated-to-them\/\" \/>\n<meta property=\"og:site_name\" content=\"Padre Eust\u00e1quio\" \/>\n<meta property=\"article:publisher\" content=\"https:\/\/www.facebook.com\/beatopadreeustaquio\/\" \/>\n<meta property=\"article:published_time\" content=\"2020-07-27T11:26:04+00:00\" \/>\n<meta property=\"article:modified_time\" content=\"2020-07-29T11:52:19+00:00\" \/>\n<meta property=\"og:image\" content=\"https:\/\/www.padreeustaquio.com.br\/wp-content\/uploads\/2020\/07\/Dia-dos-Avos.png\" \/>\n\t<meta property=\"og:image:width\" content=\"467\" \/>\n\t<meta property=\"og:image:height\" content=\"296\" \/>\n\t<meta property=\"og:image:type\" content=\"image\/png\" \/>\n<meta name=\"author\" content=\"@sscc\" \/>\n<meta name=\"twitter:card\" content=\"summary_large_image\" \/>\n<meta name=\"twitter:creator\" content=\"@beatopeustaquio\" \/>\n<meta name=\"twitter:site\" content=\"@beatopeustaquio\" \/>\n<meta name=\"twitter:label1\" content=\"Written by\" \/>\n\t<meta name=\"twitter:data1\" content=\"@sscc\" \/>\n\t<meta name=\"twitter:label2\" content=\"Est. reading time\" \/>\n\t<meta name=\"twitter:data2\" content=\"1 minute\" \/>\n<script type=\"application\/ld+json\" class=\"yoast-schema-graph\">{\"@context\":\"https:\/\/schema.org\",\"@graph\":[{\"@type\":\"Article\",\"@id\":\"https:\/\/www.padreeustaquio.com.br\/igreja-do-padre-eustaquio-homenageia-os-avos-no-dia-dedicado-a-eles\/#article\",\"isPartOf\":{\"@id\":\"https:\/\/www.padreeustaquio.com.br\/igreja-do-padre-eustaquio-homenageia-os-avos-no-dia-dedicado-a-eles\/\"},\"author\":{\"name\":\"@sscc\",\"@id\":\"https:\/\/www.padreeustaquio.com.br\/#\/schema\/person\/a2a51db1d00f1a7af0204a0f1ddb1566\"},\"headline\":\"Igreja Padre Eust\u00e1quio homenageia os av\u00f3s no dia dedicado \u00e0 eles\",\"datePublished\":\"2020-07-27T11:26:04+00:00\",\"dateModified\":\"2020-07-29T11:52:19+00:00\",\"mainEntityOfPage\":{\"@id\":\"https:\/\/www.padreeustaquio.com.br\/igreja-do-padre-eustaquio-homenageia-os-avos-no-dia-dedicado-a-eles\/\"},\"wordCount\":149,\"commentCount\":0,\"publisher\":{\"@id\":\"https:\/\/www.padreeustaquio.com.br\/#organization\"},\"image\":{\"@id\":\"https:\/\/www.padreeustaquio.com.br\/igreja-do-padre-eustaquio-homenageia-os-avos-no-dia-dedicado-a-eles\/#primaryimage\"},\"thumbnailUrl\":\"https:\/\/www.padreeustaquio.com.br\/wp-content\/uploads\/2020\/07\/Dia-dos-Avos.png\",\"articleSection\":[\"Not\u00edcias\"],\"inLanguage\":\"en-US\",\"potentialAction\":[{\"@type\":\"CommentAction\",\"name\":\"Comment\",\"target\":[\"https:\/\/www.padreeustaquio.com.br\/igreja-do-padre-eustaquio-homenageia-os-avos-no-dia-dedicado-a-eles\/#respond\"]}]},{\"@type\":\"WebPage\",\"@id\":\"https:\/\/www.padreeustaquio.com.br\/igreja-do-padre-eustaquio-homenageia-os-avos-no-dia-dedicado-a-eles\/\",\"url\":\"https:\/\/www.padreeustaquio.com.br\/igreja-do-padre-eustaquio-homenageia-os-avos-no-dia-dedicado-a-eles\/\",\"name\":\"Igreja Padre Eust\u00e1quio homenageia os av\u00f3s no dia dedicado \u00e0 eles - Padre Eust\u00e1quio\",\"isPartOf\":{\"@id\":\"https:\/\/www.padreeustaquio.com.br\/#website\"},\"primaryImageOfPage\":{\"@id\":\"https:\/\/www.padreeustaquio.com.br\/igreja-do-padre-eustaquio-homenageia-os-avos-no-dia-dedicado-a-eles\/#primaryimage\"},\"image\":{\"@id\":\"https:\/\/www.padreeustaquio.com.br\/igreja-do-padre-eustaquio-homenageia-os-avos-no-dia-dedicado-a-eles\/#primaryimage\"},\"thumbnailUrl\":\"https:\/\/www.padreeustaquio.com.br\/wp-content\/uploads\/2020\/07\/Dia-dos-Avos.png\",\"datePublished\":\"2020-07-27T11:26:04+00:00\",\"dateModified\":\"2020-07-29T11:52:19+00:00\",\"breadcrumb\":{\"@id\":\"https:\/\/www.padreeustaquio.com.br\/igreja-do-padre-eustaquio-homenageia-os-avos-no-dia-dedicado-a-eles\/#breadcrumb\"},\"inLanguage\":\"en-US\",\"potentialAction\":[{\"@type\":\"ReadAction\",\"target\":[\"https:\/\/www.padreeustaquio.com.br\/igreja-do-padre-eustaquio-homenageia-os-avos-no-dia-dedicado-a-eles\/\"]}]},{\"@type\":\"ImageObject\",\"inLanguage\":\"en-US\",\"@id\":\"https:\/\/www.padreeustaquio.com.br\/igreja-do-padre-eustaquio-homenageia-os-avos-no-dia-dedicado-a-eles\/#primaryimage\",\"url\":\"https:\/\/www.padreeustaquio.com.br\/wp-content\/uploads\/2020\/07\/Dia-dos-Avos.png\",\"contentUrl\":\"https:\/\/www.padreeustaquio.com.br\/wp-content\/uploads\/2020\/07\/Dia-dos-Avos.png\",\"width\":467,\"height\":296},{\"@type\":\"BreadcrumbList\",\"@id\":\"https:\/\/www.padreeustaquio.com.br\/igreja-do-padre-eustaquio-homenageia-os-avos-no-dia-dedicado-a-eles\/#breadcrumb\",\"itemListElement\":[{\"@type\":\"ListItem\",\"position\":1,\"name\":\"In\u00edcio\",\"item\":\"https:\/\/www.padreeustaquio.com.br\/\"},{\"@type\":\"ListItem\",\"position\":2,\"name\":\"Igreja Padre Eust\u00e1quio homenageia os av\u00f3s no dia dedicado \u00e0 eles\"}]},{\"@type\":\"WebSite\",\"@id\":\"https:\/\/www.padreeustaquio.com.br\/#website\",\"url\":\"https:\/\/www.padreeustaquio.com.br\/\",\"name\":\"Padre Eust\u00e1quio\",\"description\":\"Sa\u00fade e Paz\",\"publisher\":{\"@id\":\"https:\/\/www.padreeustaquio.com.br\/#organization\"},\"potentialAction\":[{\"@type\":\"SearchAction\",\"target\":{\"@type\":\"EntryPoint\",\"urlTemplate\":\"https:\/\/www.padreeustaquio.com.br\/?s={search_term_string}\"},\"query-input\":{\"@type\":\"PropertyValueSpecification\",\"valueRequired\":true,\"valueName\":\"search_term_string\"}}],\"inLanguage\":\"en-US\"},{\"@type\":\"Organization\",\"@id\":\"https:\/\/www.padreeustaquio.com.br\/#organization\",\"name\":\"Padre Eust\u00e1quio\",\"url\":\"https:\/\/www.padreeustaquio.com.br\/\",\"logo\":{\"@type\":\"ImageObject\",\"inLanguage\":\"en-US\",\"@id\":\"https:\/\/www.padreeustaquio.com.br\/#\/schema\/logo\/image\/\",\"url\":\"https:\/\/www.padreeustaquio.com.br\/wp-content\/uploads\/2019\/08\/marca.png\",\"contentUrl\":\"https:\/\/www.padreeustaquio.com.br\/wp-content\/uploads\/2019\/08\/marca.png\",\"width\":350,\"height\":400,\"caption\":\"Padre Eust\u00e1quio\"},\"image\":{\"@id\":\"https:\/\/www.padreeustaquio.com.br\/#\/schema\/logo\/image\/\"},\"sameAs\":[\"https:\/\/www.facebook.com\/beatopadreeustaquio\/\",\"https:\/\/x.com\/beatopeustaquio\",\"https:\/\/www.instagram.com\/beatopadreeustaquio\/\",\"https:\/\/www.youtube.com\/channel\/UCRhw7vfabnajwLxb1ZXMeIw\"]},{\"@type\":\"Person\",\"@id\":\"https:\/\/www.padreeustaquio.com.br\/#\/schema\/person\/a2a51db1d00f1a7af0204a0f1ddb1566\",\"name\":\"@sscc\",\"image\":{\"@type\":\"ImageObject\",\"inLanguage\":\"en-US\",\"@id\":\"https:\/\/secure.gravatar.com\/avatar\/68cfafa5f44617fea54071e215026e0ff06be366c3d54a8425f04fdcb86f8c5f?s=96&d=mm&r=g\",\"url\":\"https:\/\/secure.gravatar.com\/avatar\/68cfafa5f44617fea54071e215026e0ff06be366c3d54a8425f04fdcb86f8c5f?s=96&d=mm&r=g\",\"contentUrl\":\"https:\/\/secure.gravatar.com\/avatar\/68cfafa5f44617fea54071e215026e0ff06be366c3d54a8425f04fdcb86f8c5f?s=96&d=mm&r=g\",\"caption\":\"@sscc\"},\"url\":\"https:\/\/www.padreeustaquio.com.br\/en\/author\/sscc\/\"}]}<\/script>\n<!-- \/ Yoast SEO plugin. -->","yoast_head_json":{"title":"Padre Eust\u00e1quio Church honors grandparents on their dedicated day - Padre Eust\u00e1quio","robots":{"index":"index","follow":"follow","max-snippet":"max-snippet:-1","max-image-preview":"max-image-preview:large","max-video-preview":"max-video-preview:-1"},"canonical":"https:\/\/www.padreeustaquio.com.br\/en\/father-eustaquios-church-honors-grandparents-on-the-day-dedicated-to-them\/","og_locale":"en_US","og_type":"article","og_title":"Igreja Padre Eust\u00e1quio homenageia os av\u00f3s no dia dedicado \u00e0 eles - Padre Eust\u00e1quio","og_description":"Durante a celebra\u00e7\u00e3o da Santa Missa, \u00e0s 10h, o Padre Marcus Vin\u00edcius, SSCC, rezou na inten\u00e7\u00e3o de todos os av\u00f3s dos paroquianos e devotos de Padre Eust\u00e1quio. No in\u00edcio da missa, ele pediu para que as pessoas que acompanhavam de casa, pelo Canal Padre Eust\u00e1quio, do YouTube, pegassem uma foto do vov\u00f4 ou da vov\u00f3 para colocar pertinho da TV ou do celular para celebrar na inten\u00e7\u00e3o deles. Muitos enviaram as fotos para o Santu\u00e1rio, ent\u00e3o, resolvemos homenagear a todos a partir das fotos enviadas para n\u00f3s. Aos vov\u00f4s e as vov\u00f3s que ainda est\u00e3o conosco, &#8220;Sa\u00fade e Paz&#8221;! \u00c0queles [&hellip;]","og_url":"https:\/\/www.padreeustaquio.com.br\/en\/father-eustaquios-church-honors-grandparents-on-the-day-dedicated-to-them\/","og_site_name":"Padre Eust\u00e1quio","article_publisher":"https:\/\/www.facebook.com\/beatopadreeustaquio\/","article_published_time":"2020-07-27T11:26:04+00:00","article_modified_time":"2020-07-29T11:52:19+00:00","og_image":[{"width":467,"height":296,"url":"https:\/\/www.padreeustaquio.com.br\/wp-content\/uploads\/2020\/07\/Dia-dos-Avos.png","type":"image\/png"}],"author":"@sscc","twitter_card":"summary_large_image","twitter_creator":"@beatopeustaquio","twitter_site":"@beatopeustaquio","twitter_misc":{"Written by":"@sscc","Est. reading time":"1 minute"},"schema":{"@context":"https:\/\/schema.org","@graph":[{"@type":"Article","@id":"https:\/\/www.padreeustaquio.com.br\/igreja-do-padre-eustaquio-homenageia-os-avos-no-dia-dedicado-a-eles\/#article","isPartOf":{"@id":"https:\/\/www.padreeustaquio.com.br\/igreja-do-padre-eustaquio-homenageia-os-avos-no-dia-dedicado-a-eles\/"},"author":{"name":"@sscc","@id":"https:\/\/www.padreeustaquio.com.br\/#\/schema\/person\/a2a51db1d00f1a7af0204a0f1ddb1566"},"headline":"Igreja Padre Eust\u00e1quio homenageia os av\u00f3s no dia dedicado \u00e0 eles","datePublished":"2020-07-27T11:26:04+00:00","dateModified":"2020-07-29T11:52:19+00:00","mainEntityOfPage":{"@id":"https:\/\/www.padreeustaquio.com.br\/igreja-do-padre-eustaquio-homenageia-os-avos-no-dia-dedicado-a-eles\/"},"wordCount":149,"commentCount":0,"publisher":{"@id":"https:\/\/www.padreeustaquio.com.br\/#organization"},"image":{"@id":"https:\/\/www.padreeustaquio.com.br\/igreja-do-padre-eustaquio-homenageia-os-avos-no-dia-dedicado-a-eles\/#primaryimage"},"thumbnailUrl":"https:\/\/www.padreeustaquio.com.br\/wp-content\/uploads\/2020\/07\/Dia-dos-Avos.png","articleSection":["Not\u00edcias"],"inLanguage":"en-US","potentialAction":[{"@type":"CommentAction","name":"Comment","target":["https:\/\/www.padreeustaquio.com.br\/igreja-do-padre-eustaquio-homenageia-os-avos-no-dia-dedicado-a-eles\/#respond"]}]},{"@type":"WebPage","@id":"https:\/\/www.padreeustaquio.com.br\/igreja-do-padre-eustaquio-homenageia-os-avos-no-dia-dedicado-a-eles\/","url":"https:\/\/www.padreeustaquio.com.br\/igreja-do-padre-eustaquio-homenageia-os-avos-no-dia-dedicado-a-eles\/","name":"Padre Eust\u00e1quio Church honors grandparents on their dedicated day - Padre Eust\u00e1quio","isPartOf":{"@id":"https:\/\/www.padreeustaquio.com.br\/#website"},"primaryImageOfPage":{"@id":"https:\/\/www.padreeustaquio.com.br\/igreja-do-padre-eustaquio-homenageia-os-avos-no-dia-dedicado-a-eles\/#primaryimage"},"image":{"@id":"https:\/\/www.padreeustaquio.com.br\/igreja-do-padre-eustaquio-homenageia-os-avos-no-dia-dedicado-a-eles\/#primaryimage"},"thumbnailUrl":"https:\/\/www.padreeustaquio.com.br\/wp-content\/uploads\/2020\/07\/Dia-dos-Avos.png","datePublished":"2020-07-27T11:26:04+00:00","dateModified":"2020-07-29T11:52:19+00:00","breadcrumb":{"@id":"https:\/\/www.padreeustaquio.com.br\/igreja-do-padre-eustaquio-homenageia-os-avos-no-dia-dedicado-a-eles\/#breadcrumb"},"inLanguage":"en-US","potentialAction":[{"@type":"ReadAction","target":["https:\/\/www.padreeustaquio.com.br\/igreja-do-padre-eustaquio-homenageia-os-avos-no-dia-dedicado-a-eles\/"]}]},{"@type":"ImageObject","inLanguage":"en-US","@id":"https:\/\/www.padreeustaquio.com.br\/igreja-do-padre-eustaquio-homenageia-os-avos-no-dia-dedicado-a-eles\/#primaryimage","url":"https:\/\/www.padreeustaquio.com.br\/wp-content\/uploads\/2020\/07\/Dia-dos-Avos.png","contentUrl":"https:\/\/www.padreeustaquio.com.br\/wp-content\/uploads\/2020\/07\/Dia-dos-Avos.png","width":467,"height":296},{"@type":"BreadcrumbList","@id":"https:\/\/www.padreeustaquio.com.br\/igreja-do-padre-eustaquio-homenageia-os-avos-no-dia-dedicado-a-eles\/#breadcrumb","itemListElement":[{"@type":"ListItem","position":1,"name":"In\u00edcio","item":"https:\/\/www.padreeustaquio.com.br\/"},{"@type":"ListItem","position":2,"name":"Igreja Padre Eust\u00e1quio homenageia os av\u00f3s no dia dedicado \u00e0 eles"}]},{"@type":"WebSite","@id":"https:\/\/www.padreeustaquio.com.br\/#website","url":"https:\/\/www.padreeustaquio.com.br\/","name":"FATHER EUST\u00c1QUIO","description":"Health and Peace","publisher":{"@id":"https:\/\/www.padreeustaquio.com.br\/#organization"},"potentialAction":[{"@type":"SearchAction","target":{"@type":"EntryPoint","urlTemplate":"https:\/\/www.padreeustaquio.com.br\/?s={search_term_string}"},"query-input":{"@type":"PropertyValueSpecification","valueRequired":true,"valueName":"search_term_string"}}],"inLanguage":"en-US"},{"@type":"Organization","@id":"https:\/\/www.padreeustaquio.com.br\/#organization","name":"FATHER EUST\u00c1QUIO","url":"https:\/\/www.padreeustaquio.com.br\/","logo":{"@type":"ImageObject","inLanguage":"en-US","@id":"https:\/\/www.padreeustaquio.com.br\/#\/schema\/logo\/image\/","url":"https:\/\/www.padreeustaquio.com.br\/wp-content\/uploads\/2019\/08\/marca.png","contentUrl":"https:\/\/www.padreeustaquio.com.br\/wp-content\/uploads\/2019\/08\/marca.png","width":350,"height":400,"caption":"Padre Eust\u00e1quio"},"image":{"@id":"https:\/\/www.padreeustaquio.com.br\/#\/schema\/logo\/image\/"},"sameAs":["https:\/\/www.facebook.com\/beatopadreeustaquio\/","https:\/\/x.com\/beatopeustaquio","https:\/\/www.instagram.com\/beatopadreeustaquio\/","https:\/\/www.youtube.com\/channel\/UCRhw7vfabnajwLxb1ZXMeIw"]},{"@type":"Person","@id":"https:\/\/www.padreeustaquio.com.br\/#\/schema\/person\/a2a51db1d00f1a7af0204a0f1ddb1566","name":"@sscc","image":{"@type":"ImageObject","inLanguage":"en-US","@id":"https:\/\/secure.gravatar.com\/avatar\/68cfafa5f44617fea54071e215026e0ff06be366c3d54a8425f04fdcb86f8c5f?s=96&d=mm&r=g","url":"https:\/\/secure.gravatar.com\/avatar\/68cfafa5f44617fea54071e215026e0ff06be366c3d54a8425f04fdcb86f8c5f?s=96&d=mm&r=g","contentUrl":"https:\/\/secure.gravatar.com\/avatar\/68cfafa5f44617fea54071e215026e0ff06be366c3d54a8425f04fdcb86f8c5f?s=96&d=mm&r=g","caption":"@sscc"},"url":"https:\/\/www.padreeustaquio.com.br\/en\/author\/sscc\/"}]}},"_links":{"self":[{"href":"https:\/\/www.padreeustaquio.com.br\/en\/wp-json\/wp\/v2\/posts\/4443","targetHints":{"allow":["GET"]}}],"collection":[{"href":"https:\/\/www.padreeustaquio.com.br\/en\/wp-json\/wp\/v2\/posts"}],"about":[{"href":"https:\/\/www.padreeustaquio.com.br\/en\/wp-json\/wp\/v2\/types\/post"}],"author":[{"embeddable":true,"href":"https:\/\/www.padreeustaquio.com.br\/en\/wp-json\/wp\/v2\/users\/2"}],"replies":[{"embeddable":true,"href":"https:\/\/www.padreeustaquio.com.br\/en\/wp-json\/wp\/v2\/comments?post=4443"}],"version-history":[{"count":0,"href":"https:\/\/www.padreeustaquio.com.br\/en\/wp-json\/wp\/v2\/posts\/4443\/revisions"}],"wp:featuredmedia":[{"embeddable":true,"href":"https:\/\/www.padreeustaquio.com.br\/en\/wp-json\/wp\/v2\/media\/4444"}],"wp:attachment":[{"href":"https:\/\/www.padreeustaquio.com.br\/en\/wp-json\/wp\/v2\/media?parent=4443"}],"wp:term":[{"taxonomy":"category","embeddable":true,"href":"https:\/\/www.padreeustaquio.com.br\/en\/wp-json\/wp\/v2\/categories?post=4443"},{"taxonomy":"post_tag","embeddable":true,"href":"https:\/\/www.padreeustaquio.com.br\/en\/wp-json\/wp\/v2\/tags?post=4443"}],"curies":[{"name":"wp","href":"https:\/\/api.w.org\/{rel}","templated":true}]}}