{"id":4434,"date":"2020-07-21T09:06:12","date_gmt":"2020-07-21T12:06:12","guid":{"rendered":"https:\/\/www.padreeustaquio.com.br\/?p=4434"},"modified":"2020-07-21T09:07:22","modified_gmt":"2020-07-21T12:07:22","slug":"catechesis-for-baptism-and-confirmation-through-the-media","status":"publish","type":"post","link":"https:\/\/www.padreeustaquio.com.br\/en\/catechesis-for-baptism-and-confirmation-through-the-media\/","title":{"rendered":"Catechesis for Baptism and Confirmation through the media."},"content":{"rendered":"<p>The Archdiocesan Biblical-Catechetical Secretariat (Sabic) and the Cathedral Network of Catholic Communication are broadcasting, until the end of July, a series of programs offering catechetical formation for the faithful, especially those preparing for the sacraments of Baptism and Confirmation.<\/p>\n<p>Until the last week of July, on Saturdays, you can follow the Confirmation Catechesis at\u00a0<strong>2:30 PM<\/strong>\u00a0for the\u00a0<strong>Radio America<\/strong>\u00a0(AM-750) and at\u00a0<strong>5:30 PM<\/strong>\u00a0for the\u00a0<strong>TV Horizon\u00a0<\/strong>(Channel 30 \u2013 free and open signal). Everyone is invited to watch the programs, carefully prepared by the Biblical-Catechetical Secretariat of the Archdiocese of Belo Horizonte.<\/p>\n<p>The Baptism Meetings have already ended, but you can access them through the channel of\u00a0<strong>YouTube channel of TV Horizonte.\u00a0<\/strong>All content offered in catechetical formation, including the complete series, will also be available to faith communities (<a href=\"https:\/\/www.youtube.com\/user\/tvhorizonte\">Click here<\/a>).<\/p>\n<p>The formation period, more than simply preparing the faithful to receive the sacraments, seeks to contribute to everyone&#039;s growth in the mission of evangelizing and to enabling them to live out the teachings of Jesus in their daily lives, whether at home, at work, or in other areas of society.<\/p>\n<p>With the aim of guiding faith communities on what this new form of catechesis is and will be like, prepared for the current moment of social isolation, Sabic and Rede Catedral present a brief document detailing the theme of each meeting and the methodology to be adopted. The full text is presented at the end of this article.<\/p>\n<p>Through these programs, TV Horizonte and the Archdiocesan Biblical-Catechetical Secretariat offer an important contribution to the formation of the faithful during this time of social isolation to combat the Covid-19 pandemic. During isolation, the faithful cannot congregate in churches. However, with the help of the media, they mature in their experience of faith from their homes.<\/p>\n<p><strong>Sabic guidelines on catechesis through the media.<\/strong><\/p>\n<p><strong>Confirmation and Baptism Catechesis<br \/>\non TV Horizonte and Radio Am\u00e9rica<\/strong><\/p>\n<p>The Archdiocesan Biblical-Catechetical Secretariat and the Cathedral Network (Radio Am\u00e9rica and TV Horizonte) have developed, during times of social isolation, when it is not possible to have in-person catechetical meetings, meetings in audio and video format for those preparing for Confirmation, as well as parents and godparents of baptismal catechesis.<\/p>\n<p>The meetings were prepared by very experienced catechists and recorded in the studios of TV Horizonte and R\u00e1dio Am\u00e9rica.<\/p>\n<p>The videos of the meetings will also be available on TV Horizonte&#039;s YouTube channel.<\/p>\n<p><strong>Regarding Confirmation Catechesis:<\/strong><\/p>\n<ol>\n<li>Twelve episodes will be broadcast, always on Saturdays, at 5:30 PM on TV Horizonte and at 2:30 PM on R\u00e1dio Am\u00e9rica.<\/li>\n<li>Those preparing for the Sacrament of Confirmation, who have begun their studies, will be able to continue their formation through Radio Am\u00e9rica, TV Horizonte, or YouTube.<\/li>\n<li>After the meeting is broadcast on Rede Catedral, the confirmation catechist can organize conversations via WhatsApp or another social network with their group of confirmation candidates about the topic presented that week.<\/li>\n<li>Confirmation candidates should watch the videos carefully, note down any questions, complete the assigned Bible readings, and share their findings with the catechist.<\/li>\n<li>Upon resuming in-person meetings, when possible (likely starting in August), the catechist will hold meetings with the confirmation candidates to share information about the videos they watched, and also to address any questions that may have arisen.<\/li>\n<li>The Catechesis Guidelines of our Archdiocese stipulate that Confirmation catechesis should have at least\u00a0<strong>30 meetings<\/strong>. Therefore, after the quarantine, catechists should continue with the topics that were not covered in detail during the 12 meetings offered by the Cathedral Network.<\/li>\n<li>The topics for the 12 meetings will be as follows:<\/li>\n<\/ol>\n<ul>\n<li>Death and resurrection of Jesus<\/li>\n<li>Jesus and the Kingdom of God<\/li>\n<li>Following Jesus today: being free<\/li>\n<li>Following Jesus today: loving without limits.<\/li>\n<li>The Holy Spirit: the action of Jesus in human life<\/li>\n<li>The Church, a community that continues the mission of Jesus.<\/li>\n<li>Sacraments, signs of God&#039;s grace in human life.<\/li>\n<li>The sacrament of baptism<\/li>\n<li>The Sacrament of Confirmation<\/li>\n<li>Eucharist: root and center of Christian life<\/li>\n<li>Forgiveness is sacred: the return to God and to the community.<\/li>\n<li>To be confirmed: faith in life, faith in humanity, faith in what is to come\u2026<\/li>\n<\/ul>\n<p><strong>Regarding Baptismal Catechesis<\/strong><\/p>\n<ol>\n<li>Nine sessions will be broadcast on the Cathedral Network for catechesis with parents who have already had or will have children in the coming months and will baptize the child in their parish community, when possible, after the quarantine.<\/li>\n<li>The meetings will be broadcast every Saturday at 5 PM on TV Horizonte, and at 2 PM on R\u00e1dio Am\u00e9rica.<\/li>\n<li>The godparents (if already chosen) should also attend.<\/li>\n<li>If the parents have already registered for Baptism catechesis at the parish, the catechists should contact them, ask to attend the meetings, and note down any questions.<\/li>\n<li>When possible, Baptism catechists may schedule (once a week, for example) virtual meetings (via social media) to share the content of the week&#039;s catechesis lessons.<\/li>\n<li>Another possibility is to make a video call to the parents and briefly discuss the theme of the week&#039;s meeting shown on Rede Catedral. In addition, follow the child&#039;s growth during this period, emphasizing that their life is a gift to the family, the community, and the world.<\/li>\n<li>After the quarantine, when it is possible to perform the baptism, the catechists should schedule a meeting with parents and godparents to share what they have learned and clarify any doubts. They should especially emphasize what is necessary regarding the celebration of Baptism.<\/li>\n<li>The topics for the 9 meetings will be as follows:<\/li>\n<\/ol>\n<ul>\n<li>The Baptism of Jesus<\/li>\n<li>History of the Sacrament of Baptism and its meaning.<\/li>\n<li>Celebrating the gift of Life<\/li>\n<li>God calls us by name.<\/li>\n<li>Water, the source of life.<\/li>\n<li>Anointed in the Lord<\/li>\n<li>The light of Christ illuminates us.<\/li>\n<li>Baptized in the faith of the Church<\/li>\n<li>The celebration of Baptism<\/li>\n<\/ul>\n<p><strong>Archdiocese of Belo Horizonte<br \/>\n<\/strong><strong>Archdiocesan Biblical-Catechetical Secretariat<\/p>\n<p>Source: arquidiocesebh.org.br<\/strong><\/p>","protected":false},"excerpt":{"rendered":"<p>O Secretariado Arquidiocesano B\u00edblico-Catequ\u00e9tico (Sabic) e a Rede Catedral de Comunica\u00e7\u00e3o Cat\u00f3lica transmitem, at\u00e9 o final de julho, uma s\u00e9rie de programas que oferece forma\u00e7\u00e3o catequ\u00e9tica para os fi\u00e9is, especialmente para os que se preparam para os sacramentos do Batismo e da Crisma. At\u00e9 a \u00faltima semana do m\u00eas de julho, aos s\u00e1bados, voc\u00ea pode acompanhar a Catequese da Crisma \u00e0s\u00a014h30\u00a0pela\u00a0R\u00e1dio Am\u00e9rica\u00a0(AM-750) e \u00e0s\u00a017h30\u00a0pela\u00a0TV Horizonte\u00a0(Canal 30 \u2013 sinal aberto e gratuito). Todos s\u00e3o convidados a acompanhar os programas, cuidadosamente preparados pelo Secretariado B\u00edblico-Catequ\u00e9tico da Arquidiocese de Belo Horizonte. Os Encontros do Batismo j\u00e1 foram encerrados, mas voc\u00ea pode acess\u00e1-los pelo [&hellip;]<\/p>\n","protected":false},"author":2,"featured_media":4436,"comment_status":"open","ping_status":"open","sticky":false,"template":"","format":"standard","meta":{"_acf_changed":false,"footnotes":""},"categories":[611],"tags":[],"class_list":["post-4434","post","type-post","status-publish","format-standard","has-post-thumbnail","hentry","category-noticias"],"acf":[],"yoast_head":"<!-- This site is optimized with the Yoast SEO plugin v27.2 - https:\/\/yoast.com\/product\/yoast-seo-wordpress\/ -->\n<title>Catequese do Batismo e da Crisma a partir dos meios de comunica\u00e7\u00e3o - Padre Eust\u00e1quio<\/title>\n<meta name=\"robots\" content=\"index, follow, max-snippet:-1, max-image-preview:large, max-video-preview:-1\" \/>\n<link rel=\"canonical\" href=\"https:\/\/www.padreeustaquio.com.br\/en\/catechesis-for-baptism-and-confirmation-through-the-media\/\" \/>\n<meta property=\"og:locale\" content=\"en_US\" \/>\n<meta property=\"og:type\" content=\"article\" \/>\n<meta property=\"og:title\" content=\"Catequese do Batismo e da Crisma a partir dos meios de comunica\u00e7\u00e3o - Padre Eust\u00e1quio\" \/>\n<meta property=\"og:description\" content=\"O Secretariado Arquidiocesano B\u00edblico-Catequ\u00e9tico (Sabic) e a Rede Catedral de Comunica\u00e7\u00e3o Cat\u00f3lica transmitem, at\u00e9 o final de julho, uma s\u00e9rie de programas que oferece forma\u00e7\u00e3o catequ\u00e9tica para os fi\u00e9is, especialmente para os que se preparam para os sacramentos do Batismo e da Crisma. At\u00e9 a \u00faltima semana do m\u00eas de julho, aos s\u00e1bados, voc\u00ea pode acompanhar a Catequese da Crisma \u00e0s\u00a014h30\u00a0pela\u00a0R\u00e1dio Am\u00e9rica\u00a0(AM-750) e \u00e0s\u00a017h30\u00a0pela\u00a0TV Horizonte\u00a0(Canal 30 \u2013 sinal aberto e gratuito). Todos s\u00e3o convidados a acompanhar os programas, cuidadosamente preparados pelo Secretariado B\u00edblico-Catequ\u00e9tico da Arquidiocese de Belo Horizonte. Os Encontros do Batismo j\u00e1 foram encerrados, mas voc\u00ea pode acess\u00e1-los pelo [&hellip;]\" \/>\n<meta property=\"og:url\" content=\"https:\/\/www.padreeustaquio.com.br\/en\/catechesis-for-baptism-and-confirmation-through-the-media\/\" \/>\n<meta property=\"og:site_name\" content=\"Padre Eust\u00e1quio\" \/>\n<meta property=\"article:publisher\" content=\"https:\/\/www.facebook.com\/beatopadreeustaquio\/\" \/>\n<meta property=\"article:published_time\" content=\"2020-07-21T12:06:12+00:00\" \/>\n<meta property=\"article:modified_time\" content=\"2020-07-21T12:07:22+00:00\" \/>\n<meta property=\"og:image\" content=\"https:\/\/www.padreeustaquio.com.br\/wp-content\/uploads\/2020\/07\/Catequese-batismo-e-crisma.jpg\" \/>\n\t<meta property=\"og:image:width\" content=\"401\" \/>\n\t<meta property=\"og:image:height\" content=\"200\" \/>\n\t<meta property=\"og:image:type\" content=\"image\/jpeg\" \/>\n<meta name=\"author\" content=\"@sscc\" \/>\n<meta name=\"twitter:card\" content=\"summary_large_image\" \/>\n<meta name=\"twitter:creator\" content=\"@beatopeustaquio\" \/>\n<meta name=\"twitter:site\" content=\"@beatopeustaquio\" \/>\n<meta name=\"twitter:label1\" content=\"Written by\" \/>\n\t<meta name=\"twitter:data1\" content=\"@sscc\" \/>\n\t<meta name=\"twitter:label2\" content=\"Est. reading time\" \/>\n\t<meta name=\"twitter:data2\" content=\"5 minutes\" \/>\n<script type=\"application\/ld+json\" class=\"yoast-schema-graph\">{\"@context\":\"https:\/\/schema.org\",\"@graph\":[{\"@type\":\"Article\",\"@id\":\"https:\/\/www.padreeustaquio.com.br\/catequese-do-batismo-e-da-crisma-a-partir-dos-meios-de-comunicacao\/#article\",\"isPartOf\":{\"@id\":\"https:\/\/www.padreeustaquio.com.br\/catequese-do-batismo-e-da-crisma-a-partir-dos-meios-de-comunicacao\/\"},\"author\":{\"name\":\"@sscc\",\"@id\":\"https:\/\/www.padreeustaquio.com.br\/#\/schema\/person\/a2a51db1d00f1a7af0204a0f1ddb1566\"},\"headline\":\"Catequese do Batismo e da Crisma a partir dos meios de comunica\u00e7\u00e3o\",\"datePublished\":\"2020-07-21T12:06:12+00:00\",\"dateModified\":\"2020-07-21T12:07:22+00:00\",\"mainEntityOfPage\":{\"@id\":\"https:\/\/www.padreeustaquio.com.br\/catequese-do-batismo-e-da-crisma-a-partir-dos-meios-de-comunicacao\/\"},\"wordCount\":1077,\"commentCount\":0,\"publisher\":{\"@id\":\"https:\/\/www.padreeustaquio.com.br\/#organization\"},\"image\":{\"@id\":\"https:\/\/www.padreeustaquio.com.br\/catequese-do-batismo-e-da-crisma-a-partir-dos-meios-de-comunicacao\/#primaryimage\"},\"thumbnailUrl\":\"https:\/\/www.padreeustaquio.com.br\/wp-content\/uploads\/2020\/07\/Catequese-batismo-e-crisma.jpg\",\"articleSection\":[\"Not\u00edcias\"],\"inLanguage\":\"en-US\",\"potentialAction\":[{\"@type\":\"CommentAction\",\"name\":\"Comment\",\"target\":[\"https:\/\/www.padreeustaquio.com.br\/catequese-do-batismo-e-da-crisma-a-partir-dos-meios-de-comunicacao\/#respond\"]}]},{\"@type\":\"WebPage\",\"@id\":\"https:\/\/www.padreeustaquio.com.br\/catequese-do-batismo-e-da-crisma-a-partir-dos-meios-de-comunicacao\/\",\"url\":\"https:\/\/www.padreeustaquio.com.br\/catequese-do-batismo-e-da-crisma-a-partir-dos-meios-de-comunicacao\/\",\"name\":\"Catequese do Batismo e da Crisma a partir dos meios de comunica\u00e7\u00e3o - Padre Eust\u00e1quio\",\"isPartOf\":{\"@id\":\"https:\/\/www.padreeustaquio.com.br\/#website\"},\"primaryImageOfPage\":{\"@id\":\"https:\/\/www.padreeustaquio.com.br\/catequese-do-batismo-e-da-crisma-a-partir-dos-meios-de-comunicacao\/#primaryimage\"},\"image\":{\"@id\":\"https:\/\/www.padreeustaquio.com.br\/catequese-do-batismo-e-da-crisma-a-partir-dos-meios-de-comunicacao\/#primaryimage\"},\"thumbnailUrl\":\"https:\/\/www.padreeustaquio.com.br\/wp-content\/uploads\/2020\/07\/Catequese-batismo-e-crisma.jpg\",\"datePublished\":\"2020-07-21T12:06:12+00:00\",\"dateModified\":\"2020-07-21T12:07:22+00:00\",\"breadcrumb\":{\"@id\":\"https:\/\/www.padreeustaquio.com.br\/catequese-do-batismo-e-da-crisma-a-partir-dos-meios-de-comunicacao\/#breadcrumb\"},\"inLanguage\":\"en-US\",\"potentialAction\":[{\"@type\":\"ReadAction\",\"target\":[\"https:\/\/www.padreeustaquio.com.br\/catequese-do-batismo-e-da-crisma-a-partir-dos-meios-de-comunicacao\/\"]}]},{\"@type\":\"ImageObject\",\"inLanguage\":\"en-US\",\"@id\":\"https:\/\/www.padreeustaquio.com.br\/catequese-do-batismo-e-da-crisma-a-partir-dos-meios-de-comunicacao\/#primaryimage\",\"url\":\"https:\/\/www.padreeustaquio.com.br\/wp-content\/uploads\/2020\/07\/Catequese-batismo-e-crisma.jpg\",\"contentUrl\":\"https:\/\/www.padreeustaquio.com.br\/wp-content\/uploads\/2020\/07\/Catequese-batismo-e-crisma.jpg\",\"width\":401,\"height\":200},{\"@type\":\"BreadcrumbList\",\"@id\":\"https:\/\/www.padreeustaquio.com.br\/catequese-do-batismo-e-da-crisma-a-partir-dos-meios-de-comunicacao\/#breadcrumb\",\"itemListElement\":[{\"@type\":\"ListItem\",\"position\":1,\"name\":\"In\u00edcio\",\"item\":\"https:\/\/www.padreeustaquio.com.br\/\"},{\"@type\":\"ListItem\",\"position\":2,\"name\":\"Catequese do Batismo e da Crisma a partir dos meios de comunica\u00e7\u00e3o\"}]},{\"@type\":\"WebSite\",\"@id\":\"https:\/\/www.padreeustaquio.com.br\/#website\",\"url\":\"https:\/\/www.padreeustaquio.com.br\/\",\"name\":\"Padre Eust\u00e1quio\",\"description\":\"Sa\u00fade e Paz\",\"publisher\":{\"@id\":\"https:\/\/www.padreeustaquio.com.br\/#organization\"},\"potentialAction\":[{\"@type\":\"SearchAction\",\"target\":{\"@type\":\"EntryPoint\",\"urlTemplate\":\"https:\/\/www.padreeustaquio.com.br\/?s={search_term_string}\"},\"query-input\":{\"@type\":\"PropertyValueSpecification\",\"valueRequired\":true,\"valueName\":\"search_term_string\"}}],\"inLanguage\":\"en-US\"},{\"@type\":\"Organization\",\"@id\":\"https:\/\/www.padreeustaquio.com.br\/#organization\",\"name\":\"Padre Eust\u00e1quio\",\"url\":\"https:\/\/www.padreeustaquio.com.br\/\",\"logo\":{\"@type\":\"ImageObject\",\"inLanguage\":\"en-US\",\"@id\":\"https:\/\/www.padreeustaquio.com.br\/#\/schema\/logo\/image\/\",\"url\":\"https:\/\/www.padreeustaquio.com.br\/wp-content\/uploads\/2019\/08\/marca.png\",\"contentUrl\":\"https:\/\/www.padreeustaquio.com.br\/wp-content\/uploads\/2019\/08\/marca.png\",\"width\":350,\"height\":400,\"caption\":\"Padre Eust\u00e1quio\"},\"image\":{\"@id\":\"https:\/\/www.padreeustaquio.com.br\/#\/schema\/logo\/image\/\"},\"sameAs\":[\"https:\/\/www.facebook.com\/beatopadreeustaquio\/\",\"https:\/\/x.com\/beatopeustaquio\",\"https:\/\/www.instagram.com\/beatopadreeustaquio\/\",\"https:\/\/www.youtube.com\/channel\/UCRhw7vfabnajwLxb1ZXMeIw\"]},{\"@type\":\"Person\",\"@id\":\"https:\/\/www.padreeustaquio.com.br\/#\/schema\/person\/a2a51db1d00f1a7af0204a0f1ddb1566\",\"name\":\"@sscc\",\"image\":{\"@type\":\"ImageObject\",\"inLanguage\":\"en-US\",\"@id\":\"https:\/\/secure.gravatar.com\/avatar\/68cfafa5f44617fea54071e215026e0ff06be366c3d54a8425f04fdcb86f8c5f?s=96&d=mm&r=g\",\"url\":\"https:\/\/secure.gravatar.com\/avatar\/68cfafa5f44617fea54071e215026e0ff06be366c3d54a8425f04fdcb86f8c5f?s=96&d=mm&r=g\",\"contentUrl\":\"https:\/\/secure.gravatar.com\/avatar\/68cfafa5f44617fea54071e215026e0ff06be366c3d54a8425f04fdcb86f8c5f?s=96&d=mm&r=g\",\"caption\":\"@sscc\"},\"url\":\"https:\/\/www.padreeustaquio.com.br\/en\/author\/sscc\/\"}]}<\/script>\n<!-- \/ Yoast SEO plugin. -->","yoast_head_json":{"title":"Catechesis of Baptism and Confirmation through the media - Father Eust\u00e1quio","robots":{"index":"index","follow":"follow","max-snippet":"max-snippet:-1","max-image-preview":"max-image-preview:large","max-video-preview":"max-video-preview:-1"},"canonical":"https:\/\/www.padreeustaquio.com.br\/en\/catechesis-for-baptism-and-confirmation-through-the-media\/","og_locale":"en_US","og_type":"article","og_title":"Catequese do Batismo e da Crisma a partir dos meios de comunica\u00e7\u00e3o - Padre Eust\u00e1quio","og_description":"O Secretariado Arquidiocesano B\u00edblico-Catequ\u00e9tico (Sabic) e a Rede Catedral de Comunica\u00e7\u00e3o Cat\u00f3lica transmitem, at\u00e9 o final de julho, uma s\u00e9rie de programas que oferece forma\u00e7\u00e3o catequ\u00e9tica para os fi\u00e9is, especialmente para os que se preparam para os sacramentos do Batismo e da Crisma. At\u00e9 a \u00faltima semana do m\u00eas de julho, aos s\u00e1bados, voc\u00ea pode acompanhar a Catequese da Crisma \u00e0s\u00a014h30\u00a0pela\u00a0R\u00e1dio Am\u00e9rica\u00a0(AM-750) e \u00e0s\u00a017h30\u00a0pela\u00a0TV Horizonte\u00a0(Canal 30 \u2013 sinal aberto e gratuito). Todos s\u00e3o convidados a acompanhar os programas, cuidadosamente preparados pelo Secretariado B\u00edblico-Catequ\u00e9tico da Arquidiocese de Belo Horizonte. Os Encontros do Batismo j\u00e1 foram encerrados, mas voc\u00ea pode acess\u00e1-los pelo [&hellip;]","og_url":"https:\/\/www.padreeustaquio.com.br\/en\/catechesis-for-baptism-and-confirmation-through-the-media\/","og_site_name":"Padre Eust\u00e1quio","article_publisher":"https:\/\/www.facebook.com\/beatopadreeustaquio\/","article_published_time":"2020-07-21T12:06:12+00:00","article_modified_time":"2020-07-21T12:07:22+00:00","og_image":[{"width":401,"height":200,"url":"https:\/\/www.padreeustaquio.com.br\/wp-content\/uploads\/2020\/07\/Catequese-batismo-e-crisma.jpg","type":"image\/jpeg"}],"author":"@sscc","twitter_card":"summary_large_image","twitter_creator":"@beatopeustaquio","twitter_site":"@beatopeustaquio","twitter_misc":{"Written by":"@sscc","Est. reading time":"5 minutes"},"schema":{"@context":"https:\/\/schema.org","@graph":[{"@type":"Article","@id":"https:\/\/www.padreeustaquio.com.br\/catequese-do-batismo-e-da-crisma-a-partir-dos-meios-de-comunicacao\/#article","isPartOf":{"@id":"https:\/\/www.padreeustaquio.com.br\/catequese-do-batismo-e-da-crisma-a-partir-dos-meios-de-comunicacao\/"},"author":{"name":"@sscc","@id":"https:\/\/www.padreeustaquio.com.br\/#\/schema\/person\/a2a51db1d00f1a7af0204a0f1ddb1566"},"headline":"Catequese do Batismo e da Crisma a partir dos meios de comunica\u00e7\u00e3o","datePublished":"2020-07-21T12:06:12+00:00","dateModified":"2020-07-21T12:07:22+00:00","mainEntityOfPage":{"@id":"https:\/\/www.padreeustaquio.com.br\/catequese-do-batismo-e-da-crisma-a-partir-dos-meios-de-comunicacao\/"},"wordCount":1077,"commentCount":0,"publisher":{"@id":"https:\/\/www.padreeustaquio.com.br\/#organization"},"image":{"@id":"https:\/\/www.padreeustaquio.com.br\/catequese-do-batismo-e-da-crisma-a-partir-dos-meios-de-comunicacao\/#primaryimage"},"thumbnailUrl":"https:\/\/www.padreeustaquio.com.br\/wp-content\/uploads\/2020\/07\/Catequese-batismo-e-crisma.jpg","articleSection":["Not\u00edcias"],"inLanguage":"en-US","potentialAction":[{"@type":"CommentAction","name":"Comment","target":["https:\/\/www.padreeustaquio.com.br\/catequese-do-batismo-e-da-crisma-a-partir-dos-meios-de-comunicacao\/#respond"]}]},{"@type":"WebPage","@id":"https:\/\/www.padreeustaquio.com.br\/catequese-do-batismo-e-da-crisma-a-partir-dos-meios-de-comunicacao\/","url":"https:\/\/www.padreeustaquio.com.br\/catequese-do-batismo-e-da-crisma-a-partir-dos-meios-de-comunicacao\/","name":"Catechesis of Baptism and Confirmation through the media - Father Eust\u00e1quio","isPartOf":{"@id":"https:\/\/www.padreeustaquio.com.br\/#website"},"primaryImageOfPage":{"@id":"https:\/\/www.padreeustaquio.com.br\/catequese-do-batismo-e-da-crisma-a-partir-dos-meios-de-comunicacao\/#primaryimage"},"image":{"@id":"https:\/\/www.padreeustaquio.com.br\/catequese-do-batismo-e-da-crisma-a-partir-dos-meios-de-comunicacao\/#primaryimage"},"thumbnailUrl":"https:\/\/www.padreeustaquio.com.br\/wp-content\/uploads\/2020\/07\/Catequese-batismo-e-crisma.jpg","datePublished":"2020-07-21T12:06:12+00:00","dateModified":"2020-07-21T12:07:22+00:00","breadcrumb":{"@id":"https:\/\/www.padreeustaquio.com.br\/catequese-do-batismo-e-da-crisma-a-partir-dos-meios-de-comunicacao\/#breadcrumb"},"inLanguage":"en-US","potentialAction":[{"@type":"ReadAction","target":["https:\/\/www.padreeustaquio.com.br\/catequese-do-batismo-e-da-crisma-a-partir-dos-meios-de-comunicacao\/"]}]},{"@type":"ImageObject","inLanguage":"en-US","@id":"https:\/\/www.padreeustaquio.com.br\/catequese-do-batismo-e-da-crisma-a-partir-dos-meios-de-comunicacao\/#primaryimage","url":"https:\/\/www.padreeustaquio.com.br\/wp-content\/uploads\/2020\/07\/Catequese-batismo-e-crisma.jpg","contentUrl":"https:\/\/www.padreeustaquio.com.br\/wp-content\/uploads\/2020\/07\/Catequese-batismo-e-crisma.jpg","width":401,"height":200},{"@type":"BreadcrumbList","@id":"https:\/\/www.padreeustaquio.com.br\/catequese-do-batismo-e-da-crisma-a-partir-dos-meios-de-comunicacao\/#breadcrumb","itemListElement":[{"@type":"ListItem","position":1,"name":"In\u00edcio","item":"https:\/\/www.padreeustaquio.com.br\/"},{"@type":"ListItem","position":2,"name":"Catequese do Batismo e da Crisma a partir dos meios de comunica\u00e7\u00e3o"}]},{"@type":"WebSite","@id":"https:\/\/www.padreeustaquio.com.br\/#website","url":"https:\/\/www.padreeustaquio.com.br\/","name":"FATHER EUST\u00c1QUIO","description":"Health and Peace","publisher":{"@id":"https:\/\/www.padreeustaquio.com.br\/#organization"},"potentialAction":[{"@type":"SearchAction","target":{"@type":"EntryPoint","urlTemplate":"https:\/\/www.padreeustaquio.com.br\/?s={search_term_string}"},"query-input":{"@type":"PropertyValueSpecification","valueRequired":true,"valueName":"search_term_string"}}],"inLanguage":"en-US"},{"@type":"Organization","@id":"https:\/\/www.padreeustaquio.com.br\/#organization","name":"FATHER EUST\u00c1QUIO","url":"https:\/\/www.padreeustaquio.com.br\/","logo":{"@type":"ImageObject","inLanguage":"en-US","@id":"https:\/\/www.padreeustaquio.com.br\/#\/schema\/logo\/image\/","url":"https:\/\/www.padreeustaquio.com.br\/wp-content\/uploads\/2019\/08\/marca.png","contentUrl":"https:\/\/www.padreeustaquio.com.br\/wp-content\/uploads\/2019\/08\/marca.png","width":350,"height":400,"caption":"Padre Eust\u00e1quio"},"image":{"@id":"https:\/\/www.padreeustaquio.com.br\/#\/schema\/logo\/image\/"},"sameAs":["https:\/\/www.facebook.com\/beatopadreeustaquio\/","https:\/\/x.com\/beatopeustaquio","https:\/\/www.instagram.com\/beatopadreeustaquio\/","https:\/\/www.youtube.com\/channel\/UCRhw7vfabnajwLxb1ZXMeIw"]},{"@type":"Person","@id":"https:\/\/www.padreeustaquio.com.br\/#\/schema\/person\/a2a51db1d00f1a7af0204a0f1ddb1566","name":"@sscc","image":{"@type":"ImageObject","inLanguage":"en-US","@id":"https:\/\/secure.gravatar.com\/avatar\/68cfafa5f44617fea54071e215026e0ff06be366c3d54a8425f04fdcb86f8c5f?s=96&d=mm&r=g","url":"https:\/\/secure.gravatar.com\/avatar\/68cfafa5f44617fea54071e215026e0ff06be366c3d54a8425f04fdcb86f8c5f?s=96&d=mm&r=g","contentUrl":"https:\/\/secure.gravatar.com\/avatar\/68cfafa5f44617fea54071e215026e0ff06be366c3d54a8425f04fdcb86f8c5f?s=96&d=mm&r=g","caption":"@sscc"},"url":"https:\/\/www.padreeustaquio.com.br\/en\/author\/sscc\/"}]}},"_links":{"self":[{"href":"https:\/\/www.padreeustaquio.com.br\/en\/wp-json\/wp\/v2\/posts\/4434","targetHints":{"allow":["GET"]}}],"collection":[{"href":"https:\/\/www.padreeustaquio.com.br\/en\/wp-json\/wp\/v2\/posts"}],"about":[{"href":"https:\/\/www.padreeustaquio.com.br\/en\/wp-json\/wp\/v2\/types\/post"}],"author":[{"embeddable":true,"href":"https:\/\/www.padreeustaquio.com.br\/en\/wp-json\/wp\/v2\/users\/2"}],"replies":[{"embeddable":true,"href":"https:\/\/www.padreeustaquio.com.br\/en\/wp-json\/wp\/v2\/comments?post=4434"}],"version-history":[{"count":0,"href":"https:\/\/www.padreeustaquio.com.br\/en\/wp-json\/wp\/v2\/posts\/4434\/revisions"}],"wp:featuredmedia":[{"embeddable":true,"href":"https:\/\/www.padreeustaquio.com.br\/en\/wp-json\/wp\/v2\/media\/4436"}],"wp:attachment":[{"href":"https:\/\/www.padreeustaquio.com.br\/en\/wp-json\/wp\/v2\/media?parent=4434"}],"wp:term":[{"taxonomy":"category","embeddable":true,"href":"https:\/\/www.padreeustaquio.com.br\/en\/wp-json\/wp\/v2\/categories?post=4434"},{"taxonomy":"post_tag","embeddable":true,"href":"https:\/\/www.padreeustaquio.com.br\/en\/wp-json\/wp\/v2\/tags?post=4434"}],"curies":[{"name":"wp","href":"https:\/\/api.w.org\/{rel}","templated":true}]}}