{"id":4295,"date":"2020-06-26T11:35:25","date_gmt":"2020-06-26T14:35:25","guid":{"rendered":"https:\/\/www.padreeustaquio.com.br\/?p=4295"},"modified":"2020-06-26T11:35:25","modified_gmt":"2020-06-26T14:35:25","slug":"devotees-are-moved-during-the-festival-and-procession-of-the-sacred-hearts","status":"publish","type":"post","link":"https:\/\/www.padreeustaquio.com.br\/en\/devotees-are-moved-during-the-festival-and-procession-of-the-sacred-hearts\/","title":{"rendered":"Devotees are moved during the Sacred Hearts festival and procession."},"content":{"rendered":"<div>Devotees of the Sacred Hearts experienced moments of great faith and emotion this weekend. Priests, religious figures, and volunteers led celebrations that, despite the pandemic, involved the entire community.<\/div>\n<div><\/div>\n<div>On Friday the 19th, the Solemnity of the Sacred Heart of Jesus, the priests celebrated Holy Mass and then performed the rites for the Enthronement of images, shields, and prints. The faithful were able to follow along online and participate in the prayers, even from a distance.<\/div>\n<div><\/div>\n<div>The Sacred Heart of Mary was celebrated on Saturday the 20th with Holy Mass and prayers for Enthronement, also broadcast on the Padre Eust\u00e1quio YouTube channel.<\/div>\n<div><\/div>\n<div>On Sunday, the day the Congregation of the Sacred Hearts celebrates its patron saints, in addition to the Eucharist, the religious community also organized a procession through the streets of the Padre Eust\u00e1quio neighborhood. From their homes, devotees applauded, prayed, and paid homage to the Hearts of Jesus and Mary, many with tears in their eyes.<\/div>\n<div><\/div>\n<div>THE IMAGES<\/div>\n<div><\/div>\n<div>This Sunday&#039;s procession traveled through almost all the streets of the Padre Eust\u00e1quio neighborhood. On the float, adorned with many flowers by a team of parishioners, were the two images recently returned from extensive restoration. They were presented to the community after spending fifteen months being restored by a specialized company in S\u00e3o Paulo.<\/div>\n<div><\/div>\n<div>On March 19th of last year, during the celebration of Holy Mass at noon, an unidentified man entered the church with an iron bar in his hands and struck the doors and the two images located at the entrance of the temple several times. The faces and, especially, the hands of the sculptures were severely damaged. The entire restoration was only possible with the help and contribution of the entire community.<\/div>\n<div><\/div>\n<div>See the photos and share in the emotion with us:<\/div>\n<div><\/div>\n<div>\n\n\t\t<style type=\"text\/css\">\n\t\t\t#gallery-1 {\n\t\t\t\tmargin: auto;\n\t\t\t}\n\t\t\t#gallery-1 .gallery-item {\n\t\t\t\tfloat: left;\n\t\t\t\tmargin-top: 10px;\n\t\t\t\ttext-align: center;\n\t\t\t\twidth: 25%;\n\t\t\t}\n\t\t\t#gallery-1 img {\n\t\t\t\tborder: 2px solid #cfcfcf;\n\t\t\t}\n\t\t\t#gallery-1 .gallery-caption {\n\t\t\t\tmargin-left: 0;\n\t\t\t}\n\t\t\t\/* see gallery_shortcode() in wp-includes\/media.php *\/\n\t\t<\/style>\n\t\t<div id='gallery-1' class='gallery galleryid-4295 gallery-columns-4 gallery-size-thumbnail'><dl class='gallery-item'>\n\t\t\t<dt class='gallery-icon landscape'>\n\t\t\t\t<a href='https:\/\/www.padreeustaquio.com.br\/en\/devotees-are-moved-during-the-festival-and-procession-of-the-sacred-hearts\/_mg_6039_edited\/'><img decoding=\"async\" width=\"150\" height=\"150\" src=\"https:\/\/www.padreeustaquio.com.br\/wp-content\/uploads\/2020\/06\/MG_6039_edited-150x150.jpg\" class=\"attachment-thumbnail size-thumbnail\" alt=\"\" srcset=\"https:\/\/www.padreeustaquio.com.br\/wp-content\/uploads\/2020\/06\/MG_6039_edited-150x150.jpg 150w, https:\/\/www.padreeustaquio.com.br\/wp-content\/uploads\/2020\/06\/MG_6039_edited-180x180.jpg 180w, https:\/\/www.padreeustaquio.com.br\/wp-content\/uploads\/2020\/06\/MG_6039_edited-400x400.jpg 400w, https:\/\/www.padreeustaquio.com.br\/wp-content\/uploads\/2020\/06\/MG_6039_edited-600x600.jpg 600w\" sizes=\"(max-width: 150px) 100vw, 150px\" \/><\/a>\n\t\t\t<\/dt><\/dl><dl class='gallery-item'>\n\t\t\t<dt class='gallery-icon landscape'>\n\t\t\t\t<a href='https:\/\/www.padreeustaquio.com.br\/en\/devotees-are-moved-during-the-festival-and-procession-of-the-sacred-hearts\/_mg_6103_edited\/'><img decoding=\"async\" width=\"150\" height=\"150\" src=\"https:\/\/www.padreeustaquio.com.br\/wp-content\/uploads\/2020\/06\/MG_6103_edited-150x150.jpg\" class=\"attachment-thumbnail size-thumbnail\" alt=\"\" srcset=\"https:\/\/www.padreeustaquio.com.br\/wp-content\/uploads\/2020\/06\/MG_6103_edited-150x150.jpg 150w, https:\/\/www.padreeustaquio.com.br\/wp-content\/uploads\/2020\/06\/MG_6103_edited-180x180.jpg 180w, https:\/\/www.padreeustaquio.com.br\/wp-content\/uploads\/2020\/06\/MG_6103_edited-400x400.jpg 400w, https:\/\/www.padreeustaquio.com.br\/wp-content\/uploads\/2020\/06\/MG_6103_edited-600x600.jpg 600w\" sizes=\"(max-width: 150px) 100vw, 150px\" \/><\/a>\n\t\t\t<\/dt><\/dl><dl class='gallery-item'>\n\t\t\t<dt class='gallery-icon landscape'>\n\t\t\t\t<a href='https:\/\/www.padreeustaquio.com.br\/en\/devotees-are-moved-during-the-festival-and-procession-of-the-sacred-hearts\/_mg_6119_edited\/'><img decoding=\"async\" width=\"150\" height=\"150\" src=\"https:\/\/www.padreeustaquio.com.br\/wp-content\/uploads\/2020\/06\/MG_6119_edited-150x150.jpg\" class=\"attachment-thumbnail size-thumbnail\" alt=\"\" srcset=\"https:\/\/www.padreeustaquio.com.br\/wp-content\/uploads\/2020\/06\/MG_6119_edited-150x150.jpg 150w, https:\/\/www.padreeustaquio.com.br\/wp-content\/uploads\/2020\/06\/MG_6119_edited-180x180.jpg 180w, https:\/\/www.padreeustaquio.com.br\/wp-content\/uploads\/2020\/06\/MG_6119_edited-400x400.jpg 400w, https:\/\/www.padreeustaquio.com.br\/wp-content\/uploads\/2020\/06\/MG_6119_edited-600x600.jpg 600w\" sizes=\"(max-width: 150px) 100vw, 150px\" \/><\/a>\n\t\t\t<\/dt><\/dl><dl class='gallery-item'>\n\t\t\t<dt class='gallery-icon landscape'>\n\t\t\t\t<a href='https:\/\/www.padreeustaquio.com.br\/en\/devotees-are-moved-during-the-festival-and-procession-of-the-sacred-hearts\/_mg_6142_edited\/'><img loading=\"lazy\" decoding=\"async\" width=\"150\" height=\"150\" src=\"https:\/\/www.padreeustaquio.com.br\/wp-content\/uploads\/2020\/06\/MG_6142_edited-150x150.jpg\" class=\"attachment-thumbnail size-thumbnail\" alt=\"\" srcset=\"https:\/\/www.padreeustaquio.com.br\/wp-content\/uploads\/2020\/06\/MG_6142_edited-150x150.jpg 150w, https:\/\/www.padreeustaquio.com.br\/wp-content\/uploads\/2020\/06\/MG_6142_edited-180x180.jpg 180w, https:\/\/www.padreeustaquio.com.br\/wp-content\/uploads\/2020\/06\/MG_6142_edited-400x400.jpg 400w, https:\/\/www.padreeustaquio.com.br\/wp-content\/uploads\/2020\/06\/MG_6142_edited-600x600.jpg 600w\" sizes=\"(max-width: 150px) 100vw, 150px\" \/><\/a>\n\t\t\t<\/dt><\/dl><br style=\"clear: both\" \/><dl class='gallery-item'>\n\t\t\t<dt class='gallery-icon landscape'>\n\t\t\t\t<a href='https:\/\/www.padreeustaquio.com.br\/en\/devotees-are-moved-during-the-festival-and-procession-of-the-sacred-hearts\/_mg_6161_edited\/'><img loading=\"lazy\" decoding=\"async\" width=\"150\" height=\"150\" src=\"https:\/\/www.padreeustaquio.com.br\/wp-content\/uploads\/2020\/06\/MG_6161_edited-150x150.jpg\" class=\"attachment-thumbnail size-thumbnail\" alt=\"\" srcset=\"https:\/\/www.padreeustaquio.com.br\/wp-content\/uploads\/2020\/06\/MG_6161_edited-150x150.jpg 150w, https:\/\/www.padreeustaquio.com.br\/wp-content\/uploads\/2020\/06\/MG_6161_edited-180x180.jpg 180w, https:\/\/www.padreeustaquio.com.br\/wp-content\/uploads\/2020\/06\/MG_6161_edited-400x400.jpg 400w, https:\/\/www.padreeustaquio.com.br\/wp-content\/uploads\/2020\/06\/MG_6161_edited-600x600.jpg 600w\" sizes=\"(max-width: 150px) 100vw, 150px\" \/><\/a>\n\t\t\t<\/dt><\/dl><dl class='gallery-item'>\n\t\t\t<dt class='gallery-icon landscape'>\n\t\t\t\t<a href='https:\/\/www.padreeustaquio.com.br\/en\/devotees-are-moved-during-the-festival-and-procession-of-the-sacred-hearts\/_mg_6167_edited\/'><img loading=\"lazy\" decoding=\"async\" width=\"150\" height=\"150\" src=\"https:\/\/www.padreeustaquio.com.br\/wp-content\/uploads\/2020\/06\/MG_6167_edited-150x150.jpg\" class=\"attachment-thumbnail size-thumbnail\" alt=\"\" srcset=\"https:\/\/www.padreeustaquio.com.br\/wp-content\/uploads\/2020\/06\/MG_6167_edited-150x150.jpg 150w, https:\/\/www.padreeustaquio.com.br\/wp-content\/uploads\/2020\/06\/MG_6167_edited-180x180.jpg 180w, https:\/\/www.padreeustaquio.com.br\/wp-content\/uploads\/2020\/06\/MG_6167_edited-400x400.jpg 400w, https:\/\/www.padreeustaquio.com.br\/wp-content\/uploads\/2020\/06\/MG_6167_edited-600x600.jpg 600w\" sizes=\"(max-width: 150px) 100vw, 150px\" \/><\/a>\n\t\t\t<\/dt><\/dl><dl class='gallery-item'>\n\t\t\t<dt class='gallery-icon landscape'>\n\t\t\t\t<a href='https:\/\/www.padreeustaquio.com.br\/en\/devotees-are-moved-during-the-festival-and-procession-of-the-sacred-hearts\/_mg_6170_edited\/'><img loading=\"lazy\" decoding=\"async\" width=\"150\" height=\"150\" src=\"https:\/\/www.padreeustaquio.com.br\/wp-content\/uploads\/2020\/06\/MG_6170_edited-150x150.jpg\" class=\"attachment-thumbnail size-thumbnail\" alt=\"\" srcset=\"https:\/\/www.padreeustaquio.com.br\/wp-content\/uploads\/2020\/06\/MG_6170_edited-150x150.jpg 150w, https:\/\/www.padreeustaquio.com.br\/wp-content\/uploads\/2020\/06\/MG_6170_edited-180x180.jpg 180w, https:\/\/www.padreeustaquio.com.br\/wp-content\/uploads\/2020\/06\/MG_6170_edited-400x400.jpg 400w, https:\/\/www.padreeustaquio.com.br\/wp-content\/uploads\/2020\/06\/MG_6170_edited-600x600.jpg 600w\" sizes=\"(max-width: 150px) 100vw, 150px\" \/><\/a>\n\t\t\t<\/dt><\/dl><dl class='gallery-item'>\n\t\t\t<dt class='gallery-icon landscape'>\n\t\t\t\t<a href='https:\/\/www.padreeustaquio.com.br\/en\/devotees-are-moved-during-the-festival-and-procession-of-the-sacred-hearts\/_mg_6185_edited\/'><img loading=\"lazy\" decoding=\"async\" width=\"150\" height=\"150\" src=\"https:\/\/www.padreeustaquio.com.br\/wp-content\/uploads\/2020\/06\/MG_6185_edited-150x150.jpg\" class=\"attachment-thumbnail size-thumbnail\" alt=\"\" srcset=\"https:\/\/www.padreeustaquio.com.br\/wp-content\/uploads\/2020\/06\/MG_6185_edited-150x150.jpg 150w, https:\/\/www.padreeustaquio.com.br\/wp-content\/uploads\/2020\/06\/MG_6185_edited-180x180.jpg 180w, https:\/\/www.padreeustaquio.com.br\/wp-content\/uploads\/2020\/06\/MG_6185_edited-400x400.jpg 400w, https:\/\/www.padreeustaquio.com.br\/wp-content\/uploads\/2020\/06\/MG_6185_edited-600x600.jpg 600w\" sizes=\"(max-width: 150px) 100vw, 150px\" \/><\/a>\n\t\t\t<\/dt><\/dl><br style=\"clear: both\" \/><dl class='gallery-item'>\n\t\t\t<dt class='gallery-icon landscape'>\n\t\t\t\t<a href='https:\/\/www.padreeustaquio.com.br\/en\/devotees-are-moved-during-the-festival-and-procession-of-the-sacred-hearts\/_mg_6199_edited\/'><img loading=\"lazy\" decoding=\"async\" width=\"150\" height=\"150\" src=\"https:\/\/www.padreeustaquio.com.br\/wp-content\/uploads\/2020\/06\/MG_6199_edited-150x150.jpg\" class=\"attachment-thumbnail size-thumbnail\" alt=\"\" srcset=\"https:\/\/www.padreeustaquio.com.br\/wp-content\/uploads\/2020\/06\/MG_6199_edited-150x150.jpg 150w, https:\/\/www.padreeustaquio.com.br\/wp-content\/uploads\/2020\/06\/MG_6199_edited-180x180.jpg 180w, https:\/\/www.padreeustaquio.com.br\/wp-content\/uploads\/2020\/06\/MG_6199_edited-400x400.jpg 400w, https:\/\/www.padreeustaquio.com.br\/wp-content\/uploads\/2020\/06\/MG_6199_edited-600x600.jpg 600w\" sizes=\"(max-width: 150px) 100vw, 150px\" \/><\/a>\n\t\t\t<\/dt><\/dl><dl class='gallery-item'>\n\t\t\t<dt class='gallery-icon landscape'>\n\t\t\t\t<a href='https:\/\/www.padreeustaquio.com.br\/en\/devotees-are-moved-during-the-festival-and-procession-of-the-sacred-hearts\/_mg_6209_edited\/'><img loading=\"lazy\" decoding=\"async\" width=\"150\" height=\"150\" src=\"https:\/\/www.padreeustaquio.com.br\/wp-content\/uploads\/2020\/06\/MG_6209_edited-150x150.jpg\" class=\"attachment-thumbnail size-thumbnail\" alt=\"\" srcset=\"https:\/\/www.padreeustaquio.com.br\/wp-content\/uploads\/2020\/06\/MG_6209_edited-150x150.jpg 150w, https:\/\/www.padreeustaquio.com.br\/wp-content\/uploads\/2020\/06\/MG_6209_edited-180x180.jpg 180w, https:\/\/www.padreeustaquio.com.br\/wp-content\/uploads\/2020\/06\/MG_6209_edited-400x400.jpg 400w, https:\/\/www.padreeustaquio.com.br\/wp-content\/uploads\/2020\/06\/MG_6209_edited-600x600.jpg 600w\" sizes=\"(max-width: 150px) 100vw, 150px\" \/><\/a>\n\t\t\t<\/dt><\/dl><dl class='gallery-item'>\n\t\t\t<dt class='gallery-icon landscape'>\n\t\t\t\t<a href='https:\/\/www.padreeustaquio.com.br\/en\/devotees-are-moved-during-the-festival-and-procession-of-the-sacred-hearts\/_mg_6215_edited\/'><img loading=\"lazy\" decoding=\"async\" width=\"150\" height=\"150\" src=\"https:\/\/www.padreeustaquio.com.br\/wp-content\/uploads\/2020\/06\/MG_6215_edited-150x150.jpg\" class=\"attachment-thumbnail size-thumbnail\" alt=\"\" srcset=\"https:\/\/www.padreeustaquio.com.br\/wp-content\/uploads\/2020\/06\/MG_6215_edited-150x150.jpg 150w, https:\/\/www.padreeustaquio.com.br\/wp-content\/uploads\/2020\/06\/MG_6215_edited-180x180.jpg 180w, https:\/\/www.padreeustaquio.com.br\/wp-content\/uploads\/2020\/06\/MG_6215_edited-400x400.jpg 400w, https:\/\/www.padreeustaquio.com.br\/wp-content\/uploads\/2020\/06\/MG_6215_edited-600x600.jpg 600w\" sizes=\"(max-width: 150px) 100vw, 150px\" \/><\/a>\n\t\t\t<\/dt><\/dl><dl class='gallery-item'>\n\t\t\t<dt class='gallery-icon landscape'>\n\t\t\t\t<a href='https:\/\/www.padreeustaquio.com.br\/en\/devotees-are-moved-during-the-festival-and-procession-of-the-sacred-hearts\/_mg_6226_edited\/'><img loading=\"lazy\" decoding=\"async\" width=\"150\" height=\"150\" src=\"https:\/\/www.padreeustaquio.com.br\/wp-content\/uploads\/2020\/06\/MG_6226_edited-150x150.jpg\" class=\"attachment-thumbnail size-thumbnail\" alt=\"\" srcset=\"https:\/\/www.padreeustaquio.com.br\/wp-content\/uploads\/2020\/06\/MG_6226_edited-150x150.jpg 150w, https:\/\/www.padreeustaquio.com.br\/wp-content\/uploads\/2020\/06\/MG_6226_edited-180x180.jpg 180w, https:\/\/www.padreeustaquio.com.br\/wp-content\/uploads\/2020\/06\/MG_6226_edited-400x400.jpg 400w, https:\/\/www.padreeustaquio.com.br\/wp-content\/uploads\/2020\/06\/MG_6226_edited-600x600.jpg 600w\" sizes=\"(max-width: 150px) 100vw, 150px\" \/><\/a>\n\t\t\t<\/dt><\/dl><br style=\"clear: both\" \/><dl class='gallery-item'>\n\t\t\t<dt class='gallery-icon landscape'>\n\t\t\t\t<a href='https:\/\/www.padreeustaquio.com.br\/en\/devotees-are-moved-during-the-festival-and-procession-of-the-sacred-hearts\/_mg_6237_edited\/'><img loading=\"lazy\" decoding=\"async\" width=\"150\" height=\"150\" src=\"https:\/\/www.padreeustaquio.com.br\/wp-content\/uploads\/2020\/06\/MG_6237_edited-150x150.jpg\" class=\"attachment-thumbnail size-thumbnail\" alt=\"\" srcset=\"https:\/\/www.padreeustaquio.com.br\/wp-content\/uploads\/2020\/06\/MG_6237_edited-150x150.jpg 150w, https:\/\/www.padreeustaquio.com.br\/wp-content\/uploads\/2020\/06\/MG_6237_edited-180x180.jpg 180w, https:\/\/www.padreeustaquio.com.br\/wp-content\/uploads\/2020\/06\/MG_6237_edited-400x400.jpg 400w, https:\/\/www.padreeustaquio.com.br\/wp-content\/uploads\/2020\/06\/MG_6237_edited-600x600.jpg 600w\" sizes=\"(max-width: 150px) 100vw, 150px\" \/><\/a>\n\t\t\t<\/dt><\/dl><dl class='gallery-item'>\n\t\t\t<dt class='gallery-icon landscape'>\n\t\t\t\t<a href='https:\/\/www.padreeustaquio.com.br\/en\/devotees-are-moved-during-the-festival-and-procession-of-the-sacred-hearts\/_mg_6246_edited\/'><img loading=\"lazy\" decoding=\"async\" width=\"150\" height=\"150\" src=\"https:\/\/www.padreeustaquio.com.br\/wp-content\/uploads\/2020\/06\/MG_6246_edited-150x150.jpg\" class=\"attachment-thumbnail size-thumbnail\" alt=\"\" srcset=\"https:\/\/www.padreeustaquio.com.br\/wp-content\/uploads\/2020\/06\/MG_6246_edited-150x150.jpg 150w, https:\/\/www.padreeustaquio.com.br\/wp-content\/uploads\/2020\/06\/MG_6246_edited-180x180.jpg 180w, https:\/\/www.padreeustaquio.com.br\/wp-content\/uploads\/2020\/06\/MG_6246_edited-400x400.jpg 400w, https:\/\/www.padreeustaquio.com.br\/wp-content\/uploads\/2020\/06\/MG_6246_edited-600x600.jpg 600w\" sizes=\"(max-width: 150px) 100vw, 150px\" \/><\/a>\n\t\t\t<\/dt><\/dl><dl class='gallery-item'>\n\t\t\t<dt class='gallery-icon landscape'>\n\t\t\t\t<a href='https:\/\/www.padreeustaquio.com.br\/en\/devotees-are-moved-during-the-festival-and-procession-of-the-sacred-hearts\/_mg_6250_edited\/'><img loading=\"lazy\" decoding=\"async\" width=\"150\" height=\"150\" src=\"https:\/\/www.padreeustaquio.com.br\/wp-content\/uploads\/2020\/06\/MG_6250_edited-150x150.jpg\" class=\"attachment-thumbnail size-thumbnail\" alt=\"\" srcset=\"https:\/\/www.padreeustaquio.com.br\/wp-content\/uploads\/2020\/06\/MG_6250_edited-150x150.jpg 150w, https:\/\/www.padreeustaquio.com.br\/wp-content\/uploads\/2020\/06\/MG_6250_edited-180x180.jpg 180w, https:\/\/www.padreeustaquio.com.br\/wp-content\/uploads\/2020\/06\/MG_6250_edited-400x400.jpg 400w, https:\/\/www.padreeustaquio.com.br\/wp-content\/uploads\/2020\/06\/MG_6250_edited-600x600.jpg 600w\" sizes=\"(max-width: 150px) 100vw, 150px\" \/><\/a>\n\t\t\t<\/dt><\/dl><dl class='gallery-item'>\n\t\t\t<dt class='gallery-icon portrait'>\n\t\t\t\t<a href='https:\/\/www.padreeustaquio.com.br\/en\/devotees-are-moved-during-the-festival-and-procession-of-the-sacred-hearts\/_mg_6265_edited\/'><img loading=\"lazy\" decoding=\"async\" width=\"150\" height=\"150\" src=\"https:\/\/www.padreeustaquio.com.br\/wp-content\/uploads\/2020\/06\/MG_6265_edited-150x150.jpg\" class=\"attachment-thumbnail size-thumbnail\" alt=\"\" srcset=\"https:\/\/www.padreeustaquio.com.br\/wp-content\/uploads\/2020\/06\/MG_6265_edited-150x150.jpg 150w, https:\/\/www.padreeustaquio.com.br\/wp-content\/uploads\/2020\/06\/MG_6265_edited-180x180.jpg 180w, https:\/\/www.padreeustaquio.com.br\/wp-content\/uploads\/2020\/06\/MG_6265_edited-400x400.jpg 400w, https:\/\/www.padreeustaquio.com.br\/wp-content\/uploads\/2020\/06\/MG_6265_edited-600x600.jpg 600w\" sizes=\"(max-width: 150px) 100vw, 150px\" \/><\/a>\n\t\t\t<\/dt><\/dl><br style=\"clear: both\" \/><dl class='gallery-item'>\n\t\t\t<dt class='gallery-icon landscape'>\n\t\t\t\t<a href='https:\/\/www.padreeustaquio.com.br\/en\/devotees-are-moved-during-the-festival-and-procession-of-the-sacred-hearts\/_mg_6298_edited\/'><img loading=\"lazy\" decoding=\"async\" width=\"150\" height=\"150\" src=\"https:\/\/www.padreeustaquio.com.br\/wp-content\/uploads\/2020\/06\/MG_6298_edited-150x150.jpg\" class=\"attachment-thumbnail size-thumbnail\" alt=\"\" srcset=\"https:\/\/www.padreeustaquio.com.br\/wp-content\/uploads\/2020\/06\/MG_6298_edited-150x150.jpg 150w, https:\/\/www.padreeustaquio.com.br\/wp-content\/uploads\/2020\/06\/MG_6298_edited-180x180.jpg 180w, https:\/\/www.padreeustaquio.com.br\/wp-content\/uploads\/2020\/06\/MG_6298_edited-400x400.jpg 400w, https:\/\/www.padreeustaquio.com.br\/wp-content\/uploads\/2020\/06\/MG_6298_edited-600x600.jpg 600w\" sizes=\"(max-width: 150px) 100vw, 150px\" \/><\/a>\n\t\t\t<\/dt><\/dl><dl class='gallery-item'>\n\t\t\t<dt class='gallery-icon landscape'>\n\t\t\t\t<a href='https:\/\/www.padreeustaquio.com.br\/en\/devotees-are-moved-during-the-festival-and-procession-of-the-sacred-hearts\/_mg_6304_edited\/'><img loading=\"lazy\" decoding=\"async\" width=\"150\" height=\"150\" src=\"https:\/\/www.padreeustaquio.com.br\/wp-content\/uploads\/2020\/06\/MG_6304_edited-150x150.jpg\" class=\"attachment-thumbnail size-thumbnail\" alt=\"\" srcset=\"https:\/\/www.padreeustaquio.com.br\/wp-content\/uploads\/2020\/06\/MG_6304_edited-150x150.jpg 150w, https:\/\/www.padreeustaquio.com.br\/wp-content\/uploads\/2020\/06\/MG_6304_edited-180x180.jpg 180w, https:\/\/www.padreeustaquio.com.br\/wp-content\/uploads\/2020\/06\/MG_6304_edited-400x400.jpg 400w, https:\/\/www.padreeustaquio.com.br\/wp-content\/uploads\/2020\/06\/MG_6304_edited-600x600.jpg 600w\" sizes=\"(max-width: 150px) 100vw, 150px\" \/><\/a>\n\t\t\t<\/dt><\/dl><dl class='gallery-item'>\n\t\t\t<dt class='gallery-icon landscape'>\n\t\t\t\t<a href='https:\/\/www.padreeustaquio.com.br\/en\/devotees-are-moved-during-the-festival-and-procession-of-the-sacred-hearts\/_mg_6305_edited\/'><img loading=\"lazy\" decoding=\"async\" width=\"150\" height=\"150\" src=\"https:\/\/www.padreeustaquio.com.br\/wp-content\/uploads\/2020\/06\/MG_6305_edited-150x150.jpg\" class=\"attachment-thumbnail size-thumbnail\" alt=\"\" srcset=\"https:\/\/www.padreeustaquio.com.br\/wp-content\/uploads\/2020\/06\/MG_6305_edited-150x150.jpg 150w, https:\/\/www.padreeustaquio.com.br\/wp-content\/uploads\/2020\/06\/MG_6305_edited-180x180.jpg 180w, https:\/\/www.padreeustaquio.com.br\/wp-content\/uploads\/2020\/06\/MG_6305_edited-400x400.jpg 400w, https:\/\/www.padreeustaquio.com.br\/wp-content\/uploads\/2020\/06\/MG_6305_edited-600x600.jpg 600w\" sizes=\"(max-width: 150px) 100vw, 150px\" \/><\/a>\n\t\t\t<\/dt><\/dl><dl class='gallery-item'>\n\t\t\t<dt class='gallery-icon landscape'>\n\t\t\t\t<a href='https:\/\/www.padreeustaquio.com.br\/en\/devotees-are-moved-during-the-festival-and-procession-of-the-sacred-hearts\/_mg_6311_edited\/'><img loading=\"lazy\" decoding=\"async\" width=\"150\" height=\"150\" src=\"https:\/\/www.padreeustaquio.com.br\/wp-content\/uploads\/2020\/06\/MG_6311_edited-150x150.jpg\" class=\"attachment-thumbnail size-thumbnail\" alt=\"\" srcset=\"https:\/\/www.padreeustaquio.com.br\/wp-content\/uploads\/2020\/06\/MG_6311_edited-150x150.jpg 150w, https:\/\/www.padreeustaquio.com.br\/wp-content\/uploads\/2020\/06\/MG_6311_edited-180x180.jpg 180w, https:\/\/www.padreeustaquio.com.br\/wp-content\/uploads\/2020\/06\/MG_6311_edited-400x400.jpg 400w, https:\/\/www.padreeustaquio.com.br\/wp-content\/uploads\/2020\/06\/MG_6311_edited-600x600.jpg 600w\" sizes=\"(max-width: 150px) 100vw, 150px\" \/><\/a>\n\t\t\t<\/dt><\/dl><br style=\"clear: both\" \/><dl class='gallery-item'>\n\t\t\t<dt class='gallery-icon landscape'>\n\t\t\t\t<a href='https:\/\/www.padreeustaquio.com.br\/en\/devotees-are-moved-during-the-festival-and-procession-of-the-sacred-hearts\/_mg_6323_edited\/'><img loading=\"lazy\" decoding=\"async\" width=\"150\" height=\"150\" src=\"https:\/\/www.padreeustaquio.com.br\/wp-content\/uploads\/2020\/06\/MG_6323_edited-150x150.jpg\" class=\"attachment-thumbnail size-thumbnail\" alt=\"\" srcset=\"https:\/\/www.padreeustaquio.com.br\/wp-content\/uploads\/2020\/06\/MG_6323_edited-150x150.jpg 150w, https:\/\/www.padreeustaquio.com.br\/wp-content\/uploads\/2020\/06\/MG_6323_edited-180x180.jpg 180w, https:\/\/www.padreeustaquio.com.br\/wp-content\/uploads\/2020\/06\/MG_6323_edited-400x400.jpg 400w, https:\/\/www.padreeustaquio.com.br\/wp-content\/uploads\/2020\/06\/MG_6323_edited-600x600.jpg 600w\" sizes=\"(max-width: 150px) 100vw, 150px\" \/><\/a>\n\t\t\t<\/dt><\/dl><dl class='gallery-item'>\n\t\t\t<dt class='gallery-icon landscape'>\n\t\t\t\t<a href='https:\/\/www.padreeustaquio.com.br\/en\/devotees-are-moved-during-the-festival-and-procession-of-the-sacred-hearts\/_mg_6326_edited\/'><img loading=\"lazy\" decoding=\"async\" width=\"150\" height=\"150\" src=\"https:\/\/www.padreeustaquio.com.br\/wp-content\/uploads\/2020\/06\/MG_6326_edited-150x150.jpg\" class=\"attachment-thumbnail size-thumbnail\" alt=\"\" srcset=\"https:\/\/www.padreeustaquio.com.br\/wp-content\/uploads\/2020\/06\/MG_6326_edited-150x150.jpg 150w, https:\/\/www.padreeustaquio.com.br\/wp-content\/uploads\/2020\/06\/MG_6326_edited-180x180.jpg 180w, https:\/\/www.padreeustaquio.com.br\/wp-content\/uploads\/2020\/06\/MG_6326_edited-400x400.jpg 400w, https:\/\/www.padreeustaquio.com.br\/wp-content\/uploads\/2020\/06\/MG_6326_edited-600x600.jpg 600w\" sizes=\"(max-width: 150px) 100vw, 150px\" \/><\/a>\n\t\t\t<\/dt><\/dl><dl class='gallery-item'>\n\t\t\t<dt class='gallery-icon landscape'>\n\t\t\t\t<a href='https:\/\/www.padreeustaquio.com.br\/en\/devotees-are-moved-during-the-festival-and-procession-of-the-sacred-hearts\/_mg_6334_edited\/'><img loading=\"lazy\" decoding=\"async\" width=\"150\" height=\"150\" src=\"https:\/\/www.padreeustaquio.com.br\/wp-content\/uploads\/2020\/06\/MG_6334_edited-150x150.jpg\" class=\"attachment-thumbnail size-thumbnail\" alt=\"\" srcset=\"https:\/\/www.padreeustaquio.com.br\/wp-content\/uploads\/2020\/06\/MG_6334_edited-150x150.jpg 150w, https:\/\/www.padreeustaquio.com.br\/wp-content\/uploads\/2020\/06\/MG_6334_edited-180x180.jpg 180w, https:\/\/www.padreeustaquio.com.br\/wp-content\/uploads\/2020\/06\/MG_6334_edited-400x400.jpg 400w, https:\/\/www.padreeustaquio.com.br\/wp-content\/uploads\/2020\/06\/MG_6334_edited-600x600.jpg 600w\" sizes=\"(max-width: 150px) 100vw, 150px\" \/><\/a>\n\t\t\t<\/dt><\/dl><dl class='gallery-item'>\n\t\t\t<dt class='gallery-icon landscape'>\n\t\t\t\t<a href='https:\/\/www.padreeustaquio.com.br\/en\/devotees-are-moved-during-the-festival-and-procession-of-the-sacred-hearts\/_mg_6339_edited\/'><img loading=\"lazy\" decoding=\"async\" width=\"150\" height=\"150\" src=\"https:\/\/www.padreeustaquio.com.br\/wp-content\/uploads\/2020\/06\/MG_6339_edited-150x150.jpg\" class=\"attachment-thumbnail size-thumbnail\" alt=\"\" srcset=\"https:\/\/www.padreeustaquio.com.br\/wp-content\/uploads\/2020\/06\/MG_6339_edited-150x150.jpg 150w, https:\/\/www.padreeustaquio.com.br\/wp-content\/uploads\/2020\/06\/MG_6339_edited-180x180.jpg 180w, https:\/\/www.padreeustaquio.com.br\/wp-content\/uploads\/2020\/06\/MG_6339_edited-400x400.jpg 400w, https:\/\/www.padreeustaquio.com.br\/wp-content\/uploads\/2020\/06\/MG_6339_edited-600x600.jpg 600w\" sizes=\"(max-width: 150px) 100vw, 150px\" \/><\/a>\n\t\t\t<\/dt><\/dl><br style=\"clear: both\" \/><dl class='gallery-item'>\n\t\t\t<dt class='gallery-icon landscape'>\n\t\t\t\t<a href='https:\/\/www.padreeustaquio.com.br\/en\/devotees-are-moved-during-the-festival-and-procession-of-the-sacred-hearts\/_mg_6346_edited\/'><img loading=\"lazy\" decoding=\"async\" width=\"150\" height=\"150\" src=\"https:\/\/www.padreeustaquio.com.br\/wp-content\/uploads\/2020\/06\/MG_6346_edited-150x150.jpg\" class=\"attachment-thumbnail size-thumbnail\" alt=\"\" srcset=\"https:\/\/www.padreeustaquio.com.br\/wp-content\/uploads\/2020\/06\/MG_6346_edited-150x150.jpg 150w, https:\/\/www.padreeustaquio.com.br\/wp-content\/uploads\/2020\/06\/MG_6346_edited-180x180.jpg 180w, https:\/\/www.padreeustaquio.com.br\/wp-content\/uploads\/2020\/06\/MG_6346_edited-400x400.jpg 400w, https:\/\/www.padreeustaquio.com.br\/wp-content\/uploads\/2020\/06\/MG_6346_edited-600x600.jpg 600w\" sizes=\"(max-width: 150px) 100vw, 150px\" \/><\/a>\n\t\t\t<\/dt><\/dl><dl class='gallery-item'>\n\t\t\t<dt class='gallery-icon landscape'>\n\t\t\t\t<a href='https:\/\/www.padreeustaquio.com.br\/en\/devotees-are-moved-during-the-festival-and-procession-of-the-sacred-hearts\/_mg_6353_edited\/'><img loading=\"lazy\" decoding=\"async\" width=\"150\" height=\"150\" src=\"https:\/\/www.padreeustaquio.com.br\/wp-content\/uploads\/2020\/06\/MG_6353_edited-150x150.jpg\" class=\"attachment-thumbnail size-thumbnail\" alt=\"\" srcset=\"https:\/\/www.padreeustaquio.com.br\/wp-content\/uploads\/2020\/06\/MG_6353_edited-150x150.jpg 150w, https:\/\/www.padreeustaquio.com.br\/wp-content\/uploads\/2020\/06\/MG_6353_edited-180x180.jpg 180w, https:\/\/www.padreeustaquio.com.br\/wp-content\/uploads\/2020\/06\/MG_6353_edited-400x400.jpg 400w, https:\/\/www.padreeustaquio.com.br\/wp-content\/uploads\/2020\/06\/MG_6353_edited-600x600.jpg 600w\" sizes=\"(max-width: 150px) 100vw, 150px\" \/><\/a>\n\t\t\t<\/dt><\/dl><dl class='gallery-item'>\n\t\t\t<dt class='gallery-icon landscape'>\n\t\t\t\t<a href='https:\/\/www.padreeustaquio.com.br\/en\/devotees-are-moved-during-the-festival-and-procession-of-the-sacred-hearts\/_mg_6369_edited\/'><img loading=\"lazy\" decoding=\"async\" width=\"150\" height=\"150\" src=\"https:\/\/www.padreeustaquio.com.br\/wp-content\/uploads\/2020\/06\/MG_6369_edited-150x150.jpg\" class=\"attachment-thumbnail size-thumbnail\" alt=\"\" srcset=\"https:\/\/www.padreeustaquio.com.br\/wp-content\/uploads\/2020\/06\/MG_6369_edited-150x150.jpg 150w, https:\/\/www.padreeustaquio.com.br\/wp-content\/uploads\/2020\/06\/MG_6369_edited-180x180.jpg 180w, https:\/\/www.padreeustaquio.com.br\/wp-content\/uploads\/2020\/06\/MG_6369_edited-400x400.jpg 400w, https:\/\/www.padreeustaquio.com.br\/wp-content\/uploads\/2020\/06\/MG_6369_edited-600x600.jpg 600w\" sizes=\"(max-width: 150px) 100vw, 150px\" \/><\/a>\n\t\t\t<\/dt><\/dl><dl class='gallery-item'>\n\t\t\t<dt class='gallery-icon landscape'>\n\t\t\t\t<a href='https:\/\/www.padreeustaquio.com.br\/en\/devotees-are-moved-during-the-festival-and-procession-of-the-sacred-hearts\/_mg_6381_edited\/'><img loading=\"lazy\" decoding=\"async\" width=\"150\" height=\"150\" src=\"https:\/\/www.padreeustaquio.com.br\/wp-content\/uploads\/2020\/06\/MG_6381_edited-150x150.jpg\" class=\"attachment-thumbnail size-thumbnail\" alt=\"\" srcset=\"https:\/\/www.padreeustaquio.com.br\/wp-content\/uploads\/2020\/06\/MG_6381_edited-150x150.jpg 150w, https:\/\/www.padreeustaquio.com.br\/wp-content\/uploads\/2020\/06\/MG_6381_edited-180x180.jpg 180w, https:\/\/www.padreeustaquio.com.br\/wp-content\/uploads\/2020\/06\/MG_6381_edited-400x400.jpg 400w, https:\/\/www.padreeustaquio.com.br\/wp-content\/uploads\/2020\/06\/MG_6381_edited-600x600.jpg 600w\" sizes=\"(max-width: 150px) 100vw, 150px\" \/><\/a>\n\t\t\t<\/dt><\/dl><br style=\"clear: both\" \/><dl class='gallery-item'>\n\t\t\t<dt class='gallery-icon landscape'>\n\t\t\t\t<a href='https:\/\/www.padreeustaquio.com.br\/en\/devotees-are-moved-during-the-festival-and-procession-of-the-sacred-hearts\/_mg_6382_edited\/'><img loading=\"lazy\" decoding=\"async\" width=\"150\" height=\"150\" src=\"https:\/\/www.padreeustaquio.com.br\/wp-content\/uploads\/2020\/06\/MG_6382_edited-150x150.jpg\" class=\"attachment-thumbnail size-thumbnail\" alt=\"\" srcset=\"https:\/\/www.padreeustaquio.com.br\/wp-content\/uploads\/2020\/06\/MG_6382_edited-150x150.jpg 150w, https:\/\/www.padreeustaquio.com.br\/wp-content\/uploads\/2020\/06\/MG_6382_edited-180x180.jpg 180w, https:\/\/www.padreeustaquio.com.br\/wp-content\/uploads\/2020\/06\/MG_6382_edited-400x400.jpg 400w, https:\/\/www.padreeustaquio.com.br\/wp-content\/uploads\/2020\/06\/MG_6382_edited-600x600.jpg 600w\" sizes=\"(max-width: 150px) 100vw, 150px\" \/><\/a>\n\t\t\t<\/dt><\/dl><dl class='gallery-item'>\n\t\t\t<dt class='gallery-icon landscape'>\n\t\t\t\t<a href='https:\/\/www.padreeustaquio.com.br\/en\/devotees-are-moved-during-the-festival-and-procession-of-the-sacred-hearts\/_mg_6391_edited\/'><img loading=\"lazy\" decoding=\"async\" width=\"150\" height=\"150\" src=\"https:\/\/www.padreeustaquio.com.br\/wp-content\/uploads\/2020\/06\/MG_6391_edited-150x150.jpg\" class=\"attachment-thumbnail size-thumbnail\" alt=\"\" srcset=\"https:\/\/www.padreeustaquio.com.br\/wp-content\/uploads\/2020\/06\/MG_6391_edited-150x150.jpg 150w, https:\/\/www.padreeustaquio.com.br\/wp-content\/uploads\/2020\/06\/MG_6391_edited-180x180.jpg 180w, https:\/\/www.padreeustaquio.com.br\/wp-content\/uploads\/2020\/06\/MG_6391_edited-400x400.jpg 400w, https:\/\/www.padreeustaquio.com.br\/wp-content\/uploads\/2020\/06\/MG_6391_edited-600x600.jpg 600w\" sizes=\"(max-width: 150px) 100vw, 150px\" \/><\/a>\n\t\t\t<\/dt><\/dl><dl class='gallery-item'>\n\t\t\t<dt class='gallery-icon landscape'>\n\t\t\t\t<a href='https:\/\/www.padreeustaquio.com.br\/en\/devotees-are-moved-during-the-festival-and-procession-of-the-sacred-hearts\/_mg_6400_edited\/'><img loading=\"lazy\" decoding=\"async\" width=\"150\" height=\"150\" src=\"https:\/\/www.padreeustaquio.com.br\/wp-content\/uploads\/2020\/06\/MG_6400_edited-150x150.jpg\" class=\"attachment-thumbnail size-thumbnail\" alt=\"\" srcset=\"https:\/\/www.padreeustaquio.com.br\/wp-content\/uploads\/2020\/06\/MG_6400_edited-150x150.jpg 150w, https:\/\/www.padreeustaquio.com.br\/wp-content\/uploads\/2020\/06\/MG_6400_edited-180x180.jpg 180w, https:\/\/www.padreeustaquio.com.br\/wp-content\/uploads\/2020\/06\/MG_6400_edited-400x400.jpg 400w, https:\/\/www.padreeustaquio.com.br\/wp-content\/uploads\/2020\/06\/MG_6400_edited-600x600.jpg 600w\" sizes=\"(max-width: 150px) 100vw, 150px\" \/><\/a>\n\t\t\t<\/dt><\/dl><dl class='gallery-item'>\n\t\t\t<dt class='gallery-icon landscape'>\n\t\t\t\t<a href='https:\/\/www.padreeustaquio.com.br\/en\/devotees-are-moved-during-the-festival-and-procession-of-the-sacred-hearts\/_mg_6403_edited\/'><img loading=\"lazy\" decoding=\"async\" width=\"150\" height=\"150\" src=\"https:\/\/www.padreeustaquio.com.br\/wp-content\/uploads\/2020\/06\/MG_6403_edited-150x150.jpg\" class=\"attachment-thumbnail size-thumbnail\" alt=\"\" srcset=\"https:\/\/www.padreeustaquio.com.br\/wp-content\/uploads\/2020\/06\/MG_6403_edited-150x150.jpg 150w, https:\/\/www.padreeustaquio.com.br\/wp-content\/uploads\/2020\/06\/MG_6403_edited-180x180.jpg 180w, https:\/\/www.padreeustaquio.com.br\/wp-content\/uploads\/2020\/06\/MG_6403_edited-400x400.jpg 400w, https:\/\/www.padreeustaquio.com.br\/wp-content\/uploads\/2020\/06\/MG_6403_edited-600x600.jpg 600w\" sizes=\"(max-width: 150px) 100vw, 150px\" \/><\/a>\n\t\t\t<\/dt><\/dl><br style=\"clear: both\" \/><dl class='gallery-item'>\n\t\t\t<dt class='gallery-icon portrait'>\n\t\t\t\t<a href='https:\/\/www.padreeustaquio.com.br\/en\/devotees-are-moved-during-the-festival-and-procession-of-the-sacred-hearts\/_mg_6416_edited\/'><img loading=\"lazy\" decoding=\"async\" width=\"150\" height=\"150\" src=\"https:\/\/www.padreeustaquio.com.br\/wp-content\/uploads\/2020\/06\/MG_6416_edited-150x150.jpg\" class=\"attachment-thumbnail size-thumbnail\" alt=\"\" srcset=\"https:\/\/www.padreeustaquio.com.br\/wp-content\/uploads\/2020\/06\/MG_6416_edited-150x150.jpg 150w, https:\/\/www.padreeustaquio.com.br\/wp-content\/uploads\/2020\/06\/MG_6416_edited-180x180.jpg 180w, https:\/\/www.padreeustaquio.com.br\/wp-content\/uploads\/2020\/06\/MG_6416_edited-400x400.jpg 400w, https:\/\/www.padreeustaquio.com.br\/wp-content\/uploads\/2020\/06\/MG_6416_edited-600x600.jpg 600w\" sizes=\"(max-width: 150px) 100vw, 150px\" \/><\/a>\n\t\t\t<\/dt><\/dl><dl class='gallery-item'>\n\t\t\t<dt class='gallery-icon landscape'>\n\t\t\t\t<a href='https:\/\/www.padreeustaquio.com.br\/en\/devotees-are-moved-during-the-festival-and-procession-of-the-sacred-hearts\/_mg_6422_edited\/'><img loading=\"lazy\" decoding=\"async\" width=\"150\" height=\"150\" src=\"https:\/\/www.padreeustaquio.com.br\/wp-content\/uploads\/2020\/06\/MG_6422_edited-150x150.jpg\" class=\"attachment-thumbnail size-thumbnail\" alt=\"\" srcset=\"https:\/\/www.padreeustaquio.com.br\/wp-content\/uploads\/2020\/06\/MG_6422_edited-150x150.jpg 150w, https:\/\/www.padreeustaquio.com.br\/wp-content\/uploads\/2020\/06\/MG_6422_edited-180x180.jpg 180w, https:\/\/www.padreeustaquio.com.br\/wp-content\/uploads\/2020\/06\/MG_6422_edited-400x400.jpg 400w, https:\/\/www.padreeustaquio.com.br\/wp-content\/uploads\/2020\/06\/MG_6422_edited-600x600.jpg 600w\" sizes=\"(max-width: 150px) 100vw, 150px\" \/><\/a>\n\t\t\t<\/dt><\/dl><dl class='gallery-item'>\n\t\t\t<dt class='gallery-icon landscape'>\n\t\t\t\t<a href='https:\/\/www.padreeustaquio.com.br\/en\/devotees-are-moved-during-the-festival-and-procession-of-the-sacred-hearts\/_mg_6443_edited\/'><img loading=\"lazy\" decoding=\"async\" width=\"150\" height=\"150\" src=\"https:\/\/www.padreeustaquio.com.br\/wp-content\/uploads\/2020\/06\/MG_6443_edited-150x150.jpg\" class=\"attachment-thumbnail size-thumbnail\" alt=\"\" srcset=\"https:\/\/www.padreeustaquio.com.br\/wp-content\/uploads\/2020\/06\/MG_6443_edited-150x150.jpg 150w, https:\/\/www.padreeustaquio.com.br\/wp-content\/uploads\/2020\/06\/MG_6443_edited-180x180.jpg 180w, https:\/\/www.padreeustaquio.com.br\/wp-content\/uploads\/2020\/06\/MG_6443_edited-400x400.jpg 400w, https:\/\/www.padreeustaquio.com.br\/wp-content\/uploads\/2020\/06\/MG_6443_edited-600x600.jpg 600w\" sizes=\"(max-width: 150px) 100vw, 150px\" \/><\/a>\n\t\t\t<\/dt><\/dl><dl class='gallery-item'>\n\t\t\t<dt class='gallery-icon landscape'>\n\t\t\t\t<a href='https:\/\/www.padreeustaquio.com.br\/en\/devotees-are-moved-during-the-festival-and-procession-of-the-sacred-hearts\/_mg_6453_edited\/'><img loading=\"lazy\" decoding=\"async\" width=\"150\" height=\"150\" src=\"https:\/\/www.padreeustaquio.com.br\/wp-content\/uploads\/2020\/06\/MG_6453_edited-150x150.jpg\" class=\"attachment-thumbnail size-thumbnail\" alt=\"\" srcset=\"https:\/\/www.padreeustaquio.com.br\/wp-content\/uploads\/2020\/06\/MG_6453_edited-150x150.jpg 150w, https:\/\/www.padreeustaquio.com.br\/wp-content\/uploads\/2020\/06\/MG_6453_edited-180x180.jpg 180w, https:\/\/www.padreeustaquio.com.br\/wp-content\/uploads\/2020\/06\/MG_6453_edited-400x400.jpg 400w, https:\/\/www.padreeustaquio.com.br\/wp-content\/uploads\/2020\/06\/MG_6453_edited-600x600.jpg 600w\" sizes=\"(max-width: 150px) 100vw, 150px\" \/><\/a>\n\t\t\t<\/dt><\/dl><br style=\"clear: both\" \/><dl class='gallery-item'>\n\t\t\t<dt class='gallery-icon landscape'>\n\t\t\t\t<a href='https:\/\/www.padreeustaquio.com.br\/en\/devotees-are-moved-during-the-festival-and-procession-of-the-sacred-hearts\/_mg_6469_edited\/'><img loading=\"lazy\" decoding=\"async\" width=\"150\" height=\"150\" src=\"https:\/\/www.padreeustaquio.com.br\/wp-content\/uploads\/2020\/06\/MG_6469_edited-150x150.jpg\" class=\"attachment-thumbnail size-thumbnail\" alt=\"\" srcset=\"https:\/\/www.padreeustaquio.com.br\/wp-content\/uploads\/2020\/06\/MG_6469_edited-150x150.jpg 150w, https:\/\/www.padreeustaquio.com.br\/wp-content\/uploads\/2020\/06\/MG_6469_edited-180x180.jpg 180w, https:\/\/www.padreeustaquio.com.br\/wp-content\/uploads\/2020\/06\/MG_6469_edited-400x400.jpg 400w, https:\/\/www.padreeustaquio.com.br\/wp-content\/uploads\/2020\/06\/MG_6469_edited-600x600.jpg 600w\" sizes=\"(max-width: 150px) 100vw, 150px\" \/><\/a>\n\t\t\t<\/dt><\/dl><dl class='gallery-item'>\n\t\t\t<dt class='gallery-icon landscape'>\n\t\t\t\t<a href='https:\/\/www.padreeustaquio.com.br\/en\/devotees-are-moved-during-the-festival-and-procession-of-the-sacred-hearts\/_mg_6478_edited\/'><img loading=\"lazy\" decoding=\"async\" width=\"150\" height=\"150\" src=\"https:\/\/www.padreeustaquio.com.br\/wp-content\/uploads\/2020\/06\/MG_6478_edited-150x150.jpg\" class=\"attachment-thumbnail size-thumbnail\" alt=\"\" srcset=\"https:\/\/www.padreeustaquio.com.br\/wp-content\/uploads\/2020\/06\/MG_6478_edited-150x150.jpg 150w, https:\/\/www.padreeustaquio.com.br\/wp-content\/uploads\/2020\/06\/MG_6478_edited-180x180.jpg 180w, https:\/\/www.padreeustaquio.com.br\/wp-content\/uploads\/2020\/06\/MG_6478_edited-400x400.jpg 400w, https:\/\/www.padreeustaquio.com.br\/wp-content\/uploads\/2020\/06\/MG_6478_edited-600x600.jpg 600w\" sizes=\"(max-width: 150px) 100vw, 150px\" \/><\/a>\n\t\t\t<\/dt><\/dl><dl class='gallery-item'>\n\t\t\t<dt class='gallery-icon landscape'>\n\t\t\t\t<a href='https:\/\/www.padreeustaquio.com.br\/en\/devotees-are-moved-during-the-festival-and-procession-of-the-sacred-hearts\/_mg_6481_edited\/'><img loading=\"lazy\" decoding=\"async\" width=\"150\" height=\"150\" src=\"https:\/\/www.padreeustaquio.com.br\/wp-content\/uploads\/2020\/06\/MG_6481_edited-150x150.jpg\" class=\"attachment-thumbnail size-thumbnail\" alt=\"\" srcset=\"https:\/\/www.padreeustaquio.com.br\/wp-content\/uploads\/2020\/06\/MG_6481_edited-150x150.jpg 150w, https:\/\/www.padreeustaquio.com.br\/wp-content\/uploads\/2020\/06\/MG_6481_edited-180x180.jpg 180w, https:\/\/www.padreeustaquio.com.br\/wp-content\/uploads\/2020\/06\/MG_6481_edited-400x400.jpg 400w, https:\/\/www.padreeustaquio.com.br\/wp-content\/uploads\/2020\/06\/MG_6481_edited-600x600.jpg 600w\" sizes=\"(max-width: 150px) 100vw, 150px\" \/><\/a>\n\t\t\t<\/dt><\/dl><dl class='gallery-item'>\n\t\t\t<dt class='gallery-icon landscape'>\n\t\t\t\t<a href='https:\/\/www.padreeustaquio.com.br\/en\/devotees-are-moved-during-the-festival-and-procession-of-the-sacred-hearts\/_mg_6509_edited\/'><img loading=\"lazy\" decoding=\"async\" width=\"150\" height=\"150\" src=\"https:\/\/www.padreeustaquio.com.br\/wp-content\/uploads\/2020\/06\/MG_6509_edited-150x150.jpg\" class=\"attachment-thumbnail size-thumbnail\" alt=\"\" srcset=\"https:\/\/www.padreeustaquio.com.br\/wp-content\/uploads\/2020\/06\/MG_6509_edited-150x150.jpg 150w, https:\/\/www.padreeustaquio.com.br\/wp-content\/uploads\/2020\/06\/MG_6509_edited-180x180.jpg 180w, https:\/\/www.padreeustaquio.com.br\/wp-content\/uploads\/2020\/06\/MG_6509_edited-400x400.jpg 400w, https:\/\/www.padreeustaquio.com.br\/wp-content\/uploads\/2020\/06\/MG_6509_edited-600x600.jpg 600w\" sizes=\"(max-width: 150px) 100vw, 150px\" \/><\/a>\n\t\t\t<\/dt><\/dl><br style=\"clear: both\" \/><dl class='gallery-item'>\n\t\t\t<dt class='gallery-icon landscape'>\n\t\t\t\t<a href='https:\/\/www.padreeustaquio.com.br\/en\/devotees-are-moved-during-the-festival-and-procession-of-the-sacred-hearts\/_mg_6520_edited\/'><img loading=\"lazy\" decoding=\"async\" width=\"150\" height=\"150\" src=\"https:\/\/www.padreeustaquio.com.br\/wp-content\/uploads\/2020\/06\/MG_6520_edited-150x150.jpg\" class=\"attachment-thumbnail size-thumbnail\" alt=\"\" srcset=\"https:\/\/www.padreeustaquio.com.br\/wp-content\/uploads\/2020\/06\/MG_6520_edited-150x150.jpg 150w, https:\/\/www.padreeustaquio.com.br\/wp-content\/uploads\/2020\/06\/MG_6520_edited-180x180.jpg 180w, https:\/\/www.padreeustaquio.com.br\/wp-content\/uploads\/2020\/06\/MG_6520_edited-400x400.jpg 400w, https:\/\/www.padreeustaquio.com.br\/wp-content\/uploads\/2020\/06\/MG_6520_edited-600x600.jpg 600w\" sizes=\"(max-width: 150px) 100vw, 150px\" \/><\/a>\n\t\t\t<\/dt><\/dl><dl class='gallery-item'>\n\t\t\t<dt class='gallery-icon landscape'>\n\t\t\t\t<a href='https:\/\/www.padreeustaquio.com.br\/en\/devotees-are-moved-during-the-festival-and-procession-of-the-sacred-hearts\/_mg_6542_edited\/'><img loading=\"lazy\" decoding=\"async\" width=\"150\" height=\"150\" src=\"https:\/\/www.padreeustaquio.com.br\/wp-content\/uploads\/2020\/06\/MG_6542_edited-150x150.jpg\" class=\"attachment-thumbnail size-thumbnail\" alt=\"\" srcset=\"https:\/\/www.padreeustaquio.com.br\/wp-content\/uploads\/2020\/06\/MG_6542_edited-150x150.jpg 150w, https:\/\/www.padreeustaquio.com.br\/wp-content\/uploads\/2020\/06\/MG_6542_edited-180x180.jpg 180w, https:\/\/www.padreeustaquio.com.br\/wp-content\/uploads\/2020\/06\/MG_6542_edited-400x400.jpg 400w, https:\/\/www.padreeustaquio.com.br\/wp-content\/uploads\/2020\/06\/MG_6542_edited-600x600.jpg 600w\" sizes=\"(max-width: 150px) 100vw, 150px\" \/><\/a>\n\t\t\t<\/dt><\/dl><dl class='gallery-item'>\n\t\t\t<dt class='gallery-icon landscape'>\n\t\t\t\t<a href='https:\/\/www.padreeustaquio.com.br\/en\/devotees-are-moved-during-the-festival-and-procession-of-the-sacred-hearts\/_mg_6546_edited\/'><img loading=\"lazy\" decoding=\"async\" width=\"150\" height=\"150\" src=\"https:\/\/www.padreeustaquio.com.br\/wp-content\/uploads\/2020\/06\/MG_6546_edited-150x150.jpg\" class=\"attachment-thumbnail size-thumbnail\" alt=\"\" srcset=\"https:\/\/www.padreeustaquio.com.br\/wp-content\/uploads\/2020\/06\/MG_6546_edited-150x150.jpg 150w, https:\/\/www.padreeustaquio.com.br\/wp-content\/uploads\/2020\/06\/MG_6546_edited-180x180.jpg 180w, https:\/\/www.padreeustaquio.com.br\/wp-content\/uploads\/2020\/06\/MG_6546_edited-400x400.jpg 400w, https:\/\/www.padreeustaquio.com.br\/wp-content\/uploads\/2020\/06\/MG_6546_edited-600x600.jpg 600w\" sizes=\"(max-width: 150px) 100vw, 150px\" \/><\/a>\n\t\t\t<\/dt><\/dl><dl class='gallery-item'>\n\t\t\t<dt class='gallery-icon landscape'>\n\t\t\t\t<a href='https:\/\/www.padreeustaquio.com.br\/en\/devotees-are-moved-during-the-festival-and-procession-of-the-sacred-hearts\/_mg_6564_edited\/'><img loading=\"lazy\" decoding=\"async\" width=\"150\" height=\"150\" src=\"https:\/\/www.padreeustaquio.com.br\/wp-content\/uploads\/2020\/06\/MG_6564_edited-150x150.jpg\" class=\"attachment-thumbnail size-thumbnail\" alt=\"\" srcset=\"https:\/\/www.padreeustaquio.com.br\/wp-content\/uploads\/2020\/06\/MG_6564_edited-150x150.jpg 150w, https:\/\/www.padreeustaquio.com.br\/wp-content\/uploads\/2020\/06\/MG_6564_edited-180x180.jpg 180w, https:\/\/www.padreeustaquio.com.br\/wp-content\/uploads\/2020\/06\/MG_6564_edited-400x400.jpg 400w, https:\/\/www.padreeustaquio.com.br\/wp-content\/uploads\/2020\/06\/MG_6564_edited-600x600.jpg 600w\" sizes=\"(max-width: 150px) 100vw, 150px\" \/><\/a>\n\t\t\t<\/dt><\/dl><br style=\"clear: both\" \/><dl class='gallery-item'>\n\t\t\t<dt class='gallery-icon landscape'>\n\t\t\t\t<a href='https:\/\/www.padreeustaquio.com.br\/en\/devotees-are-moved-during-the-festival-and-procession-of-the-sacred-hearts\/_mg_6574_edited\/'><img loading=\"lazy\" decoding=\"async\" width=\"150\" height=\"150\" src=\"https:\/\/www.padreeustaquio.com.br\/wp-content\/uploads\/2020\/06\/MG_6574_edited-150x150.jpg\" class=\"attachment-thumbnail size-thumbnail\" alt=\"\" srcset=\"https:\/\/www.padreeustaquio.com.br\/wp-content\/uploads\/2020\/06\/MG_6574_edited-150x150.jpg 150w, https:\/\/www.padreeustaquio.com.br\/wp-content\/uploads\/2020\/06\/MG_6574_edited-180x180.jpg 180w, https:\/\/www.padreeustaquio.com.br\/wp-content\/uploads\/2020\/06\/MG_6574_edited-400x400.jpg 400w, https:\/\/www.padreeustaquio.com.br\/wp-content\/uploads\/2020\/06\/MG_6574_edited-600x600.jpg 600w\" sizes=\"(max-width: 150px) 100vw, 150px\" \/><\/a>\n\t\t\t<\/dt><\/dl><dl class='gallery-item'>\n\t\t\t<dt class='gallery-icon landscape'>\n\t\t\t\t<a href='https:\/\/www.padreeustaquio.com.br\/en\/devotees-are-moved-during-the-festival-and-procession-of-the-sacred-hearts\/_mg_6587_edited\/'><img loading=\"lazy\" decoding=\"async\" width=\"150\" height=\"150\" src=\"https:\/\/www.padreeustaquio.com.br\/wp-content\/uploads\/2020\/06\/MG_6587_edited-150x150.jpg\" class=\"attachment-thumbnail size-thumbnail\" alt=\"\" srcset=\"https:\/\/www.padreeustaquio.com.br\/wp-content\/uploads\/2020\/06\/MG_6587_edited-150x150.jpg 150w, https:\/\/www.padreeustaquio.com.br\/wp-content\/uploads\/2020\/06\/MG_6587_edited-180x180.jpg 180w, https:\/\/www.padreeustaquio.com.br\/wp-content\/uploads\/2020\/06\/MG_6587_edited-400x400.jpg 400w, https:\/\/www.padreeustaquio.com.br\/wp-content\/uploads\/2020\/06\/MG_6587_edited-600x600.jpg 600w\" sizes=\"(max-width: 150px) 100vw, 150px\" \/><\/a>\n\t\t\t<\/dt><\/dl><dl class='gallery-item'>\n\t\t\t<dt class='gallery-icon landscape'>\n\t\t\t\t<a href='https:\/\/www.padreeustaquio.com.br\/en\/devotees-are-moved-during-the-festival-and-procession-of-the-sacred-hearts\/_mg_6599_edited\/'><img loading=\"lazy\" decoding=\"async\" width=\"150\" height=\"150\" src=\"https:\/\/www.padreeustaquio.com.br\/wp-content\/uploads\/2020\/06\/MG_6599_edited-150x150.jpg\" class=\"attachment-thumbnail size-thumbnail\" alt=\"\" srcset=\"https:\/\/www.padreeustaquio.com.br\/wp-content\/uploads\/2020\/06\/MG_6599_edited-150x150.jpg 150w, https:\/\/www.padreeustaquio.com.br\/wp-content\/uploads\/2020\/06\/MG_6599_edited-180x180.jpg 180w, https:\/\/www.padreeustaquio.com.br\/wp-content\/uploads\/2020\/06\/MG_6599_edited-400x400.jpg 400w, https:\/\/www.padreeustaquio.com.br\/wp-content\/uploads\/2020\/06\/MG_6599_edited-600x600.jpg 600w\" sizes=\"(max-width: 150px) 100vw, 150px\" \/><\/a>\n\t\t\t<\/dt><\/dl><dl class='gallery-item'>\n\t\t\t<dt class='gallery-icon landscape'>\n\t\t\t\t<a href='https:\/\/www.padreeustaquio.com.br\/en\/devotees-are-moved-during-the-festival-and-procession-of-the-sacred-hearts\/_mg_6619_edited\/'><img loading=\"lazy\" decoding=\"async\" width=\"150\" height=\"150\" src=\"https:\/\/www.padreeustaquio.com.br\/wp-content\/uploads\/2020\/06\/MG_6619_edited-150x150.jpg\" class=\"attachment-thumbnail size-thumbnail\" alt=\"\" srcset=\"https:\/\/www.padreeustaquio.com.br\/wp-content\/uploads\/2020\/06\/MG_6619_edited-150x150.jpg 150w, https:\/\/www.padreeustaquio.com.br\/wp-content\/uploads\/2020\/06\/MG_6619_edited-180x180.jpg 180w, https:\/\/www.padreeustaquio.com.br\/wp-content\/uploads\/2020\/06\/MG_6619_edited-400x400.jpg 400w, https:\/\/www.padreeustaquio.com.br\/wp-content\/uploads\/2020\/06\/MG_6619_edited-600x600.jpg 600w\" sizes=\"(max-width: 150px) 100vw, 150px\" \/><\/a>\n\t\t\t<\/dt><\/dl><br style=\"clear: both\" \/><dl class='gallery-item'>\n\t\t\t<dt class='gallery-icon landscape'>\n\t\t\t\t<a href='https:\/\/www.padreeustaquio.com.br\/en\/devotees-are-moved-during-the-festival-and-procession-of-the-sacred-hearts\/_mg_6630_edited\/'><img loading=\"lazy\" decoding=\"async\" width=\"150\" height=\"150\" src=\"https:\/\/www.padreeustaquio.com.br\/wp-content\/uploads\/2020\/06\/MG_6630_edited-150x150.jpg\" class=\"attachment-thumbnail size-thumbnail\" alt=\"\" srcset=\"https:\/\/www.padreeustaquio.com.br\/wp-content\/uploads\/2020\/06\/MG_6630_edited-150x150.jpg 150w, https:\/\/www.padreeustaquio.com.br\/wp-content\/uploads\/2020\/06\/MG_6630_edited-180x180.jpg 180w, https:\/\/www.padreeustaquio.com.br\/wp-content\/uploads\/2020\/06\/MG_6630_edited-400x400.jpg 400w, https:\/\/www.padreeustaquio.com.br\/wp-content\/uploads\/2020\/06\/MG_6630_edited-600x600.jpg 600w\" sizes=\"(max-width: 150px) 100vw, 150px\" \/><\/a>\n\t\t\t<\/dt><\/dl><dl class='gallery-item'>\n\t\t\t<dt class='gallery-icon landscape'>\n\t\t\t\t<a href='https:\/\/www.padreeustaquio.com.br\/en\/devotees-are-moved-during-the-festival-and-procession-of-the-sacred-hearts\/_mg_6635_edited\/'><img loading=\"lazy\" decoding=\"async\" width=\"150\" height=\"150\" src=\"https:\/\/www.padreeustaquio.com.br\/wp-content\/uploads\/2020\/06\/MG_6635_edited-150x150.jpg\" class=\"attachment-thumbnail size-thumbnail\" alt=\"\" srcset=\"https:\/\/www.padreeustaquio.com.br\/wp-content\/uploads\/2020\/06\/MG_6635_edited-150x150.jpg 150w, https:\/\/www.padreeustaquio.com.br\/wp-content\/uploads\/2020\/06\/MG_6635_edited-180x180.jpg 180w, https:\/\/www.padreeustaquio.com.br\/wp-content\/uploads\/2020\/06\/MG_6635_edited-400x400.jpg 400w, https:\/\/www.padreeustaquio.com.br\/wp-content\/uploads\/2020\/06\/MG_6635_edited-600x600.jpg 600w\" sizes=\"(max-width: 150px) 100vw, 150px\" \/><\/a>\n\t\t\t<\/dt><\/dl><dl class='gallery-item'>\n\t\t\t<dt class='gallery-icon landscape'>\n\t\t\t\t<a href='https:\/\/www.padreeustaquio.com.br\/en\/devotees-are-moved-during-the-festival-and-procession-of-the-sacred-hearts\/_mg_6646_edited\/'><img loading=\"lazy\" decoding=\"async\" width=\"150\" height=\"150\" src=\"https:\/\/www.padreeustaquio.com.br\/wp-content\/uploads\/2020\/06\/MG_6646_edited-150x150.jpg\" class=\"attachment-thumbnail size-thumbnail\" alt=\"\" srcset=\"https:\/\/www.padreeustaquio.com.br\/wp-content\/uploads\/2020\/06\/MG_6646_edited-150x150.jpg 150w, https:\/\/www.padreeustaquio.com.br\/wp-content\/uploads\/2020\/06\/MG_6646_edited-180x180.jpg 180w, https:\/\/www.padreeustaquio.com.br\/wp-content\/uploads\/2020\/06\/MG_6646_edited-400x400.jpg 400w, https:\/\/www.padreeustaquio.com.br\/wp-content\/uploads\/2020\/06\/MG_6646_edited-600x600.jpg 600w\" sizes=\"(max-width: 150px) 100vw, 150px\" \/><\/a>\n\t\t\t<\/dt><\/dl><dl class='gallery-item'>\n\t\t\t<dt class='gallery-icon landscape'>\n\t\t\t\t<a href='https:\/\/www.padreeustaquio.com.br\/en\/devotees-are-moved-during-the-festival-and-procession-of-the-sacred-hearts\/_mg_6655_edited\/'><img loading=\"lazy\" decoding=\"async\" width=\"150\" height=\"150\" src=\"https:\/\/www.padreeustaquio.com.br\/wp-content\/uploads\/2020\/06\/MG_6655_edited-150x150.jpg\" class=\"attachment-thumbnail size-thumbnail\" alt=\"\" srcset=\"https:\/\/www.padreeustaquio.com.br\/wp-content\/uploads\/2020\/06\/MG_6655_edited-150x150.jpg 150w, https:\/\/www.padreeustaquio.com.br\/wp-content\/uploads\/2020\/06\/MG_6655_edited-180x180.jpg 180w, https:\/\/www.padreeustaquio.com.br\/wp-content\/uploads\/2020\/06\/MG_6655_edited-400x400.jpg 400w, https:\/\/www.padreeustaquio.com.br\/wp-content\/uploads\/2020\/06\/MG_6655_edited-600x600.jpg 600w\" sizes=\"(max-width: 150px) 100vw, 150px\" \/><\/a>\n\t\t\t<\/dt><\/dl><br style=\"clear: both\" \/><dl class='gallery-item'>\n\t\t\t<dt class='gallery-icon landscape'>\n\t\t\t\t<a href='https:\/\/www.padreeustaquio.com.br\/en\/devotees-are-moved-during-the-festival-and-procession-of-the-sacred-hearts\/_mg_6670_edited\/'><img loading=\"lazy\" decoding=\"async\" width=\"150\" height=\"150\" src=\"https:\/\/www.padreeustaquio.com.br\/wp-content\/uploads\/2020\/06\/MG_6670_edited-150x150.jpg\" class=\"attachment-thumbnail size-thumbnail\" alt=\"\" srcset=\"https:\/\/www.padreeustaquio.com.br\/wp-content\/uploads\/2020\/06\/MG_6670_edited-150x150.jpg 150w, https:\/\/www.padreeustaquio.com.br\/wp-content\/uploads\/2020\/06\/MG_6670_edited-180x180.jpg 180w, https:\/\/www.padreeustaquio.com.br\/wp-content\/uploads\/2020\/06\/MG_6670_edited-400x400.jpg 400w, https:\/\/www.padreeustaquio.com.br\/wp-content\/uploads\/2020\/06\/MG_6670_edited-600x600.jpg 600w\" sizes=\"(max-width: 150px) 100vw, 150px\" \/><\/a>\n\t\t\t<\/dt><\/dl><dl class='gallery-item'>\n\t\t\t<dt class='gallery-icon landscape'>\n\t\t\t\t<a href='https:\/\/www.padreeustaquio.com.br\/en\/devotees-are-moved-during-the-festival-and-procession-of-the-sacred-hearts\/_mg_6672_edited\/'><img loading=\"lazy\" decoding=\"async\" width=\"150\" height=\"150\" src=\"https:\/\/www.padreeustaquio.com.br\/wp-content\/uploads\/2020\/06\/MG_6672_edited-150x150.jpg\" class=\"attachment-thumbnail size-thumbnail\" alt=\"\" srcset=\"https:\/\/www.padreeustaquio.com.br\/wp-content\/uploads\/2020\/06\/MG_6672_edited-150x150.jpg 150w, https:\/\/www.padreeustaquio.com.br\/wp-content\/uploads\/2020\/06\/MG_6672_edited-180x180.jpg 180w, https:\/\/www.padreeustaquio.com.br\/wp-content\/uploads\/2020\/06\/MG_6672_edited-400x400.jpg 400w, https:\/\/www.padreeustaquio.com.br\/wp-content\/uploads\/2020\/06\/MG_6672_edited-600x600.jpg 600w\" sizes=\"(max-width: 150px) 100vw, 150px\" \/><\/a>\n\t\t\t<\/dt><\/dl><dl class='gallery-item'>\n\t\t\t<dt class='gallery-icon landscape'>\n\t\t\t\t<a href='https:\/\/www.padreeustaquio.com.br\/en\/devotees-are-moved-during-the-festival-and-procession-of-the-sacred-hearts\/_mg_6689_edited\/'><img loading=\"lazy\" decoding=\"async\" width=\"150\" height=\"150\" src=\"https:\/\/www.padreeustaquio.com.br\/wp-content\/uploads\/2020\/06\/MG_6689_edited-150x150.jpg\" class=\"attachment-thumbnail size-thumbnail\" alt=\"\" srcset=\"https:\/\/www.padreeustaquio.com.br\/wp-content\/uploads\/2020\/06\/MG_6689_edited-150x150.jpg 150w, https:\/\/www.padreeustaquio.com.br\/wp-content\/uploads\/2020\/06\/MG_6689_edited-180x180.jpg 180w, https:\/\/www.padreeustaquio.com.br\/wp-content\/uploads\/2020\/06\/MG_6689_edited-400x400.jpg 400w, https:\/\/www.padreeustaquio.com.br\/wp-content\/uploads\/2020\/06\/MG_6689_edited-600x600.jpg 600w\" sizes=\"(max-width: 150px) 100vw, 150px\" \/><\/a>\n\t\t\t<\/dt><\/dl><dl class='gallery-item'>\n\t\t\t<dt class='gallery-icon landscape'>\n\t\t\t\t<a href='https:\/\/www.padreeustaquio.com.br\/en\/devotees-are-moved-during-the-festival-and-procession-of-the-sacred-hearts\/_mg_6695_edited\/'><img loading=\"lazy\" decoding=\"async\" width=\"150\" height=\"150\" src=\"https:\/\/www.padreeustaquio.com.br\/wp-content\/uploads\/2020\/06\/MG_6695_edited-150x150.jpg\" class=\"attachment-thumbnail size-thumbnail\" alt=\"\" srcset=\"https:\/\/www.padreeustaquio.com.br\/wp-content\/uploads\/2020\/06\/MG_6695_edited-150x150.jpg 150w, https:\/\/www.padreeustaquio.com.br\/wp-content\/uploads\/2020\/06\/MG_6695_edited-180x180.jpg 180w, https:\/\/www.padreeustaquio.com.br\/wp-content\/uploads\/2020\/06\/MG_6695_edited-400x400.jpg 400w, https:\/\/www.padreeustaquio.com.br\/wp-content\/uploads\/2020\/06\/MG_6695_edited-600x600.jpg 600w\" sizes=\"(max-width: 150px) 100vw, 150px\" \/><\/a>\n\t\t\t<\/dt><\/dl><br style=\"clear: both\" \/><dl class='gallery-item'>\n\t\t\t<dt class='gallery-icon landscape'>\n\t\t\t\t<a href='https:\/\/www.padreeustaquio.com.br\/en\/devotees-are-moved-during-the-festival-and-procession-of-the-sacred-hearts\/_mg_6730_edited\/'><img loading=\"lazy\" decoding=\"async\" width=\"150\" height=\"150\" src=\"https:\/\/www.padreeustaquio.com.br\/wp-content\/uploads\/2020\/06\/MG_6730_edited-150x150.jpg\" class=\"attachment-thumbnail size-thumbnail\" alt=\"\" srcset=\"https:\/\/www.padreeustaquio.com.br\/wp-content\/uploads\/2020\/06\/MG_6730_edited-150x150.jpg 150w, https:\/\/www.padreeustaquio.com.br\/wp-content\/uploads\/2020\/06\/MG_6730_edited-180x180.jpg 180w, https:\/\/www.padreeustaquio.com.br\/wp-content\/uploads\/2020\/06\/MG_6730_edited-400x400.jpg 400w, https:\/\/www.padreeustaquio.com.br\/wp-content\/uploads\/2020\/06\/MG_6730_edited-600x600.jpg 600w\" sizes=\"(max-width: 150px) 100vw, 150px\" \/><\/a>\n\t\t\t<\/dt><\/dl><dl class='gallery-item'>\n\t\t\t<dt class='gallery-icon landscape'>\n\t\t\t\t<a href='https:\/\/www.padreeustaquio.com.br\/en\/devotees-are-moved-during-the-festival-and-procession-of-the-sacred-hearts\/_mg_6755_edited\/'><img loading=\"lazy\" decoding=\"async\" width=\"150\" height=\"150\" src=\"https:\/\/www.padreeustaquio.com.br\/wp-content\/uploads\/2020\/06\/MG_6755_edited-150x150.jpg\" class=\"attachment-thumbnail size-thumbnail\" alt=\"\" srcset=\"https:\/\/www.padreeustaquio.com.br\/wp-content\/uploads\/2020\/06\/MG_6755_edited-150x150.jpg 150w, https:\/\/www.padreeustaquio.com.br\/wp-content\/uploads\/2020\/06\/MG_6755_edited-180x180.jpg 180w, https:\/\/www.padreeustaquio.com.br\/wp-content\/uploads\/2020\/06\/MG_6755_edited-400x400.jpg 400w, https:\/\/www.padreeustaquio.com.br\/wp-content\/uploads\/2020\/06\/MG_6755_edited-600x600.jpg 600w\" sizes=\"(max-width: 150px) 100vw, 150px\" \/><\/a>\n\t\t\t<\/dt><\/dl><dl class='gallery-item'>\n\t\t\t<dt class='gallery-icon landscape'>\n\t\t\t\t<a href='https:\/\/www.padreeustaquio.com.br\/en\/devotees-are-moved-during-the-festival-and-procession-of-the-sacred-hearts\/_mg_6802_edited\/'><img loading=\"lazy\" decoding=\"async\" width=\"150\" height=\"150\" src=\"https:\/\/www.padreeustaquio.com.br\/wp-content\/uploads\/2020\/06\/MG_6802_edited-150x150.jpg\" class=\"attachment-thumbnail size-thumbnail\" alt=\"\" srcset=\"https:\/\/www.padreeustaquio.com.br\/wp-content\/uploads\/2020\/06\/MG_6802_edited-150x150.jpg 150w, https:\/\/www.padreeustaquio.com.br\/wp-content\/uploads\/2020\/06\/MG_6802_edited-180x180.jpg 180w, https:\/\/www.padreeustaquio.com.br\/wp-content\/uploads\/2020\/06\/MG_6802_edited-400x400.jpg 400w, https:\/\/www.padreeustaquio.com.br\/wp-content\/uploads\/2020\/06\/MG_6802_edited-600x600.jpg 600w\" sizes=\"(max-width: 150px) 100vw, 150px\" \/><\/a>\n\t\t\t<\/dt><\/dl><dl class='gallery-item'>\n\t\t\t<dt class='gallery-icon landscape'>\n\t\t\t\t<a href='https:\/\/www.padreeustaquio.com.br\/en\/devotees-are-moved-during-the-festival-and-procession-of-the-sacred-hearts\/_mg_6810_edited\/'><img loading=\"lazy\" decoding=\"async\" width=\"150\" height=\"150\" src=\"https:\/\/www.padreeustaquio.com.br\/wp-content\/uploads\/2020\/06\/MG_6810_edited-150x150.jpg\" class=\"attachment-thumbnail size-thumbnail\" alt=\"\" srcset=\"https:\/\/www.padreeustaquio.com.br\/wp-content\/uploads\/2020\/06\/MG_6810_edited-150x150.jpg 150w, https:\/\/www.padreeustaquio.com.br\/wp-content\/uploads\/2020\/06\/MG_6810_edited-180x180.jpg 180w, https:\/\/www.padreeustaquio.com.br\/wp-content\/uploads\/2020\/06\/MG_6810_edited-400x400.jpg 400w, https:\/\/www.padreeustaquio.com.br\/wp-content\/uploads\/2020\/06\/MG_6810_edited-600x600.jpg 600w\" sizes=\"(max-width: 150px) 100vw, 150px\" \/><\/a>\n\t\t\t<\/dt><\/dl><br style=\"clear: both\" \/><dl class='gallery-item'>\n\t\t\t<dt class='gallery-icon landscape'>\n\t\t\t\t<a href='https:\/\/www.padreeustaquio.com.br\/en\/devotees-are-moved-during-the-festival-and-procession-of-the-sacred-hearts\/_mg_6820_edited\/'><img loading=\"lazy\" decoding=\"async\" width=\"150\" height=\"150\" src=\"https:\/\/www.padreeustaquio.com.br\/wp-content\/uploads\/2020\/06\/MG_6820_edited-150x150.jpg\" class=\"attachment-thumbnail size-thumbnail\" alt=\"\" srcset=\"https:\/\/www.padreeustaquio.com.br\/wp-content\/uploads\/2020\/06\/MG_6820_edited-150x150.jpg 150w, https:\/\/www.padreeustaquio.com.br\/wp-content\/uploads\/2020\/06\/MG_6820_edited-180x180.jpg 180w, https:\/\/www.padreeustaquio.com.br\/wp-content\/uploads\/2020\/06\/MG_6820_edited-400x400.jpg 400w, https:\/\/www.padreeustaquio.com.br\/wp-content\/uploads\/2020\/06\/MG_6820_edited-600x600.jpg 600w\" sizes=\"(max-width: 150px) 100vw, 150px\" \/><\/a>\n\t\t\t<\/dt><\/dl><dl class='gallery-item'>\n\t\t\t<dt class='gallery-icon landscape'>\n\t\t\t\t<a href='https:\/\/www.padreeustaquio.com.br\/en\/devotees-are-moved-during-the-festival-and-procession-of-the-sacred-hearts\/_mg_6821_edited\/'><img loading=\"lazy\" decoding=\"async\" width=\"150\" height=\"150\" src=\"https:\/\/www.padreeustaquio.com.br\/wp-content\/uploads\/2020\/06\/MG_6821_edited-150x150.jpg\" class=\"attachment-thumbnail size-thumbnail\" alt=\"\" srcset=\"https:\/\/www.padreeustaquio.com.br\/wp-content\/uploads\/2020\/06\/MG_6821_edited-150x150.jpg 150w, https:\/\/www.padreeustaquio.com.br\/wp-content\/uploads\/2020\/06\/MG_6821_edited-180x180.jpg 180w, https:\/\/www.padreeustaquio.com.br\/wp-content\/uploads\/2020\/06\/MG_6821_edited-400x400.jpg 400w, https:\/\/www.padreeustaquio.com.br\/wp-content\/uploads\/2020\/06\/MG_6821_edited-600x600.jpg 600w\" sizes=\"(max-width: 150px) 100vw, 150px\" \/><\/a>\n\t\t\t<\/dt><\/dl><dl class='gallery-item'>\n\t\t\t<dt class='gallery-icon landscape'>\n\t\t\t\t<a href='https:\/\/www.padreeustaquio.com.br\/en\/devotees-are-moved-during-the-festival-and-procession-of-the-sacred-hearts\/_mg_6822_edited\/'><img loading=\"lazy\" decoding=\"async\" width=\"150\" height=\"150\" src=\"https:\/\/www.padreeustaquio.com.br\/wp-content\/uploads\/2020\/06\/MG_6822_edited-150x150.jpg\" class=\"attachment-thumbnail size-thumbnail\" alt=\"\" srcset=\"https:\/\/www.padreeustaquio.com.br\/wp-content\/uploads\/2020\/06\/MG_6822_edited-150x150.jpg 150w, https:\/\/www.padreeustaquio.com.br\/wp-content\/uploads\/2020\/06\/MG_6822_edited-180x180.jpg 180w, https:\/\/www.padreeustaquio.com.br\/wp-content\/uploads\/2020\/06\/MG_6822_edited-400x400.jpg 400w, https:\/\/www.padreeustaquio.com.br\/wp-content\/uploads\/2020\/06\/MG_6822_edited-600x600.jpg 600w\" sizes=\"(max-width: 150px) 100vw, 150px\" \/><\/a>\n\t\t\t<\/dt><\/dl><dl class='gallery-item'>\n\t\t\t<dt class='gallery-icon landscape'>\n\t\t\t\t<a href='https:\/\/www.padreeustaquio.com.br\/en\/devotees-are-moved-during-the-festival-and-procession-of-the-sacred-hearts\/_mg_6849_edited\/'><img loading=\"lazy\" decoding=\"async\" width=\"150\" height=\"150\" src=\"https:\/\/www.padreeustaquio.com.br\/wp-content\/uploads\/2020\/06\/MG_6849_edited-150x150.jpg\" class=\"attachment-thumbnail size-thumbnail\" alt=\"\" srcset=\"https:\/\/www.padreeustaquio.com.br\/wp-content\/uploads\/2020\/06\/MG_6849_edited-150x150.jpg 150w, https:\/\/www.padreeustaquio.com.br\/wp-content\/uploads\/2020\/06\/MG_6849_edited-180x180.jpg 180w, https:\/\/www.padreeustaquio.com.br\/wp-content\/uploads\/2020\/06\/MG_6849_edited-400x400.jpg 400w, https:\/\/www.padreeustaquio.com.br\/wp-content\/uploads\/2020\/06\/MG_6849_edited-600x600.jpg 600w\" sizes=\"(max-width: 150px) 100vw, 150px\" \/><\/a>\n\t\t\t<\/dt><\/dl><br style=\"clear: both\" \/><dl class='gallery-item'>\n\t\t\t<dt class='gallery-icon landscape'>\n\t\t\t\t<a href='https:\/\/www.padreeustaquio.com.br\/en\/devotees-are-moved-during-the-festival-and-procession-of-the-sacred-hearts\/_mg_6871_edited\/'><img loading=\"lazy\" decoding=\"async\" width=\"150\" height=\"150\" src=\"https:\/\/www.padreeustaquio.com.br\/wp-content\/uploads\/2020\/06\/MG_6871_edited-150x150.jpg\" class=\"attachment-thumbnail size-thumbnail\" alt=\"\" srcset=\"https:\/\/www.padreeustaquio.com.br\/wp-content\/uploads\/2020\/06\/MG_6871_edited-150x150.jpg 150w, https:\/\/www.padreeustaquio.com.br\/wp-content\/uploads\/2020\/06\/MG_6871_edited-180x180.jpg 180w, https:\/\/www.padreeustaquio.com.br\/wp-content\/uploads\/2020\/06\/MG_6871_edited-400x400.jpg 400w, https:\/\/www.padreeustaquio.com.br\/wp-content\/uploads\/2020\/06\/MG_6871_edited-600x600.jpg 600w\" sizes=\"(max-width: 150px) 100vw, 150px\" \/><\/a>\n\t\t\t<\/dt><\/dl><dl class='gallery-item'>\n\t\t\t<dt class='gallery-icon landscape'>\n\t\t\t\t<a href='https:\/\/www.padreeustaquio.com.br\/en\/devotees-are-moved-during-the-festival-and-procession-of-the-sacred-hearts\/_mg_6874_edited\/'><img loading=\"lazy\" decoding=\"async\" width=\"150\" height=\"150\" src=\"https:\/\/www.padreeustaquio.com.br\/wp-content\/uploads\/2020\/06\/MG_6874_edited-150x150.jpg\" class=\"attachment-thumbnail size-thumbnail\" alt=\"\" srcset=\"https:\/\/www.padreeustaquio.com.br\/wp-content\/uploads\/2020\/06\/MG_6874_edited-150x150.jpg 150w, https:\/\/www.padreeustaquio.com.br\/wp-content\/uploads\/2020\/06\/MG_6874_edited-180x180.jpg 180w, https:\/\/www.padreeustaquio.com.br\/wp-content\/uploads\/2020\/06\/MG_6874_edited-400x400.jpg 400w, https:\/\/www.padreeustaquio.com.br\/wp-content\/uploads\/2020\/06\/MG_6874_edited-600x600.jpg 600w\" sizes=\"(max-width: 150px) 100vw, 150px\" \/><\/a>\n\t\t\t<\/dt><\/dl><dl class='gallery-item'>\n\t\t\t<dt class='gallery-icon landscape'>\n\t\t\t\t<a href='https:\/\/www.padreeustaquio.com.br\/en\/devotees-are-moved-during-the-festival-and-procession-of-the-sacred-hearts\/_mg_6880_edited\/'><img loading=\"lazy\" decoding=\"async\" width=\"150\" height=\"150\" src=\"https:\/\/www.padreeustaquio.com.br\/wp-content\/uploads\/2020\/06\/MG_6880_edited-150x150.jpg\" class=\"attachment-thumbnail size-thumbnail\" alt=\"\" srcset=\"https:\/\/www.padreeustaquio.com.br\/wp-content\/uploads\/2020\/06\/MG_6880_edited-150x150.jpg 150w, https:\/\/www.padreeustaquio.com.br\/wp-content\/uploads\/2020\/06\/MG_6880_edited-180x180.jpg 180w, https:\/\/www.padreeustaquio.com.br\/wp-content\/uploads\/2020\/06\/MG_6880_edited-400x400.jpg 400w, https:\/\/www.padreeustaquio.com.br\/wp-content\/uploads\/2020\/06\/MG_6880_edited-600x600.jpg 600w\" sizes=\"(max-width: 150px) 100vw, 150px\" \/><\/a>\n\t\t\t<\/dt><\/dl><dl class='gallery-item'>\n\t\t\t<dt class='gallery-icon landscape'>\n\t\t\t\t<a href='https:\/\/www.padreeustaquio.com.br\/en\/devotees-are-moved-during-the-festival-and-procession-of-the-sacred-hearts\/_mg_6895_edited\/'><img loading=\"lazy\" decoding=\"async\" width=\"150\" height=\"150\" src=\"https:\/\/www.padreeustaquio.com.br\/wp-content\/uploads\/2020\/06\/MG_6895_edited-150x150.jpg\" class=\"attachment-thumbnail size-thumbnail\" alt=\"\" srcset=\"https:\/\/www.padreeustaquio.com.br\/wp-content\/uploads\/2020\/06\/MG_6895_edited-150x150.jpg 150w, https:\/\/www.padreeustaquio.com.br\/wp-content\/uploads\/2020\/06\/MG_6895_edited-180x180.jpg 180w, https:\/\/www.padreeustaquio.com.br\/wp-content\/uploads\/2020\/06\/MG_6895_edited-400x400.jpg 400w, https:\/\/www.padreeustaquio.com.br\/wp-content\/uploads\/2020\/06\/MG_6895_edited-600x600.jpg 600w\" sizes=\"(max-width: 150px) 100vw, 150px\" \/><\/a>\n\t\t\t<\/dt><\/dl><br style=\"clear: both\" \/><dl class='gallery-item'>\n\t\t\t<dt class='gallery-icon landscape'>\n\t\t\t\t<a href='https:\/\/www.padreeustaquio.com.br\/en\/devotees-are-moved-during-the-festival-and-procession-of-the-sacred-hearts\/_mg_6903_edited\/'><img loading=\"lazy\" decoding=\"async\" width=\"150\" height=\"150\" src=\"https:\/\/www.padreeustaquio.com.br\/wp-content\/uploads\/2020\/06\/MG_6903_edited-150x150.jpg\" class=\"attachment-thumbnail size-thumbnail\" alt=\"\" srcset=\"https:\/\/www.padreeustaquio.com.br\/wp-content\/uploads\/2020\/06\/MG_6903_edited-150x150.jpg 150w, https:\/\/www.padreeustaquio.com.br\/wp-content\/uploads\/2020\/06\/MG_6903_edited-180x180.jpg 180w, https:\/\/www.padreeustaquio.com.br\/wp-content\/uploads\/2020\/06\/MG_6903_edited-400x400.jpg 400w, https:\/\/www.padreeustaquio.com.br\/wp-content\/uploads\/2020\/06\/MG_6903_edited-600x600.jpg 600w\" sizes=\"(max-width: 150px) 100vw, 150px\" \/><\/a>\n\t\t\t<\/dt><\/dl><dl class='gallery-item'>\n\t\t\t<dt class='gallery-icon landscape'>\n\t\t\t\t<a href='https:\/\/www.padreeustaquio.com.br\/en\/devotees-are-moved-during-the-festival-and-procession-of-the-sacred-hearts\/_mg_6910_edited\/'><img loading=\"lazy\" decoding=\"async\" width=\"150\" height=\"150\" src=\"https:\/\/www.padreeustaquio.com.br\/wp-content\/uploads\/2020\/06\/MG_6910_edited-150x150.jpg\" class=\"attachment-thumbnail size-thumbnail\" alt=\"\" srcset=\"https:\/\/www.padreeustaquio.com.br\/wp-content\/uploads\/2020\/06\/MG_6910_edited-150x150.jpg 150w, https:\/\/www.padreeustaquio.com.br\/wp-content\/uploads\/2020\/06\/MG_6910_edited-180x180.jpg 180w, https:\/\/www.padreeustaquio.com.br\/wp-content\/uploads\/2020\/06\/MG_6910_edited-400x400.jpg 400w, https:\/\/www.padreeustaquio.com.br\/wp-content\/uploads\/2020\/06\/MG_6910_edited-600x600.jpg 600w\" sizes=\"(max-width: 150px) 100vw, 150px\" \/><\/a>\n\t\t\t<\/dt><\/dl><dl class='gallery-item'>\n\t\t\t<dt class='gallery-icon landscape'>\n\t\t\t\t<a href='https:\/\/www.padreeustaquio.com.br\/en\/devotees-are-moved-during-the-festival-and-procession-of-the-sacred-hearts\/_mg_6912_edited\/'><img loading=\"lazy\" decoding=\"async\" width=\"150\" height=\"150\" src=\"https:\/\/www.padreeustaquio.com.br\/wp-content\/uploads\/2020\/06\/MG_6912_edited-150x150.jpg\" class=\"attachment-thumbnail size-thumbnail\" alt=\"\" srcset=\"https:\/\/www.padreeustaquio.com.br\/wp-content\/uploads\/2020\/06\/MG_6912_edited-150x150.jpg 150w, https:\/\/www.padreeustaquio.com.br\/wp-content\/uploads\/2020\/06\/MG_6912_edited-180x180.jpg 180w, https:\/\/www.padreeustaquio.com.br\/wp-content\/uploads\/2020\/06\/MG_6912_edited-400x400.jpg 400w, https:\/\/www.padreeustaquio.com.br\/wp-content\/uploads\/2020\/06\/MG_6912_edited-600x600.jpg 600w\" sizes=\"(max-width: 150px) 100vw, 150px\" \/><\/a>\n\t\t\t<\/dt><\/dl><dl class='gallery-item'>\n\t\t\t<dt class='gallery-icon landscape'>\n\t\t\t\t<a href='https:\/\/www.padreeustaquio.com.br\/en\/devotees-are-moved-during-the-festival-and-procession-of-the-sacred-hearts\/_mg_6925_edited\/'><img loading=\"lazy\" decoding=\"async\" width=\"150\" height=\"150\" src=\"https:\/\/www.padreeustaquio.com.br\/wp-content\/uploads\/2020\/06\/MG_6925_edited-150x150.jpg\" class=\"attachment-thumbnail size-thumbnail\" alt=\"\" srcset=\"https:\/\/www.padreeustaquio.com.br\/wp-content\/uploads\/2020\/06\/MG_6925_edited-150x150.jpg 150w, https:\/\/www.padreeustaquio.com.br\/wp-content\/uploads\/2020\/06\/MG_6925_edited-180x180.jpg 180w, https:\/\/www.padreeustaquio.com.br\/wp-content\/uploads\/2020\/06\/MG_6925_edited-400x400.jpg 400w, https:\/\/www.padreeustaquio.com.br\/wp-content\/uploads\/2020\/06\/MG_6925_edited-600x600.jpg 600w\" sizes=\"(max-width: 150px) 100vw, 150px\" \/><\/a>\n\t\t\t<\/dt><\/dl><br style=\"clear: both\" \/><dl class='gallery-item'>\n\t\t\t<dt class='gallery-icon landscape'>\n\t\t\t\t<a href='https:\/\/www.padreeustaquio.com.br\/en\/devotees-are-moved-during-the-festival-and-procession-of-the-sacred-hearts\/_mg_6942_edited\/'><img loading=\"lazy\" decoding=\"async\" width=\"150\" height=\"150\" src=\"https:\/\/www.padreeustaquio.com.br\/wp-content\/uploads\/2020\/06\/MG_6942_edited-150x150.jpg\" class=\"attachment-thumbnail size-thumbnail\" alt=\"\" srcset=\"https:\/\/www.padreeustaquio.com.br\/wp-content\/uploads\/2020\/06\/MG_6942_edited-150x150.jpg 150w, https:\/\/www.padreeustaquio.com.br\/wp-content\/uploads\/2020\/06\/MG_6942_edited-180x180.jpg 180w, https:\/\/www.padreeustaquio.com.br\/wp-content\/uploads\/2020\/06\/MG_6942_edited-400x400.jpg 400w, https:\/\/www.padreeustaquio.com.br\/wp-content\/uploads\/2020\/06\/MG_6942_edited-600x600.jpg 600w\" sizes=\"(max-width: 150px) 100vw, 150px\" \/><\/a>\n\t\t\t<\/dt><\/dl><dl class='gallery-item'>\n\t\t\t<dt class='gallery-icon landscape'>\n\t\t\t\t<a href='https:\/\/www.padreeustaquio.com.br\/en\/devotees-are-moved-during-the-festival-and-procession-of-the-sacred-hearts\/_mg_6946_edited\/'><img loading=\"lazy\" decoding=\"async\" width=\"150\" height=\"150\" src=\"https:\/\/www.padreeustaquio.com.br\/wp-content\/uploads\/2020\/06\/MG_6946_edited-150x150.jpg\" class=\"attachment-thumbnail size-thumbnail\" alt=\"\" srcset=\"https:\/\/www.padreeustaquio.com.br\/wp-content\/uploads\/2020\/06\/MG_6946_edited-150x150.jpg 150w, https:\/\/www.padreeustaquio.com.br\/wp-content\/uploads\/2020\/06\/MG_6946_edited-180x180.jpg 180w, https:\/\/www.padreeustaquio.com.br\/wp-content\/uploads\/2020\/06\/MG_6946_edited-400x400.jpg 400w, https:\/\/www.padreeustaquio.com.br\/wp-content\/uploads\/2020\/06\/MG_6946_edited-600x600.jpg 600w\" sizes=\"(max-width: 150px) 100vw, 150px\" \/><\/a>\n\t\t\t<\/dt><\/dl><dl class='gallery-item'>\n\t\t\t<dt class='gallery-icon landscape'>\n\t\t\t\t<a href='https:\/\/www.padreeustaquio.com.br\/en\/devotees-are-moved-during-the-festival-and-procession-of-the-sacred-hearts\/_mg_6968_edited\/'><img loading=\"lazy\" decoding=\"async\" width=\"150\" height=\"150\" src=\"https:\/\/www.padreeustaquio.com.br\/wp-content\/uploads\/2020\/06\/MG_6968_edited-150x150.jpg\" class=\"attachment-thumbnail size-thumbnail\" alt=\"\" srcset=\"https:\/\/www.padreeustaquio.com.br\/wp-content\/uploads\/2020\/06\/MG_6968_edited-150x150.jpg 150w, https:\/\/www.padreeustaquio.com.br\/wp-content\/uploads\/2020\/06\/MG_6968_edited-180x180.jpg 180w, https:\/\/www.padreeustaquio.com.br\/wp-content\/uploads\/2020\/06\/MG_6968_edited-400x400.jpg 400w, https:\/\/www.padreeustaquio.com.br\/wp-content\/uploads\/2020\/06\/MG_6968_edited-600x600.jpg 600w\" sizes=\"(max-width: 150px) 100vw, 150px\" \/><\/a>\n\t\t\t<\/dt><\/dl><dl class='gallery-item'>\n\t\t\t<dt class='gallery-icon landscape'>\n\t\t\t\t<a href='https:\/\/www.padreeustaquio.com.br\/en\/devotees-are-moved-during-the-festival-and-procession-of-the-sacred-hearts\/_mg_6977_edited\/'><img loading=\"lazy\" decoding=\"async\" width=\"150\" height=\"150\" src=\"https:\/\/www.padreeustaquio.com.br\/wp-content\/uploads\/2020\/06\/MG_6977_edited-150x150.jpg\" class=\"attachment-thumbnail size-thumbnail\" alt=\"\" srcset=\"https:\/\/www.padreeustaquio.com.br\/wp-content\/uploads\/2020\/06\/MG_6977_edited-150x150.jpg 150w, https:\/\/www.padreeustaquio.com.br\/wp-content\/uploads\/2020\/06\/MG_6977_edited-180x180.jpg 180w, https:\/\/www.padreeustaquio.com.br\/wp-content\/uploads\/2020\/06\/MG_6977_edited-400x400.jpg 400w, https:\/\/www.padreeustaquio.com.br\/wp-content\/uploads\/2020\/06\/MG_6977_edited-600x600.jpg 600w\" sizes=\"(max-width: 150px) 100vw, 150px\" \/><\/a>\n\t\t\t<\/dt><\/dl><br style=\"clear: both\" \/><dl class='gallery-item'>\n\t\t\t<dt class='gallery-icon landscape'>\n\t\t\t\t<a href='https:\/\/www.padreeustaquio.com.br\/en\/devotees-are-moved-during-the-festival-and-procession-of-the-sacred-hearts\/_mg_6988_edited\/'><img loading=\"lazy\" decoding=\"async\" width=\"150\" height=\"150\" src=\"https:\/\/www.padreeustaquio.com.br\/wp-content\/uploads\/2020\/06\/MG_6988_edited-150x150.jpg\" class=\"attachment-thumbnail size-thumbnail\" alt=\"\" srcset=\"https:\/\/www.padreeustaquio.com.br\/wp-content\/uploads\/2020\/06\/MG_6988_edited-150x150.jpg 150w, https:\/\/www.padreeustaquio.com.br\/wp-content\/uploads\/2020\/06\/MG_6988_edited-180x180.jpg 180w, https:\/\/www.padreeustaquio.com.br\/wp-content\/uploads\/2020\/06\/MG_6988_edited-400x400.jpg 400w, https:\/\/www.padreeustaquio.com.br\/wp-content\/uploads\/2020\/06\/MG_6988_edited-600x600.jpg 600w\" sizes=\"(max-width: 150px) 100vw, 150px\" \/><\/a>\n\t\t\t<\/dt><\/dl><dl class='gallery-item'>\n\t\t\t<dt class='gallery-icon landscape'>\n\t\t\t\t<a href='https:\/\/www.padreeustaquio.com.br\/en\/devotees-are-moved-during-the-festival-and-procession-of-the-sacred-hearts\/_mg_7000_edited\/'><img loading=\"lazy\" decoding=\"async\" width=\"150\" height=\"150\" src=\"https:\/\/www.padreeustaquio.com.br\/wp-content\/uploads\/2020\/06\/MG_7000_edited-150x150.jpg\" class=\"attachment-thumbnail size-thumbnail\" alt=\"\" srcset=\"https:\/\/www.padreeustaquio.com.br\/wp-content\/uploads\/2020\/06\/MG_7000_edited-150x150.jpg 150w, https:\/\/www.padreeustaquio.com.br\/wp-content\/uploads\/2020\/06\/MG_7000_edited-180x180.jpg 180w, https:\/\/www.padreeustaquio.com.br\/wp-content\/uploads\/2020\/06\/MG_7000_edited-400x400.jpg 400w, https:\/\/www.padreeustaquio.com.br\/wp-content\/uploads\/2020\/06\/MG_7000_edited-600x600.jpg 600w\" sizes=\"(max-width: 150px) 100vw, 150px\" \/><\/a>\n\t\t\t<\/dt><\/dl><dl class='gallery-item'>\n\t\t\t<dt class='gallery-icon landscape'>\n\t\t\t\t<a href='https:\/\/www.padreeustaquio.com.br\/en\/devotees-are-moved-during-the-festival-and-procession-of-the-sacred-hearts\/_mg_7009_edited\/'><img loading=\"lazy\" decoding=\"async\" width=\"150\" height=\"150\" src=\"https:\/\/www.padreeustaquio.com.br\/wp-content\/uploads\/2020\/06\/MG_7009_edited-150x150.jpg\" class=\"attachment-thumbnail size-thumbnail\" alt=\"\" srcset=\"https:\/\/www.padreeustaquio.com.br\/wp-content\/uploads\/2020\/06\/MG_7009_edited-150x150.jpg 150w, https:\/\/www.padreeustaquio.com.br\/wp-content\/uploads\/2020\/06\/MG_7009_edited-180x180.jpg 180w, https:\/\/www.padreeustaquio.com.br\/wp-content\/uploads\/2020\/06\/MG_7009_edited-400x400.jpg 400w, https:\/\/www.padreeustaquio.com.br\/wp-content\/uploads\/2020\/06\/MG_7009_edited-600x600.jpg 600w\" sizes=\"(max-width: 150px) 100vw, 150px\" \/><\/a>\n\t\t\t<\/dt><\/dl><dl class='gallery-item'>\n\t\t\t<dt class='gallery-icon landscape'>\n\t\t\t\t<a href='https:\/\/www.padreeustaquio.com.br\/en\/devotees-are-moved-during-the-festival-and-procession-of-the-sacred-hearts\/_mg_7013_edited\/'><img loading=\"lazy\" decoding=\"async\" width=\"150\" height=\"150\" src=\"https:\/\/www.padreeustaquio.com.br\/wp-content\/uploads\/2020\/06\/MG_7013_edited-150x150.jpg\" class=\"attachment-thumbnail size-thumbnail\" alt=\"\" srcset=\"https:\/\/www.padreeustaquio.com.br\/wp-content\/uploads\/2020\/06\/MG_7013_edited-150x150.jpg 150w, https:\/\/www.padreeustaquio.com.br\/wp-content\/uploads\/2020\/06\/MG_7013_edited-180x180.jpg 180w, https:\/\/www.padreeustaquio.com.br\/wp-content\/uploads\/2020\/06\/MG_7013_edited-400x400.jpg 400w, https:\/\/www.padreeustaquio.com.br\/wp-content\/uploads\/2020\/06\/MG_7013_edited-600x600.jpg 600w\" sizes=\"(max-width: 150px) 100vw, 150px\" \/><\/a>\n\t\t\t<\/dt><\/dl><br style=\"clear: both\" \/><dl class='gallery-item'>\n\t\t\t<dt class='gallery-icon landscape'>\n\t\t\t\t<a href='https:\/\/www.padreeustaquio.com.br\/en\/devotees-are-moved-during-the-festival-and-procession-of-the-sacred-hearts\/_mg_7015_edited\/'><img loading=\"lazy\" decoding=\"async\" width=\"150\" height=\"150\" src=\"https:\/\/www.padreeustaquio.com.br\/wp-content\/uploads\/2020\/06\/MG_7015_edited-150x150.jpg\" class=\"attachment-thumbnail size-thumbnail\" alt=\"\" srcset=\"https:\/\/www.padreeustaquio.com.br\/wp-content\/uploads\/2020\/06\/MG_7015_edited-150x150.jpg 150w, https:\/\/www.padreeustaquio.com.br\/wp-content\/uploads\/2020\/06\/MG_7015_edited-180x180.jpg 180w, https:\/\/www.padreeustaquio.com.br\/wp-content\/uploads\/2020\/06\/MG_7015_edited-400x400.jpg 400w, https:\/\/www.padreeustaquio.com.br\/wp-content\/uploads\/2020\/06\/MG_7015_edited-600x600.jpg 600w\" sizes=\"(max-width: 150px) 100vw, 150px\" \/><\/a>\n\t\t\t<\/dt><\/dl><dl class='gallery-item'>\n\t\t\t<dt class='gallery-icon landscape'>\n\t\t\t\t<a href='https:\/\/www.padreeustaquio.com.br\/en\/devotees-are-moved-during-the-festival-and-procession-of-the-sacred-hearts\/_mg_7019_edited\/'><img loading=\"lazy\" decoding=\"async\" width=\"150\" height=\"150\" src=\"https:\/\/www.padreeustaquio.com.br\/wp-content\/uploads\/2020\/06\/MG_7019_edited-150x150.jpg\" class=\"attachment-thumbnail size-thumbnail\" alt=\"\" srcset=\"https:\/\/www.padreeustaquio.com.br\/wp-content\/uploads\/2020\/06\/MG_7019_edited-150x150.jpg 150w, https:\/\/www.padreeustaquio.com.br\/wp-content\/uploads\/2020\/06\/MG_7019_edited-180x180.jpg 180w, https:\/\/www.padreeustaquio.com.br\/wp-content\/uploads\/2020\/06\/MG_7019_edited-400x400.jpg 400w, https:\/\/www.padreeustaquio.com.br\/wp-content\/uploads\/2020\/06\/MG_7019_edited-600x600.jpg 600w\" sizes=\"(max-width: 150px) 100vw, 150px\" \/><\/a>\n\t\t\t<\/dt><\/dl><dl class='gallery-item'>\n\t\t\t<dt class='gallery-icon landscape'>\n\t\t\t\t<a href='https:\/\/www.padreeustaquio.com.br\/en\/devotees-are-moved-during-the-festival-and-procession-of-the-sacred-hearts\/_mg_7028_edited\/'><img loading=\"lazy\" decoding=\"async\" width=\"150\" height=\"150\" src=\"https:\/\/www.padreeustaquio.com.br\/wp-content\/uploads\/2020\/06\/MG_7028_edited-150x150.jpg\" class=\"attachment-thumbnail size-thumbnail\" alt=\"\" srcset=\"https:\/\/www.padreeustaquio.com.br\/wp-content\/uploads\/2020\/06\/MG_7028_edited-150x150.jpg 150w, https:\/\/www.padreeustaquio.com.br\/wp-content\/uploads\/2020\/06\/MG_7028_edited-180x180.jpg 180w, https:\/\/www.padreeustaquio.com.br\/wp-content\/uploads\/2020\/06\/MG_7028_edited-400x400.jpg 400w, https:\/\/www.padreeustaquio.com.br\/wp-content\/uploads\/2020\/06\/MG_7028_edited-600x600.jpg 600w\" sizes=\"(max-width: 150px) 100vw, 150px\" \/><\/a>\n\t\t\t<\/dt><\/dl><dl class='gallery-item'>\n\t\t\t<dt class='gallery-icon landscape'>\n\t\t\t\t<a href='https:\/\/www.padreeustaquio.com.br\/en\/devotees-are-moved-during-the-festival-and-procession-of-the-sacred-hearts\/_mg_7033_edited\/'><img loading=\"lazy\" decoding=\"async\" width=\"150\" height=\"150\" src=\"https:\/\/www.padreeustaquio.com.br\/wp-content\/uploads\/2020\/06\/MG_7033_edited-150x150.jpg\" class=\"attachment-thumbnail size-thumbnail\" alt=\"\" srcset=\"https:\/\/www.padreeustaquio.com.br\/wp-content\/uploads\/2020\/06\/MG_7033_edited-150x150.jpg 150w, https:\/\/www.padreeustaquio.com.br\/wp-content\/uploads\/2020\/06\/MG_7033_edited-180x180.jpg 180w, https:\/\/www.padreeustaquio.com.br\/wp-content\/uploads\/2020\/06\/MG_7033_edited-400x400.jpg 400w, https:\/\/www.padreeustaquio.com.br\/wp-content\/uploads\/2020\/06\/MG_7033_edited-600x600.jpg 600w\" sizes=\"(max-width: 150px) 100vw, 150px\" \/><\/a>\n\t\t\t<\/dt><\/dl><br style=\"clear: both\" \/><dl class='gallery-item'>\n\t\t\t<dt class='gallery-icon landscape'>\n\t\t\t\t<a href='https:\/\/www.padreeustaquio.com.br\/en\/devotees-are-moved-during-the-festival-and-procession-of-the-sacred-hearts\/_mg_7034_edited\/'><img loading=\"lazy\" decoding=\"async\" width=\"150\" height=\"150\" src=\"https:\/\/www.padreeustaquio.com.br\/wp-content\/uploads\/2020\/06\/MG_7034_edited-150x150.jpg\" class=\"attachment-thumbnail size-thumbnail\" alt=\"\" srcset=\"https:\/\/www.padreeustaquio.com.br\/wp-content\/uploads\/2020\/06\/MG_7034_edited-150x150.jpg 150w, https:\/\/www.padreeustaquio.com.br\/wp-content\/uploads\/2020\/06\/MG_7034_edited-180x180.jpg 180w, https:\/\/www.padreeustaquio.com.br\/wp-content\/uploads\/2020\/06\/MG_7034_edited-400x400.jpg 400w, https:\/\/www.padreeustaquio.com.br\/wp-content\/uploads\/2020\/06\/MG_7034_edited-600x600.jpg 600w\" sizes=\"(max-width: 150px) 100vw, 150px\" \/><\/a>\n\t\t\t<\/dt><\/dl><dl class='gallery-item'>\n\t\t\t<dt class='gallery-icon landscape'>\n\t\t\t\t<a href='https:\/\/www.padreeustaquio.com.br\/en\/devotees-are-moved-during-the-festival-and-procession-of-the-sacred-hearts\/_mg_7049_edited\/'><img loading=\"lazy\" decoding=\"async\" width=\"150\" height=\"150\" src=\"https:\/\/www.padreeustaquio.com.br\/wp-content\/uploads\/2020\/06\/MG_7049_edited-150x150.jpg\" class=\"attachment-thumbnail size-thumbnail\" alt=\"\" srcset=\"https:\/\/www.padreeustaquio.com.br\/wp-content\/uploads\/2020\/06\/MG_7049_edited-150x150.jpg 150w, https:\/\/www.padreeustaquio.com.br\/wp-content\/uploads\/2020\/06\/MG_7049_edited-180x180.jpg 180w, https:\/\/www.padreeustaquio.com.br\/wp-content\/uploads\/2020\/06\/MG_7049_edited-400x400.jpg 400w, https:\/\/www.padreeustaquio.com.br\/wp-content\/uploads\/2020\/06\/MG_7049_edited-600x600.jpg 600w\" sizes=\"(max-width: 150px) 100vw, 150px\" \/><\/a>\n\t\t\t<\/dt><\/dl><dl class='gallery-item'>\n\t\t\t<dt class='gallery-icon landscape'>\n\t\t\t\t<a href='https:\/\/www.padreeustaquio.com.br\/en\/devotees-are-moved-during-the-festival-and-procession-of-the-sacred-hearts\/_mg_7061_edited\/'><img loading=\"lazy\" decoding=\"async\" width=\"150\" height=\"150\" src=\"https:\/\/www.padreeustaquio.com.br\/wp-content\/uploads\/2020\/06\/MG_7061_edited-150x150.jpg\" class=\"attachment-thumbnail size-thumbnail\" alt=\"\" srcset=\"https:\/\/www.padreeustaquio.com.br\/wp-content\/uploads\/2020\/06\/MG_7061_edited-150x150.jpg 150w, https:\/\/www.padreeustaquio.com.br\/wp-content\/uploads\/2020\/06\/MG_7061_edited-180x180.jpg 180w, https:\/\/www.padreeustaquio.com.br\/wp-content\/uploads\/2020\/06\/MG_7061_edited-400x400.jpg 400w, https:\/\/www.padreeustaquio.com.br\/wp-content\/uploads\/2020\/06\/MG_7061_edited-600x600.jpg 600w\" sizes=\"(max-width: 150px) 100vw, 150px\" \/><\/a>\n\t\t\t<\/dt><\/dl><dl class='gallery-item'>\n\t\t\t<dt class='gallery-icon landscape'>\n\t\t\t\t<a href='https:\/\/www.padreeustaquio.com.br\/en\/devotees-are-moved-during-the-festival-and-procession-of-the-sacred-hearts\/_mg_7076_edited\/'><img loading=\"lazy\" decoding=\"async\" width=\"150\" height=\"150\" src=\"https:\/\/www.padreeustaquio.com.br\/wp-content\/uploads\/2020\/06\/MG_7076_edited-150x150.jpg\" class=\"attachment-thumbnail size-thumbnail\" alt=\"\" srcset=\"https:\/\/www.padreeustaquio.com.br\/wp-content\/uploads\/2020\/06\/MG_7076_edited-150x150.jpg 150w, https:\/\/www.padreeustaquio.com.br\/wp-content\/uploads\/2020\/06\/MG_7076_edited-180x180.jpg 180w, https:\/\/www.padreeustaquio.com.br\/wp-content\/uploads\/2020\/06\/MG_7076_edited-400x400.jpg 400w, https:\/\/www.padreeustaquio.com.br\/wp-content\/uploads\/2020\/06\/MG_7076_edited-600x600.jpg 600w\" sizes=\"(max-width: 150px) 100vw, 150px\" \/><\/a>\n\t\t\t<\/dt><\/dl><br style=\"clear: both\" \/><dl class='gallery-item'>\n\t\t\t<dt class='gallery-icon landscape'>\n\t\t\t\t<a href='https:\/\/www.padreeustaquio.com.br\/en\/devotees-are-moved-during-the-festival-and-procession-of-the-sacred-hearts\/_mg_7077_edited\/'><img loading=\"lazy\" decoding=\"async\" width=\"150\" height=\"150\" src=\"https:\/\/www.padreeustaquio.com.br\/wp-content\/uploads\/2020\/06\/MG_7077_edited-150x150.jpg\" class=\"attachment-thumbnail size-thumbnail\" alt=\"\" srcset=\"https:\/\/www.padreeustaquio.com.br\/wp-content\/uploads\/2020\/06\/MG_7077_edited-150x150.jpg 150w, https:\/\/www.padreeustaquio.com.br\/wp-content\/uploads\/2020\/06\/MG_7077_edited-180x180.jpg 180w, https:\/\/www.padreeustaquio.com.br\/wp-content\/uploads\/2020\/06\/MG_7077_edited-400x400.jpg 400w, https:\/\/www.padreeustaquio.com.br\/wp-content\/uploads\/2020\/06\/MG_7077_edited-600x600.jpg 600w\" sizes=\"(max-width: 150px) 100vw, 150px\" \/><\/a>\n\t\t\t<\/dt><\/dl><dl class='gallery-item'>\n\t\t\t<dt class='gallery-icon landscape'>\n\t\t\t\t<a href='https:\/\/www.padreeustaquio.com.br\/en\/devotees-are-moved-during-the-festival-and-procession-of-the-sacred-hearts\/_mg_7085_edited\/'><img loading=\"lazy\" decoding=\"async\" width=\"150\" height=\"150\" src=\"https:\/\/www.padreeustaquio.com.br\/wp-content\/uploads\/2020\/06\/MG_7085_edited-150x150.jpg\" class=\"attachment-thumbnail size-thumbnail\" alt=\"\" srcset=\"https:\/\/www.padreeustaquio.com.br\/wp-content\/uploads\/2020\/06\/MG_7085_edited-150x150.jpg 150w, https:\/\/www.padreeustaquio.com.br\/wp-content\/uploads\/2020\/06\/MG_7085_edited-180x180.jpg 180w, https:\/\/www.padreeustaquio.com.br\/wp-content\/uploads\/2020\/06\/MG_7085_edited-400x400.jpg 400w, https:\/\/www.padreeustaquio.com.br\/wp-content\/uploads\/2020\/06\/MG_7085_edited-600x600.jpg 600w\" sizes=\"(max-width: 150px) 100vw, 150px\" \/><\/a>\n\t\t\t<\/dt><\/dl><dl class='gallery-item'>\n\t\t\t<dt class='gallery-icon landscape'>\n\t\t\t\t<a href='https:\/\/www.padreeustaquio.com.br\/en\/devotees-are-moved-during-the-festival-and-procession-of-the-sacred-hearts\/_mg_7094_edited\/'><img loading=\"lazy\" decoding=\"async\" width=\"150\" height=\"150\" src=\"https:\/\/www.padreeustaquio.com.br\/wp-content\/uploads\/2020\/06\/MG_7094_edited-150x150.jpg\" class=\"attachment-thumbnail size-thumbnail\" alt=\"\" srcset=\"https:\/\/www.padreeustaquio.com.br\/wp-content\/uploads\/2020\/06\/MG_7094_edited-150x150.jpg 150w, https:\/\/www.padreeustaquio.com.br\/wp-content\/uploads\/2020\/06\/MG_7094_edited-180x180.jpg 180w, https:\/\/www.padreeustaquio.com.br\/wp-content\/uploads\/2020\/06\/MG_7094_edited-400x400.jpg 400w, https:\/\/www.padreeustaquio.com.br\/wp-content\/uploads\/2020\/06\/MG_7094_edited-600x600.jpg 600w\" sizes=\"(max-width: 150px) 100vw, 150px\" \/><\/a>\n\t\t\t<\/dt><\/dl><dl class='gallery-item'>\n\t\t\t<dt class='gallery-icon landscape'>\n\t\t\t\t<a href='https:\/\/www.padreeustaquio.com.br\/en\/devotees-are-moved-during-the-festival-and-procession-of-the-sacred-hearts\/_mg_7102_edited\/'><img loading=\"lazy\" decoding=\"async\" width=\"150\" height=\"150\" src=\"https:\/\/www.padreeustaquio.com.br\/wp-content\/uploads\/2020\/06\/MG_7102_edited-150x150.jpg\" class=\"attachment-thumbnail size-thumbnail\" alt=\"\" srcset=\"https:\/\/www.padreeustaquio.com.br\/wp-content\/uploads\/2020\/06\/MG_7102_edited-150x150.jpg 150w, https:\/\/www.padreeustaquio.com.br\/wp-content\/uploads\/2020\/06\/MG_7102_edited-180x180.jpg 180w, https:\/\/www.padreeustaquio.com.br\/wp-content\/uploads\/2020\/06\/MG_7102_edited-400x400.jpg 400w, https:\/\/www.padreeustaquio.com.br\/wp-content\/uploads\/2020\/06\/MG_7102_edited-600x600.jpg 600w\" sizes=\"(max-width: 150px) 100vw, 150px\" \/><\/a>\n\t\t\t<\/dt><\/dl><br style=\"clear: both\" \/><dl class='gallery-item'>\n\t\t\t<dt class='gallery-icon landscape'>\n\t\t\t\t<a href='https:\/\/www.padreeustaquio.com.br\/en\/devotees-are-moved-during-the-festival-and-procession-of-the-sacred-hearts\/_mg_7117_edited\/'><img loading=\"lazy\" decoding=\"async\" width=\"150\" height=\"150\" src=\"https:\/\/www.padreeustaquio.com.br\/wp-content\/uploads\/2020\/06\/MG_7117_edited-150x150.jpg\" class=\"attachment-thumbnail size-thumbnail\" alt=\"\" srcset=\"https:\/\/www.padreeustaquio.com.br\/wp-content\/uploads\/2020\/06\/MG_7117_edited-150x150.jpg 150w, https:\/\/www.padreeustaquio.com.br\/wp-content\/uploads\/2020\/06\/MG_7117_edited-180x180.jpg 180w, https:\/\/www.padreeustaquio.com.br\/wp-content\/uploads\/2020\/06\/MG_7117_edited-400x400.jpg 400w, https:\/\/www.padreeustaquio.com.br\/wp-content\/uploads\/2020\/06\/MG_7117_edited-600x600.jpg 600w\" sizes=\"(max-width: 150px) 100vw, 150px\" \/><\/a>\n\t\t\t<\/dt><\/dl><dl class='gallery-item'>\n\t\t\t<dt class='gallery-icon landscape'>\n\t\t\t\t<a href='https:\/\/www.padreeustaquio.com.br\/en\/devotees-are-moved-during-the-festival-and-procession-of-the-sacred-hearts\/_mg_7118_edited\/'><img loading=\"lazy\" decoding=\"async\" width=\"150\" height=\"150\" src=\"https:\/\/www.padreeustaquio.com.br\/wp-content\/uploads\/2020\/06\/MG_7118_edited-150x150.jpg\" class=\"attachment-thumbnail size-thumbnail\" alt=\"\" srcset=\"https:\/\/www.padreeustaquio.com.br\/wp-content\/uploads\/2020\/06\/MG_7118_edited-150x150.jpg 150w, https:\/\/www.padreeustaquio.com.br\/wp-content\/uploads\/2020\/06\/MG_7118_edited-180x180.jpg 180w, https:\/\/www.padreeustaquio.com.br\/wp-content\/uploads\/2020\/06\/MG_7118_edited-400x400.jpg 400w, https:\/\/www.padreeustaquio.com.br\/wp-content\/uploads\/2020\/06\/MG_7118_edited-600x600.jpg 600w\" sizes=\"(max-width: 150px) 100vw, 150px\" \/><\/a>\n\t\t\t<\/dt><\/dl><dl class='gallery-item'>\n\t\t\t<dt class='gallery-icon landscape'>\n\t\t\t\t<a href='https:\/\/www.padreeustaquio.com.br\/en\/devotees-are-moved-during-the-festival-and-procession-of-the-sacred-hearts\/_mg_7121_edited\/'><img loading=\"lazy\" decoding=\"async\" width=\"150\" height=\"150\" src=\"https:\/\/www.padreeustaquio.com.br\/wp-content\/uploads\/2020\/06\/MG_7121_edited-150x150.jpg\" class=\"attachment-thumbnail size-thumbnail\" alt=\"\" srcset=\"https:\/\/www.padreeustaquio.com.br\/wp-content\/uploads\/2020\/06\/MG_7121_edited-150x150.jpg 150w, https:\/\/www.padreeustaquio.com.br\/wp-content\/uploads\/2020\/06\/MG_7121_edited-180x180.jpg 180w, https:\/\/www.padreeustaquio.com.br\/wp-content\/uploads\/2020\/06\/MG_7121_edited-400x400.jpg 400w, https:\/\/www.padreeustaquio.com.br\/wp-content\/uploads\/2020\/06\/MG_7121_edited-600x600.jpg 600w\" sizes=\"(max-width: 150px) 100vw, 150px\" \/><\/a>\n\t\t\t<\/dt><\/dl><dl class='gallery-item'>\n\t\t\t<dt class='gallery-icon landscape'>\n\t\t\t\t<a href='https:\/\/www.padreeustaquio.com.br\/en\/devotees-are-moved-during-the-festival-and-procession-of-the-sacred-hearts\/_mg_7123_edited\/'><img loading=\"lazy\" decoding=\"async\" width=\"150\" height=\"150\" src=\"https:\/\/www.padreeustaquio.com.br\/wp-content\/uploads\/2020\/06\/MG_7123_edited-150x150.jpg\" class=\"attachment-thumbnail size-thumbnail\" alt=\"\" srcset=\"https:\/\/www.padreeustaquio.com.br\/wp-content\/uploads\/2020\/06\/MG_7123_edited-150x150.jpg 150w, https:\/\/www.padreeustaquio.com.br\/wp-content\/uploads\/2020\/06\/MG_7123_edited-180x180.jpg 180w, https:\/\/www.padreeustaquio.com.br\/wp-content\/uploads\/2020\/06\/MG_7123_edited-400x400.jpg 400w, https:\/\/www.padreeustaquio.com.br\/wp-content\/uploads\/2020\/06\/MG_7123_edited-600x600.jpg 600w\" sizes=\"(max-width: 150px) 100vw, 150px\" \/><\/a>\n\t\t\t<\/dt><\/dl><br style=\"clear: both\" \/><dl class='gallery-item'>\n\t\t\t<dt class='gallery-icon landscape'>\n\t\t\t\t<a href='https:\/\/www.padreeustaquio.com.br\/en\/devotees-are-moved-during-the-festival-and-procession-of-the-sacred-hearts\/_mg_7128_edited\/'><img loading=\"lazy\" decoding=\"async\" width=\"150\" height=\"150\" src=\"https:\/\/www.padreeustaquio.com.br\/wp-content\/uploads\/2020\/06\/MG_7128_edited-150x150.jpg\" class=\"attachment-thumbnail size-thumbnail\" alt=\"\" srcset=\"https:\/\/www.padreeustaquio.com.br\/wp-content\/uploads\/2020\/06\/MG_7128_edited-150x150.jpg 150w, https:\/\/www.padreeustaquio.com.br\/wp-content\/uploads\/2020\/06\/MG_7128_edited-180x180.jpg 180w, https:\/\/www.padreeustaquio.com.br\/wp-content\/uploads\/2020\/06\/MG_7128_edited-400x400.jpg 400w, https:\/\/www.padreeustaquio.com.br\/wp-content\/uploads\/2020\/06\/MG_7128_edited-600x600.jpg 600w\" sizes=\"(max-width: 150px) 100vw, 150px\" \/><\/a>\n\t\t\t<\/dt><\/dl><dl class='gallery-item'>\n\t\t\t<dt class='gallery-icon landscape'>\n\t\t\t\t<a href='https:\/\/www.padreeustaquio.com.br\/en\/devotees-are-moved-during-the-festival-and-procession-of-the-sacred-hearts\/_mg_7147_edited\/'><img loading=\"lazy\" decoding=\"async\" width=\"150\" height=\"150\" src=\"https:\/\/www.padreeustaquio.com.br\/wp-content\/uploads\/2020\/06\/MG_7147_edited-150x150.jpg\" class=\"attachment-thumbnail size-thumbnail\" alt=\"\" srcset=\"https:\/\/www.padreeustaquio.com.br\/wp-content\/uploads\/2020\/06\/MG_7147_edited-150x150.jpg 150w, https:\/\/www.padreeustaquio.com.br\/wp-content\/uploads\/2020\/06\/MG_7147_edited-180x180.jpg 180w, https:\/\/www.padreeustaquio.com.br\/wp-content\/uploads\/2020\/06\/MG_7147_edited-400x400.jpg 400w, https:\/\/www.padreeustaquio.com.br\/wp-content\/uploads\/2020\/06\/MG_7147_edited-600x600.jpg 600w\" sizes=\"(max-width: 150px) 100vw, 150px\" \/><\/a>\n\t\t\t<\/dt><\/dl><dl class='gallery-item'>\n\t\t\t<dt class='gallery-icon landscape'>\n\t\t\t\t<a href='https:\/\/www.padreeustaquio.com.br\/en\/devotees-are-moved-during-the-festival-and-procession-of-the-sacred-hearts\/_mg_7167_edited\/'><img loading=\"lazy\" decoding=\"async\" width=\"150\" height=\"150\" src=\"https:\/\/www.padreeustaquio.com.br\/wp-content\/uploads\/2020\/06\/MG_7167_edited-150x150.jpg\" class=\"attachment-thumbnail size-thumbnail\" alt=\"\" srcset=\"https:\/\/www.padreeustaquio.com.br\/wp-content\/uploads\/2020\/06\/MG_7167_edited-150x150.jpg 150w, https:\/\/www.padreeustaquio.com.br\/wp-content\/uploads\/2020\/06\/MG_7167_edited-180x180.jpg 180w, https:\/\/www.padreeustaquio.com.br\/wp-content\/uploads\/2020\/06\/MG_7167_edited-400x400.jpg 400w, https:\/\/www.padreeustaquio.com.br\/wp-content\/uploads\/2020\/06\/MG_7167_edited-600x600.jpg 600w\" sizes=\"(max-width: 150px) 100vw, 150px\" \/><\/a>\n\t\t\t<\/dt><\/dl><dl class='gallery-item'>\n\t\t\t<dt class='gallery-icon landscape'>\n\t\t\t\t<a href='https:\/\/www.padreeustaquio.com.br\/en\/devotees-are-moved-during-the-festival-and-procession-of-the-sacred-hearts\/_mg_7185_edited\/'><img loading=\"lazy\" decoding=\"async\" width=\"150\" height=\"150\" src=\"https:\/\/www.padreeustaquio.com.br\/wp-content\/uploads\/2020\/06\/MG_7185_edited-150x150.jpg\" class=\"attachment-thumbnail size-thumbnail\" alt=\"\" srcset=\"https:\/\/www.padreeustaquio.com.br\/wp-content\/uploads\/2020\/06\/MG_7185_edited-150x150.jpg 150w, https:\/\/www.padreeustaquio.com.br\/wp-content\/uploads\/2020\/06\/MG_7185_edited-180x180.jpg 180w, https:\/\/www.padreeustaquio.com.br\/wp-content\/uploads\/2020\/06\/MG_7185_edited-400x400.jpg 400w, https:\/\/www.padreeustaquio.com.br\/wp-content\/uploads\/2020\/06\/MG_7185_edited-600x600.jpg 600w\" sizes=\"(max-width: 150px) 100vw, 150px\" \/><\/a>\n\t\t\t<\/dt><\/dl><br style=\"clear: both\" \/><dl class='gallery-item'>\n\t\t\t<dt class='gallery-icon landscape'>\n\t\t\t\t<a href='https:\/\/www.padreeustaquio.com.br\/en\/devotees-are-moved-during-the-festival-and-procession-of-the-sacred-hearts\/_mg_7190_edited\/'><img loading=\"lazy\" decoding=\"async\" width=\"150\" height=\"150\" src=\"https:\/\/www.padreeustaquio.com.br\/wp-content\/uploads\/2020\/06\/MG_7190_edited-150x150.jpg\" class=\"attachment-thumbnail size-thumbnail\" alt=\"\" srcset=\"https:\/\/www.padreeustaquio.com.br\/wp-content\/uploads\/2020\/06\/MG_7190_edited-150x150.jpg 150w, https:\/\/www.padreeustaquio.com.br\/wp-content\/uploads\/2020\/06\/MG_7190_edited-180x180.jpg 180w, https:\/\/www.padreeustaquio.com.br\/wp-content\/uploads\/2020\/06\/MG_7190_edited-400x400.jpg 400w, https:\/\/www.padreeustaquio.com.br\/wp-content\/uploads\/2020\/06\/MG_7190_edited-600x600.jpg 600w\" sizes=\"(max-width: 150px) 100vw, 150px\" \/><\/a>\n\t\t\t<\/dt><\/dl><dl class='gallery-item'>\n\t\t\t<dt class='gallery-icon portrait'>\n\t\t\t\t<a href='https:\/\/www.padreeustaquio.com.br\/en\/devotees-are-moved-during-the-festival-and-procession-of-the-sacred-hearts\/_mg_7191_edited\/'><img loading=\"lazy\" decoding=\"async\" width=\"150\" height=\"150\" src=\"https:\/\/www.padreeustaquio.com.br\/wp-content\/uploads\/2020\/06\/MG_7191_edited-150x150.jpg\" class=\"attachment-thumbnail size-thumbnail\" alt=\"\" srcset=\"https:\/\/www.padreeustaquio.com.br\/wp-content\/uploads\/2020\/06\/MG_7191_edited-150x150.jpg 150w, https:\/\/www.padreeustaquio.com.br\/wp-content\/uploads\/2020\/06\/MG_7191_edited-180x180.jpg 180w, https:\/\/www.padreeustaquio.com.br\/wp-content\/uploads\/2020\/06\/MG_7191_edited-400x400.jpg 400w, https:\/\/www.padreeustaquio.com.br\/wp-content\/uploads\/2020\/06\/MG_7191_edited-600x600.jpg 600w\" sizes=\"(max-width: 150px) 100vw, 150px\" \/><\/a>\n\t\t\t<\/dt><\/dl><dl class='gallery-item'>\n\t\t\t<dt class='gallery-icon landscape'>\n\t\t\t\t<a href='https:\/\/www.padreeustaquio.com.br\/en\/devotees-are-moved-during-the-festival-and-procession-of-the-sacred-hearts\/_mg_7211_edited\/'><img loading=\"lazy\" decoding=\"async\" width=\"150\" height=\"150\" src=\"https:\/\/www.padreeustaquio.com.br\/wp-content\/uploads\/2020\/06\/MG_7211_edited-150x150.jpg\" class=\"attachment-thumbnail size-thumbnail\" alt=\"\" srcset=\"https:\/\/www.padreeustaquio.com.br\/wp-content\/uploads\/2020\/06\/MG_7211_edited-150x150.jpg 150w, https:\/\/www.padreeustaquio.com.br\/wp-content\/uploads\/2020\/06\/MG_7211_edited-180x180.jpg 180w, https:\/\/www.padreeustaquio.com.br\/wp-content\/uploads\/2020\/06\/MG_7211_edited-400x400.jpg 400w, https:\/\/www.padreeustaquio.com.br\/wp-content\/uploads\/2020\/06\/MG_7211_edited-600x600.jpg 600w\" sizes=\"(max-width: 150px) 100vw, 150px\" \/><\/a>\n\t\t\t<\/dt><\/dl><dl class='gallery-item'>\n\t\t\t<dt class='gallery-icon landscape'>\n\t\t\t\t<a href='https:\/\/www.padreeustaquio.com.br\/en\/devotees-are-moved-during-the-festival-and-procession-of-the-sacred-hearts\/_mg_7591_edited\/'><img loading=\"lazy\" decoding=\"async\" width=\"150\" height=\"150\" src=\"https:\/\/www.padreeustaquio.com.br\/wp-content\/uploads\/2020\/06\/MG_7591_edited-150x150.jpg\" class=\"attachment-thumbnail size-thumbnail\" alt=\"\" srcset=\"https:\/\/www.padreeustaquio.com.br\/wp-content\/uploads\/2020\/06\/MG_7591_edited-150x150.jpg 150w, https:\/\/www.padreeustaquio.com.br\/wp-content\/uploads\/2020\/06\/MG_7591_edited-180x180.jpg 180w, https:\/\/www.padreeustaquio.com.br\/wp-content\/uploads\/2020\/06\/MG_7591_edited-400x400.jpg 400w, https:\/\/www.padreeustaquio.com.br\/wp-content\/uploads\/2020\/06\/MG_7591_edited-600x600.jpg 600w\" sizes=\"(max-width: 150px) 100vw, 150px\" \/><\/a>\n\t\t\t<\/dt><\/dl><br style=\"clear: both\" \/>\n\t\t<\/div>\n\n<\/div>","protected":false},"excerpt":{"rendered":"<p>Os devotos dos Sagrados Cora\u00e7\u00f5es viveram momentos de muita f\u00e9 e emo\u00e7\u00e3o nesse final de semana. Padres, religiosos e volunt\u00e1rios promoveram momentos de celebra\u00e7\u00e3o que, apesar da pandemia, envolveram toda a comunidade. Na sexta-feira, dia 19, Solenidade do Sagrado Cora\u00e7\u00e3o de Jesus, os padres celebraram a Santa Missa e, em seguida, fizeram os ritos para Entroniza\u00e7\u00e3o de imagens, escudos e estampas. Os fi\u00e9is puderam acompanhar pela internet e proceder com as ora\u00e7\u00f5es, mesmo \u00e0 dist\u00e2ncia. O Cora\u00e7\u00e3o de Maria foi festejado no s\u00e1bado, dia 20, com Santa Missa e ora\u00e7\u00f5es para Entroniza\u00e7\u00e3o tamb\u00e9m pelo Canal Padre Eust\u00e1quio, do YouTube. O [&hellip;]<\/p>\n","protected":false},"author":2,"featured_media":4297,"comment_status":"open","ping_status":"open","sticky":false,"template":"","format":"standard","meta":{"_acf_changed":false,"footnotes":""},"categories":[611],"tags":[],"class_list":["post-4295","post","type-post","status-publish","format-standard","has-post-thumbnail","hentry","category-noticias"],"acf":[],"yoast_head":"<!-- This site is optimized with the Yoast SEO plugin v27.2 - https:\/\/yoast.com\/product\/yoast-seo-wordpress\/ -->\n<title>Devotos se emocionam durante festa e prociss\u00e3o dos Sagrados Cora\u00e7\u00f5es - Padre Eust\u00e1quio<\/title>\n<meta name=\"robots\" content=\"index, follow, max-snippet:-1, max-image-preview:large, max-video-preview:-1\" \/>\n<link rel=\"canonical\" href=\"https:\/\/www.padreeustaquio.com.br\/en\/devotees-are-moved-during-the-festival-and-procession-of-the-sacred-hearts\/\" \/>\n<meta property=\"og:locale\" content=\"en_US\" \/>\n<meta property=\"og:type\" content=\"article\" \/>\n<meta property=\"og:title\" content=\"Devotos se emocionam durante festa e prociss\u00e3o dos Sagrados Cora\u00e7\u00f5es - Padre Eust\u00e1quio\" \/>\n<meta property=\"og:description\" content=\"Os devotos dos Sagrados Cora\u00e7\u00f5es viveram momentos de muita f\u00e9 e emo\u00e7\u00e3o nesse final de semana. Padres, religiosos e volunt\u00e1rios promoveram momentos de celebra\u00e7\u00e3o que, apesar da pandemia, envolveram toda a comunidade. Na sexta-feira, dia 19, Solenidade do Sagrado Cora\u00e7\u00e3o de Jesus, os padres celebraram a Santa Missa e, em seguida, fizeram os ritos para Entroniza\u00e7\u00e3o de imagens, escudos e estampas. Os fi\u00e9is puderam acompanhar pela internet e proceder com as ora\u00e7\u00f5es, mesmo \u00e0 dist\u00e2ncia. O Cora\u00e7\u00e3o de Maria foi festejado no s\u00e1bado, dia 20, com Santa Missa e ora\u00e7\u00f5es para Entroniza\u00e7\u00e3o tamb\u00e9m pelo Canal Padre Eust\u00e1quio, do YouTube. O [&hellip;]\" \/>\n<meta property=\"og:url\" content=\"https:\/\/www.padreeustaquio.com.br\/en\/devotees-are-moved-during-the-festival-and-procession-of-the-sacred-hearts\/\" \/>\n<meta property=\"og:site_name\" content=\"Padre Eust\u00e1quio\" \/>\n<meta property=\"article:publisher\" content=\"https:\/\/www.facebook.com\/beatopadreeustaquio\/\" \/>\n<meta property=\"article:published_time\" content=\"2020-06-26T14:35:25+00:00\" \/>\n<meta property=\"og:image\" content=\"https:\/\/www.padreeustaquio.com.br\/wp-content\/uploads\/2020\/06\/MG_6103_edited.jpg\" \/>\n\t<meta property=\"og:image:width\" content=\"2610\" \/>\n\t<meta property=\"og:image:height\" content=\"1625\" \/>\n\t<meta property=\"og:image:type\" content=\"image\/jpeg\" \/>\n<meta name=\"author\" content=\"@sscc\" \/>\n<meta name=\"twitter:card\" content=\"summary_large_image\" \/>\n<meta name=\"twitter:creator\" content=\"@beatopeustaquio\" \/>\n<meta name=\"twitter:site\" content=\"@beatopeustaquio\" \/>\n<meta name=\"twitter:label1\" content=\"Written by\" \/>\n\t<meta name=\"twitter:data1\" content=\"@sscc\" \/>\n\t<meta name=\"twitter:label2\" content=\"Est. reading time\" \/>\n\t<meta name=\"twitter:data2\" content=\"2 minutes\" \/>\n<script type=\"application\/ld+json\" class=\"yoast-schema-graph\">{\"@context\":\"https:\/\/schema.org\",\"@graph\":[{\"@type\":\"Article\",\"@id\":\"https:\/\/www.padreeustaquio.com.br\/devotos-se-emocionam-durante-festa-e-procissao-dos-sagrados-coracoes\/#article\",\"isPartOf\":{\"@id\":\"https:\/\/www.padreeustaquio.com.br\/devotos-se-emocionam-durante-festa-e-procissao-dos-sagrados-coracoes\/\"},\"author\":{\"name\":\"@sscc\",\"@id\":\"https:\/\/www.padreeustaquio.com.br\/#\/schema\/person\/a2a51db1d00f1a7af0204a0f1ddb1566\"},\"headline\":\"Devotos se emocionam durante festa e prociss\u00e3o dos Sagrados Cora\u00e7\u00f5es\",\"datePublished\":\"2020-06-26T14:35:25+00:00\",\"mainEntityOfPage\":{\"@id\":\"https:\/\/www.padreeustaquio.com.br\/devotos-se-emocionam-durante-festa-e-procissao-dos-sagrados-coracoes\/\"},\"wordCount\":332,\"commentCount\":0,\"publisher\":{\"@id\":\"https:\/\/www.padreeustaquio.com.br\/#organization\"},\"image\":{\"@id\":\"https:\/\/www.padreeustaquio.com.br\/devotos-se-emocionam-durante-festa-e-procissao-dos-sagrados-coracoes\/#primaryimage\"},\"thumbnailUrl\":\"https:\/\/www.padreeustaquio.com.br\/wp-content\/uploads\/2020\/06\/MG_6103_edited.jpg\",\"articleSection\":[\"Not\u00edcias\"],\"inLanguage\":\"en-US\",\"potentialAction\":[{\"@type\":\"CommentAction\",\"name\":\"Comment\",\"target\":[\"https:\/\/www.padreeustaquio.com.br\/devotos-se-emocionam-durante-festa-e-procissao-dos-sagrados-coracoes\/#respond\"]}]},{\"@type\":\"WebPage\",\"@id\":\"https:\/\/www.padreeustaquio.com.br\/devotos-se-emocionam-durante-festa-e-procissao-dos-sagrados-coracoes\/\",\"url\":\"https:\/\/www.padreeustaquio.com.br\/devotos-se-emocionam-durante-festa-e-procissao-dos-sagrados-coracoes\/\",\"name\":\"Devotos se emocionam durante festa e prociss\u00e3o dos Sagrados Cora\u00e7\u00f5es - Padre Eust\u00e1quio\",\"isPartOf\":{\"@id\":\"https:\/\/www.padreeustaquio.com.br\/#website\"},\"primaryImageOfPage\":{\"@id\":\"https:\/\/www.padreeustaquio.com.br\/devotos-se-emocionam-durante-festa-e-procissao-dos-sagrados-coracoes\/#primaryimage\"},\"image\":{\"@id\":\"https:\/\/www.padreeustaquio.com.br\/devotos-se-emocionam-durante-festa-e-procissao-dos-sagrados-coracoes\/#primaryimage\"},\"thumbnailUrl\":\"https:\/\/www.padreeustaquio.com.br\/wp-content\/uploads\/2020\/06\/MG_6103_edited.jpg\",\"datePublished\":\"2020-06-26T14:35:25+00:00\",\"breadcrumb\":{\"@id\":\"https:\/\/www.padreeustaquio.com.br\/devotos-se-emocionam-durante-festa-e-procissao-dos-sagrados-coracoes\/#breadcrumb\"},\"inLanguage\":\"en-US\",\"potentialAction\":[{\"@type\":\"ReadAction\",\"target\":[\"https:\/\/www.padreeustaquio.com.br\/devotos-se-emocionam-durante-festa-e-procissao-dos-sagrados-coracoes\/\"]}]},{\"@type\":\"ImageObject\",\"inLanguage\":\"en-US\",\"@id\":\"https:\/\/www.padreeustaquio.com.br\/devotos-se-emocionam-durante-festa-e-procissao-dos-sagrados-coracoes\/#primaryimage\",\"url\":\"https:\/\/www.padreeustaquio.com.br\/wp-content\/uploads\/2020\/06\/MG_6103_edited.jpg\",\"contentUrl\":\"https:\/\/www.padreeustaquio.com.br\/wp-content\/uploads\/2020\/06\/MG_6103_edited.jpg\",\"width\":2610,\"height\":1625},{\"@type\":\"BreadcrumbList\",\"@id\":\"https:\/\/www.padreeustaquio.com.br\/devotos-se-emocionam-durante-festa-e-procissao-dos-sagrados-coracoes\/#breadcrumb\",\"itemListElement\":[{\"@type\":\"ListItem\",\"position\":1,\"name\":\"In\u00edcio\",\"item\":\"https:\/\/www.padreeustaquio.com.br\/\"},{\"@type\":\"ListItem\",\"position\":2,\"name\":\"Devotos se emocionam durante festa e prociss\u00e3o dos Sagrados Cora\u00e7\u00f5es\"}]},{\"@type\":\"WebSite\",\"@id\":\"https:\/\/www.padreeustaquio.com.br\/#website\",\"url\":\"https:\/\/www.padreeustaquio.com.br\/\",\"name\":\"Padre Eust\u00e1quio\",\"description\":\"Sa\u00fade e Paz\",\"publisher\":{\"@id\":\"https:\/\/www.padreeustaquio.com.br\/#organization\"},\"potentialAction\":[{\"@type\":\"SearchAction\",\"target\":{\"@type\":\"EntryPoint\",\"urlTemplate\":\"https:\/\/www.padreeustaquio.com.br\/?s={search_term_string}\"},\"query-input\":{\"@type\":\"PropertyValueSpecification\",\"valueRequired\":true,\"valueName\":\"search_term_string\"}}],\"inLanguage\":\"en-US\"},{\"@type\":\"Organization\",\"@id\":\"https:\/\/www.padreeustaquio.com.br\/#organization\",\"name\":\"Padre Eust\u00e1quio\",\"url\":\"https:\/\/www.padreeustaquio.com.br\/\",\"logo\":{\"@type\":\"ImageObject\",\"inLanguage\":\"en-US\",\"@id\":\"https:\/\/www.padreeustaquio.com.br\/#\/schema\/logo\/image\/\",\"url\":\"https:\/\/www.padreeustaquio.com.br\/wp-content\/uploads\/2019\/08\/marca.png\",\"contentUrl\":\"https:\/\/www.padreeustaquio.com.br\/wp-content\/uploads\/2019\/08\/marca.png\",\"width\":350,\"height\":400,\"caption\":\"Padre Eust\u00e1quio\"},\"image\":{\"@id\":\"https:\/\/www.padreeustaquio.com.br\/#\/schema\/logo\/image\/\"},\"sameAs\":[\"https:\/\/www.facebook.com\/beatopadreeustaquio\/\",\"https:\/\/x.com\/beatopeustaquio\",\"https:\/\/www.instagram.com\/beatopadreeustaquio\/\",\"https:\/\/www.youtube.com\/channel\/UCRhw7vfabnajwLxb1ZXMeIw\"]},{\"@type\":\"Person\",\"@id\":\"https:\/\/www.padreeustaquio.com.br\/#\/schema\/person\/a2a51db1d00f1a7af0204a0f1ddb1566\",\"name\":\"@sscc\",\"image\":{\"@type\":\"ImageObject\",\"inLanguage\":\"en-US\",\"@id\":\"https:\/\/secure.gravatar.com\/avatar\/68cfafa5f44617fea54071e215026e0ff06be366c3d54a8425f04fdcb86f8c5f?s=96&d=mm&r=g\",\"url\":\"https:\/\/secure.gravatar.com\/avatar\/68cfafa5f44617fea54071e215026e0ff06be366c3d54a8425f04fdcb86f8c5f?s=96&d=mm&r=g\",\"contentUrl\":\"https:\/\/secure.gravatar.com\/avatar\/68cfafa5f44617fea54071e215026e0ff06be366c3d54a8425f04fdcb86f8c5f?s=96&d=mm&r=g\",\"caption\":\"@sscc\"},\"url\":\"https:\/\/www.padreeustaquio.com.br\/en\/author\/sscc\/\"}]}<\/script>\n<!-- \/ Yoast SEO plugin. -->","yoast_head_json":{"title":"Devotees are moved during the Sacred Hearts festival and procession - Father Eust\u00e1quio","robots":{"index":"index","follow":"follow","max-snippet":"max-snippet:-1","max-image-preview":"max-image-preview:large","max-video-preview":"max-video-preview:-1"},"canonical":"https:\/\/www.padreeustaquio.com.br\/en\/devotees-are-moved-during-the-festival-and-procession-of-the-sacred-hearts\/","og_locale":"en_US","og_type":"article","og_title":"Devotos se emocionam durante festa e prociss\u00e3o dos Sagrados Cora\u00e7\u00f5es - Padre Eust\u00e1quio","og_description":"Os devotos dos Sagrados Cora\u00e7\u00f5es viveram momentos de muita f\u00e9 e emo\u00e7\u00e3o nesse final de semana. Padres, religiosos e volunt\u00e1rios promoveram momentos de celebra\u00e7\u00e3o que, apesar da pandemia, envolveram toda a comunidade. Na sexta-feira, dia 19, Solenidade do Sagrado Cora\u00e7\u00e3o de Jesus, os padres celebraram a Santa Missa e, em seguida, fizeram os ritos para Entroniza\u00e7\u00e3o de imagens, escudos e estampas. Os fi\u00e9is puderam acompanhar pela internet e proceder com as ora\u00e7\u00f5es, mesmo \u00e0 dist\u00e2ncia. O Cora\u00e7\u00e3o de Maria foi festejado no s\u00e1bado, dia 20, com Santa Missa e ora\u00e7\u00f5es para Entroniza\u00e7\u00e3o tamb\u00e9m pelo Canal Padre Eust\u00e1quio, do YouTube. O [&hellip;]","og_url":"https:\/\/www.padreeustaquio.com.br\/en\/devotees-are-moved-during-the-festival-and-procession-of-the-sacred-hearts\/","og_site_name":"Padre Eust\u00e1quio","article_publisher":"https:\/\/www.facebook.com\/beatopadreeustaquio\/","article_published_time":"2020-06-26T14:35:25+00:00","og_image":[{"width":2610,"height":1625,"url":"https:\/\/www.padreeustaquio.com.br\/wp-content\/uploads\/2020\/06\/MG_6103_edited.jpg","type":"image\/jpeg"}],"author":"@sscc","twitter_card":"summary_large_image","twitter_creator":"@beatopeustaquio","twitter_site":"@beatopeustaquio","twitter_misc":{"Written by":"@sscc","Est. reading time":"2 minutes"},"schema":{"@context":"https:\/\/schema.org","@graph":[{"@type":"Article","@id":"https:\/\/www.padreeustaquio.com.br\/devotos-se-emocionam-durante-festa-e-procissao-dos-sagrados-coracoes\/#article","isPartOf":{"@id":"https:\/\/www.padreeustaquio.com.br\/devotos-se-emocionam-durante-festa-e-procissao-dos-sagrados-coracoes\/"},"author":{"name":"@sscc","@id":"https:\/\/www.padreeustaquio.com.br\/#\/schema\/person\/a2a51db1d00f1a7af0204a0f1ddb1566"},"headline":"Devotos se emocionam durante festa e prociss\u00e3o dos Sagrados Cora\u00e7\u00f5es","datePublished":"2020-06-26T14:35:25+00:00","mainEntityOfPage":{"@id":"https:\/\/www.padreeustaquio.com.br\/devotos-se-emocionam-durante-festa-e-procissao-dos-sagrados-coracoes\/"},"wordCount":332,"commentCount":0,"publisher":{"@id":"https:\/\/www.padreeustaquio.com.br\/#organization"},"image":{"@id":"https:\/\/www.padreeustaquio.com.br\/devotos-se-emocionam-durante-festa-e-procissao-dos-sagrados-coracoes\/#primaryimage"},"thumbnailUrl":"https:\/\/www.padreeustaquio.com.br\/wp-content\/uploads\/2020\/06\/MG_6103_edited.jpg","articleSection":["Not\u00edcias"],"inLanguage":"en-US","potentialAction":[{"@type":"CommentAction","name":"Comment","target":["https:\/\/www.padreeustaquio.com.br\/devotos-se-emocionam-durante-festa-e-procissao-dos-sagrados-coracoes\/#respond"]}]},{"@type":"WebPage","@id":"https:\/\/www.padreeustaquio.com.br\/devotos-se-emocionam-durante-festa-e-procissao-dos-sagrados-coracoes\/","url":"https:\/\/www.padreeustaquio.com.br\/devotos-se-emocionam-durante-festa-e-procissao-dos-sagrados-coracoes\/","name":"Devotees are moved during the Sacred Hearts festival and procession - Father Eust\u00e1quio","isPartOf":{"@id":"https:\/\/www.padreeustaquio.com.br\/#website"},"primaryImageOfPage":{"@id":"https:\/\/www.padreeustaquio.com.br\/devotos-se-emocionam-durante-festa-e-procissao-dos-sagrados-coracoes\/#primaryimage"},"image":{"@id":"https:\/\/www.padreeustaquio.com.br\/devotos-se-emocionam-durante-festa-e-procissao-dos-sagrados-coracoes\/#primaryimage"},"thumbnailUrl":"https:\/\/www.padreeustaquio.com.br\/wp-content\/uploads\/2020\/06\/MG_6103_edited.jpg","datePublished":"2020-06-26T14:35:25+00:00","breadcrumb":{"@id":"https:\/\/www.padreeustaquio.com.br\/devotos-se-emocionam-durante-festa-e-procissao-dos-sagrados-coracoes\/#breadcrumb"},"inLanguage":"en-US","potentialAction":[{"@type":"ReadAction","target":["https:\/\/www.padreeustaquio.com.br\/devotos-se-emocionam-durante-festa-e-procissao-dos-sagrados-coracoes\/"]}]},{"@type":"ImageObject","inLanguage":"en-US","@id":"https:\/\/www.padreeustaquio.com.br\/devotos-se-emocionam-durante-festa-e-procissao-dos-sagrados-coracoes\/#primaryimage","url":"https:\/\/www.padreeustaquio.com.br\/wp-content\/uploads\/2020\/06\/MG_6103_edited.jpg","contentUrl":"https:\/\/www.padreeustaquio.com.br\/wp-content\/uploads\/2020\/06\/MG_6103_edited.jpg","width":2610,"height":1625},{"@type":"BreadcrumbList","@id":"https:\/\/www.padreeustaquio.com.br\/devotos-se-emocionam-durante-festa-e-procissao-dos-sagrados-coracoes\/#breadcrumb","itemListElement":[{"@type":"ListItem","position":1,"name":"In\u00edcio","item":"https:\/\/www.padreeustaquio.com.br\/"},{"@type":"ListItem","position":2,"name":"Devotos se emocionam durante festa e prociss\u00e3o dos Sagrados Cora\u00e7\u00f5es"}]},{"@type":"WebSite","@id":"https:\/\/www.padreeustaquio.com.br\/#website","url":"https:\/\/www.padreeustaquio.com.br\/","name":"FATHER EUST\u00c1QUIO","description":"Health and Peace","publisher":{"@id":"https:\/\/www.padreeustaquio.com.br\/#organization"},"potentialAction":[{"@type":"SearchAction","target":{"@type":"EntryPoint","urlTemplate":"https:\/\/www.padreeustaquio.com.br\/?s={search_term_string}"},"query-input":{"@type":"PropertyValueSpecification","valueRequired":true,"valueName":"search_term_string"}}],"inLanguage":"en-US"},{"@type":"Organization","@id":"https:\/\/www.padreeustaquio.com.br\/#organization","name":"FATHER EUST\u00c1QUIO","url":"https:\/\/www.padreeustaquio.com.br\/","logo":{"@type":"ImageObject","inLanguage":"en-US","@id":"https:\/\/www.padreeustaquio.com.br\/#\/schema\/logo\/image\/","url":"https:\/\/www.padreeustaquio.com.br\/wp-content\/uploads\/2019\/08\/marca.png","contentUrl":"https:\/\/www.padreeustaquio.com.br\/wp-content\/uploads\/2019\/08\/marca.png","width":350,"height":400,"caption":"Padre Eust\u00e1quio"},"image":{"@id":"https:\/\/www.padreeustaquio.com.br\/#\/schema\/logo\/image\/"},"sameAs":["https:\/\/www.facebook.com\/beatopadreeustaquio\/","https:\/\/x.com\/beatopeustaquio","https:\/\/www.instagram.com\/beatopadreeustaquio\/","https:\/\/www.youtube.com\/channel\/UCRhw7vfabnajwLxb1ZXMeIw"]},{"@type":"Person","@id":"https:\/\/www.padreeustaquio.com.br\/#\/schema\/person\/a2a51db1d00f1a7af0204a0f1ddb1566","name":"@sscc","image":{"@type":"ImageObject","inLanguage":"en-US","@id":"https:\/\/secure.gravatar.com\/avatar\/68cfafa5f44617fea54071e215026e0ff06be366c3d54a8425f04fdcb86f8c5f?s=96&d=mm&r=g","url":"https:\/\/secure.gravatar.com\/avatar\/68cfafa5f44617fea54071e215026e0ff06be366c3d54a8425f04fdcb86f8c5f?s=96&d=mm&r=g","contentUrl":"https:\/\/secure.gravatar.com\/avatar\/68cfafa5f44617fea54071e215026e0ff06be366c3d54a8425f04fdcb86f8c5f?s=96&d=mm&r=g","caption":"@sscc"},"url":"https:\/\/www.padreeustaquio.com.br\/en\/author\/sscc\/"}]}},"_links":{"self":[{"href":"https:\/\/www.padreeustaquio.com.br\/en\/wp-json\/wp\/v2\/posts\/4295","targetHints":{"allow":["GET"]}}],"collection":[{"href":"https:\/\/www.padreeustaquio.com.br\/en\/wp-json\/wp\/v2\/posts"}],"about":[{"href":"https:\/\/www.padreeustaquio.com.br\/en\/wp-json\/wp\/v2\/types\/post"}],"author":[{"embeddable":true,"href":"https:\/\/www.padreeustaquio.com.br\/en\/wp-json\/wp\/v2\/users\/2"}],"replies":[{"embeddable":true,"href":"https:\/\/www.padreeustaquio.com.br\/en\/wp-json\/wp\/v2\/comments?post=4295"}],"version-history":[{"count":0,"href":"https:\/\/www.padreeustaquio.com.br\/en\/wp-json\/wp\/v2\/posts\/4295\/revisions"}],"wp:featuredmedia":[{"embeddable":true,"href":"https:\/\/www.padreeustaquio.com.br\/en\/wp-json\/wp\/v2\/media\/4297"}],"wp:attachment":[{"href":"https:\/\/www.padreeustaquio.com.br\/en\/wp-json\/wp\/v2\/media?parent=4295"}],"wp:term":[{"taxonomy":"category","embeddable":true,"href":"https:\/\/www.padreeustaquio.com.br\/en\/wp-json\/wp\/v2\/categories?post=4295"},{"taxonomy":"post_tag","embeddable":true,"href":"https:\/\/www.padreeustaquio.com.br\/en\/wp-json\/wp\/v2\/tags?post=4295"}],"curies":[{"name":"wp","href":"https:\/\/api.w.org\/{rel}","templated":true}]}}