{"id":4287,"date":"2020-06-19T19:57:25","date_gmt":"2020-06-19T22:57:25","guid":{"rendered":"https:\/\/www.padreeustaquio.com.br\/?p=4287"},"modified":"2020-06-19T20:00:58","modified_gmt":"2020-06-19T23:00:58","slug":"father-eustaces-church-celebrates-the-sacred-hearts","status":"publish","type":"post","link":"https:\/\/www.padreeustaquio.com.br\/en\/father-eustaces-church-celebrates-the-sacred-hearts\/","title":{"rendered":"Father Eust\u00e1quio&#039;s Church celebrates the Sacred Hearts."},"content":{"rendered":"<p>The Sacred Hearts of Jesus and Mary, which give their name to the Congregation of Blessed Father Eustace, are commemorated this weekend. The liturgical feast for the Catholic Church is celebrated as a Solemnity at the &quot;Health and Peace&quot; Sanctuary in Belo Horizonte.<\/p>\n<p>The celebrations began on Thursday the 18th with the Patron Saints&#039; Live Stream. During it, the parish youth held a prayer session with music and reflections. On Friday, when the church celebrates the Sacred Heart of Jesus, there was a Mass at 7 pm, followed by the Enthronement rite so that devotees could participate from home and prominently display images, prints, or shields symbolizing the Sacred Hearts in their homes and businesses.<\/p>\n<p>On Saturday, the Feast of the Immaculate Heart of Mary, there will also be Mass (at 6 pm) followed by the Enthronement. Everything will be broadcast online. <a href=\"https:\/\/www.youtube.com\/channel\/UCRhw7vfabnajwLxb1ZXMeIw\">Padre Eust\u00e1quio Channel<\/a>, from YouTube. On Sunday, devotees will have the celebration of the Eucharist at 10 am online, and at 2:30 pm the procession with the patron saints will begin.<\/p>\n<p>Good news for the community: the images to be used in the procession are those that were restored after a man entered the Sanctuary and damaged them with blows from a stick in March 2019. The newly arrived images will be presented to the parish community. Check out the procession route. <a href=\"https:\/\/www.facebook.com\/beatopadreeustaquio\/photos\/a.251315938319569\/2947080998743036\">here<\/a> and follow the procession without leaving home.<\/p>\n<p>To the Sacred Hearts of Jesus and Mary, all honor and glory!<\/p>","protected":false},"excerpt":{"rendered":"<p>Os Sagrados Cora\u00e7\u00f5es de Jesus e de Maria, que d\u00e3o nome a Congrega\u00e7\u00e3o do Bem-Aventurado Padre Eust\u00e1quio, s\u00e3o comemorados neste fim de semana. A festa lit\u00fargica para a igreja cat\u00f3lica \u00e9 celebrada como Solenidade no Santu\u00e1rio &#8220;Sa\u00fade e Paz&#8221;, em Belo Horizonte. As comemora\u00e7\u00f5es tiveram in\u00edcio na quinta-feira, dia 18, com a Live dos Padroeiros. Nela, os jovens da par\u00f3quia fizeram um momento oracional com m\u00fasica e reflex\u00f5es. Na sexta, quando a igreja festeja o Sagrado Cora\u00e7\u00e3o de Jesus, houve missa, \u00e0s 19h, seguida do rito de Entroniza\u00e7\u00e3o para que os devotos pudessem acompanhar de casa e colocar, em destaque, [&hellip;]<\/p>\n","protected":false},"author":2,"featured_media":4290,"comment_status":"open","ping_status":"open","sticky":false,"template":"","format":"standard","meta":{"_acf_changed":false,"footnotes":""},"categories":[611],"tags":[],"class_list":["post-4287","post","type-post","status-publish","format-standard","has-post-thumbnail","hentry","category-noticias"],"acf":[],"yoast_head":"<!-- This site is optimized with the Yoast SEO plugin v27.2 - https:\/\/yoast.com\/product\/yoast-seo-wordpress\/ -->\n<title>Igreja do Padre Eust\u00e1quio celebra os Sagrados Cora\u00e7\u00f5es - Padre Eust\u00e1quio<\/title>\n<meta name=\"robots\" content=\"index, follow, max-snippet:-1, max-image-preview:large, max-video-preview:-1\" \/>\n<link rel=\"canonical\" href=\"https:\/\/www.padreeustaquio.com.br\/en\/father-eustaces-church-celebrates-the-sacred-hearts\/\" \/>\n<meta property=\"og:locale\" content=\"en_US\" \/>\n<meta property=\"og:type\" content=\"article\" \/>\n<meta property=\"og:title\" content=\"Igreja do Padre Eust\u00e1quio celebra os Sagrados Cora\u00e7\u00f5es - Padre Eust\u00e1quio\" \/>\n<meta property=\"og:description\" content=\"Os Sagrados Cora\u00e7\u00f5es de Jesus e de Maria, que d\u00e3o nome a Congrega\u00e7\u00e3o do Bem-Aventurado Padre Eust\u00e1quio, s\u00e3o comemorados neste fim de semana. A festa lit\u00fargica para a igreja cat\u00f3lica \u00e9 celebrada como Solenidade no Santu\u00e1rio &#8220;Sa\u00fade e Paz&#8221;, em Belo Horizonte. As comemora\u00e7\u00f5es tiveram in\u00edcio na quinta-feira, dia 18, com a Live dos Padroeiros. Nela, os jovens da par\u00f3quia fizeram um momento oracional com m\u00fasica e reflex\u00f5es. Na sexta, quando a igreja festeja o Sagrado Cora\u00e7\u00e3o de Jesus, houve missa, \u00e0s 19h, seguida do rito de Entroniza\u00e7\u00e3o para que os devotos pudessem acompanhar de casa e colocar, em destaque, [&hellip;]\" \/>\n<meta property=\"og:url\" content=\"https:\/\/www.padreeustaquio.com.br\/en\/father-eustaces-church-celebrates-the-sacred-hearts\/\" \/>\n<meta property=\"og:site_name\" content=\"Padre Eust\u00e1quio\" \/>\n<meta property=\"article:publisher\" content=\"https:\/\/www.facebook.com\/beatopadreeustaquio\/\" \/>\n<meta property=\"article:published_time\" content=\"2020-06-19T22:57:25+00:00\" \/>\n<meta property=\"article:modified_time\" content=\"2020-06-19T23:00:58+00:00\" \/>\n<meta property=\"og:image\" content=\"https:\/\/www.padreeustaquio.com.br\/wp-content\/uploads\/2020\/06\/sscc.png\" \/>\n\t<meta property=\"og:image:width\" content=\"1084\" \/>\n\t<meta property=\"og:image:height\" content=\"566\" \/>\n\t<meta property=\"og:image:type\" content=\"image\/png\" \/>\n<meta name=\"author\" content=\"@sscc\" \/>\n<meta name=\"twitter:card\" content=\"summary_large_image\" \/>\n<meta name=\"twitter:creator\" content=\"@beatopeustaquio\" \/>\n<meta name=\"twitter:site\" content=\"@beatopeustaquio\" \/>\n<meta name=\"twitter:label1\" content=\"Written by\" \/>\n\t<meta name=\"twitter:data1\" content=\"@sscc\" \/>\n\t<meta name=\"twitter:label2\" content=\"Est. reading time\" \/>\n\t<meta name=\"twitter:data2\" content=\"1 minute\" \/>\n<script type=\"application\/ld+json\" class=\"yoast-schema-graph\">{\"@context\":\"https:\/\/schema.org\",\"@graph\":[{\"@type\":\"Article\",\"@id\":\"https:\/\/www.padreeustaquio.com.br\/igreja-do-padre-eustaquio-celebra-os-sagrados-coracoes\/#article\",\"isPartOf\":{\"@id\":\"https:\/\/www.padreeustaquio.com.br\/igreja-do-padre-eustaquio-celebra-os-sagrados-coracoes\/\"},\"author\":{\"name\":\"@sscc\",\"@id\":\"https:\/\/www.padreeustaquio.com.br\/#\/schema\/person\/a2a51db1d00f1a7af0204a0f1ddb1566\"},\"headline\":\"Igreja do Padre Eust\u00e1quio celebra os Sagrados Cora\u00e7\u00f5es\",\"datePublished\":\"2020-06-19T22:57:25+00:00\",\"dateModified\":\"2020-06-19T23:00:58+00:00\",\"mainEntityOfPage\":{\"@id\":\"https:\/\/www.padreeustaquio.com.br\/igreja-do-padre-eustaquio-celebra-os-sagrados-coracoes\/\"},\"wordCount\":274,\"commentCount\":0,\"publisher\":{\"@id\":\"https:\/\/www.padreeustaquio.com.br\/#organization\"},\"image\":{\"@id\":\"https:\/\/www.padreeustaquio.com.br\/igreja-do-padre-eustaquio-celebra-os-sagrados-coracoes\/#primaryimage\"},\"thumbnailUrl\":\"https:\/\/www.padreeustaquio.com.br\/wp-content\/uploads\/2020\/06\/sscc.png\",\"articleSection\":[\"Not\u00edcias\"],\"inLanguage\":\"en-US\",\"potentialAction\":[{\"@type\":\"CommentAction\",\"name\":\"Comment\",\"target\":[\"https:\/\/www.padreeustaquio.com.br\/igreja-do-padre-eustaquio-celebra-os-sagrados-coracoes\/#respond\"]}]},{\"@type\":\"WebPage\",\"@id\":\"https:\/\/www.padreeustaquio.com.br\/igreja-do-padre-eustaquio-celebra-os-sagrados-coracoes\/\",\"url\":\"https:\/\/www.padreeustaquio.com.br\/igreja-do-padre-eustaquio-celebra-os-sagrados-coracoes\/\",\"name\":\"Igreja do Padre Eust\u00e1quio celebra os Sagrados Cora\u00e7\u00f5es - Padre Eust\u00e1quio\",\"isPartOf\":{\"@id\":\"https:\/\/www.padreeustaquio.com.br\/#website\"},\"primaryImageOfPage\":{\"@id\":\"https:\/\/www.padreeustaquio.com.br\/igreja-do-padre-eustaquio-celebra-os-sagrados-coracoes\/#primaryimage\"},\"image\":{\"@id\":\"https:\/\/www.padreeustaquio.com.br\/igreja-do-padre-eustaquio-celebra-os-sagrados-coracoes\/#primaryimage\"},\"thumbnailUrl\":\"https:\/\/www.padreeustaquio.com.br\/wp-content\/uploads\/2020\/06\/sscc.png\",\"datePublished\":\"2020-06-19T22:57:25+00:00\",\"dateModified\":\"2020-06-19T23:00:58+00:00\",\"breadcrumb\":{\"@id\":\"https:\/\/www.padreeustaquio.com.br\/igreja-do-padre-eustaquio-celebra-os-sagrados-coracoes\/#breadcrumb\"},\"inLanguage\":\"en-US\",\"potentialAction\":[{\"@type\":\"ReadAction\",\"target\":[\"https:\/\/www.padreeustaquio.com.br\/igreja-do-padre-eustaquio-celebra-os-sagrados-coracoes\/\"]}]},{\"@type\":\"ImageObject\",\"inLanguage\":\"en-US\",\"@id\":\"https:\/\/www.padreeustaquio.com.br\/igreja-do-padre-eustaquio-celebra-os-sagrados-coracoes\/#primaryimage\",\"url\":\"https:\/\/www.padreeustaquio.com.br\/wp-content\/uploads\/2020\/06\/sscc.png\",\"contentUrl\":\"https:\/\/www.padreeustaquio.com.br\/wp-content\/uploads\/2020\/06\/sscc.png\",\"width\":1084,\"height\":566},{\"@type\":\"BreadcrumbList\",\"@id\":\"https:\/\/www.padreeustaquio.com.br\/igreja-do-padre-eustaquio-celebra-os-sagrados-coracoes\/#breadcrumb\",\"itemListElement\":[{\"@type\":\"ListItem\",\"position\":1,\"name\":\"In\u00edcio\",\"item\":\"https:\/\/www.padreeustaquio.com.br\/\"},{\"@type\":\"ListItem\",\"position\":2,\"name\":\"Igreja do Padre Eust\u00e1quio celebra os Sagrados Cora\u00e7\u00f5es\"}]},{\"@type\":\"WebSite\",\"@id\":\"https:\/\/www.padreeustaquio.com.br\/#website\",\"url\":\"https:\/\/www.padreeustaquio.com.br\/\",\"name\":\"Padre Eust\u00e1quio\",\"description\":\"Sa\u00fade e Paz\",\"publisher\":{\"@id\":\"https:\/\/www.padreeustaquio.com.br\/#organization\"},\"potentialAction\":[{\"@type\":\"SearchAction\",\"target\":{\"@type\":\"EntryPoint\",\"urlTemplate\":\"https:\/\/www.padreeustaquio.com.br\/?s={search_term_string}\"},\"query-input\":{\"@type\":\"PropertyValueSpecification\",\"valueRequired\":true,\"valueName\":\"search_term_string\"}}],\"inLanguage\":\"en-US\"},{\"@type\":\"Organization\",\"@id\":\"https:\/\/www.padreeustaquio.com.br\/#organization\",\"name\":\"Padre Eust\u00e1quio\",\"url\":\"https:\/\/www.padreeustaquio.com.br\/\",\"logo\":{\"@type\":\"ImageObject\",\"inLanguage\":\"en-US\",\"@id\":\"https:\/\/www.padreeustaquio.com.br\/#\/schema\/logo\/image\/\",\"url\":\"https:\/\/www.padreeustaquio.com.br\/wp-content\/uploads\/2019\/08\/marca.png\",\"contentUrl\":\"https:\/\/www.padreeustaquio.com.br\/wp-content\/uploads\/2019\/08\/marca.png\",\"width\":350,\"height\":400,\"caption\":\"Padre Eust\u00e1quio\"},\"image\":{\"@id\":\"https:\/\/www.padreeustaquio.com.br\/#\/schema\/logo\/image\/\"},\"sameAs\":[\"https:\/\/www.facebook.com\/beatopadreeustaquio\/\",\"https:\/\/x.com\/beatopeustaquio\",\"https:\/\/www.instagram.com\/beatopadreeustaquio\/\",\"https:\/\/www.youtube.com\/channel\/UCRhw7vfabnajwLxb1ZXMeIw\"]},{\"@type\":\"Person\",\"@id\":\"https:\/\/www.padreeustaquio.com.br\/#\/schema\/person\/a2a51db1d00f1a7af0204a0f1ddb1566\",\"name\":\"@sscc\",\"image\":{\"@type\":\"ImageObject\",\"inLanguage\":\"en-US\",\"@id\":\"https:\/\/secure.gravatar.com\/avatar\/68cfafa5f44617fea54071e215026e0ff06be366c3d54a8425f04fdcb86f8c5f?s=96&d=mm&r=g\",\"url\":\"https:\/\/secure.gravatar.com\/avatar\/68cfafa5f44617fea54071e215026e0ff06be366c3d54a8425f04fdcb86f8c5f?s=96&d=mm&r=g\",\"contentUrl\":\"https:\/\/secure.gravatar.com\/avatar\/68cfafa5f44617fea54071e215026e0ff06be366c3d54a8425f04fdcb86f8c5f?s=96&d=mm&r=g\",\"caption\":\"@sscc\"},\"url\":\"https:\/\/www.padreeustaquio.com.br\/en\/author\/sscc\/\"}]}<\/script>\n<!-- \/ Yoast SEO plugin. -->","yoast_head_json":{"title":"Father Eust\u00e1quio&#039;s Church celebrates the Sacred Hearts - Father Eust\u00e1quio","robots":{"index":"index","follow":"follow","max-snippet":"max-snippet:-1","max-image-preview":"max-image-preview:large","max-video-preview":"max-video-preview:-1"},"canonical":"https:\/\/www.padreeustaquio.com.br\/en\/father-eustaces-church-celebrates-the-sacred-hearts\/","og_locale":"en_US","og_type":"article","og_title":"Igreja do Padre Eust\u00e1quio celebra os Sagrados Cora\u00e7\u00f5es - Padre Eust\u00e1quio","og_description":"Os Sagrados Cora\u00e7\u00f5es de Jesus e de Maria, que d\u00e3o nome a Congrega\u00e7\u00e3o do Bem-Aventurado Padre Eust\u00e1quio, s\u00e3o comemorados neste fim de semana. A festa lit\u00fargica para a igreja cat\u00f3lica \u00e9 celebrada como Solenidade no Santu\u00e1rio &#8220;Sa\u00fade e Paz&#8221;, em Belo Horizonte. As comemora\u00e7\u00f5es tiveram in\u00edcio na quinta-feira, dia 18, com a Live dos Padroeiros. Nela, os jovens da par\u00f3quia fizeram um momento oracional com m\u00fasica e reflex\u00f5es. Na sexta, quando a igreja festeja o Sagrado Cora\u00e7\u00e3o de Jesus, houve missa, \u00e0s 19h, seguida do rito de Entroniza\u00e7\u00e3o para que os devotos pudessem acompanhar de casa e colocar, em destaque, [&hellip;]","og_url":"https:\/\/www.padreeustaquio.com.br\/en\/father-eustaces-church-celebrates-the-sacred-hearts\/","og_site_name":"Padre Eust\u00e1quio","article_publisher":"https:\/\/www.facebook.com\/beatopadreeustaquio\/","article_published_time":"2020-06-19T22:57:25+00:00","article_modified_time":"2020-06-19T23:00:58+00:00","og_image":[{"width":1084,"height":566,"url":"https:\/\/www.padreeustaquio.com.br\/wp-content\/uploads\/2020\/06\/sscc.png","type":"image\/png"}],"author":"@sscc","twitter_card":"summary_large_image","twitter_creator":"@beatopeustaquio","twitter_site":"@beatopeustaquio","twitter_misc":{"Written by":"@sscc","Est. reading time":"1 minute"},"schema":{"@context":"https:\/\/schema.org","@graph":[{"@type":"Article","@id":"https:\/\/www.padreeustaquio.com.br\/igreja-do-padre-eustaquio-celebra-os-sagrados-coracoes\/#article","isPartOf":{"@id":"https:\/\/www.padreeustaquio.com.br\/igreja-do-padre-eustaquio-celebra-os-sagrados-coracoes\/"},"author":{"name":"@sscc","@id":"https:\/\/www.padreeustaquio.com.br\/#\/schema\/person\/a2a51db1d00f1a7af0204a0f1ddb1566"},"headline":"Igreja do Padre Eust\u00e1quio celebra os Sagrados Cora\u00e7\u00f5es","datePublished":"2020-06-19T22:57:25+00:00","dateModified":"2020-06-19T23:00:58+00:00","mainEntityOfPage":{"@id":"https:\/\/www.padreeustaquio.com.br\/igreja-do-padre-eustaquio-celebra-os-sagrados-coracoes\/"},"wordCount":274,"commentCount":0,"publisher":{"@id":"https:\/\/www.padreeustaquio.com.br\/#organization"},"image":{"@id":"https:\/\/www.padreeustaquio.com.br\/igreja-do-padre-eustaquio-celebra-os-sagrados-coracoes\/#primaryimage"},"thumbnailUrl":"https:\/\/www.padreeustaquio.com.br\/wp-content\/uploads\/2020\/06\/sscc.png","articleSection":["Not\u00edcias"],"inLanguage":"en-US","potentialAction":[{"@type":"CommentAction","name":"Comment","target":["https:\/\/www.padreeustaquio.com.br\/igreja-do-padre-eustaquio-celebra-os-sagrados-coracoes\/#respond"]}]},{"@type":"WebPage","@id":"https:\/\/www.padreeustaquio.com.br\/igreja-do-padre-eustaquio-celebra-os-sagrados-coracoes\/","url":"https:\/\/www.padreeustaquio.com.br\/igreja-do-padre-eustaquio-celebra-os-sagrados-coracoes\/","name":"Father Eust\u00e1quio&#039;s Church celebrates the Sacred Hearts - Father Eust\u00e1quio","isPartOf":{"@id":"https:\/\/www.padreeustaquio.com.br\/#website"},"primaryImageOfPage":{"@id":"https:\/\/www.padreeustaquio.com.br\/igreja-do-padre-eustaquio-celebra-os-sagrados-coracoes\/#primaryimage"},"image":{"@id":"https:\/\/www.padreeustaquio.com.br\/igreja-do-padre-eustaquio-celebra-os-sagrados-coracoes\/#primaryimage"},"thumbnailUrl":"https:\/\/www.padreeustaquio.com.br\/wp-content\/uploads\/2020\/06\/sscc.png","datePublished":"2020-06-19T22:57:25+00:00","dateModified":"2020-06-19T23:00:58+00:00","breadcrumb":{"@id":"https:\/\/www.padreeustaquio.com.br\/igreja-do-padre-eustaquio-celebra-os-sagrados-coracoes\/#breadcrumb"},"inLanguage":"en-US","potentialAction":[{"@type":"ReadAction","target":["https:\/\/www.padreeustaquio.com.br\/igreja-do-padre-eustaquio-celebra-os-sagrados-coracoes\/"]}]},{"@type":"ImageObject","inLanguage":"en-US","@id":"https:\/\/www.padreeustaquio.com.br\/igreja-do-padre-eustaquio-celebra-os-sagrados-coracoes\/#primaryimage","url":"https:\/\/www.padreeustaquio.com.br\/wp-content\/uploads\/2020\/06\/sscc.png","contentUrl":"https:\/\/www.padreeustaquio.com.br\/wp-content\/uploads\/2020\/06\/sscc.png","width":1084,"height":566},{"@type":"BreadcrumbList","@id":"https:\/\/www.padreeustaquio.com.br\/igreja-do-padre-eustaquio-celebra-os-sagrados-coracoes\/#breadcrumb","itemListElement":[{"@type":"ListItem","position":1,"name":"In\u00edcio","item":"https:\/\/www.padreeustaquio.com.br\/"},{"@type":"ListItem","position":2,"name":"Igreja do Padre Eust\u00e1quio celebra os Sagrados Cora\u00e7\u00f5es"}]},{"@type":"WebSite","@id":"https:\/\/www.padreeustaquio.com.br\/#website","url":"https:\/\/www.padreeustaquio.com.br\/","name":"FATHER EUST\u00c1QUIO","description":"Health and Peace","publisher":{"@id":"https:\/\/www.padreeustaquio.com.br\/#organization"},"potentialAction":[{"@type":"SearchAction","target":{"@type":"EntryPoint","urlTemplate":"https:\/\/www.padreeustaquio.com.br\/?s={search_term_string}"},"query-input":{"@type":"PropertyValueSpecification","valueRequired":true,"valueName":"search_term_string"}}],"inLanguage":"en-US"},{"@type":"Organization","@id":"https:\/\/www.padreeustaquio.com.br\/#organization","name":"FATHER EUST\u00c1QUIO","url":"https:\/\/www.padreeustaquio.com.br\/","logo":{"@type":"ImageObject","inLanguage":"en-US","@id":"https:\/\/www.padreeustaquio.com.br\/#\/schema\/logo\/image\/","url":"https:\/\/www.padreeustaquio.com.br\/wp-content\/uploads\/2019\/08\/marca.png","contentUrl":"https:\/\/www.padreeustaquio.com.br\/wp-content\/uploads\/2019\/08\/marca.png","width":350,"height":400,"caption":"Padre Eust\u00e1quio"},"image":{"@id":"https:\/\/www.padreeustaquio.com.br\/#\/schema\/logo\/image\/"},"sameAs":["https:\/\/www.facebook.com\/beatopadreeustaquio\/","https:\/\/x.com\/beatopeustaquio","https:\/\/www.instagram.com\/beatopadreeustaquio\/","https:\/\/www.youtube.com\/channel\/UCRhw7vfabnajwLxb1ZXMeIw"]},{"@type":"Person","@id":"https:\/\/www.padreeustaquio.com.br\/#\/schema\/person\/a2a51db1d00f1a7af0204a0f1ddb1566","name":"@sscc","image":{"@type":"ImageObject","inLanguage":"en-US","@id":"https:\/\/secure.gravatar.com\/avatar\/68cfafa5f44617fea54071e215026e0ff06be366c3d54a8425f04fdcb86f8c5f?s=96&d=mm&r=g","url":"https:\/\/secure.gravatar.com\/avatar\/68cfafa5f44617fea54071e215026e0ff06be366c3d54a8425f04fdcb86f8c5f?s=96&d=mm&r=g","contentUrl":"https:\/\/secure.gravatar.com\/avatar\/68cfafa5f44617fea54071e215026e0ff06be366c3d54a8425f04fdcb86f8c5f?s=96&d=mm&r=g","caption":"@sscc"},"url":"https:\/\/www.padreeustaquio.com.br\/en\/author\/sscc\/"}]}},"_links":{"self":[{"href":"https:\/\/www.padreeustaquio.com.br\/en\/wp-json\/wp\/v2\/posts\/4287","targetHints":{"allow":["GET"]}}],"collection":[{"href":"https:\/\/www.padreeustaquio.com.br\/en\/wp-json\/wp\/v2\/posts"}],"about":[{"href":"https:\/\/www.padreeustaquio.com.br\/en\/wp-json\/wp\/v2\/types\/post"}],"author":[{"embeddable":true,"href":"https:\/\/www.padreeustaquio.com.br\/en\/wp-json\/wp\/v2\/users\/2"}],"replies":[{"embeddable":true,"href":"https:\/\/www.padreeustaquio.com.br\/en\/wp-json\/wp\/v2\/comments?post=4287"}],"version-history":[{"count":0,"href":"https:\/\/www.padreeustaquio.com.br\/en\/wp-json\/wp\/v2\/posts\/4287\/revisions"}],"wp:featuredmedia":[{"embeddable":true,"href":"https:\/\/www.padreeustaquio.com.br\/en\/wp-json\/wp\/v2\/media\/4290"}],"wp:attachment":[{"href":"https:\/\/www.padreeustaquio.com.br\/en\/wp-json\/wp\/v2\/media?parent=4287"}],"wp:term":[{"taxonomy":"category","embeddable":true,"href":"https:\/\/www.padreeustaquio.com.br\/en\/wp-json\/wp\/v2\/categories?post=4287"},{"taxonomy":"post_tag","embeddable":true,"href":"https:\/\/www.padreeustaquio.com.br\/en\/wp-json\/wp\/v2\/tags?post=4287"}],"curies":[{"name":"wp","href":"https:\/\/api.w.org\/{rel}","templated":true}]}}