{"id":4230,"date":"2020-06-09T11:29:25","date_gmt":"2020-06-09T14:29:25","guid":{"rendered":"https:\/\/www.padreeustaquio.com.br\/?p=4230"},"modified":"2020-06-09T11:42:45","modified_gmt":"2020-06-09T14:42:45","slug":"devotees-of-father-eustaquio-celebrate-corpus-christi-amidst-the-pandemic","status":"publish","type":"post","link":"https:\/\/www.padreeustaquio.com.br\/en\/devotees-of-father-eustaquio-celebrate-corpus-christi-amidst-the-pandemic\/","title":{"rendered":"Devotees of Father Eust\u00e1quio celebrate Corpus Christi amidst the pandemic."},"content":{"rendered":"<p>Next Thursday, June 11, 2020, the church celebrates the Body and Blood of Jesus throughout the world. This year&#039;s Corpus Christi celebration will be different because of social isolation; even so, Christians and devotees will not fail to participate in the Solemnity centered on the Eucharist.<\/p>\n<p>Through <a href=\"https:\/\/www.youtube.com\/channel\/UCRhw7vfabnajwLxb1ZXMeIw\">Padre Eust\u00e1quio Channel<\/a>, On YouTube, the Congregation of the Sacred Hearts in Belo Horizonte will host a special program so that we can all express our love and devotion to Jesus in the Eucharist.<\/p>\n<p>On Thursday, the broadcast begins at 10 am with the celebration of Holy Mass, live from the &quot;Health and Peace&quot; Sanctuary. Immediately afterwards, the Blessed Sacrament will be exposed for Adoration, which will also be broadcast live on social media until 3 pm, when it will leave in an open car through the streets of the neighborhood for the blessing.<\/p>\n<p>During the procession, we ask parishioners to remain in their homes, decorate their doors and windows, and express, in some way, their love for the Holy Eucharist. We strongly urge everyone not to follow the sound truck, to avoid any kind of gathering, and to faithfully follow the guidelines of the health authorities.<\/p>\n<p>We want to promote a moment of prayer, closeness to God through this Sacrament, and supplications for all those who suffer and are in pain.<\/p>\n<p>SERVICE:<br \/>\nCorpus Christi celebration at the &quot;Health and Peace&quot; Sanctuary\u201c<br \/>\nDate: June 11, 2020<br \/>\nProgramming broadcast by <a href=\"https:\/\/www.youtube.com\/channel\/UCRhw7vfabnajwLxb1ZXMeIw\">Padre Eust\u00e1quio Channel<\/a> from YouTube<br \/>\n10:00 AM \u2013 Solemn Mass<br \/>\n11:00 AM to 3:00 PM \u2013 Adoration of the Blessed Sacrament<br \/>\nStarting at 3 PM, blessing of the Blessed Sacrament in an open car through the streets of the Padre Eust\u00e1quio neighborhood.<\/p>","protected":false},"excerpt":{"rendered":"<p>Na pr\u00f3xima quinta-feira, dia 11 de junho de 2020, a igreja celebra em todo o mundo o Corpo e o Sangue de Jesus. A festa de Corpus Christi deste ano ser\u00e1 diferente por causa do isolamento social, mesmo assim, os crist\u00e3os e devotos n\u00e3o deixar\u00e3o de participar da Solenidade centrada na Eucaristia. Por meio do Canal Padre Eust\u00e1quio, do YouTube, a Congrega\u00e7\u00e3o dos Sagrados Cora\u00e7\u00f5es, em Belo Horizonte far\u00e1 uma programa\u00e7\u00e3o especial para que todos n\u00f3s possamos expressar nosso amor e devo\u00e7\u00e3o a Jesus Eucar\u00edstico. Na quinta-feira, a transmiss\u00e3o come\u00e7a \u00e0s 10h, com a celebra\u00e7\u00e3o da Santa Missa, direto do [&hellip;]<\/p>\n","protected":false},"author":2,"featured_media":4235,"comment_status":"open","ping_status":"open","sticky":false,"template":"","format":"standard","meta":{"_acf_changed":false,"footnotes":""},"categories":[611],"tags":[],"class_list":["post-4230","post","type-post","status-publish","format-standard","has-post-thumbnail","hentry","category-noticias"],"acf":[],"yoast_head":"<!-- This site is optimized with the Yoast SEO plugin v27.2 - https:\/\/yoast.com\/product\/yoast-seo-wordpress\/ -->\n<title>Devotos de Padre Eust\u00e1quio celebram Corpus Christi em meio a pandemia - Padre Eust\u00e1quio<\/title>\n<meta name=\"robots\" content=\"index, follow, max-snippet:-1, max-image-preview:large, max-video-preview:-1\" \/>\n<link rel=\"canonical\" href=\"https:\/\/www.padreeustaquio.com.br\/en\/devotees-of-father-eustaquio-celebrate-corpus-christi-amidst-the-pandemic\/\" \/>\n<meta property=\"og:locale\" content=\"en_US\" \/>\n<meta property=\"og:type\" content=\"article\" \/>\n<meta property=\"og:title\" content=\"Devotos de Padre Eust\u00e1quio celebram Corpus Christi em meio a pandemia - Padre Eust\u00e1quio\" \/>\n<meta property=\"og:description\" content=\"Na pr\u00f3xima quinta-feira, dia 11 de junho de 2020, a igreja celebra em todo o mundo o Corpo e o Sangue de Jesus. A festa de Corpus Christi deste ano ser\u00e1 diferente por causa do isolamento social, mesmo assim, os crist\u00e3os e devotos n\u00e3o deixar\u00e3o de participar da Solenidade centrada na Eucaristia. Por meio do Canal Padre Eust\u00e1quio, do YouTube, a Congrega\u00e7\u00e3o dos Sagrados Cora\u00e7\u00f5es, em Belo Horizonte far\u00e1 uma programa\u00e7\u00e3o especial para que todos n\u00f3s possamos expressar nosso amor e devo\u00e7\u00e3o a Jesus Eucar\u00edstico. Na quinta-feira, a transmiss\u00e3o come\u00e7a \u00e0s 10h, com a celebra\u00e7\u00e3o da Santa Missa, direto do [&hellip;]\" \/>\n<meta property=\"og:url\" content=\"https:\/\/www.padreeustaquio.com.br\/en\/devotees-of-father-eustaquio-celebrate-corpus-christi-amidst-the-pandemic\/\" \/>\n<meta property=\"og:site_name\" content=\"Padre Eust\u00e1quio\" \/>\n<meta property=\"article:publisher\" content=\"https:\/\/www.facebook.com\/beatopadreeustaquio\/\" \/>\n<meta property=\"article:published_time\" content=\"2020-06-09T14:29:25+00:00\" \/>\n<meta property=\"article:modified_time\" content=\"2020-06-09T14:42:45+00:00\" \/>\n<meta property=\"og:image\" content=\"https:\/\/www.padreeustaquio.com.br\/wp-content\/uploads\/2020\/06\/WhatsApp-Image-2020-06-09-at-11.40.54.jpeg\" \/>\n\t<meta property=\"og:image:width\" content=\"375\" \/>\n\t<meta property=\"og:image:height\" content=\"372\" \/>\n\t<meta property=\"og:image:type\" content=\"image\/jpeg\" \/>\n<meta name=\"author\" content=\"@sscc\" \/>\n<meta name=\"twitter:card\" content=\"summary_large_image\" \/>\n<meta name=\"twitter:creator\" content=\"@beatopeustaquio\" \/>\n<meta name=\"twitter:site\" content=\"@beatopeustaquio\" \/>\n<meta name=\"twitter:label1\" content=\"Written by\" \/>\n\t<meta name=\"twitter:data1\" content=\"@sscc\" \/>\n\t<meta name=\"twitter:label2\" content=\"Est. reading time\" \/>\n\t<meta name=\"twitter:data2\" content=\"2 minutes\" \/>\n<script type=\"application\/ld+json\" class=\"yoast-schema-graph\">{\"@context\":\"https:\/\/schema.org\",\"@graph\":[{\"@type\":\"Article\",\"@id\":\"https:\/\/www.padreeustaquio.com.br\/devotos-de-padre-eustaquio-celebram-corpus-christi-em-meio-a-pandemia\/#article\",\"isPartOf\":{\"@id\":\"https:\/\/www.padreeustaquio.com.br\/devotos-de-padre-eustaquio-celebram-corpus-christi-em-meio-a-pandemia\/\"},\"author\":{\"name\":\"@sscc\",\"@id\":\"https:\/\/www.padreeustaquio.com.br\/#\/schema\/person\/a2a51db1d00f1a7af0204a0f1ddb1566\"},\"headline\":\"Devotos de Padre Eust\u00e1quio celebram Corpus Christi em meio a pandemia\",\"datePublished\":\"2020-06-09T14:29:25+00:00\",\"dateModified\":\"2020-06-09T14:42:45+00:00\",\"mainEntityOfPage\":{\"@id\":\"https:\/\/www.padreeustaquio.com.br\/devotos-de-padre-eustaquio-celebram-corpus-christi-em-meio-a-pandemia\/\"},\"wordCount\":320,\"commentCount\":0,\"publisher\":{\"@id\":\"https:\/\/www.padreeustaquio.com.br\/#organization\"},\"image\":{\"@id\":\"https:\/\/www.padreeustaquio.com.br\/devotos-de-padre-eustaquio-celebram-corpus-christi-em-meio-a-pandemia\/#primaryimage\"},\"thumbnailUrl\":\"https:\/\/www.padreeustaquio.com.br\/wp-content\/uploads\/2020\/06\/WhatsApp-Image-2020-06-09-at-11.40.54.jpeg\",\"articleSection\":[\"Not\u00edcias\"],\"inLanguage\":\"en-US\",\"potentialAction\":[{\"@type\":\"CommentAction\",\"name\":\"Comment\",\"target\":[\"https:\/\/www.padreeustaquio.com.br\/devotos-de-padre-eustaquio-celebram-corpus-christi-em-meio-a-pandemia\/#respond\"]}]},{\"@type\":\"WebPage\",\"@id\":\"https:\/\/www.padreeustaquio.com.br\/devotos-de-padre-eustaquio-celebram-corpus-christi-em-meio-a-pandemia\/\",\"url\":\"https:\/\/www.padreeustaquio.com.br\/devotos-de-padre-eustaquio-celebram-corpus-christi-em-meio-a-pandemia\/\",\"name\":\"Devotos de Padre Eust\u00e1quio celebram Corpus Christi em meio a pandemia - Padre Eust\u00e1quio\",\"isPartOf\":{\"@id\":\"https:\/\/www.padreeustaquio.com.br\/#website\"},\"primaryImageOfPage\":{\"@id\":\"https:\/\/www.padreeustaquio.com.br\/devotos-de-padre-eustaquio-celebram-corpus-christi-em-meio-a-pandemia\/#primaryimage\"},\"image\":{\"@id\":\"https:\/\/www.padreeustaquio.com.br\/devotos-de-padre-eustaquio-celebram-corpus-christi-em-meio-a-pandemia\/#primaryimage\"},\"thumbnailUrl\":\"https:\/\/www.padreeustaquio.com.br\/wp-content\/uploads\/2020\/06\/WhatsApp-Image-2020-06-09-at-11.40.54.jpeg\",\"datePublished\":\"2020-06-09T14:29:25+00:00\",\"dateModified\":\"2020-06-09T14:42:45+00:00\",\"breadcrumb\":{\"@id\":\"https:\/\/www.padreeustaquio.com.br\/devotos-de-padre-eustaquio-celebram-corpus-christi-em-meio-a-pandemia\/#breadcrumb\"},\"inLanguage\":\"en-US\",\"potentialAction\":[{\"@type\":\"ReadAction\",\"target\":[\"https:\/\/www.padreeustaquio.com.br\/devotos-de-padre-eustaquio-celebram-corpus-christi-em-meio-a-pandemia\/\"]}]},{\"@type\":\"ImageObject\",\"inLanguage\":\"en-US\",\"@id\":\"https:\/\/www.padreeustaquio.com.br\/devotos-de-padre-eustaquio-celebram-corpus-christi-em-meio-a-pandemia\/#primaryimage\",\"url\":\"https:\/\/www.padreeustaquio.com.br\/wp-content\/uploads\/2020\/06\/WhatsApp-Image-2020-06-09-at-11.40.54.jpeg\",\"contentUrl\":\"https:\/\/www.padreeustaquio.com.br\/wp-content\/uploads\/2020\/06\/WhatsApp-Image-2020-06-09-at-11.40.54.jpeg\",\"width\":375,\"height\":372,\"caption\":\"Foto: Welton Rodrigues\"},{\"@type\":\"BreadcrumbList\",\"@id\":\"https:\/\/www.padreeustaquio.com.br\/devotos-de-padre-eustaquio-celebram-corpus-christi-em-meio-a-pandemia\/#breadcrumb\",\"itemListElement\":[{\"@type\":\"ListItem\",\"position\":1,\"name\":\"In\u00edcio\",\"item\":\"https:\/\/www.padreeustaquio.com.br\/\"},{\"@type\":\"ListItem\",\"position\":2,\"name\":\"Devotos de Padre Eust\u00e1quio celebram Corpus Christi em meio a pandemia\"}]},{\"@type\":\"WebSite\",\"@id\":\"https:\/\/www.padreeustaquio.com.br\/#website\",\"url\":\"https:\/\/www.padreeustaquio.com.br\/\",\"name\":\"Padre Eust\u00e1quio\",\"description\":\"Sa\u00fade e Paz\",\"publisher\":{\"@id\":\"https:\/\/www.padreeustaquio.com.br\/#organization\"},\"potentialAction\":[{\"@type\":\"SearchAction\",\"target\":{\"@type\":\"EntryPoint\",\"urlTemplate\":\"https:\/\/www.padreeustaquio.com.br\/?s={search_term_string}\"},\"query-input\":{\"@type\":\"PropertyValueSpecification\",\"valueRequired\":true,\"valueName\":\"search_term_string\"}}],\"inLanguage\":\"en-US\"},{\"@type\":\"Organization\",\"@id\":\"https:\/\/www.padreeustaquio.com.br\/#organization\",\"name\":\"Padre Eust\u00e1quio\",\"url\":\"https:\/\/www.padreeustaquio.com.br\/\",\"logo\":{\"@type\":\"ImageObject\",\"inLanguage\":\"en-US\",\"@id\":\"https:\/\/www.padreeustaquio.com.br\/#\/schema\/logo\/image\/\",\"url\":\"https:\/\/www.padreeustaquio.com.br\/wp-content\/uploads\/2019\/08\/marca.png\",\"contentUrl\":\"https:\/\/www.padreeustaquio.com.br\/wp-content\/uploads\/2019\/08\/marca.png\",\"width\":350,\"height\":400,\"caption\":\"Padre Eust\u00e1quio\"},\"image\":{\"@id\":\"https:\/\/www.padreeustaquio.com.br\/#\/schema\/logo\/image\/\"},\"sameAs\":[\"https:\/\/www.facebook.com\/beatopadreeustaquio\/\",\"https:\/\/x.com\/beatopeustaquio\",\"https:\/\/www.instagram.com\/beatopadreeustaquio\/\",\"https:\/\/www.youtube.com\/channel\/UCRhw7vfabnajwLxb1ZXMeIw\"]},{\"@type\":\"Person\",\"@id\":\"https:\/\/www.padreeustaquio.com.br\/#\/schema\/person\/a2a51db1d00f1a7af0204a0f1ddb1566\",\"name\":\"@sscc\",\"image\":{\"@type\":\"ImageObject\",\"inLanguage\":\"en-US\",\"@id\":\"https:\/\/secure.gravatar.com\/avatar\/68cfafa5f44617fea54071e215026e0ff06be366c3d54a8425f04fdcb86f8c5f?s=96&d=mm&r=g\",\"url\":\"https:\/\/secure.gravatar.com\/avatar\/68cfafa5f44617fea54071e215026e0ff06be366c3d54a8425f04fdcb86f8c5f?s=96&d=mm&r=g\",\"contentUrl\":\"https:\/\/secure.gravatar.com\/avatar\/68cfafa5f44617fea54071e215026e0ff06be366c3d54a8425f04fdcb86f8c5f?s=96&d=mm&r=g\",\"caption\":\"@sscc\"},\"url\":\"https:\/\/www.padreeustaquio.com.br\/en\/author\/sscc\/\"}]}<\/script>\n<!-- \/ Yoast SEO plugin. -->","yoast_head_json":{"title":"Devotees of Father Eust\u00e1quio celebrate Corpus Christi amidst the pandemic - Father Eust\u00e1quio","robots":{"index":"index","follow":"follow","max-snippet":"max-snippet:-1","max-image-preview":"max-image-preview:large","max-video-preview":"max-video-preview:-1"},"canonical":"https:\/\/www.padreeustaquio.com.br\/en\/devotees-of-father-eustaquio-celebrate-corpus-christi-amidst-the-pandemic\/","og_locale":"en_US","og_type":"article","og_title":"Devotos de Padre Eust\u00e1quio celebram Corpus Christi em meio a pandemia - Padre Eust\u00e1quio","og_description":"Na pr\u00f3xima quinta-feira, dia 11 de junho de 2020, a igreja celebra em todo o mundo o Corpo e o Sangue de Jesus. A festa de Corpus Christi deste ano ser\u00e1 diferente por causa do isolamento social, mesmo assim, os crist\u00e3os e devotos n\u00e3o deixar\u00e3o de participar da Solenidade centrada na Eucaristia. Por meio do Canal Padre Eust\u00e1quio, do YouTube, a Congrega\u00e7\u00e3o dos Sagrados Cora\u00e7\u00f5es, em Belo Horizonte far\u00e1 uma programa\u00e7\u00e3o especial para que todos n\u00f3s possamos expressar nosso amor e devo\u00e7\u00e3o a Jesus Eucar\u00edstico. Na quinta-feira, a transmiss\u00e3o come\u00e7a \u00e0s 10h, com a celebra\u00e7\u00e3o da Santa Missa, direto do [&hellip;]","og_url":"https:\/\/www.padreeustaquio.com.br\/en\/devotees-of-father-eustaquio-celebrate-corpus-christi-amidst-the-pandemic\/","og_site_name":"Padre Eust\u00e1quio","article_publisher":"https:\/\/www.facebook.com\/beatopadreeustaquio\/","article_published_time":"2020-06-09T14:29:25+00:00","article_modified_time":"2020-06-09T14:42:45+00:00","og_image":[{"width":375,"height":372,"url":"https:\/\/www.padreeustaquio.com.br\/wp-content\/uploads\/2020\/06\/WhatsApp-Image-2020-06-09-at-11.40.54.jpeg","type":"image\/jpeg"}],"author":"@sscc","twitter_card":"summary_large_image","twitter_creator":"@beatopeustaquio","twitter_site":"@beatopeustaquio","twitter_misc":{"Written by":"@sscc","Est. reading time":"2 minutes"},"schema":{"@context":"https:\/\/schema.org","@graph":[{"@type":"Article","@id":"https:\/\/www.padreeustaquio.com.br\/devotos-de-padre-eustaquio-celebram-corpus-christi-em-meio-a-pandemia\/#article","isPartOf":{"@id":"https:\/\/www.padreeustaquio.com.br\/devotos-de-padre-eustaquio-celebram-corpus-christi-em-meio-a-pandemia\/"},"author":{"name":"@sscc","@id":"https:\/\/www.padreeustaquio.com.br\/#\/schema\/person\/a2a51db1d00f1a7af0204a0f1ddb1566"},"headline":"Devotos de Padre Eust\u00e1quio celebram Corpus Christi em meio a pandemia","datePublished":"2020-06-09T14:29:25+00:00","dateModified":"2020-06-09T14:42:45+00:00","mainEntityOfPage":{"@id":"https:\/\/www.padreeustaquio.com.br\/devotos-de-padre-eustaquio-celebram-corpus-christi-em-meio-a-pandemia\/"},"wordCount":320,"commentCount":0,"publisher":{"@id":"https:\/\/www.padreeustaquio.com.br\/#organization"},"image":{"@id":"https:\/\/www.padreeustaquio.com.br\/devotos-de-padre-eustaquio-celebram-corpus-christi-em-meio-a-pandemia\/#primaryimage"},"thumbnailUrl":"https:\/\/www.padreeustaquio.com.br\/wp-content\/uploads\/2020\/06\/WhatsApp-Image-2020-06-09-at-11.40.54.jpeg","articleSection":["Not\u00edcias"],"inLanguage":"en-US","potentialAction":[{"@type":"CommentAction","name":"Comment","target":["https:\/\/www.padreeustaquio.com.br\/devotos-de-padre-eustaquio-celebram-corpus-christi-em-meio-a-pandemia\/#respond"]}]},{"@type":"WebPage","@id":"https:\/\/www.padreeustaquio.com.br\/devotos-de-padre-eustaquio-celebram-corpus-christi-em-meio-a-pandemia\/","url":"https:\/\/www.padreeustaquio.com.br\/devotos-de-padre-eustaquio-celebram-corpus-christi-em-meio-a-pandemia\/","name":"Devotees of Father Eust\u00e1quio celebrate Corpus Christi amidst the pandemic - Father Eust\u00e1quio","isPartOf":{"@id":"https:\/\/www.padreeustaquio.com.br\/#website"},"primaryImageOfPage":{"@id":"https:\/\/www.padreeustaquio.com.br\/devotos-de-padre-eustaquio-celebram-corpus-christi-em-meio-a-pandemia\/#primaryimage"},"image":{"@id":"https:\/\/www.padreeustaquio.com.br\/devotos-de-padre-eustaquio-celebram-corpus-christi-em-meio-a-pandemia\/#primaryimage"},"thumbnailUrl":"https:\/\/www.padreeustaquio.com.br\/wp-content\/uploads\/2020\/06\/WhatsApp-Image-2020-06-09-at-11.40.54.jpeg","datePublished":"2020-06-09T14:29:25+00:00","dateModified":"2020-06-09T14:42:45+00:00","breadcrumb":{"@id":"https:\/\/www.padreeustaquio.com.br\/devotos-de-padre-eustaquio-celebram-corpus-christi-em-meio-a-pandemia\/#breadcrumb"},"inLanguage":"en-US","potentialAction":[{"@type":"ReadAction","target":["https:\/\/www.padreeustaquio.com.br\/devotos-de-padre-eustaquio-celebram-corpus-christi-em-meio-a-pandemia\/"]}]},{"@type":"ImageObject","inLanguage":"en-US","@id":"https:\/\/www.padreeustaquio.com.br\/devotos-de-padre-eustaquio-celebram-corpus-christi-em-meio-a-pandemia\/#primaryimage","url":"https:\/\/www.padreeustaquio.com.br\/wp-content\/uploads\/2020\/06\/WhatsApp-Image-2020-06-09-at-11.40.54.jpeg","contentUrl":"https:\/\/www.padreeustaquio.com.br\/wp-content\/uploads\/2020\/06\/WhatsApp-Image-2020-06-09-at-11.40.54.jpeg","width":375,"height":372,"caption":"Foto: Welton Rodrigues"},{"@type":"BreadcrumbList","@id":"https:\/\/www.padreeustaquio.com.br\/devotos-de-padre-eustaquio-celebram-corpus-christi-em-meio-a-pandemia\/#breadcrumb","itemListElement":[{"@type":"ListItem","position":1,"name":"In\u00edcio","item":"https:\/\/www.padreeustaquio.com.br\/"},{"@type":"ListItem","position":2,"name":"Devotos de Padre Eust\u00e1quio celebram Corpus Christi em meio a pandemia"}]},{"@type":"WebSite","@id":"https:\/\/www.padreeustaquio.com.br\/#website","url":"https:\/\/www.padreeustaquio.com.br\/","name":"FATHER EUST\u00c1QUIO","description":"Health and Peace","publisher":{"@id":"https:\/\/www.padreeustaquio.com.br\/#organization"},"potentialAction":[{"@type":"SearchAction","target":{"@type":"EntryPoint","urlTemplate":"https:\/\/www.padreeustaquio.com.br\/?s={search_term_string}"},"query-input":{"@type":"PropertyValueSpecification","valueRequired":true,"valueName":"search_term_string"}}],"inLanguage":"en-US"},{"@type":"Organization","@id":"https:\/\/www.padreeustaquio.com.br\/#organization","name":"FATHER EUST\u00c1QUIO","url":"https:\/\/www.padreeustaquio.com.br\/","logo":{"@type":"ImageObject","inLanguage":"en-US","@id":"https:\/\/www.padreeustaquio.com.br\/#\/schema\/logo\/image\/","url":"https:\/\/www.padreeustaquio.com.br\/wp-content\/uploads\/2019\/08\/marca.png","contentUrl":"https:\/\/www.padreeustaquio.com.br\/wp-content\/uploads\/2019\/08\/marca.png","width":350,"height":400,"caption":"Padre Eust\u00e1quio"},"image":{"@id":"https:\/\/www.padreeustaquio.com.br\/#\/schema\/logo\/image\/"},"sameAs":["https:\/\/www.facebook.com\/beatopadreeustaquio\/","https:\/\/x.com\/beatopeustaquio","https:\/\/www.instagram.com\/beatopadreeustaquio\/","https:\/\/www.youtube.com\/channel\/UCRhw7vfabnajwLxb1ZXMeIw"]},{"@type":"Person","@id":"https:\/\/www.padreeustaquio.com.br\/#\/schema\/person\/a2a51db1d00f1a7af0204a0f1ddb1566","name":"@sscc","image":{"@type":"ImageObject","inLanguage":"en-US","@id":"https:\/\/secure.gravatar.com\/avatar\/68cfafa5f44617fea54071e215026e0ff06be366c3d54a8425f04fdcb86f8c5f?s=96&d=mm&r=g","url":"https:\/\/secure.gravatar.com\/avatar\/68cfafa5f44617fea54071e215026e0ff06be366c3d54a8425f04fdcb86f8c5f?s=96&d=mm&r=g","contentUrl":"https:\/\/secure.gravatar.com\/avatar\/68cfafa5f44617fea54071e215026e0ff06be366c3d54a8425f04fdcb86f8c5f?s=96&d=mm&r=g","caption":"@sscc"},"url":"https:\/\/www.padreeustaquio.com.br\/en\/author\/sscc\/"}]}},"_links":{"self":[{"href":"https:\/\/www.padreeustaquio.com.br\/en\/wp-json\/wp\/v2\/posts\/4230","targetHints":{"allow":["GET"]}}],"collection":[{"href":"https:\/\/www.padreeustaquio.com.br\/en\/wp-json\/wp\/v2\/posts"}],"about":[{"href":"https:\/\/www.padreeustaquio.com.br\/en\/wp-json\/wp\/v2\/types\/post"}],"author":[{"embeddable":true,"href":"https:\/\/www.padreeustaquio.com.br\/en\/wp-json\/wp\/v2\/users\/2"}],"replies":[{"embeddable":true,"href":"https:\/\/www.padreeustaquio.com.br\/en\/wp-json\/wp\/v2\/comments?post=4230"}],"version-history":[{"count":0,"href":"https:\/\/www.padreeustaquio.com.br\/en\/wp-json\/wp\/v2\/posts\/4230\/revisions"}],"wp:featuredmedia":[{"embeddable":true,"href":"https:\/\/www.padreeustaquio.com.br\/en\/wp-json\/wp\/v2\/media\/4235"}],"wp:attachment":[{"href":"https:\/\/www.padreeustaquio.com.br\/en\/wp-json\/wp\/v2\/media?parent=4230"}],"wp:term":[{"taxonomy":"category","embeddable":true,"href":"https:\/\/www.padreeustaquio.com.br\/en\/wp-json\/wp\/v2\/categories?post=4230"},{"taxonomy":"post_tag","embeddable":true,"href":"https:\/\/www.padreeustaquio.com.br\/en\/wp-json\/wp\/v2\/tags?post=4230"}],"curies":[{"name":"wp","href":"https:\/\/api.w.org\/{rel}","templated":true}]}}