{"id":4209,"date":"2020-05-19T12:10:30","date_gmt":"2020-05-19T15:10:30","guid":{"rendered":"https:\/\/www.padreeustaquio.com.br\/?p=4209"},"modified":"2020-05-19T12:25:40","modified_gmt":"2020-05-19T15:25:40","slug":"the-padre-eustaquio-museum-in-porto-alegre-sp-presents-audio-recordings-about-the-life-of-padre-eustaquio","status":"publish","type":"post","link":"https:\/\/www.padreeustaquio.com.br\/en\/the-padre-eustaquio-museum-in-porto-alegre-sp-presents-audio-recordings-about-the-life-of-padre-eustaquio\/","title":{"rendered":"The Padre Eust\u00e1quio Museum in Po\u00e1, S\u00e3o Paulo, presents audio recordings about the life of the Blessed One."},"content":{"rendered":"<p data-adtags-visited=\"true\">During this quarantine period, the Padre Eust\u00e1quio Museum, located in Po\u00e1, in Greater S\u00e3o Paulo, is temporarily closed. However, with the aim of reaching more people so they can learn more about the history of this religious figure who did so much good for everyone, the Museum has been presenting the podcast: \u201c<strong>&quot;Getting to know Father Eust\u00e1quio&quot;.<\/strong><\/p>\n<p data-adtags-visited=\"true\">You <em>podcasts<\/em> They&#039;re like radio programs, but on your cell phone. Every week the Museum team publishes episodes from the Blessed&#039;s story, based on the book: <em>\u201c&quot;Father Eust\u00e1quio, the Vicar of Po\u00e1&quot;\u201d<\/em>, by Father Ven\u00e2ncio Hulselmans,\u00a0<span class=\"skimlinks-unlinked\">ss.cc<\/span>.<\/p>\n<p data-adtags-visited=\"true\">The Podcast <strong>\u201c&quot;Getting to Know Father Eust\u00e1quio&quot;\u201d<\/strong> This is already in its eighth edition. The first chapter presented: the family of young Humberto van Lieshout and its importance to the vocation of the future parish priest in the Netherlands. In the links below, you can listen to this and the other seven programs that talk about Father Eust\u00e1quio&#039;s school years, his entry into religious life, his first works in the Congregation, his journey and arrival in Brazil, as well as his service in \u00c1gua Suja (present-day Romaria-MG).<\/p>\n<p data-adtags-visited=\"true\">Click on one of the links below and travel back in time with the beautiful work of the Museum team:<\/p>\n<p data-adtags-visited=\"true\"><a href=\"https:\/\/open.spotify.com\/show\/3PJckMhPHxpWNaLDqvRHnv\">SPOTIFY\u00a0<\/a>\u00a0 \u00a0 \u00a0 \u00a0 \u00a0 \u00a0 \u00a0 \u00a0 \u00a0 \u00a0 \u00a0 \u00a0 \u00a0<a href=\"https:\/\/podcasts.apple.com\/us\/podcast\/conhecendo-padre-eust%C3%A1quio\/id1505400212?fbclid=IwAR2ncnRlrbMkmE5t-fsi_pt9Wb2h3etXffDyZK0VUTOBj7Ok6Lf12PmzjOI\">APPLE (iTUNES)<\/a>\u00a0 \u00a0 \u00a0 \u00a0 \u00a0 \u00a0 \u00a0 \u00a0 \u00a0 \u00a0 \u00a0\u00a0<a href=\"https:\/\/podcasts.google.com\/?feed=aHR0cHM6Ly9hbmNob3IuZm0vcy83ZGEzOGNjL3BvZGNhc3QvcnNz&amp;fbclid=IwAR0wdKxLSomK8rOwARIHPLN007_sp1LjEoA9pYQwrzfIUY04ka70o2WOxf8\">GOOGLE PODCASTS<\/a><\/p>\n<p data-adtags-visited=\"true\"><a href=\"https:\/\/pca.st\/o2gjb2oh?fbclid=IwAR2NudJyeyXHe3S1HGG1hhT8_Rl9gljLhDgMeho2NPBbHQEcca-w0-jRxBE\">POCKET CASTS<\/a>\u00a0 \u00a0 \u00a0 \u00a0 \u00a0 \u00a0 \u00a0 <a href=\"https:\/\/radiopublic.com\/conhecendo-padre-eustquio-8X3r54?fbclid=IwAR0d2El4RWJ14PvzDv5BS-piO6RfQc9BnA-wuFt_y6WOMF731gIHoNVMVGI\">RADIOPUBLIC<\/a>\u00a0 \u00a0 \u00a0 \u00a0 \u00a0 \u00a0 \u00a0 \u00a0 \u00a0 \u00a0 \u00a0 \u00a0 \u00a0 \u00a0 \u00a0 \u00a0 \u00a0\u00a0<a href=\"https:\/\/www.breaker.audio\/conhecendo-padre-eustaquio?fbclid=IwAR0_akzz0yXvzzrv8X2UAQyvxnzWB4MjKgvQEhRRt7KE433wuNK6Fqwy7RQ\">BREAKER<\/a><\/p>\n<p data-adtags-visited=\"true\"><a href=\"https:\/\/anchor.fm\/peeustaquio?fbclid=IwAR3cDqnVW52U8DvfrQeEiDeqg1YY0Ff1nmwsEGBwDwgD3-zMX1p-wktdhJ4\">ANCHOR<\/a><\/p>\n<p data-adtags-visited=\"true\"><strong>Source:\u00a0<a href=\"https:\/\/museupadreeustaquio.wordpress.com\/\"><em>museupadreeustaquio.wordpress.com<\/em><\/a><\/strong><\/p>","protected":false},"excerpt":{"rendered":"<p>Neste per\u00edodo de quarentena, o Museu Padre Eust\u00e1quio, localizado em Po\u00e1, na grande S\u00e3o Paulo, est\u00e1 fechado temporariamente. Mas, pensando em alcan\u00e7ar mais pessoas para que possam conhecer melhor a hist\u00f3ria deste religioso que tanto bem fez para todos, o Museu tem apresentado o Podcast: &#8220;Conhecendo Padre Eust\u00e1quio&#8221;. Os podcasts s\u00e3o como se fossem programas de r\u00e1dio, s\u00f3 que no celular. Semanalmente a equipe do Museu publica epis\u00f3dios da hist\u00f3ria do Beato, baseados no livro: \u201cPADRE EUST\u00c1QUIO, o Vig\u00e1rio de Po\u00e1\u201d, do Pe. Ven\u00e2ncio Hulselmans,\u00a0ss.cc. O Podcast &#8220;Conhecendo Padre Eust\u00e1quio&#8221; j\u00e1 est\u00e1 na sua oitava edi\u00e7\u00e3o. No primeiro cap\u00edtulo foram [&hellip;]<\/p>\n","protected":false},"author":2,"featured_media":4210,"comment_status":"open","ping_status":"open","sticky":false,"template":"","format":"standard","meta":{"_acf_changed":false,"footnotes":""},"categories":[611],"tags":[],"class_list":["post-4209","post","type-post","status-publish","format-standard","has-post-thumbnail","hentry","category-noticias"],"acf":[],"yoast_head":"<!-- This site is optimized with the Yoast SEO plugin v27.2 - https:\/\/yoast.com\/product\/yoast-seo-wordpress\/ -->\n<title>Museu Padre Eust\u00e1quio, de Po\u00e1-SP, apresenta \u00e1udios sobre a vida do Bem-Aventurado - Padre Eust\u00e1quio<\/title>\n<meta name=\"robots\" content=\"index, follow, max-snippet:-1, max-image-preview:large, max-video-preview:-1\" \/>\n<link rel=\"canonical\" href=\"https:\/\/www.padreeustaquio.com.br\/en\/the-padre-eustaquio-museum-in-porto-alegre-sp-presents-audio-recordings-about-the-life-of-padre-eustaquio\/\" \/>\n<meta property=\"og:locale\" content=\"en_US\" \/>\n<meta property=\"og:type\" content=\"article\" \/>\n<meta property=\"og:title\" content=\"Museu Padre Eust\u00e1quio, de Po\u00e1-SP, apresenta \u00e1udios sobre a vida do Bem-Aventurado - Padre Eust\u00e1quio\" \/>\n<meta property=\"og:description\" content=\"Neste per\u00edodo de quarentena, o Museu Padre Eust\u00e1quio, localizado em Po\u00e1, na grande S\u00e3o Paulo, est\u00e1 fechado temporariamente. Mas, pensando em alcan\u00e7ar mais pessoas para que possam conhecer melhor a hist\u00f3ria deste religioso que tanto bem fez para todos, o Museu tem apresentado o Podcast: &#8220;Conhecendo Padre Eust\u00e1quio&#8221;. Os podcasts s\u00e3o como se fossem programas de r\u00e1dio, s\u00f3 que no celular. Semanalmente a equipe do Museu publica epis\u00f3dios da hist\u00f3ria do Beato, baseados no livro: \u201cPADRE EUST\u00c1QUIO, o Vig\u00e1rio de Po\u00e1\u201d, do Pe. Ven\u00e2ncio Hulselmans,\u00a0ss.cc. O Podcast &#8220;Conhecendo Padre Eust\u00e1quio&#8221; j\u00e1 est\u00e1 na sua oitava edi\u00e7\u00e3o. No primeiro cap\u00edtulo foram [&hellip;]\" \/>\n<meta property=\"og:url\" content=\"https:\/\/www.padreeustaquio.com.br\/en\/the-padre-eustaquio-museum-in-porto-alegre-sp-presents-audio-recordings-about-the-life-of-padre-eustaquio\/\" \/>\n<meta property=\"og:site_name\" content=\"Padre Eust\u00e1quio\" \/>\n<meta property=\"article:publisher\" content=\"https:\/\/www.facebook.com\/beatopadreeustaquio\/\" \/>\n<meta property=\"article:published_time\" content=\"2020-05-19T15:10:30+00:00\" \/>\n<meta property=\"article:modified_time\" content=\"2020-05-19T15:25:40+00:00\" \/>\n<meta property=\"og:image\" content=\"https:\/\/www.padreeustaquio.com.br\/wp-content\/uploads\/2020\/05\/podcast.jpg\" \/>\n\t<meta property=\"og:image:width\" content=\"512\" \/>\n\t<meta property=\"og:image:height\" content=\"256\" \/>\n\t<meta property=\"og:image:type\" content=\"image\/jpeg\" \/>\n<meta name=\"author\" content=\"@sscc\" \/>\n<meta name=\"twitter:card\" content=\"summary_large_image\" \/>\n<meta name=\"twitter:creator\" content=\"@beatopeustaquio\" \/>\n<meta name=\"twitter:site\" content=\"@beatopeustaquio\" \/>\n<meta name=\"twitter:label1\" content=\"Written by\" \/>\n\t<meta name=\"twitter:data1\" content=\"@sscc\" \/>\n\t<meta name=\"twitter:label2\" content=\"Est. reading time\" \/>\n\t<meta name=\"twitter:data2\" content=\"1 minute\" \/>\n<script type=\"application\/ld+json\" class=\"yoast-schema-graph\">{\"@context\":\"https:\/\/schema.org\",\"@graph\":[{\"@type\":\"Article\",\"@id\":\"https:\/\/www.padreeustaquio.com.br\/museu-padre-eustaquio-de-poa-sp-apresenta-audios-sobre-a-vida-de-padre-eustaquio\/#article\",\"isPartOf\":{\"@id\":\"https:\/\/www.padreeustaquio.com.br\/museu-padre-eustaquio-de-poa-sp-apresenta-audios-sobre-a-vida-de-padre-eustaquio\/\"},\"author\":{\"name\":\"@sscc\",\"@id\":\"https:\/\/www.padreeustaquio.com.br\/#\/schema\/person\/a2a51db1d00f1a7af0204a0f1ddb1566\"},\"headline\":\"Museu Padre Eust\u00e1quio, de Po\u00e1-SP, apresenta \u00e1udios sobre a vida do Bem-Aventurado\",\"datePublished\":\"2020-05-19T15:10:30+00:00\",\"dateModified\":\"2020-05-19T15:25:40+00:00\",\"mainEntityOfPage\":{\"@id\":\"https:\/\/www.padreeustaquio.com.br\/museu-padre-eustaquio-de-poa-sp-apresenta-audios-sobre-a-vida-de-padre-eustaquio\/\"},\"wordCount\":237,\"commentCount\":0,\"publisher\":{\"@id\":\"https:\/\/www.padreeustaquio.com.br\/#organization\"},\"image\":{\"@id\":\"https:\/\/www.padreeustaquio.com.br\/museu-padre-eustaquio-de-poa-sp-apresenta-audios-sobre-a-vida-de-padre-eustaquio\/#primaryimage\"},\"thumbnailUrl\":\"https:\/\/www.padreeustaquio.com.br\/wp-content\/uploads\/2020\/05\/podcast.jpg\",\"articleSection\":[\"Not\u00edcias\"],\"inLanguage\":\"en-US\",\"potentialAction\":[{\"@type\":\"CommentAction\",\"name\":\"Comment\",\"target\":[\"https:\/\/www.padreeustaquio.com.br\/museu-padre-eustaquio-de-poa-sp-apresenta-audios-sobre-a-vida-de-padre-eustaquio\/#respond\"]}]},{\"@type\":\"WebPage\",\"@id\":\"https:\/\/www.padreeustaquio.com.br\/museu-padre-eustaquio-de-poa-sp-apresenta-audios-sobre-a-vida-de-padre-eustaquio\/\",\"url\":\"https:\/\/www.padreeustaquio.com.br\/museu-padre-eustaquio-de-poa-sp-apresenta-audios-sobre-a-vida-de-padre-eustaquio\/\",\"name\":\"Museu Padre Eust\u00e1quio, de Po\u00e1-SP, apresenta \u00e1udios sobre a vida do Bem-Aventurado - Padre Eust\u00e1quio\",\"isPartOf\":{\"@id\":\"https:\/\/www.padreeustaquio.com.br\/#website\"},\"primaryImageOfPage\":{\"@id\":\"https:\/\/www.padreeustaquio.com.br\/museu-padre-eustaquio-de-poa-sp-apresenta-audios-sobre-a-vida-de-padre-eustaquio\/#primaryimage\"},\"image\":{\"@id\":\"https:\/\/www.padreeustaquio.com.br\/museu-padre-eustaquio-de-poa-sp-apresenta-audios-sobre-a-vida-de-padre-eustaquio\/#primaryimage\"},\"thumbnailUrl\":\"https:\/\/www.padreeustaquio.com.br\/wp-content\/uploads\/2020\/05\/podcast.jpg\",\"datePublished\":\"2020-05-19T15:10:30+00:00\",\"dateModified\":\"2020-05-19T15:25:40+00:00\",\"breadcrumb\":{\"@id\":\"https:\/\/www.padreeustaquio.com.br\/museu-padre-eustaquio-de-poa-sp-apresenta-audios-sobre-a-vida-de-padre-eustaquio\/#breadcrumb\"},\"inLanguage\":\"en-US\",\"potentialAction\":[{\"@type\":\"ReadAction\",\"target\":[\"https:\/\/www.padreeustaquio.com.br\/museu-padre-eustaquio-de-poa-sp-apresenta-audios-sobre-a-vida-de-padre-eustaquio\/\"]}]},{\"@type\":\"ImageObject\",\"inLanguage\":\"en-US\",\"@id\":\"https:\/\/www.padreeustaquio.com.br\/museu-padre-eustaquio-de-poa-sp-apresenta-audios-sobre-a-vida-de-padre-eustaquio\/#primaryimage\",\"url\":\"https:\/\/www.padreeustaquio.com.br\/wp-content\/uploads\/2020\/05\/podcast.jpg\",\"contentUrl\":\"https:\/\/www.padreeustaquio.com.br\/wp-content\/uploads\/2020\/05\/podcast.jpg\",\"width\":512,\"height\":256},{\"@type\":\"BreadcrumbList\",\"@id\":\"https:\/\/www.padreeustaquio.com.br\/museu-padre-eustaquio-de-poa-sp-apresenta-audios-sobre-a-vida-de-padre-eustaquio\/#breadcrumb\",\"itemListElement\":[{\"@type\":\"ListItem\",\"position\":1,\"name\":\"In\u00edcio\",\"item\":\"https:\/\/www.padreeustaquio.com.br\/\"},{\"@type\":\"ListItem\",\"position\":2,\"name\":\"Museu Padre Eust\u00e1quio, de Po\u00e1-SP, apresenta \u00e1udios sobre a vida do Bem-Aventurado\"}]},{\"@type\":\"WebSite\",\"@id\":\"https:\/\/www.padreeustaquio.com.br\/#website\",\"url\":\"https:\/\/www.padreeustaquio.com.br\/\",\"name\":\"Padre Eust\u00e1quio\",\"description\":\"Sa\u00fade e Paz\",\"publisher\":{\"@id\":\"https:\/\/www.padreeustaquio.com.br\/#organization\"},\"potentialAction\":[{\"@type\":\"SearchAction\",\"target\":{\"@type\":\"EntryPoint\",\"urlTemplate\":\"https:\/\/www.padreeustaquio.com.br\/?s={search_term_string}\"},\"query-input\":{\"@type\":\"PropertyValueSpecification\",\"valueRequired\":true,\"valueName\":\"search_term_string\"}}],\"inLanguage\":\"en-US\"},{\"@type\":\"Organization\",\"@id\":\"https:\/\/www.padreeustaquio.com.br\/#organization\",\"name\":\"Padre Eust\u00e1quio\",\"url\":\"https:\/\/www.padreeustaquio.com.br\/\",\"logo\":{\"@type\":\"ImageObject\",\"inLanguage\":\"en-US\",\"@id\":\"https:\/\/www.padreeustaquio.com.br\/#\/schema\/logo\/image\/\",\"url\":\"https:\/\/www.padreeustaquio.com.br\/wp-content\/uploads\/2019\/08\/marca.png\",\"contentUrl\":\"https:\/\/www.padreeustaquio.com.br\/wp-content\/uploads\/2019\/08\/marca.png\",\"width\":350,\"height\":400,\"caption\":\"Padre Eust\u00e1quio\"},\"image\":{\"@id\":\"https:\/\/www.padreeustaquio.com.br\/#\/schema\/logo\/image\/\"},\"sameAs\":[\"https:\/\/www.facebook.com\/beatopadreeustaquio\/\",\"https:\/\/x.com\/beatopeustaquio\",\"https:\/\/www.instagram.com\/beatopadreeustaquio\/\",\"https:\/\/www.youtube.com\/channel\/UCRhw7vfabnajwLxb1ZXMeIw\"]},{\"@type\":\"Person\",\"@id\":\"https:\/\/www.padreeustaquio.com.br\/#\/schema\/person\/a2a51db1d00f1a7af0204a0f1ddb1566\",\"name\":\"@sscc\",\"image\":{\"@type\":\"ImageObject\",\"inLanguage\":\"en-US\",\"@id\":\"https:\/\/secure.gravatar.com\/avatar\/68cfafa5f44617fea54071e215026e0ff06be366c3d54a8425f04fdcb86f8c5f?s=96&d=mm&r=g\",\"url\":\"https:\/\/secure.gravatar.com\/avatar\/68cfafa5f44617fea54071e215026e0ff06be366c3d54a8425f04fdcb86f8c5f?s=96&d=mm&r=g\",\"contentUrl\":\"https:\/\/secure.gravatar.com\/avatar\/68cfafa5f44617fea54071e215026e0ff06be366c3d54a8425f04fdcb86f8c5f?s=96&d=mm&r=g\",\"caption\":\"@sscc\"},\"url\":\"https:\/\/www.padreeustaquio.com.br\/en\/author\/sscc\/\"}]}<\/script>\n<!-- \/ Yoast SEO plugin. -->","yoast_head_json":{"title":"The Padre Eust\u00e1quio Museum in Po\u00e1, S\u00e3o Paulo, presents audio recordings about the life of Blessed Father Eust\u00e1quio.","robots":{"index":"index","follow":"follow","max-snippet":"max-snippet:-1","max-image-preview":"max-image-preview:large","max-video-preview":"max-video-preview:-1"},"canonical":"https:\/\/www.padreeustaquio.com.br\/en\/the-padre-eustaquio-museum-in-porto-alegre-sp-presents-audio-recordings-about-the-life-of-padre-eustaquio\/","og_locale":"en_US","og_type":"article","og_title":"Museu Padre Eust\u00e1quio, de Po\u00e1-SP, apresenta \u00e1udios sobre a vida do Bem-Aventurado - Padre Eust\u00e1quio","og_description":"Neste per\u00edodo de quarentena, o Museu Padre Eust\u00e1quio, localizado em Po\u00e1, na grande S\u00e3o Paulo, est\u00e1 fechado temporariamente. Mas, pensando em alcan\u00e7ar mais pessoas para que possam conhecer melhor a hist\u00f3ria deste religioso que tanto bem fez para todos, o Museu tem apresentado o Podcast: &#8220;Conhecendo Padre Eust\u00e1quio&#8221;. Os podcasts s\u00e3o como se fossem programas de r\u00e1dio, s\u00f3 que no celular. Semanalmente a equipe do Museu publica epis\u00f3dios da hist\u00f3ria do Beato, baseados no livro: \u201cPADRE EUST\u00c1QUIO, o Vig\u00e1rio de Po\u00e1\u201d, do Pe. Ven\u00e2ncio Hulselmans,\u00a0ss.cc. O Podcast &#8220;Conhecendo Padre Eust\u00e1quio&#8221; j\u00e1 est\u00e1 na sua oitava edi\u00e7\u00e3o. No primeiro cap\u00edtulo foram [&hellip;]","og_url":"https:\/\/www.padreeustaquio.com.br\/en\/the-padre-eustaquio-museum-in-porto-alegre-sp-presents-audio-recordings-about-the-life-of-padre-eustaquio\/","og_site_name":"Padre Eust\u00e1quio","article_publisher":"https:\/\/www.facebook.com\/beatopadreeustaquio\/","article_published_time":"2020-05-19T15:10:30+00:00","article_modified_time":"2020-05-19T15:25:40+00:00","og_image":[{"width":512,"height":256,"url":"https:\/\/www.padreeustaquio.com.br\/wp-content\/uploads\/2020\/05\/podcast.jpg","type":"image\/jpeg"}],"author":"@sscc","twitter_card":"summary_large_image","twitter_creator":"@beatopeustaquio","twitter_site":"@beatopeustaquio","twitter_misc":{"Written by":"@sscc","Est. reading time":"1 minute"},"schema":{"@context":"https:\/\/schema.org","@graph":[{"@type":"Article","@id":"https:\/\/www.padreeustaquio.com.br\/museu-padre-eustaquio-de-poa-sp-apresenta-audios-sobre-a-vida-de-padre-eustaquio\/#article","isPartOf":{"@id":"https:\/\/www.padreeustaquio.com.br\/museu-padre-eustaquio-de-poa-sp-apresenta-audios-sobre-a-vida-de-padre-eustaquio\/"},"author":{"name":"@sscc","@id":"https:\/\/www.padreeustaquio.com.br\/#\/schema\/person\/a2a51db1d00f1a7af0204a0f1ddb1566"},"headline":"Museu Padre Eust\u00e1quio, de Po\u00e1-SP, apresenta \u00e1udios sobre a vida do Bem-Aventurado","datePublished":"2020-05-19T15:10:30+00:00","dateModified":"2020-05-19T15:25:40+00:00","mainEntityOfPage":{"@id":"https:\/\/www.padreeustaquio.com.br\/museu-padre-eustaquio-de-poa-sp-apresenta-audios-sobre-a-vida-de-padre-eustaquio\/"},"wordCount":237,"commentCount":0,"publisher":{"@id":"https:\/\/www.padreeustaquio.com.br\/#organization"},"image":{"@id":"https:\/\/www.padreeustaquio.com.br\/museu-padre-eustaquio-de-poa-sp-apresenta-audios-sobre-a-vida-de-padre-eustaquio\/#primaryimage"},"thumbnailUrl":"https:\/\/www.padreeustaquio.com.br\/wp-content\/uploads\/2020\/05\/podcast.jpg","articleSection":["Not\u00edcias"],"inLanguage":"en-US","potentialAction":[{"@type":"CommentAction","name":"Comment","target":["https:\/\/www.padreeustaquio.com.br\/museu-padre-eustaquio-de-poa-sp-apresenta-audios-sobre-a-vida-de-padre-eustaquio\/#respond"]}]},{"@type":"WebPage","@id":"https:\/\/www.padreeustaquio.com.br\/museu-padre-eustaquio-de-poa-sp-apresenta-audios-sobre-a-vida-de-padre-eustaquio\/","url":"https:\/\/www.padreeustaquio.com.br\/museu-padre-eustaquio-de-poa-sp-apresenta-audios-sobre-a-vida-de-padre-eustaquio\/","name":"The Padre Eust\u00e1quio Museum in Po\u00e1, S\u00e3o Paulo, presents audio recordings about the life of Blessed Father Eust\u00e1quio.","isPartOf":{"@id":"https:\/\/www.padreeustaquio.com.br\/#website"},"primaryImageOfPage":{"@id":"https:\/\/www.padreeustaquio.com.br\/museu-padre-eustaquio-de-poa-sp-apresenta-audios-sobre-a-vida-de-padre-eustaquio\/#primaryimage"},"image":{"@id":"https:\/\/www.padreeustaquio.com.br\/museu-padre-eustaquio-de-poa-sp-apresenta-audios-sobre-a-vida-de-padre-eustaquio\/#primaryimage"},"thumbnailUrl":"https:\/\/www.padreeustaquio.com.br\/wp-content\/uploads\/2020\/05\/podcast.jpg","datePublished":"2020-05-19T15:10:30+00:00","dateModified":"2020-05-19T15:25:40+00:00","breadcrumb":{"@id":"https:\/\/www.padreeustaquio.com.br\/museu-padre-eustaquio-de-poa-sp-apresenta-audios-sobre-a-vida-de-padre-eustaquio\/#breadcrumb"},"inLanguage":"en-US","potentialAction":[{"@type":"ReadAction","target":["https:\/\/www.padreeustaquio.com.br\/museu-padre-eustaquio-de-poa-sp-apresenta-audios-sobre-a-vida-de-padre-eustaquio\/"]}]},{"@type":"ImageObject","inLanguage":"en-US","@id":"https:\/\/www.padreeustaquio.com.br\/museu-padre-eustaquio-de-poa-sp-apresenta-audios-sobre-a-vida-de-padre-eustaquio\/#primaryimage","url":"https:\/\/www.padreeustaquio.com.br\/wp-content\/uploads\/2020\/05\/podcast.jpg","contentUrl":"https:\/\/www.padreeustaquio.com.br\/wp-content\/uploads\/2020\/05\/podcast.jpg","width":512,"height":256},{"@type":"BreadcrumbList","@id":"https:\/\/www.padreeustaquio.com.br\/museu-padre-eustaquio-de-poa-sp-apresenta-audios-sobre-a-vida-de-padre-eustaquio\/#breadcrumb","itemListElement":[{"@type":"ListItem","position":1,"name":"In\u00edcio","item":"https:\/\/www.padreeustaquio.com.br\/"},{"@type":"ListItem","position":2,"name":"Museu Padre Eust\u00e1quio, de Po\u00e1-SP, apresenta \u00e1udios sobre a vida do Bem-Aventurado"}]},{"@type":"WebSite","@id":"https:\/\/www.padreeustaquio.com.br\/#website","url":"https:\/\/www.padreeustaquio.com.br\/","name":"FATHER EUST\u00c1QUIO","description":"Health and Peace","publisher":{"@id":"https:\/\/www.padreeustaquio.com.br\/#organization"},"potentialAction":[{"@type":"SearchAction","target":{"@type":"EntryPoint","urlTemplate":"https:\/\/www.padreeustaquio.com.br\/?s={search_term_string}"},"query-input":{"@type":"PropertyValueSpecification","valueRequired":true,"valueName":"search_term_string"}}],"inLanguage":"en-US"},{"@type":"Organization","@id":"https:\/\/www.padreeustaquio.com.br\/#organization","name":"FATHER EUST\u00c1QUIO","url":"https:\/\/www.padreeustaquio.com.br\/","logo":{"@type":"ImageObject","inLanguage":"en-US","@id":"https:\/\/www.padreeustaquio.com.br\/#\/schema\/logo\/image\/","url":"https:\/\/www.padreeustaquio.com.br\/wp-content\/uploads\/2019\/08\/marca.png","contentUrl":"https:\/\/www.padreeustaquio.com.br\/wp-content\/uploads\/2019\/08\/marca.png","width":350,"height":400,"caption":"Padre Eust\u00e1quio"},"image":{"@id":"https:\/\/www.padreeustaquio.com.br\/#\/schema\/logo\/image\/"},"sameAs":["https:\/\/www.facebook.com\/beatopadreeustaquio\/","https:\/\/x.com\/beatopeustaquio","https:\/\/www.instagram.com\/beatopadreeustaquio\/","https:\/\/www.youtube.com\/channel\/UCRhw7vfabnajwLxb1ZXMeIw"]},{"@type":"Person","@id":"https:\/\/www.padreeustaquio.com.br\/#\/schema\/person\/a2a51db1d00f1a7af0204a0f1ddb1566","name":"@sscc","image":{"@type":"ImageObject","inLanguage":"en-US","@id":"https:\/\/secure.gravatar.com\/avatar\/68cfafa5f44617fea54071e215026e0ff06be366c3d54a8425f04fdcb86f8c5f?s=96&d=mm&r=g","url":"https:\/\/secure.gravatar.com\/avatar\/68cfafa5f44617fea54071e215026e0ff06be366c3d54a8425f04fdcb86f8c5f?s=96&d=mm&r=g","contentUrl":"https:\/\/secure.gravatar.com\/avatar\/68cfafa5f44617fea54071e215026e0ff06be366c3d54a8425f04fdcb86f8c5f?s=96&d=mm&r=g","caption":"@sscc"},"url":"https:\/\/www.padreeustaquio.com.br\/en\/author\/sscc\/"}]}},"_links":{"self":[{"href":"https:\/\/www.padreeustaquio.com.br\/en\/wp-json\/wp\/v2\/posts\/4209","targetHints":{"allow":["GET"]}}],"collection":[{"href":"https:\/\/www.padreeustaquio.com.br\/en\/wp-json\/wp\/v2\/posts"}],"about":[{"href":"https:\/\/www.padreeustaquio.com.br\/en\/wp-json\/wp\/v2\/types\/post"}],"author":[{"embeddable":true,"href":"https:\/\/www.padreeustaquio.com.br\/en\/wp-json\/wp\/v2\/users\/2"}],"replies":[{"embeddable":true,"href":"https:\/\/www.padreeustaquio.com.br\/en\/wp-json\/wp\/v2\/comments?post=4209"}],"version-history":[{"count":0,"href":"https:\/\/www.padreeustaquio.com.br\/en\/wp-json\/wp\/v2\/posts\/4209\/revisions"}],"wp:featuredmedia":[{"embeddable":true,"href":"https:\/\/www.padreeustaquio.com.br\/en\/wp-json\/wp\/v2\/media\/4210"}],"wp:attachment":[{"href":"https:\/\/www.padreeustaquio.com.br\/en\/wp-json\/wp\/v2\/media?parent=4209"}],"wp:term":[{"taxonomy":"category","embeddable":true,"href":"https:\/\/www.padreeustaquio.com.br\/en\/wp-json\/wp\/v2\/categories?post=4209"},{"taxonomy":"post_tag","embeddable":true,"href":"https:\/\/www.padreeustaquio.com.br\/en\/wp-json\/wp\/v2\/tags?post=4209"}],"curies":[{"name":"wp","href":"https:\/\/api.w.org\/{rel}","templated":true}]}}