{"id":4186,"date":"2020-05-09T09:42:13","date_gmt":"2020-05-09T12:42:13","guid":{"rendered":"https:\/\/www.padreeustaquio.com.br\/?p=4186"},"modified":"2020-05-08T10:06:46","modified_gmt":"2020-05-08T13:06:46","slug":"4186-2","status":"publish","type":"post","link":"https:\/\/www.padreeustaquio.com.br\/en\/4186-2\/","title":{"rendered":"Sanctuary continues social work amid pandemic."},"content":{"rendered":"<p>In addition to the challenge of internet broadcasts and celebrations held at the Health and Peace Sanctuary, another issue that came to light was the assistance the parish provides to the more than 100 families served monthly by the Ladies of Charity and the 260 children at the Padre Eust\u00e1quio Daycare Center. Besides those regularly served, the church began organizing itself to assist new families of unemployed people, homeless individuals, and informal workers who, due to social isolation measures, lost their income.<\/p>\n<p><img fetchpriority=\"high\" decoding=\"async\" class=\"size-medium wp-image-4189 alignleft\" src=\"https:\/\/www.padreeustaquio.com.br\/wp-content\/uploads\/2020\/05\/PROFESSOS--300x300.jpg\" alt=\"\" width=\"300\" height=\"300\" \/>Given the inability of the elderly ladies, who are traditionally responsible for welcoming and distributing food and other aid to needy families, the brothers of the Congregation of the Sacred Hearts who live in the provincial house and those who reside in the formation houses have taken on the task of preparing and directly contacting those in need.<\/p>\n<p><img decoding=\"async\" class=\"wp-image-4188 alignright\" src=\"https:\/\/www.padreeustaquio.com.br\/wp-content\/uploads\/2020\/05\/PROFESSOS-2-300x300.jpg\" alt=\"\" width=\"263\" height=\"263\" srcset=\"https:\/\/www.padreeustaquio.com.br\/wp-content\/uploads\/2020\/05\/PROFESSOS-2-300x300.jpg 300w, https:\/\/www.padreeustaquio.com.br\/wp-content\/uploads\/2020\/05\/PROFESSOS-2-150x150.jpg 150w, https:\/\/www.padreeustaquio.com.br\/wp-content\/uploads\/2020\/05\/PROFESSOS-2-768x768.jpg 768w, https:\/\/www.padreeustaquio.com.br\/wp-content\/uploads\/2020\/05\/PROFESSOS-2-1024x1024.jpg 1024w, https:\/\/www.padreeustaquio.com.br\/wp-content\/uploads\/2020\/05\/PROFESSOS-2-180x180.jpg 180w, https:\/\/www.padreeustaquio.com.br\/wp-content\/uploads\/2020\/05\/PROFESSOS-2-400x400.jpg 400w, https:\/\/www.padreeustaquio.com.br\/wp-content\/uploads\/2020\/05\/PROFESSOS-2-600x600.jpg 600w\" sizes=\"(max-width: 263px) 100vw, 263px\" \/>Even the internal life of the Congregation took on a very different rhythm because of the isolation. On the one hand, experiencing the intensification of the close-knit community required by the total care of the house with all the domestic chores and attention to the elderly brothers and sisters, and at the same time the classes at the theology college began to be held online, maintaining the school rhythm.<\/p>\n<p>We would like to highlight the work of Brother Antoniel, who is especially dedicated to making the symbolic and necessary protective instrument that masks are, to guarantee Health and Peace.<\/p>\n<p>During this time of pandemic, may we ask God, through the intercession of Blessed Father Eustace, to always grant us: &quot;Health and Peace.&quot;.<\/p>\n<p>Pray with us the prayer that Father Eust\u00e1quio always said when asking for a blessing:<br \/>\n<em><br \/>\n\u201c&quot;Oh, Jesus, by the blood you shed and by the tears of your most holy mother, grant sight to the blind, walking to the lame, health to the sick, and peace to all who suffer and are in pain. Amen!&quot;\u201d<\/em><\/p>","protected":false},"excerpt":{"rendered":"<p>Al\u00e9m do desafio das transmiss\u00f5es pela internet, das celebra\u00e7\u00f5es realizadas no Santu\u00e1rio Sa\u00fade e Paz, outra quest\u00e3o que veio a tona foi o auxilio que a par\u00f3quia d\u00e1 para as mais de 100 fam\u00edlias atendidas mensalmente, pelas Damas da Caridade e as 260 crian\u00e7as da Creche Padre Eust\u00e1quio. Al\u00e9m destes atendidos habitualmente a igreja passou a se organizar para atender as novas fam\u00edlias de desempregados, moradores de rua e trabalhadores informais que, com as medidas de isolamento social, ficaram sem ganhos. Diante da impossibilidade das senhoras idosas, que tradicionalmente s\u00e3o as respons\u00e1veis pelo acolhimento e distribui\u00e7\u00e3o de alimentos e outras [&hellip;]<\/p>\n","protected":false},"author":2,"featured_media":4187,"comment_status":"open","ping_status":"open","sticky":false,"template":"","format":"standard","meta":{"_acf_changed":false,"footnotes":""},"categories":[611],"tags":[],"class_list":["post-4186","post","type-post","status-publish","format-standard","has-post-thumbnail","hentry","category-noticias"],"acf":[],"yoast_head":"<!-- This site is optimized with the Yoast SEO plugin v27.2 - https:\/\/yoast.com\/product\/yoast-seo-wordpress\/ -->\n<title>Santu\u00e1rio mant\u00e9m trabalho social em meio a pandemia - Padre Eust\u00e1quio<\/title>\n<meta name=\"robots\" content=\"index, follow, max-snippet:-1, max-image-preview:large, max-video-preview:-1\" \/>\n<link rel=\"canonical\" href=\"https:\/\/www.padreeustaquio.com.br\/en\/4186-2\/\" \/>\n<meta property=\"og:locale\" content=\"en_US\" \/>\n<meta property=\"og:type\" content=\"article\" \/>\n<meta property=\"og:title\" content=\"Santu\u00e1rio mant\u00e9m trabalho social em meio a pandemia - Padre Eust\u00e1quio\" \/>\n<meta property=\"og:description\" content=\"Al\u00e9m do desafio das transmiss\u00f5es pela internet, das celebra\u00e7\u00f5es realizadas no Santu\u00e1rio Sa\u00fade e Paz, outra quest\u00e3o que veio a tona foi o auxilio que a par\u00f3quia d\u00e1 para as mais de 100 fam\u00edlias atendidas mensalmente, pelas Damas da Caridade e as 260 crian\u00e7as da Creche Padre Eust\u00e1quio. Al\u00e9m destes atendidos habitualmente a igreja passou a se organizar para atender as novas fam\u00edlias de desempregados, moradores de rua e trabalhadores informais que, com as medidas de isolamento social, ficaram sem ganhos. Diante da impossibilidade das senhoras idosas, que tradicionalmente s\u00e3o as respons\u00e1veis pelo acolhimento e distribui\u00e7\u00e3o de alimentos e outras [&hellip;]\" \/>\n<meta property=\"og:url\" content=\"https:\/\/www.padreeustaquio.com.br\/en\/4186-2\/\" \/>\n<meta property=\"og:site_name\" content=\"Padre Eust\u00e1quio\" \/>\n<meta property=\"article:publisher\" content=\"https:\/\/www.facebook.com\/beatopadreeustaquio\/\" \/>\n<meta property=\"article:published_time\" content=\"2020-05-09T12:42:13+00:00\" \/>\n<meta property=\"og:image\" content=\"https:\/\/www.padreeustaquio.com.br\/wp-content\/uploads\/2020\/05\/ANTONIEL-M\u00c1SCARAS1.jpeg\" \/>\n\t<meta property=\"og:image:width\" content=\"4128\" \/>\n\t<meta property=\"og:image:height\" content=\"2322\" \/>\n\t<meta property=\"og:image:type\" content=\"image\/jpeg\" \/>\n<meta name=\"author\" content=\"@sscc\" \/>\n<meta name=\"twitter:card\" content=\"summary_large_image\" \/>\n<meta name=\"twitter:creator\" content=\"@beatopeustaquio\" \/>\n<meta name=\"twitter:site\" content=\"@beatopeustaquio\" \/>\n<meta name=\"twitter:label1\" content=\"Written by\" \/>\n\t<meta name=\"twitter:data1\" content=\"@sscc\" \/>\n\t<meta name=\"twitter:label2\" content=\"Est. reading time\" \/>\n\t<meta name=\"twitter:data2\" content=\"2 minutes\" \/>\n<script type=\"application\/ld+json\" class=\"yoast-schema-graph\">{\"@context\":\"https:\/\/schema.org\",\"@graph\":[{\"@type\":\"Article\",\"@id\":\"https:\/\/www.padreeustaquio.com.br\/4186-2\/#article\",\"isPartOf\":{\"@id\":\"https:\/\/www.padreeustaquio.com.br\/4186-2\/\"},\"author\":{\"name\":\"@sscc\",\"@id\":\"https:\/\/www.padreeustaquio.com.br\/#\/schema\/person\/a2a51db1d00f1a7af0204a0f1ddb1566\"},\"headline\":\"Santu\u00e1rio mant\u00e9m trabalho social em meio a pandemia\",\"datePublished\":\"2020-05-09T12:42:13+00:00\",\"mainEntityOfPage\":{\"@id\":\"https:\/\/www.padreeustaquio.com.br\/4186-2\/\"},\"wordCount\":344,\"commentCount\":0,\"publisher\":{\"@id\":\"https:\/\/www.padreeustaquio.com.br\/#organization\"},\"image\":{\"@id\":\"https:\/\/www.padreeustaquio.com.br\/4186-2\/#primaryimage\"},\"thumbnailUrl\":\"https:\/\/www.padreeustaquio.com.br\/wp-content\/uploads\/2020\/05\/ANTONIEL-M\u00c1SCARAS1.jpeg\",\"articleSection\":[\"Not\u00edcias\"],\"inLanguage\":\"en-US\",\"potentialAction\":[{\"@type\":\"CommentAction\",\"name\":\"Comment\",\"target\":[\"https:\/\/www.padreeustaquio.com.br\/4186-2\/#respond\"]}]},{\"@type\":\"WebPage\",\"@id\":\"https:\/\/www.padreeustaquio.com.br\/4186-2\/\",\"url\":\"https:\/\/www.padreeustaquio.com.br\/4186-2\/\",\"name\":\"Santu\u00e1rio mant\u00e9m trabalho social em meio a pandemia - Padre Eust\u00e1quio\",\"isPartOf\":{\"@id\":\"https:\/\/www.padreeustaquio.com.br\/#website\"},\"primaryImageOfPage\":{\"@id\":\"https:\/\/www.padreeustaquio.com.br\/4186-2\/#primaryimage\"},\"image\":{\"@id\":\"https:\/\/www.padreeustaquio.com.br\/4186-2\/#primaryimage\"},\"thumbnailUrl\":\"https:\/\/www.padreeustaquio.com.br\/wp-content\/uploads\/2020\/05\/ANTONIEL-M\u00c1SCARAS1.jpeg\",\"datePublished\":\"2020-05-09T12:42:13+00:00\",\"breadcrumb\":{\"@id\":\"https:\/\/www.padreeustaquio.com.br\/4186-2\/#breadcrumb\"},\"inLanguage\":\"en-US\",\"potentialAction\":[{\"@type\":\"ReadAction\",\"target\":[\"https:\/\/www.padreeustaquio.com.br\/4186-2\/\"]}]},{\"@type\":\"ImageObject\",\"inLanguage\":\"en-US\",\"@id\":\"https:\/\/www.padreeustaquio.com.br\/4186-2\/#primaryimage\",\"url\":\"https:\/\/www.padreeustaquio.com.br\/wp-content\/uploads\/2020\/05\/ANTONIEL-M\u00c1SCARAS1.jpeg\",\"contentUrl\":\"https:\/\/www.padreeustaquio.com.br\/wp-content\/uploads\/2020\/05\/ANTONIEL-M\u00c1SCARAS1.jpeg\",\"width\":4128,\"height\":2322},{\"@type\":\"BreadcrumbList\",\"@id\":\"https:\/\/www.padreeustaquio.com.br\/4186-2\/#breadcrumb\",\"itemListElement\":[{\"@type\":\"ListItem\",\"position\":1,\"name\":\"In\u00edcio\",\"item\":\"https:\/\/www.padreeustaquio.com.br\/\"},{\"@type\":\"ListItem\",\"position\":2,\"name\":\"Santu\u00e1rio mant\u00e9m trabalho social em meio a pandemia\"}]},{\"@type\":\"WebSite\",\"@id\":\"https:\/\/www.padreeustaquio.com.br\/#website\",\"url\":\"https:\/\/www.padreeustaquio.com.br\/\",\"name\":\"Padre Eust\u00e1quio\",\"description\":\"Sa\u00fade e Paz\",\"publisher\":{\"@id\":\"https:\/\/www.padreeustaquio.com.br\/#organization\"},\"potentialAction\":[{\"@type\":\"SearchAction\",\"target\":{\"@type\":\"EntryPoint\",\"urlTemplate\":\"https:\/\/www.padreeustaquio.com.br\/?s={search_term_string}\"},\"query-input\":{\"@type\":\"PropertyValueSpecification\",\"valueRequired\":true,\"valueName\":\"search_term_string\"}}],\"inLanguage\":\"en-US\"},{\"@type\":\"Organization\",\"@id\":\"https:\/\/www.padreeustaquio.com.br\/#organization\",\"name\":\"Padre Eust\u00e1quio\",\"url\":\"https:\/\/www.padreeustaquio.com.br\/\",\"logo\":{\"@type\":\"ImageObject\",\"inLanguage\":\"en-US\",\"@id\":\"https:\/\/www.padreeustaquio.com.br\/#\/schema\/logo\/image\/\",\"url\":\"https:\/\/www.padreeustaquio.com.br\/wp-content\/uploads\/2019\/08\/marca.png\",\"contentUrl\":\"https:\/\/www.padreeustaquio.com.br\/wp-content\/uploads\/2019\/08\/marca.png\",\"width\":350,\"height\":400,\"caption\":\"Padre Eust\u00e1quio\"},\"image\":{\"@id\":\"https:\/\/www.padreeustaquio.com.br\/#\/schema\/logo\/image\/\"},\"sameAs\":[\"https:\/\/www.facebook.com\/beatopadreeustaquio\/\",\"https:\/\/x.com\/beatopeustaquio\",\"https:\/\/www.instagram.com\/beatopadreeustaquio\/\",\"https:\/\/www.youtube.com\/channel\/UCRhw7vfabnajwLxb1ZXMeIw\"]},{\"@type\":\"Person\",\"@id\":\"https:\/\/www.padreeustaquio.com.br\/#\/schema\/person\/a2a51db1d00f1a7af0204a0f1ddb1566\",\"name\":\"@sscc\",\"image\":{\"@type\":\"ImageObject\",\"inLanguage\":\"en-US\",\"@id\":\"https:\/\/secure.gravatar.com\/avatar\/68cfafa5f44617fea54071e215026e0ff06be366c3d54a8425f04fdcb86f8c5f?s=96&d=mm&r=g\",\"url\":\"https:\/\/secure.gravatar.com\/avatar\/68cfafa5f44617fea54071e215026e0ff06be366c3d54a8425f04fdcb86f8c5f?s=96&d=mm&r=g\",\"contentUrl\":\"https:\/\/secure.gravatar.com\/avatar\/68cfafa5f44617fea54071e215026e0ff06be366c3d54a8425f04fdcb86f8c5f?s=96&d=mm&r=g\",\"caption\":\"@sscc\"},\"url\":\"https:\/\/www.padreeustaquio.com.br\/en\/author\/sscc\/\"}]}<\/script>\n<!-- \/ Yoast SEO plugin. -->","yoast_head_json":{"title":"Sanctuary maintains social work amidst the pandemic - Father Eust\u00e1quio","robots":{"index":"index","follow":"follow","max-snippet":"max-snippet:-1","max-image-preview":"max-image-preview:large","max-video-preview":"max-video-preview:-1"},"canonical":"https:\/\/www.padreeustaquio.com.br\/en\/4186-2\/","og_locale":"en_US","og_type":"article","og_title":"Santu\u00e1rio mant\u00e9m trabalho social em meio a pandemia - Padre Eust\u00e1quio","og_description":"Al\u00e9m do desafio das transmiss\u00f5es pela internet, das celebra\u00e7\u00f5es realizadas no Santu\u00e1rio Sa\u00fade e Paz, outra quest\u00e3o que veio a tona foi o auxilio que a par\u00f3quia d\u00e1 para as mais de 100 fam\u00edlias atendidas mensalmente, pelas Damas da Caridade e as 260 crian\u00e7as da Creche Padre Eust\u00e1quio. Al\u00e9m destes atendidos habitualmente a igreja passou a se organizar para atender as novas fam\u00edlias de desempregados, moradores de rua e trabalhadores informais que, com as medidas de isolamento social, ficaram sem ganhos. Diante da impossibilidade das senhoras idosas, que tradicionalmente s\u00e3o as respons\u00e1veis pelo acolhimento e distribui\u00e7\u00e3o de alimentos e outras [&hellip;]","og_url":"https:\/\/www.padreeustaquio.com.br\/en\/4186-2\/","og_site_name":"Padre Eust\u00e1quio","article_publisher":"https:\/\/www.facebook.com\/beatopadreeustaquio\/","article_published_time":"2020-05-09T12:42:13+00:00","og_image":[{"width":4128,"height":2322,"url":"https:\/\/www.padreeustaquio.com.br\/wp-content\/uploads\/2020\/05\/ANTONIEL-M\u00c1SCARAS1.jpeg","type":"image\/jpeg"}],"author":"@sscc","twitter_card":"summary_large_image","twitter_creator":"@beatopeustaquio","twitter_site":"@beatopeustaquio","twitter_misc":{"Written by":"@sscc","Est. reading time":"2 minutes"},"schema":{"@context":"https:\/\/schema.org","@graph":[{"@type":"Article","@id":"https:\/\/www.padreeustaquio.com.br\/4186-2\/#article","isPartOf":{"@id":"https:\/\/www.padreeustaquio.com.br\/4186-2\/"},"author":{"name":"@sscc","@id":"https:\/\/www.padreeustaquio.com.br\/#\/schema\/person\/a2a51db1d00f1a7af0204a0f1ddb1566"},"headline":"Santu\u00e1rio mant\u00e9m trabalho social em meio a pandemia","datePublished":"2020-05-09T12:42:13+00:00","mainEntityOfPage":{"@id":"https:\/\/www.padreeustaquio.com.br\/4186-2\/"},"wordCount":344,"commentCount":0,"publisher":{"@id":"https:\/\/www.padreeustaquio.com.br\/#organization"},"image":{"@id":"https:\/\/www.padreeustaquio.com.br\/4186-2\/#primaryimage"},"thumbnailUrl":"https:\/\/www.padreeustaquio.com.br\/wp-content\/uploads\/2020\/05\/ANTONIEL-M\u00c1SCARAS1.jpeg","articleSection":["Not\u00edcias"],"inLanguage":"en-US","potentialAction":[{"@type":"CommentAction","name":"Comment","target":["https:\/\/www.padreeustaquio.com.br\/4186-2\/#respond"]}]},{"@type":"WebPage","@id":"https:\/\/www.padreeustaquio.com.br\/4186-2\/","url":"https:\/\/www.padreeustaquio.com.br\/4186-2\/","name":"Sanctuary maintains social work amidst the pandemic - Father Eust\u00e1quio","isPartOf":{"@id":"https:\/\/www.padreeustaquio.com.br\/#website"},"primaryImageOfPage":{"@id":"https:\/\/www.padreeustaquio.com.br\/4186-2\/#primaryimage"},"image":{"@id":"https:\/\/www.padreeustaquio.com.br\/4186-2\/#primaryimage"},"thumbnailUrl":"https:\/\/www.padreeustaquio.com.br\/wp-content\/uploads\/2020\/05\/ANTONIEL-M\u00c1SCARAS1.jpeg","datePublished":"2020-05-09T12:42:13+00:00","breadcrumb":{"@id":"https:\/\/www.padreeustaquio.com.br\/4186-2\/#breadcrumb"},"inLanguage":"en-US","potentialAction":[{"@type":"ReadAction","target":["https:\/\/www.padreeustaquio.com.br\/4186-2\/"]}]},{"@type":"ImageObject","inLanguage":"en-US","@id":"https:\/\/www.padreeustaquio.com.br\/4186-2\/#primaryimage","url":"https:\/\/www.padreeustaquio.com.br\/wp-content\/uploads\/2020\/05\/ANTONIEL-M\u00c1SCARAS1.jpeg","contentUrl":"https:\/\/www.padreeustaquio.com.br\/wp-content\/uploads\/2020\/05\/ANTONIEL-M\u00c1SCARAS1.jpeg","width":4128,"height":2322},{"@type":"BreadcrumbList","@id":"https:\/\/www.padreeustaquio.com.br\/4186-2\/#breadcrumb","itemListElement":[{"@type":"ListItem","position":1,"name":"In\u00edcio","item":"https:\/\/www.padreeustaquio.com.br\/"},{"@type":"ListItem","position":2,"name":"Santu\u00e1rio mant\u00e9m trabalho social em meio a pandemia"}]},{"@type":"WebSite","@id":"https:\/\/www.padreeustaquio.com.br\/#website","url":"https:\/\/www.padreeustaquio.com.br\/","name":"FATHER EUST\u00c1QUIO","description":"Health and Peace","publisher":{"@id":"https:\/\/www.padreeustaquio.com.br\/#organization"},"potentialAction":[{"@type":"SearchAction","target":{"@type":"EntryPoint","urlTemplate":"https:\/\/www.padreeustaquio.com.br\/?s={search_term_string}"},"query-input":{"@type":"PropertyValueSpecification","valueRequired":true,"valueName":"search_term_string"}}],"inLanguage":"en-US"},{"@type":"Organization","@id":"https:\/\/www.padreeustaquio.com.br\/#organization","name":"FATHER EUST\u00c1QUIO","url":"https:\/\/www.padreeustaquio.com.br\/","logo":{"@type":"ImageObject","inLanguage":"en-US","@id":"https:\/\/www.padreeustaquio.com.br\/#\/schema\/logo\/image\/","url":"https:\/\/www.padreeustaquio.com.br\/wp-content\/uploads\/2019\/08\/marca.png","contentUrl":"https:\/\/www.padreeustaquio.com.br\/wp-content\/uploads\/2019\/08\/marca.png","width":350,"height":400,"caption":"Padre Eust\u00e1quio"},"image":{"@id":"https:\/\/www.padreeustaquio.com.br\/#\/schema\/logo\/image\/"},"sameAs":["https:\/\/www.facebook.com\/beatopadreeustaquio\/","https:\/\/x.com\/beatopeustaquio","https:\/\/www.instagram.com\/beatopadreeustaquio\/","https:\/\/www.youtube.com\/channel\/UCRhw7vfabnajwLxb1ZXMeIw"]},{"@type":"Person","@id":"https:\/\/www.padreeustaquio.com.br\/#\/schema\/person\/a2a51db1d00f1a7af0204a0f1ddb1566","name":"@sscc","image":{"@type":"ImageObject","inLanguage":"en-US","@id":"https:\/\/secure.gravatar.com\/avatar\/68cfafa5f44617fea54071e215026e0ff06be366c3d54a8425f04fdcb86f8c5f?s=96&d=mm&r=g","url":"https:\/\/secure.gravatar.com\/avatar\/68cfafa5f44617fea54071e215026e0ff06be366c3d54a8425f04fdcb86f8c5f?s=96&d=mm&r=g","contentUrl":"https:\/\/secure.gravatar.com\/avatar\/68cfafa5f44617fea54071e215026e0ff06be366c3d54a8425f04fdcb86f8c5f?s=96&d=mm&r=g","caption":"@sscc"},"url":"https:\/\/www.padreeustaquio.com.br\/en\/author\/sscc\/"}]}},"_links":{"self":[{"href":"https:\/\/www.padreeustaquio.com.br\/en\/wp-json\/wp\/v2\/posts\/4186","targetHints":{"allow":["GET"]}}],"collection":[{"href":"https:\/\/www.padreeustaquio.com.br\/en\/wp-json\/wp\/v2\/posts"}],"about":[{"href":"https:\/\/www.padreeustaquio.com.br\/en\/wp-json\/wp\/v2\/types\/post"}],"author":[{"embeddable":true,"href":"https:\/\/www.padreeustaquio.com.br\/en\/wp-json\/wp\/v2\/users\/2"}],"replies":[{"embeddable":true,"href":"https:\/\/www.padreeustaquio.com.br\/en\/wp-json\/wp\/v2\/comments?post=4186"}],"version-history":[{"count":0,"href":"https:\/\/www.padreeustaquio.com.br\/en\/wp-json\/wp\/v2\/posts\/4186\/revisions"}],"wp:featuredmedia":[{"embeddable":true,"href":"https:\/\/www.padreeustaquio.com.br\/en\/wp-json\/wp\/v2\/media\/4187"}],"wp:attachment":[{"href":"https:\/\/www.padreeustaquio.com.br\/en\/wp-json\/wp\/v2\/media?parent=4186"}],"wp:term":[{"taxonomy":"category","embeddable":true,"href":"https:\/\/www.padreeustaquio.com.br\/en\/wp-json\/wp\/v2\/categories?post=4186"},{"taxonomy":"post_tag","embeddable":true,"href":"https:\/\/www.padreeustaquio.com.br\/en\/wp-json\/wp\/v2\/tags?post=4186"}],"curies":[{"name":"wp","href":"https:\/\/api.w.org\/{rel}","templated":true}]}}