{"id":3961,"date":"2020-02-24T07:35:05","date_gmt":"2020-02-24T10:35:05","guid":{"rendered":"https:\/\/www.padreeustaquio.com.br\/?p=3961"},"modified":"2020-02-24T07:35:05","modified_gmt":"2020-02-24T10:35:05","slug":"family-week-program-at-the-sanctuary-of-health-and-peace-march-14-21","status":"publish","type":"post","link":"https:\/\/www.padreeustaquio.com.br\/en\/family-week-program-at-the-sanctuary-of-health-and-peace-march-14-21\/","title":{"rendered":"Family Week program at the Sanctuary of Health and Peace, March 14-21."},"content":{"rendered":"<p>In March, the Sanctuary of Health and Peace will host a week dedicated to families. From the 14th to the 21st, masses, rosaries, moments of reflection and reconciliation will be part of the schedule of activities.<\/p>\n<p>This year, the program will have the theme: &quot;Family, House of the Word,&quot; and to experience this theme more intensely, teams will visit the homes of sick and elderly people during the months of March and April.<\/p>\n<p>Under the motto: \u201cAs for me and my house, we will serve the Lord\u201d (Joshua 24:15), activities begin on Saturday at 2 PM with the opening of the Catechesis year. On March 19th, Saint Joseph&#039;s Day, there will be the recitation of the rosary, Mass, and a candlelight procession. The program concludes on the 21st with a Cultural Evening. From Monday to Saturday, a beautiful small chapel of the Holy Family will be raffled off.<\/p>\n<p>Check out the full schedule and come celebrate with us with your family:<\/p>\n<p>&nbsp;<\/p>\n<p><strong>SSCC FAMILY WEEK PROGRAM \u2013 2020<\/strong><\/p>\n<p><strong>\u00a0<\/strong><strong><em>\u2013 14\/03 \u2013 Saturday:<\/em><\/strong><\/p>\n<p>\u2013 2 PM Mass with the children and opening of the catechism year<\/p>\n<p>\u2013 3:30 PM Recreational time with families (games and scavenger hunt)<\/p>\n<p>Mass at 6 PM<\/p>\n<p>&nbsp;<\/p>\n<p><strong><em>\u2013 15\/03 \u2013 Sunday:<\/em><\/strong><\/p>\n<p>Masses at the usual times: 7:00 AM, 8:30 AM, 10:00 AM, 6:00 PM and 7:30 PM<\/p>\n<p>&nbsp;<\/p>\n<p><strong><em>\u2013 16\/03 \u2013 Monday:<\/em><\/strong><\/p>\n<p>\u2013 6:30 PM Marian Rosary<\/p>\n<p>\u2013 7 PM Penitential Mass and preparation for the Sacrament of Confession<\/p>\n<p>&nbsp;<\/p>\n<p><strong><em>\u2013 17\/03 \u2013 Tuesday:<\/em><\/strong><\/p>\n<p>\u2013 6:30 PM Marian Rosary<\/p>\n<p>7pm Mass<\/p>\n<p>\u2013 7:30 PM Reconciliation Day<\/p>\n<p>&nbsp;<\/p>\n<p><strong><em>\u2013 18\/03 \u2013 Wednesday:<\/em><\/strong><\/p>\n<p>\u2013 6:30 PM Marian Rosary<\/p>\n<p>\u2013 7 PM Mass \u2013 Followed by a motivational session on family prayer and the spirituality of the rosary with Father Silvano.<\/p>\n<p>&nbsp;<\/p>\n<p><strong><em>\u2013 19\/03 \u2013 Thursday \u2013 Saint Joseph&#039;s Day:<\/em><\/strong><\/p>\n<p>\u2013 6:30 PM Rosary of Saint Joseph<\/p>\n<p>\u2013 7pm Mass and candlelight procession<\/p>\n<p>&nbsp;<\/p>\n<p><strong><em>\u2013 20\/03 \u2013 Friday:<\/em><\/strong><\/p>\n<p>\u2013 6:30 PM Marian Rosary<\/p>\n<p>\u2013 7 PM Mass \u2013 Followed by testimony from the couple Francisco and V\u00e2nia \u2013 Casa da Palavra Family<\/p>\n<p>&nbsp;<\/p>\n<p><strong><em>\u2013 21\/03 \u2013 Saturday:<\/em><\/strong><\/p>\n<p>\u2013 5 PM human rosary in the square<\/p>\n<p>\u2013 6 PM Closing Mass \u2013 followed by a cultural evening.<\/p>\n<p>&nbsp;<\/p>\n<p><strong>Source: SSCC Family Ministry<\/strong><\/p>","protected":false},"excerpt":{"rendered":"<p>Em mar\u00e7o o Santu\u00e1rio da Sa\u00fade e da Paz vai promover uma semana inteira dedicada \u00e0 fam\u00edlia. Do dia 14 ao dia 21, missas, ter\u00e7os, momentos de reflex\u00e3o e reconcilia\u00e7\u00e3o far\u00e3o parte do cronograma de atividades. Este ano, a programa\u00e7\u00e3o ter\u00e1 com o tema: \u201cFam\u00edlia, casa da Palavra\u201d e, para viver de forma mais intensa este tema proposto, \u00a0equipes ir\u00e3o fazer visitas \u00e0s resid\u00eancias com pessoas enfermas e idosas durante os meses de mar\u00e7o e abril. Sob o lema: \u201cEu e minha casa serviremos ao Senhor\u201d (Josu\u00e9 24, 15) as atividades come\u00e7am no s\u00e1bado, \u00e0s 14h com a abertura do [&hellip;]<\/p>\n","protected":false},"author":2,"featured_media":3962,"comment_status":"open","ping_status":"open","sticky":false,"template":"","format":"standard","meta":{"_acf_changed":false,"footnotes":""},"categories":[611],"tags":[],"class_list":["post-3961","post","type-post","status-publish","format-standard","has-post-thumbnail","hentry","category-noticias"],"acf":[],"yoast_head":"<!-- This site is optimized with the Yoast SEO plugin v27.2 - https:\/\/yoast.com\/product\/yoast-seo-wordpress\/ -->\n<title>Programa\u00e7\u00e3o da Semana da Fam\u00edlia no Santu\u00e1rio da Sa\u00fade e da Paz, de 14 a 21 de mar\u00e7o - Padre Eust\u00e1quio<\/title>\n<meta name=\"robots\" content=\"index, follow, max-snippet:-1, max-image-preview:large, max-video-preview:-1\" \/>\n<link rel=\"canonical\" href=\"https:\/\/www.padreeustaquio.com.br\/en\/family-week-program-at-the-sanctuary-of-health-and-peace-march-14-21\/\" \/>\n<meta property=\"og:locale\" content=\"en_US\" \/>\n<meta property=\"og:type\" content=\"article\" \/>\n<meta property=\"og:title\" content=\"Programa\u00e7\u00e3o da Semana da Fam\u00edlia no Santu\u00e1rio da Sa\u00fade e da Paz, de 14 a 21 de mar\u00e7o - Padre Eust\u00e1quio\" \/>\n<meta property=\"og:description\" content=\"Em mar\u00e7o o Santu\u00e1rio da Sa\u00fade e da Paz vai promover uma semana inteira dedicada \u00e0 fam\u00edlia. Do dia 14 ao dia 21, missas, ter\u00e7os, momentos de reflex\u00e3o e reconcilia\u00e7\u00e3o far\u00e3o parte do cronograma de atividades. Este ano, a programa\u00e7\u00e3o ter\u00e1 com o tema: \u201cFam\u00edlia, casa da Palavra\u201d e, para viver de forma mais intensa este tema proposto, \u00a0equipes ir\u00e3o fazer visitas \u00e0s resid\u00eancias com pessoas enfermas e idosas durante os meses de mar\u00e7o e abril. Sob o lema: \u201cEu e minha casa serviremos ao Senhor\u201d (Josu\u00e9 24, 15) as atividades come\u00e7am no s\u00e1bado, \u00e0s 14h com a abertura do [&hellip;]\" \/>\n<meta property=\"og:url\" content=\"https:\/\/www.padreeustaquio.com.br\/en\/family-week-program-at-the-sanctuary-of-health-and-peace-march-14-21\/\" \/>\n<meta property=\"og:site_name\" content=\"Padre Eust\u00e1quio\" \/>\n<meta property=\"article:publisher\" content=\"https:\/\/www.facebook.com\/beatopadreeustaquio\/\" \/>\n<meta property=\"article:published_time\" content=\"2020-02-24T10:35:05+00:00\" \/>\n<meta property=\"og:image\" content=\"https:\/\/www.padreeustaquio.com.br\/wp-content\/uploads\/2020\/02\/Sagrada-Familia.png\" \/>\n\t<meta property=\"og:image:width\" content=\"800\" \/>\n\t<meta property=\"og:image:height\" content=\"450\" \/>\n\t<meta property=\"og:image:type\" content=\"image\/png\" \/>\n<meta name=\"author\" content=\"@sscc\" \/>\n<meta name=\"twitter:card\" content=\"summary_large_image\" \/>\n<meta name=\"twitter:creator\" content=\"@beatopeustaquio\" \/>\n<meta name=\"twitter:site\" content=\"@beatopeustaquio\" \/>\n<meta name=\"twitter:label1\" content=\"Written by\" \/>\n\t<meta name=\"twitter:data1\" content=\"@sscc\" \/>\n\t<meta name=\"twitter:label2\" content=\"Est. reading time\" \/>\n\t<meta name=\"twitter:data2\" content=\"2 minutes\" \/>\n<script type=\"application\/ld+json\" class=\"yoast-schema-graph\">{\"@context\":\"https:\/\/schema.org\",\"@graph\":[{\"@type\":\"Article\",\"@id\":\"https:\/\/www.padreeustaquio.com.br\/programacao-da-semana-da-familia-no-santuario-da-saude-e-da-paz-de-14-a-21-de-marco\/#article\",\"isPartOf\":{\"@id\":\"https:\/\/www.padreeustaquio.com.br\/programacao-da-semana-da-familia-no-santuario-da-saude-e-da-paz-de-14-a-21-de-marco\/\"},\"author\":{\"name\":\"@sscc\",\"@id\":\"https:\/\/www.padreeustaquio.com.br\/#\/schema\/person\/a2a51db1d00f1a7af0204a0f1ddb1566\"},\"headline\":\"Programa\u00e7\u00e3o da Semana da Fam\u00edlia no Santu\u00e1rio da Sa\u00fade e da Paz, de 14 a 21 de mar\u00e7o\",\"datePublished\":\"2020-02-24T10:35:05+00:00\",\"mainEntityOfPage\":{\"@id\":\"https:\/\/www.padreeustaquio.com.br\/programacao-da-semana-da-familia-no-santuario-da-saude-e-da-paz-de-14-a-21-de-marco\/\"},\"wordCount\":396,\"commentCount\":0,\"publisher\":{\"@id\":\"https:\/\/www.padreeustaquio.com.br\/#organization\"},\"image\":{\"@id\":\"https:\/\/www.padreeustaquio.com.br\/programacao-da-semana-da-familia-no-santuario-da-saude-e-da-paz-de-14-a-21-de-marco\/#primaryimage\"},\"thumbnailUrl\":\"https:\/\/www.padreeustaquio.com.br\/wp-content\/uploads\/2020\/02\/Sagrada-Familia.png\",\"articleSection\":[\"Not\u00edcias\"],\"inLanguage\":\"en-US\",\"potentialAction\":[{\"@type\":\"CommentAction\",\"name\":\"Comment\",\"target\":[\"https:\/\/www.padreeustaquio.com.br\/programacao-da-semana-da-familia-no-santuario-da-saude-e-da-paz-de-14-a-21-de-marco\/#respond\"]}]},{\"@type\":\"WebPage\",\"@id\":\"https:\/\/www.padreeustaquio.com.br\/programacao-da-semana-da-familia-no-santuario-da-saude-e-da-paz-de-14-a-21-de-marco\/\",\"url\":\"https:\/\/www.padreeustaquio.com.br\/programacao-da-semana-da-familia-no-santuario-da-saude-e-da-paz-de-14-a-21-de-marco\/\",\"name\":\"Programa\u00e7\u00e3o da Semana da Fam\u00edlia no Santu\u00e1rio da Sa\u00fade e da Paz, de 14 a 21 de mar\u00e7o - Padre Eust\u00e1quio\",\"isPartOf\":{\"@id\":\"https:\/\/www.padreeustaquio.com.br\/#website\"},\"primaryImageOfPage\":{\"@id\":\"https:\/\/www.padreeustaquio.com.br\/programacao-da-semana-da-familia-no-santuario-da-saude-e-da-paz-de-14-a-21-de-marco\/#primaryimage\"},\"image\":{\"@id\":\"https:\/\/www.padreeustaquio.com.br\/programacao-da-semana-da-familia-no-santuario-da-saude-e-da-paz-de-14-a-21-de-marco\/#primaryimage\"},\"thumbnailUrl\":\"https:\/\/www.padreeustaquio.com.br\/wp-content\/uploads\/2020\/02\/Sagrada-Familia.png\",\"datePublished\":\"2020-02-24T10:35:05+00:00\",\"breadcrumb\":{\"@id\":\"https:\/\/www.padreeustaquio.com.br\/programacao-da-semana-da-familia-no-santuario-da-saude-e-da-paz-de-14-a-21-de-marco\/#breadcrumb\"},\"inLanguage\":\"en-US\",\"potentialAction\":[{\"@type\":\"ReadAction\",\"target\":[\"https:\/\/www.padreeustaquio.com.br\/programacao-da-semana-da-familia-no-santuario-da-saude-e-da-paz-de-14-a-21-de-marco\/\"]}]},{\"@type\":\"ImageObject\",\"inLanguage\":\"en-US\",\"@id\":\"https:\/\/www.padreeustaquio.com.br\/programacao-da-semana-da-familia-no-santuario-da-saude-e-da-paz-de-14-a-21-de-marco\/#primaryimage\",\"url\":\"https:\/\/www.padreeustaquio.com.br\/wp-content\/uploads\/2020\/02\/Sagrada-Familia.png\",\"contentUrl\":\"https:\/\/www.padreeustaquio.com.br\/wp-content\/uploads\/2020\/02\/Sagrada-Familia.png\",\"width\":800,\"height\":450},{\"@type\":\"BreadcrumbList\",\"@id\":\"https:\/\/www.padreeustaquio.com.br\/programacao-da-semana-da-familia-no-santuario-da-saude-e-da-paz-de-14-a-21-de-marco\/#breadcrumb\",\"itemListElement\":[{\"@type\":\"ListItem\",\"position\":1,\"name\":\"In\u00edcio\",\"item\":\"https:\/\/www.padreeustaquio.com.br\/\"},{\"@type\":\"ListItem\",\"position\":2,\"name\":\"Programa\u00e7\u00e3o da Semana da Fam\u00edlia no Santu\u00e1rio da Sa\u00fade e da Paz, de 14 a 21 de mar\u00e7o\"}]},{\"@type\":\"WebSite\",\"@id\":\"https:\/\/www.padreeustaquio.com.br\/#website\",\"url\":\"https:\/\/www.padreeustaquio.com.br\/\",\"name\":\"Padre Eust\u00e1quio\",\"description\":\"Sa\u00fade e Paz\",\"publisher\":{\"@id\":\"https:\/\/www.padreeustaquio.com.br\/#organization\"},\"potentialAction\":[{\"@type\":\"SearchAction\",\"target\":{\"@type\":\"EntryPoint\",\"urlTemplate\":\"https:\/\/www.padreeustaquio.com.br\/?s={search_term_string}\"},\"query-input\":{\"@type\":\"PropertyValueSpecification\",\"valueRequired\":true,\"valueName\":\"search_term_string\"}}],\"inLanguage\":\"en-US\"},{\"@type\":\"Organization\",\"@id\":\"https:\/\/www.padreeustaquio.com.br\/#organization\",\"name\":\"Padre Eust\u00e1quio\",\"url\":\"https:\/\/www.padreeustaquio.com.br\/\",\"logo\":{\"@type\":\"ImageObject\",\"inLanguage\":\"en-US\",\"@id\":\"https:\/\/www.padreeustaquio.com.br\/#\/schema\/logo\/image\/\",\"url\":\"https:\/\/www.padreeustaquio.com.br\/wp-content\/uploads\/2019\/08\/marca.png\",\"contentUrl\":\"https:\/\/www.padreeustaquio.com.br\/wp-content\/uploads\/2019\/08\/marca.png\",\"width\":350,\"height\":400,\"caption\":\"Padre Eust\u00e1quio\"},\"image\":{\"@id\":\"https:\/\/www.padreeustaquio.com.br\/#\/schema\/logo\/image\/\"},\"sameAs\":[\"https:\/\/www.facebook.com\/beatopadreeustaquio\/\",\"https:\/\/x.com\/beatopeustaquio\",\"https:\/\/www.instagram.com\/beatopadreeustaquio\/\",\"https:\/\/www.youtube.com\/channel\/UCRhw7vfabnajwLxb1ZXMeIw\"]},{\"@type\":\"Person\",\"@id\":\"https:\/\/www.padreeustaquio.com.br\/#\/schema\/person\/a2a51db1d00f1a7af0204a0f1ddb1566\",\"name\":\"@sscc\",\"image\":{\"@type\":\"ImageObject\",\"inLanguage\":\"en-US\",\"@id\":\"https:\/\/secure.gravatar.com\/avatar\/68cfafa5f44617fea54071e215026e0ff06be366c3d54a8425f04fdcb86f8c5f?s=96&d=mm&r=g\",\"url\":\"https:\/\/secure.gravatar.com\/avatar\/68cfafa5f44617fea54071e215026e0ff06be366c3d54a8425f04fdcb86f8c5f?s=96&d=mm&r=g\",\"contentUrl\":\"https:\/\/secure.gravatar.com\/avatar\/68cfafa5f44617fea54071e215026e0ff06be366c3d54a8425f04fdcb86f8c5f?s=96&d=mm&r=g\",\"caption\":\"@sscc\"},\"url\":\"https:\/\/www.padreeustaquio.com.br\/en\/author\/sscc\/\"}]}<\/script>\n<!-- \/ Yoast SEO plugin. -->","yoast_head_json":{"title":"Family Week program at the Sanctuary of Health and Peace, March 14-21 - Father Eust\u00e1quio","robots":{"index":"index","follow":"follow","max-snippet":"max-snippet:-1","max-image-preview":"max-image-preview:large","max-video-preview":"max-video-preview:-1"},"canonical":"https:\/\/www.padreeustaquio.com.br\/en\/family-week-program-at-the-sanctuary-of-health-and-peace-march-14-21\/","og_locale":"en_US","og_type":"article","og_title":"Programa\u00e7\u00e3o da Semana da Fam\u00edlia no Santu\u00e1rio da Sa\u00fade e da Paz, de 14 a 21 de mar\u00e7o - Padre Eust\u00e1quio","og_description":"Em mar\u00e7o o Santu\u00e1rio da Sa\u00fade e da Paz vai promover uma semana inteira dedicada \u00e0 fam\u00edlia. Do dia 14 ao dia 21, missas, ter\u00e7os, momentos de reflex\u00e3o e reconcilia\u00e7\u00e3o far\u00e3o parte do cronograma de atividades. Este ano, a programa\u00e7\u00e3o ter\u00e1 com o tema: \u201cFam\u00edlia, casa da Palavra\u201d e, para viver de forma mais intensa este tema proposto, \u00a0equipes ir\u00e3o fazer visitas \u00e0s resid\u00eancias com pessoas enfermas e idosas durante os meses de mar\u00e7o e abril. Sob o lema: \u201cEu e minha casa serviremos ao Senhor\u201d (Josu\u00e9 24, 15) as atividades come\u00e7am no s\u00e1bado, \u00e0s 14h com a abertura do [&hellip;]","og_url":"https:\/\/www.padreeustaquio.com.br\/en\/family-week-program-at-the-sanctuary-of-health-and-peace-march-14-21\/","og_site_name":"Padre Eust\u00e1quio","article_publisher":"https:\/\/www.facebook.com\/beatopadreeustaquio\/","article_published_time":"2020-02-24T10:35:05+00:00","og_image":[{"width":800,"height":450,"url":"https:\/\/www.padreeustaquio.com.br\/wp-content\/uploads\/2020\/02\/Sagrada-Familia.png","type":"image\/png"}],"author":"@sscc","twitter_card":"summary_large_image","twitter_creator":"@beatopeustaquio","twitter_site":"@beatopeustaquio","twitter_misc":{"Written by":"@sscc","Est. reading time":"2 minutes"},"schema":{"@context":"https:\/\/schema.org","@graph":[{"@type":"Article","@id":"https:\/\/www.padreeustaquio.com.br\/programacao-da-semana-da-familia-no-santuario-da-saude-e-da-paz-de-14-a-21-de-marco\/#article","isPartOf":{"@id":"https:\/\/www.padreeustaquio.com.br\/programacao-da-semana-da-familia-no-santuario-da-saude-e-da-paz-de-14-a-21-de-marco\/"},"author":{"name":"@sscc","@id":"https:\/\/www.padreeustaquio.com.br\/#\/schema\/person\/a2a51db1d00f1a7af0204a0f1ddb1566"},"headline":"Programa\u00e7\u00e3o da Semana da Fam\u00edlia no Santu\u00e1rio da Sa\u00fade e da Paz, de 14 a 21 de mar\u00e7o","datePublished":"2020-02-24T10:35:05+00:00","mainEntityOfPage":{"@id":"https:\/\/www.padreeustaquio.com.br\/programacao-da-semana-da-familia-no-santuario-da-saude-e-da-paz-de-14-a-21-de-marco\/"},"wordCount":396,"commentCount":0,"publisher":{"@id":"https:\/\/www.padreeustaquio.com.br\/#organization"},"image":{"@id":"https:\/\/www.padreeustaquio.com.br\/programacao-da-semana-da-familia-no-santuario-da-saude-e-da-paz-de-14-a-21-de-marco\/#primaryimage"},"thumbnailUrl":"https:\/\/www.padreeustaquio.com.br\/wp-content\/uploads\/2020\/02\/Sagrada-Familia.png","articleSection":["Not\u00edcias"],"inLanguage":"en-US","potentialAction":[{"@type":"CommentAction","name":"Comment","target":["https:\/\/www.padreeustaquio.com.br\/programacao-da-semana-da-familia-no-santuario-da-saude-e-da-paz-de-14-a-21-de-marco\/#respond"]}]},{"@type":"WebPage","@id":"https:\/\/www.padreeustaquio.com.br\/programacao-da-semana-da-familia-no-santuario-da-saude-e-da-paz-de-14-a-21-de-marco\/","url":"https:\/\/www.padreeustaquio.com.br\/programacao-da-semana-da-familia-no-santuario-da-saude-e-da-paz-de-14-a-21-de-marco\/","name":"Family Week program at the Sanctuary of Health and Peace, March 14-21 - Father Eust\u00e1quio","isPartOf":{"@id":"https:\/\/www.padreeustaquio.com.br\/#website"},"primaryImageOfPage":{"@id":"https:\/\/www.padreeustaquio.com.br\/programacao-da-semana-da-familia-no-santuario-da-saude-e-da-paz-de-14-a-21-de-marco\/#primaryimage"},"image":{"@id":"https:\/\/www.padreeustaquio.com.br\/programacao-da-semana-da-familia-no-santuario-da-saude-e-da-paz-de-14-a-21-de-marco\/#primaryimage"},"thumbnailUrl":"https:\/\/www.padreeustaquio.com.br\/wp-content\/uploads\/2020\/02\/Sagrada-Familia.png","datePublished":"2020-02-24T10:35:05+00:00","breadcrumb":{"@id":"https:\/\/www.padreeustaquio.com.br\/programacao-da-semana-da-familia-no-santuario-da-saude-e-da-paz-de-14-a-21-de-marco\/#breadcrumb"},"inLanguage":"en-US","potentialAction":[{"@type":"ReadAction","target":["https:\/\/www.padreeustaquio.com.br\/programacao-da-semana-da-familia-no-santuario-da-saude-e-da-paz-de-14-a-21-de-marco\/"]}]},{"@type":"ImageObject","inLanguage":"en-US","@id":"https:\/\/www.padreeustaquio.com.br\/programacao-da-semana-da-familia-no-santuario-da-saude-e-da-paz-de-14-a-21-de-marco\/#primaryimage","url":"https:\/\/www.padreeustaquio.com.br\/wp-content\/uploads\/2020\/02\/Sagrada-Familia.png","contentUrl":"https:\/\/www.padreeustaquio.com.br\/wp-content\/uploads\/2020\/02\/Sagrada-Familia.png","width":800,"height":450},{"@type":"BreadcrumbList","@id":"https:\/\/www.padreeustaquio.com.br\/programacao-da-semana-da-familia-no-santuario-da-saude-e-da-paz-de-14-a-21-de-marco\/#breadcrumb","itemListElement":[{"@type":"ListItem","position":1,"name":"In\u00edcio","item":"https:\/\/www.padreeustaquio.com.br\/"},{"@type":"ListItem","position":2,"name":"Programa\u00e7\u00e3o da Semana da Fam\u00edlia no Santu\u00e1rio da Sa\u00fade e da Paz, de 14 a 21 de mar\u00e7o"}]},{"@type":"WebSite","@id":"https:\/\/www.padreeustaquio.com.br\/#website","url":"https:\/\/www.padreeustaquio.com.br\/","name":"FATHER EUST\u00c1QUIO","description":"Health and Peace","publisher":{"@id":"https:\/\/www.padreeustaquio.com.br\/#organization"},"potentialAction":[{"@type":"SearchAction","target":{"@type":"EntryPoint","urlTemplate":"https:\/\/www.padreeustaquio.com.br\/?s={search_term_string}"},"query-input":{"@type":"PropertyValueSpecification","valueRequired":true,"valueName":"search_term_string"}}],"inLanguage":"en-US"},{"@type":"Organization","@id":"https:\/\/www.padreeustaquio.com.br\/#organization","name":"FATHER EUST\u00c1QUIO","url":"https:\/\/www.padreeustaquio.com.br\/","logo":{"@type":"ImageObject","inLanguage":"en-US","@id":"https:\/\/www.padreeustaquio.com.br\/#\/schema\/logo\/image\/","url":"https:\/\/www.padreeustaquio.com.br\/wp-content\/uploads\/2019\/08\/marca.png","contentUrl":"https:\/\/www.padreeustaquio.com.br\/wp-content\/uploads\/2019\/08\/marca.png","width":350,"height":400,"caption":"Padre Eust\u00e1quio"},"image":{"@id":"https:\/\/www.padreeustaquio.com.br\/#\/schema\/logo\/image\/"},"sameAs":["https:\/\/www.facebook.com\/beatopadreeustaquio\/","https:\/\/x.com\/beatopeustaquio","https:\/\/www.instagram.com\/beatopadreeustaquio\/","https:\/\/www.youtube.com\/channel\/UCRhw7vfabnajwLxb1ZXMeIw"]},{"@type":"Person","@id":"https:\/\/www.padreeustaquio.com.br\/#\/schema\/person\/a2a51db1d00f1a7af0204a0f1ddb1566","name":"@sscc","image":{"@type":"ImageObject","inLanguage":"en-US","@id":"https:\/\/secure.gravatar.com\/avatar\/68cfafa5f44617fea54071e215026e0ff06be366c3d54a8425f04fdcb86f8c5f?s=96&d=mm&r=g","url":"https:\/\/secure.gravatar.com\/avatar\/68cfafa5f44617fea54071e215026e0ff06be366c3d54a8425f04fdcb86f8c5f?s=96&d=mm&r=g","contentUrl":"https:\/\/secure.gravatar.com\/avatar\/68cfafa5f44617fea54071e215026e0ff06be366c3d54a8425f04fdcb86f8c5f?s=96&d=mm&r=g","caption":"@sscc"},"url":"https:\/\/www.padreeustaquio.com.br\/en\/author\/sscc\/"}]}},"_links":{"self":[{"href":"https:\/\/www.padreeustaquio.com.br\/en\/wp-json\/wp\/v2\/posts\/3961","targetHints":{"allow":["GET"]}}],"collection":[{"href":"https:\/\/www.padreeustaquio.com.br\/en\/wp-json\/wp\/v2\/posts"}],"about":[{"href":"https:\/\/www.padreeustaquio.com.br\/en\/wp-json\/wp\/v2\/types\/post"}],"author":[{"embeddable":true,"href":"https:\/\/www.padreeustaquio.com.br\/en\/wp-json\/wp\/v2\/users\/2"}],"replies":[{"embeddable":true,"href":"https:\/\/www.padreeustaquio.com.br\/en\/wp-json\/wp\/v2\/comments?post=3961"}],"version-history":[{"count":0,"href":"https:\/\/www.padreeustaquio.com.br\/en\/wp-json\/wp\/v2\/posts\/3961\/revisions"}],"wp:featuredmedia":[{"embeddable":true,"href":"https:\/\/www.padreeustaquio.com.br\/en\/wp-json\/wp\/v2\/media\/3962"}],"wp:attachment":[{"href":"https:\/\/www.padreeustaquio.com.br\/en\/wp-json\/wp\/v2\/media?parent=3961"}],"wp:term":[{"taxonomy":"category","embeddable":true,"href":"https:\/\/www.padreeustaquio.com.br\/en\/wp-json\/wp\/v2\/categories?post=3961"},{"taxonomy":"post_tag","embeddable":true,"href":"https:\/\/www.padreeustaquio.com.br\/en\/wp-json\/wp\/v2\/tags?post=3961"}],"curies":[{"name":"wp","href":"https:\/\/api.w.org\/{rel}","templated":true}]}}