{"id":3949,"date":"2020-02-19T07:35:35","date_gmt":"2020-02-19T10:35:35","guid":{"rendered":"https:\/\/www.padreeustaquio.com.br\/?p=3949"},"modified":"2020-02-19T07:35:35","modified_gmt":"2020-02-19T10:35:35","slug":"the-liturgy-team-is-preparing-for-this-years-fraternity-campaign","status":"publish","type":"post","link":"https:\/\/www.padreeustaquio.com.br\/en\/the-liturgy-team-is-preparing-for-this-years-fraternity-campaign\/","title":{"rendered":"The Liturgy Team is preparing for this year&#039;s Fraternity Campaign."},"content":{"rendered":"<p>The members of the Liturgy team of the Sanctuary of Health and Peace met this Monday, the 17th, to reflect on the 2020 Fraternity Campaign. In addition to the training session, the team organized the Lenten program, Ash Wednesday, and Family Week, which will soon be announced here on the website.<\/p>\n<p>The Liturgy team, responsible for praying, reflecting, and organizing the Liturgical-Sacramental life of the Sanctuary, learned about the theme of the Campaign \u2013 \u201cFraternity and life: gift and commitment\u201d \u2013 and this year&#039;s motto: \u201cHe saw, felt compassion, and took care of him.\u201d.<\/p>\n<div id=\"attachment_3951\" style=\"width: 391px\" class=\"wp-caption alignright\"><img fetchpriority=\"high\" decoding=\"async\" aria-describedby=\"caption-attachment-3951\" class=\"wp-image-3951\" src=\"https:\/\/www.padreeustaquio.com.br\/wp-content\/uploads\/2020\/02\/EQUIPE-LITURGIA-2-300x225.jpg\" alt=\"The team meeting was held in one of the halls of the SSCC Community Center.\" width=\"381\" height=\"286\" srcset=\"https:\/\/www.padreeustaquio.com.br\/wp-content\/uploads\/2020\/02\/EQUIPE-LITURGIA-2-300x225.jpg 300w, https:\/\/www.padreeustaquio.com.br\/wp-content\/uploads\/2020\/02\/EQUIPE-LITURGIA-2-768x576.jpg 768w, https:\/\/www.padreeustaquio.com.br\/wp-content\/uploads\/2020\/02\/EQUIPE-LITURGIA-2-180x135.jpg 180w, https:\/\/www.padreeustaquio.com.br\/wp-content\/uploads\/2020\/02\/EQUIPE-LITURGIA-2-400x300.jpg 400w, https:\/\/www.padreeustaquio.com.br\/wp-content\/uploads\/2020\/02\/EQUIPE-LITURGIA-2-600x450.jpg 600w, https:\/\/www.padreeustaquio.com.br\/wp-content\/uploads\/2020\/02\/EQUIPE-LITURGIA-2-800x600.jpg 800w, https:\/\/www.padreeustaquio.com.br\/wp-content\/uploads\/2020\/02\/EQUIPE-LITURGIA-2.jpg 960w\" sizes=\"(max-width: 381px) 100vw, 381px\" \/><p id=\"caption-attachment-3951\" class=\"wp-caption-text\">The team meeting was held in one of the halls of the SSCC Community Center.<\/p><\/div>\n<p><strong>The Fraternity Campaign 2020<\/strong><\/p>\n<p>In addition to being a personal commitment, caring for life is a task to be fulfilled communally. The Lenten conversion proposal of the 2020 Fraternity Campaign (CF 2020), whose theme is &quot;Fraternity and Life: gift and commitment,&quot; can be put into practice through the organization of an animation team in the community, parish, diocese, or region.<\/p>\n<p>The overall goal of CF 2020 is to raise awareness, in the light of God&#039;s Word, of the meaning of life as a Gift and Commitment, which translates into relationships of mutual care among people, families, communities, society, and the planet, our Common Home.<\/p>\n<p>To promote these relationships of mutual care, the core text of the 2020 Fraternity Campaign draws on the term &quot;community-home&quot; from the General Guidelines for the Evangelizing Action of the Church in Brazil (DGAE 2019-2023), indicating that this should be &quot;the place of affection, tenderness, and embrace, of fraternal encounter around the Word and the Eucharist that generate life.&quot; It also indicates that &quot;the community generates life through the proclamation of the Word and the experience of fraternity.&quot;.<\/p>\n<p>The text speaks of the invitation to build community-homes \u2013 missionary ecclesial communities \u2013 that are sent to confront \u201call kinds of exclusion\u201d and to promote concrete actions of solidarity and inclusion. \u201cThis community is called to act in the world as a community that goes out to the human and existential peripheries.\u201d.<\/p>\n<p>&nbsp;<\/p>\n<p><strong>Source: Parish of the Sacred Hearts, BH and CNBB<\/strong><\/p>","protected":false},"excerpt":{"rendered":"<p>Os membros da equipe de Liturgia do Santu\u00e1rio da Sa\u00fade e da Paz se reuniram nessa segunda-feira, 17, para refletir sobre a Campanha da Fraternidade 2020.\u00a0Al\u00e9m do momento de forma\u00e7\u00e3o, a equipe organizou a programa\u00e7\u00e3o da Quaresma, a Quarta-Feira de Cinzas e a Semana da Fam\u00edlia, que, em breve ser\u00e3o divulgados aqui no site. A equipe de Liturgia, respons\u00e1vel por rezar, refletir e organizar a vida Lit\u00fargico-Sacramental do Santu\u00e1rio, conheceu o tema da Campanha &#8211; &#8220;Fraternidade e vida: dom e compromisso&#8221; &#8211; e o lema deste ano: &#8220;Viu, sentiu compaix\u00e3o e cuidou dele&#8221;. A Campanha da Fraternidade 2020 Al\u00e9m de [&hellip;]<\/p>\n","protected":false},"author":2,"featured_media":3950,"comment_status":"open","ping_status":"open","sticky":false,"template":"","format":"standard","meta":{"_acf_changed":false,"footnotes":""},"categories":[611],"tags":[],"class_list":["post-3949","post","type-post","status-publish","format-standard","has-post-thumbnail","hentry","category-noticias"],"acf":[],"yoast_head":"<!-- This site is optimized with the Yoast SEO plugin v27.2 - https:\/\/yoast.com\/product\/yoast-seo-wordpress\/ -->\n<title>Equipe de Liturgia se prepara para a Campanha da Fraternidade deste ano - Padre Eust\u00e1quio<\/title>\n<meta name=\"robots\" content=\"index, follow, max-snippet:-1, max-image-preview:large, max-video-preview:-1\" \/>\n<link rel=\"canonical\" href=\"https:\/\/www.padreeustaquio.com.br\/en\/the-liturgy-team-is-preparing-for-this-years-fraternity-campaign\/\" \/>\n<meta property=\"og:locale\" content=\"en_US\" \/>\n<meta property=\"og:type\" content=\"article\" \/>\n<meta property=\"og:title\" content=\"Equipe de Liturgia se prepara para a Campanha da Fraternidade deste ano - Padre Eust\u00e1quio\" \/>\n<meta property=\"og:description\" content=\"Os membros da equipe de Liturgia do Santu\u00e1rio da Sa\u00fade e da Paz se reuniram nessa segunda-feira, 17, para refletir sobre a Campanha da Fraternidade 2020.\u00a0Al\u00e9m do momento de forma\u00e7\u00e3o, a equipe organizou a programa\u00e7\u00e3o da Quaresma, a Quarta-Feira de Cinzas e a Semana da Fam\u00edlia, que, em breve ser\u00e3o divulgados aqui no site. A equipe de Liturgia, respons\u00e1vel por rezar, refletir e organizar a vida Lit\u00fargico-Sacramental do Santu\u00e1rio, conheceu o tema da Campanha &#8211; &#8220;Fraternidade e vida: dom e compromisso&#8221; &#8211; e o lema deste ano: &#8220;Viu, sentiu compaix\u00e3o e cuidou dele&#8221;. A Campanha da Fraternidade 2020 Al\u00e9m de [&hellip;]\" \/>\n<meta property=\"og:url\" content=\"https:\/\/www.padreeustaquio.com.br\/en\/the-liturgy-team-is-preparing-for-this-years-fraternity-campaign\/\" \/>\n<meta property=\"og:site_name\" content=\"Padre Eust\u00e1quio\" \/>\n<meta property=\"article:publisher\" content=\"https:\/\/www.facebook.com\/beatopadreeustaquio\/\" \/>\n<meta property=\"article:published_time\" content=\"2020-02-19T10:35:35+00:00\" \/>\n<meta property=\"og:image\" content=\"https:\/\/www.padreeustaquio.com.br\/wp-content\/uploads\/2020\/02\/EQUIPE-LITURGIA-1.jpg\" \/>\n\t<meta property=\"og:image:width\" content=\"960\" \/>\n\t<meta property=\"og:image:height\" content=\"720\" \/>\n\t<meta property=\"og:image:type\" content=\"image\/jpeg\" \/>\n<meta name=\"author\" content=\"@sscc\" \/>\n<meta name=\"twitter:card\" content=\"summary_large_image\" \/>\n<meta name=\"twitter:creator\" content=\"@beatopeustaquio\" \/>\n<meta name=\"twitter:site\" content=\"@beatopeustaquio\" \/>\n<meta name=\"twitter:label1\" content=\"Written by\" \/>\n\t<meta name=\"twitter:data1\" content=\"@sscc\" \/>\n\t<meta name=\"twitter:label2\" content=\"Est. reading time\" \/>\n\t<meta name=\"twitter:data2\" content=\"2 minutes\" \/>\n<script type=\"application\/ld+json\" class=\"yoast-schema-graph\">{\"@context\":\"https:\/\/schema.org\",\"@graph\":[{\"@type\":\"Article\",\"@id\":\"https:\/\/www.padreeustaquio.com.br\/equipe-de-liturgia-se-prepara-para-a-campanha-da-fraternidade-deste-ano\/#article\",\"isPartOf\":{\"@id\":\"https:\/\/www.padreeustaquio.com.br\/equipe-de-liturgia-se-prepara-para-a-campanha-da-fraternidade-deste-ano\/\"},\"author\":{\"name\":\"@sscc\",\"@id\":\"https:\/\/www.padreeustaquio.com.br\/#\/schema\/person\/a2a51db1d00f1a7af0204a0f1ddb1566\"},\"headline\":\"Equipe de Liturgia se prepara para a Campanha da Fraternidade deste ano\",\"datePublished\":\"2020-02-19T10:35:35+00:00\",\"mainEntityOfPage\":{\"@id\":\"https:\/\/www.padreeustaquio.com.br\/equipe-de-liturgia-se-prepara-para-a-campanha-da-fraternidade-deste-ano\/\"},\"wordCount\":395,\"commentCount\":0,\"publisher\":{\"@id\":\"https:\/\/www.padreeustaquio.com.br\/#organization\"},\"image\":{\"@id\":\"https:\/\/www.padreeustaquio.com.br\/equipe-de-liturgia-se-prepara-para-a-campanha-da-fraternidade-deste-ano\/#primaryimage\"},\"thumbnailUrl\":\"https:\/\/www.padreeustaquio.com.br\/wp-content\/uploads\/2020\/02\/EQUIPE-LITURGIA-1.jpg\",\"articleSection\":[\"Not\u00edcias\"],\"inLanguage\":\"en-US\",\"potentialAction\":[{\"@type\":\"CommentAction\",\"name\":\"Comment\",\"target\":[\"https:\/\/www.padreeustaquio.com.br\/equipe-de-liturgia-se-prepara-para-a-campanha-da-fraternidade-deste-ano\/#respond\"]}]},{\"@type\":\"WebPage\",\"@id\":\"https:\/\/www.padreeustaquio.com.br\/equipe-de-liturgia-se-prepara-para-a-campanha-da-fraternidade-deste-ano\/\",\"url\":\"https:\/\/www.padreeustaquio.com.br\/equipe-de-liturgia-se-prepara-para-a-campanha-da-fraternidade-deste-ano\/\",\"name\":\"Equipe de Liturgia se prepara para a Campanha da Fraternidade deste ano - Padre Eust\u00e1quio\",\"isPartOf\":{\"@id\":\"https:\/\/www.padreeustaquio.com.br\/#website\"},\"primaryImageOfPage\":{\"@id\":\"https:\/\/www.padreeustaquio.com.br\/equipe-de-liturgia-se-prepara-para-a-campanha-da-fraternidade-deste-ano\/#primaryimage\"},\"image\":{\"@id\":\"https:\/\/www.padreeustaquio.com.br\/equipe-de-liturgia-se-prepara-para-a-campanha-da-fraternidade-deste-ano\/#primaryimage\"},\"thumbnailUrl\":\"https:\/\/www.padreeustaquio.com.br\/wp-content\/uploads\/2020\/02\/EQUIPE-LITURGIA-1.jpg\",\"datePublished\":\"2020-02-19T10:35:35+00:00\",\"breadcrumb\":{\"@id\":\"https:\/\/www.padreeustaquio.com.br\/equipe-de-liturgia-se-prepara-para-a-campanha-da-fraternidade-deste-ano\/#breadcrumb\"},\"inLanguage\":\"en-US\",\"potentialAction\":[{\"@type\":\"ReadAction\",\"target\":[\"https:\/\/www.padreeustaquio.com.br\/equipe-de-liturgia-se-prepara-para-a-campanha-da-fraternidade-deste-ano\/\"]}]},{\"@type\":\"ImageObject\",\"inLanguage\":\"en-US\",\"@id\":\"https:\/\/www.padreeustaquio.com.br\/equipe-de-liturgia-se-prepara-para-a-campanha-da-fraternidade-deste-ano\/#primaryimage\",\"url\":\"https:\/\/www.padreeustaquio.com.br\/wp-content\/uploads\/2020\/02\/EQUIPE-LITURGIA-1.jpg\",\"contentUrl\":\"https:\/\/www.padreeustaquio.com.br\/wp-content\/uploads\/2020\/02\/EQUIPE-LITURGIA-1.jpg\",\"width\":960,\"height\":720},{\"@type\":\"BreadcrumbList\",\"@id\":\"https:\/\/www.padreeustaquio.com.br\/equipe-de-liturgia-se-prepara-para-a-campanha-da-fraternidade-deste-ano\/#breadcrumb\",\"itemListElement\":[{\"@type\":\"ListItem\",\"position\":1,\"name\":\"In\u00edcio\",\"item\":\"https:\/\/www.padreeustaquio.com.br\/\"},{\"@type\":\"ListItem\",\"position\":2,\"name\":\"Equipe de Liturgia se prepara para a Campanha da Fraternidade deste ano\"}]},{\"@type\":\"WebSite\",\"@id\":\"https:\/\/www.padreeustaquio.com.br\/#website\",\"url\":\"https:\/\/www.padreeustaquio.com.br\/\",\"name\":\"Padre Eust\u00e1quio\",\"description\":\"Sa\u00fade e Paz\",\"publisher\":{\"@id\":\"https:\/\/www.padreeustaquio.com.br\/#organization\"},\"potentialAction\":[{\"@type\":\"SearchAction\",\"target\":{\"@type\":\"EntryPoint\",\"urlTemplate\":\"https:\/\/www.padreeustaquio.com.br\/?s={search_term_string}\"},\"query-input\":{\"@type\":\"PropertyValueSpecification\",\"valueRequired\":true,\"valueName\":\"search_term_string\"}}],\"inLanguage\":\"en-US\"},{\"@type\":\"Organization\",\"@id\":\"https:\/\/www.padreeustaquio.com.br\/#organization\",\"name\":\"Padre Eust\u00e1quio\",\"url\":\"https:\/\/www.padreeustaquio.com.br\/\",\"logo\":{\"@type\":\"ImageObject\",\"inLanguage\":\"en-US\",\"@id\":\"https:\/\/www.padreeustaquio.com.br\/#\/schema\/logo\/image\/\",\"url\":\"https:\/\/www.padreeustaquio.com.br\/wp-content\/uploads\/2019\/08\/marca.png\",\"contentUrl\":\"https:\/\/www.padreeustaquio.com.br\/wp-content\/uploads\/2019\/08\/marca.png\",\"width\":350,\"height\":400,\"caption\":\"Padre Eust\u00e1quio\"},\"image\":{\"@id\":\"https:\/\/www.padreeustaquio.com.br\/#\/schema\/logo\/image\/\"},\"sameAs\":[\"https:\/\/www.facebook.com\/beatopadreeustaquio\/\",\"https:\/\/x.com\/beatopeustaquio\",\"https:\/\/www.instagram.com\/beatopadreeustaquio\/\",\"https:\/\/www.youtube.com\/channel\/UCRhw7vfabnajwLxb1ZXMeIw\"]},{\"@type\":\"Person\",\"@id\":\"https:\/\/www.padreeustaquio.com.br\/#\/schema\/person\/a2a51db1d00f1a7af0204a0f1ddb1566\",\"name\":\"@sscc\",\"image\":{\"@type\":\"ImageObject\",\"inLanguage\":\"en-US\",\"@id\":\"https:\/\/secure.gravatar.com\/avatar\/68cfafa5f44617fea54071e215026e0ff06be366c3d54a8425f04fdcb86f8c5f?s=96&d=mm&r=g\",\"url\":\"https:\/\/secure.gravatar.com\/avatar\/68cfafa5f44617fea54071e215026e0ff06be366c3d54a8425f04fdcb86f8c5f?s=96&d=mm&r=g\",\"contentUrl\":\"https:\/\/secure.gravatar.com\/avatar\/68cfafa5f44617fea54071e215026e0ff06be366c3d54a8425f04fdcb86f8c5f?s=96&d=mm&r=g\",\"caption\":\"@sscc\"},\"url\":\"https:\/\/www.padreeustaquio.com.br\/en\/author\/sscc\/\"}]}<\/script>\n<!-- \/ Yoast SEO plugin. -->","yoast_head_json":{"title":"Liturgy Team prepares for this year&#039;s Fraternity Campaign - Father Eust\u00e1quio","robots":{"index":"index","follow":"follow","max-snippet":"max-snippet:-1","max-image-preview":"max-image-preview:large","max-video-preview":"max-video-preview:-1"},"canonical":"https:\/\/www.padreeustaquio.com.br\/en\/the-liturgy-team-is-preparing-for-this-years-fraternity-campaign\/","og_locale":"en_US","og_type":"article","og_title":"Equipe de Liturgia se prepara para a Campanha da Fraternidade deste ano - Padre Eust\u00e1quio","og_description":"Os membros da equipe de Liturgia do Santu\u00e1rio da Sa\u00fade e da Paz se reuniram nessa segunda-feira, 17, para refletir sobre a Campanha da Fraternidade 2020.\u00a0Al\u00e9m do momento de forma\u00e7\u00e3o, a equipe organizou a programa\u00e7\u00e3o da Quaresma, a Quarta-Feira de Cinzas e a Semana da Fam\u00edlia, que, em breve ser\u00e3o divulgados aqui no site. A equipe de Liturgia, respons\u00e1vel por rezar, refletir e organizar a vida Lit\u00fargico-Sacramental do Santu\u00e1rio, conheceu o tema da Campanha &#8211; &#8220;Fraternidade e vida: dom e compromisso&#8221; &#8211; e o lema deste ano: &#8220;Viu, sentiu compaix\u00e3o e cuidou dele&#8221;. A Campanha da Fraternidade 2020 Al\u00e9m de [&hellip;]","og_url":"https:\/\/www.padreeustaquio.com.br\/en\/the-liturgy-team-is-preparing-for-this-years-fraternity-campaign\/","og_site_name":"Padre Eust\u00e1quio","article_publisher":"https:\/\/www.facebook.com\/beatopadreeustaquio\/","article_published_time":"2020-02-19T10:35:35+00:00","og_image":[{"width":960,"height":720,"url":"https:\/\/www.padreeustaquio.com.br\/wp-content\/uploads\/2020\/02\/EQUIPE-LITURGIA-1.jpg","type":"image\/jpeg"}],"author":"@sscc","twitter_card":"summary_large_image","twitter_creator":"@beatopeustaquio","twitter_site":"@beatopeustaquio","twitter_misc":{"Written by":"@sscc","Est. reading time":"2 minutes"},"schema":{"@context":"https:\/\/schema.org","@graph":[{"@type":"Article","@id":"https:\/\/www.padreeustaquio.com.br\/equipe-de-liturgia-se-prepara-para-a-campanha-da-fraternidade-deste-ano\/#article","isPartOf":{"@id":"https:\/\/www.padreeustaquio.com.br\/equipe-de-liturgia-se-prepara-para-a-campanha-da-fraternidade-deste-ano\/"},"author":{"name":"@sscc","@id":"https:\/\/www.padreeustaquio.com.br\/#\/schema\/person\/a2a51db1d00f1a7af0204a0f1ddb1566"},"headline":"Equipe de Liturgia se prepara para a Campanha da Fraternidade deste ano","datePublished":"2020-02-19T10:35:35+00:00","mainEntityOfPage":{"@id":"https:\/\/www.padreeustaquio.com.br\/equipe-de-liturgia-se-prepara-para-a-campanha-da-fraternidade-deste-ano\/"},"wordCount":395,"commentCount":0,"publisher":{"@id":"https:\/\/www.padreeustaquio.com.br\/#organization"},"image":{"@id":"https:\/\/www.padreeustaquio.com.br\/equipe-de-liturgia-se-prepara-para-a-campanha-da-fraternidade-deste-ano\/#primaryimage"},"thumbnailUrl":"https:\/\/www.padreeustaquio.com.br\/wp-content\/uploads\/2020\/02\/EQUIPE-LITURGIA-1.jpg","articleSection":["Not\u00edcias"],"inLanguage":"en-US","potentialAction":[{"@type":"CommentAction","name":"Comment","target":["https:\/\/www.padreeustaquio.com.br\/equipe-de-liturgia-se-prepara-para-a-campanha-da-fraternidade-deste-ano\/#respond"]}]},{"@type":"WebPage","@id":"https:\/\/www.padreeustaquio.com.br\/equipe-de-liturgia-se-prepara-para-a-campanha-da-fraternidade-deste-ano\/","url":"https:\/\/www.padreeustaquio.com.br\/equipe-de-liturgia-se-prepara-para-a-campanha-da-fraternidade-deste-ano\/","name":"Liturgy Team prepares for this year&#039;s Fraternity Campaign - Father Eust\u00e1quio","isPartOf":{"@id":"https:\/\/www.padreeustaquio.com.br\/#website"},"primaryImageOfPage":{"@id":"https:\/\/www.padreeustaquio.com.br\/equipe-de-liturgia-se-prepara-para-a-campanha-da-fraternidade-deste-ano\/#primaryimage"},"image":{"@id":"https:\/\/www.padreeustaquio.com.br\/equipe-de-liturgia-se-prepara-para-a-campanha-da-fraternidade-deste-ano\/#primaryimage"},"thumbnailUrl":"https:\/\/www.padreeustaquio.com.br\/wp-content\/uploads\/2020\/02\/EQUIPE-LITURGIA-1.jpg","datePublished":"2020-02-19T10:35:35+00:00","breadcrumb":{"@id":"https:\/\/www.padreeustaquio.com.br\/equipe-de-liturgia-se-prepara-para-a-campanha-da-fraternidade-deste-ano\/#breadcrumb"},"inLanguage":"en-US","potentialAction":[{"@type":"ReadAction","target":["https:\/\/www.padreeustaquio.com.br\/equipe-de-liturgia-se-prepara-para-a-campanha-da-fraternidade-deste-ano\/"]}]},{"@type":"ImageObject","inLanguage":"en-US","@id":"https:\/\/www.padreeustaquio.com.br\/equipe-de-liturgia-se-prepara-para-a-campanha-da-fraternidade-deste-ano\/#primaryimage","url":"https:\/\/www.padreeustaquio.com.br\/wp-content\/uploads\/2020\/02\/EQUIPE-LITURGIA-1.jpg","contentUrl":"https:\/\/www.padreeustaquio.com.br\/wp-content\/uploads\/2020\/02\/EQUIPE-LITURGIA-1.jpg","width":960,"height":720},{"@type":"BreadcrumbList","@id":"https:\/\/www.padreeustaquio.com.br\/equipe-de-liturgia-se-prepara-para-a-campanha-da-fraternidade-deste-ano\/#breadcrumb","itemListElement":[{"@type":"ListItem","position":1,"name":"In\u00edcio","item":"https:\/\/www.padreeustaquio.com.br\/"},{"@type":"ListItem","position":2,"name":"Equipe de Liturgia se prepara para a Campanha da Fraternidade deste ano"}]},{"@type":"WebSite","@id":"https:\/\/www.padreeustaquio.com.br\/#website","url":"https:\/\/www.padreeustaquio.com.br\/","name":"FATHER EUST\u00c1QUIO","description":"Health and Peace","publisher":{"@id":"https:\/\/www.padreeustaquio.com.br\/#organization"},"potentialAction":[{"@type":"SearchAction","target":{"@type":"EntryPoint","urlTemplate":"https:\/\/www.padreeustaquio.com.br\/?s={search_term_string}"},"query-input":{"@type":"PropertyValueSpecification","valueRequired":true,"valueName":"search_term_string"}}],"inLanguage":"en-US"},{"@type":"Organization","@id":"https:\/\/www.padreeustaquio.com.br\/#organization","name":"FATHER EUST\u00c1QUIO","url":"https:\/\/www.padreeustaquio.com.br\/","logo":{"@type":"ImageObject","inLanguage":"en-US","@id":"https:\/\/www.padreeustaquio.com.br\/#\/schema\/logo\/image\/","url":"https:\/\/www.padreeustaquio.com.br\/wp-content\/uploads\/2019\/08\/marca.png","contentUrl":"https:\/\/www.padreeustaquio.com.br\/wp-content\/uploads\/2019\/08\/marca.png","width":350,"height":400,"caption":"Padre Eust\u00e1quio"},"image":{"@id":"https:\/\/www.padreeustaquio.com.br\/#\/schema\/logo\/image\/"},"sameAs":["https:\/\/www.facebook.com\/beatopadreeustaquio\/","https:\/\/x.com\/beatopeustaquio","https:\/\/www.instagram.com\/beatopadreeustaquio\/","https:\/\/www.youtube.com\/channel\/UCRhw7vfabnajwLxb1ZXMeIw"]},{"@type":"Person","@id":"https:\/\/www.padreeustaquio.com.br\/#\/schema\/person\/a2a51db1d00f1a7af0204a0f1ddb1566","name":"@sscc","image":{"@type":"ImageObject","inLanguage":"en-US","@id":"https:\/\/secure.gravatar.com\/avatar\/68cfafa5f44617fea54071e215026e0ff06be366c3d54a8425f04fdcb86f8c5f?s=96&d=mm&r=g","url":"https:\/\/secure.gravatar.com\/avatar\/68cfafa5f44617fea54071e215026e0ff06be366c3d54a8425f04fdcb86f8c5f?s=96&d=mm&r=g","contentUrl":"https:\/\/secure.gravatar.com\/avatar\/68cfafa5f44617fea54071e215026e0ff06be366c3d54a8425f04fdcb86f8c5f?s=96&d=mm&r=g","caption":"@sscc"},"url":"https:\/\/www.padreeustaquio.com.br\/en\/author\/sscc\/"}]}},"_links":{"self":[{"href":"https:\/\/www.padreeustaquio.com.br\/en\/wp-json\/wp\/v2\/posts\/3949","targetHints":{"allow":["GET"]}}],"collection":[{"href":"https:\/\/www.padreeustaquio.com.br\/en\/wp-json\/wp\/v2\/posts"}],"about":[{"href":"https:\/\/www.padreeustaquio.com.br\/en\/wp-json\/wp\/v2\/types\/post"}],"author":[{"embeddable":true,"href":"https:\/\/www.padreeustaquio.com.br\/en\/wp-json\/wp\/v2\/users\/2"}],"replies":[{"embeddable":true,"href":"https:\/\/www.padreeustaquio.com.br\/en\/wp-json\/wp\/v2\/comments?post=3949"}],"version-history":[{"count":0,"href":"https:\/\/www.padreeustaquio.com.br\/en\/wp-json\/wp\/v2\/posts\/3949\/revisions"}],"wp:featuredmedia":[{"embeddable":true,"href":"https:\/\/www.padreeustaquio.com.br\/en\/wp-json\/wp\/v2\/media\/3950"}],"wp:attachment":[{"href":"https:\/\/www.padreeustaquio.com.br\/en\/wp-json\/wp\/v2\/media?parent=3949"}],"wp:term":[{"taxonomy":"category","embeddable":true,"href":"https:\/\/www.padreeustaquio.com.br\/en\/wp-json\/wp\/v2\/categories?post=3949"},{"taxonomy":"post_tag","embeddable":true,"href":"https:\/\/www.padreeustaquio.com.br\/en\/wp-json\/wp\/v2\/tags?post=3949"}],"curies":[{"name":"wp","href":"https:\/\/api.w.org\/{rel}","templated":true}]}}