{"id":3741,"date":"2019-12-09T09:55:44","date_gmt":"2019-12-09T12:55:44","guid":{"rendered":"https:\/\/www.padreeustaquio.com.br\/?p=3741"},"modified":"2019-12-09T09:56:11","modified_gmt":"2019-12-09T12:56:11","slug":"the-sanctuary-team-participates-in-the-celebration-of-the-day-of-our-lady-of-the-conception","status":"publish","type":"post","link":"https:\/\/www.padreeustaquio.com.br\/en\/the-sanctuary-team-participates-in-the-celebration-of-the-day-of-our-lady-of-the-conception\/","title":{"rendered":"The Sanctuary team participates in the celebration of the Feast of the Immaculate Conception."},"content":{"rendered":"<p>Last Friday, December 6th, parishioners from the Sanctuary of Health and Peace participated in the commemorative ceremonies for the Day of the Immaculate Conception, at the Sanctuary of Our Lady of the Conception of the Poor, in Lagoinha, Belo Horizonte.<\/p>\n<p>The holy mass was presided over by Father S\u00e9rgio Stein, ss.cc, assisted by extraordinary ministers of communion, a choir, a psalmist, a proclaimer, and a reader, all from the Health and Peace Sanctuary. The team was received by the rector of that sanctuary, Father Roberto Rubens da Silva, and by the parishioners who welcomed everyone with great affection.<br \/>\n<em>(See team photos at the end of the text)<\/em><\/p>\n<p><strong>Feast of the Immaculate Conception in Belo Horizonte<\/strong><\/p>\n<p>On the evening of Sunday the 8th, Archbishop Dom Walmor presided over the Eucharist. In a special moment during the Mass, the Archbishop presented to the faithful the renewed Evangelization Project &quot;Proclaim the Word,&quot; a result of the VI Assembly of the People of God.\u00a0<a href=\"http:\/\/bit.ly\/peprocpal\" target=\"_blank\" rel=\"noopener noreferrer\">Click here to learn more.<\/a><\/p>\n<p>Dom Walmor reflected on the significance of this important Marian date for the Church, noting that it is also the Second Sunday of Advent: \u201cWe are walking and preparing to celebrate the Lord&#039;s Christmas. A journey enriched by the Feast of the Immaculate Conception, which recalls a very important truth of our Catholic Christian faith. Our Lady, beloved daughter of God the Father, mother of Jesus Christ the Savior, spouse of the Holy Spirit, was preserved from all sin. This should rekindle great joy in us. We do not walk alone.\u201d.<\/p>\n<p>The Archbishop also presented the document that brings together the new guidelines for evangelizing action in the Archdiocese of Belo Horizonte, built from the participation of the entire archdiocesan community, especially the faithful, in the 6th Assembly of the People of God (APD). \u201cWe chose today, the day we celebrate the Feast of the Immaculate Conception of Our Lady, to present our &#039;Proclaim the Word&#039; Project. A concise project that, when put into practice, will be a great missionary resource. We are opening a new missionary cycle.\u201d.<\/p>\n<p>At the end of the Eucharistic Celebration, the faithful went out in procession around the Sanctuary of Our Lady of the Conception of the Poor, walking through the streets of the Lagoinha neighborhood.<\/p>\n<p>The Archdiocesan Sanctuary of Our Lady of the Conception of the Poor is located at Rua Al\u00e9m Para\u00edba, 152, Lagoinha neighborhood.<\/p>\n\n\t\t<style type=\"text\/css\">\n\t\t\t#gallery-1 {\n\t\t\t\tmargin: auto;\n\t\t\t}\n\t\t\t#gallery-1 .gallery-item {\n\t\t\t\tfloat: left;\n\t\t\t\tmargin-top: 10px;\n\t\t\t\ttext-align: center;\n\t\t\t\twidth: 33%;\n\t\t\t}\n\t\t\t#gallery-1 img {\n\t\t\t\tborder: 2px solid #cfcfcf;\n\t\t\t}\n\t\t\t#gallery-1 .gallery-caption {\n\t\t\t\tmargin-left: 0;\n\t\t\t}\n\t\t\t\/* see gallery_shortcode() in wp-includes\/media.php *\/\n\t\t<\/style>\n\t\t<div id='gallery-1' class='gallery galleryid-3741 gallery-columns-3 gallery-size-thumbnail'><dl class='gallery-item'>\n\t\t\t<dt class='gallery-icon portrait'>\n\t\t\t\t<a href='https:\/\/www.padreeustaquio.com.br\/en\/the-sanctuary-team-participates-in-the-celebration-of-the-day-of-our-lady-of-the-conception\/whatsapp-image-2019-12-07-at-11-03-20\/'><img decoding=\"async\" width=\"150\" height=\"150\" src=\"https:\/\/www.padreeustaquio.com.br\/wp-content\/uploads\/2019\/12\/WhatsApp-Image-2019-12-07-at-11.03.20-150x150.jpeg\" class=\"attachment-thumbnail size-thumbnail\" alt=\"\" srcset=\"https:\/\/www.padreeustaquio.com.br\/wp-content\/uploads\/2019\/12\/WhatsApp-Image-2019-12-07-at-11.03.20-150x150.jpeg 150w, https:\/\/www.padreeustaquio.com.br\/wp-content\/uploads\/2019\/12\/WhatsApp-Image-2019-12-07-at-11.03.20-180x180.jpeg 180w, https:\/\/www.padreeustaquio.com.br\/wp-content\/uploads\/2019\/12\/WhatsApp-Image-2019-12-07-at-11.03.20-400x400.jpeg 400w, https:\/\/www.padreeustaquio.com.br\/wp-content\/uploads\/2019\/12\/WhatsApp-Image-2019-12-07-at-11.03.20-600x600.jpeg 600w\" sizes=\"(max-width: 150px) 100vw, 150px\" \/><\/a>\n\t\t\t<\/dt><\/dl><dl class='gallery-item'>\n\t\t\t<dt class='gallery-icon landscape'>\n\t\t\t\t<a href='https:\/\/www.padreeustaquio.com.br\/en\/the-sanctuary-team-participates-in-the-celebration-of-the-day-of-our-lady-of-the-conception\/whatsapp-image-2019-12-07-at-11-03-19\/'><img decoding=\"async\" width=\"150\" height=\"150\" src=\"https:\/\/www.padreeustaquio.com.br\/wp-content\/uploads\/2019\/12\/WhatsApp-Image-2019-12-07-at-11.03.19-150x150.jpeg\" class=\"attachment-thumbnail size-thumbnail\" alt=\"\" srcset=\"https:\/\/www.padreeustaquio.com.br\/wp-content\/uploads\/2019\/12\/WhatsApp-Image-2019-12-07-at-11.03.19-150x150.jpeg 150w, https:\/\/www.padreeustaquio.com.br\/wp-content\/uploads\/2019\/12\/WhatsApp-Image-2019-12-07-at-11.03.19-180x180.jpeg 180w, https:\/\/www.padreeustaquio.com.br\/wp-content\/uploads\/2019\/12\/WhatsApp-Image-2019-12-07-at-11.03.19-400x400.jpeg 400w, https:\/\/www.padreeustaquio.com.br\/wp-content\/uploads\/2019\/12\/WhatsApp-Image-2019-12-07-at-11.03.19-600x600.jpeg 600w\" sizes=\"(max-width: 150px) 100vw, 150px\" \/><\/a>\n\t\t\t<\/dt><\/dl><dl class='gallery-item'>\n\t\t\t<dt class='gallery-icon landscape'>\n\t\t\t\t<a href='https:\/\/www.padreeustaquio.com.br\/en\/the-sanctuary-team-participates-in-the-celebration-of-the-day-of-our-lady-of-the-conception\/whatsapp-image-2019-12-07-at-11-03-24\/'><img decoding=\"async\" width=\"150\" height=\"150\" src=\"https:\/\/www.padreeustaquio.com.br\/wp-content\/uploads\/2019\/12\/WhatsApp-Image-2019-12-07-at-11.03.24-150x150.jpeg\" class=\"attachment-thumbnail size-thumbnail\" alt=\"\" srcset=\"https:\/\/www.padreeustaquio.com.br\/wp-content\/uploads\/2019\/12\/WhatsApp-Image-2019-12-07-at-11.03.24-150x150.jpeg 150w, https:\/\/www.padreeustaquio.com.br\/wp-content\/uploads\/2019\/12\/WhatsApp-Image-2019-12-07-at-11.03.24-180x180.jpeg 180w, https:\/\/www.padreeustaquio.com.br\/wp-content\/uploads\/2019\/12\/WhatsApp-Image-2019-12-07-at-11.03.24-400x400.jpeg 400w, https:\/\/www.padreeustaquio.com.br\/wp-content\/uploads\/2019\/12\/WhatsApp-Image-2019-12-07-at-11.03.24-600x600.jpeg 600w\" sizes=\"(max-width: 150px) 100vw, 150px\" \/><\/a>\n\t\t\t<\/dt><\/dl><br style=\"clear: both\" \/><dl class='gallery-item'>\n\t\t\t<dt class='gallery-icon landscape'>\n\t\t\t\t<a href='https:\/\/www.padreeustaquio.com.br\/en\/the-sanctuary-team-participates-in-the-celebration-of-the-day-of-our-lady-of-the-conception\/whatsapp-image-2019-12-07-at-11-03-22-1\/'><img loading=\"lazy\" decoding=\"async\" width=\"150\" height=\"150\" src=\"https:\/\/www.padreeustaquio.com.br\/wp-content\/uploads\/2019\/12\/WhatsApp-Image-2019-12-07-at-11.03.22-1-150x150.jpeg\" class=\"attachment-thumbnail size-thumbnail\" alt=\"\" srcset=\"https:\/\/www.padreeustaquio.com.br\/wp-content\/uploads\/2019\/12\/WhatsApp-Image-2019-12-07-at-11.03.22-1-150x150.jpeg 150w, https:\/\/www.padreeustaquio.com.br\/wp-content\/uploads\/2019\/12\/WhatsApp-Image-2019-12-07-at-11.03.22-1-180x180.jpeg 180w, https:\/\/www.padreeustaquio.com.br\/wp-content\/uploads\/2019\/12\/WhatsApp-Image-2019-12-07-at-11.03.22-1-400x400.jpeg 400w, https:\/\/www.padreeustaquio.com.br\/wp-content\/uploads\/2019\/12\/WhatsApp-Image-2019-12-07-at-11.03.22-1-600x600.jpeg 600w\" sizes=\"(max-width: 150px) 100vw, 150px\" \/><\/a>\n\t\t\t<\/dt><\/dl><dl class='gallery-item'>\n\t\t\t<dt class='gallery-icon portrait'>\n\t\t\t\t<a href='https:\/\/www.padreeustaquio.com.br\/en\/the-sanctuary-team-participates-in-the-celebration-of-the-day-of-our-lady-of-the-conception\/whatsapp-image-2019-12-07-at-11-03-22\/'><img loading=\"lazy\" decoding=\"async\" width=\"150\" height=\"150\" src=\"https:\/\/www.padreeustaquio.com.br\/wp-content\/uploads\/2019\/12\/WhatsApp-Image-2019-12-07-at-11.03.22-150x150.jpeg\" class=\"attachment-thumbnail size-thumbnail\" alt=\"\" srcset=\"https:\/\/www.padreeustaquio.com.br\/wp-content\/uploads\/2019\/12\/WhatsApp-Image-2019-12-07-at-11.03.22-150x150.jpeg 150w, https:\/\/www.padreeustaquio.com.br\/wp-content\/uploads\/2019\/12\/WhatsApp-Image-2019-12-07-at-11.03.22-180x180.jpeg 180w, https:\/\/www.padreeustaquio.com.br\/wp-content\/uploads\/2019\/12\/WhatsApp-Image-2019-12-07-at-11.03.22-400x400.jpeg 400w, https:\/\/www.padreeustaquio.com.br\/wp-content\/uploads\/2019\/12\/WhatsApp-Image-2019-12-07-at-11.03.22-600x600.jpeg 600w\" sizes=\"(max-width: 150px) 100vw, 150px\" \/><\/a>\n\t\t\t<\/dt><\/dl><dl class='gallery-item'>\n\t\t\t<dt class='gallery-icon landscape'>\n\t\t\t\t<a href='https:\/\/www.padreeustaquio.com.br\/en\/the-sanctuary-team-participates-in-the-celebration-of-the-day-of-our-lady-of-the-conception\/whatsapp-image-2019-12-07-at-11-03-23\/'><img loading=\"lazy\" decoding=\"async\" width=\"150\" height=\"150\" src=\"https:\/\/www.padreeustaquio.com.br\/wp-content\/uploads\/2019\/12\/WhatsApp-Image-2019-12-07-at-11.03.23-150x150.jpeg\" class=\"attachment-thumbnail size-thumbnail\" alt=\"\" srcset=\"https:\/\/www.padreeustaquio.com.br\/wp-content\/uploads\/2019\/12\/WhatsApp-Image-2019-12-07-at-11.03.23-150x150.jpeg 150w, https:\/\/www.padreeustaquio.com.br\/wp-content\/uploads\/2019\/12\/WhatsApp-Image-2019-12-07-at-11.03.23-180x180.jpeg 180w, https:\/\/www.padreeustaquio.com.br\/wp-content\/uploads\/2019\/12\/WhatsApp-Image-2019-12-07-at-11.03.23-400x400.jpeg 400w, https:\/\/www.padreeustaquio.com.br\/wp-content\/uploads\/2019\/12\/WhatsApp-Image-2019-12-07-at-11.03.23-600x600.jpeg 600w\" sizes=\"(max-width: 150px) 100vw, 150px\" \/><\/a>\n\t\t\t<\/dt><\/dl><br style=\"clear: both\" \/><dl class='gallery-item'>\n\t\t\t<dt class='gallery-icon landscape'>\n\t\t\t\t<a href='https:\/\/www.padreeustaquio.com.br\/en\/the-sanctuary-team-participates-in-the-celebration-of-the-day-of-our-lady-of-the-conception\/whatsapp-image-2019-12-07-at-11-03-21\/'><img loading=\"lazy\" decoding=\"async\" width=\"150\" height=\"150\" src=\"https:\/\/www.padreeustaquio.com.br\/wp-content\/uploads\/2019\/12\/WhatsApp-Image-2019-12-07-at-11.03.21-150x150.jpeg\" class=\"attachment-thumbnail size-thumbnail\" alt=\"\" srcset=\"https:\/\/www.padreeustaquio.com.br\/wp-content\/uploads\/2019\/12\/WhatsApp-Image-2019-12-07-at-11.03.21-150x150.jpeg 150w, https:\/\/www.padreeustaquio.com.br\/wp-content\/uploads\/2019\/12\/WhatsApp-Image-2019-12-07-at-11.03.21-180x180.jpeg 180w, https:\/\/www.padreeustaquio.com.br\/wp-content\/uploads\/2019\/12\/WhatsApp-Image-2019-12-07-at-11.03.21-400x400.jpeg 400w, https:\/\/www.padreeustaquio.com.br\/wp-content\/uploads\/2019\/12\/WhatsApp-Image-2019-12-07-at-11.03.21-600x600.jpeg 600w\" sizes=\"(max-width: 150px) 100vw, 150px\" \/><\/a>\n\t\t\t<\/dt><\/dl>\n\t\t\t<br style='clear: both' \/>\n\t\t<\/div>\n\n<p>&nbsp;<\/p>\n<p><em><strong>Collaboration: Jos\u00e9 Ant\u00f4nio \/ arquidiocesebh.org.br<\/strong><\/em><\/p>","protected":false},"excerpt":{"rendered":"<p>Na \u00faltima sexta-feira, dia 6 de dezembro, paroquianos do Santu\u00e1rio da Sa\u00fade e da Paz participaram das solenidades comemorativas do Dia da Imaculada Concei\u00e7\u00e3o, no Santu\u00e1rio\u00a0de Nossa Senhora da Concei\u00e7\u00e3o dos Pobres, na Lagoinha, em Belo Horioznte. A santa missa foi presidida pelo padre S\u00e9rgio Stein, ss.cc, auxiliado por ministros extraordin\u00e1rios da comunh\u00e3o, grupo de canto, salmista, proclamador e leitor, todos do Santu\u00e1rio Sa\u00fade e Paz. A equipe foi recebida pelo reitor daquele santu\u00e1rio, padre Roberto Rubens da Silva, e pelos paroquianos que acolheram a todos com muito carinho. (Veja fotos da equipe no final do texto) Festa da Imaculada [&hellip;]<\/p>\n","protected":false},"author":2,"featured_media":3749,"comment_status":"open","ping_status":"open","sticky":false,"template":"","format":"standard","meta":{"_acf_changed":false,"footnotes":""},"categories":[611],"tags":[],"class_list":["post-3741","post","type-post","status-publish","format-standard","has-post-thumbnail","hentry","category-noticias"],"acf":[],"yoast_head":"<!-- This site is optimized with the Yoast SEO plugin v27.2 - https:\/\/yoast.com\/product\/yoast-seo-wordpress\/ -->\n<title>Equipe do Santu\u00e1rio participa de celebra\u00e7\u00e3o do Dia da Imaculada Concei\u00e7\u00e3o - Padre Eust\u00e1quio<\/title>\n<meta name=\"robots\" content=\"index, follow, max-snippet:-1, max-image-preview:large, max-video-preview:-1\" \/>\n<link rel=\"canonical\" href=\"https:\/\/www.padreeustaquio.com.br\/en\/the-sanctuary-team-participates-in-the-celebration-of-the-day-of-our-lady-of-the-conception\/\" \/>\n<meta property=\"og:locale\" content=\"en_US\" \/>\n<meta property=\"og:type\" content=\"article\" \/>\n<meta property=\"og:title\" content=\"Equipe do Santu\u00e1rio participa de celebra\u00e7\u00e3o do Dia da Imaculada Concei\u00e7\u00e3o - Padre Eust\u00e1quio\" \/>\n<meta property=\"og:description\" content=\"Na \u00faltima sexta-feira, dia 6 de dezembro, paroquianos do Santu\u00e1rio da Sa\u00fade e da Paz participaram das solenidades comemorativas do Dia da Imaculada Concei\u00e7\u00e3o, no Santu\u00e1rio\u00a0de Nossa Senhora da Concei\u00e7\u00e3o dos Pobres, na Lagoinha, em Belo Horioznte. A santa missa foi presidida pelo padre S\u00e9rgio Stein, ss.cc, auxiliado por ministros extraordin\u00e1rios da comunh\u00e3o, grupo de canto, salmista, proclamador e leitor, todos do Santu\u00e1rio Sa\u00fade e Paz. A equipe foi recebida pelo reitor daquele santu\u00e1rio, padre Roberto Rubens da Silva, e pelos paroquianos que acolheram a todos com muito carinho. (Veja fotos da equipe no final do texto) Festa da Imaculada [&hellip;]\" \/>\n<meta property=\"og:url\" content=\"https:\/\/www.padreeustaquio.com.br\/en\/the-sanctuary-team-participates-in-the-celebration-of-the-day-of-our-lady-of-the-conception\/\" \/>\n<meta property=\"og:site_name\" content=\"Padre Eust\u00e1quio\" \/>\n<meta property=\"article:publisher\" content=\"https:\/\/www.facebook.com\/beatopadreeustaquio\/\" \/>\n<meta property=\"article:published_time\" content=\"2019-12-09T12:55:44+00:00\" \/>\n<meta property=\"article:modified_time\" content=\"2019-12-09T12:56:11+00:00\" \/>\n<meta property=\"og:image\" content=\"https:\/\/www.padreeustaquio.com.br\/wp-content\/uploads\/2019\/12\/WhatsApp-Image-2019-12-07-at-11.03.18.jpeg\" \/>\n\t<meta property=\"og:image:width\" content=\"1280\" \/>\n\t<meta property=\"og:image:height\" content=\"960\" \/>\n\t<meta property=\"og:image:type\" content=\"image\/jpeg\" \/>\n<meta name=\"author\" content=\"@sscc\" \/>\n<meta name=\"twitter:card\" content=\"summary_large_image\" \/>\n<meta name=\"twitter:creator\" content=\"@beatopeustaquio\" \/>\n<meta name=\"twitter:site\" content=\"@beatopeustaquio\" \/>\n<meta name=\"twitter:label1\" content=\"Written by\" \/>\n\t<meta name=\"twitter:data1\" content=\"@sscc\" \/>\n\t<meta name=\"twitter:label2\" content=\"Est. reading time\" \/>\n\t<meta name=\"twitter:data2\" content=\"2 minutes\" \/>\n<script type=\"application\/ld+json\" class=\"yoast-schema-graph\">{\"@context\":\"https:\/\/schema.org\",\"@graph\":[{\"@type\":\"Article\",\"@id\":\"https:\/\/www.padreeustaquio.com.br\/equipe-do-santuario-participa-de-celebracao-do-dia-de-nsa-sra-da-conceicao\/#article\",\"isPartOf\":{\"@id\":\"https:\/\/www.padreeustaquio.com.br\/equipe-do-santuario-participa-de-celebracao-do-dia-de-nsa-sra-da-conceicao\/\"},\"author\":{\"name\":\"@sscc\",\"@id\":\"https:\/\/www.padreeustaquio.com.br\/#\/schema\/person\/a2a51db1d00f1a7af0204a0f1ddb1566\"},\"headline\":\"Equipe do Santu\u00e1rio participa de celebra\u00e7\u00e3o do Dia da Imaculada Concei\u00e7\u00e3o\",\"datePublished\":\"2019-12-09T12:55:44+00:00\",\"dateModified\":\"2019-12-09T12:56:11+00:00\",\"mainEntityOfPage\":{\"@id\":\"https:\/\/www.padreeustaquio.com.br\/equipe-do-santuario-participa-de-celebracao-do-dia-de-nsa-sra-da-conceicao\/\"},\"wordCount\":427,\"commentCount\":0,\"publisher\":{\"@id\":\"https:\/\/www.padreeustaquio.com.br\/#organization\"},\"image\":{\"@id\":\"https:\/\/www.padreeustaquio.com.br\/equipe-do-santuario-participa-de-celebracao-do-dia-de-nsa-sra-da-conceicao\/#primaryimage\"},\"thumbnailUrl\":\"https:\/\/www.padreeustaquio.com.br\/wp-content\/uploads\/2019\/12\/WhatsApp-Image-2019-12-07-at-11.03.18.jpeg\",\"articleSection\":[\"Not\u00edcias\"],\"inLanguage\":\"en-US\",\"potentialAction\":[{\"@type\":\"CommentAction\",\"name\":\"Comment\",\"target\":[\"https:\/\/www.padreeustaquio.com.br\/equipe-do-santuario-participa-de-celebracao-do-dia-de-nsa-sra-da-conceicao\/#respond\"]}]},{\"@type\":\"WebPage\",\"@id\":\"https:\/\/www.padreeustaquio.com.br\/equipe-do-santuario-participa-de-celebracao-do-dia-de-nsa-sra-da-conceicao\/\",\"url\":\"https:\/\/www.padreeustaquio.com.br\/equipe-do-santuario-participa-de-celebracao-do-dia-de-nsa-sra-da-conceicao\/\",\"name\":\"Equipe do Santu\u00e1rio participa de celebra\u00e7\u00e3o do Dia da Imaculada Concei\u00e7\u00e3o - Padre Eust\u00e1quio\",\"isPartOf\":{\"@id\":\"https:\/\/www.padreeustaquio.com.br\/#website\"},\"primaryImageOfPage\":{\"@id\":\"https:\/\/www.padreeustaquio.com.br\/equipe-do-santuario-participa-de-celebracao-do-dia-de-nsa-sra-da-conceicao\/#primaryimage\"},\"image\":{\"@id\":\"https:\/\/www.padreeustaquio.com.br\/equipe-do-santuario-participa-de-celebracao-do-dia-de-nsa-sra-da-conceicao\/#primaryimage\"},\"thumbnailUrl\":\"https:\/\/www.padreeustaquio.com.br\/wp-content\/uploads\/2019\/12\/WhatsApp-Image-2019-12-07-at-11.03.18.jpeg\",\"datePublished\":\"2019-12-09T12:55:44+00:00\",\"dateModified\":\"2019-12-09T12:56:11+00:00\",\"breadcrumb\":{\"@id\":\"https:\/\/www.padreeustaquio.com.br\/equipe-do-santuario-participa-de-celebracao-do-dia-de-nsa-sra-da-conceicao\/#breadcrumb\"},\"inLanguage\":\"en-US\",\"potentialAction\":[{\"@type\":\"ReadAction\",\"target\":[\"https:\/\/www.padreeustaquio.com.br\/equipe-do-santuario-participa-de-celebracao-do-dia-de-nsa-sra-da-conceicao\/\"]}]},{\"@type\":\"ImageObject\",\"inLanguage\":\"en-US\",\"@id\":\"https:\/\/www.padreeustaquio.com.br\/equipe-do-santuario-participa-de-celebracao-do-dia-de-nsa-sra-da-conceicao\/#primaryimage\",\"url\":\"https:\/\/www.padreeustaquio.com.br\/wp-content\/uploads\/2019\/12\/WhatsApp-Image-2019-12-07-at-11.03.18.jpeg\",\"contentUrl\":\"https:\/\/www.padreeustaquio.com.br\/wp-content\/uploads\/2019\/12\/WhatsApp-Image-2019-12-07-at-11.03.18.jpeg\",\"width\":1280,\"height\":960},{\"@type\":\"BreadcrumbList\",\"@id\":\"https:\/\/www.padreeustaquio.com.br\/equipe-do-santuario-participa-de-celebracao-do-dia-de-nsa-sra-da-conceicao\/#breadcrumb\",\"itemListElement\":[{\"@type\":\"ListItem\",\"position\":1,\"name\":\"In\u00edcio\",\"item\":\"https:\/\/www.padreeustaquio.com.br\/\"},{\"@type\":\"ListItem\",\"position\":2,\"name\":\"Equipe do Santu\u00e1rio participa de celebra\u00e7\u00e3o do Dia da Imaculada Concei\u00e7\u00e3o\"}]},{\"@type\":\"WebSite\",\"@id\":\"https:\/\/www.padreeustaquio.com.br\/#website\",\"url\":\"https:\/\/www.padreeustaquio.com.br\/\",\"name\":\"Padre Eust\u00e1quio\",\"description\":\"Sa\u00fade e Paz\",\"publisher\":{\"@id\":\"https:\/\/www.padreeustaquio.com.br\/#organization\"},\"potentialAction\":[{\"@type\":\"SearchAction\",\"target\":{\"@type\":\"EntryPoint\",\"urlTemplate\":\"https:\/\/www.padreeustaquio.com.br\/?s={search_term_string}\"},\"query-input\":{\"@type\":\"PropertyValueSpecification\",\"valueRequired\":true,\"valueName\":\"search_term_string\"}}],\"inLanguage\":\"en-US\"},{\"@type\":\"Organization\",\"@id\":\"https:\/\/www.padreeustaquio.com.br\/#organization\",\"name\":\"Padre Eust\u00e1quio\",\"url\":\"https:\/\/www.padreeustaquio.com.br\/\",\"logo\":{\"@type\":\"ImageObject\",\"inLanguage\":\"en-US\",\"@id\":\"https:\/\/www.padreeustaquio.com.br\/#\/schema\/logo\/image\/\",\"url\":\"https:\/\/www.padreeustaquio.com.br\/wp-content\/uploads\/2019\/08\/marca.png\",\"contentUrl\":\"https:\/\/www.padreeustaquio.com.br\/wp-content\/uploads\/2019\/08\/marca.png\",\"width\":350,\"height\":400,\"caption\":\"Padre Eust\u00e1quio\"},\"image\":{\"@id\":\"https:\/\/www.padreeustaquio.com.br\/#\/schema\/logo\/image\/\"},\"sameAs\":[\"https:\/\/www.facebook.com\/beatopadreeustaquio\/\",\"https:\/\/x.com\/beatopeustaquio\",\"https:\/\/www.instagram.com\/beatopadreeustaquio\/\",\"https:\/\/www.youtube.com\/channel\/UCRhw7vfabnajwLxb1ZXMeIw\"]},{\"@type\":\"Person\",\"@id\":\"https:\/\/www.padreeustaquio.com.br\/#\/schema\/person\/a2a51db1d00f1a7af0204a0f1ddb1566\",\"name\":\"@sscc\",\"image\":{\"@type\":\"ImageObject\",\"inLanguage\":\"en-US\",\"@id\":\"https:\/\/secure.gravatar.com\/avatar\/68cfafa5f44617fea54071e215026e0ff06be366c3d54a8425f04fdcb86f8c5f?s=96&d=mm&r=g\",\"url\":\"https:\/\/secure.gravatar.com\/avatar\/68cfafa5f44617fea54071e215026e0ff06be366c3d54a8425f04fdcb86f8c5f?s=96&d=mm&r=g\",\"contentUrl\":\"https:\/\/secure.gravatar.com\/avatar\/68cfafa5f44617fea54071e215026e0ff06be366c3d54a8425f04fdcb86f8c5f?s=96&d=mm&r=g\",\"caption\":\"@sscc\"},\"url\":\"https:\/\/www.padreeustaquio.com.br\/en\/author\/sscc\/\"}]}<\/script>\n<!-- \/ Yoast SEO plugin. -->","yoast_head_json":{"title":"The Sanctuary team participates in the celebration of the Feast of the Immaculate Conception - Father Eust\u00e1quio","robots":{"index":"index","follow":"follow","max-snippet":"max-snippet:-1","max-image-preview":"max-image-preview:large","max-video-preview":"max-video-preview:-1"},"canonical":"https:\/\/www.padreeustaquio.com.br\/en\/the-sanctuary-team-participates-in-the-celebration-of-the-day-of-our-lady-of-the-conception\/","og_locale":"en_US","og_type":"article","og_title":"Equipe do Santu\u00e1rio participa de celebra\u00e7\u00e3o do Dia da Imaculada Concei\u00e7\u00e3o - Padre Eust\u00e1quio","og_description":"Na \u00faltima sexta-feira, dia 6 de dezembro, paroquianos do Santu\u00e1rio da Sa\u00fade e da Paz participaram das solenidades comemorativas do Dia da Imaculada Concei\u00e7\u00e3o, no Santu\u00e1rio\u00a0de Nossa Senhora da Concei\u00e7\u00e3o dos Pobres, na Lagoinha, em Belo Horioznte. A santa missa foi presidida pelo padre S\u00e9rgio Stein, ss.cc, auxiliado por ministros extraordin\u00e1rios da comunh\u00e3o, grupo de canto, salmista, proclamador e leitor, todos do Santu\u00e1rio Sa\u00fade e Paz. A equipe foi recebida pelo reitor daquele santu\u00e1rio, padre Roberto Rubens da Silva, e pelos paroquianos que acolheram a todos com muito carinho. (Veja fotos da equipe no final do texto) Festa da Imaculada [&hellip;]","og_url":"https:\/\/www.padreeustaquio.com.br\/en\/the-sanctuary-team-participates-in-the-celebration-of-the-day-of-our-lady-of-the-conception\/","og_site_name":"Padre Eust\u00e1quio","article_publisher":"https:\/\/www.facebook.com\/beatopadreeustaquio\/","article_published_time":"2019-12-09T12:55:44+00:00","article_modified_time":"2019-12-09T12:56:11+00:00","og_image":[{"width":1280,"height":960,"url":"https:\/\/www.padreeustaquio.com.br\/wp-content\/uploads\/2019\/12\/WhatsApp-Image-2019-12-07-at-11.03.18.jpeg","type":"image\/jpeg"}],"author":"@sscc","twitter_card":"summary_large_image","twitter_creator":"@beatopeustaquio","twitter_site":"@beatopeustaquio","twitter_misc":{"Written by":"@sscc","Est. reading time":"2 minutes"},"schema":{"@context":"https:\/\/schema.org","@graph":[{"@type":"Article","@id":"https:\/\/www.padreeustaquio.com.br\/equipe-do-santuario-participa-de-celebracao-do-dia-de-nsa-sra-da-conceicao\/#article","isPartOf":{"@id":"https:\/\/www.padreeustaquio.com.br\/equipe-do-santuario-participa-de-celebracao-do-dia-de-nsa-sra-da-conceicao\/"},"author":{"name":"@sscc","@id":"https:\/\/www.padreeustaquio.com.br\/#\/schema\/person\/a2a51db1d00f1a7af0204a0f1ddb1566"},"headline":"Equipe do Santu\u00e1rio participa de celebra\u00e7\u00e3o do Dia da Imaculada Concei\u00e7\u00e3o","datePublished":"2019-12-09T12:55:44+00:00","dateModified":"2019-12-09T12:56:11+00:00","mainEntityOfPage":{"@id":"https:\/\/www.padreeustaquio.com.br\/equipe-do-santuario-participa-de-celebracao-do-dia-de-nsa-sra-da-conceicao\/"},"wordCount":427,"commentCount":0,"publisher":{"@id":"https:\/\/www.padreeustaquio.com.br\/#organization"},"image":{"@id":"https:\/\/www.padreeustaquio.com.br\/equipe-do-santuario-participa-de-celebracao-do-dia-de-nsa-sra-da-conceicao\/#primaryimage"},"thumbnailUrl":"https:\/\/www.padreeustaquio.com.br\/wp-content\/uploads\/2019\/12\/WhatsApp-Image-2019-12-07-at-11.03.18.jpeg","articleSection":["Not\u00edcias"],"inLanguage":"en-US","potentialAction":[{"@type":"CommentAction","name":"Comment","target":["https:\/\/www.padreeustaquio.com.br\/equipe-do-santuario-participa-de-celebracao-do-dia-de-nsa-sra-da-conceicao\/#respond"]}]},{"@type":"WebPage","@id":"https:\/\/www.padreeustaquio.com.br\/equipe-do-santuario-participa-de-celebracao-do-dia-de-nsa-sra-da-conceicao\/","url":"https:\/\/www.padreeustaquio.com.br\/equipe-do-santuario-participa-de-celebracao-do-dia-de-nsa-sra-da-conceicao\/","name":"The Sanctuary team participates in the celebration of the Feast of the Immaculate Conception - Father Eust\u00e1quio","isPartOf":{"@id":"https:\/\/www.padreeustaquio.com.br\/#website"},"primaryImageOfPage":{"@id":"https:\/\/www.padreeustaquio.com.br\/equipe-do-santuario-participa-de-celebracao-do-dia-de-nsa-sra-da-conceicao\/#primaryimage"},"image":{"@id":"https:\/\/www.padreeustaquio.com.br\/equipe-do-santuario-participa-de-celebracao-do-dia-de-nsa-sra-da-conceicao\/#primaryimage"},"thumbnailUrl":"https:\/\/www.padreeustaquio.com.br\/wp-content\/uploads\/2019\/12\/WhatsApp-Image-2019-12-07-at-11.03.18.jpeg","datePublished":"2019-12-09T12:55:44+00:00","dateModified":"2019-12-09T12:56:11+00:00","breadcrumb":{"@id":"https:\/\/www.padreeustaquio.com.br\/equipe-do-santuario-participa-de-celebracao-do-dia-de-nsa-sra-da-conceicao\/#breadcrumb"},"inLanguage":"en-US","potentialAction":[{"@type":"ReadAction","target":["https:\/\/www.padreeustaquio.com.br\/equipe-do-santuario-participa-de-celebracao-do-dia-de-nsa-sra-da-conceicao\/"]}]},{"@type":"ImageObject","inLanguage":"en-US","@id":"https:\/\/www.padreeustaquio.com.br\/equipe-do-santuario-participa-de-celebracao-do-dia-de-nsa-sra-da-conceicao\/#primaryimage","url":"https:\/\/www.padreeustaquio.com.br\/wp-content\/uploads\/2019\/12\/WhatsApp-Image-2019-12-07-at-11.03.18.jpeg","contentUrl":"https:\/\/www.padreeustaquio.com.br\/wp-content\/uploads\/2019\/12\/WhatsApp-Image-2019-12-07-at-11.03.18.jpeg","width":1280,"height":960},{"@type":"BreadcrumbList","@id":"https:\/\/www.padreeustaquio.com.br\/equipe-do-santuario-participa-de-celebracao-do-dia-de-nsa-sra-da-conceicao\/#breadcrumb","itemListElement":[{"@type":"ListItem","position":1,"name":"In\u00edcio","item":"https:\/\/www.padreeustaquio.com.br\/"},{"@type":"ListItem","position":2,"name":"Equipe do Santu\u00e1rio participa de celebra\u00e7\u00e3o do Dia da Imaculada Concei\u00e7\u00e3o"}]},{"@type":"WebSite","@id":"https:\/\/www.padreeustaquio.com.br\/#website","url":"https:\/\/www.padreeustaquio.com.br\/","name":"FATHER EUST\u00c1QUIO","description":"Health and Peace","publisher":{"@id":"https:\/\/www.padreeustaquio.com.br\/#organization"},"potentialAction":[{"@type":"SearchAction","target":{"@type":"EntryPoint","urlTemplate":"https:\/\/www.padreeustaquio.com.br\/?s={search_term_string}"},"query-input":{"@type":"PropertyValueSpecification","valueRequired":true,"valueName":"search_term_string"}}],"inLanguage":"en-US"},{"@type":"Organization","@id":"https:\/\/www.padreeustaquio.com.br\/#organization","name":"FATHER EUST\u00c1QUIO","url":"https:\/\/www.padreeustaquio.com.br\/","logo":{"@type":"ImageObject","inLanguage":"en-US","@id":"https:\/\/www.padreeustaquio.com.br\/#\/schema\/logo\/image\/","url":"https:\/\/www.padreeustaquio.com.br\/wp-content\/uploads\/2019\/08\/marca.png","contentUrl":"https:\/\/www.padreeustaquio.com.br\/wp-content\/uploads\/2019\/08\/marca.png","width":350,"height":400,"caption":"Padre Eust\u00e1quio"},"image":{"@id":"https:\/\/www.padreeustaquio.com.br\/#\/schema\/logo\/image\/"},"sameAs":["https:\/\/www.facebook.com\/beatopadreeustaquio\/","https:\/\/x.com\/beatopeustaquio","https:\/\/www.instagram.com\/beatopadreeustaquio\/","https:\/\/www.youtube.com\/channel\/UCRhw7vfabnajwLxb1ZXMeIw"]},{"@type":"Person","@id":"https:\/\/www.padreeustaquio.com.br\/#\/schema\/person\/a2a51db1d00f1a7af0204a0f1ddb1566","name":"@sscc","image":{"@type":"ImageObject","inLanguage":"en-US","@id":"https:\/\/secure.gravatar.com\/avatar\/68cfafa5f44617fea54071e215026e0ff06be366c3d54a8425f04fdcb86f8c5f?s=96&d=mm&r=g","url":"https:\/\/secure.gravatar.com\/avatar\/68cfafa5f44617fea54071e215026e0ff06be366c3d54a8425f04fdcb86f8c5f?s=96&d=mm&r=g","contentUrl":"https:\/\/secure.gravatar.com\/avatar\/68cfafa5f44617fea54071e215026e0ff06be366c3d54a8425f04fdcb86f8c5f?s=96&d=mm&r=g","caption":"@sscc"},"url":"https:\/\/www.padreeustaquio.com.br\/en\/author\/sscc\/"}]}},"_links":{"self":[{"href":"https:\/\/www.padreeustaquio.com.br\/en\/wp-json\/wp\/v2\/posts\/3741","targetHints":{"allow":["GET"]}}],"collection":[{"href":"https:\/\/www.padreeustaquio.com.br\/en\/wp-json\/wp\/v2\/posts"}],"about":[{"href":"https:\/\/www.padreeustaquio.com.br\/en\/wp-json\/wp\/v2\/types\/post"}],"author":[{"embeddable":true,"href":"https:\/\/www.padreeustaquio.com.br\/en\/wp-json\/wp\/v2\/users\/2"}],"replies":[{"embeddable":true,"href":"https:\/\/www.padreeustaquio.com.br\/en\/wp-json\/wp\/v2\/comments?post=3741"}],"version-history":[{"count":0,"href":"https:\/\/www.padreeustaquio.com.br\/en\/wp-json\/wp\/v2\/posts\/3741\/revisions"}],"wp:featuredmedia":[{"embeddable":true,"href":"https:\/\/www.padreeustaquio.com.br\/en\/wp-json\/wp\/v2\/media\/3749"}],"wp:attachment":[{"href":"https:\/\/www.padreeustaquio.com.br\/en\/wp-json\/wp\/v2\/media?parent=3741"}],"wp:term":[{"taxonomy":"category","embeddable":true,"href":"https:\/\/www.padreeustaquio.com.br\/en\/wp-json\/wp\/v2\/categories?post=3741"},{"taxonomy":"post_tag","embeddable":true,"href":"https:\/\/www.padreeustaquio.com.br\/en\/wp-json\/wp\/v2\/tags?post=3741"}],"curies":[{"name":"wp","href":"https:\/\/api.w.org\/{rel}","templated":true}]}}