{"id":3056,"date":"2019-05-29T22:20:11","date_gmt":"2019-05-30T01:20:11","guid":{"rendered":"http:\/\/br606.teste.website\/~padre078\/padreeustaquio.com.br\/?p=3056"},"modified":"2019-08-21T22:28:14","modified_gmt":"2019-08-22T01:28:14","slug":"pope-sin-ages-us-the-holy-spirit-keeps-us-forever-young","status":"publish","type":"post","link":"https:\/\/www.padreeustaquio.com.br\/en\/pope-sin-ages-us-the-holy-spirit-keeps-us-forever-young\/","title":{"rendered":"Pope: Sin ages us, the Holy Spirit keeps us young forever."},"content":{"rendered":"<p>In one of his homilies, Pope Francis emphasized the leading role of the Holy Spirit. The Eucharist was celebrated on May 28th in the Chapel of the Casa Santa Marta.<\/p>\n<p>\u201cIn his farewell discourse to his disciples before ascending to Heaven, Jesus gives us a true catechesis on the Holy Spirit. Jesus explains who He is. The disciples were saddened to hear that Jesus would leave them, and he rebukes them for it,\u201d says Francis. \u201dNo, sadness is not Christian behavior.\u201c But how can we avoid sadness? \u201dAgainst sadness, in prayer, we ask the Lord to keep within us the renewed youthfulness of the spirit.\u201c Here, the Holy Spirit comes into play because it is He who brings about in us this youthfulness that always renews us.<\/p>\n<p>The Pope quoted a saint who said: \u201cA sad saint is a sorry saint.\u201d \u201cTherefore, a sad Christian is a sorry Christian, and that is not good. Sadness does not enter the heart of a Christian, because he is young,\u201d Francis continued. The Holy Spirit is the one who makes us capable of carrying our crosses. The Pontiff cited the example of Paul and Silas who, in prison, sang hymns to God, as in the first reading, taken from the Book of Acts of the Apostles.<\/p>\n<p>The Holy Spirit renews all things. \u201cThe Holy Spirit is the one who accompanies us in life, who sustains us. He is the Paraclete,\u201d the Pope emphasized. \u201cBut what a strange name,\u201d said Francis, recalling that at a Mass for children on Pentecost Sunday, he asked if they knew who the Holy Spirit was. And a boy answered him: the paralytic. Many times we think that the Holy Spirit is a paralytic, that he does nothing\u2026 On the contrary, He is the One who sustains us. The word Paraclete means \u201cthe one who is at my side to support me,\u201d so that I do not fall, so that I go forward, so that I preserve this youthfulness of the Spirit. The Christian is always young. When the heart of the Christian begins to age, his Christian vocation begins to diminish. Either you are young in heart and soul or you are not a Christian.<\/p>\n<p>Even though we are sinners, the Spirit helps us to repent and makes us look forward. \u201cSpeak to the Spirit,\u201d the Pope said. \u201cHe will support you and give you youth again.\u201d Sin, on the other hand, ages: \u201cIt ages the soul, it ages everything.\u201d Francis further emphasized: \u201cNever this pagan sadness.\u201d In life there are difficult moments, but in those moments \u201cwe feel that the Spirit helps us to move forward (\u2026) and to overcome difficulties. Even martyrdom.\u201d And the Pope concluded: Let us ask the Lord not to lose this renewed youth, not to be retired Christians who have lost their joy and let themselves be led\u2026 A Christian never retires, a Christian lives, lives because he is young, when he is a true Christian.<\/p>\n<p>Source: Vatican News<\/p>","protected":false},"excerpt":{"rendered":"<p>Em uma de suas homilias, o Papa Francisco ressaltou o protagonismo do Esp\u00edrito Santo. A Eucaristia foi celebrada no dia 28 de maio, na Capela da Casa Santa Marta. \u201cNo discurso de despedida aos disc\u00edpulos antes de subir aos C\u00e9us, Jesus nos faz uma verdadeira catequese sobre o Esp\u00edrito Santo\u201d. Jesus nos explica quem ele \u00e9. Os disc\u00edpulos ficaram tristes ao ouvir que Jesus os deixar\u00e1 e ele os repreende por isso,\u201d afirma Francisco. \u201cN\u00e3o, a tristeza n\u00e3o \u00e9 um comportamento crist\u00e3o\u201d. Mas como n\u00e3o ficar triste? \u201cContra a tristeza, na ora\u00e7\u00e3o, pedimos ao Senhor para que guarde em n\u00f3s [&hellip;]<\/p>\n","protected":false},"author":6,"featured_media":3057,"comment_status":"closed","ping_status":"open","sticky":false,"template":"","format":"standard","meta":{"_acf_changed":false,"footnotes":""},"categories":[611],"tags":[],"class_list":["post-3056","post","type-post","status-publish","format-standard","has-post-thumbnail","hentry","category-noticias"],"acf":[],"yoast_head":"<!-- This site is optimized with the Yoast SEO plugin v27.2 - https:\/\/yoast.com\/product\/yoast-seo-wordpress\/ -->\n<title>Papa: o pecado envelhece, o Esp\u00edrito Santo nos torna sempre jovens - Padre Eust\u00e1quio<\/title>\n<meta name=\"robots\" content=\"index, follow, max-snippet:-1, max-image-preview:large, max-video-preview:-1\" \/>\n<link rel=\"canonical\" href=\"https:\/\/www.padreeustaquio.com.br\/en\/pope-sin-ages-us-the-holy-spirit-keeps-us-forever-young\/\" \/>\n<meta property=\"og:locale\" content=\"en_US\" \/>\n<meta property=\"og:type\" content=\"article\" \/>\n<meta property=\"og:title\" content=\"Papa: o pecado envelhece, o Esp\u00edrito Santo nos torna sempre jovens - Padre Eust\u00e1quio\" \/>\n<meta property=\"og:description\" content=\"Em uma de suas homilias, o Papa Francisco ressaltou o protagonismo do Esp\u00edrito Santo. A Eucaristia foi celebrada no dia 28 de maio, na Capela da Casa Santa Marta. \u201cNo discurso de despedida aos disc\u00edpulos antes de subir aos C\u00e9us, Jesus nos faz uma verdadeira catequese sobre o Esp\u00edrito Santo\u201d. Jesus nos explica quem ele \u00e9. Os disc\u00edpulos ficaram tristes ao ouvir que Jesus os deixar\u00e1 e ele os repreende por isso,\u201d afirma Francisco. \u201cN\u00e3o, a tristeza n\u00e3o \u00e9 um comportamento crist\u00e3o\u201d. Mas como n\u00e3o ficar triste? \u201cContra a tristeza, na ora\u00e7\u00e3o, pedimos ao Senhor para que guarde em n\u00f3s [&hellip;]\" \/>\n<meta property=\"og:url\" content=\"https:\/\/www.padreeustaquio.com.br\/en\/pope-sin-ages-us-the-holy-spirit-keeps-us-forever-young\/\" \/>\n<meta property=\"og:site_name\" content=\"Padre Eust\u00e1quio\" \/>\n<meta property=\"article:publisher\" content=\"https:\/\/www.facebook.com\/beatopadreeustaquio\/\" \/>\n<meta property=\"article:published_time\" content=\"2019-05-30T01:20:11+00:00\" \/>\n<meta property=\"article:modified_time\" content=\"2019-08-22T01:28:14+00:00\" \/>\n<meta property=\"og:image\" content=\"https:\/\/www.padreeustaquio.com.br\/wp-content\/uploads\/2019\/08\/037.jpg\" \/>\n\t<meta property=\"og:image:width\" content=\"512\" \/>\n\t<meta property=\"og:image:height\" content=\"394\" \/>\n\t<meta property=\"og:image:type\" content=\"image\/jpeg\" \/>\n<meta name=\"author\" content=\"sscc\" \/>\n<meta name=\"twitter:card\" content=\"summary_large_image\" \/>\n<meta name=\"twitter:creator\" content=\"@beatopeustaquio\" \/>\n<meta name=\"twitter:site\" content=\"@beatopeustaquio\" \/>\n<meta name=\"twitter:label1\" content=\"Written by\" \/>\n\t<meta name=\"twitter:data1\" content=\"sscc\" \/>\n\t<meta name=\"twitter:label2\" content=\"Est. reading time\" \/>\n\t<meta name=\"twitter:data2\" content=\"3 minutes\" \/>\n<script type=\"application\/ld+json\" class=\"yoast-schema-graph\">{\"@context\":\"https:\/\/schema.org\",\"@graph\":[{\"@type\":\"Article\",\"@id\":\"https:\/\/www.padreeustaquio.com.br\/papa-o-pecado-envelhece-o-espirito-santo-nos-torna-sempre-jovens\/#article\",\"isPartOf\":{\"@id\":\"https:\/\/www.padreeustaquio.com.br\/papa-o-pecado-envelhece-o-espirito-santo-nos-torna-sempre-jovens\/\"},\"author\":{\"name\":\"sscc\",\"@id\":\"https:\/\/www.padreeustaquio.com.br\/#\/schema\/person\/1bbfe7b959f00a655f8ecb6cb8f3ce87\"},\"headline\":\"Papa: o pecado envelhece, o Esp\u00edrito Santo nos torna sempre jovens\",\"datePublished\":\"2019-05-30T01:20:11+00:00\",\"dateModified\":\"2019-08-22T01:28:14+00:00\",\"mainEntityOfPage\":{\"@id\":\"https:\/\/www.padreeustaquio.com.br\/papa-o-pecado-envelhece-o-espirito-santo-nos-torna-sempre-jovens\/\"},\"wordCount\":534,\"publisher\":{\"@id\":\"https:\/\/www.padreeustaquio.com.br\/#organization\"},\"image\":{\"@id\":\"https:\/\/www.padreeustaquio.com.br\/papa-o-pecado-envelhece-o-espirito-santo-nos-torna-sempre-jovens\/#primaryimage\"},\"thumbnailUrl\":\"https:\/\/www.padreeustaquio.com.br\/wp-content\/uploads\/2019\/08\/037.jpg\",\"articleSection\":[\"Not\u00edcias\"],\"inLanguage\":\"en-US\"},{\"@type\":\"WebPage\",\"@id\":\"https:\/\/www.padreeustaquio.com.br\/papa-o-pecado-envelhece-o-espirito-santo-nos-torna-sempre-jovens\/\",\"url\":\"https:\/\/www.padreeustaquio.com.br\/papa-o-pecado-envelhece-o-espirito-santo-nos-torna-sempre-jovens\/\",\"name\":\"Papa: o pecado envelhece, o Esp\u00edrito Santo nos torna sempre jovens - Padre Eust\u00e1quio\",\"isPartOf\":{\"@id\":\"https:\/\/www.padreeustaquio.com.br\/#website\"},\"primaryImageOfPage\":{\"@id\":\"https:\/\/www.padreeustaquio.com.br\/papa-o-pecado-envelhece-o-espirito-santo-nos-torna-sempre-jovens\/#primaryimage\"},\"image\":{\"@id\":\"https:\/\/www.padreeustaquio.com.br\/papa-o-pecado-envelhece-o-espirito-santo-nos-torna-sempre-jovens\/#primaryimage\"},\"thumbnailUrl\":\"https:\/\/www.padreeustaquio.com.br\/wp-content\/uploads\/2019\/08\/037.jpg\",\"datePublished\":\"2019-05-30T01:20:11+00:00\",\"dateModified\":\"2019-08-22T01:28:14+00:00\",\"breadcrumb\":{\"@id\":\"https:\/\/www.padreeustaquio.com.br\/papa-o-pecado-envelhece-o-espirito-santo-nos-torna-sempre-jovens\/#breadcrumb\"},\"inLanguage\":\"en-US\",\"potentialAction\":[{\"@type\":\"ReadAction\",\"target\":[\"https:\/\/www.padreeustaquio.com.br\/papa-o-pecado-envelhece-o-espirito-santo-nos-torna-sempre-jovens\/\"]}]},{\"@type\":\"ImageObject\",\"inLanguage\":\"en-US\",\"@id\":\"https:\/\/www.padreeustaquio.com.br\/papa-o-pecado-envelhece-o-espirito-santo-nos-torna-sempre-jovens\/#primaryimage\",\"url\":\"https:\/\/www.padreeustaquio.com.br\/wp-content\/uploads\/2019\/08\/037.jpg\",\"contentUrl\":\"https:\/\/www.padreeustaquio.com.br\/wp-content\/uploads\/2019\/08\/037.jpg\",\"width\":512,\"height\":394},{\"@type\":\"BreadcrumbList\",\"@id\":\"https:\/\/www.padreeustaquio.com.br\/papa-o-pecado-envelhece-o-espirito-santo-nos-torna-sempre-jovens\/#breadcrumb\",\"itemListElement\":[{\"@type\":\"ListItem\",\"position\":1,\"name\":\"In\u00edcio\",\"item\":\"https:\/\/www.padreeustaquio.com.br\/\"},{\"@type\":\"ListItem\",\"position\":2,\"name\":\"Papa: o pecado envelhece, o Esp\u00edrito Santo nos torna sempre jovens\"}]},{\"@type\":\"WebSite\",\"@id\":\"https:\/\/www.padreeustaquio.com.br\/#website\",\"url\":\"https:\/\/www.padreeustaquio.com.br\/\",\"name\":\"Padre Eust\u00e1quio\",\"description\":\"Sa\u00fade e Paz\",\"publisher\":{\"@id\":\"https:\/\/www.padreeustaquio.com.br\/#organization\"},\"potentialAction\":[{\"@type\":\"SearchAction\",\"target\":{\"@type\":\"EntryPoint\",\"urlTemplate\":\"https:\/\/www.padreeustaquio.com.br\/?s={search_term_string}\"},\"query-input\":{\"@type\":\"PropertyValueSpecification\",\"valueRequired\":true,\"valueName\":\"search_term_string\"}}],\"inLanguage\":\"en-US\"},{\"@type\":\"Organization\",\"@id\":\"https:\/\/www.padreeustaquio.com.br\/#organization\",\"name\":\"Padre Eust\u00e1quio\",\"url\":\"https:\/\/www.padreeustaquio.com.br\/\",\"logo\":{\"@type\":\"ImageObject\",\"inLanguage\":\"en-US\",\"@id\":\"https:\/\/www.padreeustaquio.com.br\/#\/schema\/logo\/image\/\",\"url\":\"https:\/\/www.padreeustaquio.com.br\/wp-content\/uploads\/2019\/08\/marca.png\",\"contentUrl\":\"https:\/\/www.padreeustaquio.com.br\/wp-content\/uploads\/2019\/08\/marca.png\",\"width\":350,\"height\":400,\"caption\":\"Padre Eust\u00e1quio\"},\"image\":{\"@id\":\"https:\/\/www.padreeustaquio.com.br\/#\/schema\/logo\/image\/\"},\"sameAs\":[\"https:\/\/www.facebook.com\/beatopadreeustaquio\/\",\"https:\/\/x.com\/beatopeustaquio\",\"https:\/\/www.instagram.com\/beatopadreeustaquio\/\",\"https:\/\/www.youtube.com\/channel\/UCRhw7vfabnajwLxb1ZXMeIw\"]},{\"@type\":\"Person\",\"@id\":\"https:\/\/www.padreeustaquio.com.br\/#\/schema\/person\/1bbfe7b959f00a655f8ecb6cb8f3ce87\",\"name\":\"sscc\",\"image\":{\"@type\":\"ImageObject\",\"inLanguage\":\"en-US\",\"@id\":\"https:\/\/secure.gravatar.com\/avatar\/edddec27f012d36cfa3fce966238219942e4659e87f27ef7b5704f0db7007bec?s=96&d=mm&r=g\",\"url\":\"https:\/\/secure.gravatar.com\/avatar\/edddec27f012d36cfa3fce966238219942e4659e87f27ef7b5704f0db7007bec?s=96&d=mm&r=g\",\"contentUrl\":\"https:\/\/secure.gravatar.com\/avatar\/edddec27f012d36cfa3fce966238219942e4659e87f27ef7b5704f0db7007bec?s=96&d=mm&r=g\",\"caption\":\"sscc\"},\"url\":\"https:\/\/www.padreeustaquio.com.br\/en\/author\/userpde\/\"}]}<\/script>\n<!-- \/ Yoast SEO plugin. -->","yoast_head_json":{"title":"Pope: Sin ages us, the Holy Spirit makes us forever young - Father Eust\u00e1quio","robots":{"index":"index","follow":"follow","max-snippet":"max-snippet:-1","max-image-preview":"max-image-preview:large","max-video-preview":"max-video-preview:-1"},"canonical":"https:\/\/www.padreeustaquio.com.br\/en\/pope-sin-ages-us-the-holy-spirit-keeps-us-forever-young\/","og_locale":"en_US","og_type":"article","og_title":"Papa: o pecado envelhece, o Esp\u00edrito Santo nos torna sempre jovens - Padre Eust\u00e1quio","og_description":"Em uma de suas homilias, o Papa Francisco ressaltou o protagonismo do Esp\u00edrito Santo. A Eucaristia foi celebrada no dia 28 de maio, na Capela da Casa Santa Marta. \u201cNo discurso de despedida aos disc\u00edpulos antes de subir aos C\u00e9us, Jesus nos faz uma verdadeira catequese sobre o Esp\u00edrito Santo\u201d. Jesus nos explica quem ele \u00e9. Os disc\u00edpulos ficaram tristes ao ouvir que Jesus os deixar\u00e1 e ele os repreende por isso,\u201d afirma Francisco. \u201cN\u00e3o, a tristeza n\u00e3o \u00e9 um comportamento crist\u00e3o\u201d. Mas como n\u00e3o ficar triste? \u201cContra a tristeza, na ora\u00e7\u00e3o, pedimos ao Senhor para que guarde em n\u00f3s [&hellip;]","og_url":"https:\/\/www.padreeustaquio.com.br\/en\/pope-sin-ages-us-the-holy-spirit-keeps-us-forever-young\/","og_site_name":"Padre Eust\u00e1quio","article_publisher":"https:\/\/www.facebook.com\/beatopadreeustaquio\/","article_published_time":"2019-05-30T01:20:11+00:00","article_modified_time":"2019-08-22T01:28:14+00:00","og_image":[{"width":512,"height":394,"url":"https:\/\/www.padreeustaquio.com.br\/wp-content\/uploads\/2019\/08\/037.jpg","type":"image\/jpeg"}],"author":"sscc","twitter_card":"summary_large_image","twitter_creator":"@beatopeustaquio","twitter_site":"@beatopeustaquio","twitter_misc":{"Written by":"sscc","Est. reading time":"3 minutes"},"schema":{"@context":"https:\/\/schema.org","@graph":[{"@type":"Article","@id":"https:\/\/www.padreeustaquio.com.br\/papa-o-pecado-envelhece-o-espirito-santo-nos-torna-sempre-jovens\/#article","isPartOf":{"@id":"https:\/\/www.padreeustaquio.com.br\/papa-o-pecado-envelhece-o-espirito-santo-nos-torna-sempre-jovens\/"},"author":{"name":"sscc","@id":"https:\/\/www.padreeustaquio.com.br\/#\/schema\/person\/1bbfe7b959f00a655f8ecb6cb8f3ce87"},"headline":"Papa: o pecado envelhece, o Esp\u00edrito Santo nos torna sempre jovens","datePublished":"2019-05-30T01:20:11+00:00","dateModified":"2019-08-22T01:28:14+00:00","mainEntityOfPage":{"@id":"https:\/\/www.padreeustaquio.com.br\/papa-o-pecado-envelhece-o-espirito-santo-nos-torna-sempre-jovens\/"},"wordCount":534,"publisher":{"@id":"https:\/\/www.padreeustaquio.com.br\/#organization"},"image":{"@id":"https:\/\/www.padreeustaquio.com.br\/papa-o-pecado-envelhece-o-espirito-santo-nos-torna-sempre-jovens\/#primaryimage"},"thumbnailUrl":"https:\/\/www.padreeustaquio.com.br\/wp-content\/uploads\/2019\/08\/037.jpg","articleSection":["Not\u00edcias"],"inLanguage":"en-US"},{"@type":"WebPage","@id":"https:\/\/www.padreeustaquio.com.br\/papa-o-pecado-envelhece-o-espirito-santo-nos-torna-sempre-jovens\/","url":"https:\/\/www.padreeustaquio.com.br\/papa-o-pecado-envelhece-o-espirito-santo-nos-torna-sempre-jovens\/","name":"Pope: Sin ages us, the Holy Spirit makes us forever young - Father Eust\u00e1quio","isPartOf":{"@id":"https:\/\/www.padreeustaquio.com.br\/#website"},"primaryImageOfPage":{"@id":"https:\/\/www.padreeustaquio.com.br\/papa-o-pecado-envelhece-o-espirito-santo-nos-torna-sempre-jovens\/#primaryimage"},"image":{"@id":"https:\/\/www.padreeustaquio.com.br\/papa-o-pecado-envelhece-o-espirito-santo-nos-torna-sempre-jovens\/#primaryimage"},"thumbnailUrl":"https:\/\/www.padreeustaquio.com.br\/wp-content\/uploads\/2019\/08\/037.jpg","datePublished":"2019-05-30T01:20:11+00:00","dateModified":"2019-08-22T01:28:14+00:00","breadcrumb":{"@id":"https:\/\/www.padreeustaquio.com.br\/papa-o-pecado-envelhece-o-espirito-santo-nos-torna-sempre-jovens\/#breadcrumb"},"inLanguage":"en-US","potentialAction":[{"@type":"ReadAction","target":["https:\/\/www.padreeustaquio.com.br\/papa-o-pecado-envelhece-o-espirito-santo-nos-torna-sempre-jovens\/"]}]},{"@type":"ImageObject","inLanguage":"en-US","@id":"https:\/\/www.padreeustaquio.com.br\/papa-o-pecado-envelhece-o-espirito-santo-nos-torna-sempre-jovens\/#primaryimage","url":"https:\/\/www.padreeustaquio.com.br\/wp-content\/uploads\/2019\/08\/037.jpg","contentUrl":"https:\/\/www.padreeustaquio.com.br\/wp-content\/uploads\/2019\/08\/037.jpg","width":512,"height":394},{"@type":"BreadcrumbList","@id":"https:\/\/www.padreeustaquio.com.br\/papa-o-pecado-envelhece-o-espirito-santo-nos-torna-sempre-jovens\/#breadcrumb","itemListElement":[{"@type":"ListItem","position":1,"name":"In\u00edcio","item":"https:\/\/www.padreeustaquio.com.br\/"},{"@type":"ListItem","position":2,"name":"Papa: o pecado envelhece, o Esp\u00edrito Santo nos torna sempre jovens"}]},{"@type":"WebSite","@id":"https:\/\/www.padreeustaquio.com.br\/#website","url":"https:\/\/www.padreeustaquio.com.br\/","name":"FATHER EUST\u00c1QUIO","description":"Health and Peace","publisher":{"@id":"https:\/\/www.padreeustaquio.com.br\/#organization"},"potentialAction":[{"@type":"SearchAction","target":{"@type":"EntryPoint","urlTemplate":"https:\/\/www.padreeustaquio.com.br\/?s={search_term_string}"},"query-input":{"@type":"PropertyValueSpecification","valueRequired":true,"valueName":"search_term_string"}}],"inLanguage":"en-US"},{"@type":"Organization","@id":"https:\/\/www.padreeustaquio.com.br\/#organization","name":"FATHER EUST\u00c1QUIO","url":"https:\/\/www.padreeustaquio.com.br\/","logo":{"@type":"ImageObject","inLanguage":"en-US","@id":"https:\/\/www.padreeustaquio.com.br\/#\/schema\/logo\/image\/","url":"https:\/\/www.padreeustaquio.com.br\/wp-content\/uploads\/2019\/08\/marca.png","contentUrl":"https:\/\/www.padreeustaquio.com.br\/wp-content\/uploads\/2019\/08\/marca.png","width":350,"height":400,"caption":"Padre Eust\u00e1quio"},"image":{"@id":"https:\/\/www.padreeustaquio.com.br\/#\/schema\/logo\/image\/"},"sameAs":["https:\/\/www.facebook.com\/beatopadreeustaquio\/","https:\/\/x.com\/beatopeustaquio","https:\/\/www.instagram.com\/beatopadreeustaquio\/","https:\/\/www.youtube.com\/channel\/UCRhw7vfabnajwLxb1ZXMeIw"]},{"@type":"Person","@id":"https:\/\/www.padreeustaquio.com.br\/#\/schema\/person\/1bbfe7b959f00a655f8ecb6cb8f3ce87","name":"sscc","image":{"@type":"ImageObject","inLanguage":"en-US","@id":"https:\/\/secure.gravatar.com\/avatar\/edddec27f012d36cfa3fce966238219942e4659e87f27ef7b5704f0db7007bec?s=96&d=mm&r=g","url":"https:\/\/secure.gravatar.com\/avatar\/edddec27f012d36cfa3fce966238219942e4659e87f27ef7b5704f0db7007bec?s=96&d=mm&r=g","contentUrl":"https:\/\/secure.gravatar.com\/avatar\/edddec27f012d36cfa3fce966238219942e4659e87f27ef7b5704f0db7007bec?s=96&d=mm&r=g","caption":"sscc"},"url":"https:\/\/www.padreeustaquio.com.br\/en\/author\/userpde\/"}]}},"_links":{"self":[{"href":"https:\/\/www.padreeustaquio.com.br\/en\/wp-json\/wp\/v2\/posts\/3056","targetHints":{"allow":["GET"]}}],"collection":[{"href":"https:\/\/www.padreeustaquio.com.br\/en\/wp-json\/wp\/v2\/posts"}],"about":[{"href":"https:\/\/www.padreeustaquio.com.br\/en\/wp-json\/wp\/v2\/types\/post"}],"author":[{"embeddable":true,"href":"https:\/\/www.padreeustaquio.com.br\/en\/wp-json\/wp\/v2\/users\/6"}],"replies":[{"embeddable":true,"href":"https:\/\/www.padreeustaquio.com.br\/en\/wp-json\/wp\/v2\/comments?post=3056"}],"version-history":[{"count":0,"href":"https:\/\/www.padreeustaquio.com.br\/en\/wp-json\/wp\/v2\/posts\/3056\/revisions"}],"wp:featuredmedia":[{"embeddable":true,"href":"https:\/\/www.padreeustaquio.com.br\/en\/wp-json\/wp\/v2\/media\/3057"}],"wp:attachment":[{"href":"https:\/\/www.padreeustaquio.com.br\/en\/wp-json\/wp\/v2\/media?parent=3056"}],"wp:term":[{"taxonomy":"category","embeddable":true,"href":"https:\/\/www.padreeustaquio.com.br\/en\/wp-json\/wp\/v2\/categories?post=3056"},{"taxonomy":"post_tag","embeddable":true,"href":"https:\/\/www.padreeustaquio.com.br\/en\/wp-json\/wp\/v2\/tags?post=3056"}],"curies":[{"name":"wp","href":"https:\/\/api.w.org\/{rel}","templated":true}]}}