{"id":3053,"date":"2019-05-28T22:15:56","date_gmt":"2019-05-29T01:15:56","guid":{"rendered":"http:\/\/br606.teste.website\/~padre078\/padreeustaquio.com.br\/?p=3053"},"modified":"2019-08-21T22:17:58","modified_gmt":"2019-08-22T01:17:58","slug":"leaders-of-the-sacred-hearts-movement-in-latin-america-meet-in-peru","status":"publish","type":"post","link":"https:\/\/www.padreeustaquio.com.br\/en\/leaders-of-the-sacred-hearts-movement-in-latin-america-meet-in-peru\/","title":{"rendered":"Leaders of the Sacred Hearts Formation in Latin America meet in Peru."},"content":{"rendered":"<p>From May 20th to 24th, the Meeting of Formators of the Congregation of the Sacred Hearts of Latin America took place. The meeting was held in Lima, Peru, and was attended by 17 formators from various countries including Brazil, Chile, Colombia, Ecuador, Mexico, Paraguay, and Peru.<\/p>\n<p>The Brazilian trainers Father Edmar Oliveira, Father Silvano \u00c1vila, Father Ant\u00f4nio Lemos, and Father Ricardo Silva (who lives in Lima, Peru) formed the Brazilian delegation at the meeting. The organization was handled by Brothers Enrique Ram\u00edrez, Sandro Mancilla, and Paulino Colque. The meeting also included the presence of Vicar General Derek Laverty, SS.CC.<\/p>\n<p>There, topics such as the use of psychological skills, the pastoral path during formation, admission to the interprovincial novitiate, and preparation for perpetual vows were discussed. This meeting is held every three years with the aim of developing common criteria for the initial formation processes of the Congregation in Latin America.<\/p>\n<p>Alberto Toutin, Superior General, spent the final day sharing the General Government&#039;s vision on formation. In his words, he encouraged the religious to continue speaking within the framework of international values and the pursuit of quality training. He also reminded them of the value of formation as a place to create a renewed religious life in dialogue with our world. &quot;I encourage you to love, to put love into our task of building fraternal communities that accompany our young brothers as Jesus loved us,&quot; Toutin concluded during the closing Mass.<\/p>\n<p><em>Source: ssccpicpus.com<\/em><\/p>","protected":false},"excerpt":{"rendered":"<p>Do dia 20 ao dia 24 de maio, foi realizada a Reuni\u00e3o dos Formadores da Congrega\u00e7\u00e3o dos Sagrados Cora\u00e7\u00f5es da Am\u00e9rica Latina. O encontro foi em Lima, no Peru e contou com a participa\u00e7\u00e3o de 17 formadores de diversos pa\u00edses como: Brasil, Chile, Col\u00f4mbia, Equador, M\u00e9xico, Paraguai e Peru. Os formadores brasileiros padre Edmar Oliveira, padre Silvano \u00c1vila, padre Ant\u00f4nio Lemos e padre Ricardo Silva (que mora em Lima, no Peru) formaram a comitiva brasileira no encontro. A organiza\u00e7\u00e3o ficou a cargo dos irm\u00e3os Enrique Ram\u00edrez, Sandro Mancilla e Paulino Colque. O encontro tamb\u00e9m contou com a presen\u00e7a do vig\u00e1rio [&hellip;]<\/p>\n","protected":false},"author":6,"featured_media":3054,"comment_status":"closed","ping_status":"open","sticky":false,"template":"","format":"standard","meta":{"_acf_changed":false,"footnotes":""},"categories":[611],"tags":[],"class_list":["post-3053","post","type-post","status-publish","format-standard","has-post-thumbnail","hentry","category-noticias"],"acf":[],"yoast_head":"<!-- This site is optimized with the Yoast SEO plugin v27.2 - https:\/\/yoast.com\/product\/yoast-seo-wordpress\/ -->\n<title>Formadores dos Sagrados Cora\u00e7\u00f5es na Am\u00e9rica Latina se re\u00fanem no Peru - Padre Eust\u00e1quio<\/title>\n<meta name=\"robots\" content=\"index, follow, max-snippet:-1, max-image-preview:large, max-video-preview:-1\" \/>\n<link rel=\"canonical\" href=\"https:\/\/www.padreeustaquio.com.br\/en\/leaders-of-the-sacred-hearts-movement-in-latin-america-meet-in-peru\/\" \/>\n<meta property=\"og:locale\" content=\"en_US\" \/>\n<meta property=\"og:type\" content=\"article\" \/>\n<meta property=\"og:title\" content=\"Formadores dos Sagrados Cora\u00e7\u00f5es na Am\u00e9rica Latina se re\u00fanem no Peru - Padre Eust\u00e1quio\" \/>\n<meta property=\"og:description\" content=\"Do dia 20 ao dia 24 de maio, foi realizada a Reuni\u00e3o dos Formadores da Congrega\u00e7\u00e3o dos Sagrados Cora\u00e7\u00f5es da Am\u00e9rica Latina. O encontro foi em Lima, no Peru e contou com a participa\u00e7\u00e3o de 17 formadores de diversos pa\u00edses como: Brasil, Chile, Col\u00f4mbia, Equador, M\u00e9xico, Paraguai e Peru. Os formadores brasileiros padre Edmar Oliveira, padre Silvano \u00c1vila, padre Ant\u00f4nio Lemos e padre Ricardo Silva (que mora em Lima, no Peru) formaram a comitiva brasileira no encontro. A organiza\u00e7\u00e3o ficou a cargo dos irm\u00e3os Enrique Ram\u00edrez, Sandro Mancilla e Paulino Colque. O encontro tamb\u00e9m contou com a presen\u00e7a do vig\u00e1rio [&hellip;]\" \/>\n<meta property=\"og:url\" content=\"https:\/\/www.padreeustaquio.com.br\/en\/leaders-of-the-sacred-hearts-movement-in-latin-america-meet-in-peru\/\" \/>\n<meta property=\"og:site_name\" content=\"Padre Eust\u00e1quio\" \/>\n<meta property=\"article:publisher\" content=\"https:\/\/www.facebook.com\/beatopadreeustaquio\/\" \/>\n<meta property=\"article:published_time\" content=\"2019-05-29T01:15:56+00:00\" \/>\n<meta property=\"article:modified_time\" content=\"2019-08-22T01:17:58+00:00\" \/>\n<meta property=\"og:image\" content=\"https:\/\/www.padreeustaquio.com.br\/wp-content\/uploads\/2019\/08\/036.jpg\" \/>\n\t<meta property=\"og:image:width\" content=\"512\" \/>\n\t<meta property=\"og:image:height\" content=\"394\" \/>\n\t<meta property=\"og:image:type\" content=\"image\/jpeg\" \/>\n<meta name=\"author\" content=\"sscc\" \/>\n<meta name=\"twitter:card\" content=\"summary_large_image\" \/>\n<meta name=\"twitter:creator\" content=\"@beatopeustaquio\" \/>\n<meta name=\"twitter:site\" content=\"@beatopeustaquio\" \/>\n<meta name=\"twitter:label1\" content=\"Written by\" \/>\n\t<meta name=\"twitter:data1\" content=\"sscc\" \/>\n\t<meta name=\"twitter:label2\" content=\"Est. reading time\" \/>\n\t<meta name=\"twitter:data2\" content=\"1 minute\" \/>\n<script type=\"application\/ld+json\" class=\"yoast-schema-graph\">{\"@context\":\"https:\/\/schema.org\",\"@graph\":[{\"@type\":\"Article\",\"@id\":\"https:\/\/www.padreeustaquio.com.br\/formadores-dos-sagrados-coracoes-na-america-latina-se-reunem-no-peru\/#article\",\"isPartOf\":{\"@id\":\"https:\/\/www.padreeustaquio.com.br\/formadores-dos-sagrados-coracoes-na-america-latina-se-reunem-no-peru\/\"},\"author\":{\"name\":\"sscc\",\"@id\":\"https:\/\/www.padreeustaquio.com.br\/#\/schema\/person\/1bbfe7b959f00a655f8ecb6cb8f3ce87\"},\"headline\":\"Formadores dos Sagrados Cora\u00e7\u00f5es na Am\u00e9rica Latina se re\u00fanem no Peru\",\"datePublished\":\"2019-05-29T01:15:56+00:00\",\"dateModified\":\"2019-08-22T01:17:58+00:00\",\"mainEntityOfPage\":{\"@id\":\"https:\/\/www.padreeustaquio.com.br\/formadores-dos-sagrados-coracoes-na-america-latina-se-reunem-no-peru\/\"},\"wordCount\":298,\"publisher\":{\"@id\":\"https:\/\/www.padreeustaquio.com.br\/#organization\"},\"image\":{\"@id\":\"https:\/\/www.padreeustaquio.com.br\/formadores-dos-sagrados-coracoes-na-america-latina-se-reunem-no-peru\/#primaryimage\"},\"thumbnailUrl\":\"https:\/\/www.padreeustaquio.com.br\/wp-content\/uploads\/2019\/08\/036.jpg\",\"articleSection\":[\"Not\u00edcias\"],\"inLanguage\":\"en-US\"},{\"@type\":\"WebPage\",\"@id\":\"https:\/\/www.padreeustaquio.com.br\/formadores-dos-sagrados-coracoes-na-america-latina-se-reunem-no-peru\/\",\"url\":\"https:\/\/www.padreeustaquio.com.br\/formadores-dos-sagrados-coracoes-na-america-latina-se-reunem-no-peru\/\",\"name\":\"Formadores dos Sagrados Cora\u00e7\u00f5es na Am\u00e9rica Latina se re\u00fanem no Peru - Padre Eust\u00e1quio\",\"isPartOf\":{\"@id\":\"https:\/\/www.padreeustaquio.com.br\/#website\"},\"primaryImageOfPage\":{\"@id\":\"https:\/\/www.padreeustaquio.com.br\/formadores-dos-sagrados-coracoes-na-america-latina-se-reunem-no-peru\/#primaryimage\"},\"image\":{\"@id\":\"https:\/\/www.padreeustaquio.com.br\/formadores-dos-sagrados-coracoes-na-america-latina-se-reunem-no-peru\/#primaryimage\"},\"thumbnailUrl\":\"https:\/\/www.padreeustaquio.com.br\/wp-content\/uploads\/2019\/08\/036.jpg\",\"datePublished\":\"2019-05-29T01:15:56+00:00\",\"dateModified\":\"2019-08-22T01:17:58+00:00\",\"breadcrumb\":{\"@id\":\"https:\/\/www.padreeustaquio.com.br\/formadores-dos-sagrados-coracoes-na-america-latina-se-reunem-no-peru\/#breadcrumb\"},\"inLanguage\":\"en-US\",\"potentialAction\":[{\"@type\":\"ReadAction\",\"target\":[\"https:\/\/www.padreeustaquio.com.br\/formadores-dos-sagrados-coracoes-na-america-latina-se-reunem-no-peru\/\"]}]},{\"@type\":\"ImageObject\",\"inLanguage\":\"en-US\",\"@id\":\"https:\/\/www.padreeustaquio.com.br\/formadores-dos-sagrados-coracoes-na-america-latina-se-reunem-no-peru\/#primaryimage\",\"url\":\"https:\/\/www.padreeustaquio.com.br\/wp-content\/uploads\/2019\/08\/036.jpg\",\"contentUrl\":\"https:\/\/www.padreeustaquio.com.br\/wp-content\/uploads\/2019\/08\/036.jpg\",\"width\":512,\"height\":394},{\"@type\":\"BreadcrumbList\",\"@id\":\"https:\/\/www.padreeustaquio.com.br\/formadores-dos-sagrados-coracoes-na-america-latina-se-reunem-no-peru\/#breadcrumb\",\"itemListElement\":[{\"@type\":\"ListItem\",\"position\":1,\"name\":\"In\u00edcio\",\"item\":\"https:\/\/www.padreeustaquio.com.br\/\"},{\"@type\":\"ListItem\",\"position\":2,\"name\":\"Formadores dos Sagrados Cora\u00e7\u00f5es na Am\u00e9rica Latina se re\u00fanem no Peru\"}]},{\"@type\":\"WebSite\",\"@id\":\"https:\/\/www.padreeustaquio.com.br\/#website\",\"url\":\"https:\/\/www.padreeustaquio.com.br\/\",\"name\":\"Padre Eust\u00e1quio\",\"description\":\"Sa\u00fade e Paz\",\"publisher\":{\"@id\":\"https:\/\/www.padreeustaquio.com.br\/#organization\"},\"potentialAction\":[{\"@type\":\"SearchAction\",\"target\":{\"@type\":\"EntryPoint\",\"urlTemplate\":\"https:\/\/www.padreeustaquio.com.br\/?s={search_term_string}\"},\"query-input\":{\"@type\":\"PropertyValueSpecification\",\"valueRequired\":true,\"valueName\":\"search_term_string\"}}],\"inLanguage\":\"en-US\"},{\"@type\":\"Organization\",\"@id\":\"https:\/\/www.padreeustaquio.com.br\/#organization\",\"name\":\"Padre Eust\u00e1quio\",\"url\":\"https:\/\/www.padreeustaquio.com.br\/\",\"logo\":{\"@type\":\"ImageObject\",\"inLanguage\":\"en-US\",\"@id\":\"https:\/\/www.padreeustaquio.com.br\/#\/schema\/logo\/image\/\",\"url\":\"https:\/\/www.padreeustaquio.com.br\/wp-content\/uploads\/2019\/08\/marca.png\",\"contentUrl\":\"https:\/\/www.padreeustaquio.com.br\/wp-content\/uploads\/2019\/08\/marca.png\",\"width\":350,\"height\":400,\"caption\":\"Padre Eust\u00e1quio\"},\"image\":{\"@id\":\"https:\/\/www.padreeustaquio.com.br\/#\/schema\/logo\/image\/\"},\"sameAs\":[\"https:\/\/www.facebook.com\/beatopadreeustaquio\/\",\"https:\/\/x.com\/beatopeustaquio\",\"https:\/\/www.instagram.com\/beatopadreeustaquio\/\",\"https:\/\/www.youtube.com\/channel\/UCRhw7vfabnajwLxb1ZXMeIw\"]},{\"@type\":\"Person\",\"@id\":\"https:\/\/www.padreeustaquio.com.br\/#\/schema\/person\/1bbfe7b959f00a655f8ecb6cb8f3ce87\",\"name\":\"sscc\",\"image\":{\"@type\":\"ImageObject\",\"inLanguage\":\"en-US\",\"@id\":\"https:\/\/secure.gravatar.com\/avatar\/edddec27f012d36cfa3fce966238219942e4659e87f27ef7b5704f0db7007bec?s=96&d=mm&r=g\",\"url\":\"https:\/\/secure.gravatar.com\/avatar\/edddec27f012d36cfa3fce966238219942e4659e87f27ef7b5704f0db7007bec?s=96&d=mm&r=g\",\"contentUrl\":\"https:\/\/secure.gravatar.com\/avatar\/edddec27f012d36cfa3fce966238219942e4659e87f27ef7b5704f0db7007bec?s=96&d=mm&r=g\",\"caption\":\"sscc\"},\"url\":\"https:\/\/www.padreeustaquio.com.br\/en\/author\/userpde\/\"}]}<\/script>\n<!-- \/ Yoast SEO plugin. -->","yoast_head_json":{"title":"Formators of the Sacred Hearts in Latin America meet in Peru - Father Eust\u00e1quio","robots":{"index":"index","follow":"follow","max-snippet":"max-snippet:-1","max-image-preview":"max-image-preview:large","max-video-preview":"max-video-preview:-1"},"canonical":"https:\/\/www.padreeustaquio.com.br\/en\/leaders-of-the-sacred-hearts-movement-in-latin-america-meet-in-peru\/","og_locale":"en_US","og_type":"article","og_title":"Formadores dos Sagrados Cora\u00e7\u00f5es na Am\u00e9rica Latina se re\u00fanem no Peru - Padre Eust\u00e1quio","og_description":"Do dia 20 ao dia 24 de maio, foi realizada a Reuni\u00e3o dos Formadores da Congrega\u00e7\u00e3o dos Sagrados Cora\u00e7\u00f5es da Am\u00e9rica Latina. O encontro foi em Lima, no Peru e contou com a participa\u00e7\u00e3o de 17 formadores de diversos pa\u00edses como: Brasil, Chile, Col\u00f4mbia, Equador, M\u00e9xico, Paraguai e Peru. Os formadores brasileiros padre Edmar Oliveira, padre Silvano \u00c1vila, padre Ant\u00f4nio Lemos e padre Ricardo Silva (que mora em Lima, no Peru) formaram a comitiva brasileira no encontro. A organiza\u00e7\u00e3o ficou a cargo dos irm\u00e3os Enrique Ram\u00edrez, Sandro Mancilla e Paulino Colque. O encontro tamb\u00e9m contou com a presen\u00e7a do vig\u00e1rio [&hellip;]","og_url":"https:\/\/www.padreeustaquio.com.br\/en\/leaders-of-the-sacred-hearts-movement-in-latin-america-meet-in-peru\/","og_site_name":"Padre Eust\u00e1quio","article_publisher":"https:\/\/www.facebook.com\/beatopadreeustaquio\/","article_published_time":"2019-05-29T01:15:56+00:00","article_modified_time":"2019-08-22T01:17:58+00:00","og_image":[{"width":512,"height":394,"url":"https:\/\/www.padreeustaquio.com.br\/wp-content\/uploads\/2019\/08\/036.jpg","type":"image\/jpeg"}],"author":"sscc","twitter_card":"summary_large_image","twitter_creator":"@beatopeustaquio","twitter_site":"@beatopeustaquio","twitter_misc":{"Written by":"sscc","Est. reading time":"1 minute"},"schema":{"@context":"https:\/\/schema.org","@graph":[{"@type":"Article","@id":"https:\/\/www.padreeustaquio.com.br\/formadores-dos-sagrados-coracoes-na-america-latina-se-reunem-no-peru\/#article","isPartOf":{"@id":"https:\/\/www.padreeustaquio.com.br\/formadores-dos-sagrados-coracoes-na-america-latina-se-reunem-no-peru\/"},"author":{"name":"sscc","@id":"https:\/\/www.padreeustaquio.com.br\/#\/schema\/person\/1bbfe7b959f00a655f8ecb6cb8f3ce87"},"headline":"Formadores dos Sagrados Cora\u00e7\u00f5es na Am\u00e9rica Latina se re\u00fanem no Peru","datePublished":"2019-05-29T01:15:56+00:00","dateModified":"2019-08-22T01:17:58+00:00","mainEntityOfPage":{"@id":"https:\/\/www.padreeustaquio.com.br\/formadores-dos-sagrados-coracoes-na-america-latina-se-reunem-no-peru\/"},"wordCount":298,"publisher":{"@id":"https:\/\/www.padreeustaquio.com.br\/#organization"},"image":{"@id":"https:\/\/www.padreeustaquio.com.br\/formadores-dos-sagrados-coracoes-na-america-latina-se-reunem-no-peru\/#primaryimage"},"thumbnailUrl":"https:\/\/www.padreeustaquio.com.br\/wp-content\/uploads\/2019\/08\/036.jpg","articleSection":["Not\u00edcias"],"inLanguage":"en-US"},{"@type":"WebPage","@id":"https:\/\/www.padreeustaquio.com.br\/formadores-dos-sagrados-coracoes-na-america-latina-se-reunem-no-peru\/","url":"https:\/\/www.padreeustaquio.com.br\/formadores-dos-sagrados-coracoes-na-america-latina-se-reunem-no-peru\/","name":"Formators of the Sacred Hearts in Latin America meet in Peru - Father Eust\u00e1quio","isPartOf":{"@id":"https:\/\/www.padreeustaquio.com.br\/#website"},"primaryImageOfPage":{"@id":"https:\/\/www.padreeustaquio.com.br\/formadores-dos-sagrados-coracoes-na-america-latina-se-reunem-no-peru\/#primaryimage"},"image":{"@id":"https:\/\/www.padreeustaquio.com.br\/formadores-dos-sagrados-coracoes-na-america-latina-se-reunem-no-peru\/#primaryimage"},"thumbnailUrl":"https:\/\/www.padreeustaquio.com.br\/wp-content\/uploads\/2019\/08\/036.jpg","datePublished":"2019-05-29T01:15:56+00:00","dateModified":"2019-08-22T01:17:58+00:00","breadcrumb":{"@id":"https:\/\/www.padreeustaquio.com.br\/formadores-dos-sagrados-coracoes-na-america-latina-se-reunem-no-peru\/#breadcrumb"},"inLanguage":"en-US","potentialAction":[{"@type":"ReadAction","target":["https:\/\/www.padreeustaquio.com.br\/formadores-dos-sagrados-coracoes-na-america-latina-se-reunem-no-peru\/"]}]},{"@type":"ImageObject","inLanguage":"en-US","@id":"https:\/\/www.padreeustaquio.com.br\/formadores-dos-sagrados-coracoes-na-america-latina-se-reunem-no-peru\/#primaryimage","url":"https:\/\/www.padreeustaquio.com.br\/wp-content\/uploads\/2019\/08\/036.jpg","contentUrl":"https:\/\/www.padreeustaquio.com.br\/wp-content\/uploads\/2019\/08\/036.jpg","width":512,"height":394},{"@type":"BreadcrumbList","@id":"https:\/\/www.padreeustaquio.com.br\/formadores-dos-sagrados-coracoes-na-america-latina-se-reunem-no-peru\/#breadcrumb","itemListElement":[{"@type":"ListItem","position":1,"name":"In\u00edcio","item":"https:\/\/www.padreeustaquio.com.br\/"},{"@type":"ListItem","position":2,"name":"Formadores dos Sagrados Cora\u00e7\u00f5es na Am\u00e9rica Latina se re\u00fanem no Peru"}]},{"@type":"WebSite","@id":"https:\/\/www.padreeustaquio.com.br\/#website","url":"https:\/\/www.padreeustaquio.com.br\/","name":"FATHER EUST\u00c1QUIO","description":"Health and Peace","publisher":{"@id":"https:\/\/www.padreeustaquio.com.br\/#organization"},"potentialAction":[{"@type":"SearchAction","target":{"@type":"EntryPoint","urlTemplate":"https:\/\/www.padreeustaquio.com.br\/?s={search_term_string}"},"query-input":{"@type":"PropertyValueSpecification","valueRequired":true,"valueName":"search_term_string"}}],"inLanguage":"en-US"},{"@type":"Organization","@id":"https:\/\/www.padreeustaquio.com.br\/#organization","name":"FATHER EUST\u00c1QUIO","url":"https:\/\/www.padreeustaquio.com.br\/","logo":{"@type":"ImageObject","inLanguage":"en-US","@id":"https:\/\/www.padreeustaquio.com.br\/#\/schema\/logo\/image\/","url":"https:\/\/www.padreeustaquio.com.br\/wp-content\/uploads\/2019\/08\/marca.png","contentUrl":"https:\/\/www.padreeustaquio.com.br\/wp-content\/uploads\/2019\/08\/marca.png","width":350,"height":400,"caption":"Padre Eust\u00e1quio"},"image":{"@id":"https:\/\/www.padreeustaquio.com.br\/#\/schema\/logo\/image\/"},"sameAs":["https:\/\/www.facebook.com\/beatopadreeustaquio\/","https:\/\/x.com\/beatopeustaquio","https:\/\/www.instagram.com\/beatopadreeustaquio\/","https:\/\/www.youtube.com\/channel\/UCRhw7vfabnajwLxb1ZXMeIw"]},{"@type":"Person","@id":"https:\/\/www.padreeustaquio.com.br\/#\/schema\/person\/1bbfe7b959f00a655f8ecb6cb8f3ce87","name":"sscc","image":{"@type":"ImageObject","inLanguage":"en-US","@id":"https:\/\/secure.gravatar.com\/avatar\/edddec27f012d36cfa3fce966238219942e4659e87f27ef7b5704f0db7007bec?s=96&d=mm&r=g","url":"https:\/\/secure.gravatar.com\/avatar\/edddec27f012d36cfa3fce966238219942e4659e87f27ef7b5704f0db7007bec?s=96&d=mm&r=g","contentUrl":"https:\/\/secure.gravatar.com\/avatar\/edddec27f012d36cfa3fce966238219942e4659e87f27ef7b5704f0db7007bec?s=96&d=mm&r=g","caption":"sscc"},"url":"https:\/\/www.padreeustaquio.com.br\/en\/author\/userpde\/"}]}},"_links":{"self":[{"href":"https:\/\/www.padreeustaquio.com.br\/en\/wp-json\/wp\/v2\/posts\/3053","targetHints":{"allow":["GET"]}}],"collection":[{"href":"https:\/\/www.padreeustaquio.com.br\/en\/wp-json\/wp\/v2\/posts"}],"about":[{"href":"https:\/\/www.padreeustaquio.com.br\/en\/wp-json\/wp\/v2\/types\/post"}],"author":[{"embeddable":true,"href":"https:\/\/www.padreeustaquio.com.br\/en\/wp-json\/wp\/v2\/users\/6"}],"replies":[{"embeddable":true,"href":"https:\/\/www.padreeustaquio.com.br\/en\/wp-json\/wp\/v2\/comments?post=3053"}],"version-history":[{"count":0,"href":"https:\/\/www.padreeustaquio.com.br\/en\/wp-json\/wp\/v2\/posts\/3053\/revisions"}],"wp:featuredmedia":[{"embeddable":true,"href":"https:\/\/www.padreeustaquio.com.br\/en\/wp-json\/wp\/v2\/media\/3054"}],"wp:attachment":[{"href":"https:\/\/www.padreeustaquio.com.br\/en\/wp-json\/wp\/v2\/media?parent=3053"}],"wp:term":[{"taxonomy":"category","embeddable":true,"href":"https:\/\/www.padreeustaquio.com.br\/en\/wp-json\/wp\/v2\/categories?post=3053"},{"taxonomy":"post_tag","embeddable":true,"href":"https:\/\/www.padreeustaquio.com.br\/en\/wp-json\/wp\/v2\/tags?post=3053"}],"curies":[{"name":"wp","href":"https:\/\/api.w.org\/{rel}","templated":true}]}}