{"id":3047,"date":"2019-05-21T22:11:01","date_gmt":"2019-05-22T01:11:01","guid":{"rendered":"http:\/\/br606.teste.website\/~padre078\/padreeustaquio.com.br\/?p=3047"},"modified":"2019-08-21T22:12:21","modified_gmt":"2019-08-22T01:12:21","slug":"padre-eustaquio-museum-in-porto-alegre-sp-publishes-open-letter-to-the-public","status":"publish","type":"post","link":"https:\/\/www.padreeustaquio.com.br\/en\/padre-eustaquio-museum-in-porto-alegre-sp-publishes-open-letter-to-the-public\/","title":{"rendered":"Padre Eust\u00e1quio Museum, in Po\u00e1-SP, publishes an open letter to the public."},"content":{"rendered":"<p>During the activities of the National Museum Week, participants in the activities proposed by the cultural space decided to draft an open letter to the population of Po\u00e1, expressing the need for public authorities and civil society to pay closer attention to the preservation of the historical, geographical, artistic, and cultural heritage of the municipality of Po\u00e1-SP.<\/p>\n<p>To help spread this letter and show your support, simply click on the link at the end of this text, read the letter carefully and, if you agree, sign it by adding your name to this public petition.<\/p>\n<p>For one month, the goal is to gather as many signatures as possible and submit the document to the City Council and the Mayor&#039;s Office of Po\u00e1. Share it on your social networks, groups, associations, and institutions, spreading the information to reach as many people as possible.<br \/>\nAttention! You don&#039;t have to be a resident of Po\u00e1; any citizen can support this initiative.<br \/>\nRead the letter and participate in the petition.\u00a0<a href=\"https:\/\/avaaz.org\/po\/community_petitions\/C_Preservacao_do_Patrimonio_Historico_de_Poa_SP\/share\/?new&amp;jkrGrob&amp;fbclid=IwAR3KJZbjSA6PNEZBDps0HWrtUWPdqh194COcd11UkP7_zN-dgV7VNXu8CW4\">Click here!<\/a><\/p>\n<p>Source: Padre Eust\u00e1quio Museum \u2013 Po\u00e1<\/p>","protected":false},"excerpt":{"rendered":"<p>Durante as atividades da Semana Nacional de Museus, os participantes das atividades propostas pelo espa\u00e7o cultural, tiraram como proposta de encaminhamento, a elabora\u00e7\u00e3o de uma carta aberta \u00e0 popula\u00e7\u00e3o poaense a fim de manifestar a necessidade dos poderes p\u00fablicos e da sociedade civil terem um olhar mais atento para a preserva\u00e7\u00e3o do patrim\u00f4nio hist\u00f3rico, geogr\u00e1fico, art\u00edstico e cultural do munic\u00edpio de Po\u00e1-SP. Para ajudar a divulgar essa carta e manifestar o seu apoio basta clicar no link ao final deste texto, ler atentamente a carta e, se concordar, assinar colocando seu nome nesta peti\u00e7\u00e3o p\u00fablica. Durante um m\u00eas, a ideia [&hellip;]<\/p>\n","protected":false},"author":6,"featured_media":3048,"comment_status":"closed","ping_status":"open","sticky":false,"template":"","format":"standard","meta":{"_acf_changed":false,"footnotes":""},"categories":[611],"tags":[],"class_list":["post-3047","post","type-post","status-publish","format-standard","has-post-thumbnail","hentry","category-noticias"],"acf":[],"yoast_head":"<!-- This site is optimized with the Yoast SEO plugin v27.2 - https:\/\/yoast.com\/product\/yoast-seo-wordpress\/ -->\n<title>Museu Padre Eust\u00e1quio, em Po\u00e1-SP, divulga carta aberta \u00e0 popula\u00e7\u00e3o - Padre Eust\u00e1quio<\/title>\n<meta name=\"robots\" content=\"index, follow, max-snippet:-1, max-image-preview:large, max-video-preview:-1\" \/>\n<link rel=\"canonical\" href=\"https:\/\/www.padreeustaquio.com.br\/en\/padre-eustaquio-museum-in-porto-alegre-sp-publishes-open-letter-to-the-public\/\" \/>\n<meta property=\"og:locale\" content=\"en_US\" \/>\n<meta property=\"og:type\" content=\"article\" \/>\n<meta property=\"og:title\" content=\"Museu Padre Eust\u00e1quio, em Po\u00e1-SP, divulga carta aberta \u00e0 popula\u00e7\u00e3o - Padre Eust\u00e1quio\" \/>\n<meta property=\"og:description\" content=\"Durante as atividades da Semana Nacional de Museus, os participantes das atividades propostas pelo espa\u00e7o cultural, tiraram como proposta de encaminhamento, a elabora\u00e7\u00e3o de uma carta aberta \u00e0 popula\u00e7\u00e3o poaense a fim de manifestar a necessidade dos poderes p\u00fablicos e da sociedade civil terem um olhar mais atento para a preserva\u00e7\u00e3o do patrim\u00f4nio hist\u00f3rico, geogr\u00e1fico, art\u00edstico e cultural do munic\u00edpio de Po\u00e1-SP. Para ajudar a divulgar essa carta e manifestar o seu apoio basta clicar no link ao final deste texto, ler atentamente a carta e, se concordar, assinar colocando seu nome nesta peti\u00e7\u00e3o p\u00fablica. Durante um m\u00eas, a ideia [&hellip;]\" \/>\n<meta property=\"og:url\" content=\"https:\/\/www.padreeustaquio.com.br\/en\/padre-eustaquio-museum-in-porto-alegre-sp-publishes-open-letter-to-the-public\/\" \/>\n<meta property=\"og:site_name\" content=\"Padre Eust\u00e1quio\" \/>\n<meta property=\"article:publisher\" content=\"https:\/\/www.facebook.com\/beatopadreeustaquio\/\" \/>\n<meta property=\"article:published_time\" content=\"2019-05-22T01:11:01+00:00\" \/>\n<meta property=\"article:modified_time\" content=\"2019-08-22T01:12:21+00:00\" \/>\n<meta property=\"og:image\" content=\"https:\/\/www.padreeustaquio.com.br\/wp-content\/uploads\/2019\/08\/033.jpg\" \/>\n\t<meta property=\"og:image:width\" content=\"512\" \/>\n\t<meta property=\"og:image:height\" content=\"394\" \/>\n\t<meta property=\"og:image:type\" content=\"image\/jpeg\" \/>\n<meta name=\"author\" content=\"sscc\" \/>\n<meta name=\"twitter:card\" content=\"summary_large_image\" \/>\n<meta name=\"twitter:creator\" content=\"@beatopeustaquio\" \/>\n<meta name=\"twitter:site\" content=\"@beatopeustaquio\" \/>\n<meta name=\"twitter:label1\" content=\"Written by\" \/>\n\t<meta name=\"twitter:data1\" content=\"sscc\" \/>\n\t<meta name=\"twitter:label2\" content=\"Est. reading time\" \/>\n\t<meta name=\"twitter:data2\" content=\"1 minute\" \/>\n<script type=\"application\/ld+json\" class=\"yoast-schema-graph\">{\"@context\":\"https:\/\/schema.org\",\"@graph\":[{\"@type\":\"Article\",\"@id\":\"https:\/\/www.padreeustaquio.com.br\/museu-padre-eustaquio-em-poa-sp-divulga-carta-aberta-a-populacao\/#article\",\"isPartOf\":{\"@id\":\"https:\/\/www.padreeustaquio.com.br\/museu-padre-eustaquio-em-poa-sp-divulga-carta-aberta-a-populacao\/\"},\"author\":{\"name\":\"sscc\",\"@id\":\"https:\/\/www.padreeustaquio.com.br\/#\/schema\/person\/1bbfe7b959f00a655f8ecb6cb8f3ce87\"},\"headline\":\"Museu Padre Eust\u00e1quio, em Po\u00e1-SP, divulga carta aberta \u00e0 popula\u00e7\u00e3o\",\"datePublished\":\"2019-05-22T01:11:01+00:00\",\"dateModified\":\"2019-08-22T01:12:21+00:00\",\"mainEntityOfPage\":{\"@id\":\"https:\/\/www.padreeustaquio.com.br\/museu-padre-eustaquio-em-poa-sp-divulga-carta-aberta-a-populacao\/\"},\"wordCount\":207,\"publisher\":{\"@id\":\"https:\/\/www.padreeustaquio.com.br\/#organization\"},\"image\":{\"@id\":\"https:\/\/www.padreeustaquio.com.br\/museu-padre-eustaquio-em-poa-sp-divulga-carta-aberta-a-populacao\/#primaryimage\"},\"thumbnailUrl\":\"https:\/\/www.padreeustaquio.com.br\/wp-content\/uploads\/2019\/08\/033.jpg\",\"articleSection\":[\"Not\u00edcias\"],\"inLanguage\":\"en-US\"},{\"@type\":\"WebPage\",\"@id\":\"https:\/\/www.padreeustaquio.com.br\/museu-padre-eustaquio-em-poa-sp-divulga-carta-aberta-a-populacao\/\",\"url\":\"https:\/\/www.padreeustaquio.com.br\/museu-padre-eustaquio-em-poa-sp-divulga-carta-aberta-a-populacao\/\",\"name\":\"Museu Padre Eust\u00e1quio, em Po\u00e1-SP, divulga carta aberta \u00e0 popula\u00e7\u00e3o - Padre Eust\u00e1quio\",\"isPartOf\":{\"@id\":\"https:\/\/www.padreeustaquio.com.br\/#website\"},\"primaryImageOfPage\":{\"@id\":\"https:\/\/www.padreeustaquio.com.br\/museu-padre-eustaquio-em-poa-sp-divulga-carta-aberta-a-populacao\/#primaryimage\"},\"image\":{\"@id\":\"https:\/\/www.padreeustaquio.com.br\/museu-padre-eustaquio-em-poa-sp-divulga-carta-aberta-a-populacao\/#primaryimage\"},\"thumbnailUrl\":\"https:\/\/www.padreeustaquio.com.br\/wp-content\/uploads\/2019\/08\/033.jpg\",\"datePublished\":\"2019-05-22T01:11:01+00:00\",\"dateModified\":\"2019-08-22T01:12:21+00:00\",\"breadcrumb\":{\"@id\":\"https:\/\/www.padreeustaquio.com.br\/museu-padre-eustaquio-em-poa-sp-divulga-carta-aberta-a-populacao\/#breadcrumb\"},\"inLanguage\":\"en-US\",\"potentialAction\":[{\"@type\":\"ReadAction\",\"target\":[\"https:\/\/www.padreeustaquio.com.br\/museu-padre-eustaquio-em-poa-sp-divulga-carta-aberta-a-populacao\/\"]}]},{\"@type\":\"ImageObject\",\"inLanguage\":\"en-US\",\"@id\":\"https:\/\/www.padreeustaquio.com.br\/museu-padre-eustaquio-em-poa-sp-divulga-carta-aberta-a-populacao\/#primaryimage\",\"url\":\"https:\/\/www.padreeustaquio.com.br\/wp-content\/uploads\/2019\/08\/033.jpg\",\"contentUrl\":\"https:\/\/www.padreeustaquio.com.br\/wp-content\/uploads\/2019\/08\/033.jpg\",\"width\":512,\"height\":394},{\"@type\":\"BreadcrumbList\",\"@id\":\"https:\/\/www.padreeustaquio.com.br\/museu-padre-eustaquio-em-poa-sp-divulga-carta-aberta-a-populacao\/#breadcrumb\",\"itemListElement\":[{\"@type\":\"ListItem\",\"position\":1,\"name\":\"In\u00edcio\",\"item\":\"https:\/\/www.padreeustaquio.com.br\/\"},{\"@type\":\"ListItem\",\"position\":2,\"name\":\"Museu Padre Eust\u00e1quio, em Po\u00e1-SP, divulga carta aberta \u00e0 popula\u00e7\u00e3o\"}]},{\"@type\":\"WebSite\",\"@id\":\"https:\/\/www.padreeustaquio.com.br\/#website\",\"url\":\"https:\/\/www.padreeustaquio.com.br\/\",\"name\":\"Padre Eust\u00e1quio\",\"description\":\"Sa\u00fade e Paz\",\"publisher\":{\"@id\":\"https:\/\/www.padreeustaquio.com.br\/#organization\"},\"potentialAction\":[{\"@type\":\"SearchAction\",\"target\":{\"@type\":\"EntryPoint\",\"urlTemplate\":\"https:\/\/www.padreeustaquio.com.br\/?s={search_term_string}\"},\"query-input\":{\"@type\":\"PropertyValueSpecification\",\"valueRequired\":true,\"valueName\":\"search_term_string\"}}],\"inLanguage\":\"en-US\"},{\"@type\":\"Organization\",\"@id\":\"https:\/\/www.padreeustaquio.com.br\/#organization\",\"name\":\"Padre Eust\u00e1quio\",\"url\":\"https:\/\/www.padreeustaquio.com.br\/\",\"logo\":{\"@type\":\"ImageObject\",\"inLanguage\":\"en-US\",\"@id\":\"https:\/\/www.padreeustaquio.com.br\/#\/schema\/logo\/image\/\",\"url\":\"https:\/\/www.padreeustaquio.com.br\/wp-content\/uploads\/2019\/08\/marca.png\",\"contentUrl\":\"https:\/\/www.padreeustaquio.com.br\/wp-content\/uploads\/2019\/08\/marca.png\",\"width\":350,\"height\":400,\"caption\":\"Padre Eust\u00e1quio\"},\"image\":{\"@id\":\"https:\/\/www.padreeustaquio.com.br\/#\/schema\/logo\/image\/\"},\"sameAs\":[\"https:\/\/www.facebook.com\/beatopadreeustaquio\/\",\"https:\/\/x.com\/beatopeustaquio\",\"https:\/\/www.instagram.com\/beatopadreeustaquio\/\",\"https:\/\/www.youtube.com\/channel\/UCRhw7vfabnajwLxb1ZXMeIw\"]},{\"@type\":\"Person\",\"@id\":\"https:\/\/www.padreeustaquio.com.br\/#\/schema\/person\/1bbfe7b959f00a655f8ecb6cb8f3ce87\",\"name\":\"sscc\",\"image\":{\"@type\":\"ImageObject\",\"inLanguage\":\"en-US\",\"@id\":\"https:\/\/secure.gravatar.com\/avatar\/edddec27f012d36cfa3fce966238219942e4659e87f27ef7b5704f0db7007bec?s=96&d=mm&r=g\",\"url\":\"https:\/\/secure.gravatar.com\/avatar\/edddec27f012d36cfa3fce966238219942e4659e87f27ef7b5704f0db7007bec?s=96&d=mm&r=g\",\"contentUrl\":\"https:\/\/secure.gravatar.com\/avatar\/edddec27f012d36cfa3fce966238219942e4659e87f27ef7b5704f0db7007bec?s=96&d=mm&r=g\",\"caption\":\"sscc\"},\"url\":\"https:\/\/www.padreeustaquio.com.br\/en\/author\/userpde\/\"}]}<\/script>\n<!-- \/ Yoast SEO plugin. -->","yoast_head_json":{"title":"Padre Eust\u00e1quio Museum, in Po\u00e1-SP, publishes an open letter to the public - Padre Eust\u00e1quio","robots":{"index":"index","follow":"follow","max-snippet":"max-snippet:-1","max-image-preview":"max-image-preview:large","max-video-preview":"max-video-preview:-1"},"canonical":"https:\/\/www.padreeustaquio.com.br\/en\/padre-eustaquio-museum-in-porto-alegre-sp-publishes-open-letter-to-the-public\/","og_locale":"en_US","og_type":"article","og_title":"Museu Padre Eust\u00e1quio, em Po\u00e1-SP, divulga carta aberta \u00e0 popula\u00e7\u00e3o - Padre Eust\u00e1quio","og_description":"Durante as atividades da Semana Nacional de Museus, os participantes das atividades propostas pelo espa\u00e7o cultural, tiraram como proposta de encaminhamento, a elabora\u00e7\u00e3o de uma carta aberta \u00e0 popula\u00e7\u00e3o poaense a fim de manifestar a necessidade dos poderes p\u00fablicos e da sociedade civil terem um olhar mais atento para a preserva\u00e7\u00e3o do patrim\u00f4nio hist\u00f3rico, geogr\u00e1fico, art\u00edstico e cultural do munic\u00edpio de Po\u00e1-SP. Para ajudar a divulgar essa carta e manifestar o seu apoio basta clicar no link ao final deste texto, ler atentamente a carta e, se concordar, assinar colocando seu nome nesta peti\u00e7\u00e3o p\u00fablica. Durante um m\u00eas, a ideia [&hellip;]","og_url":"https:\/\/www.padreeustaquio.com.br\/en\/padre-eustaquio-museum-in-porto-alegre-sp-publishes-open-letter-to-the-public\/","og_site_name":"Padre Eust\u00e1quio","article_publisher":"https:\/\/www.facebook.com\/beatopadreeustaquio\/","article_published_time":"2019-05-22T01:11:01+00:00","article_modified_time":"2019-08-22T01:12:21+00:00","og_image":[{"width":512,"height":394,"url":"https:\/\/www.padreeustaquio.com.br\/wp-content\/uploads\/2019\/08\/033.jpg","type":"image\/jpeg"}],"author":"sscc","twitter_card":"summary_large_image","twitter_creator":"@beatopeustaquio","twitter_site":"@beatopeustaquio","twitter_misc":{"Written by":"sscc","Est. reading time":"1 minute"},"schema":{"@context":"https:\/\/schema.org","@graph":[{"@type":"Article","@id":"https:\/\/www.padreeustaquio.com.br\/museu-padre-eustaquio-em-poa-sp-divulga-carta-aberta-a-populacao\/#article","isPartOf":{"@id":"https:\/\/www.padreeustaquio.com.br\/museu-padre-eustaquio-em-poa-sp-divulga-carta-aberta-a-populacao\/"},"author":{"name":"sscc","@id":"https:\/\/www.padreeustaquio.com.br\/#\/schema\/person\/1bbfe7b959f00a655f8ecb6cb8f3ce87"},"headline":"Museu Padre Eust\u00e1quio, em Po\u00e1-SP, divulga carta aberta \u00e0 popula\u00e7\u00e3o","datePublished":"2019-05-22T01:11:01+00:00","dateModified":"2019-08-22T01:12:21+00:00","mainEntityOfPage":{"@id":"https:\/\/www.padreeustaquio.com.br\/museu-padre-eustaquio-em-poa-sp-divulga-carta-aberta-a-populacao\/"},"wordCount":207,"publisher":{"@id":"https:\/\/www.padreeustaquio.com.br\/#organization"},"image":{"@id":"https:\/\/www.padreeustaquio.com.br\/museu-padre-eustaquio-em-poa-sp-divulga-carta-aberta-a-populacao\/#primaryimage"},"thumbnailUrl":"https:\/\/www.padreeustaquio.com.br\/wp-content\/uploads\/2019\/08\/033.jpg","articleSection":["Not\u00edcias"],"inLanguage":"en-US"},{"@type":"WebPage","@id":"https:\/\/www.padreeustaquio.com.br\/museu-padre-eustaquio-em-poa-sp-divulga-carta-aberta-a-populacao\/","url":"https:\/\/www.padreeustaquio.com.br\/museu-padre-eustaquio-em-poa-sp-divulga-carta-aberta-a-populacao\/","name":"Padre Eust\u00e1quio Museum, in Po\u00e1-SP, publishes an open letter to the public - Padre Eust\u00e1quio","isPartOf":{"@id":"https:\/\/www.padreeustaquio.com.br\/#website"},"primaryImageOfPage":{"@id":"https:\/\/www.padreeustaquio.com.br\/museu-padre-eustaquio-em-poa-sp-divulga-carta-aberta-a-populacao\/#primaryimage"},"image":{"@id":"https:\/\/www.padreeustaquio.com.br\/museu-padre-eustaquio-em-poa-sp-divulga-carta-aberta-a-populacao\/#primaryimage"},"thumbnailUrl":"https:\/\/www.padreeustaquio.com.br\/wp-content\/uploads\/2019\/08\/033.jpg","datePublished":"2019-05-22T01:11:01+00:00","dateModified":"2019-08-22T01:12:21+00:00","breadcrumb":{"@id":"https:\/\/www.padreeustaquio.com.br\/museu-padre-eustaquio-em-poa-sp-divulga-carta-aberta-a-populacao\/#breadcrumb"},"inLanguage":"en-US","potentialAction":[{"@type":"ReadAction","target":["https:\/\/www.padreeustaquio.com.br\/museu-padre-eustaquio-em-poa-sp-divulga-carta-aberta-a-populacao\/"]}]},{"@type":"ImageObject","inLanguage":"en-US","@id":"https:\/\/www.padreeustaquio.com.br\/museu-padre-eustaquio-em-poa-sp-divulga-carta-aberta-a-populacao\/#primaryimage","url":"https:\/\/www.padreeustaquio.com.br\/wp-content\/uploads\/2019\/08\/033.jpg","contentUrl":"https:\/\/www.padreeustaquio.com.br\/wp-content\/uploads\/2019\/08\/033.jpg","width":512,"height":394},{"@type":"BreadcrumbList","@id":"https:\/\/www.padreeustaquio.com.br\/museu-padre-eustaquio-em-poa-sp-divulga-carta-aberta-a-populacao\/#breadcrumb","itemListElement":[{"@type":"ListItem","position":1,"name":"In\u00edcio","item":"https:\/\/www.padreeustaquio.com.br\/"},{"@type":"ListItem","position":2,"name":"Museu Padre Eust\u00e1quio, em Po\u00e1-SP, divulga carta aberta \u00e0 popula\u00e7\u00e3o"}]},{"@type":"WebSite","@id":"https:\/\/www.padreeustaquio.com.br\/#website","url":"https:\/\/www.padreeustaquio.com.br\/","name":"FATHER EUST\u00c1QUIO","description":"Health and Peace","publisher":{"@id":"https:\/\/www.padreeustaquio.com.br\/#organization"},"potentialAction":[{"@type":"SearchAction","target":{"@type":"EntryPoint","urlTemplate":"https:\/\/www.padreeustaquio.com.br\/?s={search_term_string}"},"query-input":{"@type":"PropertyValueSpecification","valueRequired":true,"valueName":"search_term_string"}}],"inLanguage":"en-US"},{"@type":"Organization","@id":"https:\/\/www.padreeustaquio.com.br\/#organization","name":"FATHER EUST\u00c1QUIO","url":"https:\/\/www.padreeustaquio.com.br\/","logo":{"@type":"ImageObject","inLanguage":"en-US","@id":"https:\/\/www.padreeustaquio.com.br\/#\/schema\/logo\/image\/","url":"https:\/\/www.padreeustaquio.com.br\/wp-content\/uploads\/2019\/08\/marca.png","contentUrl":"https:\/\/www.padreeustaquio.com.br\/wp-content\/uploads\/2019\/08\/marca.png","width":350,"height":400,"caption":"Padre Eust\u00e1quio"},"image":{"@id":"https:\/\/www.padreeustaquio.com.br\/#\/schema\/logo\/image\/"},"sameAs":["https:\/\/www.facebook.com\/beatopadreeustaquio\/","https:\/\/x.com\/beatopeustaquio","https:\/\/www.instagram.com\/beatopadreeustaquio\/","https:\/\/www.youtube.com\/channel\/UCRhw7vfabnajwLxb1ZXMeIw"]},{"@type":"Person","@id":"https:\/\/www.padreeustaquio.com.br\/#\/schema\/person\/1bbfe7b959f00a655f8ecb6cb8f3ce87","name":"sscc","image":{"@type":"ImageObject","inLanguage":"en-US","@id":"https:\/\/secure.gravatar.com\/avatar\/edddec27f012d36cfa3fce966238219942e4659e87f27ef7b5704f0db7007bec?s=96&d=mm&r=g","url":"https:\/\/secure.gravatar.com\/avatar\/edddec27f012d36cfa3fce966238219942e4659e87f27ef7b5704f0db7007bec?s=96&d=mm&r=g","contentUrl":"https:\/\/secure.gravatar.com\/avatar\/edddec27f012d36cfa3fce966238219942e4659e87f27ef7b5704f0db7007bec?s=96&d=mm&r=g","caption":"sscc"},"url":"https:\/\/www.padreeustaquio.com.br\/en\/author\/userpde\/"}]}},"_links":{"self":[{"href":"https:\/\/www.padreeustaquio.com.br\/en\/wp-json\/wp\/v2\/posts\/3047","targetHints":{"allow":["GET"]}}],"collection":[{"href":"https:\/\/www.padreeustaquio.com.br\/en\/wp-json\/wp\/v2\/posts"}],"about":[{"href":"https:\/\/www.padreeustaquio.com.br\/en\/wp-json\/wp\/v2\/types\/post"}],"author":[{"embeddable":true,"href":"https:\/\/www.padreeustaquio.com.br\/en\/wp-json\/wp\/v2\/users\/6"}],"replies":[{"embeddable":true,"href":"https:\/\/www.padreeustaquio.com.br\/en\/wp-json\/wp\/v2\/comments?post=3047"}],"version-history":[{"count":0,"href":"https:\/\/www.padreeustaquio.com.br\/en\/wp-json\/wp\/v2\/posts\/3047\/revisions"}],"wp:featuredmedia":[{"embeddable":true,"href":"https:\/\/www.padreeustaquio.com.br\/en\/wp-json\/wp\/v2\/media\/3048"}],"wp:attachment":[{"href":"https:\/\/www.padreeustaquio.com.br\/en\/wp-json\/wp\/v2\/media?parent=3047"}],"wp:term":[{"taxonomy":"category","embeddable":true,"href":"https:\/\/www.padreeustaquio.com.br\/en\/wp-json\/wp\/v2\/categories?post=3047"},{"taxonomy":"post_tag","embeddable":true,"href":"https:\/\/www.padreeustaquio.com.br\/en\/wp-json\/wp\/v2\/tags?post=3047"}],"curies":[{"name":"wp","href":"https:\/\/api.w.org\/{rel}","templated":true}]}}