{"id":3040,"date":"2019-05-20T22:01:25","date_gmt":"2019-05-21T01:01:25","guid":{"rendered":"http:\/\/br606.teste.website\/~padre078\/padreeustaquio.com.br\/?p=3040"},"modified":"2019-08-21T22:02:45","modified_gmt":"2019-08-22T01:02:45","slug":"family-of-the-sacred-hearts-from-germany-visits-the-house-and-tomb-of-saint-damian","status":"publish","type":"post","link":"https:\/\/www.padreeustaquio.com.br\/en\/family-of-the-sacred-hearts-from-germany-visits-the-house-and-tomb-of-saint-damian\/","title":{"rendered":"The Sacred Hearts Family from Germany visits the house and tomb of Saint Damien."},"content":{"rendered":"<p>A group of 30 people, including 22 lay people and 8 brothers from the Congregation of the Sacred Hearts in Germany, visited Tremelo, Belgium, between May 11th and 12th.<\/p>\n<p>The brothers of the congregation recounted that, on the 10th anniversary of Damien&#039;s canonization, they wanted to find new impetus for their lives in following Jesus by visiting Damien&#039;s birthplace and tomb. During the bus trip between Colonia and Tremelo, Brother Heinz Josef Catrein spoke about Damien&#039;s life, quoting many letters written by the Saint and contemporary testimonies about him.<\/p>\n<p>The Museum&#039;s visit to Damien&#039;s birthplace was another valuable experience. This first day ended with the Holy Eucharist, which the group celebrated in the crypt, before Damien&#039;s tomb. At this moment, the reflection, led by the Provincial, focused on: Silence, Recollection, and Prayer, words that Saint Damien had written in his school notebook. The contemplative attitude allowed the brothers to experience the presence of the Risen One who transforms and gives life.<\/p>\n<p>At the end of the day, the group went out for dinner at different restaurants in the city of Leuven.<\/p>\n<p>On Sunday the 12th, the group celebrated the Eucharist with the Flemish brothers from the Sint Antoniusberg community, who invited them for a cocktail reception after Mass. On the way back home, a final stop was made at the Shrine of Scherpenheuvel.<\/p>\n<p>Source: ssccpicpus.com<\/p>","protected":false},"excerpt":{"rendered":"<p>Um grupo de 30 pessoas, sendo 22 leigos e 8 irm\u00e3os da Congrega\u00e7\u00e3o dos Sagrados Cora\u00e7\u00f5es, na Alemanha, visitaram para Tremelo, na B\u00e9lgica, entre os dias 11 e 12 de maio. Os irm\u00e3os da congrega\u00e7\u00e3o contaram que, no 10\u00ba anivers\u00e1rio da canoniza\u00e7\u00e3o de Dami\u00e3o, queriam encontrar novos impulsos para suas vidas, no seguimento de Jesus, visitando o lugar de origem e o t\u00famulo de Dami\u00e3o. Na viagem de \u00f4nibus entre Colonia e Tremelo o irm\u00e3o, Heinz Josef Catrein, falou sobre a vida de Dami\u00e3o, com muitas cita\u00e7\u00f5es de cartas escritas pelo Santo e de testemunhos contempor\u00e2neos sobre ele. A visita [&hellip;]<\/p>\n","protected":false},"author":6,"featured_media":3041,"comment_status":"closed","ping_status":"open","sticky":false,"template":"","format":"standard","meta":{"_acf_changed":false,"footnotes":""},"categories":[611],"tags":[],"class_list":["post-3040","post","type-post","status-publish","format-standard","has-post-thumbnail","hentry","category-noticias"],"acf":[],"yoast_head":"<!-- This site is optimized with the Yoast SEO plugin v27.2 - https:\/\/yoast.com\/product\/yoast-seo-wordpress\/ -->\n<title>Fam\u00edlia dos Sagrados Cora\u00e7\u00f5es, da Alemanha, visita casa e t\u00famulo de S\u00e3o Dami\u00e3o - Padre Eust\u00e1quio<\/title>\n<meta name=\"robots\" content=\"index, follow, max-snippet:-1, max-image-preview:large, max-video-preview:-1\" \/>\n<link rel=\"canonical\" href=\"https:\/\/www.padreeustaquio.com.br\/en\/family-of-the-sacred-hearts-from-germany-visits-the-house-and-tomb-of-saint-damian\/\" \/>\n<meta property=\"og:locale\" content=\"en_US\" \/>\n<meta property=\"og:type\" content=\"article\" \/>\n<meta property=\"og:title\" content=\"Fam\u00edlia dos Sagrados Cora\u00e7\u00f5es, da Alemanha, visita casa e t\u00famulo de S\u00e3o Dami\u00e3o - Padre Eust\u00e1quio\" \/>\n<meta property=\"og:description\" content=\"Um grupo de 30 pessoas, sendo 22 leigos e 8 irm\u00e3os da Congrega\u00e7\u00e3o dos Sagrados Cora\u00e7\u00f5es, na Alemanha, visitaram para Tremelo, na B\u00e9lgica, entre os dias 11 e 12 de maio. Os irm\u00e3os da congrega\u00e7\u00e3o contaram que, no 10\u00ba anivers\u00e1rio da canoniza\u00e7\u00e3o de Dami\u00e3o, queriam encontrar novos impulsos para suas vidas, no seguimento de Jesus, visitando o lugar de origem e o t\u00famulo de Dami\u00e3o. Na viagem de \u00f4nibus entre Colonia e Tremelo o irm\u00e3o, Heinz Josef Catrein, falou sobre a vida de Dami\u00e3o, com muitas cita\u00e7\u00f5es de cartas escritas pelo Santo e de testemunhos contempor\u00e2neos sobre ele. A visita [&hellip;]\" \/>\n<meta property=\"og:url\" content=\"https:\/\/www.padreeustaquio.com.br\/en\/family-of-the-sacred-hearts-from-germany-visits-the-house-and-tomb-of-saint-damian\/\" \/>\n<meta property=\"og:site_name\" content=\"Padre Eust\u00e1quio\" \/>\n<meta property=\"article:publisher\" content=\"https:\/\/www.facebook.com\/beatopadreeustaquio\/\" \/>\n<meta property=\"article:published_time\" content=\"2019-05-21T01:01:25+00:00\" \/>\n<meta property=\"article:modified_time\" content=\"2019-08-22T01:02:45+00:00\" \/>\n<meta property=\"og:image\" content=\"https:\/\/www.padreeustaquio.com.br\/wp-content\/uploads\/2019\/08\/030.jpg\" \/>\n\t<meta property=\"og:image:width\" content=\"512\" \/>\n\t<meta property=\"og:image:height\" content=\"394\" \/>\n\t<meta property=\"og:image:type\" content=\"image\/jpeg\" \/>\n<meta name=\"author\" content=\"sscc\" \/>\n<meta name=\"twitter:card\" content=\"summary_large_image\" \/>\n<meta name=\"twitter:creator\" content=\"@beatopeustaquio\" \/>\n<meta name=\"twitter:site\" content=\"@beatopeustaquio\" \/>\n<meta name=\"twitter:label1\" content=\"Written by\" \/>\n\t<meta name=\"twitter:data1\" content=\"sscc\" \/>\n\t<meta name=\"twitter:label2\" content=\"Est. reading time\" \/>\n\t<meta name=\"twitter:data2\" content=\"1 minute\" \/>\n<script type=\"application\/ld+json\" class=\"yoast-schema-graph\">{\"@context\":\"https:\/\/schema.org\",\"@graph\":[{\"@type\":\"Article\",\"@id\":\"https:\/\/www.padreeustaquio.com.br\/familia-dos-sagrados-coracoes-da-alemanha-visita-casa-e-tumulo-de-sao-damiao\/#article\",\"isPartOf\":{\"@id\":\"https:\/\/www.padreeustaquio.com.br\/familia-dos-sagrados-coracoes-da-alemanha-visita-casa-e-tumulo-de-sao-damiao\/\"},\"author\":{\"name\":\"sscc\",\"@id\":\"https:\/\/www.padreeustaquio.com.br\/#\/schema\/person\/1bbfe7b959f00a655f8ecb6cb8f3ce87\"},\"headline\":\"Fam\u00edlia dos Sagrados Cora\u00e7\u00f5es, da Alemanha, visita casa e t\u00famulo de S\u00e3o Dami\u00e3o\",\"datePublished\":\"2019-05-21T01:01:25+00:00\",\"dateModified\":\"2019-08-22T01:02:45+00:00\",\"mainEntityOfPage\":{\"@id\":\"https:\/\/www.padreeustaquio.com.br\/familia-dos-sagrados-coracoes-da-alemanha-visita-casa-e-tumulo-de-sao-damiao\/\"},\"wordCount\":272,\"publisher\":{\"@id\":\"https:\/\/www.padreeustaquio.com.br\/#organization\"},\"image\":{\"@id\":\"https:\/\/www.padreeustaquio.com.br\/familia-dos-sagrados-coracoes-da-alemanha-visita-casa-e-tumulo-de-sao-damiao\/#primaryimage\"},\"thumbnailUrl\":\"https:\/\/www.padreeustaquio.com.br\/wp-content\/uploads\/2019\/08\/030.jpg\",\"articleSection\":[\"Not\u00edcias\"],\"inLanguage\":\"en-US\"},{\"@type\":\"WebPage\",\"@id\":\"https:\/\/www.padreeustaquio.com.br\/familia-dos-sagrados-coracoes-da-alemanha-visita-casa-e-tumulo-de-sao-damiao\/\",\"url\":\"https:\/\/www.padreeustaquio.com.br\/familia-dos-sagrados-coracoes-da-alemanha-visita-casa-e-tumulo-de-sao-damiao\/\",\"name\":\"Fam\u00edlia dos Sagrados Cora\u00e7\u00f5es, da Alemanha, visita casa e t\u00famulo de S\u00e3o Dami\u00e3o - Padre Eust\u00e1quio\",\"isPartOf\":{\"@id\":\"https:\/\/www.padreeustaquio.com.br\/#website\"},\"primaryImageOfPage\":{\"@id\":\"https:\/\/www.padreeustaquio.com.br\/familia-dos-sagrados-coracoes-da-alemanha-visita-casa-e-tumulo-de-sao-damiao\/#primaryimage\"},\"image\":{\"@id\":\"https:\/\/www.padreeustaquio.com.br\/familia-dos-sagrados-coracoes-da-alemanha-visita-casa-e-tumulo-de-sao-damiao\/#primaryimage\"},\"thumbnailUrl\":\"https:\/\/www.padreeustaquio.com.br\/wp-content\/uploads\/2019\/08\/030.jpg\",\"datePublished\":\"2019-05-21T01:01:25+00:00\",\"dateModified\":\"2019-08-22T01:02:45+00:00\",\"breadcrumb\":{\"@id\":\"https:\/\/www.padreeustaquio.com.br\/familia-dos-sagrados-coracoes-da-alemanha-visita-casa-e-tumulo-de-sao-damiao\/#breadcrumb\"},\"inLanguage\":\"en-US\",\"potentialAction\":[{\"@type\":\"ReadAction\",\"target\":[\"https:\/\/www.padreeustaquio.com.br\/familia-dos-sagrados-coracoes-da-alemanha-visita-casa-e-tumulo-de-sao-damiao\/\"]}]},{\"@type\":\"ImageObject\",\"inLanguage\":\"en-US\",\"@id\":\"https:\/\/www.padreeustaquio.com.br\/familia-dos-sagrados-coracoes-da-alemanha-visita-casa-e-tumulo-de-sao-damiao\/#primaryimage\",\"url\":\"https:\/\/www.padreeustaquio.com.br\/wp-content\/uploads\/2019\/08\/030.jpg\",\"contentUrl\":\"https:\/\/www.padreeustaquio.com.br\/wp-content\/uploads\/2019\/08\/030.jpg\",\"width\":512,\"height\":394},{\"@type\":\"BreadcrumbList\",\"@id\":\"https:\/\/www.padreeustaquio.com.br\/familia-dos-sagrados-coracoes-da-alemanha-visita-casa-e-tumulo-de-sao-damiao\/#breadcrumb\",\"itemListElement\":[{\"@type\":\"ListItem\",\"position\":1,\"name\":\"In\u00edcio\",\"item\":\"https:\/\/www.padreeustaquio.com.br\/\"},{\"@type\":\"ListItem\",\"position\":2,\"name\":\"Fam\u00edlia dos Sagrados Cora\u00e7\u00f5es, da Alemanha, visita casa e t\u00famulo de S\u00e3o Dami\u00e3o\"}]},{\"@type\":\"WebSite\",\"@id\":\"https:\/\/www.padreeustaquio.com.br\/#website\",\"url\":\"https:\/\/www.padreeustaquio.com.br\/\",\"name\":\"Padre Eust\u00e1quio\",\"description\":\"Sa\u00fade e Paz\",\"publisher\":{\"@id\":\"https:\/\/www.padreeustaquio.com.br\/#organization\"},\"potentialAction\":[{\"@type\":\"SearchAction\",\"target\":{\"@type\":\"EntryPoint\",\"urlTemplate\":\"https:\/\/www.padreeustaquio.com.br\/?s={search_term_string}\"},\"query-input\":{\"@type\":\"PropertyValueSpecification\",\"valueRequired\":true,\"valueName\":\"search_term_string\"}}],\"inLanguage\":\"en-US\"},{\"@type\":\"Organization\",\"@id\":\"https:\/\/www.padreeustaquio.com.br\/#organization\",\"name\":\"Padre Eust\u00e1quio\",\"url\":\"https:\/\/www.padreeustaquio.com.br\/\",\"logo\":{\"@type\":\"ImageObject\",\"inLanguage\":\"en-US\",\"@id\":\"https:\/\/www.padreeustaquio.com.br\/#\/schema\/logo\/image\/\",\"url\":\"https:\/\/www.padreeustaquio.com.br\/wp-content\/uploads\/2019\/08\/marca.png\",\"contentUrl\":\"https:\/\/www.padreeustaquio.com.br\/wp-content\/uploads\/2019\/08\/marca.png\",\"width\":350,\"height\":400,\"caption\":\"Padre Eust\u00e1quio\"},\"image\":{\"@id\":\"https:\/\/www.padreeustaquio.com.br\/#\/schema\/logo\/image\/\"},\"sameAs\":[\"https:\/\/www.facebook.com\/beatopadreeustaquio\/\",\"https:\/\/x.com\/beatopeustaquio\",\"https:\/\/www.instagram.com\/beatopadreeustaquio\/\",\"https:\/\/www.youtube.com\/channel\/UCRhw7vfabnajwLxb1ZXMeIw\"]},{\"@type\":\"Person\",\"@id\":\"https:\/\/www.padreeustaquio.com.br\/#\/schema\/person\/1bbfe7b959f00a655f8ecb6cb8f3ce87\",\"name\":\"sscc\",\"image\":{\"@type\":\"ImageObject\",\"inLanguage\":\"en-US\",\"@id\":\"https:\/\/secure.gravatar.com\/avatar\/edddec27f012d36cfa3fce966238219942e4659e87f27ef7b5704f0db7007bec?s=96&d=mm&r=g\",\"url\":\"https:\/\/secure.gravatar.com\/avatar\/edddec27f012d36cfa3fce966238219942e4659e87f27ef7b5704f0db7007bec?s=96&d=mm&r=g\",\"contentUrl\":\"https:\/\/secure.gravatar.com\/avatar\/edddec27f012d36cfa3fce966238219942e4659e87f27ef7b5704f0db7007bec?s=96&d=mm&r=g\",\"caption\":\"sscc\"},\"url\":\"https:\/\/www.padreeustaquio.com.br\/en\/author\/userpde\/\"}]}<\/script>\n<!-- \/ Yoast SEO plugin. -->","yoast_head_json":{"title":"Family of the Sacred Hearts, from Germany, visits the house and tomb of Saint Damien - Father Eustace","robots":{"index":"index","follow":"follow","max-snippet":"max-snippet:-1","max-image-preview":"max-image-preview:large","max-video-preview":"max-video-preview:-1"},"canonical":"https:\/\/www.padreeustaquio.com.br\/en\/family-of-the-sacred-hearts-from-germany-visits-the-house-and-tomb-of-saint-damian\/","og_locale":"en_US","og_type":"article","og_title":"Fam\u00edlia dos Sagrados Cora\u00e7\u00f5es, da Alemanha, visita casa e t\u00famulo de S\u00e3o Dami\u00e3o - Padre Eust\u00e1quio","og_description":"Um grupo de 30 pessoas, sendo 22 leigos e 8 irm\u00e3os da Congrega\u00e7\u00e3o dos Sagrados Cora\u00e7\u00f5es, na Alemanha, visitaram para Tremelo, na B\u00e9lgica, entre os dias 11 e 12 de maio. Os irm\u00e3os da congrega\u00e7\u00e3o contaram que, no 10\u00ba anivers\u00e1rio da canoniza\u00e7\u00e3o de Dami\u00e3o, queriam encontrar novos impulsos para suas vidas, no seguimento de Jesus, visitando o lugar de origem e o t\u00famulo de Dami\u00e3o. Na viagem de \u00f4nibus entre Colonia e Tremelo o irm\u00e3o, Heinz Josef Catrein, falou sobre a vida de Dami\u00e3o, com muitas cita\u00e7\u00f5es de cartas escritas pelo Santo e de testemunhos contempor\u00e2neos sobre ele. A visita [&hellip;]","og_url":"https:\/\/www.padreeustaquio.com.br\/en\/family-of-the-sacred-hearts-from-germany-visits-the-house-and-tomb-of-saint-damian\/","og_site_name":"Padre Eust\u00e1quio","article_publisher":"https:\/\/www.facebook.com\/beatopadreeustaquio\/","article_published_time":"2019-05-21T01:01:25+00:00","article_modified_time":"2019-08-22T01:02:45+00:00","og_image":[{"width":512,"height":394,"url":"https:\/\/www.padreeustaquio.com.br\/wp-content\/uploads\/2019\/08\/030.jpg","type":"image\/jpeg"}],"author":"sscc","twitter_card":"summary_large_image","twitter_creator":"@beatopeustaquio","twitter_site":"@beatopeustaquio","twitter_misc":{"Written by":"sscc","Est. reading time":"1 minute"},"schema":{"@context":"https:\/\/schema.org","@graph":[{"@type":"Article","@id":"https:\/\/www.padreeustaquio.com.br\/familia-dos-sagrados-coracoes-da-alemanha-visita-casa-e-tumulo-de-sao-damiao\/#article","isPartOf":{"@id":"https:\/\/www.padreeustaquio.com.br\/familia-dos-sagrados-coracoes-da-alemanha-visita-casa-e-tumulo-de-sao-damiao\/"},"author":{"name":"sscc","@id":"https:\/\/www.padreeustaquio.com.br\/#\/schema\/person\/1bbfe7b959f00a655f8ecb6cb8f3ce87"},"headline":"Fam\u00edlia dos Sagrados Cora\u00e7\u00f5es, da Alemanha, visita casa e t\u00famulo de S\u00e3o Dami\u00e3o","datePublished":"2019-05-21T01:01:25+00:00","dateModified":"2019-08-22T01:02:45+00:00","mainEntityOfPage":{"@id":"https:\/\/www.padreeustaquio.com.br\/familia-dos-sagrados-coracoes-da-alemanha-visita-casa-e-tumulo-de-sao-damiao\/"},"wordCount":272,"publisher":{"@id":"https:\/\/www.padreeustaquio.com.br\/#organization"},"image":{"@id":"https:\/\/www.padreeustaquio.com.br\/familia-dos-sagrados-coracoes-da-alemanha-visita-casa-e-tumulo-de-sao-damiao\/#primaryimage"},"thumbnailUrl":"https:\/\/www.padreeustaquio.com.br\/wp-content\/uploads\/2019\/08\/030.jpg","articleSection":["Not\u00edcias"],"inLanguage":"en-US"},{"@type":"WebPage","@id":"https:\/\/www.padreeustaquio.com.br\/familia-dos-sagrados-coracoes-da-alemanha-visita-casa-e-tumulo-de-sao-damiao\/","url":"https:\/\/www.padreeustaquio.com.br\/familia-dos-sagrados-coracoes-da-alemanha-visita-casa-e-tumulo-de-sao-damiao\/","name":"Family of the Sacred Hearts, from Germany, visits the house and tomb of Saint Damien - Father Eustace","isPartOf":{"@id":"https:\/\/www.padreeustaquio.com.br\/#website"},"primaryImageOfPage":{"@id":"https:\/\/www.padreeustaquio.com.br\/familia-dos-sagrados-coracoes-da-alemanha-visita-casa-e-tumulo-de-sao-damiao\/#primaryimage"},"image":{"@id":"https:\/\/www.padreeustaquio.com.br\/familia-dos-sagrados-coracoes-da-alemanha-visita-casa-e-tumulo-de-sao-damiao\/#primaryimage"},"thumbnailUrl":"https:\/\/www.padreeustaquio.com.br\/wp-content\/uploads\/2019\/08\/030.jpg","datePublished":"2019-05-21T01:01:25+00:00","dateModified":"2019-08-22T01:02:45+00:00","breadcrumb":{"@id":"https:\/\/www.padreeustaquio.com.br\/familia-dos-sagrados-coracoes-da-alemanha-visita-casa-e-tumulo-de-sao-damiao\/#breadcrumb"},"inLanguage":"en-US","potentialAction":[{"@type":"ReadAction","target":["https:\/\/www.padreeustaquio.com.br\/familia-dos-sagrados-coracoes-da-alemanha-visita-casa-e-tumulo-de-sao-damiao\/"]}]},{"@type":"ImageObject","inLanguage":"en-US","@id":"https:\/\/www.padreeustaquio.com.br\/familia-dos-sagrados-coracoes-da-alemanha-visita-casa-e-tumulo-de-sao-damiao\/#primaryimage","url":"https:\/\/www.padreeustaquio.com.br\/wp-content\/uploads\/2019\/08\/030.jpg","contentUrl":"https:\/\/www.padreeustaquio.com.br\/wp-content\/uploads\/2019\/08\/030.jpg","width":512,"height":394},{"@type":"BreadcrumbList","@id":"https:\/\/www.padreeustaquio.com.br\/familia-dos-sagrados-coracoes-da-alemanha-visita-casa-e-tumulo-de-sao-damiao\/#breadcrumb","itemListElement":[{"@type":"ListItem","position":1,"name":"In\u00edcio","item":"https:\/\/www.padreeustaquio.com.br\/"},{"@type":"ListItem","position":2,"name":"Fam\u00edlia dos Sagrados Cora\u00e7\u00f5es, da Alemanha, visita casa e t\u00famulo de S\u00e3o Dami\u00e3o"}]},{"@type":"WebSite","@id":"https:\/\/www.padreeustaquio.com.br\/#website","url":"https:\/\/www.padreeustaquio.com.br\/","name":"FATHER EUST\u00c1QUIO","description":"Health and Peace","publisher":{"@id":"https:\/\/www.padreeustaquio.com.br\/#organization"},"potentialAction":[{"@type":"SearchAction","target":{"@type":"EntryPoint","urlTemplate":"https:\/\/www.padreeustaquio.com.br\/?s={search_term_string}"},"query-input":{"@type":"PropertyValueSpecification","valueRequired":true,"valueName":"search_term_string"}}],"inLanguage":"en-US"},{"@type":"Organization","@id":"https:\/\/www.padreeustaquio.com.br\/#organization","name":"FATHER EUST\u00c1QUIO","url":"https:\/\/www.padreeustaquio.com.br\/","logo":{"@type":"ImageObject","inLanguage":"en-US","@id":"https:\/\/www.padreeustaquio.com.br\/#\/schema\/logo\/image\/","url":"https:\/\/www.padreeustaquio.com.br\/wp-content\/uploads\/2019\/08\/marca.png","contentUrl":"https:\/\/www.padreeustaquio.com.br\/wp-content\/uploads\/2019\/08\/marca.png","width":350,"height":400,"caption":"Padre Eust\u00e1quio"},"image":{"@id":"https:\/\/www.padreeustaquio.com.br\/#\/schema\/logo\/image\/"},"sameAs":["https:\/\/www.facebook.com\/beatopadreeustaquio\/","https:\/\/x.com\/beatopeustaquio","https:\/\/www.instagram.com\/beatopadreeustaquio\/","https:\/\/www.youtube.com\/channel\/UCRhw7vfabnajwLxb1ZXMeIw"]},{"@type":"Person","@id":"https:\/\/www.padreeustaquio.com.br\/#\/schema\/person\/1bbfe7b959f00a655f8ecb6cb8f3ce87","name":"sscc","image":{"@type":"ImageObject","inLanguage":"en-US","@id":"https:\/\/secure.gravatar.com\/avatar\/edddec27f012d36cfa3fce966238219942e4659e87f27ef7b5704f0db7007bec?s=96&d=mm&r=g","url":"https:\/\/secure.gravatar.com\/avatar\/edddec27f012d36cfa3fce966238219942e4659e87f27ef7b5704f0db7007bec?s=96&d=mm&r=g","contentUrl":"https:\/\/secure.gravatar.com\/avatar\/edddec27f012d36cfa3fce966238219942e4659e87f27ef7b5704f0db7007bec?s=96&d=mm&r=g","caption":"sscc"},"url":"https:\/\/www.padreeustaquio.com.br\/en\/author\/userpde\/"}]}},"_links":{"self":[{"href":"https:\/\/www.padreeustaquio.com.br\/en\/wp-json\/wp\/v2\/posts\/3040","targetHints":{"allow":["GET"]}}],"collection":[{"href":"https:\/\/www.padreeustaquio.com.br\/en\/wp-json\/wp\/v2\/posts"}],"about":[{"href":"https:\/\/www.padreeustaquio.com.br\/en\/wp-json\/wp\/v2\/types\/post"}],"author":[{"embeddable":true,"href":"https:\/\/www.padreeustaquio.com.br\/en\/wp-json\/wp\/v2\/users\/6"}],"replies":[{"embeddable":true,"href":"https:\/\/www.padreeustaquio.com.br\/en\/wp-json\/wp\/v2\/comments?post=3040"}],"version-history":[{"count":0,"href":"https:\/\/www.padreeustaquio.com.br\/en\/wp-json\/wp\/v2\/posts\/3040\/revisions"}],"wp:featuredmedia":[{"embeddable":true,"href":"https:\/\/www.padreeustaquio.com.br\/en\/wp-json\/wp\/v2\/media\/3041"}],"wp:attachment":[{"href":"https:\/\/www.padreeustaquio.com.br\/en\/wp-json\/wp\/v2\/media?parent=3040"}],"wp:term":[{"taxonomy":"category","embeddable":true,"href":"https:\/\/www.padreeustaquio.com.br\/en\/wp-json\/wp\/v2\/categories?post=3040"},{"taxonomy":"post_tag","embeddable":true,"href":"https:\/\/www.padreeustaquio.com.br\/en\/wp-json\/wp\/v2\/tags?post=3040"}],"curies":[{"name":"wp","href":"https:\/\/api.w.org\/{rel}","templated":true}]}}