{"id":3037,"date":"2019-05-15T21:59:48","date_gmt":"2019-05-16T00:59:48","guid":{"rendered":"http:\/\/br606.teste.website\/~padre078\/padreeustaquio.com.br\/?p=3037"},"modified":"2019-08-21T22:03:31","modified_gmt":"2019-08-22T01:03:31","slug":"relics-of-blessed-father-eustace-are-received-by-devotees-in-paraguay","status":"publish","type":"post","link":"https:\/\/www.padreeustaquio.com.br\/en\/relics-of-blessed-father-eustace-are-received-by-devotees-in-paraguay\/","title":{"rendered":"Relics of Blessed Father Eustace are received by devotees in Paraguay."},"content":{"rendered":"<p>Last week, Brazilian priests from the Congregation of the Sacred Hearts visited their Paraguayan brothers on a very special mission. On May 5th, the vice-postulator of the Cause of Canonization of Father Eust\u00e1quio, Father Marcus Vin\u00edcius Maciel, and Father Edmar Aparecido de Oliveira, both from the Father Eust\u00e1quio Church, arrived in the capital Asunci\u00f3n. They participated in various moments of formation and spirituality, as well as presenting the Relics of the Blessed to the Paraguayan community.<\/p>\n<p>On the 7th, the reliquary was taken to the S\u00e3o Salvador do Mundo Parish and the relics were presented to the devotees during the Eucharistic Celebration. Immediately after Holy Mass, the faithful were able to receive a blessing with the laying on of hands and venerate the sacred objects. The following day, the parish community of Santa Catarina de Sena, located in Fernando de la Mora, in Greater Asunci\u00f3n, received a visit from the missionaries. There, too, a celebration took place and the priests gave a blessing under the intercession of Father Eust\u00e1quio.<\/p>\n<p>The Mass in memory of the Blessed is already held every 30th of the month in both locations. Father Vinicius Maciel explains that the devotion in Paraguay is different from that practiced in Brazil: \u201cIn our country (Brazil), older people had contact with Father Eust\u00e1quio and pass this on from generation to generation. In contrast, in the neighboring country, it is the accounts of his life, combined with the testimonies of those who received graces and the missions of the religious of the Sacred Hearts, that have made the devotion to the Blessed grow.\u201d<\/p>\n<p>Prayers to Father Eust\u00e1quio, in Spanish, were distributed to the Paraguayan people. In addition, devotional materials, which are sold in Brazil, were also taken to the country and quickly sold out.<\/p>\n<p>The city of Presidente Franco, on the border of the three countries (Brazil, Paraguay, and Argentina), also received a visit from the Relics of Father Eustace. On the 10th, the feast day of Saint Damien of Molokai, Brother Hugo Arm\u00edn Perez professed his perpetual vows to the Congregation. Other Brazilian priests were present, including the current Provincial of Brazil and the Paraguay Region, Father S\u00e9rgio Stein. The Mass highlighted the Saints and Blessed of the Sacred Hearts, emphasizing the Relics of Father Eustace. After the Mass, the students of the Sisters of the Congregation of the Sacred Hearts&#039; school performed the Cantata of Saint Damien of Molokai.<\/p>\n<p>The reliquary presented to the Paraguayans contains a bone, a lock of hair, a pen, and pieces of fabric that belonged to Blessed Father Eust\u00e1quio, as well as the medal he received in Belgium. Contact with these objects rekindled the devotion of many and sparked the curiosity of those who were not yet familiar with the life and history of the religious figure. For Father Marcus Vin\u00edcius, the visit is important because it helps to de-regionalize devotion to Father Eust\u00e1quio: \u201cThis makes us realize how much the message of Health and Peace touches people, even in their first contact with the spirituality of the Blessed. We are very happy with this mission,\u201d concluded the priest.<\/p>","protected":false},"excerpt":{"rendered":"<p>Na \u00faltima semana, os padres brasileiros da Congrega\u00e7\u00e3o dos Sagrados Cora\u00e7\u00f5es visitaram os irm\u00e3os paraguaios numa miss\u00e3o bastante especial. No dia 5 de maio, o vice-postulador da Causa de Canoniza\u00e7\u00e3o de Padre Eust\u00e1quio, Padre Marcus Vin\u00edcius Maciel, e o Padre Edmar Aparecido de Oliveira, ambos da Igreja Padre Eust\u00e1quio, chegaram \u00e0 capital Assun\u00e7\u00e3o. Os dois participaram de v\u00e1rios momentos de forma\u00e7\u00e3o e espiritualidade, al\u00e9m de apresentar as Rel\u00edquias do Beato para a comunidade paraguaia. No dia 7, o relic\u00e1rio foi levado at\u00e9 a Par\u00f3quia S\u00e3o Salvador do Mundo e as Rel\u00edquias apresentadas aos devotos durante a Celebra\u00e7\u00e3o Eucar\u00edstica. Logo ap\u00f3s [&hellip;]<\/p>\n","protected":false},"author":6,"featured_media":3038,"comment_status":"closed","ping_status":"open","sticky":false,"template":"","format":"standard","meta":{"_acf_changed":false,"footnotes":""},"categories":[611],"tags":[],"class_list":["post-3037","post","type-post","status-publish","format-standard","has-post-thumbnail","hentry","category-noticias"],"acf":[],"yoast_head":"<!-- This site is optimized with the Yoast SEO plugin v27.2 - https:\/\/yoast.com\/product\/yoast-seo-wordpress\/ -->\n<title>Rel\u00edquias do Beato Padre Eust\u00e1quio s\u00e3o recebidas por devotos do Paraguai - Padre Eust\u00e1quio<\/title>\n<meta name=\"robots\" content=\"index, follow, max-snippet:-1, max-image-preview:large, max-video-preview:-1\" \/>\n<link rel=\"canonical\" href=\"https:\/\/www.padreeustaquio.com.br\/en\/relics-of-blessed-father-eustace-are-received-by-devotees-in-paraguay\/\" \/>\n<meta property=\"og:locale\" content=\"en_US\" \/>\n<meta property=\"og:type\" content=\"article\" \/>\n<meta property=\"og:title\" content=\"Rel\u00edquias do Beato Padre Eust\u00e1quio s\u00e3o recebidas por devotos do Paraguai - Padre Eust\u00e1quio\" \/>\n<meta property=\"og:description\" content=\"Na \u00faltima semana, os padres brasileiros da Congrega\u00e7\u00e3o dos Sagrados Cora\u00e7\u00f5es visitaram os irm\u00e3os paraguaios numa miss\u00e3o bastante especial. No dia 5 de maio, o vice-postulador da Causa de Canoniza\u00e7\u00e3o de Padre Eust\u00e1quio, Padre Marcus Vin\u00edcius Maciel, e o Padre Edmar Aparecido de Oliveira, ambos da Igreja Padre Eust\u00e1quio, chegaram \u00e0 capital Assun\u00e7\u00e3o. Os dois participaram de v\u00e1rios momentos de forma\u00e7\u00e3o e espiritualidade, al\u00e9m de apresentar as Rel\u00edquias do Beato para a comunidade paraguaia. No dia 7, o relic\u00e1rio foi levado at\u00e9 a Par\u00f3quia S\u00e3o Salvador do Mundo e as Rel\u00edquias apresentadas aos devotos durante a Celebra\u00e7\u00e3o Eucar\u00edstica. Logo ap\u00f3s [&hellip;]\" \/>\n<meta property=\"og:url\" content=\"https:\/\/www.padreeustaquio.com.br\/en\/relics-of-blessed-father-eustace-are-received-by-devotees-in-paraguay\/\" \/>\n<meta property=\"og:site_name\" content=\"Padre Eust\u00e1quio\" \/>\n<meta property=\"article:publisher\" content=\"https:\/\/www.facebook.com\/beatopadreeustaquio\/\" \/>\n<meta property=\"article:published_time\" content=\"2019-05-16T00:59:48+00:00\" \/>\n<meta property=\"article:modified_time\" content=\"2019-08-22T01:03:31+00:00\" \/>\n<meta property=\"og:image\" content=\"https:\/\/www.padreeustaquio.com.br\/wp-content\/uploads\/2019\/08\/029.jpg\" \/>\n\t<meta property=\"og:image:width\" content=\"960\" \/>\n\t<meta property=\"og:image:height\" content=\"720\" \/>\n\t<meta property=\"og:image:type\" content=\"image\/jpeg\" \/>\n<meta name=\"author\" content=\"sscc\" \/>\n<meta name=\"twitter:card\" content=\"summary_large_image\" \/>\n<meta name=\"twitter:creator\" content=\"@beatopeustaquio\" \/>\n<meta name=\"twitter:site\" content=\"@beatopeustaquio\" \/>\n<meta name=\"twitter:label1\" content=\"Written by\" \/>\n\t<meta name=\"twitter:data1\" content=\"sscc\" \/>\n\t<meta name=\"twitter:label2\" content=\"Est. reading time\" \/>\n\t<meta name=\"twitter:data2\" content=\"3 minutes\" \/>\n<script type=\"application\/ld+json\" class=\"yoast-schema-graph\">{\"@context\":\"https:\/\/schema.org\",\"@graph\":[{\"@type\":\"Article\",\"@id\":\"https:\/\/www.padreeustaquio.com.br\/reliquias-do-beato-padre-eustaquio-sao-recebidas-por-devotos-do-paraguai\/#article\",\"isPartOf\":{\"@id\":\"https:\/\/www.padreeustaquio.com.br\/reliquias-do-beato-padre-eustaquio-sao-recebidas-por-devotos-do-paraguai\/\"},\"author\":{\"name\":\"sscc\",\"@id\":\"https:\/\/www.padreeustaquio.com.br\/#\/schema\/person\/1bbfe7b959f00a655f8ecb6cb8f3ce87\"},\"headline\":\"Rel\u00edquias do Beato Padre Eust\u00e1quio s\u00e3o recebidas por devotos do Paraguai\",\"datePublished\":\"2019-05-16T00:59:48+00:00\",\"dateModified\":\"2019-08-22T01:03:31+00:00\",\"mainEntityOfPage\":{\"@id\":\"https:\/\/www.padreeustaquio.com.br\/reliquias-do-beato-padre-eustaquio-sao-recebidas-por-devotos-do-paraguai\/\"},\"wordCount\":589,\"publisher\":{\"@id\":\"https:\/\/www.padreeustaquio.com.br\/#organization\"},\"image\":{\"@id\":\"https:\/\/www.padreeustaquio.com.br\/reliquias-do-beato-padre-eustaquio-sao-recebidas-por-devotos-do-paraguai\/#primaryimage\"},\"thumbnailUrl\":\"https:\/\/www.padreeustaquio.com.br\/wp-content\/uploads\/2019\/08\/029.jpg\",\"articleSection\":[\"Not\u00edcias\"],\"inLanguage\":\"en-US\"},{\"@type\":\"WebPage\",\"@id\":\"https:\/\/www.padreeustaquio.com.br\/reliquias-do-beato-padre-eustaquio-sao-recebidas-por-devotos-do-paraguai\/\",\"url\":\"https:\/\/www.padreeustaquio.com.br\/reliquias-do-beato-padre-eustaquio-sao-recebidas-por-devotos-do-paraguai\/\",\"name\":\"Rel\u00edquias do Beato Padre Eust\u00e1quio s\u00e3o recebidas por devotos do Paraguai - Padre Eust\u00e1quio\",\"isPartOf\":{\"@id\":\"https:\/\/www.padreeustaquio.com.br\/#website\"},\"primaryImageOfPage\":{\"@id\":\"https:\/\/www.padreeustaquio.com.br\/reliquias-do-beato-padre-eustaquio-sao-recebidas-por-devotos-do-paraguai\/#primaryimage\"},\"image\":{\"@id\":\"https:\/\/www.padreeustaquio.com.br\/reliquias-do-beato-padre-eustaquio-sao-recebidas-por-devotos-do-paraguai\/#primaryimage\"},\"thumbnailUrl\":\"https:\/\/www.padreeustaquio.com.br\/wp-content\/uploads\/2019\/08\/029.jpg\",\"datePublished\":\"2019-05-16T00:59:48+00:00\",\"dateModified\":\"2019-08-22T01:03:31+00:00\",\"breadcrumb\":{\"@id\":\"https:\/\/www.padreeustaquio.com.br\/reliquias-do-beato-padre-eustaquio-sao-recebidas-por-devotos-do-paraguai\/#breadcrumb\"},\"inLanguage\":\"en-US\",\"potentialAction\":[{\"@type\":\"ReadAction\",\"target\":[\"https:\/\/www.padreeustaquio.com.br\/reliquias-do-beato-padre-eustaquio-sao-recebidas-por-devotos-do-paraguai\/\"]}]},{\"@type\":\"ImageObject\",\"inLanguage\":\"en-US\",\"@id\":\"https:\/\/www.padreeustaquio.com.br\/reliquias-do-beato-padre-eustaquio-sao-recebidas-por-devotos-do-paraguai\/#primaryimage\",\"url\":\"https:\/\/www.padreeustaquio.com.br\/wp-content\/uploads\/2019\/08\/029.jpg\",\"contentUrl\":\"https:\/\/www.padreeustaquio.com.br\/wp-content\/uploads\/2019\/08\/029.jpg\",\"width\":960,\"height\":720},{\"@type\":\"BreadcrumbList\",\"@id\":\"https:\/\/www.padreeustaquio.com.br\/reliquias-do-beato-padre-eustaquio-sao-recebidas-por-devotos-do-paraguai\/#breadcrumb\",\"itemListElement\":[{\"@type\":\"ListItem\",\"position\":1,\"name\":\"In\u00edcio\",\"item\":\"https:\/\/www.padreeustaquio.com.br\/\"},{\"@type\":\"ListItem\",\"position\":2,\"name\":\"Rel\u00edquias do Beato Padre Eust\u00e1quio s\u00e3o recebidas por devotos do Paraguai\"}]},{\"@type\":\"WebSite\",\"@id\":\"https:\/\/www.padreeustaquio.com.br\/#website\",\"url\":\"https:\/\/www.padreeustaquio.com.br\/\",\"name\":\"Padre Eust\u00e1quio\",\"description\":\"Sa\u00fade e Paz\",\"publisher\":{\"@id\":\"https:\/\/www.padreeustaquio.com.br\/#organization\"},\"potentialAction\":[{\"@type\":\"SearchAction\",\"target\":{\"@type\":\"EntryPoint\",\"urlTemplate\":\"https:\/\/www.padreeustaquio.com.br\/?s={search_term_string}\"},\"query-input\":{\"@type\":\"PropertyValueSpecification\",\"valueRequired\":true,\"valueName\":\"search_term_string\"}}],\"inLanguage\":\"en-US\"},{\"@type\":\"Organization\",\"@id\":\"https:\/\/www.padreeustaquio.com.br\/#organization\",\"name\":\"Padre Eust\u00e1quio\",\"url\":\"https:\/\/www.padreeustaquio.com.br\/\",\"logo\":{\"@type\":\"ImageObject\",\"inLanguage\":\"en-US\",\"@id\":\"https:\/\/www.padreeustaquio.com.br\/#\/schema\/logo\/image\/\",\"url\":\"https:\/\/www.padreeustaquio.com.br\/wp-content\/uploads\/2019\/08\/marca.png\",\"contentUrl\":\"https:\/\/www.padreeustaquio.com.br\/wp-content\/uploads\/2019\/08\/marca.png\",\"width\":350,\"height\":400,\"caption\":\"Padre Eust\u00e1quio\"},\"image\":{\"@id\":\"https:\/\/www.padreeustaquio.com.br\/#\/schema\/logo\/image\/\"},\"sameAs\":[\"https:\/\/www.facebook.com\/beatopadreeustaquio\/\",\"https:\/\/x.com\/beatopeustaquio\",\"https:\/\/www.instagram.com\/beatopadreeustaquio\/\",\"https:\/\/www.youtube.com\/channel\/UCRhw7vfabnajwLxb1ZXMeIw\"]},{\"@type\":\"Person\",\"@id\":\"https:\/\/www.padreeustaquio.com.br\/#\/schema\/person\/1bbfe7b959f00a655f8ecb6cb8f3ce87\",\"name\":\"sscc\",\"image\":{\"@type\":\"ImageObject\",\"inLanguage\":\"en-US\",\"@id\":\"https:\/\/secure.gravatar.com\/avatar\/edddec27f012d36cfa3fce966238219942e4659e87f27ef7b5704f0db7007bec?s=96&d=mm&r=g\",\"url\":\"https:\/\/secure.gravatar.com\/avatar\/edddec27f012d36cfa3fce966238219942e4659e87f27ef7b5704f0db7007bec?s=96&d=mm&r=g\",\"contentUrl\":\"https:\/\/secure.gravatar.com\/avatar\/edddec27f012d36cfa3fce966238219942e4659e87f27ef7b5704f0db7007bec?s=96&d=mm&r=g\",\"caption\":\"sscc\"},\"url\":\"https:\/\/www.padreeustaquio.com.br\/en\/author\/userpde\/\"}]}<\/script>\n<!-- \/ Yoast SEO plugin. -->","yoast_head_json":{"title":"Relics of Blessed Father Eustace are received by devotees in Paraguay - Father Eustace","robots":{"index":"index","follow":"follow","max-snippet":"max-snippet:-1","max-image-preview":"max-image-preview:large","max-video-preview":"max-video-preview:-1"},"canonical":"https:\/\/www.padreeustaquio.com.br\/en\/relics-of-blessed-father-eustace-are-received-by-devotees-in-paraguay\/","og_locale":"en_US","og_type":"article","og_title":"Rel\u00edquias do Beato Padre Eust\u00e1quio s\u00e3o recebidas por devotos do Paraguai - Padre Eust\u00e1quio","og_description":"Na \u00faltima semana, os padres brasileiros da Congrega\u00e7\u00e3o dos Sagrados Cora\u00e7\u00f5es visitaram os irm\u00e3os paraguaios numa miss\u00e3o bastante especial. No dia 5 de maio, o vice-postulador da Causa de Canoniza\u00e7\u00e3o de Padre Eust\u00e1quio, Padre Marcus Vin\u00edcius Maciel, e o Padre Edmar Aparecido de Oliveira, ambos da Igreja Padre Eust\u00e1quio, chegaram \u00e0 capital Assun\u00e7\u00e3o. Os dois participaram de v\u00e1rios momentos de forma\u00e7\u00e3o e espiritualidade, al\u00e9m de apresentar as Rel\u00edquias do Beato para a comunidade paraguaia. No dia 7, o relic\u00e1rio foi levado at\u00e9 a Par\u00f3quia S\u00e3o Salvador do Mundo e as Rel\u00edquias apresentadas aos devotos durante a Celebra\u00e7\u00e3o Eucar\u00edstica. Logo ap\u00f3s [&hellip;]","og_url":"https:\/\/www.padreeustaquio.com.br\/en\/relics-of-blessed-father-eustace-are-received-by-devotees-in-paraguay\/","og_site_name":"Padre Eust\u00e1quio","article_publisher":"https:\/\/www.facebook.com\/beatopadreeustaquio\/","article_published_time":"2019-05-16T00:59:48+00:00","article_modified_time":"2019-08-22T01:03:31+00:00","og_image":[{"width":960,"height":720,"url":"https:\/\/www.padreeustaquio.com.br\/wp-content\/uploads\/2019\/08\/029.jpg","type":"image\/jpeg"}],"author":"sscc","twitter_card":"summary_large_image","twitter_creator":"@beatopeustaquio","twitter_site":"@beatopeustaquio","twitter_misc":{"Written by":"sscc","Est. reading time":"3 minutes"},"schema":{"@context":"https:\/\/schema.org","@graph":[{"@type":"Article","@id":"https:\/\/www.padreeustaquio.com.br\/reliquias-do-beato-padre-eustaquio-sao-recebidas-por-devotos-do-paraguai\/#article","isPartOf":{"@id":"https:\/\/www.padreeustaquio.com.br\/reliquias-do-beato-padre-eustaquio-sao-recebidas-por-devotos-do-paraguai\/"},"author":{"name":"sscc","@id":"https:\/\/www.padreeustaquio.com.br\/#\/schema\/person\/1bbfe7b959f00a655f8ecb6cb8f3ce87"},"headline":"Rel\u00edquias do Beato Padre Eust\u00e1quio s\u00e3o recebidas por devotos do Paraguai","datePublished":"2019-05-16T00:59:48+00:00","dateModified":"2019-08-22T01:03:31+00:00","mainEntityOfPage":{"@id":"https:\/\/www.padreeustaquio.com.br\/reliquias-do-beato-padre-eustaquio-sao-recebidas-por-devotos-do-paraguai\/"},"wordCount":589,"publisher":{"@id":"https:\/\/www.padreeustaquio.com.br\/#organization"},"image":{"@id":"https:\/\/www.padreeustaquio.com.br\/reliquias-do-beato-padre-eustaquio-sao-recebidas-por-devotos-do-paraguai\/#primaryimage"},"thumbnailUrl":"https:\/\/www.padreeustaquio.com.br\/wp-content\/uploads\/2019\/08\/029.jpg","articleSection":["Not\u00edcias"],"inLanguage":"en-US"},{"@type":"WebPage","@id":"https:\/\/www.padreeustaquio.com.br\/reliquias-do-beato-padre-eustaquio-sao-recebidas-por-devotos-do-paraguai\/","url":"https:\/\/www.padreeustaquio.com.br\/reliquias-do-beato-padre-eustaquio-sao-recebidas-por-devotos-do-paraguai\/","name":"Relics of Blessed Father Eustace are received by devotees in Paraguay - Father Eustace","isPartOf":{"@id":"https:\/\/www.padreeustaquio.com.br\/#website"},"primaryImageOfPage":{"@id":"https:\/\/www.padreeustaquio.com.br\/reliquias-do-beato-padre-eustaquio-sao-recebidas-por-devotos-do-paraguai\/#primaryimage"},"image":{"@id":"https:\/\/www.padreeustaquio.com.br\/reliquias-do-beato-padre-eustaquio-sao-recebidas-por-devotos-do-paraguai\/#primaryimage"},"thumbnailUrl":"https:\/\/www.padreeustaquio.com.br\/wp-content\/uploads\/2019\/08\/029.jpg","datePublished":"2019-05-16T00:59:48+00:00","dateModified":"2019-08-22T01:03:31+00:00","breadcrumb":{"@id":"https:\/\/www.padreeustaquio.com.br\/reliquias-do-beato-padre-eustaquio-sao-recebidas-por-devotos-do-paraguai\/#breadcrumb"},"inLanguage":"en-US","potentialAction":[{"@type":"ReadAction","target":["https:\/\/www.padreeustaquio.com.br\/reliquias-do-beato-padre-eustaquio-sao-recebidas-por-devotos-do-paraguai\/"]}]},{"@type":"ImageObject","inLanguage":"en-US","@id":"https:\/\/www.padreeustaquio.com.br\/reliquias-do-beato-padre-eustaquio-sao-recebidas-por-devotos-do-paraguai\/#primaryimage","url":"https:\/\/www.padreeustaquio.com.br\/wp-content\/uploads\/2019\/08\/029.jpg","contentUrl":"https:\/\/www.padreeustaquio.com.br\/wp-content\/uploads\/2019\/08\/029.jpg","width":960,"height":720},{"@type":"BreadcrumbList","@id":"https:\/\/www.padreeustaquio.com.br\/reliquias-do-beato-padre-eustaquio-sao-recebidas-por-devotos-do-paraguai\/#breadcrumb","itemListElement":[{"@type":"ListItem","position":1,"name":"In\u00edcio","item":"https:\/\/www.padreeustaquio.com.br\/"},{"@type":"ListItem","position":2,"name":"Rel\u00edquias do Beato Padre Eust\u00e1quio s\u00e3o recebidas por devotos do Paraguai"}]},{"@type":"WebSite","@id":"https:\/\/www.padreeustaquio.com.br\/#website","url":"https:\/\/www.padreeustaquio.com.br\/","name":"FATHER EUST\u00c1QUIO","description":"Health and Peace","publisher":{"@id":"https:\/\/www.padreeustaquio.com.br\/#organization"},"potentialAction":[{"@type":"SearchAction","target":{"@type":"EntryPoint","urlTemplate":"https:\/\/www.padreeustaquio.com.br\/?s={search_term_string}"},"query-input":{"@type":"PropertyValueSpecification","valueRequired":true,"valueName":"search_term_string"}}],"inLanguage":"en-US"},{"@type":"Organization","@id":"https:\/\/www.padreeustaquio.com.br\/#organization","name":"FATHER EUST\u00c1QUIO","url":"https:\/\/www.padreeustaquio.com.br\/","logo":{"@type":"ImageObject","inLanguage":"en-US","@id":"https:\/\/www.padreeustaquio.com.br\/#\/schema\/logo\/image\/","url":"https:\/\/www.padreeustaquio.com.br\/wp-content\/uploads\/2019\/08\/marca.png","contentUrl":"https:\/\/www.padreeustaquio.com.br\/wp-content\/uploads\/2019\/08\/marca.png","width":350,"height":400,"caption":"Padre Eust\u00e1quio"},"image":{"@id":"https:\/\/www.padreeustaquio.com.br\/#\/schema\/logo\/image\/"},"sameAs":["https:\/\/www.facebook.com\/beatopadreeustaquio\/","https:\/\/x.com\/beatopeustaquio","https:\/\/www.instagram.com\/beatopadreeustaquio\/","https:\/\/www.youtube.com\/channel\/UCRhw7vfabnajwLxb1ZXMeIw"]},{"@type":"Person","@id":"https:\/\/www.padreeustaquio.com.br\/#\/schema\/person\/1bbfe7b959f00a655f8ecb6cb8f3ce87","name":"sscc","image":{"@type":"ImageObject","inLanguage":"en-US","@id":"https:\/\/secure.gravatar.com\/avatar\/edddec27f012d36cfa3fce966238219942e4659e87f27ef7b5704f0db7007bec?s=96&d=mm&r=g","url":"https:\/\/secure.gravatar.com\/avatar\/edddec27f012d36cfa3fce966238219942e4659e87f27ef7b5704f0db7007bec?s=96&d=mm&r=g","contentUrl":"https:\/\/secure.gravatar.com\/avatar\/edddec27f012d36cfa3fce966238219942e4659e87f27ef7b5704f0db7007bec?s=96&d=mm&r=g","caption":"sscc"},"url":"https:\/\/www.padreeustaquio.com.br\/en\/author\/userpde\/"}]}},"_links":{"self":[{"href":"https:\/\/www.padreeustaquio.com.br\/en\/wp-json\/wp\/v2\/posts\/3037","targetHints":{"allow":["GET"]}}],"collection":[{"href":"https:\/\/www.padreeustaquio.com.br\/en\/wp-json\/wp\/v2\/posts"}],"about":[{"href":"https:\/\/www.padreeustaquio.com.br\/en\/wp-json\/wp\/v2\/types\/post"}],"author":[{"embeddable":true,"href":"https:\/\/www.padreeustaquio.com.br\/en\/wp-json\/wp\/v2\/users\/6"}],"replies":[{"embeddable":true,"href":"https:\/\/www.padreeustaquio.com.br\/en\/wp-json\/wp\/v2\/comments?post=3037"}],"version-history":[{"count":0,"href":"https:\/\/www.padreeustaquio.com.br\/en\/wp-json\/wp\/v2\/posts\/3037\/revisions"}],"wp:featuredmedia":[{"embeddable":true,"href":"https:\/\/www.padreeustaquio.com.br\/en\/wp-json\/wp\/v2\/media\/3038"}],"wp:attachment":[{"href":"https:\/\/www.padreeustaquio.com.br\/en\/wp-json\/wp\/v2\/media?parent=3037"}],"wp:term":[{"taxonomy":"category","embeddable":true,"href":"https:\/\/www.padreeustaquio.com.br\/en\/wp-json\/wp\/v2\/categories?post=3037"},{"taxonomy":"post_tag","embeddable":true,"href":"https:\/\/www.padreeustaquio.com.br\/en\/wp-json\/wp\/v2\/tags?post=3037"}],"curies":[{"name":"wp","href":"https:\/\/api.w.org\/{rel}","templated":true}]}}