{"id":3033,"date":"2019-05-15T21:51:46","date_gmt":"2019-05-16T00:51:46","guid":{"rendered":"http:\/\/br606.teste.website\/~padre078\/padreeustaquio.com.br\/?p=3033"},"modified":"2019-08-21T21:57:29","modified_gmt":"2019-08-22T00:57:29","slug":"devotees-from-various-parts-of-brazil-record-testimonies-of-graces-received","status":"publish","type":"post","link":"https:\/\/www.padreeustaquio.com.br\/en\/devotees-from-various-parts-of-brazil-record-testimonies-of-graces-received\/","title":{"rendered":"Devotees from various parts of Brazil record testimonies of graces received."},"content":{"rendered":"<p>On June 15, 2006, at the Mineir\u00e3o stadium in Belo Horizonte, Father Eust\u00e1quio was officially recognized as a Blessed of the Church and an example for Christians. This milestone was achieved through the certification of the cure of cancer, a miracle attributed to the Blessed, in favor of Father Gon\u00e7alo Bel\u00e9m. Even today, there are many accounts of graces received, which once again reaffirm Father Eust\u00e1quio&#039;s intercession with God. It is 75 years of a history of faith and witness.<\/p>\n<p>To help us tell this story, the team from the Vice-Postulation of the Cause of Canonization recorded some of the thousands of testimonies of Graces Received that reach the Sanctuary of Health and Peace in the capital of Minas Gerais. The documentary is part of the commemorations of the 75th anniversary of the religious figure&#039;s death and is now being divided into testimonies recorded individually and released on the Vice-Postulation&#039;s social media.<\/p>\n<p><strong><a href=\"https:\/\/www.youtube.com\/channel\/UCRhw7vfabnajwLxb1ZXMeIw\" target=\"_blank\" rel=\"noopener\">Access here\u00a0<\/a><\/strong>And see the testimonies of those who have faith in the intercession of Blessed Father Eustace and who have seen impossible events become a reality through the hands of God and the example of the Blessed One.<\/p>\n<p><em>And if you have received any grace through the intercession of Father Eust\u00e1quio, tell the team that is leading the cause of Canonization. Help the Church to recognize those who intercede for us and will always be our examples of holiness.<\/em><\/p>\n<p><strong>Call (31) 3567-0314 or send an email to: contato@padreeustaquio.com.br<\/strong><\/p>","protected":false},"excerpt":{"rendered":"<p>No dia 15 de junho de 2006, no est\u00e1dio do Mineir\u00e3o, em Belo Horizonte, Padre Eust\u00e1quio foi reconhecido oficialmente como Beato da Igreja e exemplo para os crist\u00e3os. Essa etapa foi proporcionada pela certifica\u00e7\u00e3o da cura de um c\u00e2ncer, milagre atribu\u00eddo ao Beato, em favor do Padre Gon\u00e7alo Bel\u00e9m. Ainda hoje, muitos s\u00e3o os relatos de gra\u00e7as, que mais uma vez reafirmam a intercess\u00e3o de Padre Eust\u00e1quio junto de Deus. S\u00e3o 75 anos de uma hist\u00f3ria de f\u00e9 e testemunho. Para ajudar-nos a contar esta hist\u00f3ria, a equipe da vice-postula\u00e7\u00e3o da Causa de Canoniza\u00e7\u00e3o gravou alguns dos milhares depoimentos de [&hellip;]<\/p>\n","protected":false},"author":6,"featured_media":3034,"comment_status":"closed","ping_status":"open","sticky":false,"template":"","format":"standard","meta":{"_acf_changed":false,"footnotes":""},"categories":[611],"tags":[],"class_list":["post-3033","post","type-post","status-publish","format-standard","has-post-thumbnail","hentry","category-noticias"],"acf":[],"yoast_head":"<!-- This site is optimized with the Yoast SEO plugin v27.2 - https:\/\/yoast.com\/product\/yoast-seo-wordpress\/ -->\n<title>Devotos de v\u00e1rias partes do Brasil gravam testemunho de Gra\u00e7as Alcan\u00e7adas - Padre Eust\u00e1quio<\/title>\n<meta name=\"robots\" content=\"index, follow, max-snippet:-1, max-image-preview:large, max-video-preview:-1\" \/>\n<link rel=\"canonical\" href=\"https:\/\/www.padreeustaquio.com.br\/en\/devotees-from-various-parts-of-brazil-record-testimonies-of-graces-received\/\" \/>\n<meta property=\"og:locale\" content=\"en_US\" \/>\n<meta property=\"og:type\" content=\"article\" \/>\n<meta property=\"og:title\" content=\"Devotos de v\u00e1rias partes do Brasil gravam testemunho de Gra\u00e7as Alcan\u00e7adas - Padre Eust\u00e1quio\" \/>\n<meta property=\"og:description\" content=\"No dia 15 de junho de 2006, no est\u00e1dio do Mineir\u00e3o, em Belo Horizonte, Padre Eust\u00e1quio foi reconhecido oficialmente como Beato da Igreja e exemplo para os crist\u00e3os. Essa etapa foi proporcionada pela certifica\u00e7\u00e3o da cura de um c\u00e2ncer, milagre atribu\u00eddo ao Beato, em favor do Padre Gon\u00e7alo Bel\u00e9m. Ainda hoje, muitos s\u00e3o os relatos de gra\u00e7as, que mais uma vez reafirmam a intercess\u00e3o de Padre Eust\u00e1quio junto de Deus. S\u00e3o 75 anos de uma hist\u00f3ria de f\u00e9 e testemunho. Para ajudar-nos a contar esta hist\u00f3ria, a equipe da vice-postula\u00e7\u00e3o da Causa de Canoniza\u00e7\u00e3o gravou alguns dos milhares depoimentos de [&hellip;]\" \/>\n<meta property=\"og:url\" content=\"https:\/\/www.padreeustaquio.com.br\/en\/devotees-from-various-parts-of-brazil-record-testimonies-of-graces-received\/\" \/>\n<meta property=\"og:site_name\" content=\"Padre Eust\u00e1quio\" \/>\n<meta property=\"article:publisher\" content=\"https:\/\/www.facebook.com\/beatopadreeustaquio\/\" \/>\n<meta property=\"article:published_time\" content=\"2019-05-16T00:51:46+00:00\" \/>\n<meta property=\"article:modified_time\" content=\"2019-08-22T00:57:29+00:00\" \/>\n<meta property=\"og:image\" content=\"https:\/\/www.padreeustaquio.com.br\/wp-content\/uploads\/2019\/08\/028.jpg\" \/>\n\t<meta property=\"og:image:width\" content=\"512\" \/>\n\t<meta property=\"og:image:height\" content=\"394\" \/>\n\t<meta property=\"og:image:type\" content=\"image\/jpeg\" \/>\n<meta name=\"author\" content=\"sscc\" \/>\n<meta name=\"twitter:card\" content=\"summary_large_image\" \/>\n<meta name=\"twitter:creator\" content=\"@beatopeustaquio\" \/>\n<meta name=\"twitter:site\" content=\"@beatopeustaquio\" \/>\n<meta name=\"twitter:label1\" content=\"Written by\" \/>\n\t<meta name=\"twitter:data1\" content=\"sscc\" \/>\n\t<meta name=\"twitter:label2\" content=\"Est. reading time\" \/>\n\t<meta name=\"twitter:data2\" content=\"1 minute\" \/>\n<script type=\"application\/ld+json\" class=\"yoast-schema-graph\">{\"@context\":\"https:\/\/schema.org\",\"@graph\":[{\"@type\":\"Article\",\"@id\":\"https:\/\/www.padreeustaquio.com.br\/devotos-de-varias-partes-do-brasil-gravam-testemunho-de-gracas-alcancadas\/#article\",\"isPartOf\":{\"@id\":\"https:\/\/www.padreeustaquio.com.br\/devotos-de-varias-partes-do-brasil-gravam-testemunho-de-gracas-alcancadas\/\"},\"author\":{\"name\":\"sscc\",\"@id\":\"https:\/\/www.padreeustaquio.com.br\/#\/schema\/person\/1bbfe7b959f00a655f8ecb6cb8f3ce87\"},\"headline\":\"Devotos de v\u00e1rias partes do Brasil gravam testemunho de Gra\u00e7as Alcan\u00e7adas\",\"datePublished\":\"2019-05-16T00:51:46+00:00\",\"dateModified\":\"2019-08-22T00:57:29+00:00\",\"mainEntityOfPage\":{\"@id\":\"https:\/\/www.padreeustaquio.com.br\/devotos-de-varias-partes-do-brasil-gravam-testemunho-de-gracas-alcancadas\/\"},\"wordCount\":275,\"publisher\":{\"@id\":\"https:\/\/www.padreeustaquio.com.br\/#organization\"},\"image\":{\"@id\":\"https:\/\/www.padreeustaquio.com.br\/devotos-de-varias-partes-do-brasil-gravam-testemunho-de-gracas-alcancadas\/#primaryimage\"},\"thumbnailUrl\":\"https:\/\/www.padreeustaquio.com.br\/wp-content\/uploads\/2019\/08\/028.jpg\",\"articleSection\":[\"Not\u00edcias\"],\"inLanguage\":\"en-US\"},{\"@type\":\"WebPage\",\"@id\":\"https:\/\/www.padreeustaquio.com.br\/devotos-de-varias-partes-do-brasil-gravam-testemunho-de-gracas-alcancadas\/\",\"url\":\"https:\/\/www.padreeustaquio.com.br\/devotos-de-varias-partes-do-brasil-gravam-testemunho-de-gracas-alcancadas\/\",\"name\":\"Devotos de v\u00e1rias partes do Brasil gravam testemunho de Gra\u00e7as Alcan\u00e7adas - Padre Eust\u00e1quio\",\"isPartOf\":{\"@id\":\"https:\/\/www.padreeustaquio.com.br\/#website\"},\"primaryImageOfPage\":{\"@id\":\"https:\/\/www.padreeustaquio.com.br\/devotos-de-varias-partes-do-brasil-gravam-testemunho-de-gracas-alcancadas\/#primaryimage\"},\"image\":{\"@id\":\"https:\/\/www.padreeustaquio.com.br\/devotos-de-varias-partes-do-brasil-gravam-testemunho-de-gracas-alcancadas\/#primaryimage\"},\"thumbnailUrl\":\"https:\/\/www.padreeustaquio.com.br\/wp-content\/uploads\/2019\/08\/028.jpg\",\"datePublished\":\"2019-05-16T00:51:46+00:00\",\"dateModified\":\"2019-08-22T00:57:29+00:00\",\"breadcrumb\":{\"@id\":\"https:\/\/www.padreeustaquio.com.br\/devotos-de-varias-partes-do-brasil-gravam-testemunho-de-gracas-alcancadas\/#breadcrumb\"},\"inLanguage\":\"en-US\",\"potentialAction\":[{\"@type\":\"ReadAction\",\"target\":[\"https:\/\/www.padreeustaquio.com.br\/devotos-de-varias-partes-do-brasil-gravam-testemunho-de-gracas-alcancadas\/\"]}]},{\"@type\":\"ImageObject\",\"inLanguage\":\"en-US\",\"@id\":\"https:\/\/www.padreeustaquio.com.br\/devotos-de-varias-partes-do-brasil-gravam-testemunho-de-gracas-alcancadas\/#primaryimage\",\"url\":\"https:\/\/www.padreeustaquio.com.br\/wp-content\/uploads\/2019\/08\/028.jpg\",\"contentUrl\":\"https:\/\/www.padreeustaquio.com.br\/wp-content\/uploads\/2019\/08\/028.jpg\",\"width\":512,\"height\":394},{\"@type\":\"BreadcrumbList\",\"@id\":\"https:\/\/www.padreeustaquio.com.br\/devotos-de-varias-partes-do-brasil-gravam-testemunho-de-gracas-alcancadas\/#breadcrumb\",\"itemListElement\":[{\"@type\":\"ListItem\",\"position\":1,\"name\":\"In\u00edcio\",\"item\":\"https:\/\/www.padreeustaquio.com.br\/\"},{\"@type\":\"ListItem\",\"position\":2,\"name\":\"Devotos de v\u00e1rias partes do Brasil gravam testemunho de Gra\u00e7as Alcan\u00e7adas\"}]},{\"@type\":\"WebSite\",\"@id\":\"https:\/\/www.padreeustaquio.com.br\/#website\",\"url\":\"https:\/\/www.padreeustaquio.com.br\/\",\"name\":\"Padre Eust\u00e1quio\",\"description\":\"Sa\u00fade e Paz\",\"publisher\":{\"@id\":\"https:\/\/www.padreeustaquio.com.br\/#organization\"},\"potentialAction\":[{\"@type\":\"SearchAction\",\"target\":{\"@type\":\"EntryPoint\",\"urlTemplate\":\"https:\/\/www.padreeustaquio.com.br\/?s={search_term_string}\"},\"query-input\":{\"@type\":\"PropertyValueSpecification\",\"valueRequired\":true,\"valueName\":\"search_term_string\"}}],\"inLanguage\":\"en-US\"},{\"@type\":\"Organization\",\"@id\":\"https:\/\/www.padreeustaquio.com.br\/#organization\",\"name\":\"Padre Eust\u00e1quio\",\"url\":\"https:\/\/www.padreeustaquio.com.br\/\",\"logo\":{\"@type\":\"ImageObject\",\"inLanguage\":\"en-US\",\"@id\":\"https:\/\/www.padreeustaquio.com.br\/#\/schema\/logo\/image\/\",\"url\":\"https:\/\/www.padreeustaquio.com.br\/wp-content\/uploads\/2019\/08\/marca.png\",\"contentUrl\":\"https:\/\/www.padreeustaquio.com.br\/wp-content\/uploads\/2019\/08\/marca.png\",\"width\":350,\"height\":400,\"caption\":\"Padre Eust\u00e1quio\"},\"image\":{\"@id\":\"https:\/\/www.padreeustaquio.com.br\/#\/schema\/logo\/image\/\"},\"sameAs\":[\"https:\/\/www.facebook.com\/beatopadreeustaquio\/\",\"https:\/\/x.com\/beatopeustaquio\",\"https:\/\/www.instagram.com\/beatopadreeustaquio\/\",\"https:\/\/www.youtube.com\/channel\/UCRhw7vfabnajwLxb1ZXMeIw\"]},{\"@type\":\"Person\",\"@id\":\"https:\/\/www.padreeustaquio.com.br\/#\/schema\/person\/1bbfe7b959f00a655f8ecb6cb8f3ce87\",\"name\":\"sscc\",\"image\":{\"@type\":\"ImageObject\",\"inLanguage\":\"en-US\",\"@id\":\"https:\/\/secure.gravatar.com\/avatar\/edddec27f012d36cfa3fce966238219942e4659e87f27ef7b5704f0db7007bec?s=96&d=mm&r=g\",\"url\":\"https:\/\/secure.gravatar.com\/avatar\/edddec27f012d36cfa3fce966238219942e4659e87f27ef7b5704f0db7007bec?s=96&d=mm&r=g\",\"contentUrl\":\"https:\/\/secure.gravatar.com\/avatar\/edddec27f012d36cfa3fce966238219942e4659e87f27ef7b5704f0db7007bec?s=96&d=mm&r=g\",\"caption\":\"sscc\"},\"url\":\"https:\/\/www.padreeustaquio.com.br\/en\/author\/userpde\/\"}]}<\/script>\n<!-- \/ Yoast SEO plugin. -->","yoast_head_json":{"title":"Devotees from various parts of Brazil record testimonies of graces received - Father Eust\u00e1quio","robots":{"index":"index","follow":"follow","max-snippet":"max-snippet:-1","max-image-preview":"max-image-preview:large","max-video-preview":"max-video-preview:-1"},"canonical":"https:\/\/www.padreeustaquio.com.br\/en\/devotees-from-various-parts-of-brazil-record-testimonies-of-graces-received\/","og_locale":"en_US","og_type":"article","og_title":"Devotos de v\u00e1rias partes do Brasil gravam testemunho de Gra\u00e7as Alcan\u00e7adas - Padre Eust\u00e1quio","og_description":"No dia 15 de junho de 2006, no est\u00e1dio do Mineir\u00e3o, em Belo Horizonte, Padre Eust\u00e1quio foi reconhecido oficialmente como Beato da Igreja e exemplo para os crist\u00e3os. Essa etapa foi proporcionada pela certifica\u00e7\u00e3o da cura de um c\u00e2ncer, milagre atribu\u00eddo ao Beato, em favor do Padre Gon\u00e7alo Bel\u00e9m. Ainda hoje, muitos s\u00e3o os relatos de gra\u00e7as, que mais uma vez reafirmam a intercess\u00e3o de Padre Eust\u00e1quio junto de Deus. S\u00e3o 75 anos de uma hist\u00f3ria de f\u00e9 e testemunho. Para ajudar-nos a contar esta hist\u00f3ria, a equipe da vice-postula\u00e7\u00e3o da Causa de Canoniza\u00e7\u00e3o gravou alguns dos milhares depoimentos de [&hellip;]","og_url":"https:\/\/www.padreeustaquio.com.br\/en\/devotees-from-various-parts-of-brazil-record-testimonies-of-graces-received\/","og_site_name":"Padre Eust\u00e1quio","article_publisher":"https:\/\/www.facebook.com\/beatopadreeustaquio\/","article_published_time":"2019-05-16T00:51:46+00:00","article_modified_time":"2019-08-22T00:57:29+00:00","og_image":[{"width":512,"height":394,"url":"https:\/\/www.padreeustaquio.com.br\/wp-content\/uploads\/2019\/08\/028.jpg","type":"image\/jpeg"}],"author":"sscc","twitter_card":"summary_large_image","twitter_creator":"@beatopeustaquio","twitter_site":"@beatopeustaquio","twitter_misc":{"Written by":"sscc","Est. reading time":"1 minute"},"schema":{"@context":"https:\/\/schema.org","@graph":[{"@type":"Article","@id":"https:\/\/www.padreeustaquio.com.br\/devotos-de-varias-partes-do-brasil-gravam-testemunho-de-gracas-alcancadas\/#article","isPartOf":{"@id":"https:\/\/www.padreeustaquio.com.br\/devotos-de-varias-partes-do-brasil-gravam-testemunho-de-gracas-alcancadas\/"},"author":{"name":"sscc","@id":"https:\/\/www.padreeustaquio.com.br\/#\/schema\/person\/1bbfe7b959f00a655f8ecb6cb8f3ce87"},"headline":"Devotos de v\u00e1rias partes do Brasil gravam testemunho de Gra\u00e7as Alcan\u00e7adas","datePublished":"2019-05-16T00:51:46+00:00","dateModified":"2019-08-22T00:57:29+00:00","mainEntityOfPage":{"@id":"https:\/\/www.padreeustaquio.com.br\/devotos-de-varias-partes-do-brasil-gravam-testemunho-de-gracas-alcancadas\/"},"wordCount":275,"publisher":{"@id":"https:\/\/www.padreeustaquio.com.br\/#organization"},"image":{"@id":"https:\/\/www.padreeustaquio.com.br\/devotos-de-varias-partes-do-brasil-gravam-testemunho-de-gracas-alcancadas\/#primaryimage"},"thumbnailUrl":"https:\/\/www.padreeustaquio.com.br\/wp-content\/uploads\/2019\/08\/028.jpg","articleSection":["Not\u00edcias"],"inLanguage":"en-US"},{"@type":"WebPage","@id":"https:\/\/www.padreeustaquio.com.br\/devotos-de-varias-partes-do-brasil-gravam-testemunho-de-gracas-alcancadas\/","url":"https:\/\/www.padreeustaquio.com.br\/devotos-de-varias-partes-do-brasil-gravam-testemunho-de-gracas-alcancadas\/","name":"Devotees from various parts of Brazil record testimonies of graces received - Father Eust\u00e1quio","isPartOf":{"@id":"https:\/\/www.padreeustaquio.com.br\/#website"},"primaryImageOfPage":{"@id":"https:\/\/www.padreeustaquio.com.br\/devotos-de-varias-partes-do-brasil-gravam-testemunho-de-gracas-alcancadas\/#primaryimage"},"image":{"@id":"https:\/\/www.padreeustaquio.com.br\/devotos-de-varias-partes-do-brasil-gravam-testemunho-de-gracas-alcancadas\/#primaryimage"},"thumbnailUrl":"https:\/\/www.padreeustaquio.com.br\/wp-content\/uploads\/2019\/08\/028.jpg","datePublished":"2019-05-16T00:51:46+00:00","dateModified":"2019-08-22T00:57:29+00:00","breadcrumb":{"@id":"https:\/\/www.padreeustaquio.com.br\/devotos-de-varias-partes-do-brasil-gravam-testemunho-de-gracas-alcancadas\/#breadcrumb"},"inLanguage":"en-US","potentialAction":[{"@type":"ReadAction","target":["https:\/\/www.padreeustaquio.com.br\/devotos-de-varias-partes-do-brasil-gravam-testemunho-de-gracas-alcancadas\/"]}]},{"@type":"ImageObject","inLanguage":"en-US","@id":"https:\/\/www.padreeustaquio.com.br\/devotos-de-varias-partes-do-brasil-gravam-testemunho-de-gracas-alcancadas\/#primaryimage","url":"https:\/\/www.padreeustaquio.com.br\/wp-content\/uploads\/2019\/08\/028.jpg","contentUrl":"https:\/\/www.padreeustaquio.com.br\/wp-content\/uploads\/2019\/08\/028.jpg","width":512,"height":394},{"@type":"BreadcrumbList","@id":"https:\/\/www.padreeustaquio.com.br\/devotos-de-varias-partes-do-brasil-gravam-testemunho-de-gracas-alcancadas\/#breadcrumb","itemListElement":[{"@type":"ListItem","position":1,"name":"In\u00edcio","item":"https:\/\/www.padreeustaquio.com.br\/"},{"@type":"ListItem","position":2,"name":"Devotos de v\u00e1rias partes do Brasil gravam testemunho de Gra\u00e7as Alcan\u00e7adas"}]},{"@type":"WebSite","@id":"https:\/\/www.padreeustaquio.com.br\/#website","url":"https:\/\/www.padreeustaquio.com.br\/","name":"FATHER EUST\u00c1QUIO","description":"Health and Peace","publisher":{"@id":"https:\/\/www.padreeustaquio.com.br\/#organization"},"potentialAction":[{"@type":"SearchAction","target":{"@type":"EntryPoint","urlTemplate":"https:\/\/www.padreeustaquio.com.br\/?s={search_term_string}"},"query-input":{"@type":"PropertyValueSpecification","valueRequired":true,"valueName":"search_term_string"}}],"inLanguage":"en-US"},{"@type":"Organization","@id":"https:\/\/www.padreeustaquio.com.br\/#organization","name":"FATHER EUST\u00c1QUIO","url":"https:\/\/www.padreeustaquio.com.br\/","logo":{"@type":"ImageObject","inLanguage":"en-US","@id":"https:\/\/www.padreeustaquio.com.br\/#\/schema\/logo\/image\/","url":"https:\/\/www.padreeustaquio.com.br\/wp-content\/uploads\/2019\/08\/marca.png","contentUrl":"https:\/\/www.padreeustaquio.com.br\/wp-content\/uploads\/2019\/08\/marca.png","width":350,"height":400,"caption":"Padre Eust\u00e1quio"},"image":{"@id":"https:\/\/www.padreeustaquio.com.br\/#\/schema\/logo\/image\/"},"sameAs":["https:\/\/www.facebook.com\/beatopadreeustaquio\/","https:\/\/x.com\/beatopeustaquio","https:\/\/www.instagram.com\/beatopadreeustaquio\/","https:\/\/www.youtube.com\/channel\/UCRhw7vfabnajwLxb1ZXMeIw"]},{"@type":"Person","@id":"https:\/\/www.padreeustaquio.com.br\/#\/schema\/person\/1bbfe7b959f00a655f8ecb6cb8f3ce87","name":"sscc","image":{"@type":"ImageObject","inLanguage":"en-US","@id":"https:\/\/secure.gravatar.com\/avatar\/edddec27f012d36cfa3fce966238219942e4659e87f27ef7b5704f0db7007bec?s=96&d=mm&r=g","url":"https:\/\/secure.gravatar.com\/avatar\/edddec27f012d36cfa3fce966238219942e4659e87f27ef7b5704f0db7007bec?s=96&d=mm&r=g","contentUrl":"https:\/\/secure.gravatar.com\/avatar\/edddec27f012d36cfa3fce966238219942e4659e87f27ef7b5704f0db7007bec?s=96&d=mm&r=g","caption":"sscc"},"url":"https:\/\/www.padreeustaquio.com.br\/en\/author\/userpde\/"}]}},"_links":{"self":[{"href":"https:\/\/www.padreeustaquio.com.br\/en\/wp-json\/wp\/v2\/posts\/3033","targetHints":{"allow":["GET"]}}],"collection":[{"href":"https:\/\/www.padreeustaquio.com.br\/en\/wp-json\/wp\/v2\/posts"}],"about":[{"href":"https:\/\/www.padreeustaquio.com.br\/en\/wp-json\/wp\/v2\/types\/post"}],"author":[{"embeddable":true,"href":"https:\/\/www.padreeustaquio.com.br\/en\/wp-json\/wp\/v2\/users\/6"}],"replies":[{"embeddable":true,"href":"https:\/\/www.padreeustaquio.com.br\/en\/wp-json\/wp\/v2\/comments?post=3033"}],"version-history":[{"count":0,"href":"https:\/\/www.padreeustaquio.com.br\/en\/wp-json\/wp\/v2\/posts\/3033\/revisions"}],"wp:featuredmedia":[{"embeddable":true,"href":"https:\/\/www.padreeustaquio.com.br\/en\/wp-json\/wp\/v2\/media\/3034"}],"wp:attachment":[{"href":"https:\/\/www.padreeustaquio.com.br\/en\/wp-json\/wp\/v2\/media?parent=3033"}],"wp:term":[{"taxonomy":"category","embeddable":true,"href":"https:\/\/www.padreeustaquio.com.br\/en\/wp-json\/wp\/v2\/categories?post=3033"},{"taxonomy":"post_tag","embeddable":true,"href":"https:\/\/www.padreeustaquio.com.br\/en\/wp-json\/wp\/v2\/tags?post=3033"}],"curies":[{"name":"wp","href":"https:\/\/api.w.org\/{rel}","templated":true}]}}