{"id":3030,"date":"2019-02-26T21:48:22","date_gmt":"2019-02-27T00:48:22","guid":{"rendered":"http:\/\/br606.teste.website\/~padre078\/padreeustaquio.com.br\/?p=3030"},"modified":"2019-08-21T21:50:40","modified_gmt":"2019-08-22T00:50:40","slug":"the-2019-fraternity-campaign-will-have-public-policies-as-its-theme","status":"publish","type":"post","link":"https:\/\/www.padreeustaquio.com.br\/en\/the-2019-fraternity-campaign-will-have-public-policies-as-its-theme\/","title":{"rendered":"The 2019 Fraternity Campaign will have &#039;Public Policies&#039; as its theme."},"content":{"rendered":"<p>The bishops of the Episcopal Pastoral Council (Consep) of the National Conference of Bishops of Brazil (CNBB) chose the theme for the 2019 Lenten Campaign. After a tie with another proposal, the theme &quot;Fraternity and Public Policies&quot; was chosen \u2013 by six votes to four.<br \/>\nThe information is published by the National Conference of Bishops of Brazil \u2013 CNBB.<\/p>\n<p>The discussion regarding the issue began yesterday morning, right at the start of the Council meeting. Based on 98 suggestions submitted by dioceses, regional bodies, and government agencies, including the Federal Highway Police, the bishops arrived at seven thematic areas that were put to a vote today: public policies, traffic, communication, family, education, human rights, and fraternity.<\/p>\n<p>After resuming the debate and highlighting important elements related to each theme, as well as the relevance of the reflection in the social context of Brazil, the bishops proposed the complete title of the theme for voting. The following nominations received votes: \u201cFraternity and public policies\u201d, \u201cFraternity: public policies and human rights\u201d and \u201cTraffic: respect for life\u201d.<br \/>\nThe winning proposal gained weight with arguments highlighting that &quot;public policies&quot; is a broader topic encompassing all other proposals considered by the council members, such as human and social rights, family, education, traffic, and communication.<\/p>\n<p><strong>Prayer for the 2019 Fraternity Campaign<\/strong><\/p>\n<p><em>Merciful and compassionate Father,<\/em><br \/>\n<em>who govern the world with justice and love,<\/em><br \/>\n<em>Give us a wise heart to recognize the presence of your Kingdom.<\/em><br \/>\n<em>between us.<\/em><br \/>\n<em>In his great mercy, Jesus,<\/em><br \/>\n<em>the beloved Son, dwelling among us<\/em><br \/>\n<em>witnessed your infinite love<\/em><br \/>\n<em>and proclaimed the Gospel of brotherhood and peace.<\/em><br \/>\n<em>May your example teach us to welcome.<\/em><br \/>\n<em>the poor and marginalized, our brothers and sisters<\/em><br \/>\n<em>with fair public policies,<\/em><br \/>\n<em>And let us be builders of a humane and caring society.<\/em><br \/>\n<em>May the divine Spirit ignite in our Church.<\/em><br \/>\n<em>sincere charity and brotherly love;<\/em><br \/>\n<em>May honesty and justice shine forth in our society.<\/em><br \/>\n<em>and let us be true citizens of the \u201cnew heaven and the new earth\u201d<\/em><br \/>\n<em>Amen.<\/em><\/p>\n<p>Source: CNBB \/\u00a0<a href=\"https:\/\/portalkairos.org\/tema-da-campanha-da-fraternidade-2019-cf-2019\/#ixzz5gg6N5MNx\">Kairos Portal<\/a><\/p>","protected":false},"excerpt":{"rendered":"<p>Os bispos do Conselho Episcopal Pastoral (Consep) da Confer\u00eancia Nacional dos Bispos do Brasil (CNBB) escolheram o tema da CF 2019. Ap\u00f3s empate com outra proposta, foi escolhido \u2013 por seis votos a quatro \u2013 o tema \u201cFraternidade e pol\u00edticas p\u00fablicas\u201d. A informa\u00e7\u00e3o \u00e9 publicada por Confer\u00eancia Nacional dos Bispos do Brasil \u2013 CNBB A discuss\u00e3o a respeito da quest\u00e3o foi iniciada na manh\u00e3 de ontem, logo no in\u00edcio da reuni\u00e3o do Conselho. A partir de 98 sugest\u00f5es, enviadas por dioceses, regionais e \u00f3rg\u00e3os governamentais, entre eles a Pol\u00edcia Rodovi\u00e1ria Federal, os bispos chegaram a sete eixos tem\u00e1ticos postos em [&hellip;]<\/p>\n","protected":false},"author":6,"featured_media":3031,"comment_status":"closed","ping_status":"open","sticky":false,"template":"","format":"standard","meta":{"_acf_changed":false,"footnotes":""},"categories":[611],"tags":[],"class_list":["post-3030","post","type-post","status-publish","format-standard","has-post-thumbnail","hentry","category-noticias"],"acf":[],"yoast_head":"<!-- This site is optimized with the Yoast SEO plugin v27.2 - https:\/\/yoast.com\/product\/yoast-seo-wordpress\/ -->\n<title>Campanha da Fraternidade 2019 ter\u00e1 &#039;Pol\u00edticas P\u00fablicas&#039; como tema - Padre Eust\u00e1quio<\/title>\n<meta name=\"robots\" content=\"index, follow, max-snippet:-1, max-image-preview:large, max-video-preview:-1\" \/>\n<link rel=\"canonical\" href=\"https:\/\/www.padreeustaquio.com.br\/en\/the-2019-fraternity-campaign-will-have-public-policies-as-its-theme\/\" \/>\n<meta property=\"og:locale\" content=\"en_US\" \/>\n<meta property=\"og:type\" content=\"article\" \/>\n<meta property=\"og:title\" content=\"Campanha da Fraternidade 2019 ter\u00e1 &#039;Pol\u00edticas P\u00fablicas&#039; como tema - Padre Eust\u00e1quio\" \/>\n<meta property=\"og:description\" content=\"Os bispos do Conselho Episcopal Pastoral (Consep) da Confer\u00eancia Nacional dos Bispos do Brasil (CNBB) escolheram o tema da CF 2019. Ap\u00f3s empate com outra proposta, foi escolhido \u2013 por seis votos a quatro \u2013 o tema \u201cFraternidade e pol\u00edticas p\u00fablicas\u201d. A informa\u00e7\u00e3o \u00e9 publicada por Confer\u00eancia Nacional dos Bispos do Brasil \u2013 CNBB A discuss\u00e3o a respeito da quest\u00e3o foi iniciada na manh\u00e3 de ontem, logo no in\u00edcio da reuni\u00e3o do Conselho. A partir de 98 sugest\u00f5es, enviadas por dioceses, regionais e \u00f3rg\u00e3os governamentais, entre eles a Pol\u00edcia Rodovi\u00e1ria Federal, os bispos chegaram a sete eixos tem\u00e1ticos postos em [&hellip;]\" \/>\n<meta property=\"og:url\" content=\"https:\/\/www.padreeustaquio.com.br\/en\/the-2019-fraternity-campaign-will-have-public-policies-as-its-theme\/\" \/>\n<meta property=\"og:site_name\" content=\"Padre Eust\u00e1quio\" \/>\n<meta property=\"article:publisher\" content=\"https:\/\/www.facebook.com\/beatopadreeustaquio\/\" \/>\n<meta property=\"article:published_time\" content=\"2019-02-27T00:48:22+00:00\" \/>\n<meta property=\"article:modified_time\" content=\"2019-08-22T00:50:40+00:00\" \/>\n<meta property=\"og:image\" content=\"https:\/\/www.padreeustaquio.com.br\/wp-content\/uploads\/2019\/08\/027.jpg\" \/>\n\t<meta property=\"og:image:width\" content=\"1000\" \/>\n\t<meta property=\"og:image:height\" content=\"768\" \/>\n\t<meta property=\"og:image:type\" content=\"image\/jpeg\" \/>\n<meta name=\"author\" content=\"sscc\" \/>\n<meta name=\"twitter:card\" content=\"summary_large_image\" \/>\n<meta name=\"twitter:creator\" content=\"@beatopeustaquio\" \/>\n<meta name=\"twitter:site\" content=\"@beatopeustaquio\" \/>\n<meta name=\"twitter:label1\" content=\"Written by\" \/>\n\t<meta name=\"twitter:data1\" content=\"sscc\" \/>\n\t<meta name=\"twitter:label2\" content=\"Est. reading time\" \/>\n\t<meta name=\"twitter:data2\" content=\"2 minutes\" \/>\n<script type=\"application\/ld+json\" class=\"yoast-schema-graph\">{\"@context\":\"https:\/\/schema.org\",\"@graph\":[{\"@type\":\"Article\",\"@id\":\"https:\/\/www.padreeustaquio.com.br\/campanha-da-fraternidade-2019-tera-politicas-publicas-como-tema\/#article\",\"isPartOf\":{\"@id\":\"https:\/\/www.padreeustaquio.com.br\/campanha-da-fraternidade-2019-tera-politicas-publicas-como-tema\/\"},\"author\":{\"name\":\"sscc\",\"@id\":\"https:\/\/www.padreeustaquio.com.br\/#\/schema\/person\/1bbfe7b959f00a655f8ecb6cb8f3ce87\"},\"headline\":\"Campanha da Fraternidade 2019 ter\u00e1 &#8216;Pol\u00edticas P\u00fablicas&#8217; como tema\",\"datePublished\":\"2019-02-27T00:48:22+00:00\",\"dateModified\":\"2019-08-22T00:50:40+00:00\",\"mainEntityOfPage\":{\"@id\":\"https:\/\/www.padreeustaquio.com.br\/campanha-da-fraternidade-2019-tera-politicas-publicas-como-tema\/\"},\"wordCount\":384,\"publisher\":{\"@id\":\"https:\/\/www.padreeustaquio.com.br\/#organization\"},\"image\":{\"@id\":\"https:\/\/www.padreeustaquio.com.br\/campanha-da-fraternidade-2019-tera-politicas-publicas-como-tema\/#primaryimage\"},\"thumbnailUrl\":\"https:\/\/www.padreeustaquio.com.br\/wp-content\/uploads\/2019\/08\/027.jpg\",\"articleSection\":[\"Not\u00edcias\"],\"inLanguage\":\"en-US\"},{\"@type\":\"WebPage\",\"@id\":\"https:\/\/www.padreeustaquio.com.br\/campanha-da-fraternidade-2019-tera-politicas-publicas-como-tema\/\",\"url\":\"https:\/\/www.padreeustaquio.com.br\/campanha-da-fraternidade-2019-tera-politicas-publicas-como-tema\/\",\"name\":\"Campanha da Fraternidade 2019 ter\u00e1 'Pol\u00edticas P\u00fablicas' como tema - Padre Eust\u00e1quio\",\"isPartOf\":{\"@id\":\"https:\/\/www.padreeustaquio.com.br\/#website\"},\"primaryImageOfPage\":{\"@id\":\"https:\/\/www.padreeustaquio.com.br\/campanha-da-fraternidade-2019-tera-politicas-publicas-como-tema\/#primaryimage\"},\"image\":{\"@id\":\"https:\/\/www.padreeustaquio.com.br\/campanha-da-fraternidade-2019-tera-politicas-publicas-como-tema\/#primaryimage\"},\"thumbnailUrl\":\"https:\/\/www.padreeustaquio.com.br\/wp-content\/uploads\/2019\/08\/027.jpg\",\"datePublished\":\"2019-02-27T00:48:22+00:00\",\"dateModified\":\"2019-08-22T00:50:40+00:00\",\"breadcrumb\":{\"@id\":\"https:\/\/www.padreeustaquio.com.br\/campanha-da-fraternidade-2019-tera-politicas-publicas-como-tema\/#breadcrumb\"},\"inLanguage\":\"en-US\",\"potentialAction\":[{\"@type\":\"ReadAction\",\"target\":[\"https:\/\/www.padreeustaquio.com.br\/campanha-da-fraternidade-2019-tera-politicas-publicas-como-tema\/\"]}]},{\"@type\":\"ImageObject\",\"inLanguage\":\"en-US\",\"@id\":\"https:\/\/www.padreeustaquio.com.br\/campanha-da-fraternidade-2019-tera-politicas-publicas-como-tema\/#primaryimage\",\"url\":\"https:\/\/www.padreeustaquio.com.br\/wp-content\/uploads\/2019\/08\/027.jpg\",\"contentUrl\":\"https:\/\/www.padreeustaquio.com.br\/wp-content\/uploads\/2019\/08\/027.jpg\",\"width\":1000,\"height\":768},{\"@type\":\"BreadcrumbList\",\"@id\":\"https:\/\/www.padreeustaquio.com.br\/campanha-da-fraternidade-2019-tera-politicas-publicas-como-tema\/#breadcrumb\",\"itemListElement\":[{\"@type\":\"ListItem\",\"position\":1,\"name\":\"In\u00edcio\",\"item\":\"https:\/\/www.padreeustaquio.com.br\/\"},{\"@type\":\"ListItem\",\"position\":2,\"name\":\"Campanha da Fraternidade 2019 ter\u00e1 &#8216;Pol\u00edticas P\u00fablicas&#8217; como tema\"}]},{\"@type\":\"WebSite\",\"@id\":\"https:\/\/www.padreeustaquio.com.br\/#website\",\"url\":\"https:\/\/www.padreeustaquio.com.br\/\",\"name\":\"Padre Eust\u00e1quio\",\"description\":\"Sa\u00fade e Paz\",\"publisher\":{\"@id\":\"https:\/\/www.padreeustaquio.com.br\/#organization\"},\"potentialAction\":[{\"@type\":\"SearchAction\",\"target\":{\"@type\":\"EntryPoint\",\"urlTemplate\":\"https:\/\/www.padreeustaquio.com.br\/?s={search_term_string}\"},\"query-input\":{\"@type\":\"PropertyValueSpecification\",\"valueRequired\":true,\"valueName\":\"search_term_string\"}}],\"inLanguage\":\"en-US\"},{\"@type\":\"Organization\",\"@id\":\"https:\/\/www.padreeustaquio.com.br\/#organization\",\"name\":\"Padre Eust\u00e1quio\",\"url\":\"https:\/\/www.padreeustaquio.com.br\/\",\"logo\":{\"@type\":\"ImageObject\",\"inLanguage\":\"en-US\",\"@id\":\"https:\/\/www.padreeustaquio.com.br\/#\/schema\/logo\/image\/\",\"url\":\"https:\/\/www.padreeustaquio.com.br\/wp-content\/uploads\/2019\/08\/marca.png\",\"contentUrl\":\"https:\/\/www.padreeustaquio.com.br\/wp-content\/uploads\/2019\/08\/marca.png\",\"width\":350,\"height\":400,\"caption\":\"Padre Eust\u00e1quio\"},\"image\":{\"@id\":\"https:\/\/www.padreeustaquio.com.br\/#\/schema\/logo\/image\/\"},\"sameAs\":[\"https:\/\/www.facebook.com\/beatopadreeustaquio\/\",\"https:\/\/x.com\/beatopeustaquio\",\"https:\/\/www.instagram.com\/beatopadreeustaquio\/\",\"https:\/\/www.youtube.com\/channel\/UCRhw7vfabnajwLxb1ZXMeIw\"]},{\"@type\":\"Person\",\"@id\":\"https:\/\/www.padreeustaquio.com.br\/#\/schema\/person\/1bbfe7b959f00a655f8ecb6cb8f3ce87\",\"name\":\"sscc\",\"image\":{\"@type\":\"ImageObject\",\"inLanguage\":\"en-US\",\"@id\":\"https:\/\/secure.gravatar.com\/avatar\/edddec27f012d36cfa3fce966238219942e4659e87f27ef7b5704f0db7007bec?s=96&d=mm&r=g\",\"url\":\"https:\/\/secure.gravatar.com\/avatar\/edddec27f012d36cfa3fce966238219942e4659e87f27ef7b5704f0db7007bec?s=96&d=mm&r=g\",\"contentUrl\":\"https:\/\/secure.gravatar.com\/avatar\/edddec27f012d36cfa3fce966238219942e4659e87f27ef7b5704f0db7007bec?s=96&d=mm&r=g\",\"caption\":\"sscc\"},\"url\":\"https:\/\/www.padreeustaquio.com.br\/en\/author\/userpde\/\"}]}<\/script>\n<!-- \/ Yoast SEO plugin. -->","yoast_head_json":{"title":"The 2019 Fraternity Campaign will have &#039;Public Policies&#039; as its theme - Father Eust\u00e1quio","robots":{"index":"index","follow":"follow","max-snippet":"max-snippet:-1","max-image-preview":"max-image-preview:large","max-video-preview":"max-video-preview:-1"},"canonical":"https:\/\/www.padreeustaquio.com.br\/en\/the-2019-fraternity-campaign-will-have-public-policies-as-its-theme\/","og_locale":"en_US","og_type":"article","og_title":"Campanha da Fraternidade 2019 ter\u00e1 'Pol\u00edticas P\u00fablicas' como tema - Padre Eust\u00e1quio","og_description":"Os bispos do Conselho Episcopal Pastoral (Consep) da Confer\u00eancia Nacional dos Bispos do Brasil (CNBB) escolheram o tema da CF 2019. Ap\u00f3s empate com outra proposta, foi escolhido \u2013 por seis votos a quatro \u2013 o tema \u201cFraternidade e pol\u00edticas p\u00fablicas\u201d. A informa\u00e7\u00e3o \u00e9 publicada por Confer\u00eancia Nacional dos Bispos do Brasil \u2013 CNBB A discuss\u00e3o a respeito da quest\u00e3o foi iniciada na manh\u00e3 de ontem, logo no in\u00edcio da reuni\u00e3o do Conselho. A partir de 98 sugest\u00f5es, enviadas por dioceses, regionais e \u00f3rg\u00e3os governamentais, entre eles a Pol\u00edcia Rodovi\u00e1ria Federal, os bispos chegaram a sete eixos tem\u00e1ticos postos em [&hellip;]","og_url":"https:\/\/www.padreeustaquio.com.br\/en\/the-2019-fraternity-campaign-will-have-public-policies-as-its-theme\/","og_site_name":"Padre Eust\u00e1quio","article_publisher":"https:\/\/www.facebook.com\/beatopadreeustaquio\/","article_published_time":"2019-02-27T00:48:22+00:00","article_modified_time":"2019-08-22T00:50:40+00:00","og_image":[{"width":1000,"height":768,"url":"https:\/\/www.padreeustaquio.com.br\/wp-content\/uploads\/2019\/08\/027.jpg","type":"image\/jpeg"}],"author":"sscc","twitter_card":"summary_large_image","twitter_creator":"@beatopeustaquio","twitter_site":"@beatopeustaquio","twitter_misc":{"Written by":"sscc","Est. reading time":"2 minutes"},"schema":{"@context":"https:\/\/schema.org","@graph":[{"@type":"Article","@id":"https:\/\/www.padreeustaquio.com.br\/campanha-da-fraternidade-2019-tera-politicas-publicas-como-tema\/#article","isPartOf":{"@id":"https:\/\/www.padreeustaquio.com.br\/campanha-da-fraternidade-2019-tera-politicas-publicas-como-tema\/"},"author":{"name":"sscc","@id":"https:\/\/www.padreeustaquio.com.br\/#\/schema\/person\/1bbfe7b959f00a655f8ecb6cb8f3ce87"},"headline":"Campanha da Fraternidade 2019 ter\u00e1 &#8216;Pol\u00edticas P\u00fablicas&#8217; como tema","datePublished":"2019-02-27T00:48:22+00:00","dateModified":"2019-08-22T00:50:40+00:00","mainEntityOfPage":{"@id":"https:\/\/www.padreeustaquio.com.br\/campanha-da-fraternidade-2019-tera-politicas-publicas-como-tema\/"},"wordCount":384,"publisher":{"@id":"https:\/\/www.padreeustaquio.com.br\/#organization"},"image":{"@id":"https:\/\/www.padreeustaquio.com.br\/campanha-da-fraternidade-2019-tera-politicas-publicas-como-tema\/#primaryimage"},"thumbnailUrl":"https:\/\/www.padreeustaquio.com.br\/wp-content\/uploads\/2019\/08\/027.jpg","articleSection":["Not\u00edcias"],"inLanguage":"en-US"},{"@type":"WebPage","@id":"https:\/\/www.padreeustaquio.com.br\/campanha-da-fraternidade-2019-tera-politicas-publicas-como-tema\/","url":"https:\/\/www.padreeustaquio.com.br\/campanha-da-fraternidade-2019-tera-politicas-publicas-como-tema\/","name":"The 2019 Fraternity Campaign will have &#039;Public Policies&#039; as its theme - Father Eust\u00e1quio","isPartOf":{"@id":"https:\/\/www.padreeustaquio.com.br\/#website"},"primaryImageOfPage":{"@id":"https:\/\/www.padreeustaquio.com.br\/campanha-da-fraternidade-2019-tera-politicas-publicas-como-tema\/#primaryimage"},"image":{"@id":"https:\/\/www.padreeustaquio.com.br\/campanha-da-fraternidade-2019-tera-politicas-publicas-como-tema\/#primaryimage"},"thumbnailUrl":"https:\/\/www.padreeustaquio.com.br\/wp-content\/uploads\/2019\/08\/027.jpg","datePublished":"2019-02-27T00:48:22+00:00","dateModified":"2019-08-22T00:50:40+00:00","breadcrumb":{"@id":"https:\/\/www.padreeustaquio.com.br\/campanha-da-fraternidade-2019-tera-politicas-publicas-como-tema\/#breadcrumb"},"inLanguage":"en-US","potentialAction":[{"@type":"ReadAction","target":["https:\/\/www.padreeustaquio.com.br\/campanha-da-fraternidade-2019-tera-politicas-publicas-como-tema\/"]}]},{"@type":"ImageObject","inLanguage":"en-US","@id":"https:\/\/www.padreeustaquio.com.br\/campanha-da-fraternidade-2019-tera-politicas-publicas-como-tema\/#primaryimage","url":"https:\/\/www.padreeustaquio.com.br\/wp-content\/uploads\/2019\/08\/027.jpg","contentUrl":"https:\/\/www.padreeustaquio.com.br\/wp-content\/uploads\/2019\/08\/027.jpg","width":1000,"height":768},{"@type":"BreadcrumbList","@id":"https:\/\/www.padreeustaquio.com.br\/campanha-da-fraternidade-2019-tera-politicas-publicas-como-tema\/#breadcrumb","itemListElement":[{"@type":"ListItem","position":1,"name":"In\u00edcio","item":"https:\/\/www.padreeustaquio.com.br\/"},{"@type":"ListItem","position":2,"name":"Campanha da Fraternidade 2019 ter\u00e1 &#8216;Pol\u00edticas P\u00fablicas&#8217; como tema"}]},{"@type":"WebSite","@id":"https:\/\/www.padreeustaquio.com.br\/#website","url":"https:\/\/www.padreeustaquio.com.br\/","name":"FATHER EUST\u00c1QUIO","description":"Health and Peace","publisher":{"@id":"https:\/\/www.padreeustaquio.com.br\/#organization"},"potentialAction":[{"@type":"SearchAction","target":{"@type":"EntryPoint","urlTemplate":"https:\/\/www.padreeustaquio.com.br\/?s={search_term_string}"},"query-input":{"@type":"PropertyValueSpecification","valueRequired":true,"valueName":"search_term_string"}}],"inLanguage":"en-US"},{"@type":"Organization","@id":"https:\/\/www.padreeustaquio.com.br\/#organization","name":"FATHER EUST\u00c1QUIO","url":"https:\/\/www.padreeustaquio.com.br\/","logo":{"@type":"ImageObject","inLanguage":"en-US","@id":"https:\/\/www.padreeustaquio.com.br\/#\/schema\/logo\/image\/","url":"https:\/\/www.padreeustaquio.com.br\/wp-content\/uploads\/2019\/08\/marca.png","contentUrl":"https:\/\/www.padreeustaquio.com.br\/wp-content\/uploads\/2019\/08\/marca.png","width":350,"height":400,"caption":"Padre Eust\u00e1quio"},"image":{"@id":"https:\/\/www.padreeustaquio.com.br\/#\/schema\/logo\/image\/"},"sameAs":["https:\/\/www.facebook.com\/beatopadreeustaquio\/","https:\/\/x.com\/beatopeustaquio","https:\/\/www.instagram.com\/beatopadreeustaquio\/","https:\/\/www.youtube.com\/channel\/UCRhw7vfabnajwLxb1ZXMeIw"]},{"@type":"Person","@id":"https:\/\/www.padreeustaquio.com.br\/#\/schema\/person\/1bbfe7b959f00a655f8ecb6cb8f3ce87","name":"sscc","image":{"@type":"ImageObject","inLanguage":"en-US","@id":"https:\/\/secure.gravatar.com\/avatar\/edddec27f012d36cfa3fce966238219942e4659e87f27ef7b5704f0db7007bec?s=96&d=mm&r=g","url":"https:\/\/secure.gravatar.com\/avatar\/edddec27f012d36cfa3fce966238219942e4659e87f27ef7b5704f0db7007bec?s=96&d=mm&r=g","contentUrl":"https:\/\/secure.gravatar.com\/avatar\/edddec27f012d36cfa3fce966238219942e4659e87f27ef7b5704f0db7007bec?s=96&d=mm&r=g","caption":"sscc"},"url":"https:\/\/www.padreeustaquio.com.br\/en\/author\/userpde\/"}]}},"_links":{"self":[{"href":"https:\/\/www.padreeustaquio.com.br\/en\/wp-json\/wp\/v2\/posts\/3030","targetHints":{"allow":["GET"]}}],"collection":[{"href":"https:\/\/www.padreeustaquio.com.br\/en\/wp-json\/wp\/v2\/posts"}],"about":[{"href":"https:\/\/www.padreeustaquio.com.br\/en\/wp-json\/wp\/v2\/types\/post"}],"author":[{"embeddable":true,"href":"https:\/\/www.padreeustaquio.com.br\/en\/wp-json\/wp\/v2\/users\/6"}],"replies":[{"embeddable":true,"href":"https:\/\/www.padreeustaquio.com.br\/en\/wp-json\/wp\/v2\/comments?post=3030"}],"version-history":[{"count":0,"href":"https:\/\/www.padreeustaquio.com.br\/en\/wp-json\/wp\/v2\/posts\/3030\/revisions"}],"wp:featuredmedia":[{"embeddable":true,"href":"https:\/\/www.padreeustaquio.com.br\/en\/wp-json\/wp\/v2\/media\/3031"}],"wp:attachment":[{"href":"https:\/\/www.padreeustaquio.com.br\/en\/wp-json\/wp\/v2\/media?parent=3030"}],"wp:term":[{"taxonomy":"category","embeddable":true,"href":"https:\/\/www.padreeustaquio.com.br\/en\/wp-json\/wp\/v2\/categories?post=3030"},{"taxonomy":"post_tag","embeddable":true,"href":"https:\/\/www.padreeustaquio.com.br\/en\/wp-json\/wp\/v2\/tags?post=3030"}],"curies":[{"name":"wp","href":"https:\/\/api.w.org\/{rel}","templated":true}]}}