{"id":3027,"date":"2019-02-21T21:44:16","date_gmt":"2019-02-22T00:44:16","guid":{"rendered":"http:\/\/br606.teste.website\/~padre078\/padreeustaquio.com.br\/?p=3027"},"modified":"2019-08-21T21:46:53","modified_gmt":"2019-08-22T00:46:53","slug":"read-the-moving-testimony-of-a-devotee-who-met-father-eustaquio","status":"publish","type":"post","link":"https:\/\/www.padreeustaquio.com.br\/en\/read-the-moving-testimony-of-a-devotee-who-met-father-eustaquio\/","title":{"rendered":"Read the moving testimony of a devout woman who knew Father Eust\u00e1quio."},"content":{"rendered":"<p>[blockquote footer=&#8221;Dona Isabel Leite \u00e9 aposentada, moradora do bairro e volunt\u00e1ria das Damas da Caridade h\u00e1 quase 60 anos, obra que acompanha todos os dias, fa\u00e7a chuva ou fa\u00e7a sol.&#8221;]\u201cEu tinha um irm\u00e3ozinho que n\u00e3o enxergava na claridade e uma vizinha que dizia sempre pra gente lev\u00e1-lo no Padre Eust\u00e1quio que ele iria cur\u00e1-lo. Minha m\u00e3e foi at\u00e9 a igreja e eu fui junto com ela. Pra receber a b\u00ean\u00e7\u00e3o tinha que confessar primeiro, ent\u00e3o, ficamos na fila pra confessar. Quando chegou a vez da minha m\u00e3e, Padre Hermenegildo disse: \u201cCrian\u00e7a n\u00e3o!\u201d, mas na hora da b\u00ean\u00e7\u00e3o, Padre Eust\u00e1quio olhou pra mim e me chamou. Eu assustei e fiquei emocionada nem consegui falar nada, mas ele disse: \u201cDeixa que eu falo\u201d, a\u00ed ele disse pra mim assim: \u201cComungue sempre porque Jesus est\u00e1 na Eucaristia. Quem procura encontra Jesus l\u00e1! Reze tamb\u00e9m para S\u00e3o Jos\u00e9 e Nossa Senhora de Lourdes\u201d, ele p\u00f4s a m\u00e3o na minha cabe\u00e7a e me aben\u00e7oou&#8230; a\u00ed eu corri. Meu irm\u00e3o ficou bom mesmo, mas o padre disse pra minha m\u00e3e que ele n\u00e3o ia ficar rapaz. De fato, meu irm\u00e3o morreu com 12 anos com uma pneumonia, do jeito que ele havia previsto. Por causa destas gra\u00e7as e de tantas outras que tive depois que Padre Eust\u00e1quio morreu, eu fiz uma promessa, disse que todos os dias da minha vida eu iria me dedicar aos pobres, fa\u00e7a chuva ou fa\u00e7a sol.\u201d[\/blockquote]<\/p>\n<p>&nbsp;<\/p>\n","protected":false},"excerpt":{"rendered":"<p>[blockquote footer=&#8221;Dona Isabel Leite \u00e9 aposentada, moradora do bairro e volunt\u00e1ria das Damas da Caridade h\u00e1 quase 60 anos, obra que acompanha todos os dias, fa\u00e7a chuva ou fa\u00e7a sol.&#8221;]\u201cEu tinha um irm\u00e3ozinho que n\u00e3o enxergava na claridade e uma vizinha que dizia sempre pra gente lev\u00e1-lo no Padre Eust\u00e1quio que ele iria cur\u00e1-lo. Minha m\u00e3e foi at\u00e9 a igreja e eu fui junto com ela. Pra receber a b\u00ean\u00e7\u00e3o tinha que confessar primeiro, ent\u00e3o, ficamos na fila pra confessar. Quando chegou a vez da minha m\u00e3e, Padre Hermenegildo disse: \u201cCrian\u00e7a n\u00e3o!\u201d, mas na hora da b\u00ean\u00e7\u00e3o, Padre Eust\u00e1quio olhou [&hellip;]<\/p>\n","protected":false},"author":6,"featured_media":3028,"comment_status":"closed","ping_status":"open","sticky":false,"template":"","format":"standard","meta":{"_acf_changed":false,"footnotes":""},"categories":[611],"tags":[],"class_list":["post-3027","post","type-post","status-publish","format-standard","has-post-thumbnail","hentry","category-noticias"],"acf":[],"yoast_head":"<!-- This site is optimized with the Yoast SEO plugin v27.2 - https:\/\/yoast.com\/product\/yoast-seo-wordpress\/ -->\n<title>Leia o depoimento emocionante de uma devota que conheceu Padre Eust\u00e1quio - Padre Eust\u00e1quio<\/title>\n<meta name=\"robots\" content=\"index, follow, max-snippet:-1, max-image-preview:large, max-video-preview:-1\" \/>\n<link rel=\"canonical\" href=\"https:\/\/www.padreeustaquio.com.br\/en\/read-the-moving-testimony-of-a-devotee-who-met-father-eustaquio\/\" \/>\n<meta property=\"og:locale\" content=\"en_US\" \/>\n<meta property=\"og:type\" content=\"article\" \/>\n<meta property=\"og:title\" content=\"Leia o depoimento emocionante de uma devota que conheceu Padre Eust\u00e1quio - Padre Eust\u00e1quio\" \/>\n<meta property=\"og:description\" content=\"[blockquote footer=&#8221;Dona Isabel Leite \u00e9 aposentada, moradora do bairro e volunt\u00e1ria das Damas da Caridade h\u00e1 quase 60 anos, obra que acompanha todos os dias, fa\u00e7a chuva ou fa\u00e7a sol.&#8221;]\u201cEu tinha um irm\u00e3ozinho que n\u00e3o enxergava na claridade e uma vizinha que dizia sempre pra gente lev\u00e1-lo no Padre Eust\u00e1quio que ele iria cur\u00e1-lo. Minha m\u00e3e foi at\u00e9 a igreja e eu fui junto com ela. Pra receber a b\u00ean\u00e7\u00e3o tinha que confessar primeiro, ent\u00e3o, ficamos na fila pra confessar. Quando chegou a vez da minha m\u00e3e, Padre Hermenegildo disse: \u201cCrian\u00e7a n\u00e3o!\u201d, mas na hora da b\u00ean\u00e7\u00e3o, Padre Eust\u00e1quio olhou [&hellip;]\" \/>\n<meta property=\"og:url\" content=\"https:\/\/www.padreeustaquio.com.br\/en\/read-the-moving-testimony-of-a-devotee-who-met-father-eustaquio\/\" \/>\n<meta property=\"og:site_name\" content=\"Padre Eust\u00e1quio\" \/>\n<meta property=\"article:publisher\" content=\"https:\/\/www.facebook.com\/beatopadreeustaquio\/\" \/>\n<meta property=\"article:published_time\" content=\"2019-02-22T00:44:16+00:00\" \/>\n<meta property=\"article:modified_time\" content=\"2019-08-22T00:46:53+00:00\" \/>\n<meta property=\"og:image\" content=\"https:\/\/www.padreeustaquio.com.br\/wp-content\/uploads\/2019\/08\/026.jpg\" \/>\n\t<meta property=\"og:image:width\" content=\"512\" \/>\n\t<meta property=\"og:image:height\" content=\"394\" \/>\n\t<meta property=\"og:image:type\" content=\"image\/jpeg\" \/>\n<meta name=\"author\" content=\"sscc\" \/>\n<meta name=\"twitter:card\" content=\"summary_large_image\" \/>\n<meta name=\"twitter:creator\" content=\"@beatopeustaquio\" \/>\n<meta name=\"twitter:site\" content=\"@beatopeustaquio\" \/>\n<meta name=\"twitter:label1\" content=\"Written by\" \/>\n\t<meta name=\"twitter:data1\" content=\"sscc\" \/>\n\t<meta name=\"twitter:label2\" content=\"Est. reading time\" \/>\n\t<meta name=\"twitter:data2\" content=\"1 minute\" \/>\n<script type=\"application\/ld+json\" class=\"yoast-schema-graph\">{\"@context\":\"https:\/\/schema.org\",\"@graph\":[{\"@type\":\"Article\",\"@id\":\"https:\/\/www.padreeustaquio.com.br\/leia-o-depoimento-emocionante-de-uma-devota-que-conheceu-padre-eustaquio\/#article\",\"isPartOf\":{\"@id\":\"https:\/\/www.padreeustaquio.com.br\/leia-o-depoimento-emocionante-de-uma-devota-que-conheceu-padre-eustaquio\/\"},\"author\":{\"name\":\"sscc\",\"@id\":\"https:\/\/www.padreeustaquio.com.br\/#\/schema\/person\/1bbfe7b959f00a655f8ecb6cb8f3ce87\"},\"headline\":\"Leia o depoimento emocionante de uma devota que conheceu Padre Eust\u00e1quio\",\"datePublished\":\"2019-02-22T00:44:16+00:00\",\"dateModified\":\"2019-08-22T00:46:53+00:00\",\"mainEntityOfPage\":{\"@id\":\"https:\/\/www.padreeustaquio.com.br\/leia-o-depoimento-emocionante-de-uma-devota-que-conheceu-padre-eustaquio\/\"},\"wordCount\":280,\"publisher\":{\"@id\":\"https:\/\/www.padreeustaquio.com.br\/#organization\"},\"image\":{\"@id\":\"https:\/\/www.padreeustaquio.com.br\/leia-o-depoimento-emocionante-de-uma-devota-que-conheceu-padre-eustaquio\/#primaryimage\"},\"thumbnailUrl\":\"https:\/\/www.padreeustaquio.com.br\/wp-content\/uploads\/2019\/08\/026.jpg\",\"articleSection\":[\"Not\u00edcias\"],\"inLanguage\":\"en-US\"},{\"@type\":\"WebPage\",\"@id\":\"https:\/\/www.padreeustaquio.com.br\/leia-o-depoimento-emocionante-de-uma-devota-que-conheceu-padre-eustaquio\/\",\"url\":\"https:\/\/www.padreeustaquio.com.br\/leia-o-depoimento-emocionante-de-uma-devota-que-conheceu-padre-eustaquio\/\",\"name\":\"Leia o depoimento emocionante de uma devota que conheceu Padre Eust\u00e1quio - Padre Eust\u00e1quio\",\"isPartOf\":{\"@id\":\"https:\/\/www.padreeustaquio.com.br\/#website\"},\"primaryImageOfPage\":{\"@id\":\"https:\/\/www.padreeustaquio.com.br\/leia-o-depoimento-emocionante-de-uma-devota-que-conheceu-padre-eustaquio\/#primaryimage\"},\"image\":{\"@id\":\"https:\/\/www.padreeustaquio.com.br\/leia-o-depoimento-emocionante-de-uma-devota-que-conheceu-padre-eustaquio\/#primaryimage\"},\"thumbnailUrl\":\"https:\/\/www.padreeustaquio.com.br\/wp-content\/uploads\/2019\/08\/026.jpg\",\"datePublished\":\"2019-02-22T00:44:16+00:00\",\"dateModified\":\"2019-08-22T00:46:53+00:00\",\"breadcrumb\":{\"@id\":\"https:\/\/www.padreeustaquio.com.br\/leia-o-depoimento-emocionante-de-uma-devota-que-conheceu-padre-eustaquio\/#breadcrumb\"},\"inLanguage\":\"en-US\",\"potentialAction\":[{\"@type\":\"ReadAction\",\"target\":[\"https:\/\/www.padreeustaquio.com.br\/leia-o-depoimento-emocionante-de-uma-devota-que-conheceu-padre-eustaquio\/\"]}]},{\"@type\":\"ImageObject\",\"inLanguage\":\"en-US\",\"@id\":\"https:\/\/www.padreeustaquio.com.br\/leia-o-depoimento-emocionante-de-uma-devota-que-conheceu-padre-eustaquio\/#primaryimage\",\"url\":\"https:\/\/www.padreeustaquio.com.br\/wp-content\/uploads\/2019\/08\/026.jpg\",\"contentUrl\":\"https:\/\/www.padreeustaquio.com.br\/wp-content\/uploads\/2019\/08\/026.jpg\",\"width\":512,\"height\":394},{\"@type\":\"BreadcrumbList\",\"@id\":\"https:\/\/www.padreeustaquio.com.br\/leia-o-depoimento-emocionante-de-uma-devota-que-conheceu-padre-eustaquio\/#breadcrumb\",\"itemListElement\":[{\"@type\":\"ListItem\",\"position\":1,\"name\":\"In\u00edcio\",\"item\":\"https:\/\/www.padreeustaquio.com.br\/\"},{\"@type\":\"ListItem\",\"position\":2,\"name\":\"Leia o depoimento emocionante de uma devota que conheceu Padre Eust\u00e1quio\"}]},{\"@type\":\"WebSite\",\"@id\":\"https:\/\/www.padreeustaquio.com.br\/#website\",\"url\":\"https:\/\/www.padreeustaquio.com.br\/\",\"name\":\"Padre Eust\u00e1quio\",\"description\":\"Sa\u00fade e Paz\",\"publisher\":{\"@id\":\"https:\/\/www.padreeustaquio.com.br\/#organization\"},\"potentialAction\":[{\"@type\":\"SearchAction\",\"target\":{\"@type\":\"EntryPoint\",\"urlTemplate\":\"https:\/\/www.padreeustaquio.com.br\/?s={search_term_string}\"},\"query-input\":{\"@type\":\"PropertyValueSpecification\",\"valueRequired\":true,\"valueName\":\"search_term_string\"}}],\"inLanguage\":\"en-US\"},{\"@type\":\"Organization\",\"@id\":\"https:\/\/www.padreeustaquio.com.br\/#organization\",\"name\":\"Padre Eust\u00e1quio\",\"url\":\"https:\/\/www.padreeustaquio.com.br\/\",\"logo\":{\"@type\":\"ImageObject\",\"inLanguage\":\"en-US\",\"@id\":\"https:\/\/www.padreeustaquio.com.br\/#\/schema\/logo\/image\/\",\"url\":\"https:\/\/www.padreeustaquio.com.br\/wp-content\/uploads\/2019\/08\/marca.png\",\"contentUrl\":\"https:\/\/www.padreeustaquio.com.br\/wp-content\/uploads\/2019\/08\/marca.png\",\"width\":350,\"height\":400,\"caption\":\"Padre Eust\u00e1quio\"},\"image\":{\"@id\":\"https:\/\/www.padreeustaquio.com.br\/#\/schema\/logo\/image\/\"},\"sameAs\":[\"https:\/\/www.facebook.com\/beatopadreeustaquio\/\",\"https:\/\/x.com\/beatopeustaquio\",\"https:\/\/www.instagram.com\/beatopadreeustaquio\/\",\"https:\/\/www.youtube.com\/channel\/UCRhw7vfabnajwLxb1ZXMeIw\"]},{\"@type\":\"Person\",\"@id\":\"https:\/\/www.padreeustaquio.com.br\/#\/schema\/person\/1bbfe7b959f00a655f8ecb6cb8f3ce87\",\"name\":\"sscc\",\"image\":{\"@type\":\"ImageObject\",\"inLanguage\":\"en-US\",\"@id\":\"https:\/\/secure.gravatar.com\/avatar\/edddec27f012d36cfa3fce966238219942e4659e87f27ef7b5704f0db7007bec?s=96&d=mm&r=g\",\"url\":\"https:\/\/secure.gravatar.com\/avatar\/edddec27f012d36cfa3fce966238219942e4659e87f27ef7b5704f0db7007bec?s=96&d=mm&r=g\",\"contentUrl\":\"https:\/\/secure.gravatar.com\/avatar\/edddec27f012d36cfa3fce966238219942e4659e87f27ef7b5704f0db7007bec?s=96&d=mm&r=g\",\"caption\":\"sscc\"},\"url\":\"https:\/\/www.padreeustaquio.com.br\/en\/author\/userpde\/\"}]}<\/script>\n<!-- \/ Yoast SEO plugin. -->","yoast_head_json":{"title":"Read the moving testimony of a devout woman who knew Father Eust\u00e1quio - Father Eust\u00e1quio","robots":{"index":"index","follow":"follow","max-snippet":"max-snippet:-1","max-image-preview":"max-image-preview:large","max-video-preview":"max-video-preview:-1"},"canonical":"https:\/\/www.padreeustaquio.com.br\/en\/read-the-moving-testimony-of-a-devotee-who-met-father-eustaquio\/","og_locale":"en_US","og_type":"article","og_title":"Leia o depoimento emocionante de uma devota que conheceu Padre Eust\u00e1quio - Padre Eust\u00e1quio","og_description":"[blockquote footer=&#8221;Dona Isabel Leite \u00e9 aposentada, moradora do bairro e volunt\u00e1ria das Damas da Caridade h\u00e1 quase 60 anos, obra que acompanha todos os dias, fa\u00e7a chuva ou fa\u00e7a sol.&#8221;]\u201cEu tinha um irm\u00e3ozinho que n\u00e3o enxergava na claridade e uma vizinha que dizia sempre pra gente lev\u00e1-lo no Padre Eust\u00e1quio que ele iria cur\u00e1-lo. Minha m\u00e3e foi at\u00e9 a igreja e eu fui junto com ela. Pra receber a b\u00ean\u00e7\u00e3o tinha que confessar primeiro, ent\u00e3o, ficamos na fila pra confessar. Quando chegou a vez da minha m\u00e3e, Padre Hermenegildo disse: \u201cCrian\u00e7a n\u00e3o!\u201d, mas na hora da b\u00ean\u00e7\u00e3o, Padre Eust\u00e1quio olhou [&hellip;]","og_url":"https:\/\/www.padreeustaquio.com.br\/en\/read-the-moving-testimony-of-a-devotee-who-met-father-eustaquio\/","og_site_name":"Padre Eust\u00e1quio","article_publisher":"https:\/\/www.facebook.com\/beatopadreeustaquio\/","article_published_time":"2019-02-22T00:44:16+00:00","article_modified_time":"2019-08-22T00:46:53+00:00","og_image":[{"width":512,"height":394,"url":"https:\/\/www.padreeustaquio.com.br\/wp-content\/uploads\/2019\/08\/026.jpg","type":"image\/jpeg"}],"author":"sscc","twitter_card":"summary_large_image","twitter_creator":"@beatopeustaquio","twitter_site":"@beatopeustaquio","twitter_misc":{"Written by":"sscc","Est. reading time":"1 minute"},"schema":{"@context":"https:\/\/schema.org","@graph":[{"@type":"Article","@id":"https:\/\/www.padreeustaquio.com.br\/leia-o-depoimento-emocionante-de-uma-devota-que-conheceu-padre-eustaquio\/#article","isPartOf":{"@id":"https:\/\/www.padreeustaquio.com.br\/leia-o-depoimento-emocionante-de-uma-devota-que-conheceu-padre-eustaquio\/"},"author":{"name":"sscc","@id":"https:\/\/www.padreeustaquio.com.br\/#\/schema\/person\/1bbfe7b959f00a655f8ecb6cb8f3ce87"},"headline":"Leia o depoimento emocionante de uma devota que conheceu Padre Eust\u00e1quio","datePublished":"2019-02-22T00:44:16+00:00","dateModified":"2019-08-22T00:46:53+00:00","mainEntityOfPage":{"@id":"https:\/\/www.padreeustaquio.com.br\/leia-o-depoimento-emocionante-de-uma-devota-que-conheceu-padre-eustaquio\/"},"wordCount":280,"publisher":{"@id":"https:\/\/www.padreeustaquio.com.br\/#organization"},"image":{"@id":"https:\/\/www.padreeustaquio.com.br\/leia-o-depoimento-emocionante-de-uma-devota-que-conheceu-padre-eustaquio\/#primaryimage"},"thumbnailUrl":"https:\/\/www.padreeustaquio.com.br\/wp-content\/uploads\/2019\/08\/026.jpg","articleSection":["Not\u00edcias"],"inLanguage":"en-US"},{"@type":"WebPage","@id":"https:\/\/www.padreeustaquio.com.br\/leia-o-depoimento-emocionante-de-uma-devota-que-conheceu-padre-eustaquio\/","url":"https:\/\/www.padreeustaquio.com.br\/leia-o-depoimento-emocionante-de-uma-devota-que-conheceu-padre-eustaquio\/","name":"Read the moving testimony of a devout woman who knew Father Eust\u00e1quio - Father Eust\u00e1quio","isPartOf":{"@id":"https:\/\/www.padreeustaquio.com.br\/#website"},"primaryImageOfPage":{"@id":"https:\/\/www.padreeustaquio.com.br\/leia-o-depoimento-emocionante-de-uma-devota-que-conheceu-padre-eustaquio\/#primaryimage"},"image":{"@id":"https:\/\/www.padreeustaquio.com.br\/leia-o-depoimento-emocionante-de-uma-devota-que-conheceu-padre-eustaquio\/#primaryimage"},"thumbnailUrl":"https:\/\/www.padreeustaquio.com.br\/wp-content\/uploads\/2019\/08\/026.jpg","datePublished":"2019-02-22T00:44:16+00:00","dateModified":"2019-08-22T00:46:53+00:00","breadcrumb":{"@id":"https:\/\/www.padreeustaquio.com.br\/leia-o-depoimento-emocionante-de-uma-devota-que-conheceu-padre-eustaquio\/#breadcrumb"},"inLanguage":"en-US","potentialAction":[{"@type":"ReadAction","target":["https:\/\/www.padreeustaquio.com.br\/leia-o-depoimento-emocionante-de-uma-devota-que-conheceu-padre-eustaquio\/"]}]},{"@type":"ImageObject","inLanguage":"en-US","@id":"https:\/\/www.padreeustaquio.com.br\/leia-o-depoimento-emocionante-de-uma-devota-que-conheceu-padre-eustaquio\/#primaryimage","url":"https:\/\/www.padreeustaquio.com.br\/wp-content\/uploads\/2019\/08\/026.jpg","contentUrl":"https:\/\/www.padreeustaquio.com.br\/wp-content\/uploads\/2019\/08\/026.jpg","width":512,"height":394},{"@type":"BreadcrumbList","@id":"https:\/\/www.padreeustaquio.com.br\/leia-o-depoimento-emocionante-de-uma-devota-que-conheceu-padre-eustaquio\/#breadcrumb","itemListElement":[{"@type":"ListItem","position":1,"name":"In\u00edcio","item":"https:\/\/www.padreeustaquio.com.br\/"},{"@type":"ListItem","position":2,"name":"Leia o depoimento emocionante de uma devota que conheceu Padre Eust\u00e1quio"}]},{"@type":"WebSite","@id":"https:\/\/www.padreeustaquio.com.br\/#website","url":"https:\/\/www.padreeustaquio.com.br\/","name":"FATHER EUST\u00c1QUIO","description":"Health and Peace","publisher":{"@id":"https:\/\/www.padreeustaquio.com.br\/#organization"},"potentialAction":[{"@type":"SearchAction","target":{"@type":"EntryPoint","urlTemplate":"https:\/\/www.padreeustaquio.com.br\/?s={search_term_string}"},"query-input":{"@type":"PropertyValueSpecification","valueRequired":true,"valueName":"search_term_string"}}],"inLanguage":"en-US"},{"@type":"Organization","@id":"https:\/\/www.padreeustaquio.com.br\/#organization","name":"FATHER EUST\u00c1QUIO","url":"https:\/\/www.padreeustaquio.com.br\/","logo":{"@type":"ImageObject","inLanguage":"en-US","@id":"https:\/\/www.padreeustaquio.com.br\/#\/schema\/logo\/image\/","url":"https:\/\/www.padreeustaquio.com.br\/wp-content\/uploads\/2019\/08\/marca.png","contentUrl":"https:\/\/www.padreeustaquio.com.br\/wp-content\/uploads\/2019\/08\/marca.png","width":350,"height":400,"caption":"Padre Eust\u00e1quio"},"image":{"@id":"https:\/\/www.padreeustaquio.com.br\/#\/schema\/logo\/image\/"},"sameAs":["https:\/\/www.facebook.com\/beatopadreeustaquio\/","https:\/\/x.com\/beatopeustaquio","https:\/\/www.instagram.com\/beatopadreeustaquio\/","https:\/\/www.youtube.com\/channel\/UCRhw7vfabnajwLxb1ZXMeIw"]},{"@type":"Person","@id":"https:\/\/www.padreeustaquio.com.br\/#\/schema\/person\/1bbfe7b959f00a655f8ecb6cb8f3ce87","name":"sscc","image":{"@type":"ImageObject","inLanguage":"en-US","@id":"https:\/\/secure.gravatar.com\/avatar\/edddec27f012d36cfa3fce966238219942e4659e87f27ef7b5704f0db7007bec?s=96&d=mm&r=g","url":"https:\/\/secure.gravatar.com\/avatar\/edddec27f012d36cfa3fce966238219942e4659e87f27ef7b5704f0db7007bec?s=96&d=mm&r=g","contentUrl":"https:\/\/secure.gravatar.com\/avatar\/edddec27f012d36cfa3fce966238219942e4659e87f27ef7b5704f0db7007bec?s=96&d=mm&r=g","caption":"sscc"},"url":"https:\/\/www.padreeustaquio.com.br\/en\/author\/userpde\/"}]}},"_links":{"self":[{"href":"https:\/\/www.padreeustaquio.com.br\/en\/wp-json\/wp\/v2\/posts\/3027","targetHints":{"allow":["GET"]}}],"collection":[{"href":"https:\/\/www.padreeustaquio.com.br\/en\/wp-json\/wp\/v2\/posts"}],"about":[{"href":"https:\/\/www.padreeustaquio.com.br\/en\/wp-json\/wp\/v2\/types\/post"}],"author":[{"embeddable":true,"href":"https:\/\/www.padreeustaquio.com.br\/en\/wp-json\/wp\/v2\/users\/6"}],"replies":[{"embeddable":true,"href":"https:\/\/www.padreeustaquio.com.br\/en\/wp-json\/wp\/v2\/comments?post=3027"}],"version-history":[{"count":0,"href":"https:\/\/www.padreeustaquio.com.br\/en\/wp-json\/wp\/v2\/posts\/3027\/revisions"}],"wp:featuredmedia":[{"embeddable":true,"href":"https:\/\/www.padreeustaquio.com.br\/en\/wp-json\/wp\/v2\/media\/3028"}],"wp:attachment":[{"href":"https:\/\/www.padreeustaquio.com.br\/en\/wp-json\/wp\/v2\/media?parent=3027"}],"wp:term":[{"taxonomy":"category","embeddable":true,"href":"https:\/\/www.padreeustaquio.com.br\/en\/wp-json\/wp\/v2\/categories?post=3027"},{"taxonomy":"post_tag","embeddable":true,"href":"https:\/\/www.padreeustaquio.com.br\/en\/wp-json\/wp\/v2\/tags?post=3027"}],"curies":[{"name":"wp","href":"https:\/\/api.w.org\/{rel}","templated":true}]}}