{"id":3024,"date":"2019-02-14T21:41:39","date_gmt":"2019-02-14T23:41:39","guid":{"rendered":"http:\/\/br606.teste.website\/~padre078\/padreeustaquio.com.br\/?p=3024"},"modified":"2019-08-22T00:00:16","modified_gmt":"2019-08-22T03:00:16","slug":"84-years-ago-father-eustaquio-became-the-first-parish-priest-of-porto-alegre-sp","status":"publish","type":"post","link":"https:\/\/www.padreeustaquio.com.br\/en\/84-years-ago-father-eustaquio-became-the-first-parish-priest-of-porto-alegre-sp\/","title":{"rendered":"84 years ago, Father Eust\u00e1quio became the first parish priest of Po\u00e1-SP."},"content":{"rendered":"<p>The priest, who had just left the city of \u00c1gua Suja (present-day Romaria-MG), arrived to be the first parish priest of the Parish of Our Lady of Lourdes in Po\u00e1-SP, created on February 11, 1935. A written document exists that reflects his first impressions of the town of Po\u00e1:<br \/>\n\u2018&#039;From the station, a narrow street leads out, full of anachronistic houses, old houses from bygone eras. And the village is summed up in this colorless street, devoid of any interest, dead, without any liveliness.&#039; &#039;Ox carts pass slowly, transporting vegetables from the surrounding farms. And there, at the end of the alley, on a rise of land dominating the entire landscape cut by bluish hills, stands the temple of Po\u00e1: Our Lady of Lourdes.&#039;.<br \/>\nAt the time, Po\u00e1 had 3,000 inhabitants, most of whom worked in the capital, while the rest were dedicated to agriculture.<\/p>\n<p><strong>In the photo:<\/strong> Father Eust\u00e1quio blessing the beginning of the construction of the new parish house. Currently, this place houses the Father Eust\u00e1quio Museum in Po\u00e1.<\/p>","protected":false},"excerpt":{"rendered":"<p>O padre, que havia acabado de deixar a cidade de \u00c1gua Suja (atual Romaria-MG), chegara para ser o primeiro p\u00e1roco da Par\u00f3quia de Nossa Senhora de Lourdes de Po\u00e1-SP, criada em 11 de fevereiro de 1935. Consta um documento escrito, que reflete suas primeiras impress\u00f5es do povoado de Po\u00e1: &#8216;Da Esta\u00e7\u00e3o sai uma rua estreitinha, cheia de um casario anacr\u00f4nico, velhas casas dos tempos de antanho. E a vila se resume nessa rua incolor, despida de qualquer interesse, morta, sem nenhuma vivacidade&#8217;. &#8216;Carros de Bois passam lerdos transportando verduras dos s\u00edtios das redondezas. E l\u00e1 no fim da ruela, numa [&hellip;]<\/p>\n","protected":false},"author":6,"featured_media":3025,"comment_status":"closed","ping_status":"open","sticky":false,"template":"","format":"standard","meta":{"_acf_changed":false,"footnotes":""},"categories":[614,611],"tags":[],"class_list":["post-3024","post","type-post","status-publish","format-standard","has-post-thumbnail","hentry","category-curiosidades","category-noticias"],"acf":[],"yoast_head":"<!-- This site is optimized with the Yoast SEO plugin v27.2 - https:\/\/yoast.com\/product\/yoast-seo-wordpress\/ -->\n<title>H\u00e1 84 anos Padre Eust\u00e1quio se tornava o primeiro p\u00e1roco de Po\u00e1-SP - Padre Eust\u00e1quio<\/title>\n<meta name=\"robots\" content=\"index, follow, max-snippet:-1, max-image-preview:large, max-video-preview:-1\" \/>\n<link rel=\"canonical\" href=\"https:\/\/www.padreeustaquio.com.br\/en\/84-years-ago-father-eustaquio-became-the-first-parish-priest-of-porto-alegre-sp\/\" \/>\n<meta property=\"og:locale\" content=\"en_US\" \/>\n<meta property=\"og:type\" content=\"article\" \/>\n<meta property=\"og:title\" content=\"H\u00e1 84 anos Padre Eust\u00e1quio se tornava o primeiro p\u00e1roco de Po\u00e1-SP - Padre Eust\u00e1quio\" \/>\n<meta property=\"og:description\" content=\"O padre, que havia acabado de deixar a cidade de \u00c1gua Suja (atual Romaria-MG), chegara para ser o primeiro p\u00e1roco da Par\u00f3quia de Nossa Senhora de Lourdes de Po\u00e1-SP, criada em 11 de fevereiro de 1935. Consta um documento escrito, que reflete suas primeiras impress\u00f5es do povoado de Po\u00e1: &#8216;Da Esta\u00e7\u00e3o sai uma rua estreitinha, cheia de um casario anacr\u00f4nico, velhas casas dos tempos de antanho. E a vila se resume nessa rua incolor, despida de qualquer interesse, morta, sem nenhuma vivacidade&#8217;. &#8216;Carros de Bois passam lerdos transportando verduras dos s\u00edtios das redondezas. E l\u00e1 no fim da ruela, numa [&hellip;]\" \/>\n<meta property=\"og:url\" content=\"https:\/\/www.padreeustaquio.com.br\/en\/84-years-ago-father-eustaquio-became-the-first-parish-priest-of-porto-alegre-sp\/\" \/>\n<meta property=\"og:site_name\" content=\"Padre Eust\u00e1quio\" \/>\n<meta property=\"article:publisher\" content=\"https:\/\/www.facebook.com\/beatopadreeustaquio\/\" \/>\n<meta property=\"article:published_time\" content=\"2019-02-14T23:41:39+00:00\" \/>\n<meta property=\"article:modified_time\" content=\"2019-08-22T03:00:16+00:00\" \/>\n<meta property=\"og:image\" content=\"https:\/\/www.padreeustaquio.com.br\/wp-content\/uploads\/2019\/08\/025.jpg\" \/>\n\t<meta property=\"og:image:width\" content=\"1000\" \/>\n\t<meta property=\"og:image:height\" content=\"770\" \/>\n\t<meta property=\"og:image:type\" content=\"image\/jpeg\" \/>\n<meta name=\"author\" content=\"sscc\" \/>\n<meta name=\"twitter:card\" content=\"summary_large_image\" \/>\n<meta name=\"twitter:creator\" content=\"@beatopeustaquio\" \/>\n<meta name=\"twitter:site\" content=\"@beatopeustaquio\" \/>\n<meta name=\"twitter:label1\" content=\"Written by\" \/>\n\t<meta name=\"twitter:data1\" content=\"sscc\" \/>\n\t<meta name=\"twitter:label2\" content=\"Est. reading time\" \/>\n\t<meta name=\"twitter:data2\" content=\"1 minute\" \/>\n<script type=\"application\/ld+json\" class=\"yoast-schema-graph\">{\"@context\":\"https:\/\/schema.org\",\"@graph\":[{\"@type\":\"Article\",\"@id\":\"https:\/\/www.padreeustaquio.com.br\/ha-84-anos-padre-eustaquio-se-tornava-o-primeiro-paroco-de-poa-sp\/#article\",\"isPartOf\":{\"@id\":\"https:\/\/www.padreeustaquio.com.br\/ha-84-anos-padre-eustaquio-se-tornava-o-primeiro-paroco-de-poa-sp\/\"},\"author\":{\"name\":\"sscc\",\"@id\":\"https:\/\/www.padreeustaquio.com.br\/#\/schema\/person\/1bbfe7b959f00a655f8ecb6cb8f3ce87\"},\"headline\":\"H\u00e1 84 anos Padre Eust\u00e1quio se tornava o primeiro p\u00e1roco de Po\u00e1-SP\",\"datePublished\":\"2019-02-14T23:41:39+00:00\",\"dateModified\":\"2019-08-22T03:00:16+00:00\",\"mainEntityOfPage\":{\"@id\":\"https:\/\/www.padreeustaquio.com.br\/ha-84-anos-padre-eustaquio-se-tornava-o-primeiro-paroco-de-poa-sp\/\"},\"wordCount\":187,\"publisher\":{\"@id\":\"https:\/\/www.padreeustaquio.com.br\/#organization\"},\"image\":{\"@id\":\"https:\/\/www.padreeustaquio.com.br\/ha-84-anos-padre-eustaquio-se-tornava-o-primeiro-paroco-de-poa-sp\/#primaryimage\"},\"thumbnailUrl\":\"https:\/\/www.padreeustaquio.com.br\/wp-content\/uploads\/2019\/08\/025.jpg\",\"articleSection\":[\"Curiosidades\",\"Not\u00edcias\"],\"inLanguage\":\"en-US\"},{\"@type\":\"WebPage\",\"@id\":\"https:\/\/www.padreeustaquio.com.br\/ha-84-anos-padre-eustaquio-se-tornava-o-primeiro-paroco-de-poa-sp\/\",\"url\":\"https:\/\/www.padreeustaquio.com.br\/ha-84-anos-padre-eustaquio-se-tornava-o-primeiro-paroco-de-poa-sp\/\",\"name\":\"H\u00e1 84 anos Padre Eust\u00e1quio se tornava o primeiro p\u00e1roco de Po\u00e1-SP - Padre Eust\u00e1quio\",\"isPartOf\":{\"@id\":\"https:\/\/www.padreeustaquio.com.br\/#website\"},\"primaryImageOfPage\":{\"@id\":\"https:\/\/www.padreeustaquio.com.br\/ha-84-anos-padre-eustaquio-se-tornava-o-primeiro-paroco-de-poa-sp\/#primaryimage\"},\"image\":{\"@id\":\"https:\/\/www.padreeustaquio.com.br\/ha-84-anos-padre-eustaquio-se-tornava-o-primeiro-paroco-de-poa-sp\/#primaryimage\"},\"thumbnailUrl\":\"https:\/\/www.padreeustaquio.com.br\/wp-content\/uploads\/2019\/08\/025.jpg\",\"datePublished\":\"2019-02-14T23:41:39+00:00\",\"dateModified\":\"2019-08-22T03:00:16+00:00\",\"breadcrumb\":{\"@id\":\"https:\/\/www.padreeustaquio.com.br\/ha-84-anos-padre-eustaquio-se-tornava-o-primeiro-paroco-de-poa-sp\/#breadcrumb\"},\"inLanguage\":\"en-US\",\"potentialAction\":[{\"@type\":\"ReadAction\",\"target\":[\"https:\/\/www.padreeustaquio.com.br\/ha-84-anos-padre-eustaquio-se-tornava-o-primeiro-paroco-de-poa-sp\/\"]}]},{\"@type\":\"ImageObject\",\"inLanguage\":\"en-US\",\"@id\":\"https:\/\/www.padreeustaquio.com.br\/ha-84-anos-padre-eustaquio-se-tornava-o-primeiro-paroco-de-poa-sp\/#primaryimage\",\"url\":\"https:\/\/www.padreeustaquio.com.br\/wp-content\/uploads\/2019\/08\/025.jpg\",\"contentUrl\":\"https:\/\/www.padreeustaquio.com.br\/wp-content\/uploads\/2019\/08\/025.jpg\",\"width\":1000,\"height\":770},{\"@type\":\"BreadcrumbList\",\"@id\":\"https:\/\/www.padreeustaquio.com.br\/ha-84-anos-padre-eustaquio-se-tornava-o-primeiro-paroco-de-poa-sp\/#breadcrumb\",\"itemListElement\":[{\"@type\":\"ListItem\",\"position\":1,\"name\":\"In\u00edcio\",\"item\":\"https:\/\/www.padreeustaquio.com.br\/\"},{\"@type\":\"ListItem\",\"position\":2,\"name\":\"H\u00e1 84 anos Padre Eust\u00e1quio se tornava o primeiro p\u00e1roco de Po\u00e1-SP\"}]},{\"@type\":\"WebSite\",\"@id\":\"https:\/\/www.padreeustaquio.com.br\/#website\",\"url\":\"https:\/\/www.padreeustaquio.com.br\/\",\"name\":\"Padre Eust\u00e1quio\",\"description\":\"Sa\u00fade e Paz\",\"publisher\":{\"@id\":\"https:\/\/www.padreeustaquio.com.br\/#organization\"},\"potentialAction\":[{\"@type\":\"SearchAction\",\"target\":{\"@type\":\"EntryPoint\",\"urlTemplate\":\"https:\/\/www.padreeustaquio.com.br\/?s={search_term_string}\"},\"query-input\":{\"@type\":\"PropertyValueSpecification\",\"valueRequired\":true,\"valueName\":\"search_term_string\"}}],\"inLanguage\":\"en-US\"},{\"@type\":\"Organization\",\"@id\":\"https:\/\/www.padreeustaquio.com.br\/#organization\",\"name\":\"Padre Eust\u00e1quio\",\"url\":\"https:\/\/www.padreeustaquio.com.br\/\",\"logo\":{\"@type\":\"ImageObject\",\"inLanguage\":\"en-US\",\"@id\":\"https:\/\/www.padreeustaquio.com.br\/#\/schema\/logo\/image\/\",\"url\":\"https:\/\/www.padreeustaquio.com.br\/wp-content\/uploads\/2019\/08\/marca.png\",\"contentUrl\":\"https:\/\/www.padreeustaquio.com.br\/wp-content\/uploads\/2019\/08\/marca.png\",\"width\":350,\"height\":400,\"caption\":\"Padre Eust\u00e1quio\"},\"image\":{\"@id\":\"https:\/\/www.padreeustaquio.com.br\/#\/schema\/logo\/image\/\"},\"sameAs\":[\"https:\/\/www.facebook.com\/beatopadreeustaquio\/\",\"https:\/\/x.com\/beatopeustaquio\",\"https:\/\/www.instagram.com\/beatopadreeustaquio\/\",\"https:\/\/www.youtube.com\/channel\/UCRhw7vfabnajwLxb1ZXMeIw\"]},{\"@type\":\"Person\",\"@id\":\"https:\/\/www.padreeustaquio.com.br\/#\/schema\/person\/1bbfe7b959f00a655f8ecb6cb8f3ce87\",\"name\":\"sscc\",\"image\":{\"@type\":\"ImageObject\",\"inLanguage\":\"en-US\",\"@id\":\"https:\/\/secure.gravatar.com\/avatar\/edddec27f012d36cfa3fce966238219942e4659e87f27ef7b5704f0db7007bec?s=96&d=mm&r=g\",\"url\":\"https:\/\/secure.gravatar.com\/avatar\/edddec27f012d36cfa3fce966238219942e4659e87f27ef7b5704f0db7007bec?s=96&d=mm&r=g\",\"contentUrl\":\"https:\/\/secure.gravatar.com\/avatar\/edddec27f012d36cfa3fce966238219942e4659e87f27ef7b5704f0db7007bec?s=96&d=mm&r=g\",\"caption\":\"sscc\"},\"url\":\"https:\/\/www.padreeustaquio.com.br\/en\/author\/userpde\/\"}]}<\/script>\n<!-- \/ Yoast SEO plugin. -->","yoast_head_json":{"title":"84 years ago, Father Eust\u00e1quio became the first parish priest of Po\u00e1-SP - Father Eust\u00e1quio","robots":{"index":"index","follow":"follow","max-snippet":"max-snippet:-1","max-image-preview":"max-image-preview:large","max-video-preview":"max-video-preview:-1"},"canonical":"https:\/\/www.padreeustaquio.com.br\/en\/84-years-ago-father-eustaquio-became-the-first-parish-priest-of-porto-alegre-sp\/","og_locale":"en_US","og_type":"article","og_title":"H\u00e1 84 anos Padre Eust\u00e1quio se tornava o primeiro p\u00e1roco de Po\u00e1-SP - Padre Eust\u00e1quio","og_description":"O padre, que havia acabado de deixar a cidade de \u00c1gua Suja (atual Romaria-MG), chegara para ser o primeiro p\u00e1roco da Par\u00f3quia de Nossa Senhora de Lourdes de Po\u00e1-SP, criada em 11 de fevereiro de 1935. Consta um documento escrito, que reflete suas primeiras impress\u00f5es do povoado de Po\u00e1: &#8216;Da Esta\u00e7\u00e3o sai uma rua estreitinha, cheia de um casario anacr\u00f4nico, velhas casas dos tempos de antanho. E a vila se resume nessa rua incolor, despida de qualquer interesse, morta, sem nenhuma vivacidade&#8217;. &#8216;Carros de Bois passam lerdos transportando verduras dos s\u00edtios das redondezas. E l\u00e1 no fim da ruela, numa [&hellip;]","og_url":"https:\/\/www.padreeustaquio.com.br\/en\/84-years-ago-father-eustaquio-became-the-first-parish-priest-of-porto-alegre-sp\/","og_site_name":"Padre Eust\u00e1quio","article_publisher":"https:\/\/www.facebook.com\/beatopadreeustaquio\/","article_published_time":"2019-02-14T23:41:39+00:00","article_modified_time":"2019-08-22T03:00:16+00:00","og_image":[{"width":1000,"height":770,"url":"https:\/\/www.padreeustaquio.com.br\/wp-content\/uploads\/2019\/08\/025.jpg","type":"image\/jpeg"}],"author":"sscc","twitter_card":"summary_large_image","twitter_creator":"@beatopeustaquio","twitter_site":"@beatopeustaquio","twitter_misc":{"Written by":"sscc","Est. reading time":"1 minute"},"schema":{"@context":"https:\/\/schema.org","@graph":[{"@type":"Article","@id":"https:\/\/www.padreeustaquio.com.br\/ha-84-anos-padre-eustaquio-se-tornava-o-primeiro-paroco-de-poa-sp\/#article","isPartOf":{"@id":"https:\/\/www.padreeustaquio.com.br\/ha-84-anos-padre-eustaquio-se-tornava-o-primeiro-paroco-de-poa-sp\/"},"author":{"name":"sscc","@id":"https:\/\/www.padreeustaquio.com.br\/#\/schema\/person\/1bbfe7b959f00a655f8ecb6cb8f3ce87"},"headline":"H\u00e1 84 anos Padre Eust\u00e1quio se tornava o primeiro p\u00e1roco de Po\u00e1-SP","datePublished":"2019-02-14T23:41:39+00:00","dateModified":"2019-08-22T03:00:16+00:00","mainEntityOfPage":{"@id":"https:\/\/www.padreeustaquio.com.br\/ha-84-anos-padre-eustaquio-se-tornava-o-primeiro-paroco-de-poa-sp\/"},"wordCount":187,"publisher":{"@id":"https:\/\/www.padreeustaquio.com.br\/#organization"},"image":{"@id":"https:\/\/www.padreeustaquio.com.br\/ha-84-anos-padre-eustaquio-se-tornava-o-primeiro-paroco-de-poa-sp\/#primaryimage"},"thumbnailUrl":"https:\/\/www.padreeustaquio.com.br\/wp-content\/uploads\/2019\/08\/025.jpg","articleSection":["Curiosidades","Not\u00edcias"],"inLanguage":"en-US"},{"@type":"WebPage","@id":"https:\/\/www.padreeustaquio.com.br\/ha-84-anos-padre-eustaquio-se-tornava-o-primeiro-paroco-de-poa-sp\/","url":"https:\/\/www.padreeustaquio.com.br\/ha-84-anos-padre-eustaquio-se-tornava-o-primeiro-paroco-de-poa-sp\/","name":"84 years ago, Father Eust\u00e1quio became the first parish priest of Po\u00e1-SP - Father Eust\u00e1quio","isPartOf":{"@id":"https:\/\/www.padreeustaquio.com.br\/#website"},"primaryImageOfPage":{"@id":"https:\/\/www.padreeustaquio.com.br\/ha-84-anos-padre-eustaquio-se-tornava-o-primeiro-paroco-de-poa-sp\/#primaryimage"},"image":{"@id":"https:\/\/www.padreeustaquio.com.br\/ha-84-anos-padre-eustaquio-se-tornava-o-primeiro-paroco-de-poa-sp\/#primaryimage"},"thumbnailUrl":"https:\/\/www.padreeustaquio.com.br\/wp-content\/uploads\/2019\/08\/025.jpg","datePublished":"2019-02-14T23:41:39+00:00","dateModified":"2019-08-22T03:00:16+00:00","breadcrumb":{"@id":"https:\/\/www.padreeustaquio.com.br\/ha-84-anos-padre-eustaquio-se-tornava-o-primeiro-paroco-de-poa-sp\/#breadcrumb"},"inLanguage":"en-US","potentialAction":[{"@type":"ReadAction","target":["https:\/\/www.padreeustaquio.com.br\/ha-84-anos-padre-eustaquio-se-tornava-o-primeiro-paroco-de-poa-sp\/"]}]},{"@type":"ImageObject","inLanguage":"en-US","@id":"https:\/\/www.padreeustaquio.com.br\/ha-84-anos-padre-eustaquio-se-tornava-o-primeiro-paroco-de-poa-sp\/#primaryimage","url":"https:\/\/www.padreeustaquio.com.br\/wp-content\/uploads\/2019\/08\/025.jpg","contentUrl":"https:\/\/www.padreeustaquio.com.br\/wp-content\/uploads\/2019\/08\/025.jpg","width":1000,"height":770},{"@type":"BreadcrumbList","@id":"https:\/\/www.padreeustaquio.com.br\/ha-84-anos-padre-eustaquio-se-tornava-o-primeiro-paroco-de-poa-sp\/#breadcrumb","itemListElement":[{"@type":"ListItem","position":1,"name":"In\u00edcio","item":"https:\/\/www.padreeustaquio.com.br\/"},{"@type":"ListItem","position":2,"name":"H\u00e1 84 anos Padre Eust\u00e1quio se tornava o primeiro p\u00e1roco de Po\u00e1-SP"}]},{"@type":"WebSite","@id":"https:\/\/www.padreeustaquio.com.br\/#website","url":"https:\/\/www.padreeustaquio.com.br\/","name":"FATHER EUST\u00c1QUIO","description":"Health and Peace","publisher":{"@id":"https:\/\/www.padreeustaquio.com.br\/#organization"},"potentialAction":[{"@type":"SearchAction","target":{"@type":"EntryPoint","urlTemplate":"https:\/\/www.padreeustaquio.com.br\/?s={search_term_string}"},"query-input":{"@type":"PropertyValueSpecification","valueRequired":true,"valueName":"search_term_string"}}],"inLanguage":"en-US"},{"@type":"Organization","@id":"https:\/\/www.padreeustaquio.com.br\/#organization","name":"FATHER EUST\u00c1QUIO","url":"https:\/\/www.padreeustaquio.com.br\/","logo":{"@type":"ImageObject","inLanguage":"en-US","@id":"https:\/\/www.padreeustaquio.com.br\/#\/schema\/logo\/image\/","url":"https:\/\/www.padreeustaquio.com.br\/wp-content\/uploads\/2019\/08\/marca.png","contentUrl":"https:\/\/www.padreeustaquio.com.br\/wp-content\/uploads\/2019\/08\/marca.png","width":350,"height":400,"caption":"Padre Eust\u00e1quio"},"image":{"@id":"https:\/\/www.padreeustaquio.com.br\/#\/schema\/logo\/image\/"},"sameAs":["https:\/\/www.facebook.com\/beatopadreeustaquio\/","https:\/\/x.com\/beatopeustaquio","https:\/\/www.instagram.com\/beatopadreeustaquio\/","https:\/\/www.youtube.com\/channel\/UCRhw7vfabnajwLxb1ZXMeIw"]},{"@type":"Person","@id":"https:\/\/www.padreeustaquio.com.br\/#\/schema\/person\/1bbfe7b959f00a655f8ecb6cb8f3ce87","name":"sscc","image":{"@type":"ImageObject","inLanguage":"en-US","@id":"https:\/\/secure.gravatar.com\/avatar\/edddec27f012d36cfa3fce966238219942e4659e87f27ef7b5704f0db7007bec?s=96&d=mm&r=g","url":"https:\/\/secure.gravatar.com\/avatar\/edddec27f012d36cfa3fce966238219942e4659e87f27ef7b5704f0db7007bec?s=96&d=mm&r=g","contentUrl":"https:\/\/secure.gravatar.com\/avatar\/edddec27f012d36cfa3fce966238219942e4659e87f27ef7b5704f0db7007bec?s=96&d=mm&r=g","caption":"sscc"},"url":"https:\/\/www.padreeustaquio.com.br\/en\/author\/userpde\/"}]}},"_links":{"self":[{"href":"https:\/\/www.padreeustaquio.com.br\/en\/wp-json\/wp\/v2\/posts\/3024","targetHints":{"allow":["GET"]}}],"collection":[{"href":"https:\/\/www.padreeustaquio.com.br\/en\/wp-json\/wp\/v2\/posts"}],"about":[{"href":"https:\/\/www.padreeustaquio.com.br\/en\/wp-json\/wp\/v2\/types\/post"}],"author":[{"embeddable":true,"href":"https:\/\/www.padreeustaquio.com.br\/en\/wp-json\/wp\/v2\/users\/6"}],"replies":[{"embeddable":true,"href":"https:\/\/www.padreeustaquio.com.br\/en\/wp-json\/wp\/v2\/comments?post=3024"}],"version-history":[{"count":0,"href":"https:\/\/www.padreeustaquio.com.br\/en\/wp-json\/wp\/v2\/posts\/3024\/revisions"}],"wp:featuredmedia":[{"embeddable":true,"href":"https:\/\/www.padreeustaquio.com.br\/en\/wp-json\/wp\/v2\/media\/3025"}],"wp:attachment":[{"href":"https:\/\/www.padreeustaquio.com.br\/en\/wp-json\/wp\/v2\/media?parent=3024"}],"wp:term":[{"taxonomy":"category","embeddable":true,"href":"https:\/\/www.padreeustaquio.com.br\/en\/wp-json\/wp\/v2\/categories?post=3024"},{"taxonomy":"post_tag","embeddable":true,"href":"https:\/\/www.padreeustaquio.com.br\/en\/wp-json\/wp\/v2\/tags?post=3024"}],"curies":[{"name":"wp","href":"https:\/\/api.w.org\/{rel}","templated":true}]}}