{"id":3006,"date":"2018-12-26T21:19:21","date_gmt":"2018-12-26T23:19:21","guid":{"rendered":"http:\/\/br606.teste.website\/~padre078\/padreeustaquio.com.br\/?p=3006"},"modified":"2019-08-21T21:24:41","modified_gmt":"2019-08-22T00:24:41","slug":"devotees-in-uberaba-begin-building-a-church-dedicated-to-blessed-father-eustaquio","status":"publish","type":"post","link":"https:\/\/www.padreeustaquio.com.br\/en\/devotees-in-uberaba-begin-building-a-church-dedicated-to-blessed-father-eustaquio\/","title":{"rendered":"Devotees of Uberaba begin building the Blessed Father Eust\u00e1quio church."},"content":{"rendered":"<p>Residents of the Maraj\u00f3 neighborhood in Uberaba, in the Tri\u00e2ngulo Mineiro region, are joining together to build a new church in honor of Blessed Father Eust\u00e1quio. The land, which already hosts Masses celebrated by Father Geraldo Faria, is located at Rua Raulf Cec\u00edlio, No. 317, in the Jardim Maraj\u00f3 II neighborhood.<\/p>\n<p>According to parishioners, the chapel where the Community&#039;s activities are currently being held, in the Jardim Maraj\u00f3 I neighborhood, will be maintained.<\/p>","protected":false},"excerpt":{"rendered":"<p>Residents of the Maraj\u00f3 neighborhood in Uberaba, in the Tri\u00e2ngulo Mineiro region, are joining together to build a new church in honor of Blessed Father Eust\u00e1quio. The land, which already hosts Masses celebrated by Father Geraldo Faria, is located at Rua Raulf Cec\u00edlio, No. 317, in the Jardim Maraj\u00f3 II neighborhood. According to parishioners, the chapel where community activities are currently being held, in the Jardim Maraj\u00f3 I neighborhood, will be maintained.<\/p>","protected":false},"author":6,"featured_media":3007,"comment_status":"closed","ping_status":"open","sticky":false,"template":"","format":"standard","meta":{"_acf_changed":false,"footnotes":""},"categories":[611],"tags":[],"class_list":["post-3006","post","type-post","status-publish","format-standard","has-post-thumbnail","hentry","category-noticias"],"acf":[],"yoast_head":"<!-- This site is optimized with the Yoast SEO plugin v27.2 - https:\/\/yoast.com\/product\/yoast-seo-wordpress\/ -->\n<title>Devotos de Uberaba come\u00e7am a construir igreja Beato Padre Eust\u00e1quio - Padre Eust\u00e1quio<\/title>\n<meta name=\"robots\" content=\"index, follow, max-snippet:-1, max-image-preview:large, max-video-preview:-1\" \/>\n<link rel=\"canonical\" href=\"https:\/\/www.padreeustaquio.com.br\/en\/devotees-in-uberaba-begin-building-a-church-dedicated-to-blessed-father-eustaquio\/\" \/>\n<meta property=\"og:locale\" content=\"en_US\" \/>\n<meta property=\"og:type\" content=\"article\" \/>\n<meta property=\"og:title\" content=\"Devotos de Uberaba come\u00e7am a construir igreja Beato Padre Eust\u00e1quio - Padre Eust\u00e1quio\" \/>\n<meta property=\"og:description\" content=\"Os moradores do bairro Maraj\u00f3, em Uberaba, no Tri\u00e2ngulo Mineiro est\u00e3o se unindo para construir uma nova igreja em homenagem ao Beato Padre Eust\u00e1quio. O terreno, que j\u00e1 recebe Missas, celebradas pelo Padre Geraldo Faria, fica na Rua: Raulf Cec\u00edlio, n\u00b0 317, no bairro Jardim Maraj\u00f3 II. De acordo com os paroquianos, a Capela onde est\u00e3o sendo realizadas as atividades da Comunidade atualmente, no bairro Jardim Maraj\u00f3 I, ser\u00e1 mantida.\" \/>\n<meta property=\"og:url\" content=\"https:\/\/www.padreeustaquio.com.br\/en\/devotees-in-uberaba-begin-building-a-church-dedicated-to-blessed-father-eustaquio\/\" \/>\n<meta property=\"og:site_name\" content=\"Padre Eust\u00e1quio\" \/>\n<meta property=\"article:publisher\" content=\"https:\/\/www.facebook.com\/beatopadreeustaquio\/\" \/>\n<meta property=\"article:published_time\" content=\"2018-12-26T23:19:21+00:00\" \/>\n<meta property=\"article:modified_time\" content=\"2019-08-22T00:24:41+00:00\" \/>\n<meta property=\"og:image\" content=\"https:\/\/www.padreeustaquio.com.br\/wp-content\/uploads\/2019\/08\/020.jpg\" \/>\n\t<meta property=\"og:image:width\" content=\"960\" \/>\n\t<meta property=\"og:image:height\" content=\"720\" \/>\n\t<meta property=\"og:image:type\" content=\"image\/jpeg\" \/>\n<meta name=\"author\" content=\"sscc\" \/>\n<meta name=\"twitter:card\" content=\"summary_large_image\" \/>\n<meta name=\"twitter:creator\" content=\"@beatopeustaquio\" \/>\n<meta name=\"twitter:site\" content=\"@beatopeustaquio\" \/>\n<meta name=\"twitter:label1\" content=\"Written by\" \/>\n\t<meta name=\"twitter:data1\" content=\"sscc\" \/>\n<script type=\"application\/ld+json\" class=\"yoast-schema-graph\">{\"@context\":\"https:\/\/schema.org\",\"@graph\":[{\"@type\":\"Article\",\"@id\":\"https:\/\/www.padreeustaquio.com.br\/devotos-de-uberaba-comecam-a-construir-igreja-beato-padre-eustaquio\/#article\",\"isPartOf\":{\"@id\":\"https:\/\/www.padreeustaquio.com.br\/devotos-de-uberaba-comecam-a-construir-igreja-beato-padre-eustaquio\/\"},\"author\":{\"name\":\"sscc\",\"@id\":\"https:\/\/www.padreeustaquio.com.br\/#\/schema\/person\/1bbfe7b959f00a655f8ecb6cb8f3ce87\"},\"headline\":\"Devotos de Uberaba come\u00e7am a construir igreja Beato Padre Eust\u00e1quio\",\"datePublished\":\"2018-12-26T23:19:21+00:00\",\"dateModified\":\"2019-08-22T00:24:41+00:00\",\"mainEntityOfPage\":{\"@id\":\"https:\/\/www.padreeustaquio.com.br\/devotos-de-uberaba-comecam-a-construir-igreja-beato-padre-eustaquio\/\"},\"wordCount\":86,\"publisher\":{\"@id\":\"https:\/\/www.padreeustaquio.com.br\/#organization\"},\"image\":{\"@id\":\"https:\/\/www.padreeustaquio.com.br\/devotos-de-uberaba-comecam-a-construir-igreja-beato-padre-eustaquio\/#primaryimage\"},\"thumbnailUrl\":\"https:\/\/www.padreeustaquio.com.br\/wp-content\/uploads\/2019\/08\/020.jpg\",\"articleSection\":[\"Not\u00edcias\"],\"inLanguage\":\"en-US\"},{\"@type\":\"WebPage\",\"@id\":\"https:\/\/www.padreeustaquio.com.br\/devotos-de-uberaba-comecam-a-construir-igreja-beato-padre-eustaquio\/\",\"url\":\"https:\/\/www.padreeustaquio.com.br\/devotos-de-uberaba-comecam-a-construir-igreja-beato-padre-eustaquio\/\",\"name\":\"Devotos de Uberaba come\u00e7am a construir igreja Beato Padre Eust\u00e1quio - Padre Eust\u00e1quio\",\"isPartOf\":{\"@id\":\"https:\/\/www.padreeustaquio.com.br\/#website\"},\"primaryImageOfPage\":{\"@id\":\"https:\/\/www.padreeustaquio.com.br\/devotos-de-uberaba-comecam-a-construir-igreja-beato-padre-eustaquio\/#primaryimage\"},\"image\":{\"@id\":\"https:\/\/www.padreeustaquio.com.br\/devotos-de-uberaba-comecam-a-construir-igreja-beato-padre-eustaquio\/#primaryimage\"},\"thumbnailUrl\":\"https:\/\/www.padreeustaquio.com.br\/wp-content\/uploads\/2019\/08\/020.jpg\",\"datePublished\":\"2018-12-26T23:19:21+00:00\",\"dateModified\":\"2019-08-22T00:24:41+00:00\",\"breadcrumb\":{\"@id\":\"https:\/\/www.padreeustaquio.com.br\/devotos-de-uberaba-comecam-a-construir-igreja-beato-padre-eustaquio\/#breadcrumb\"},\"inLanguage\":\"en-US\",\"potentialAction\":[{\"@type\":\"ReadAction\",\"target\":[\"https:\/\/www.padreeustaquio.com.br\/devotos-de-uberaba-comecam-a-construir-igreja-beato-padre-eustaquio\/\"]}]},{\"@type\":\"ImageObject\",\"inLanguage\":\"en-US\",\"@id\":\"https:\/\/www.padreeustaquio.com.br\/devotos-de-uberaba-comecam-a-construir-igreja-beato-padre-eustaquio\/#primaryimage\",\"url\":\"https:\/\/www.padreeustaquio.com.br\/wp-content\/uploads\/2019\/08\/020.jpg\",\"contentUrl\":\"https:\/\/www.padreeustaquio.com.br\/wp-content\/uploads\/2019\/08\/020.jpg\",\"width\":960,\"height\":720},{\"@type\":\"BreadcrumbList\",\"@id\":\"https:\/\/www.padreeustaquio.com.br\/devotos-de-uberaba-comecam-a-construir-igreja-beato-padre-eustaquio\/#breadcrumb\",\"itemListElement\":[{\"@type\":\"ListItem\",\"position\":1,\"name\":\"In\u00edcio\",\"item\":\"https:\/\/www.padreeustaquio.com.br\/\"},{\"@type\":\"ListItem\",\"position\":2,\"name\":\"Devotos de Uberaba come\u00e7am a construir igreja Beato Padre Eust\u00e1quio\"}]},{\"@type\":\"WebSite\",\"@id\":\"https:\/\/www.padreeustaquio.com.br\/#website\",\"url\":\"https:\/\/www.padreeustaquio.com.br\/\",\"name\":\"Padre Eust\u00e1quio\",\"description\":\"Sa\u00fade e Paz\",\"publisher\":{\"@id\":\"https:\/\/www.padreeustaquio.com.br\/#organization\"},\"potentialAction\":[{\"@type\":\"SearchAction\",\"target\":{\"@type\":\"EntryPoint\",\"urlTemplate\":\"https:\/\/www.padreeustaquio.com.br\/?s={search_term_string}\"},\"query-input\":{\"@type\":\"PropertyValueSpecification\",\"valueRequired\":true,\"valueName\":\"search_term_string\"}}],\"inLanguage\":\"en-US\"},{\"@type\":\"Organization\",\"@id\":\"https:\/\/www.padreeustaquio.com.br\/#organization\",\"name\":\"Padre Eust\u00e1quio\",\"url\":\"https:\/\/www.padreeustaquio.com.br\/\",\"logo\":{\"@type\":\"ImageObject\",\"inLanguage\":\"en-US\",\"@id\":\"https:\/\/www.padreeustaquio.com.br\/#\/schema\/logo\/image\/\",\"url\":\"https:\/\/www.padreeustaquio.com.br\/wp-content\/uploads\/2019\/08\/marca.png\",\"contentUrl\":\"https:\/\/www.padreeustaquio.com.br\/wp-content\/uploads\/2019\/08\/marca.png\",\"width\":350,\"height\":400,\"caption\":\"Padre Eust\u00e1quio\"},\"image\":{\"@id\":\"https:\/\/www.padreeustaquio.com.br\/#\/schema\/logo\/image\/\"},\"sameAs\":[\"https:\/\/www.facebook.com\/beatopadreeustaquio\/\",\"https:\/\/x.com\/beatopeustaquio\",\"https:\/\/www.instagram.com\/beatopadreeustaquio\/\",\"https:\/\/www.youtube.com\/channel\/UCRhw7vfabnajwLxb1ZXMeIw\"]},{\"@type\":\"Person\",\"@id\":\"https:\/\/www.padreeustaquio.com.br\/#\/schema\/person\/1bbfe7b959f00a655f8ecb6cb8f3ce87\",\"name\":\"sscc\",\"image\":{\"@type\":\"ImageObject\",\"inLanguage\":\"en-US\",\"@id\":\"https:\/\/secure.gravatar.com\/avatar\/edddec27f012d36cfa3fce966238219942e4659e87f27ef7b5704f0db7007bec?s=96&d=mm&r=g\",\"url\":\"https:\/\/secure.gravatar.com\/avatar\/edddec27f012d36cfa3fce966238219942e4659e87f27ef7b5704f0db7007bec?s=96&d=mm&r=g\",\"contentUrl\":\"https:\/\/secure.gravatar.com\/avatar\/edddec27f012d36cfa3fce966238219942e4659e87f27ef7b5704f0db7007bec?s=96&d=mm&r=g\",\"caption\":\"sscc\"},\"url\":\"https:\/\/www.padreeustaquio.com.br\/en\/author\/userpde\/\"}]}<\/script>\n<!-- \/ Yoast SEO plugin. -->","yoast_head_json":{"title":"Devotees of Uberaba begin building a church dedicated to Blessed Father Eust\u00e1quio.","robots":{"index":"index","follow":"follow","max-snippet":"max-snippet:-1","max-image-preview":"max-image-preview:large","max-video-preview":"max-video-preview:-1"},"canonical":"https:\/\/www.padreeustaquio.com.br\/en\/devotees-in-uberaba-begin-building-a-church-dedicated-to-blessed-father-eustaquio\/","og_locale":"en_US","og_type":"article","og_title":"Devotos de Uberaba come\u00e7am a construir igreja Beato Padre Eust\u00e1quio - Padre Eust\u00e1quio","og_description":"Os moradores do bairro Maraj\u00f3, em Uberaba, no Tri\u00e2ngulo Mineiro est\u00e3o se unindo para construir uma nova igreja em homenagem ao Beato Padre Eust\u00e1quio. O terreno, que j\u00e1 recebe Missas, celebradas pelo Padre Geraldo Faria, fica na Rua: Raulf Cec\u00edlio, n\u00b0 317, no bairro Jardim Maraj\u00f3 II. De acordo com os paroquianos, a Capela onde est\u00e3o sendo realizadas as atividades da Comunidade atualmente, no bairro Jardim Maraj\u00f3 I, ser\u00e1 mantida.","og_url":"https:\/\/www.padreeustaquio.com.br\/en\/devotees-in-uberaba-begin-building-a-church-dedicated-to-blessed-father-eustaquio\/","og_site_name":"Padre Eust\u00e1quio","article_publisher":"https:\/\/www.facebook.com\/beatopadreeustaquio\/","article_published_time":"2018-12-26T23:19:21+00:00","article_modified_time":"2019-08-22T00:24:41+00:00","og_image":[{"width":960,"height":720,"url":"https:\/\/www.padreeustaquio.com.br\/wp-content\/uploads\/2019\/08\/020.jpg","type":"image\/jpeg"}],"author":"sscc","twitter_card":"summary_large_image","twitter_creator":"@beatopeustaquio","twitter_site":"@beatopeustaquio","twitter_misc":{"Written by":"sscc"},"schema":{"@context":"https:\/\/schema.org","@graph":[{"@type":"Article","@id":"https:\/\/www.padreeustaquio.com.br\/devotos-de-uberaba-comecam-a-construir-igreja-beato-padre-eustaquio\/#article","isPartOf":{"@id":"https:\/\/www.padreeustaquio.com.br\/devotos-de-uberaba-comecam-a-construir-igreja-beato-padre-eustaquio\/"},"author":{"name":"sscc","@id":"https:\/\/www.padreeustaquio.com.br\/#\/schema\/person\/1bbfe7b959f00a655f8ecb6cb8f3ce87"},"headline":"Devotos de Uberaba come\u00e7am a construir igreja Beato Padre Eust\u00e1quio","datePublished":"2018-12-26T23:19:21+00:00","dateModified":"2019-08-22T00:24:41+00:00","mainEntityOfPage":{"@id":"https:\/\/www.padreeustaquio.com.br\/devotos-de-uberaba-comecam-a-construir-igreja-beato-padre-eustaquio\/"},"wordCount":86,"publisher":{"@id":"https:\/\/www.padreeustaquio.com.br\/#organization"},"image":{"@id":"https:\/\/www.padreeustaquio.com.br\/devotos-de-uberaba-comecam-a-construir-igreja-beato-padre-eustaquio\/#primaryimage"},"thumbnailUrl":"https:\/\/www.padreeustaquio.com.br\/wp-content\/uploads\/2019\/08\/020.jpg","articleSection":["Not\u00edcias"],"inLanguage":"en-US"},{"@type":"WebPage","@id":"https:\/\/www.padreeustaquio.com.br\/devotos-de-uberaba-comecam-a-construir-igreja-beato-padre-eustaquio\/","url":"https:\/\/www.padreeustaquio.com.br\/devotos-de-uberaba-comecam-a-construir-igreja-beato-padre-eustaquio\/","name":"Devotees of Uberaba begin building a church dedicated to Blessed Father Eust\u00e1quio.","isPartOf":{"@id":"https:\/\/www.padreeustaquio.com.br\/#website"},"primaryImageOfPage":{"@id":"https:\/\/www.padreeustaquio.com.br\/devotos-de-uberaba-comecam-a-construir-igreja-beato-padre-eustaquio\/#primaryimage"},"image":{"@id":"https:\/\/www.padreeustaquio.com.br\/devotos-de-uberaba-comecam-a-construir-igreja-beato-padre-eustaquio\/#primaryimage"},"thumbnailUrl":"https:\/\/www.padreeustaquio.com.br\/wp-content\/uploads\/2019\/08\/020.jpg","datePublished":"2018-12-26T23:19:21+00:00","dateModified":"2019-08-22T00:24:41+00:00","breadcrumb":{"@id":"https:\/\/www.padreeustaquio.com.br\/devotos-de-uberaba-comecam-a-construir-igreja-beato-padre-eustaquio\/#breadcrumb"},"inLanguage":"en-US","potentialAction":[{"@type":"ReadAction","target":["https:\/\/www.padreeustaquio.com.br\/devotos-de-uberaba-comecam-a-construir-igreja-beato-padre-eustaquio\/"]}]},{"@type":"ImageObject","inLanguage":"en-US","@id":"https:\/\/www.padreeustaquio.com.br\/devotos-de-uberaba-comecam-a-construir-igreja-beato-padre-eustaquio\/#primaryimage","url":"https:\/\/www.padreeustaquio.com.br\/wp-content\/uploads\/2019\/08\/020.jpg","contentUrl":"https:\/\/www.padreeustaquio.com.br\/wp-content\/uploads\/2019\/08\/020.jpg","width":960,"height":720},{"@type":"BreadcrumbList","@id":"https:\/\/www.padreeustaquio.com.br\/devotos-de-uberaba-comecam-a-construir-igreja-beato-padre-eustaquio\/#breadcrumb","itemListElement":[{"@type":"ListItem","position":1,"name":"In\u00edcio","item":"https:\/\/www.padreeustaquio.com.br\/"},{"@type":"ListItem","position":2,"name":"Devotos de Uberaba come\u00e7am a construir igreja Beato Padre Eust\u00e1quio"}]},{"@type":"WebSite","@id":"https:\/\/www.padreeustaquio.com.br\/#website","url":"https:\/\/www.padreeustaquio.com.br\/","name":"FATHER EUST\u00c1QUIO","description":"Health and Peace","publisher":{"@id":"https:\/\/www.padreeustaquio.com.br\/#organization"},"potentialAction":[{"@type":"SearchAction","target":{"@type":"EntryPoint","urlTemplate":"https:\/\/www.padreeustaquio.com.br\/?s={search_term_string}"},"query-input":{"@type":"PropertyValueSpecification","valueRequired":true,"valueName":"search_term_string"}}],"inLanguage":"en-US"},{"@type":"Organization","@id":"https:\/\/www.padreeustaquio.com.br\/#organization","name":"FATHER EUST\u00c1QUIO","url":"https:\/\/www.padreeustaquio.com.br\/","logo":{"@type":"ImageObject","inLanguage":"en-US","@id":"https:\/\/www.padreeustaquio.com.br\/#\/schema\/logo\/image\/","url":"https:\/\/www.padreeustaquio.com.br\/wp-content\/uploads\/2019\/08\/marca.png","contentUrl":"https:\/\/www.padreeustaquio.com.br\/wp-content\/uploads\/2019\/08\/marca.png","width":350,"height":400,"caption":"Padre Eust\u00e1quio"},"image":{"@id":"https:\/\/www.padreeustaquio.com.br\/#\/schema\/logo\/image\/"},"sameAs":["https:\/\/www.facebook.com\/beatopadreeustaquio\/","https:\/\/x.com\/beatopeustaquio","https:\/\/www.instagram.com\/beatopadreeustaquio\/","https:\/\/www.youtube.com\/channel\/UCRhw7vfabnajwLxb1ZXMeIw"]},{"@type":"Person","@id":"https:\/\/www.padreeustaquio.com.br\/#\/schema\/person\/1bbfe7b959f00a655f8ecb6cb8f3ce87","name":"sscc","image":{"@type":"ImageObject","inLanguage":"en-US","@id":"https:\/\/secure.gravatar.com\/avatar\/edddec27f012d36cfa3fce966238219942e4659e87f27ef7b5704f0db7007bec?s=96&d=mm&r=g","url":"https:\/\/secure.gravatar.com\/avatar\/edddec27f012d36cfa3fce966238219942e4659e87f27ef7b5704f0db7007bec?s=96&d=mm&r=g","contentUrl":"https:\/\/secure.gravatar.com\/avatar\/edddec27f012d36cfa3fce966238219942e4659e87f27ef7b5704f0db7007bec?s=96&d=mm&r=g","caption":"sscc"},"url":"https:\/\/www.padreeustaquio.com.br\/en\/author\/userpde\/"}]}},"_links":{"self":[{"href":"https:\/\/www.padreeustaquio.com.br\/en\/wp-json\/wp\/v2\/posts\/3006","targetHints":{"allow":["GET"]}}],"collection":[{"href":"https:\/\/www.padreeustaquio.com.br\/en\/wp-json\/wp\/v2\/posts"}],"about":[{"href":"https:\/\/www.padreeustaquio.com.br\/en\/wp-json\/wp\/v2\/types\/post"}],"author":[{"embeddable":true,"href":"https:\/\/www.padreeustaquio.com.br\/en\/wp-json\/wp\/v2\/users\/6"}],"replies":[{"embeddable":true,"href":"https:\/\/www.padreeustaquio.com.br\/en\/wp-json\/wp\/v2\/comments?post=3006"}],"version-history":[{"count":0,"href":"https:\/\/www.padreeustaquio.com.br\/en\/wp-json\/wp\/v2\/posts\/3006\/revisions"}],"wp:featuredmedia":[{"embeddable":true,"href":"https:\/\/www.padreeustaquio.com.br\/en\/wp-json\/wp\/v2\/media\/3007"}],"wp:attachment":[{"href":"https:\/\/www.padreeustaquio.com.br\/en\/wp-json\/wp\/v2\/media?parent=3006"}],"wp:term":[{"taxonomy":"category","embeddable":true,"href":"https:\/\/www.padreeustaquio.com.br\/en\/wp-json\/wp\/v2\/categories?post=3006"},{"taxonomy":"post_tag","embeddable":true,"href":"https:\/\/www.padreeustaquio.com.br\/en\/wp-json\/wp\/v2\/tags?post=3006"}],"curies":[{"name":"wp","href":"https:\/\/api.w.org\/{rel}","templated":true}]}}