{"id":3003,"date":"2018-11-23T21:15:18","date_gmt":"2018-11-23T23:15:18","guid":{"rendered":"http:\/\/br606.teste.website\/~padre078\/padreeustaquio.com.br\/?p=3003"},"modified":"2019-08-21T21:16:35","modified_gmt":"2019-08-22T00:16:35","slug":"devotees-celebrate-the-enthronement-of-father-eustaquios-relics-in-uberaba-mg","status":"publish","type":"post","link":"https:\/\/www.padreeustaquio.com.br\/en\/devotees-celebrate-the-enthronement-of-father-eustaquios-relics-in-uberaba-mg\/","title":{"rendered":"Devotees celebrate the Enthronement of the Relics of Father Eust\u00e1quio in Uberaba-MG"},"content":{"rendered":"<p>This week, the faithful of the Tri\u00e2ngulo Mineiro region were celebrating. Relics sent by the Postulation of the Cause in Rome were enthroned in the Blessed Father Eust\u00e1quio Community in Uberaba, Minas Gerais. These include: a piece of clothing that belonged to the religious figure and some of the stones he used in the construction of a grotto in Romaria-MG (the first city where Father Eust\u00e1quio worked in Brazil).<\/p>\n<p>The day began with a procession carrying the relics, followed by Holy Mass. The celebration was presided over by Father Saulo, from the S\u00e3o Mateus Parish, also in Uberaba, and concelebrated by Father Geraldo Faria, from the same community.<\/p>\n<p>The objects, which came from Europe, were accompanied by a letter attesting to the authenticity of the relics and explaining the entire journey of the stones. One of the devotees who participated in the entire celebration, Alessandra, emphasized that the moment is very important for the community.<br \/>\nMay the relics of Blessed Father Eustace be a further instrument to increase devotion to the religious figure and faith in God. May the community grow even more with wishes for health and peace.<\/p>","protected":false},"excerpt":{"rendered":"<p>Esta semana os fi\u00e9is do Tri\u00e2ngulo Mineiro estiveram em festa. Rel\u00edquias enviadas pela Postula\u00e7\u00e3o da Causa, em Roma, foram entronizadas na Comunidade Beato Padre Eust\u00e1quio, de Uberaba, Minas Gerais. S\u00e3o: um peda\u00e7o da roupa que pertenceu ao religioso e algumas das pedras usadas por ele na constru\u00e7\u00e3o de uma gruta em Romaria-MG (primeira cidade onde Padre Eust\u00e1quio trabalhou no Brasil). O dia come\u00e7ou com uma prociss\u00e3o feita com as rel\u00edquias, em seguida a Santa Missa. A celebra\u00e7\u00e3o foi presidida pelo Padre Saulo, da Par\u00f3quia S\u00e3o Mateus, tamb\u00e9m de Uberaba e concelebrada pelo Padre Geraldo Faria, da pr\u00f3pria comunidade. Os objetos, [&hellip;]<\/p>\n","protected":false},"author":6,"featured_media":3004,"comment_status":"closed","ping_status":"open","sticky":false,"template":"","format":"standard","meta":{"_acf_changed":false,"footnotes":""},"categories":[611],"tags":[],"class_list":["post-3003","post","type-post","status-publish","format-standard","has-post-thumbnail","hentry","category-noticias"],"acf":[],"yoast_head":"<!-- This site is optimized with the Yoast SEO plugin v27.2 - https:\/\/yoast.com\/product\/yoast-seo-wordpress\/ -->\n<title>Devotos celebram Entroniza\u00e7\u00e3o das Rel\u00edquias de Padre Eust\u00e1quio em Uberaba-MG - Padre Eust\u00e1quio<\/title>\n<meta name=\"robots\" content=\"index, follow, max-snippet:-1, max-image-preview:large, max-video-preview:-1\" \/>\n<link rel=\"canonical\" href=\"https:\/\/www.padreeustaquio.com.br\/en\/devotees-celebrate-the-enthronement-of-father-eustaquios-relics-in-uberaba-mg\/\" \/>\n<meta property=\"og:locale\" content=\"en_US\" \/>\n<meta property=\"og:type\" content=\"article\" \/>\n<meta property=\"og:title\" content=\"Devotos celebram Entroniza\u00e7\u00e3o das Rel\u00edquias de Padre Eust\u00e1quio em Uberaba-MG - Padre Eust\u00e1quio\" \/>\n<meta property=\"og:description\" content=\"Esta semana os fi\u00e9is do Tri\u00e2ngulo Mineiro estiveram em festa. Rel\u00edquias enviadas pela Postula\u00e7\u00e3o da Causa, em Roma, foram entronizadas na Comunidade Beato Padre Eust\u00e1quio, de Uberaba, Minas Gerais. S\u00e3o: um peda\u00e7o da roupa que pertenceu ao religioso e algumas das pedras usadas por ele na constru\u00e7\u00e3o de uma gruta em Romaria-MG (primeira cidade onde Padre Eust\u00e1quio trabalhou no Brasil). O dia come\u00e7ou com uma prociss\u00e3o feita com as rel\u00edquias, em seguida a Santa Missa. A celebra\u00e7\u00e3o foi presidida pelo Padre Saulo, da Par\u00f3quia S\u00e3o Mateus, tamb\u00e9m de Uberaba e concelebrada pelo Padre Geraldo Faria, da pr\u00f3pria comunidade. Os objetos, [&hellip;]\" \/>\n<meta property=\"og:url\" content=\"https:\/\/www.padreeustaquio.com.br\/en\/devotees-celebrate-the-enthronement-of-father-eustaquios-relics-in-uberaba-mg\/\" \/>\n<meta property=\"og:site_name\" content=\"Padre Eust\u00e1quio\" \/>\n<meta property=\"article:publisher\" content=\"https:\/\/www.facebook.com\/beatopadreeustaquio\/\" \/>\n<meta property=\"article:published_time\" content=\"2018-11-23T23:15:18+00:00\" \/>\n<meta property=\"article:modified_time\" content=\"2019-08-22T00:16:35+00:00\" \/>\n<meta property=\"og:image\" content=\"https:\/\/www.padreeustaquio.com.br\/wp-content\/uploads\/2019\/08\/019.jpg\" \/>\n\t<meta property=\"og:image:width\" content=\"960\" \/>\n\t<meta property=\"og:image:height\" content=\"960\" \/>\n\t<meta property=\"og:image:type\" content=\"image\/jpeg\" \/>\n<meta name=\"author\" content=\"sscc\" \/>\n<meta name=\"twitter:card\" content=\"summary_large_image\" \/>\n<meta name=\"twitter:creator\" content=\"@beatopeustaquio\" \/>\n<meta name=\"twitter:site\" content=\"@beatopeustaquio\" \/>\n<meta name=\"twitter:label1\" content=\"Written by\" \/>\n\t<meta name=\"twitter:data1\" content=\"sscc\" \/>\n\t<meta name=\"twitter:label2\" content=\"Est. reading time\" \/>\n\t<meta name=\"twitter:data2\" content=\"1 minute\" \/>\n<script type=\"application\/ld+json\" class=\"yoast-schema-graph\">{\"@context\":\"https:\/\/schema.org\",\"@graph\":[{\"@type\":\"Article\",\"@id\":\"https:\/\/www.padreeustaquio.com.br\/devotos-celebram-entronizacao-das-reliquias-de-padre-eustaquio-em-uberaba-mg\/#article\",\"isPartOf\":{\"@id\":\"https:\/\/www.padreeustaquio.com.br\/devotos-celebram-entronizacao-das-reliquias-de-padre-eustaquio-em-uberaba-mg\/\"},\"author\":{\"name\":\"sscc\",\"@id\":\"https:\/\/www.padreeustaquio.com.br\/#\/schema\/person\/1bbfe7b959f00a655f8ecb6cb8f3ce87\"},\"headline\":\"Devotos celebram Entroniza\u00e7\u00e3o das Rel\u00edquias de Padre Eust\u00e1quio em Uberaba-MG\",\"datePublished\":\"2018-11-23T23:15:18+00:00\",\"dateModified\":\"2019-08-22T00:16:35+00:00\",\"mainEntityOfPage\":{\"@id\":\"https:\/\/www.padreeustaquio.com.br\/devotos-celebram-entronizacao-das-reliquias-de-padre-eustaquio-em-uberaba-mg\/\"},\"wordCount\":213,\"publisher\":{\"@id\":\"https:\/\/www.padreeustaquio.com.br\/#organization\"},\"image\":{\"@id\":\"https:\/\/www.padreeustaquio.com.br\/devotos-celebram-entronizacao-das-reliquias-de-padre-eustaquio-em-uberaba-mg\/#primaryimage\"},\"thumbnailUrl\":\"https:\/\/www.padreeustaquio.com.br\/wp-content\/uploads\/2019\/08\/019.jpg\",\"articleSection\":[\"Not\u00edcias\"],\"inLanguage\":\"en-US\"},{\"@type\":\"WebPage\",\"@id\":\"https:\/\/www.padreeustaquio.com.br\/devotos-celebram-entronizacao-das-reliquias-de-padre-eustaquio-em-uberaba-mg\/\",\"url\":\"https:\/\/www.padreeustaquio.com.br\/devotos-celebram-entronizacao-das-reliquias-de-padre-eustaquio-em-uberaba-mg\/\",\"name\":\"Devotos celebram Entroniza\u00e7\u00e3o das Rel\u00edquias de Padre Eust\u00e1quio em Uberaba-MG - Padre Eust\u00e1quio\",\"isPartOf\":{\"@id\":\"https:\/\/www.padreeustaquio.com.br\/#website\"},\"primaryImageOfPage\":{\"@id\":\"https:\/\/www.padreeustaquio.com.br\/devotos-celebram-entronizacao-das-reliquias-de-padre-eustaquio-em-uberaba-mg\/#primaryimage\"},\"image\":{\"@id\":\"https:\/\/www.padreeustaquio.com.br\/devotos-celebram-entronizacao-das-reliquias-de-padre-eustaquio-em-uberaba-mg\/#primaryimage\"},\"thumbnailUrl\":\"https:\/\/www.padreeustaquio.com.br\/wp-content\/uploads\/2019\/08\/019.jpg\",\"datePublished\":\"2018-11-23T23:15:18+00:00\",\"dateModified\":\"2019-08-22T00:16:35+00:00\",\"breadcrumb\":{\"@id\":\"https:\/\/www.padreeustaquio.com.br\/devotos-celebram-entronizacao-das-reliquias-de-padre-eustaquio-em-uberaba-mg\/#breadcrumb\"},\"inLanguage\":\"en-US\",\"potentialAction\":[{\"@type\":\"ReadAction\",\"target\":[\"https:\/\/www.padreeustaquio.com.br\/devotos-celebram-entronizacao-das-reliquias-de-padre-eustaquio-em-uberaba-mg\/\"]}]},{\"@type\":\"ImageObject\",\"inLanguage\":\"en-US\",\"@id\":\"https:\/\/www.padreeustaquio.com.br\/devotos-celebram-entronizacao-das-reliquias-de-padre-eustaquio-em-uberaba-mg\/#primaryimage\",\"url\":\"https:\/\/www.padreeustaquio.com.br\/wp-content\/uploads\/2019\/08\/019.jpg\",\"contentUrl\":\"https:\/\/www.padreeustaquio.com.br\/wp-content\/uploads\/2019\/08\/019.jpg\",\"width\":960,\"height\":960},{\"@type\":\"BreadcrumbList\",\"@id\":\"https:\/\/www.padreeustaquio.com.br\/devotos-celebram-entronizacao-das-reliquias-de-padre-eustaquio-em-uberaba-mg\/#breadcrumb\",\"itemListElement\":[{\"@type\":\"ListItem\",\"position\":1,\"name\":\"In\u00edcio\",\"item\":\"https:\/\/www.padreeustaquio.com.br\/\"},{\"@type\":\"ListItem\",\"position\":2,\"name\":\"Devotos celebram Entroniza\u00e7\u00e3o das Rel\u00edquias de Padre Eust\u00e1quio em Uberaba-MG\"}]},{\"@type\":\"WebSite\",\"@id\":\"https:\/\/www.padreeustaquio.com.br\/#website\",\"url\":\"https:\/\/www.padreeustaquio.com.br\/\",\"name\":\"Padre Eust\u00e1quio\",\"description\":\"Sa\u00fade e Paz\",\"publisher\":{\"@id\":\"https:\/\/www.padreeustaquio.com.br\/#organization\"},\"potentialAction\":[{\"@type\":\"SearchAction\",\"target\":{\"@type\":\"EntryPoint\",\"urlTemplate\":\"https:\/\/www.padreeustaquio.com.br\/?s={search_term_string}\"},\"query-input\":{\"@type\":\"PropertyValueSpecification\",\"valueRequired\":true,\"valueName\":\"search_term_string\"}}],\"inLanguage\":\"en-US\"},{\"@type\":\"Organization\",\"@id\":\"https:\/\/www.padreeustaquio.com.br\/#organization\",\"name\":\"Padre Eust\u00e1quio\",\"url\":\"https:\/\/www.padreeustaquio.com.br\/\",\"logo\":{\"@type\":\"ImageObject\",\"inLanguage\":\"en-US\",\"@id\":\"https:\/\/www.padreeustaquio.com.br\/#\/schema\/logo\/image\/\",\"url\":\"https:\/\/www.padreeustaquio.com.br\/wp-content\/uploads\/2019\/08\/marca.png\",\"contentUrl\":\"https:\/\/www.padreeustaquio.com.br\/wp-content\/uploads\/2019\/08\/marca.png\",\"width\":350,\"height\":400,\"caption\":\"Padre Eust\u00e1quio\"},\"image\":{\"@id\":\"https:\/\/www.padreeustaquio.com.br\/#\/schema\/logo\/image\/\"},\"sameAs\":[\"https:\/\/www.facebook.com\/beatopadreeustaquio\/\",\"https:\/\/x.com\/beatopeustaquio\",\"https:\/\/www.instagram.com\/beatopadreeustaquio\/\",\"https:\/\/www.youtube.com\/channel\/UCRhw7vfabnajwLxb1ZXMeIw\"]},{\"@type\":\"Person\",\"@id\":\"https:\/\/www.padreeustaquio.com.br\/#\/schema\/person\/1bbfe7b959f00a655f8ecb6cb8f3ce87\",\"name\":\"sscc\",\"image\":{\"@type\":\"ImageObject\",\"inLanguage\":\"en-US\",\"@id\":\"https:\/\/secure.gravatar.com\/avatar\/edddec27f012d36cfa3fce966238219942e4659e87f27ef7b5704f0db7007bec?s=96&d=mm&r=g\",\"url\":\"https:\/\/secure.gravatar.com\/avatar\/edddec27f012d36cfa3fce966238219942e4659e87f27ef7b5704f0db7007bec?s=96&d=mm&r=g\",\"contentUrl\":\"https:\/\/secure.gravatar.com\/avatar\/edddec27f012d36cfa3fce966238219942e4659e87f27ef7b5704f0db7007bec?s=96&d=mm&r=g\",\"caption\":\"sscc\"},\"url\":\"https:\/\/www.padreeustaquio.com.br\/en\/author\/userpde\/\"}]}<\/script>\n<!-- \/ Yoast SEO plugin. -->","yoast_head_json":{"title":"Devotees celebrate the Enthronement of the Relics of Father Eust\u00e1quio in Uberaba-MG - Father Eust\u00e1quio","robots":{"index":"index","follow":"follow","max-snippet":"max-snippet:-1","max-image-preview":"max-image-preview:large","max-video-preview":"max-video-preview:-1"},"canonical":"https:\/\/www.padreeustaquio.com.br\/en\/devotees-celebrate-the-enthronement-of-father-eustaquios-relics-in-uberaba-mg\/","og_locale":"en_US","og_type":"article","og_title":"Devotos celebram Entroniza\u00e7\u00e3o das Rel\u00edquias de Padre Eust\u00e1quio em Uberaba-MG - Padre Eust\u00e1quio","og_description":"Esta semana os fi\u00e9is do Tri\u00e2ngulo Mineiro estiveram em festa. Rel\u00edquias enviadas pela Postula\u00e7\u00e3o da Causa, em Roma, foram entronizadas na Comunidade Beato Padre Eust\u00e1quio, de Uberaba, Minas Gerais. S\u00e3o: um peda\u00e7o da roupa que pertenceu ao religioso e algumas das pedras usadas por ele na constru\u00e7\u00e3o de uma gruta em Romaria-MG (primeira cidade onde Padre Eust\u00e1quio trabalhou no Brasil). O dia come\u00e7ou com uma prociss\u00e3o feita com as rel\u00edquias, em seguida a Santa Missa. A celebra\u00e7\u00e3o foi presidida pelo Padre Saulo, da Par\u00f3quia S\u00e3o Mateus, tamb\u00e9m de Uberaba e concelebrada pelo Padre Geraldo Faria, da pr\u00f3pria comunidade. Os objetos, [&hellip;]","og_url":"https:\/\/www.padreeustaquio.com.br\/en\/devotees-celebrate-the-enthronement-of-father-eustaquios-relics-in-uberaba-mg\/","og_site_name":"Padre Eust\u00e1quio","article_publisher":"https:\/\/www.facebook.com\/beatopadreeustaquio\/","article_published_time":"2018-11-23T23:15:18+00:00","article_modified_time":"2019-08-22T00:16:35+00:00","og_image":[{"width":960,"height":960,"url":"https:\/\/www.padreeustaquio.com.br\/wp-content\/uploads\/2019\/08\/019.jpg","type":"image\/jpeg"}],"author":"sscc","twitter_card":"summary_large_image","twitter_creator":"@beatopeustaquio","twitter_site":"@beatopeustaquio","twitter_misc":{"Written by":"sscc","Est. reading time":"1 minute"},"schema":{"@context":"https:\/\/schema.org","@graph":[{"@type":"Article","@id":"https:\/\/www.padreeustaquio.com.br\/devotos-celebram-entronizacao-das-reliquias-de-padre-eustaquio-em-uberaba-mg\/#article","isPartOf":{"@id":"https:\/\/www.padreeustaquio.com.br\/devotos-celebram-entronizacao-das-reliquias-de-padre-eustaquio-em-uberaba-mg\/"},"author":{"name":"sscc","@id":"https:\/\/www.padreeustaquio.com.br\/#\/schema\/person\/1bbfe7b959f00a655f8ecb6cb8f3ce87"},"headline":"Devotos celebram Entroniza\u00e7\u00e3o das Rel\u00edquias de Padre Eust\u00e1quio em Uberaba-MG","datePublished":"2018-11-23T23:15:18+00:00","dateModified":"2019-08-22T00:16:35+00:00","mainEntityOfPage":{"@id":"https:\/\/www.padreeustaquio.com.br\/devotos-celebram-entronizacao-das-reliquias-de-padre-eustaquio-em-uberaba-mg\/"},"wordCount":213,"publisher":{"@id":"https:\/\/www.padreeustaquio.com.br\/#organization"},"image":{"@id":"https:\/\/www.padreeustaquio.com.br\/devotos-celebram-entronizacao-das-reliquias-de-padre-eustaquio-em-uberaba-mg\/#primaryimage"},"thumbnailUrl":"https:\/\/www.padreeustaquio.com.br\/wp-content\/uploads\/2019\/08\/019.jpg","articleSection":["Not\u00edcias"],"inLanguage":"en-US"},{"@type":"WebPage","@id":"https:\/\/www.padreeustaquio.com.br\/devotos-celebram-entronizacao-das-reliquias-de-padre-eustaquio-em-uberaba-mg\/","url":"https:\/\/www.padreeustaquio.com.br\/devotos-celebram-entronizacao-das-reliquias-de-padre-eustaquio-em-uberaba-mg\/","name":"Devotees celebrate the Enthronement of the Relics of Father Eust\u00e1quio in Uberaba-MG - Father Eust\u00e1quio","isPartOf":{"@id":"https:\/\/www.padreeustaquio.com.br\/#website"},"primaryImageOfPage":{"@id":"https:\/\/www.padreeustaquio.com.br\/devotos-celebram-entronizacao-das-reliquias-de-padre-eustaquio-em-uberaba-mg\/#primaryimage"},"image":{"@id":"https:\/\/www.padreeustaquio.com.br\/devotos-celebram-entronizacao-das-reliquias-de-padre-eustaquio-em-uberaba-mg\/#primaryimage"},"thumbnailUrl":"https:\/\/www.padreeustaquio.com.br\/wp-content\/uploads\/2019\/08\/019.jpg","datePublished":"2018-11-23T23:15:18+00:00","dateModified":"2019-08-22T00:16:35+00:00","breadcrumb":{"@id":"https:\/\/www.padreeustaquio.com.br\/devotos-celebram-entronizacao-das-reliquias-de-padre-eustaquio-em-uberaba-mg\/#breadcrumb"},"inLanguage":"en-US","potentialAction":[{"@type":"ReadAction","target":["https:\/\/www.padreeustaquio.com.br\/devotos-celebram-entronizacao-das-reliquias-de-padre-eustaquio-em-uberaba-mg\/"]}]},{"@type":"ImageObject","inLanguage":"en-US","@id":"https:\/\/www.padreeustaquio.com.br\/devotos-celebram-entronizacao-das-reliquias-de-padre-eustaquio-em-uberaba-mg\/#primaryimage","url":"https:\/\/www.padreeustaquio.com.br\/wp-content\/uploads\/2019\/08\/019.jpg","contentUrl":"https:\/\/www.padreeustaquio.com.br\/wp-content\/uploads\/2019\/08\/019.jpg","width":960,"height":960},{"@type":"BreadcrumbList","@id":"https:\/\/www.padreeustaquio.com.br\/devotos-celebram-entronizacao-das-reliquias-de-padre-eustaquio-em-uberaba-mg\/#breadcrumb","itemListElement":[{"@type":"ListItem","position":1,"name":"In\u00edcio","item":"https:\/\/www.padreeustaquio.com.br\/"},{"@type":"ListItem","position":2,"name":"Devotos celebram Entroniza\u00e7\u00e3o das Rel\u00edquias de Padre Eust\u00e1quio em Uberaba-MG"}]},{"@type":"WebSite","@id":"https:\/\/www.padreeustaquio.com.br\/#website","url":"https:\/\/www.padreeustaquio.com.br\/","name":"FATHER EUST\u00c1QUIO","description":"Health and Peace","publisher":{"@id":"https:\/\/www.padreeustaquio.com.br\/#organization"},"potentialAction":[{"@type":"SearchAction","target":{"@type":"EntryPoint","urlTemplate":"https:\/\/www.padreeustaquio.com.br\/?s={search_term_string}"},"query-input":{"@type":"PropertyValueSpecification","valueRequired":true,"valueName":"search_term_string"}}],"inLanguage":"en-US"},{"@type":"Organization","@id":"https:\/\/www.padreeustaquio.com.br\/#organization","name":"FATHER EUST\u00c1QUIO","url":"https:\/\/www.padreeustaquio.com.br\/","logo":{"@type":"ImageObject","inLanguage":"en-US","@id":"https:\/\/www.padreeustaquio.com.br\/#\/schema\/logo\/image\/","url":"https:\/\/www.padreeustaquio.com.br\/wp-content\/uploads\/2019\/08\/marca.png","contentUrl":"https:\/\/www.padreeustaquio.com.br\/wp-content\/uploads\/2019\/08\/marca.png","width":350,"height":400,"caption":"Padre Eust\u00e1quio"},"image":{"@id":"https:\/\/www.padreeustaquio.com.br\/#\/schema\/logo\/image\/"},"sameAs":["https:\/\/www.facebook.com\/beatopadreeustaquio\/","https:\/\/x.com\/beatopeustaquio","https:\/\/www.instagram.com\/beatopadreeustaquio\/","https:\/\/www.youtube.com\/channel\/UCRhw7vfabnajwLxb1ZXMeIw"]},{"@type":"Person","@id":"https:\/\/www.padreeustaquio.com.br\/#\/schema\/person\/1bbfe7b959f00a655f8ecb6cb8f3ce87","name":"sscc","image":{"@type":"ImageObject","inLanguage":"en-US","@id":"https:\/\/secure.gravatar.com\/avatar\/edddec27f012d36cfa3fce966238219942e4659e87f27ef7b5704f0db7007bec?s=96&d=mm&r=g","url":"https:\/\/secure.gravatar.com\/avatar\/edddec27f012d36cfa3fce966238219942e4659e87f27ef7b5704f0db7007bec?s=96&d=mm&r=g","contentUrl":"https:\/\/secure.gravatar.com\/avatar\/edddec27f012d36cfa3fce966238219942e4659e87f27ef7b5704f0db7007bec?s=96&d=mm&r=g","caption":"sscc"},"url":"https:\/\/www.padreeustaquio.com.br\/en\/author\/userpde\/"}]}},"_links":{"self":[{"href":"https:\/\/www.padreeustaquio.com.br\/en\/wp-json\/wp\/v2\/posts\/3003","targetHints":{"allow":["GET"]}}],"collection":[{"href":"https:\/\/www.padreeustaquio.com.br\/en\/wp-json\/wp\/v2\/posts"}],"about":[{"href":"https:\/\/www.padreeustaquio.com.br\/en\/wp-json\/wp\/v2\/types\/post"}],"author":[{"embeddable":true,"href":"https:\/\/www.padreeustaquio.com.br\/en\/wp-json\/wp\/v2\/users\/6"}],"replies":[{"embeddable":true,"href":"https:\/\/www.padreeustaquio.com.br\/en\/wp-json\/wp\/v2\/comments?post=3003"}],"version-history":[{"count":0,"href":"https:\/\/www.padreeustaquio.com.br\/en\/wp-json\/wp\/v2\/posts\/3003\/revisions"}],"wp:featuredmedia":[{"embeddable":true,"href":"https:\/\/www.padreeustaquio.com.br\/en\/wp-json\/wp\/v2\/media\/3004"}],"wp:attachment":[{"href":"https:\/\/www.padreeustaquio.com.br\/en\/wp-json\/wp\/v2\/media?parent=3003"}],"wp:term":[{"taxonomy":"category","embeddable":true,"href":"https:\/\/www.padreeustaquio.com.br\/en\/wp-json\/wp\/v2\/categories?post=3003"},{"taxonomy":"post_tag","embeddable":true,"href":"https:\/\/www.padreeustaquio.com.br\/en\/wp-json\/wp\/v2\/tags?post=3003"}],"curies":[{"name":"wp","href":"https:\/\/api.w.org\/{rel}","templated":true}]}}