{"id":2997,"date":"2018-11-05T21:09:45","date_gmt":"2018-11-05T23:09:45","guid":{"rendered":"http:\/\/br606.teste.website\/~padre078\/padreeustaquio.com.br\/?p=2997"},"modified":"2019-08-21T21:10:54","modified_gmt":"2019-08-22T00:10:54","slug":"pilgrims-in-minas-gerais-celebrate-blessed-father-eustaquio","status":"publish","type":"post","link":"https:\/\/www.padreeustaquio.com.br\/en\/pilgrims-in-minas-gerais-celebrate-blessed-father-eustaquio\/","title":{"rendered":"Faithful from Romaria-MG celebrate Blessed Father Eust\u00e1quio"},"content":{"rendered":"<p>Last weekend, devotees of Blessed Father Eust\u00e1quio in Romaria-MG, celebrated the religious figure&#039;s birthday with great festivities. The program included masses, food stalls, a walk, and much faith marked the celebrations.<br \/>\nOn October 27th, many people participated in the &quot;Padre Eust\u00e1quio Trail,&quot; a walk that begins in the city of Monte Carmelo and ends 22 kilometers later at the Nossa Senhora da Abadia Sanctuary in Romaria, Minas Gerais.<br \/>\nIt was a walk of more than 4 hours. At the end, the devotees participated in Holy Mass, celebrated in the Oratory dedicated to Blessed Father Eustace.<br \/>\nFrom October 25th to November 2nd, the pilgrims meditated on the Novena dedicated to the Blessed. On the 3rd, the date commemorating the religious figure&#039;s birth (November 3rd, 1890), a grand celebration was held with a Festive Dawn, a Supplication for the Canonization of Father Eust\u00e1quio, a Procession, and a Solemn Mass.<br \/>\nDuring one of the celebrations, the city received two pieces of clothing that belonged to Father Eust\u00e1quio. The relics will be part of the permanent exhibition belonging to the Sanctuary.<\/p>\n<p><strong>Father Eust\u00e1quio in Romaria-MG<\/strong><\/p>\n<p>Father Eust\u00e1quio lived in Romaria, in the Tri\u00e2ngulo Mineiro region, from 1925 to 1935, also serving the parishes of Indian\u00f3polis-MG and Ira\u00ed de Minas-MG. Builder of the current Sanctuary of Our Lady of the Abbey of \u00c1gua Suja, he was transferred to S\u00e3o Paulo amidst protests from his parishioners.<br \/>\nThe parish priest enjoyed such high esteem among his parishioners that when he was transferred, they even besieged the rectory and blocked the town&#039;s roads, tearing out the cattle grids. Even so, to fulfill his new obligation, he set off on foot until he crossed the border of \u00c1gua Suja.<\/p>","protected":false},"excerpt":{"rendered":"<p>No \u00faltimo final de semana, os devotos do Beato Padre Eust\u00e1quio em Romaria-MG, relembraram, com muita festa, o anivers\u00e1rio natal\u00edcio do religioso. Na programa\u00e7\u00e3o, missas, barraquinhas, caminhada e muita f\u00e9 marcaram as comemora\u00e7\u00f5es. No dia 27 de outubro, muitas pessoas participaram do \u201cCaminho de Padre Eust\u00e1quio\u201d, uma caminhada que come\u00e7a na cidade de Monte Carmelo e termina 22 quil\u00f4metros depois, no Santu\u00e1rio Nossa Senhora da Abadia, em Romaria-MG. Foram mais de 4 horas de caminhada. Ao final, os devotos participaram da Santa Missa, celebrada no Orat\u00f3rio dedicado ao Beato Padre Eust\u00e1quio. Do dia 25 de outubro at\u00e9 o dia 02 [&hellip;]<\/p>\n","protected":false},"author":6,"featured_media":2998,"comment_status":"closed","ping_status":"open","sticky":false,"template":"","format":"standard","meta":{"_acf_changed":false,"footnotes":""},"categories":[611],"tags":[],"class_list":["post-2997","post","type-post","status-publish","format-standard","has-post-thumbnail","hentry","category-noticias"],"acf":[],"yoast_head":"<!-- This site is optimized with the Yoast SEO plugin v27.2 - https:\/\/yoast.com\/product\/yoast-seo-wordpress\/ -->\n<title>Fieis de Romaria-MG celebram o Beato Padre Eust\u00e1quio - Padre Eust\u00e1quio<\/title>\n<meta name=\"robots\" content=\"index, follow, max-snippet:-1, max-image-preview:large, max-video-preview:-1\" \/>\n<link rel=\"canonical\" href=\"https:\/\/www.padreeustaquio.com.br\/en\/pilgrims-in-minas-gerais-celebrate-blessed-father-eustaquio\/\" \/>\n<meta property=\"og:locale\" content=\"en_US\" \/>\n<meta property=\"og:type\" content=\"article\" \/>\n<meta property=\"og:title\" content=\"Fieis de Romaria-MG celebram o Beato Padre Eust\u00e1quio - Padre Eust\u00e1quio\" \/>\n<meta property=\"og:description\" content=\"No \u00faltimo final de semana, os devotos do Beato Padre Eust\u00e1quio em Romaria-MG, relembraram, com muita festa, o anivers\u00e1rio natal\u00edcio do religioso. Na programa\u00e7\u00e3o, missas, barraquinhas, caminhada e muita f\u00e9 marcaram as comemora\u00e7\u00f5es. No dia 27 de outubro, muitas pessoas participaram do \u201cCaminho de Padre Eust\u00e1quio\u201d, uma caminhada que come\u00e7a na cidade de Monte Carmelo e termina 22 quil\u00f4metros depois, no Santu\u00e1rio Nossa Senhora da Abadia, em Romaria-MG. Foram mais de 4 horas de caminhada. Ao final, os devotos participaram da Santa Missa, celebrada no Orat\u00f3rio dedicado ao Beato Padre Eust\u00e1quio. Do dia 25 de outubro at\u00e9 o dia 02 [&hellip;]\" \/>\n<meta property=\"og:url\" content=\"https:\/\/www.padreeustaquio.com.br\/en\/pilgrims-in-minas-gerais-celebrate-blessed-father-eustaquio\/\" \/>\n<meta property=\"og:site_name\" content=\"Padre Eust\u00e1quio\" \/>\n<meta property=\"article:publisher\" content=\"https:\/\/www.facebook.com\/beatopadreeustaquio\/\" \/>\n<meta property=\"article:published_time\" content=\"2018-11-05T23:09:45+00:00\" \/>\n<meta property=\"article:modified_time\" content=\"2019-08-22T00:10:54+00:00\" \/>\n<meta property=\"og:image\" content=\"https:\/\/www.padreeustaquio.com.br\/wp-content\/uploads\/2019\/08\/017.jpg\" \/>\n\t<meta property=\"og:image:width\" content=\"659\" \/>\n\t<meta property=\"og:image:height\" content=\"540\" \/>\n\t<meta property=\"og:image:type\" content=\"image\/jpeg\" \/>\n<meta name=\"author\" content=\"sscc\" \/>\n<meta name=\"twitter:card\" content=\"summary_large_image\" \/>\n<meta name=\"twitter:creator\" content=\"@beatopeustaquio\" \/>\n<meta name=\"twitter:site\" content=\"@beatopeustaquio\" \/>\n<meta name=\"twitter:label1\" content=\"Written by\" \/>\n\t<meta name=\"twitter:data1\" content=\"sscc\" \/>\n\t<meta name=\"twitter:label2\" content=\"Est. reading time\" \/>\n\t<meta name=\"twitter:data2\" content=\"1 minute\" \/>\n<script type=\"application\/ld+json\" class=\"yoast-schema-graph\">{\"@context\":\"https:\/\/schema.org\",\"@graph\":[{\"@type\":\"Article\",\"@id\":\"https:\/\/www.padreeustaquio.com.br\/fieis-de-romaria-mg-celebram-o-beato-padre-eustaquio\/#article\",\"isPartOf\":{\"@id\":\"https:\/\/www.padreeustaquio.com.br\/fieis-de-romaria-mg-celebram-o-beato-padre-eustaquio\/\"},\"author\":{\"name\":\"sscc\",\"@id\":\"https:\/\/www.padreeustaquio.com.br\/#\/schema\/person\/1bbfe7b959f00a655f8ecb6cb8f3ce87\"},\"headline\":\"Fieis de Romaria-MG celebram o Beato Padre Eust\u00e1quio\",\"datePublished\":\"2018-11-05T23:09:45+00:00\",\"dateModified\":\"2019-08-22T00:10:54+00:00\",\"mainEntityOfPage\":{\"@id\":\"https:\/\/www.padreeustaquio.com.br\/fieis-de-romaria-mg-celebram-o-beato-padre-eustaquio\/\"},\"wordCount\":301,\"publisher\":{\"@id\":\"https:\/\/www.padreeustaquio.com.br\/#organization\"},\"image\":{\"@id\":\"https:\/\/www.padreeustaquio.com.br\/fieis-de-romaria-mg-celebram-o-beato-padre-eustaquio\/#primaryimage\"},\"thumbnailUrl\":\"https:\/\/www.padreeustaquio.com.br\/wp-content\/uploads\/2019\/08\/017.jpg\",\"articleSection\":[\"Not\u00edcias\"],\"inLanguage\":\"en-US\"},{\"@type\":\"WebPage\",\"@id\":\"https:\/\/www.padreeustaquio.com.br\/fieis-de-romaria-mg-celebram-o-beato-padre-eustaquio\/\",\"url\":\"https:\/\/www.padreeustaquio.com.br\/fieis-de-romaria-mg-celebram-o-beato-padre-eustaquio\/\",\"name\":\"Fieis de Romaria-MG celebram o Beato Padre Eust\u00e1quio - Padre Eust\u00e1quio\",\"isPartOf\":{\"@id\":\"https:\/\/www.padreeustaquio.com.br\/#website\"},\"primaryImageOfPage\":{\"@id\":\"https:\/\/www.padreeustaquio.com.br\/fieis-de-romaria-mg-celebram-o-beato-padre-eustaquio\/#primaryimage\"},\"image\":{\"@id\":\"https:\/\/www.padreeustaquio.com.br\/fieis-de-romaria-mg-celebram-o-beato-padre-eustaquio\/#primaryimage\"},\"thumbnailUrl\":\"https:\/\/www.padreeustaquio.com.br\/wp-content\/uploads\/2019\/08\/017.jpg\",\"datePublished\":\"2018-11-05T23:09:45+00:00\",\"dateModified\":\"2019-08-22T00:10:54+00:00\",\"breadcrumb\":{\"@id\":\"https:\/\/www.padreeustaquio.com.br\/fieis-de-romaria-mg-celebram-o-beato-padre-eustaquio\/#breadcrumb\"},\"inLanguage\":\"en-US\",\"potentialAction\":[{\"@type\":\"ReadAction\",\"target\":[\"https:\/\/www.padreeustaquio.com.br\/fieis-de-romaria-mg-celebram-o-beato-padre-eustaquio\/\"]}]},{\"@type\":\"ImageObject\",\"inLanguage\":\"en-US\",\"@id\":\"https:\/\/www.padreeustaquio.com.br\/fieis-de-romaria-mg-celebram-o-beato-padre-eustaquio\/#primaryimage\",\"url\":\"https:\/\/www.padreeustaquio.com.br\/wp-content\/uploads\/2019\/08\/017.jpg\",\"contentUrl\":\"https:\/\/www.padreeustaquio.com.br\/wp-content\/uploads\/2019\/08\/017.jpg\",\"width\":659,\"height\":540},{\"@type\":\"BreadcrumbList\",\"@id\":\"https:\/\/www.padreeustaquio.com.br\/fieis-de-romaria-mg-celebram-o-beato-padre-eustaquio\/#breadcrumb\",\"itemListElement\":[{\"@type\":\"ListItem\",\"position\":1,\"name\":\"In\u00edcio\",\"item\":\"https:\/\/www.padreeustaquio.com.br\/\"},{\"@type\":\"ListItem\",\"position\":2,\"name\":\"Fieis de Romaria-MG celebram o Beato Padre Eust\u00e1quio\"}]},{\"@type\":\"WebSite\",\"@id\":\"https:\/\/www.padreeustaquio.com.br\/#website\",\"url\":\"https:\/\/www.padreeustaquio.com.br\/\",\"name\":\"Padre Eust\u00e1quio\",\"description\":\"Sa\u00fade e Paz\",\"publisher\":{\"@id\":\"https:\/\/www.padreeustaquio.com.br\/#organization\"},\"potentialAction\":[{\"@type\":\"SearchAction\",\"target\":{\"@type\":\"EntryPoint\",\"urlTemplate\":\"https:\/\/www.padreeustaquio.com.br\/?s={search_term_string}\"},\"query-input\":{\"@type\":\"PropertyValueSpecification\",\"valueRequired\":true,\"valueName\":\"search_term_string\"}}],\"inLanguage\":\"en-US\"},{\"@type\":\"Organization\",\"@id\":\"https:\/\/www.padreeustaquio.com.br\/#organization\",\"name\":\"Padre Eust\u00e1quio\",\"url\":\"https:\/\/www.padreeustaquio.com.br\/\",\"logo\":{\"@type\":\"ImageObject\",\"inLanguage\":\"en-US\",\"@id\":\"https:\/\/www.padreeustaquio.com.br\/#\/schema\/logo\/image\/\",\"url\":\"https:\/\/www.padreeustaquio.com.br\/wp-content\/uploads\/2019\/08\/marca.png\",\"contentUrl\":\"https:\/\/www.padreeustaquio.com.br\/wp-content\/uploads\/2019\/08\/marca.png\",\"width\":350,\"height\":400,\"caption\":\"Padre Eust\u00e1quio\"},\"image\":{\"@id\":\"https:\/\/www.padreeustaquio.com.br\/#\/schema\/logo\/image\/\"},\"sameAs\":[\"https:\/\/www.facebook.com\/beatopadreeustaquio\/\",\"https:\/\/x.com\/beatopeustaquio\",\"https:\/\/www.instagram.com\/beatopadreeustaquio\/\",\"https:\/\/www.youtube.com\/channel\/UCRhw7vfabnajwLxb1ZXMeIw\"]},{\"@type\":\"Person\",\"@id\":\"https:\/\/www.padreeustaquio.com.br\/#\/schema\/person\/1bbfe7b959f00a655f8ecb6cb8f3ce87\",\"name\":\"sscc\",\"image\":{\"@type\":\"ImageObject\",\"inLanguage\":\"en-US\",\"@id\":\"https:\/\/secure.gravatar.com\/avatar\/edddec27f012d36cfa3fce966238219942e4659e87f27ef7b5704f0db7007bec?s=96&d=mm&r=g\",\"url\":\"https:\/\/secure.gravatar.com\/avatar\/edddec27f012d36cfa3fce966238219942e4659e87f27ef7b5704f0db7007bec?s=96&d=mm&r=g\",\"contentUrl\":\"https:\/\/secure.gravatar.com\/avatar\/edddec27f012d36cfa3fce966238219942e4659e87f27ef7b5704f0db7007bec?s=96&d=mm&r=g\",\"caption\":\"sscc\"},\"url\":\"https:\/\/www.padreeustaquio.com.br\/en\/author\/userpde\/\"}]}<\/script>\n<!-- \/ Yoast SEO plugin. -->","yoast_head_json":{"title":"Faithful from Romaria-MG celebrate Blessed Father Eust\u00e1quio - Father Eust\u00e1quio","robots":{"index":"index","follow":"follow","max-snippet":"max-snippet:-1","max-image-preview":"max-image-preview:large","max-video-preview":"max-video-preview:-1"},"canonical":"https:\/\/www.padreeustaquio.com.br\/en\/pilgrims-in-minas-gerais-celebrate-blessed-father-eustaquio\/","og_locale":"en_US","og_type":"article","og_title":"Fieis de Romaria-MG celebram o Beato Padre Eust\u00e1quio - Padre Eust\u00e1quio","og_description":"No \u00faltimo final de semana, os devotos do Beato Padre Eust\u00e1quio em Romaria-MG, relembraram, com muita festa, o anivers\u00e1rio natal\u00edcio do religioso. Na programa\u00e7\u00e3o, missas, barraquinhas, caminhada e muita f\u00e9 marcaram as comemora\u00e7\u00f5es. No dia 27 de outubro, muitas pessoas participaram do \u201cCaminho de Padre Eust\u00e1quio\u201d, uma caminhada que come\u00e7a na cidade de Monte Carmelo e termina 22 quil\u00f4metros depois, no Santu\u00e1rio Nossa Senhora da Abadia, em Romaria-MG. Foram mais de 4 horas de caminhada. Ao final, os devotos participaram da Santa Missa, celebrada no Orat\u00f3rio dedicado ao Beato Padre Eust\u00e1quio. Do dia 25 de outubro at\u00e9 o dia 02 [&hellip;]","og_url":"https:\/\/www.padreeustaquio.com.br\/en\/pilgrims-in-minas-gerais-celebrate-blessed-father-eustaquio\/","og_site_name":"Padre Eust\u00e1quio","article_publisher":"https:\/\/www.facebook.com\/beatopadreeustaquio\/","article_published_time":"2018-11-05T23:09:45+00:00","article_modified_time":"2019-08-22T00:10:54+00:00","og_image":[{"width":659,"height":540,"url":"https:\/\/www.padreeustaquio.com.br\/wp-content\/uploads\/2019\/08\/017.jpg","type":"image\/jpeg"}],"author":"sscc","twitter_card":"summary_large_image","twitter_creator":"@beatopeustaquio","twitter_site":"@beatopeustaquio","twitter_misc":{"Written by":"sscc","Est. reading time":"1 minute"},"schema":{"@context":"https:\/\/schema.org","@graph":[{"@type":"Article","@id":"https:\/\/www.padreeustaquio.com.br\/fieis-de-romaria-mg-celebram-o-beato-padre-eustaquio\/#article","isPartOf":{"@id":"https:\/\/www.padreeustaquio.com.br\/fieis-de-romaria-mg-celebram-o-beato-padre-eustaquio\/"},"author":{"name":"sscc","@id":"https:\/\/www.padreeustaquio.com.br\/#\/schema\/person\/1bbfe7b959f00a655f8ecb6cb8f3ce87"},"headline":"Fieis de Romaria-MG celebram o Beato Padre Eust\u00e1quio","datePublished":"2018-11-05T23:09:45+00:00","dateModified":"2019-08-22T00:10:54+00:00","mainEntityOfPage":{"@id":"https:\/\/www.padreeustaquio.com.br\/fieis-de-romaria-mg-celebram-o-beato-padre-eustaquio\/"},"wordCount":301,"publisher":{"@id":"https:\/\/www.padreeustaquio.com.br\/#organization"},"image":{"@id":"https:\/\/www.padreeustaquio.com.br\/fieis-de-romaria-mg-celebram-o-beato-padre-eustaquio\/#primaryimage"},"thumbnailUrl":"https:\/\/www.padreeustaquio.com.br\/wp-content\/uploads\/2019\/08\/017.jpg","articleSection":["Not\u00edcias"],"inLanguage":"en-US"},{"@type":"WebPage","@id":"https:\/\/www.padreeustaquio.com.br\/fieis-de-romaria-mg-celebram-o-beato-padre-eustaquio\/","url":"https:\/\/www.padreeustaquio.com.br\/fieis-de-romaria-mg-celebram-o-beato-padre-eustaquio\/","name":"Faithful from Romaria-MG celebrate Blessed Father Eust\u00e1quio - Father Eust\u00e1quio","isPartOf":{"@id":"https:\/\/www.padreeustaquio.com.br\/#website"},"primaryImageOfPage":{"@id":"https:\/\/www.padreeustaquio.com.br\/fieis-de-romaria-mg-celebram-o-beato-padre-eustaquio\/#primaryimage"},"image":{"@id":"https:\/\/www.padreeustaquio.com.br\/fieis-de-romaria-mg-celebram-o-beato-padre-eustaquio\/#primaryimage"},"thumbnailUrl":"https:\/\/www.padreeustaquio.com.br\/wp-content\/uploads\/2019\/08\/017.jpg","datePublished":"2018-11-05T23:09:45+00:00","dateModified":"2019-08-22T00:10:54+00:00","breadcrumb":{"@id":"https:\/\/www.padreeustaquio.com.br\/fieis-de-romaria-mg-celebram-o-beato-padre-eustaquio\/#breadcrumb"},"inLanguage":"en-US","potentialAction":[{"@type":"ReadAction","target":["https:\/\/www.padreeustaquio.com.br\/fieis-de-romaria-mg-celebram-o-beato-padre-eustaquio\/"]}]},{"@type":"ImageObject","inLanguage":"en-US","@id":"https:\/\/www.padreeustaquio.com.br\/fieis-de-romaria-mg-celebram-o-beato-padre-eustaquio\/#primaryimage","url":"https:\/\/www.padreeustaquio.com.br\/wp-content\/uploads\/2019\/08\/017.jpg","contentUrl":"https:\/\/www.padreeustaquio.com.br\/wp-content\/uploads\/2019\/08\/017.jpg","width":659,"height":540},{"@type":"BreadcrumbList","@id":"https:\/\/www.padreeustaquio.com.br\/fieis-de-romaria-mg-celebram-o-beato-padre-eustaquio\/#breadcrumb","itemListElement":[{"@type":"ListItem","position":1,"name":"In\u00edcio","item":"https:\/\/www.padreeustaquio.com.br\/"},{"@type":"ListItem","position":2,"name":"Fieis de Romaria-MG celebram o Beato Padre Eust\u00e1quio"}]},{"@type":"WebSite","@id":"https:\/\/www.padreeustaquio.com.br\/#website","url":"https:\/\/www.padreeustaquio.com.br\/","name":"FATHER EUST\u00c1QUIO","description":"Health and Peace","publisher":{"@id":"https:\/\/www.padreeustaquio.com.br\/#organization"},"potentialAction":[{"@type":"SearchAction","target":{"@type":"EntryPoint","urlTemplate":"https:\/\/www.padreeustaquio.com.br\/?s={search_term_string}"},"query-input":{"@type":"PropertyValueSpecification","valueRequired":true,"valueName":"search_term_string"}}],"inLanguage":"en-US"},{"@type":"Organization","@id":"https:\/\/www.padreeustaquio.com.br\/#organization","name":"FATHER EUST\u00c1QUIO","url":"https:\/\/www.padreeustaquio.com.br\/","logo":{"@type":"ImageObject","inLanguage":"en-US","@id":"https:\/\/www.padreeustaquio.com.br\/#\/schema\/logo\/image\/","url":"https:\/\/www.padreeustaquio.com.br\/wp-content\/uploads\/2019\/08\/marca.png","contentUrl":"https:\/\/www.padreeustaquio.com.br\/wp-content\/uploads\/2019\/08\/marca.png","width":350,"height":400,"caption":"Padre Eust\u00e1quio"},"image":{"@id":"https:\/\/www.padreeustaquio.com.br\/#\/schema\/logo\/image\/"},"sameAs":["https:\/\/www.facebook.com\/beatopadreeustaquio\/","https:\/\/x.com\/beatopeustaquio","https:\/\/www.instagram.com\/beatopadreeustaquio\/","https:\/\/www.youtube.com\/channel\/UCRhw7vfabnajwLxb1ZXMeIw"]},{"@type":"Person","@id":"https:\/\/www.padreeustaquio.com.br\/#\/schema\/person\/1bbfe7b959f00a655f8ecb6cb8f3ce87","name":"sscc","image":{"@type":"ImageObject","inLanguage":"en-US","@id":"https:\/\/secure.gravatar.com\/avatar\/edddec27f012d36cfa3fce966238219942e4659e87f27ef7b5704f0db7007bec?s=96&d=mm&r=g","url":"https:\/\/secure.gravatar.com\/avatar\/edddec27f012d36cfa3fce966238219942e4659e87f27ef7b5704f0db7007bec?s=96&d=mm&r=g","contentUrl":"https:\/\/secure.gravatar.com\/avatar\/edddec27f012d36cfa3fce966238219942e4659e87f27ef7b5704f0db7007bec?s=96&d=mm&r=g","caption":"sscc"},"url":"https:\/\/www.padreeustaquio.com.br\/en\/author\/userpde\/"}]}},"_links":{"self":[{"href":"https:\/\/www.padreeustaquio.com.br\/en\/wp-json\/wp\/v2\/posts\/2997","targetHints":{"allow":["GET"]}}],"collection":[{"href":"https:\/\/www.padreeustaquio.com.br\/en\/wp-json\/wp\/v2\/posts"}],"about":[{"href":"https:\/\/www.padreeustaquio.com.br\/en\/wp-json\/wp\/v2\/types\/post"}],"author":[{"embeddable":true,"href":"https:\/\/www.padreeustaquio.com.br\/en\/wp-json\/wp\/v2\/users\/6"}],"replies":[{"embeddable":true,"href":"https:\/\/www.padreeustaquio.com.br\/en\/wp-json\/wp\/v2\/comments?post=2997"}],"version-history":[{"count":0,"href":"https:\/\/www.padreeustaquio.com.br\/en\/wp-json\/wp\/v2\/posts\/2997\/revisions"}],"wp:featuredmedia":[{"embeddable":true,"href":"https:\/\/www.padreeustaquio.com.br\/en\/wp-json\/wp\/v2\/media\/2998"}],"wp:attachment":[{"href":"https:\/\/www.padreeustaquio.com.br\/en\/wp-json\/wp\/v2\/media?parent=2997"}],"wp:term":[{"taxonomy":"category","embeddable":true,"href":"https:\/\/www.padreeustaquio.com.br\/en\/wp-json\/wp\/v2\/categories?post=2997"},{"taxonomy":"post_tag","embeddable":true,"href":"https:\/\/www.padreeustaquio.com.br\/en\/wp-json\/wp\/v2\/tags?post=2997"}],"curies":[{"name":"wp","href":"https:\/\/api.w.org\/{rel}","templated":true}]}}