{"id":2989,"date":"2018-10-26T21:00:31","date_gmt":"2018-10-27T00:00:31","guid":{"rendered":"http:\/\/br606.teste.website\/~padre078\/padreeustaquio.com.br\/?p=2989"},"modified":"2019-08-21T21:04:28","modified_gmt":"2019-08-22T00:04:28","slug":"the-padre-eustaquio-store-team-is-present-at-a-national-meeting","status":"publish","type":"post","link":"https:\/\/www.padreeustaquio.com.br\/en\/the-padre-eustaquio-store-team-is-present-at-a-national-meeting\/","title":{"rendered":"The Padre Eust\u00e1quio Store team is present at the National Meeting."},"content":{"rendered":"<p><img fetchpriority=\"high\" decoding=\"async\" class=\"alignleft wp-image-2990\" src=\"http:\/\/br606.teste.website\/~padre078\/padreeustaquio.com.br\/wp-content\/uploads\/2019\/08\/0015.jpg\" alt=\"\" width=\"350\" height=\"264\" srcset=\"https:\/\/www.padreeustaquio.com.br\/wp-content\/uploads\/2019\/08\/0015.jpg 702w, https:\/\/www.padreeustaquio.com.br\/wp-content\/uploads\/2019\/08\/0015-300x226.jpg 300w, https:\/\/www.padreeustaquio.com.br\/wp-content\/uploads\/2019\/08\/0015-180x135.jpg 180w, https:\/\/www.padreeustaquio.com.br\/wp-content\/uploads\/2019\/08\/0015-400x300.jpg 400w, https:\/\/www.padreeustaquio.com.br\/wp-content\/uploads\/2019\/08\/0015-600x450.jpg 600w\" sizes=\"(max-width: 350px) 100vw, 350px\" \/>The team from the Padre Eust\u00e1quio Store in Belo Horizonte traveled to the coast of Esp\u00edrito Santo to participate in the National Meeting of Senior Citizens (Dedo de Prosa da Melhor Idade). The event is being held in Guarapari, Esp\u00edrito Santo, and has approximately 1,200 participants. The vice-postulation group is participating in the meeting&#039;s activities and taking the opportunity to present various devotional materials and objects bearing the image of Blessed Father Eust\u00e1quio to the public. The idea is to spread the message of the Dutch missionary to those who do not yet know him.<\/p>\n<p>Among the team members is Father Vin\u00edcius Maciel, SSCC, Vice-Postulator of the Cause. He is the celebrant who leads all the prayer sessions during the Encounter.<\/p>\n<p>Last Thursday, October 25, 2018, the store team received a visit from the parish priest of the Blessed Father Eustace Parish in Guarapari, Father Jacqueson Pimentel. The priest stopped by and took the opportunity to see his friends.<\/p>\n<p><strong>THE MEETING<\/strong><\/p>\n<p>The Dedo de Prosa National Meeting is a major event promoted by Dedo de Prosa Produ\u00e7\u00f5es, with a varied program that includes musical performances by nationally renowned artists such as Banda Chama Chuva, Os Incr\u00edveis, Luiz Air\u00e3o, Martinha, and Altemar Dutra, among others.<\/p>\n<p>Each event features a combination of dances, workshops, various recreational activities, a children&#039;s train ride, a fireworks display, a craft fair, stands, and lectures, among other things. This year, the event is being held at Sesc Guarapari.<\/p>\n<p>Source: Vice-candidacy with information from\u00a0<em>programadedodeprosa.com.br<\/em><\/p>","protected":false},"excerpt":{"rendered":"<p>A equipe da Loja Padre Eust\u00e1quio, de Belo Horizonte, viajou para o litoral capixaba, onde participa do Encontro Nacional Dedo de Prosa da Melhor Idade. O evento est\u00e1 sendo realizado em Guarapari, no Esp\u00edrito Santo, e conta com cerca de 1.200 participantes. O grupo da vice-postula\u00e7\u00e3o participa das atividades do Encontro e aproveita o momento para apresentar ao p\u00fablico v\u00e1rios materiais e objetos de devo\u00e7\u00e3o que levam a imagem do Beato Padre Eust\u00e1quio. A ideia \u00e9 divulgar a mensagem do Mission\u00e1rio holand\u00eas \u00e0queles que ainda n\u00e3o o conhecem. Dentre os integrantes da equipe, est\u00e1 o Padre Vin\u00edcius Maciel, SSCC, Vice-postulador [&hellip;]<\/p>\n","protected":false},"author":6,"featured_media":2992,"comment_status":"closed","ping_status":"open","sticky":false,"template":"","format":"standard","meta":{"_acf_changed":false,"footnotes":""},"categories":[611],"tags":[],"class_list":["post-2989","post","type-post","status-publish","format-standard","has-post-thumbnail","hentry","category-noticias"],"acf":[],"yoast_head":"<!-- This site is optimized with the Yoast SEO plugin v27.2 - https:\/\/yoast.com\/product\/yoast-seo-wordpress\/ -->\n<title>Equipe da Loja Padre Eust\u00e1quio marca presen\u00e7a em Encontro Nacional - Padre Eust\u00e1quio<\/title>\n<meta name=\"robots\" content=\"index, follow, max-snippet:-1, max-image-preview:large, max-video-preview:-1\" \/>\n<link rel=\"canonical\" href=\"https:\/\/www.padreeustaquio.com.br\/en\/the-padre-eustaquio-store-team-is-present-at-a-national-meeting\/\" \/>\n<meta property=\"og:locale\" content=\"en_US\" \/>\n<meta property=\"og:type\" content=\"article\" \/>\n<meta property=\"og:title\" content=\"Equipe da Loja Padre Eust\u00e1quio marca presen\u00e7a em Encontro Nacional - Padre Eust\u00e1quio\" \/>\n<meta property=\"og:description\" content=\"A equipe da Loja Padre Eust\u00e1quio, de Belo Horizonte, viajou para o litoral capixaba, onde participa do Encontro Nacional Dedo de Prosa da Melhor Idade. O evento est\u00e1 sendo realizado em Guarapari, no Esp\u00edrito Santo, e conta com cerca de 1.200 participantes. O grupo da vice-postula\u00e7\u00e3o participa das atividades do Encontro e aproveita o momento para apresentar ao p\u00fablico v\u00e1rios materiais e objetos de devo\u00e7\u00e3o que levam a imagem do Beato Padre Eust\u00e1quio. A ideia \u00e9 divulgar a mensagem do Mission\u00e1rio holand\u00eas \u00e0queles que ainda n\u00e3o o conhecem. Dentre os integrantes da equipe, est\u00e1 o Padre Vin\u00edcius Maciel, SSCC, Vice-postulador [&hellip;]\" \/>\n<meta property=\"og:url\" content=\"https:\/\/www.padreeustaquio.com.br\/en\/the-padre-eustaquio-store-team-is-present-at-a-national-meeting\/\" \/>\n<meta property=\"og:site_name\" content=\"Padre Eust\u00e1quio\" \/>\n<meta property=\"article:publisher\" content=\"https:\/\/www.facebook.com\/beatopadreeustaquio\/\" \/>\n<meta property=\"article:published_time\" content=\"2018-10-27T00:00:31+00:00\" \/>\n<meta property=\"article:modified_time\" content=\"2019-08-22T00:04:28+00:00\" \/>\n<meta property=\"og:image\" content=\"https:\/\/www.padreeustaquio.com.br\/wp-content\/uploads\/2018\/10\/00150.jpg\" \/>\n\t<meta property=\"og:image:width\" content=\"800\" \/>\n\t<meta property=\"og:image:height\" content=\"487\" \/>\n\t<meta property=\"og:image:type\" content=\"image\/jpeg\" \/>\n<meta name=\"author\" content=\"sscc\" \/>\n<meta name=\"twitter:card\" content=\"summary_large_image\" \/>\n<meta name=\"twitter:creator\" content=\"@beatopeustaquio\" \/>\n<meta name=\"twitter:site\" content=\"@beatopeustaquio\" \/>\n<meta name=\"twitter:label1\" content=\"Written by\" \/>\n\t<meta name=\"twitter:data1\" content=\"sscc\" \/>\n\t<meta name=\"twitter:label2\" content=\"Est. reading time\" \/>\n\t<meta name=\"twitter:data2\" content=\"1 minute\" \/>\n<script type=\"application\/ld+json\" class=\"yoast-schema-graph\">{\"@context\":\"https:\/\/schema.org\",\"@graph\":[{\"@type\":\"Article\",\"@id\":\"https:\/\/www.padreeustaquio.com.br\/equipe-da-loja-padre-eustaquio-marca-presenca-em-encontro-nacional\/#article\",\"isPartOf\":{\"@id\":\"https:\/\/www.padreeustaquio.com.br\/equipe-da-loja-padre-eustaquio-marca-presenca-em-encontro-nacional\/\"},\"author\":{\"name\":\"sscc\",\"@id\":\"https:\/\/www.padreeustaquio.com.br\/#\/schema\/person\/1bbfe7b959f00a655f8ecb6cb8f3ce87\"},\"headline\":\"Equipe da Loja Padre Eust\u00e1quio marca presen\u00e7a em Encontro Nacional\",\"datePublished\":\"2018-10-27T00:00:31+00:00\",\"dateModified\":\"2019-08-22T00:04:28+00:00\",\"mainEntityOfPage\":{\"@id\":\"https:\/\/www.padreeustaquio.com.br\/equipe-da-loja-padre-eustaquio-marca-presenca-em-encontro-nacional\/\"},\"wordCount\":272,\"publisher\":{\"@id\":\"https:\/\/www.padreeustaquio.com.br\/#organization\"},\"image\":{\"@id\":\"https:\/\/www.padreeustaquio.com.br\/equipe-da-loja-padre-eustaquio-marca-presenca-em-encontro-nacional\/#primaryimage\"},\"thumbnailUrl\":\"https:\/\/www.padreeustaquio.com.br\/wp-content\/uploads\/2018\/10\/00150.jpg\",\"articleSection\":[\"Not\u00edcias\"],\"inLanguage\":\"en-US\"},{\"@type\":\"WebPage\",\"@id\":\"https:\/\/www.padreeustaquio.com.br\/equipe-da-loja-padre-eustaquio-marca-presenca-em-encontro-nacional\/\",\"url\":\"https:\/\/www.padreeustaquio.com.br\/equipe-da-loja-padre-eustaquio-marca-presenca-em-encontro-nacional\/\",\"name\":\"Equipe da Loja Padre Eust\u00e1quio marca presen\u00e7a em Encontro Nacional - Padre Eust\u00e1quio\",\"isPartOf\":{\"@id\":\"https:\/\/www.padreeustaquio.com.br\/#website\"},\"primaryImageOfPage\":{\"@id\":\"https:\/\/www.padreeustaquio.com.br\/equipe-da-loja-padre-eustaquio-marca-presenca-em-encontro-nacional\/#primaryimage\"},\"image\":{\"@id\":\"https:\/\/www.padreeustaquio.com.br\/equipe-da-loja-padre-eustaquio-marca-presenca-em-encontro-nacional\/#primaryimage\"},\"thumbnailUrl\":\"https:\/\/www.padreeustaquio.com.br\/wp-content\/uploads\/2018\/10\/00150.jpg\",\"datePublished\":\"2018-10-27T00:00:31+00:00\",\"dateModified\":\"2019-08-22T00:04:28+00:00\",\"breadcrumb\":{\"@id\":\"https:\/\/www.padreeustaquio.com.br\/equipe-da-loja-padre-eustaquio-marca-presenca-em-encontro-nacional\/#breadcrumb\"},\"inLanguage\":\"en-US\",\"potentialAction\":[{\"@type\":\"ReadAction\",\"target\":[\"https:\/\/www.padreeustaquio.com.br\/equipe-da-loja-padre-eustaquio-marca-presenca-em-encontro-nacional\/\"]}]},{\"@type\":\"ImageObject\",\"inLanguage\":\"en-US\",\"@id\":\"https:\/\/www.padreeustaquio.com.br\/equipe-da-loja-padre-eustaquio-marca-presenca-em-encontro-nacional\/#primaryimage\",\"url\":\"https:\/\/www.padreeustaquio.com.br\/wp-content\/uploads\/2018\/10\/00150.jpg\",\"contentUrl\":\"https:\/\/www.padreeustaquio.com.br\/wp-content\/uploads\/2018\/10\/00150.jpg\",\"width\":800,\"height\":487},{\"@type\":\"BreadcrumbList\",\"@id\":\"https:\/\/www.padreeustaquio.com.br\/equipe-da-loja-padre-eustaquio-marca-presenca-em-encontro-nacional\/#breadcrumb\",\"itemListElement\":[{\"@type\":\"ListItem\",\"position\":1,\"name\":\"In\u00edcio\",\"item\":\"https:\/\/www.padreeustaquio.com.br\/\"},{\"@type\":\"ListItem\",\"position\":2,\"name\":\"Equipe da Loja Padre Eust\u00e1quio marca presen\u00e7a em Encontro Nacional\"}]},{\"@type\":\"WebSite\",\"@id\":\"https:\/\/www.padreeustaquio.com.br\/#website\",\"url\":\"https:\/\/www.padreeustaquio.com.br\/\",\"name\":\"Padre Eust\u00e1quio\",\"description\":\"Sa\u00fade e Paz\",\"publisher\":{\"@id\":\"https:\/\/www.padreeustaquio.com.br\/#organization\"},\"potentialAction\":[{\"@type\":\"SearchAction\",\"target\":{\"@type\":\"EntryPoint\",\"urlTemplate\":\"https:\/\/www.padreeustaquio.com.br\/?s={search_term_string}\"},\"query-input\":{\"@type\":\"PropertyValueSpecification\",\"valueRequired\":true,\"valueName\":\"search_term_string\"}}],\"inLanguage\":\"en-US\"},{\"@type\":\"Organization\",\"@id\":\"https:\/\/www.padreeustaquio.com.br\/#organization\",\"name\":\"Padre Eust\u00e1quio\",\"url\":\"https:\/\/www.padreeustaquio.com.br\/\",\"logo\":{\"@type\":\"ImageObject\",\"inLanguage\":\"en-US\",\"@id\":\"https:\/\/www.padreeustaquio.com.br\/#\/schema\/logo\/image\/\",\"url\":\"https:\/\/www.padreeustaquio.com.br\/wp-content\/uploads\/2019\/08\/marca.png\",\"contentUrl\":\"https:\/\/www.padreeustaquio.com.br\/wp-content\/uploads\/2019\/08\/marca.png\",\"width\":350,\"height\":400,\"caption\":\"Padre Eust\u00e1quio\"},\"image\":{\"@id\":\"https:\/\/www.padreeustaquio.com.br\/#\/schema\/logo\/image\/\"},\"sameAs\":[\"https:\/\/www.facebook.com\/beatopadreeustaquio\/\",\"https:\/\/x.com\/beatopeustaquio\",\"https:\/\/www.instagram.com\/beatopadreeustaquio\/\",\"https:\/\/www.youtube.com\/channel\/UCRhw7vfabnajwLxb1ZXMeIw\"]},{\"@type\":\"Person\",\"@id\":\"https:\/\/www.padreeustaquio.com.br\/#\/schema\/person\/1bbfe7b959f00a655f8ecb6cb8f3ce87\",\"name\":\"sscc\",\"image\":{\"@type\":\"ImageObject\",\"inLanguage\":\"en-US\",\"@id\":\"https:\/\/secure.gravatar.com\/avatar\/edddec27f012d36cfa3fce966238219942e4659e87f27ef7b5704f0db7007bec?s=96&d=mm&r=g\",\"url\":\"https:\/\/secure.gravatar.com\/avatar\/edddec27f012d36cfa3fce966238219942e4659e87f27ef7b5704f0db7007bec?s=96&d=mm&r=g\",\"contentUrl\":\"https:\/\/secure.gravatar.com\/avatar\/edddec27f012d36cfa3fce966238219942e4659e87f27ef7b5704f0db7007bec?s=96&d=mm&r=g\",\"caption\":\"sscc\"},\"url\":\"https:\/\/www.padreeustaquio.com.br\/en\/author\/userpde\/\"}]}<\/script>\n<!-- \/ Yoast SEO plugin. -->","yoast_head_json":{"title":"Padre Eust\u00e1quio Store Team Presents at National Meeting - Padre Eust\u00e1quio","robots":{"index":"index","follow":"follow","max-snippet":"max-snippet:-1","max-image-preview":"max-image-preview:large","max-video-preview":"max-video-preview:-1"},"canonical":"https:\/\/www.padreeustaquio.com.br\/en\/the-padre-eustaquio-store-team-is-present-at-a-national-meeting\/","og_locale":"en_US","og_type":"article","og_title":"Equipe da Loja Padre Eust\u00e1quio marca presen\u00e7a em Encontro Nacional - Padre Eust\u00e1quio","og_description":"A equipe da Loja Padre Eust\u00e1quio, de Belo Horizonte, viajou para o litoral capixaba, onde participa do Encontro Nacional Dedo de Prosa da Melhor Idade. O evento est\u00e1 sendo realizado em Guarapari, no Esp\u00edrito Santo, e conta com cerca de 1.200 participantes. O grupo da vice-postula\u00e7\u00e3o participa das atividades do Encontro e aproveita o momento para apresentar ao p\u00fablico v\u00e1rios materiais e objetos de devo\u00e7\u00e3o que levam a imagem do Beato Padre Eust\u00e1quio. A ideia \u00e9 divulgar a mensagem do Mission\u00e1rio holand\u00eas \u00e0queles que ainda n\u00e3o o conhecem. Dentre os integrantes da equipe, est\u00e1 o Padre Vin\u00edcius Maciel, SSCC, Vice-postulador [&hellip;]","og_url":"https:\/\/www.padreeustaquio.com.br\/en\/the-padre-eustaquio-store-team-is-present-at-a-national-meeting\/","og_site_name":"Padre Eust\u00e1quio","article_publisher":"https:\/\/www.facebook.com\/beatopadreeustaquio\/","article_published_time":"2018-10-27T00:00:31+00:00","article_modified_time":"2019-08-22T00:04:28+00:00","og_image":[{"width":800,"height":487,"url":"https:\/\/www.padreeustaquio.com.br\/wp-content\/uploads\/2018\/10\/00150.jpg","type":"image\/jpeg"}],"author":"sscc","twitter_card":"summary_large_image","twitter_creator":"@beatopeustaquio","twitter_site":"@beatopeustaquio","twitter_misc":{"Written by":"sscc","Est. reading time":"1 minute"},"schema":{"@context":"https:\/\/schema.org","@graph":[{"@type":"Article","@id":"https:\/\/www.padreeustaquio.com.br\/equipe-da-loja-padre-eustaquio-marca-presenca-em-encontro-nacional\/#article","isPartOf":{"@id":"https:\/\/www.padreeustaquio.com.br\/equipe-da-loja-padre-eustaquio-marca-presenca-em-encontro-nacional\/"},"author":{"name":"sscc","@id":"https:\/\/www.padreeustaquio.com.br\/#\/schema\/person\/1bbfe7b959f00a655f8ecb6cb8f3ce87"},"headline":"Equipe da Loja Padre Eust\u00e1quio marca presen\u00e7a em Encontro Nacional","datePublished":"2018-10-27T00:00:31+00:00","dateModified":"2019-08-22T00:04:28+00:00","mainEntityOfPage":{"@id":"https:\/\/www.padreeustaquio.com.br\/equipe-da-loja-padre-eustaquio-marca-presenca-em-encontro-nacional\/"},"wordCount":272,"publisher":{"@id":"https:\/\/www.padreeustaquio.com.br\/#organization"},"image":{"@id":"https:\/\/www.padreeustaquio.com.br\/equipe-da-loja-padre-eustaquio-marca-presenca-em-encontro-nacional\/#primaryimage"},"thumbnailUrl":"https:\/\/www.padreeustaquio.com.br\/wp-content\/uploads\/2018\/10\/00150.jpg","articleSection":["Not\u00edcias"],"inLanguage":"en-US"},{"@type":"WebPage","@id":"https:\/\/www.padreeustaquio.com.br\/equipe-da-loja-padre-eustaquio-marca-presenca-em-encontro-nacional\/","url":"https:\/\/www.padreeustaquio.com.br\/equipe-da-loja-padre-eustaquio-marca-presenca-em-encontro-nacional\/","name":"Padre Eust\u00e1quio Store Team Presents at National Meeting - Padre Eust\u00e1quio","isPartOf":{"@id":"https:\/\/www.padreeustaquio.com.br\/#website"},"primaryImageOfPage":{"@id":"https:\/\/www.padreeustaquio.com.br\/equipe-da-loja-padre-eustaquio-marca-presenca-em-encontro-nacional\/#primaryimage"},"image":{"@id":"https:\/\/www.padreeustaquio.com.br\/equipe-da-loja-padre-eustaquio-marca-presenca-em-encontro-nacional\/#primaryimage"},"thumbnailUrl":"https:\/\/www.padreeustaquio.com.br\/wp-content\/uploads\/2018\/10\/00150.jpg","datePublished":"2018-10-27T00:00:31+00:00","dateModified":"2019-08-22T00:04:28+00:00","breadcrumb":{"@id":"https:\/\/www.padreeustaquio.com.br\/equipe-da-loja-padre-eustaquio-marca-presenca-em-encontro-nacional\/#breadcrumb"},"inLanguage":"en-US","potentialAction":[{"@type":"ReadAction","target":["https:\/\/www.padreeustaquio.com.br\/equipe-da-loja-padre-eustaquio-marca-presenca-em-encontro-nacional\/"]}]},{"@type":"ImageObject","inLanguage":"en-US","@id":"https:\/\/www.padreeustaquio.com.br\/equipe-da-loja-padre-eustaquio-marca-presenca-em-encontro-nacional\/#primaryimage","url":"https:\/\/www.padreeustaquio.com.br\/wp-content\/uploads\/2018\/10\/00150.jpg","contentUrl":"https:\/\/www.padreeustaquio.com.br\/wp-content\/uploads\/2018\/10\/00150.jpg","width":800,"height":487},{"@type":"BreadcrumbList","@id":"https:\/\/www.padreeustaquio.com.br\/equipe-da-loja-padre-eustaquio-marca-presenca-em-encontro-nacional\/#breadcrumb","itemListElement":[{"@type":"ListItem","position":1,"name":"In\u00edcio","item":"https:\/\/www.padreeustaquio.com.br\/"},{"@type":"ListItem","position":2,"name":"Equipe da Loja Padre Eust\u00e1quio marca presen\u00e7a em Encontro Nacional"}]},{"@type":"WebSite","@id":"https:\/\/www.padreeustaquio.com.br\/#website","url":"https:\/\/www.padreeustaquio.com.br\/","name":"FATHER EUST\u00c1QUIO","description":"Health and Peace","publisher":{"@id":"https:\/\/www.padreeustaquio.com.br\/#organization"},"potentialAction":[{"@type":"SearchAction","target":{"@type":"EntryPoint","urlTemplate":"https:\/\/www.padreeustaquio.com.br\/?s={search_term_string}"},"query-input":{"@type":"PropertyValueSpecification","valueRequired":true,"valueName":"search_term_string"}}],"inLanguage":"en-US"},{"@type":"Organization","@id":"https:\/\/www.padreeustaquio.com.br\/#organization","name":"FATHER EUST\u00c1QUIO","url":"https:\/\/www.padreeustaquio.com.br\/","logo":{"@type":"ImageObject","inLanguage":"en-US","@id":"https:\/\/www.padreeustaquio.com.br\/#\/schema\/logo\/image\/","url":"https:\/\/www.padreeustaquio.com.br\/wp-content\/uploads\/2019\/08\/marca.png","contentUrl":"https:\/\/www.padreeustaquio.com.br\/wp-content\/uploads\/2019\/08\/marca.png","width":350,"height":400,"caption":"Padre Eust\u00e1quio"},"image":{"@id":"https:\/\/www.padreeustaquio.com.br\/#\/schema\/logo\/image\/"},"sameAs":["https:\/\/www.facebook.com\/beatopadreeustaquio\/","https:\/\/x.com\/beatopeustaquio","https:\/\/www.instagram.com\/beatopadreeustaquio\/","https:\/\/www.youtube.com\/channel\/UCRhw7vfabnajwLxb1ZXMeIw"]},{"@type":"Person","@id":"https:\/\/www.padreeustaquio.com.br\/#\/schema\/person\/1bbfe7b959f00a655f8ecb6cb8f3ce87","name":"sscc","image":{"@type":"ImageObject","inLanguage":"en-US","@id":"https:\/\/secure.gravatar.com\/avatar\/edddec27f012d36cfa3fce966238219942e4659e87f27ef7b5704f0db7007bec?s=96&d=mm&r=g","url":"https:\/\/secure.gravatar.com\/avatar\/edddec27f012d36cfa3fce966238219942e4659e87f27ef7b5704f0db7007bec?s=96&d=mm&r=g","contentUrl":"https:\/\/secure.gravatar.com\/avatar\/edddec27f012d36cfa3fce966238219942e4659e87f27ef7b5704f0db7007bec?s=96&d=mm&r=g","caption":"sscc"},"url":"https:\/\/www.padreeustaquio.com.br\/en\/author\/userpde\/"}]}},"_links":{"self":[{"href":"https:\/\/www.padreeustaquio.com.br\/en\/wp-json\/wp\/v2\/posts\/2989","targetHints":{"allow":["GET"]}}],"collection":[{"href":"https:\/\/www.padreeustaquio.com.br\/en\/wp-json\/wp\/v2\/posts"}],"about":[{"href":"https:\/\/www.padreeustaquio.com.br\/en\/wp-json\/wp\/v2\/types\/post"}],"author":[{"embeddable":true,"href":"https:\/\/www.padreeustaquio.com.br\/en\/wp-json\/wp\/v2\/users\/6"}],"replies":[{"embeddable":true,"href":"https:\/\/www.padreeustaquio.com.br\/en\/wp-json\/wp\/v2\/comments?post=2989"}],"version-history":[{"count":0,"href":"https:\/\/www.padreeustaquio.com.br\/en\/wp-json\/wp\/v2\/posts\/2989\/revisions"}],"wp:featuredmedia":[{"embeddable":true,"href":"https:\/\/www.padreeustaquio.com.br\/en\/wp-json\/wp\/v2\/media\/2992"}],"wp:attachment":[{"href":"https:\/\/www.padreeustaquio.com.br\/en\/wp-json\/wp\/v2\/media?parent=2989"}],"wp:term":[{"taxonomy":"category","embeddable":true,"href":"https:\/\/www.padreeustaquio.com.br\/en\/wp-json\/wp\/v2\/categories?post=2989"},{"taxonomy":"post_tag","embeddable":true,"href":"https:\/\/www.padreeustaquio.com.br\/en\/wp-json\/wp\/v2\/tags?post=2989"}],"curies":[{"name":"wp","href":"https:\/\/api.w.org\/{rel}","templated":true}]}}