{"id":2985,"date":"2018-10-19T20:54:34","date_gmt":"2018-10-19T23:54:34","guid":{"rendered":"http:\/\/br606.teste.website\/~padre078\/padreeustaquio.com.br\/?p=2985"},"modified":"2019-08-21T20:55:16","modified_gmt":"2019-08-21T23:55:16","slug":"dom-joaquim-mol-visits-the-padre-eustaquio-memorial-in-belo-horizonte","status":"publish","type":"post","link":"https:\/\/www.padreeustaquio.com.br\/en\/dom-joaquim-mol-visits-the-padre-eustaquio-memorial-in-belo-horizonte\/","title":{"rendered":"Bishop Joaquim Mol visits the Padre Eust\u00e1quio Memorial in Belo Horizonte."},"content":{"rendered":"<p>The Auxiliary Bishop of Belo Horizonte and Rector of PUC Minas, Dom Joaquim Giovani Mol Guimar\u00e3es, visited the Sanctuary of Health and Peace in the capital of Minas Gerais. During his visit, the bishop presided over a celebration at the Sanctuary and, immediately afterwards, visited the Padre Eust\u00e1quio Memorial, where the relics of the Blessed Father Eust\u00e1quio are kept. Dom Joaquim demonstrated his deep affection and admiration for Blessed Father Eust\u00e1quio and even took a photo holding an image of the Dutch priest.<\/p>\n<p><strong>DOM JOAQUIM MOL<\/strong><\/p>\n<p>Dom Joaquim Giovani Mol Guimar\u00e3es was born in Ponte Nova, Minas Gerais, on January 6, 1960. He is currently an auxiliary bishop of the Archdiocese of Belo Horizonte, Rector of the Pontifical Catholic University of Minas Gerais, and President of the Episcopal Pastoral Commission for Culture and Education of the CNBB (National Conference of Bishops of Brazil).<\/p>\n<p>The son of Jos\u00e9 Mol Guimar\u00e3es and Edna Mol Guimar\u00e3es, the second of seven siblings, he entered the novitiate of the Salesian Congregation in 1979 in Barbacena, and made his religious profession in January 1980. Until 1982 he studied for a degree in Philosophy at PUC-MG. In 1983 and 1984, he lived at the Dom Bosco College in Arax\u00e1 and at the Sacred Heart of Jesus Parish in Goi\u00e2nia. In 1985 he began his studies in Theology, which he also pursued at the Pontifical Catholic University of Minas Gerais, completing them in 1988. He was ordained a deacon at the end of 1987 by Bishop Jo\u00e3o Resende Costa at the Cristo Luz dos Povos Parish in Belo Horizonte, and received priestly ordination on July 16, 1988, by Bishop Irineu Danelon in Ponte Nova.<\/p>\n<p>On February 11, 2006, Pope Benedict XVI appointed him titular bishop of Galtelli and auxiliary bishop of the Archdiocese of Belo Horizonte. He was ordained a bishop on March 25 of the same year by Dom Walmor Oliveira de Azevedo.<\/p>","protected":false},"excerpt":{"rendered":"<p>O Bispo auxiliar de Belo Horizonte e Reitor da PUC Minas, Dom Joaquim Giovani Mol Guimar\u00e3es, visitou o Santu\u00e1rio da Sa\u00fade e da Paz, na capital mineira. Na ocasi\u00e3o o bispo presidiu uma celebra\u00e7\u00e3o no Santu\u00e1rio e, logo em seguida, visitou o Memorial Padre Eust\u00e1quio, onde se encontram as rel\u00edquias do Beato. Dom Joaquim demonstrou todo o carinho e admira\u00e7\u00e3o pelo Beato Padre Eust\u00e1quio e ainda tirou uma foto segurando a imagem do padre holand\u00eas DOM JOAQUIM MOL Dom Joaquim Giovani Mol Guimar\u00e3es, nasceu em Ponte Nova-MG, no dia 6 de janeiro de 1960. Atualmente \u00e9 bispo auxiliar da Arquidiocese [&hellip;]<\/p>\n","protected":false},"author":6,"featured_media":2986,"comment_status":"closed","ping_status":"open","sticky":false,"template":"","format":"standard","meta":{"_acf_changed":false,"footnotes":""},"categories":[611],"tags":[],"class_list":["post-2985","post","type-post","status-publish","format-standard","has-post-thumbnail","hentry","category-noticias"],"acf":[],"yoast_head":"<!-- This site is optimized with the Yoast SEO plugin v27.2 - https:\/\/yoast.com\/product\/yoast-seo-wordpress\/ -->\n<title>Dom Joaquim Mol visita o Memorial Padre Eust\u00e1quio, em BH - Padre Eust\u00e1quio<\/title>\n<meta name=\"robots\" content=\"index, follow, max-snippet:-1, max-image-preview:large, max-video-preview:-1\" \/>\n<link rel=\"canonical\" href=\"https:\/\/www.padreeustaquio.com.br\/en\/dom-joaquim-mol-visits-the-padre-eustaquio-memorial-in-belo-horizonte\/\" \/>\n<meta property=\"og:locale\" content=\"en_US\" \/>\n<meta property=\"og:type\" content=\"article\" \/>\n<meta property=\"og:title\" content=\"Dom Joaquim Mol visita o Memorial Padre Eust\u00e1quio, em BH - Padre Eust\u00e1quio\" \/>\n<meta property=\"og:description\" content=\"O Bispo auxiliar de Belo Horizonte e Reitor da PUC Minas, Dom Joaquim Giovani Mol Guimar\u00e3es, visitou o Santu\u00e1rio da Sa\u00fade e da Paz, na capital mineira. Na ocasi\u00e3o o bispo presidiu uma celebra\u00e7\u00e3o no Santu\u00e1rio e, logo em seguida, visitou o Memorial Padre Eust\u00e1quio, onde se encontram as rel\u00edquias do Beato. Dom Joaquim demonstrou todo o carinho e admira\u00e7\u00e3o pelo Beato Padre Eust\u00e1quio e ainda tirou uma foto segurando a imagem do padre holand\u00eas DOM JOAQUIM MOL Dom Joaquim Giovani Mol Guimar\u00e3es, nasceu em Ponte Nova-MG, no dia 6 de janeiro de 1960. Atualmente \u00e9 bispo auxiliar da Arquidiocese [&hellip;]\" \/>\n<meta property=\"og:url\" content=\"https:\/\/www.padreeustaquio.com.br\/en\/dom-joaquim-mol-visits-the-padre-eustaquio-memorial-in-belo-horizonte\/\" \/>\n<meta property=\"og:site_name\" content=\"Padre Eust\u00e1quio\" \/>\n<meta property=\"article:publisher\" content=\"https:\/\/www.facebook.com\/beatopadreeustaquio\/\" \/>\n<meta property=\"article:published_time\" content=\"2018-10-19T23:54:34+00:00\" \/>\n<meta property=\"article:modified_time\" content=\"2019-08-21T23:55:16+00:00\" \/>\n<meta property=\"og:image\" content=\"https:\/\/www.padreeustaquio.com.br\/wp-content\/uploads\/2019\/08\/014.jpg\" \/>\n\t<meta property=\"og:image:width\" content=\"886\" \/>\n\t<meta property=\"og:image:height\" content=\"591\" \/>\n\t<meta property=\"og:image:type\" content=\"image\/jpeg\" \/>\n<meta name=\"author\" content=\"sscc\" \/>\n<meta name=\"twitter:card\" content=\"summary_large_image\" \/>\n<meta name=\"twitter:creator\" content=\"@beatopeustaquio\" \/>\n<meta name=\"twitter:site\" content=\"@beatopeustaquio\" \/>\n<meta name=\"twitter:label1\" content=\"Written by\" \/>\n\t<meta name=\"twitter:data1\" content=\"sscc\" \/>\n\t<meta name=\"twitter:label2\" content=\"Est. reading time\" \/>\n\t<meta name=\"twitter:data2\" content=\"2 minutes\" \/>\n<script type=\"application\/ld+json\" class=\"yoast-schema-graph\">{\"@context\":\"https:\/\/schema.org\",\"@graph\":[{\"@type\":\"Article\",\"@id\":\"https:\/\/www.padreeustaquio.com.br\/dom-joaquim-mol-visita-o-memorial-padre-eustaquio-em-bh\/#article\",\"isPartOf\":{\"@id\":\"https:\/\/www.padreeustaquio.com.br\/dom-joaquim-mol-visita-o-memorial-padre-eustaquio-em-bh\/\"},\"author\":{\"name\":\"sscc\",\"@id\":\"https:\/\/www.padreeustaquio.com.br\/#\/schema\/person\/1bbfe7b959f00a655f8ecb6cb8f3ce87\"},\"headline\":\"Dom Joaquim Mol visita o Memorial Padre Eust\u00e1quio, em BH\",\"datePublished\":\"2018-10-19T23:54:34+00:00\",\"dateModified\":\"2019-08-21T23:55:16+00:00\",\"mainEntityOfPage\":{\"@id\":\"https:\/\/www.padreeustaquio.com.br\/dom-joaquim-mol-visita-o-memorial-padre-eustaquio-em-bh\/\"},\"wordCount\":320,\"publisher\":{\"@id\":\"https:\/\/www.padreeustaquio.com.br\/#organization\"},\"image\":{\"@id\":\"https:\/\/www.padreeustaquio.com.br\/dom-joaquim-mol-visita-o-memorial-padre-eustaquio-em-bh\/#primaryimage\"},\"thumbnailUrl\":\"https:\/\/www.padreeustaquio.com.br\/wp-content\/uploads\/2019\/08\/014.jpg\",\"articleSection\":[\"Not\u00edcias\"],\"inLanguage\":\"en-US\"},{\"@type\":\"WebPage\",\"@id\":\"https:\/\/www.padreeustaquio.com.br\/dom-joaquim-mol-visita-o-memorial-padre-eustaquio-em-bh\/\",\"url\":\"https:\/\/www.padreeustaquio.com.br\/dom-joaquim-mol-visita-o-memorial-padre-eustaquio-em-bh\/\",\"name\":\"Dom Joaquim Mol visita o Memorial Padre Eust\u00e1quio, em BH - Padre Eust\u00e1quio\",\"isPartOf\":{\"@id\":\"https:\/\/www.padreeustaquio.com.br\/#website\"},\"primaryImageOfPage\":{\"@id\":\"https:\/\/www.padreeustaquio.com.br\/dom-joaquim-mol-visita-o-memorial-padre-eustaquio-em-bh\/#primaryimage\"},\"image\":{\"@id\":\"https:\/\/www.padreeustaquio.com.br\/dom-joaquim-mol-visita-o-memorial-padre-eustaquio-em-bh\/#primaryimage\"},\"thumbnailUrl\":\"https:\/\/www.padreeustaquio.com.br\/wp-content\/uploads\/2019\/08\/014.jpg\",\"datePublished\":\"2018-10-19T23:54:34+00:00\",\"dateModified\":\"2019-08-21T23:55:16+00:00\",\"breadcrumb\":{\"@id\":\"https:\/\/www.padreeustaquio.com.br\/dom-joaquim-mol-visita-o-memorial-padre-eustaquio-em-bh\/#breadcrumb\"},\"inLanguage\":\"en-US\",\"potentialAction\":[{\"@type\":\"ReadAction\",\"target\":[\"https:\/\/www.padreeustaquio.com.br\/dom-joaquim-mol-visita-o-memorial-padre-eustaquio-em-bh\/\"]}]},{\"@type\":\"ImageObject\",\"inLanguage\":\"en-US\",\"@id\":\"https:\/\/www.padreeustaquio.com.br\/dom-joaquim-mol-visita-o-memorial-padre-eustaquio-em-bh\/#primaryimage\",\"url\":\"https:\/\/www.padreeustaquio.com.br\/wp-content\/uploads\/2019\/08\/014.jpg\",\"contentUrl\":\"https:\/\/www.padreeustaquio.com.br\/wp-content\/uploads\/2019\/08\/014.jpg\",\"width\":886,\"height\":591},{\"@type\":\"BreadcrumbList\",\"@id\":\"https:\/\/www.padreeustaquio.com.br\/dom-joaquim-mol-visita-o-memorial-padre-eustaquio-em-bh\/#breadcrumb\",\"itemListElement\":[{\"@type\":\"ListItem\",\"position\":1,\"name\":\"In\u00edcio\",\"item\":\"https:\/\/www.padreeustaquio.com.br\/\"},{\"@type\":\"ListItem\",\"position\":2,\"name\":\"Dom Joaquim Mol visita o Memorial Padre Eust\u00e1quio, em BH\"}]},{\"@type\":\"WebSite\",\"@id\":\"https:\/\/www.padreeustaquio.com.br\/#website\",\"url\":\"https:\/\/www.padreeustaquio.com.br\/\",\"name\":\"Padre Eust\u00e1quio\",\"description\":\"Sa\u00fade e Paz\",\"publisher\":{\"@id\":\"https:\/\/www.padreeustaquio.com.br\/#organization\"},\"potentialAction\":[{\"@type\":\"SearchAction\",\"target\":{\"@type\":\"EntryPoint\",\"urlTemplate\":\"https:\/\/www.padreeustaquio.com.br\/?s={search_term_string}\"},\"query-input\":{\"@type\":\"PropertyValueSpecification\",\"valueRequired\":true,\"valueName\":\"search_term_string\"}}],\"inLanguage\":\"en-US\"},{\"@type\":\"Organization\",\"@id\":\"https:\/\/www.padreeustaquio.com.br\/#organization\",\"name\":\"Padre Eust\u00e1quio\",\"url\":\"https:\/\/www.padreeustaquio.com.br\/\",\"logo\":{\"@type\":\"ImageObject\",\"inLanguage\":\"en-US\",\"@id\":\"https:\/\/www.padreeustaquio.com.br\/#\/schema\/logo\/image\/\",\"url\":\"https:\/\/www.padreeustaquio.com.br\/wp-content\/uploads\/2019\/08\/marca.png\",\"contentUrl\":\"https:\/\/www.padreeustaquio.com.br\/wp-content\/uploads\/2019\/08\/marca.png\",\"width\":350,\"height\":400,\"caption\":\"Padre Eust\u00e1quio\"},\"image\":{\"@id\":\"https:\/\/www.padreeustaquio.com.br\/#\/schema\/logo\/image\/\"},\"sameAs\":[\"https:\/\/www.facebook.com\/beatopadreeustaquio\/\",\"https:\/\/x.com\/beatopeustaquio\",\"https:\/\/www.instagram.com\/beatopadreeustaquio\/\",\"https:\/\/www.youtube.com\/channel\/UCRhw7vfabnajwLxb1ZXMeIw\"]},{\"@type\":\"Person\",\"@id\":\"https:\/\/www.padreeustaquio.com.br\/#\/schema\/person\/1bbfe7b959f00a655f8ecb6cb8f3ce87\",\"name\":\"sscc\",\"image\":{\"@type\":\"ImageObject\",\"inLanguage\":\"en-US\",\"@id\":\"https:\/\/secure.gravatar.com\/avatar\/edddec27f012d36cfa3fce966238219942e4659e87f27ef7b5704f0db7007bec?s=96&d=mm&r=g\",\"url\":\"https:\/\/secure.gravatar.com\/avatar\/edddec27f012d36cfa3fce966238219942e4659e87f27ef7b5704f0db7007bec?s=96&d=mm&r=g\",\"contentUrl\":\"https:\/\/secure.gravatar.com\/avatar\/edddec27f012d36cfa3fce966238219942e4659e87f27ef7b5704f0db7007bec?s=96&d=mm&r=g\",\"caption\":\"sscc\"},\"url\":\"https:\/\/www.padreeustaquio.com.br\/en\/author\/userpde\/\"}]}<\/script>\n<!-- \/ Yoast SEO plugin. -->","yoast_head_json":{"title":"Bishop Joaquim Mol visits the Padre Eust\u00e1quio Memorial in Belo Horizonte - Padre Eust\u00e1quio","robots":{"index":"index","follow":"follow","max-snippet":"max-snippet:-1","max-image-preview":"max-image-preview:large","max-video-preview":"max-video-preview:-1"},"canonical":"https:\/\/www.padreeustaquio.com.br\/en\/dom-joaquim-mol-visits-the-padre-eustaquio-memorial-in-belo-horizonte\/","og_locale":"en_US","og_type":"article","og_title":"Dom Joaquim Mol visita o Memorial Padre Eust\u00e1quio, em BH - Padre Eust\u00e1quio","og_description":"O Bispo auxiliar de Belo Horizonte e Reitor da PUC Minas, Dom Joaquim Giovani Mol Guimar\u00e3es, visitou o Santu\u00e1rio da Sa\u00fade e da Paz, na capital mineira. Na ocasi\u00e3o o bispo presidiu uma celebra\u00e7\u00e3o no Santu\u00e1rio e, logo em seguida, visitou o Memorial Padre Eust\u00e1quio, onde se encontram as rel\u00edquias do Beato. Dom Joaquim demonstrou todo o carinho e admira\u00e7\u00e3o pelo Beato Padre Eust\u00e1quio e ainda tirou uma foto segurando a imagem do padre holand\u00eas DOM JOAQUIM MOL Dom Joaquim Giovani Mol Guimar\u00e3es, nasceu em Ponte Nova-MG, no dia 6 de janeiro de 1960. Atualmente \u00e9 bispo auxiliar da Arquidiocese [&hellip;]","og_url":"https:\/\/www.padreeustaquio.com.br\/en\/dom-joaquim-mol-visits-the-padre-eustaquio-memorial-in-belo-horizonte\/","og_site_name":"Padre Eust\u00e1quio","article_publisher":"https:\/\/www.facebook.com\/beatopadreeustaquio\/","article_published_time":"2018-10-19T23:54:34+00:00","article_modified_time":"2019-08-21T23:55:16+00:00","og_image":[{"width":886,"height":591,"url":"https:\/\/www.padreeustaquio.com.br\/wp-content\/uploads\/2019\/08\/014.jpg","type":"image\/jpeg"}],"author":"sscc","twitter_card":"summary_large_image","twitter_creator":"@beatopeustaquio","twitter_site":"@beatopeustaquio","twitter_misc":{"Written by":"sscc","Est. reading time":"2 minutes"},"schema":{"@context":"https:\/\/schema.org","@graph":[{"@type":"Article","@id":"https:\/\/www.padreeustaquio.com.br\/dom-joaquim-mol-visita-o-memorial-padre-eustaquio-em-bh\/#article","isPartOf":{"@id":"https:\/\/www.padreeustaquio.com.br\/dom-joaquim-mol-visita-o-memorial-padre-eustaquio-em-bh\/"},"author":{"name":"sscc","@id":"https:\/\/www.padreeustaquio.com.br\/#\/schema\/person\/1bbfe7b959f00a655f8ecb6cb8f3ce87"},"headline":"Dom Joaquim Mol visita o Memorial Padre Eust\u00e1quio, em BH","datePublished":"2018-10-19T23:54:34+00:00","dateModified":"2019-08-21T23:55:16+00:00","mainEntityOfPage":{"@id":"https:\/\/www.padreeustaquio.com.br\/dom-joaquim-mol-visita-o-memorial-padre-eustaquio-em-bh\/"},"wordCount":320,"publisher":{"@id":"https:\/\/www.padreeustaquio.com.br\/#organization"},"image":{"@id":"https:\/\/www.padreeustaquio.com.br\/dom-joaquim-mol-visita-o-memorial-padre-eustaquio-em-bh\/#primaryimage"},"thumbnailUrl":"https:\/\/www.padreeustaquio.com.br\/wp-content\/uploads\/2019\/08\/014.jpg","articleSection":["Not\u00edcias"],"inLanguage":"en-US"},{"@type":"WebPage","@id":"https:\/\/www.padreeustaquio.com.br\/dom-joaquim-mol-visita-o-memorial-padre-eustaquio-em-bh\/","url":"https:\/\/www.padreeustaquio.com.br\/dom-joaquim-mol-visita-o-memorial-padre-eustaquio-em-bh\/","name":"Bishop Joaquim Mol visits the Padre Eust\u00e1quio Memorial in Belo Horizonte - Padre Eust\u00e1quio","isPartOf":{"@id":"https:\/\/www.padreeustaquio.com.br\/#website"},"primaryImageOfPage":{"@id":"https:\/\/www.padreeustaquio.com.br\/dom-joaquim-mol-visita-o-memorial-padre-eustaquio-em-bh\/#primaryimage"},"image":{"@id":"https:\/\/www.padreeustaquio.com.br\/dom-joaquim-mol-visita-o-memorial-padre-eustaquio-em-bh\/#primaryimage"},"thumbnailUrl":"https:\/\/www.padreeustaquio.com.br\/wp-content\/uploads\/2019\/08\/014.jpg","datePublished":"2018-10-19T23:54:34+00:00","dateModified":"2019-08-21T23:55:16+00:00","breadcrumb":{"@id":"https:\/\/www.padreeustaquio.com.br\/dom-joaquim-mol-visita-o-memorial-padre-eustaquio-em-bh\/#breadcrumb"},"inLanguage":"en-US","potentialAction":[{"@type":"ReadAction","target":["https:\/\/www.padreeustaquio.com.br\/dom-joaquim-mol-visita-o-memorial-padre-eustaquio-em-bh\/"]}]},{"@type":"ImageObject","inLanguage":"en-US","@id":"https:\/\/www.padreeustaquio.com.br\/dom-joaquim-mol-visita-o-memorial-padre-eustaquio-em-bh\/#primaryimage","url":"https:\/\/www.padreeustaquio.com.br\/wp-content\/uploads\/2019\/08\/014.jpg","contentUrl":"https:\/\/www.padreeustaquio.com.br\/wp-content\/uploads\/2019\/08\/014.jpg","width":886,"height":591},{"@type":"BreadcrumbList","@id":"https:\/\/www.padreeustaquio.com.br\/dom-joaquim-mol-visita-o-memorial-padre-eustaquio-em-bh\/#breadcrumb","itemListElement":[{"@type":"ListItem","position":1,"name":"In\u00edcio","item":"https:\/\/www.padreeustaquio.com.br\/"},{"@type":"ListItem","position":2,"name":"Dom Joaquim Mol visita o Memorial Padre Eust\u00e1quio, em BH"}]},{"@type":"WebSite","@id":"https:\/\/www.padreeustaquio.com.br\/#website","url":"https:\/\/www.padreeustaquio.com.br\/","name":"FATHER EUST\u00c1QUIO","description":"Health and Peace","publisher":{"@id":"https:\/\/www.padreeustaquio.com.br\/#organization"},"potentialAction":[{"@type":"SearchAction","target":{"@type":"EntryPoint","urlTemplate":"https:\/\/www.padreeustaquio.com.br\/?s={search_term_string}"},"query-input":{"@type":"PropertyValueSpecification","valueRequired":true,"valueName":"search_term_string"}}],"inLanguage":"en-US"},{"@type":"Organization","@id":"https:\/\/www.padreeustaquio.com.br\/#organization","name":"FATHER EUST\u00c1QUIO","url":"https:\/\/www.padreeustaquio.com.br\/","logo":{"@type":"ImageObject","inLanguage":"en-US","@id":"https:\/\/www.padreeustaquio.com.br\/#\/schema\/logo\/image\/","url":"https:\/\/www.padreeustaquio.com.br\/wp-content\/uploads\/2019\/08\/marca.png","contentUrl":"https:\/\/www.padreeustaquio.com.br\/wp-content\/uploads\/2019\/08\/marca.png","width":350,"height":400,"caption":"Padre Eust\u00e1quio"},"image":{"@id":"https:\/\/www.padreeustaquio.com.br\/#\/schema\/logo\/image\/"},"sameAs":["https:\/\/www.facebook.com\/beatopadreeustaquio\/","https:\/\/x.com\/beatopeustaquio","https:\/\/www.instagram.com\/beatopadreeustaquio\/","https:\/\/www.youtube.com\/channel\/UCRhw7vfabnajwLxb1ZXMeIw"]},{"@type":"Person","@id":"https:\/\/www.padreeustaquio.com.br\/#\/schema\/person\/1bbfe7b959f00a655f8ecb6cb8f3ce87","name":"sscc","image":{"@type":"ImageObject","inLanguage":"en-US","@id":"https:\/\/secure.gravatar.com\/avatar\/edddec27f012d36cfa3fce966238219942e4659e87f27ef7b5704f0db7007bec?s=96&d=mm&r=g","url":"https:\/\/secure.gravatar.com\/avatar\/edddec27f012d36cfa3fce966238219942e4659e87f27ef7b5704f0db7007bec?s=96&d=mm&r=g","contentUrl":"https:\/\/secure.gravatar.com\/avatar\/edddec27f012d36cfa3fce966238219942e4659e87f27ef7b5704f0db7007bec?s=96&d=mm&r=g","caption":"sscc"},"url":"https:\/\/www.padreeustaquio.com.br\/en\/author\/userpde\/"}]}},"_links":{"self":[{"href":"https:\/\/www.padreeustaquio.com.br\/en\/wp-json\/wp\/v2\/posts\/2985","targetHints":{"allow":["GET"]}}],"collection":[{"href":"https:\/\/www.padreeustaquio.com.br\/en\/wp-json\/wp\/v2\/posts"}],"about":[{"href":"https:\/\/www.padreeustaquio.com.br\/en\/wp-json\/wp\/v2\/types\/post"}],"author":[{"embeddable":true,"href":"https:\/\/www.padreeustaquio.com.br\/en\/wp-json\/wp\/v2\/users\/6"}],"replies":[{"embeddable":true,"href":"https:\/\/www.padreeustaquio.com.br\/en\/wp-json\/wp\/v2\/comments?post=2985"}],"version-history":[{"count":0,"href":"https:\/\/www.padreeustaquio.com.br\/en\/wp-json\/wp\/v2\/posts\/2985\/revisions"}],"wp:featuredmedia":[{"embeddable":true,"href":"https:\/\/www.padreeustaquio.com.br\/en\/wp-json\/wp\/v2\/media\/2986"}],"wp:attachment":[{"href":"https:\/\/www.padreeustaquio.com.br\/en\/wp-json\/wp\/v2\/media?parent=2985"}],"wp:term":[{"taxonomy":"category","embeddable":true,"href":"https:\/\/www.padreeustaquio.com.br\/en\/wp-json\/wp\/v2\/categories?post=2985"},{"taxonomy":"post_tag","embeddable":true,"href":"https:\/\/www.padreeustaquio.com.br\/en\/wp-json\/wp\/v2\/tags?post=2985"}],"curies":[{"name":"wp","href":"https:\/\/api.w.org\/{rel}","templated":true}]}}