{"id":2982,"date":"2018-09-28T20:49:57","date_gmt":"2018-09-28T23:49:57","guid":{"rendered":"http:\/\/br606.teste.website\/~padre078\/padreeustaquio.com.br\/?p=2982"},"modified":"2019-08-21T20:50:32","modified_gmt":"2019-08-21T23:50:32","slug":"religious-members-of-the-villaregia-community-in-belo-horizonte-visit-the-sanctuary-of-health-and-peace","status":"publish","type":"post","link":"https:\/\/www.padreeustaquio.com.br\/en\/religious-members-of-the-villaregia-community-in-belo-horizonte-visit-the-sanctuary-of-health-and-peace\/","title":{"rendered":"Religious members of the Villaregia Community in Belo Horizonte visit the Sanctuary of Health and Peace."},"content":{"rendered":"<p>This Thursday, September 27th, 16 religious members of the Villaregia Missionary Community in Belo Horizonte spent the day on retreat at the Sanctuary of Health and Peace.<\/p>\n<p>They arrived early and were welcomed by the vice-postulator of the cause of Canonization, Father Marcus Vin\u00edcius Maciel, SSCC, who spoke a little more about the life and history of Father Eust\u00e1quio. Afterwards, the community members visited the Father Eust\u00e1quio Memorial. There, they held moments of reflection and prayer around the relics of the Dutch religious figure. The visitors also explored other areas of the Sanctuary and participated in the 12 noon Holy Mass.<\/p>\n<p><strong>The Missionary Community of Villaregia<\/strong><\/p>\n<p>CMV is a work of the Catholic Church, founded in 1981 and recognized by the Holy See. It was established by Father Luigi Prandin and Maria Luigia Corona with a group of young people eager to dedicate themselves to God in evangelization, living a community life open to mission.<\/p>\n<p>On September 8, 1981, it was recognized by His Excellency Most Reverend Dom Sennen Corr\u00e0, then Bishop of Chioggia, as a Pious Union of worship and religion. On March 25, 1984, by virtue of the new Code of Canon Law, the same Bishop of Chioggia erected the Community as a Public Association of the Faithful of diocesan right. On May 26, 2002, the Pontifical Council for the Laity erected the Missionary Community of Villaregia as a Public Association of the Faithful of pontifical right. On May 26, 2007, the same Dicastery definitively approved the Statutes, after a five-year trial period.<\/p>\n<p><strong>The Gift of God:<\/strong>\u00a0Being a Community for the mission ad gentes, trusting in Providence. Community, Mission, and Providence: three pillars that sustain a life together, given to our brothers and sisters. The active members joyfully adhere to these pillars in fidelity to God&#039;s plan, with a renewed awareness each day that He is the architect of history. God&#039;s Gift is also a task, a commitment to be responsibly undertaken and constantly renewed in service to the Church and humanity.<\/p>\n<p><strong>Biblical foundation:<\/strong>\u00a0\u201c&quot;As you, Father, are in me and I in you, may they also be in us, so that the world may believe&quot; (John 17:21).<\/p>\n<p><strong>The members:<\/strong>\u00a0They are distinguished into full (ordained) members; associate members and sympathizers.<\/p>\n<p><strong>Presence in Europe,<\/strong>\u00a07 Communities: Quartu Sant&#039;Elena (CA); Villaregia (RO); Nola (NA); Pordenone; Pomegranate; Lonato (BS); Imola (BO).<br \/>\n<strong>Presence in America<\/strong>, 5 Communities: Belo Horizonte and S\u00e3o Paulo (Brazil); Lima (Peru); Arecibo (Puerto Rico); Texcoco (Mexico).<br \/>\n<strong>Presence in Africa,<\/strong>\u00a02 communities: Yopougon (Ivory Coast), Maputo (Mozambique).<\/p>\n<p>Source: Press Office for the Canonization of Father Eust\u00e1quio, with information from the website: cmv.it<\/p>","protected":false},"excerpt":{"rendered":"<p>Nesta quinta-feira, dia 27 de setembro, 16 religiosos da Comunidade Mission\u00e1ria Villaregia, em Belo Horizonte, passaram o dia em retiro no Santu\u00e1rio da Sa\u00fade e da Paz. Eles chegaram logo cedo e foram acolhidos pelo vice-postulador da causa de Canoniza\u00e7\u00e3o, Padre Marcus Vin\u00edcius Maciel, SSCC, que falou um pouco mais sobre a vida e a hist\u00f3ria de Padre Eust\u00e1quio. Em seguida, os membros da comunidade visitaram o Memorial de Padre Eust\u00e1quio. Por l\u00e1, eles promoveram momentos de reflex\u00e3o e ora\u00e7\u00e3o em torno das rel\u00edquias do religioso holand\u00eas. Os visitantes tamb\u00e9m conheceram outros pontos do Santu\u00e1rio e participaram da Santa Missa [&hellip;]<\/p>\n","protected":false},"author":6,"featured_media":2983,"comment_status":"closed","ping_status":"open","sticky":false,"template":"","format":"standard","meta":{"_acf_changed":false,"footnotes":""},"categories":[611],"tags":[],"class_list":["post-2982","post","type-post","status-publish","format-standard","has-post-thumbnail","hentry","category-noticias"],"acf":[],"yoast_head":"<!-- This site is optimized with the Yoast SEO plugin v27.2 - https:\/\/yoast.com\/product\/yoast-seo-wordpress\/ -->\n<title>Religiosos da Comunidade Villaregia, em BH, visitam Santu\u00e1rio da Sa\u00fade e da Paz - Padre Eust\u00e1quio<\/title>\n<meta name=\"robots\" content=\"index, follow, max-snippet:-1, max-image-preview:large, max-video-preview:-1\" \/>\n<link rel=\"canonical\" href=\"https:\/\/www.padreeustaquio.com.br\/en\/religious-members-of-the-villaregia-community-in-belo-horizonte-visit-the-sanctuary-of-health-and-peace\/\" \/>\n<meta property=\"og:locale\" content=\"en_US\" \/>\n<meta property=\"og:type\" content=\"article\" \/>\n<meta property=\"og:title\" content=\"Religiosos da Comunidade Villaregia, em BH, visitam Santu\u00e1rio da Sa\u00fade e da Paz - Padre Eust\u00e1quio\" \/>\n<meta property=\"og:description\" content=\"Nesta quinta-feira, dia 27 de setembro, 16 religiosos da Comunidade Mission\u00e1ria Villaregia, em Belo Horizonte, passaram o dia em retiro no Santu\u00e1rio da Sa\u00fade e da Paz. Eles chegaram logo cedo e foram acolhidos pelo vice-postulador da causa de Canoniza\u00e7\u00e3o, Padre Marcus Vin\u00edcius Maciel, SSCC, que falou um pouco mais sobre a vida e a hist\u00f3ria de Padre Eust\u00e1quio. Em seguida, os membros da comunidade visitaram o Memorial de Padre Eust\u00e1quio. Por l\u00e1, eles promoveram momentos de reflex\u00e3o e ora\u00e7\u00e3o em torno das rel\u00edquias do religioso holand\u00eas. Os visitantes tamb\u00e9m conheceram outros pontos do Santu\u00e1rio e participaram da Santa Missa [&hellip;]\" \/>\n<meta property=\"og:url\" content=\"https:\/\/www.padreeustaquio.com.br\/en\/religious-members-of-the-villaregia-community-in-belo-horizonte-visit-the-sanctuary-of-health-and-peace\/\" \/>\n<meta property=\"og:site_name\" content=\"Padre Eust\u00e1quio\" \/>\n<meta property=\"article:publisher\" content=\"https:\/\/www.facebook.com\/beatopadreeustaquio\/\" \/>\n<meta property=\"article:published_time\" content=\"2018-09-28T23:49:57+00:00\" \/>\n<meta property=\"article:modified_time\" content=\"2019-08-21T23:50:32+00:00\" \/>\n<meta property=\"og:image\" content=\"https:\/\/www.padreeustaquio.com.br\/wp-content\/uploads\/2019\/08\/013.jpg\" \/>\n\t<meta property=\"og:image:width\" content=\"960\" \/>\n\t<meta property=\"og:image:height\" content=\"614\" \/>\n\t<meta property=\"og:image:type\" content=\"image\/jpeg\" \/>\n<meta name=\"author\" content=\"sscc\" \/>\n<meta name=\"twitter:card\" content=\"summary_large_image\" \/>\n<meta name=\"twitter:creator\" content=\"@beatopeustaquio\" \/>\n<meta name=\"twitter:site\" content=\"@beatopeustaquio\" \/>\n<meta name=\"twitter:label1\" content=\"Written by\" \/>\n\t<meta name=\"twitter:data1\" content=\"sscc\" \/>\n\t<meta name=\"twitter:label2\" content=\"Est. reading time\" \/>\n\t<meta name=\"twitter:data2\" content=\"2 minutes\" \/>\n<script type=\"application\/ld+json\" class=\"yoast-schema-graph\">{\"@context\":\"https:\/\/schema.org\",\"@graph\":[{\"@type\":\"Article\",\"@id\":\"https:\/\/www.padreeustaquio.com.br\/religiosos-da-comunidade-villaregia-em-bh-visitam-santuario-da-saude-e-da-paz\/#article\",\"isPartOf\":{\"@id\":\"https:\/\/www.padreeustaquio.com.br\/religiosos-da-comunidade-villaregia-em-bh-visitam-santuario-da-saude-e-da-paz\/\"},\"author\":{\"name\":\"sscc\",\"@id\":\"https:\/\/www.padreeustaquio.com.br\/#\/schema\/person\/1bbfe7b959f00a655f8ecb6cb8f3ce87\"},\"headline\":\"Religiosos da Comunidade Villaregia, em BH, visitam Santu\u00e1rio da Sa\u00fade e da Paz\",\"datePublished\":\"2018-09-28T23:49:57+00:00\",\"dateModified\":\"2019-08-21T23:50:32+00:00\",\"mainEntityOfPage\":{\"@id\":\"https:\/\/www.padreeustaquio.com.br\/religiosos-da-comunidade-villaregia-em-bh-visitam-santuario-da-saude-e-da-paz\/\"},\"wordCount\":492,\"publisher\":{\"@id\":\"https:\/\/www.padreeustaquio.com.br\/#organization\"},\"image\":{\"@id\":\"https:\/\/www.padreeustaquio.com.br\/religiosos-da-comunidade-villaregia-em-bh-visitam-santuario-da-saude-e-da-paz\/#primaryimage\"},\"thumbnailUrl\":\"https:\/\/www.padreeustaquio.com.br\/wp-content\/uploads\/2019\/08\/013.jpg\",\"articleSection\":[\"Not\u00edcias\"],\"inLanguage\":\"en-US\"},{\"@type\":\"WebPage\",\"@id\":\"https:\/\/www.padreeustaquio.com.br\/religiosos-da-comunidade-villaregia-em-bh-visitam-santuario-da-saude-e-da-paz\/\",\"url\":\"https:\/\/www.padreeustaquio.com.br\/religiosos-da-comunidade-villaregia-em-bh-visitam-santuario-da-saude-e-da-paz\/\",\"name\":\"Religiosos da Comunidade Villaregia, em BH, visitam Santu\u00e1rio da Sa\u00fade e da Paz - Padre Eust\u00e1quio\",\"isPartOf\":{\"@id\":\"https:\/\/www.padreeustaquio.com.br\/#website\"},\"primaryImageOfPage\":{\"@id\":\"https:\/\/www.padreeustaquio.com.br\/religiosos-da-comunidade-villaregia-em-bh-visitam-santuario-da-saude-e-da-paz\/#primaryimage\"},\"image\":{\"@id\":\"https:\/\/www.padreeustaquio.com.br\/religiosos-da-comunidade-villaregia-em-bh-visitam-santuario-da-saude-e-da-paz\/#primaryimage\"},\"thumbnailUrl\":\"https:\/\/www.padreeustaquio.com.br\/wp-content\/uploads\/2019\/08\/013.jpg\",\"datePublished\":\"2018-09-28T23:49:57+00:00\",\"dateModified\":\"2019-08-21T23:50:32+00:00\",\"breadcrumb\":{\"@id\":\"https:\/\/www.padreeustaquio.com.br\/religiosos-da-comunidade-villaregia-em-bh-visitam-santuario-da-saude-e-da-paz\/#breadcrumb\"},\"inLanguage\":\"en-US\",\"potentialAction\":[{\"@type\":\"ReadAction\",\"target\":[\"https:\/\/www.padreeustaquio.com.br\/religiosos-da-comunidade-villaregia-em-bh-visitam-santuario-da-saude-e-da-paz\/\"]}]},{\"@type\":\"ImageObject\",\"inLanguage\":\"en-US\",\"@id\":\"https:\/\/www.padreeustaquio.com.br\/religiosos-da-comunidade-villaregia-em-bh-visitam-santuario-da-saude-e-da-paz\/#primaryimage\",\"url\":\"https:\/\/www.padreeustaquio.com.br\/wp-content\/uploads\/2019\/08\/013.jpg\",\"contentUrl\":\"https:\/\/www.padreeustaquio.com.br\/wp-content\/uploads\/2019\/08\/013.jpg\",\"width\":960,\"height\":614},{\"@type\":\"BreadcrumbList\",\"@id\":\"https:\/\/www.padreeustaquio.com.br\/religiosos-da-comunidade-villaregia-em-bh-visitam-santuario-da-saude-e-da-paz\/#breadcrumb\",\"itemListElement\":[{\"@type\":\"ListItem\",\"position\":1,\"name\":\"In\u00edcio\",\"item\":\"https:\/\/www.padreeustaquio.com.br\/\"},{\"@type\":\"ListItem\",\"position\":2,\"name\":\"Religiosos da Comunidade Villaregia, em BH, visitam Santu\u00e1rio da Sa\u00fade e da Paz\"}]},{\"@type\":\"WebSite\",\"@id\":\"https:\/\/www.padreeustaquio.com.br\/#website\",\"url\":\"https:\/\/www.padreeustaquio.com.br\/\",\"name\":\"Padre Eust\u00e1quio\",\"description\":\"Sa\u00fade e Paz\",\"publisher\":{\"@id\":\"https:\/\/www.padreeustaquio.com.br\/#organization\"},\"potentialAction\":[{\"@type\":\"SearchAction\",\"target\":{\"@type\":\"EntryPoint\",\"urlTemplate\":\"https:\/\/www.padreeustaquio.com.br\/?s={search_term_string}\"},\"query-input\":{\"@type\":\"PropertyValueSpecification\",\"valueRequired\":true,\"valueName\":\"search_term_string\"}}],\"inLanguage\":\"en-US\"},{\"@type\":\"Organization\",\"@id\":\"https:\/\/www.padreeustaquio.com.br\/#organization\",\"name\":\"Padre Eust\u00e1quio\",\"url\":\"https:\/\/www.padreeustaquio.com.br\/\",\"logo\":{\"@type\":\"ImageObject\",\"inLanguage\":\"en-US\",\"@id\":\"https:\/\/www.padreeustaquio.com.br\/#\/schema\/logo\/image\/\",\"url\":\"https:\/\/www.padreeustaquio.com.br\/wp-content\/uploads\/2019\/08\/marca.png\",\"contentUrl\":\"https:\/\/www.padreeustaquio.com.br\/wp-content\/uploads\/2019\/08\/marca.png\",\"width\":350,\"height\":400,\"caption\":\"Padre Eust\u00e1quio\"},\"image\":{\"@id\":\"https:\/\/www.padreeustaquio.com.br\/#\/schema\/logo\/image\/\"},\"sameAs\":[\"https:\/\/www.facebook.com\/beatopadreeustaquio\/\",\"https:\/\/x.com\/beatopeustaquio\",\"https:\/\/www.instagram.com\/beatopadreeustaquio\/\",\"https:\/\/www.youtube.com\/channel\/UCRhw7vfabnajwLxb1ZXMeIw\"]},{\"@type\":\"Person\",\"@id\":\"https:\/\/www.padreeustaquio.com.br\/#\/schema\/person\/1bbfe7b959f00a655f8ecb6cb8f3ce87\",\"name\":\"sscc\",\"image\":{\"@type\":\"ImageObject\",\"inLanguage\":\"en-US\",\"@id\":\"https:\/\/secure.gravatar.com\/avatar\/edddec27f012d36cfa3fce966238219942e4659e87f27ef7b5704f0db7007bec?s=96&d=mm&r=g\",\"url\":\"https:\/\/secure.gravatar.com\/avatar\/edddec27f012d36cfa3fce966238219942e4659e87f27ef7b5704f0db7007bec?s=96&d=mm&r=g\",\"contentUrl\":\"https:\/\/secure.gravatar.com\/avatar\/edddec27f012d36cfa3fce966238219942e4659e87f27ef7b5704f0db7007bec?s=96&d=mm&r=g\",\"caption\":\"sscc\"},\"url\":\"https:\/\/www.padreeustaquio.com.br\/en\/author\/userpde\/\"}]}<\/script>\n<!-- \/ Yoast SEO plugin. -->","yoast_head_json":{"title":"Religious members of the Villaregia Community in Belo Horizonte visit the Sanctuary of Health and Peace - Father Eust\u00e1quio","robots":{"index":"index","follow":"follow","max-snippet":"max-snippet:-1","max-image-preview":"max-image-preview:large","max-video-preview":"max-video-preview:-1"},"canonical":"https:\/\/www.padreeustaquio.com.br\/en\/religious-members-of-the-villaregia-community-in-belo-horizonte-visit-the-sanctuary-of-health-and-peace\/","og_locale":"en_US","og_type":"article","og_title":"Religiosos da Comunidade Villaregia, em BH, visitam Santu\u00e1rio da Sa\u00fade e da Paz - Padre Eust\u00e1quio","og_description":"Nesta quinta-feira, dia 27 de setembro, 16 religiosos da Comunidade Mission\u00e1ria Villaregia, em Belo Horizonte, passaram o dia em retiro no Santu\u00e1rio da Sa\u00fade e da Paz. Eles chegaram logo cedo e foram acolhidos pelo vice-postulador da causa de Canoniza\u00e7\u00e3o, Padre Marcus Vin\u00edcius Maciel, SSCC, que falou um pouco mais sobre a vida e a hist\u00f3ria de Padre Eust\u00e1quio. Em seguida, os membros da comunidade visitaram o Memorial de Padre Eust\u00e1quio. Por l\u00e1, eles promoveram momentos de reflex\u00e3o e ora\u00e7\u00e3o em torno das rel\u00edquias do religioso holand\u00eas. Os visitantes tamb\u00e9m conheceram outros pontos do Santu\u00e1rio e participaram da Santa Missa [&hellip;]","og_url":"https:\/\/www.padreeustaquio.com.br\/en\/religious-members-of-the-villaregia-community-in-belo-horizonte-visit-the-sanctuary-of-health-and-peace\/","og_site_name":"Padre Eust\u00e1quio","article_publisher":"https:\/\/www.facebook.com\/beatopadreeustaquio\/","article_published_time":"2018-09-28T23:49:57+00:00","article_modified_time":"2019-08-21T23:50:32+00:00","og_image":[{"width":960,"height":614,"url":"https:\/\/www.padreeustaquio.com.br\/wp-content\/uploads\/2019\/08\/013.jpg","type":"image\/jpeg"}],"author":"sscc","twitter_card":"summary_large_image","twitter_creator":"@beatopeustaquio","twitter_site":"@beatopeustaquio","twitter_misc":{"Written by":"sscc","Est. reading time":"2 minutes"},"schema":{"@context":"https:\/\/schema.org","@graph":[{"@type":"Article","@id":"https:\/\/www.padreeustaquio.com.br\/religiosos-da-comunidade-villaregia-em-bh-visitam-santuario-da-saude-e-da-paz\/#article","isPartOf":{"@id":"https:\/\/www.padreeustaquio.com.br\/religiosos-da-comunidade-villaregia-em-bh-visitam-santuario-da-saude-e-da-paz\/"},"author":{"name":"sscc","@id":"https:\/\/www.padreeustaquio.com.br\/#\/schema\/person\/1bbfe7b959f00a655f8ecb6cb8f3ce87"},"headline":"Religiosos da Comunidade Villaregia, em BH, visitam Santu\u00e1rio da Sa\u00fade e da Paz","datePublished":"2018-09-28T23:49:57+00:00","dateModified":"2019-08-21T23:50:32+00:00","mainEntityOfPage":{"@id":"https:\/\/www.padreeustaquio.com.br\/religiosos-da-comunidade-villaregia-em-bh-visitam-santuario-da-saude-e-da-paz\/"},"wordCount":492,"publisher":{"@id":"https:\/\/www.padreeustaquio.com.br\/#organization"},"image":{"@id":"https:\/\/www.padreeustaquio.com.br\/religiosos-da-comunidade-villaregia-em-bh-visitam-santuario-da-saude-e-da-paz\/#primaryimage"},"thumbnailUrl":"https:\/\/www.padreeustaquio.com.br\/wp-content\/uploads\/2019\/08\/013.jpg","articleSection":["Not\u00edcias"],"inLanguage":"en-US"},{"@type":"WebPage","@id":"https:\/\/www.padreeustaquio.com.br\/religiosos-da-comunidade-villaregia-em-bh-visitam-santuario-da-saude-e-da-paz\/","url":"https:\/\/www.padreeustaquio.com.br\/religiosos-da-comunidade-villaregia-em-bh-visitam-santuario-da-saude-e-da-paz\/","name":"Religious members of the Villaregia Community in Belo Horizonte visit the Sanctuary of Health and Peace - Father Eust\u00e1quio","isPartOf":{"@id":"https:\/\/www.padreeustaquio.com.br\/#website"},"primaryImageOfPage":{"@id":"https:\/\/www.padreeustaquio.com.br\/religiosos-da-comunidade-villaregia-em-bh-visitam-santuario-da-saude-e-da-paz\/#primaryimage"},"image":{"@id":"https:\/\/www.padreeustaquio.com.br\/religiosos-da-comunidade-villaregia-em-bh-visitam-santuario-da-saude-e-da-paz\/#primaryimage"},"thumbnailUrl":"https:\/\/www.padreeustaquio.com.br\/wp-content\/uploads\/2019\/08\/013.jpg","datePublished":"2018-09-28T23:49:57+00:00","dateModified":"2019-08-21T23:50:32+00:00","breadcrumb":{"@id":"https:\/\/www.padreeustaquio.com.br\/religiosos-da-comunidade-villaregia-em-bh-visitam-santuario-da-saude-e-da-paz\/#breadcrumb"},"inLanguage":"en-US","potentialAction":[{"@type":"ReadAction","target":["https:\/\/www.padreeustaquio.com.br\/religiosos-da-comunidade-villaregia-em-bh-visitam-santuario-da-saude-e-da-paz\/"]}]},{"@type":"ImageObject","inLanguage":"en-US","@id":"https:\/\/www.padreeustaquio.com.br\/religiosos-da-comunidade-villaregia-em-bh-visitam-santuario-da-saude-e-da-paz\/#primaryimage","url":"https:\/\/www.padreeustaquio.com.br\/wp-content\/uploads\/2019\/08\/013.jpg","contentUrl":"https:\/\/www.padreeustaquio.com.br\/wp-content\/uploads\/2019\/08\/013.jpg","width":960,"height":614},{"@type":"BreadcrumbList","@id":"https:\/\/www.padreeustaquio.com.br\/religiosos-da-comunidade-villaregia-em-bh-visitam-santuario-da-saude-e-da-paz\/#breadcrumb","itemListElement":[{"@type":"ListItem","position":1,"name":"In\u00edcio","item":"https:\/\/www.padreeustaquio.com.br\/"},{"@type":"ListItem","position":2,"name":"Religiosos da Comunidade Villaregia, em BH, visitam Santu\u00e1rio da Sa\u00fade e da Paz"}]},{"@type":"WebSite","@id":"https:\/\/www.padreeustaquio.com.br\/#website","url":"https:\/\/www.padreeustaquio.com.br\/","name":"FATHER EUST\u00c1QUIO","description":"Health and Peace","publisher":{"@id":"https:\/\/www.padreeustaquio.com.br\/#organization"},"potentialAction":[{"@type":"SearchAction","target":{"@type":"EntryPoint","urlTemplate":"https:\/\/www.padreeustaquio.com.br\/?s={search_term_string}"},"query-input":{"@type":"PropertyValueSpecification","valueRequired":true,"valueName":"search_term_string"}}],"inLanguage":"en-US"},{"@type":"Organization","@id":"https:\/\/www.padreeustaquio.com.br\/#organization","name":"FATHER EUST\u00c1QUIO","url":"https:\/\/www.padreeustaquio.com.br\/","logo":{"@type":"ImageObject","inLanguage":"en-US","@id":"https:\/\/www.padreeustaquio.com.br\/#\/schema\/logo\/image\/","url":"https:\/\/www.padreeustaquio.com.br\/wp-content\/uploads\/2019\/08\/marca.png","contentUrl":"https:\/\/www.padreeustaquio.com.br\/wp-content\/uploads\/2019\/08\/marca.png","width":350,"height":400,"caption":"Padre Eust\u00e1quio"},"image":{"@id":"https:\/\/www.padreeustaquio.com.br\/#\/schema\/logo\/image\/"},"sameAs":["https:\/\/www.facebook.com\/beatopadreeustaquio\/","https:\/\/x.com\/beatopeustaquio","https:\/\/www.instagram.com\/beatopadreeustaquio\/","https:\/\/www.youtube.com\/channel\/UCRhw7vfabnajwLxb1ZXMeIw"]},{"@type":"Person","@id":"https:\/\/www.padreeustaquio.com.br\/#\/schema\/person\/1bbfe7b959f00a655f8ecb6cb8f3ce87","name":"sscc","image":{"@type":"ImageObject","inLanguage":"en-US","@id":"https:\/\/secure.gravatar.com\/avatar\/edddec27f012d36cfa3fce966238219942e4659e87f27ef7b5704f0db7007bec?s=96&d=mm&r=g","url":"https:\/\/secure.gravatar.com\/avatar\/edddec27f012d36cfa3fce966238219942e4659e87f27ef7b5704f0db7007bec?s=96&d=mm&r=g","contentUrl":"https:\/\/secure.gravatar.com\/avatar\/edddec27f012d36cfa3fce966238219942e4659e87f27ef7b5704f0db7007bec?s=96&d=mm&r=g","caption":"sscc"},"url":"https:\/\/www.padreeustaquio.com.br\/en\/author\/userpde\/"}]}},"_links":{"self":[{"href":"https:\/\/www.padreeustaquio.com.br\/en\/wp-json\/wp\/v2\/posts\/2982","targetHints":{"allow":["GET"]}}],"collection":[{"href":"https:\/\/www.padreeustaquio.com.br\/en\/wp-json\/wp\/v2\/posts"}],"about":[{"href":"https:\/\/www.padreeustaquio.com.br\/en\/wp-json\/wp\/v2\/types\/post"}],"author":[{"embeddable":true,"href":"https:\/\/www.padreeustaquio.com.br\/en\/wp-json\/wp\/v2\/users\/6"}],"replies":[{"embeddable":true,"href":"https:\/\/www.padreeustaquio.com.br\/en\/wp-json\/wp\/v2\/comments?post=2982"}],"version-history":[{"count":0,"href":"https:\/\/www.padreeustaquio.com.br\/en\/wp-json\/wp\/v2\/posts\/2982\/revisions"}],"wp:featuredmedia":[{"embeddable":true,"href":"https:\/\/www.padreeustaquio.com.br\/en\/wp-json\/wp\/v2\/media\/2983"}],"wp:attachment":[{"href":"https:\/\/www.padreeustaquio.com.br\/en\/wp-json\/wp\/v2\/media?parent=2982"}],"wp:term":[{"taxonomy":"category","embeddable":true,"href":"https:\/\/www.padreeustaquio.com.br\/en\/wp-json\/wp\/v2\/categories?post=2982"},{"taxonomy":"post_tag","embeddable":true,"href":"https:\/\/www.padreeustaquio.com.br\/en\/wp-json\/wp\/v2\/tags?post=2982"}],"curies":[{"name":"wp","href":"https:\/\/api.w.org\/{rel}","templated":true}]}}