{"id":2873,"date":"2018-09-13T23:43:39","date_gmt":"2018-09-14T02:43:39","guid":{"rendered":"http:\/\/br606.teste.website\/~padre078\/padreeustaquio.com.br\/?p=2873"},"modified":"2019-08-21T00:14:05","modified_gmt":"2019-08-21T03:14:05","slug":"the-archbishop-of-belo-horizonte-and-the-postulator-of-the-cause-participate-in-the-celebration-of-father-eustaquio","status":"publish","type":"post","link":"https:\/\/www.padreeustaquio.com.br\/en\/the-archbishop-of-belo-horizonte-and-the-postulator-of-the-cause-participate-in-the-celebration-of-father-eustaquio\/","title":{"rendered":"Archbishop of Belo Horizonte and Postulator of the Cause participate in the Feast of Father Eust\u00e1quio"},"content":{"rendered":"<p><a href=\"http:\/\/br606.teste.website\/~padre078\/padreeustaquio.com.br\/wp-content\/uploads\/2019\/08\/012.jpeg\"><img fetchpriority=\"high\" decoding=\"async\" class=\"alignleft wp-image-2874\" src=\"http:\/\/br606.teste.website\/~padre078\/padreeustaquio.com.br\/wp-content\/uploads\/2019\/08\/012.jpeg\" alt=\"\" width=\"400\" height=\"300\" srcset=\"https:\/\/www.padreeustaquio.com.br\/wp-content\/uploads\/2019\/08\/012.jpeg 1280w, https:\/\/www.padreeustaquio.com.br\/wp-content\/uploads\/2019\/08\/012-300x225.jpeg 300w, https:\/\/www.padreeustaquio.com.br\/wp-content\/uploads\/2019\/08\/012-768x576.jpeg 768w, https:\/\/www.padreeustaquio.com.br\/wp-content\/uploads\/2019\/08\/012-1024x768.jpeg 1024w, https:\/\/www.padreeustaquio.com.br\/wp-content\/uploads\/2019\/08\/012-180x135.jpeg 180w, https:\/\/www.padreeustaquio.com.br\/wp-content\/uploads\/2019\/08\/012-400x300.jpeg 400w, https:\/\/www.padreeustaquio.com.br\/wp-content\/uploads\/2019\/08\/012-600x450.jpeg 600w, https:\/\/www.padreeustaquio.com.br\/wp-content\/uploads\/2019\/08\/012-800x600.jpeg 800w, https:\/\/www.padreeustaquio.com.br\/wp-content\/uploads\/2019\/08\/012-1200x900.jpeg 1200w\" sizes=\"(max-width: 400px) 100vw, 400px\" \/><\/a>The Metropolitan Archbishop of Belo Horizonte, Dom Walmor Oliveira de Azevedo (center in the photo) and the Postulator of the Cause of Canonization of Father Eust\u00e1quio, Fr. David Reid (left), were present at the 75th Feast of Father Eust\u00e1quio, held on August 30th. Dom Walmor presided over the 6 pm Mass, which was concelebrated by Father David (postulator) and Father Vin\u00edcius Maciel (vice-postulator), pro-rector of the Sanctuary of Health and Peace.<\/p>\n<p>During his homily, Archbishop Walmor highlighted the importance of Christian commitment to faith: &#039;It&#039;s no use asking Father Eust\u00e1quio, whom we know to be a true intercessor, if we don&#039;t do our part,&#039; he emphasized.<\/p>\n<p>Throughout the day, several priests and religious figures visited the Sanctuary of Health and Peace, including Dom Luiz Mancilha, SSCC, Archbishop of Vit\u00f3ria-ES, and Father Gleici\u00f3n Adriano da Silva, from the Maria Serva do Senhor parish in Belo Horizonte. The celebration commemorating the 75th anniversary of Father Eust\u00e1quio&#039;s death began at 6:00 AM with Holy Mass and ended at 9:00 PM, also with a Eucharistic Celebration.<\/p>","protected":false},"excerpt":{"rendered":"<p>O Arcebispo Metropolitano de Belo Horizonte, Dom Walmor Oliveira de Azevedo (ao centro na foto) e o Postulador da Causa de Canoniza\u00e7\u00e3o de Padre Eust\u00e1quio, Pe. David Reid, (\u00e0 esquerda) estiveram presentes na 75\u00aa Festa de Padre Eust\u00e1quio, realizada no dia 30 de agosto. Dom Walmor presidiu a celebra\u00e7\u00e3o das 18h, que foi concelebrada por Padre David (postulador) e Padre Vin\u00edcius Maciel (vice-postulador), pr\u00f3-reitor do Santu\u00e1rio da Sa\u00fade e da Paz. Durante a homilia de Dom Walmor, o arcebispo destacou a import\u00e2ncia do compromisso crist\u00e3o com a f\u00e9: &#8216;N\u00e3o adianta nada pedirmos ao Padre Eust\u00e1quio, que n\u00f3s sabemos ser um [&hellip;]<\/p>\n","protected":false},"author":6,"featured_media":2874,"comment_status":"closed","ping_status":"open","sticky":false,"template":"","format":"standard","meta":{"_acf_changed":false,"footnotes":""},"categories":[611],"tags":[],"class_list":["post-2873","post","type-post","status-publish","format-standard","has-post-thumbnail","hentry","category-noticias"],"acf":[],"yoast_head":"<!-- This site is optimized with the Yoast SEO plugin v27.2 - https:\/\/yoast.com\/product\/yoast-seo-wordpress\/ -->\n<title>Arcebispo de BH e Postulador da Causa participam da Festa de Padre Eust\u00e1quio - Padre Eust\u00e1quio<\/title>\n<meta name=\"robots\" content=\"index, follow, max-snippet:-1, max-image-preview:large, max-video-preview:-1\" \/>\n<link rel=\"canonical\" href=\"https:\/\/www.padreeustaquio.com.br\/en\/the-archbishop-of-belo-horizonte-and-the-postulator-of-the-cause-participate-in-the-celebration-of-father-eustaquio\/\" \/>\n<meta property=\"og:locale\" content=\"en_US\" \/>\n<meta property=\"og:type\" content=\"article\" \/>\n<meta property=\"og:title\" content=\"Arcebispo de BH e Postulador da Causa participam da Festa de Padre Eust\u00e1quio - Padre Eust\u00e1quio\" \/>\n<meta property=\"og:description\" content=\"O Arcebispo Metropolitano de Belo Horizonte, Dom Walmor Oliveira de Azevedo (ao centro na foto) e o Postulador da Causa de Canoniza\u00e7\u00e3o de Padre Eust\u00e1quio, Pe. David Reid, (\u00e0 esquerda) estiveram presentes na 75\u00aa Festa de Padre Eust\u00e1quio, realizada no dia 30 de agosto. Dom Walmor presidiu a celebra\u00e7\u00e3o das 18h, que foi concelebrada por Padre David (postulador) e Padre Vin\u00edcius Maciel (vice-postulador), pr\u00f3-reitor do Santu\u00e1rio da Sa\u00fade e da Paz. Durante a homilia de Dom Walmor, o arcebispo destacou a import\u00e2ncia do compromisso crist\u00e3o com a f\u00e9: &#8216;N\u00e3o adianta nada pedirmos ao Padre Eust\u00e1quio, que n\u00f3s sabemos ser um [&hellip;]\" \/>\n<meta property=\"og:url\" content=\"https:\/\/www.padreeustaquio.com.br\/en\/the-archbishop-of-belo-horizonte-and-the-postulator-of-the-cause-participate-in-the-celebration-of-father-eustaquio\/\" \/>\n<meta property=\"og:site_name\" content=\"Padre Eust\u00e1quio\" \/>\n<meta property=\"article:publisher\" content=\"https:\/\/www.facebook.com\/beatopadreeustaquio\/\" \/>\n<meta property=\"article:published_time\" content=\"2018-09-14T02:43:39+00:00\" \/>\n<meta property=\"article:modified_time\" content=\"2019-08-21T03:14:05+00:00\" \/>\n<meta property=\"og:image\" content=\"https:\/\/www.padreeustaquio.com.br\/wp-content\/uploads\/2019\/08\/012.jpeg\" \/>\n\t<meta property=\"og:image:width\" content=\"1280\" \/>\n\t<meta property=\"og:image:height\" content=\"960\" \/>\n\t<meta property=\"og:image:type\" content=\"image\/jpeg\" \/>\n<meta name=\"author\" content=\"sscc\" \/>\n<meta name=\"twitter:card\" content=\"summary_large_image\" \/>\n<meta name=\"twitter:creator\" content=\"@beatopeustaquio\" \/>\n<meta name=\"twitter:site\" content=\"@beatopeustaquio\" \/>\n<meta name=\"twitter:label1\" content=\"Written by\" \/>\n\t<meta name=\"twitter:data1\" content=\"sscc\" \/>\n\t<meta name=\"twitter:label2\" content=\"Est. reading time\" \/>\n\t<meta name=\"twitter:data2\" content=\"1 minute\" \/>\n<script type=\"application\/ld+json\" class=\"yoast-schema-graph\">{\"@context\":\"https:\/\/schema.org\",\"@graph\":[{\"@type\":\"Article\",\"@id\":\"https:\/\/www.padreeustaquio.com.br\/arcebispo-de-bh-e-postulador-da-causa-participam-da-festa-de-padre-eustaquio\/#article\",\"isPartOf\":{\"@id\":\"https:\/\/www.padreeustaquio.com.br\/arcebispo-de-bh-e-postulador-da-causa-participam-da-festa-de-padre-eustaquio\/\"},\"author\":{\"name\":\"sscc\",\"@id\":\"https:\/\/www.padreeustaquio.com.br\/#\/schema\/person\/1bbfe7b959f00a655f8ecb6cb8f3ce87\"},\"headline\":\"Arcebispo de BH e Postulador da Causa participam da Festa de Padre Eust\u00e1quio\",\"datePublished\":\"2018-09-14T02:43:39+00:00\",\"dateModified\":\"2019-08-21T03:14:05+00:00\",\"mainEntityOfPage\":{\"@id\":\"https:\/\/www.padreeustaquio.com.br\/arcebispo-de-bh-e-postulador-da-causa-participam-da-festa-de-padre-eustaquio\/\"},\"wordCount\":207,\"publisher\":{\"@id\":\"https:\/\/www.padreeustaquio.com.br\/#organization\"},\"image\":{\"@id\":\"https:\/\/www.padreeustaquio.com.br\/arcebispo-de-bh-e-postulador-da-causa-participam-da-festa-de-padre-eustaquio\/#primaryimage\"},\"thumbnailUrl\":\"https:\/\/www.padreeustaquio.com.br\/wp-content\/uploads\/2019\/08\/012.jpeg\",\"articleSection\":[\"Not\u00edcias\"],\"inLanguage\":\"en-US\"},{\"@type\":\"WebPage\",\"@id\":\"https:\/\/www.padreeustaquio.com.br\/arcebispo-de-bh-e-postulador-da-causa-participam-da-festa-de-padre-eustaquio\/\",\"url\":\"https:\/\/www.padreeustaquio.com.br\/arcebispo-de-bh-e-postulador-da-causa-participam-da-festa-de-padre-eustaquio\/\",\"name\":\"Arcebispo de BH e Postulador da Causa participam da Festa de Padre Eust\u00e1quio - Padre Eust\u00e1quio\",\"isPartOf\":{\"@id\":\"https:\/\/www.padreeustaquio.com.br\/#website\"},\"primaryImageOfPage\":{\"@id\":\"https:\/\/www.padreeustaquio.com.br\/arcebispo-de-bh-e-postulador-da-causa-participam-da-festa-de-padre-eustaquio\/#primaryimage\"},\"image\":{\"@id\":\"https:\/\/www.padreeustaquio.com.br\/arcebispo-de-bh-e-postulador-da-causa-participam-da-festa-de-padre-eustaquio\/#primaryimage\"},\"thumbnailUrl\":\"https:\/\/www.padreeustaquio.com.br\/wp-content\/uploads\/2019\/08\/012.jpeg\",\"datePublished\":\"2018-09-14T02:43:39+00:00\",\"dateModified\":\"2019-08-21T03:14:05+00:00\",\"breadcrumb\":{\"@id\":\"https:\/\/www.padreeustaquio.com.br\/arcebispo-de-bh-e-postulador-da-causa-participam-da-festa-de-padre-eustaquio\/#breadcrumb\"},\"inLanguage\":\"en-US\",\"potentialAction\":[{\"@type\":\"ReadAction\",\"target\":[\"https:\/\/www.padreeustaquio.com.br\/arcebispo-de-bh-e-postulador-da-causa-participam-da-festa-de-padre-eustaquio\/\"]}]},{\"@type\":\"ImageObject\",\"inLanguage\":\"en-US\",\"@id\":\"https:\/\/www.padreeustaquio.com.br\/arcebispo-de-bh-e-postulador-da-causa-participam-da-festa-de-padre-eustaquio\/#primaryimage\",\"url\":\"https:\/\/www.padreeustaquio.com.br\/wp-content\/uploads\/2019\/08\/012.jpeg\",\"contentUrl\":\"https:\/\/www.padreeustaquio.com.br\/wp-content\/uploads\/2019\/08\/012.jpeg\",\"width\":1280,\"height\":960},{\"@type\":\"BreadcrumbList\",\"@id\":\"https:\/\/www.padreeustaquio.com.br\/arcebispo-de-bh-e-postulador-da-causa-participam-da-festa-de-padre-eustaquio\/#breadcrumb\",\"itemListElement\":[{\"@type\":\"ListItem\",\"position\":1,\"name\":\"In\u00edcio\",\"item\":\"https:\/\/www.padreeustaquio.com.br\/\"},{\"@type\":\"ListItem\",\"position\":2,\"name\":\"Arcebispo de BH e Postulador da Causa participam da Festa de Padre Eust\u00e1quio\"}]},{\"@type\":\"WebSite\",\"@id\":\"https:\/\/www.padreeustaquio.com.br\/#website\",\"url\":\"https:\/\/www.padreeustaquio.com.br\/\",\"name\":\"Padre Eust\u00e1quio\",\"description\":\"Sa\u00fade e Paz\",\"publisher\":{\"@id\":\"https:\/\/www.padreeustaquio.com.br\/#organization\"},\"potentialAction\":[{\"@type\":\"SearchAction\",\"target\":{\"@type\":\"EntryPoint\",\"urlTemplate\":\"https:\/\/www.padreeustaquio.com.br\/?s={search_term_string}\"},\"query-input\":{\"@type\":\"PropertyValueSpecification\",\"valueRequired\":true,\"valueName\":\"search_term_string\"}}],\"inLanguage\":\"en-US\"},{\"@type\":\"Organization\",\"@id\":\"https:\/\/www.padreeustaquio.com.br\/#organization\",\"name\":\"Padre Eust\u00e1quio\",\"url\":\"https:\/\/www.padreeustaquio.com.br\/\",\"logo\":{\"@type\":\"ImageObject\",\"inLanguage\":\"en-US\",\"@id\":\"https:\/\/www.padreeustaquio.com.br\/#\/schema\/logo\/image\/\",\"url\":\"https:\/\/www.padreeustaquio.com.br\/wp-content\/uploads\/2019\/08\/marca.png\",\"contentUrl\":\"https:\/\/www.padreeustaquio.com.br\/wp-content\/uploads\/2019\/08\/marca.png\",\"width\":350,\"height\":400,\"caption\":\"Padre Eust\u00e1quio\"},\"image\":{\"@id\":\"https:\/\/www.padreeustaquio.com.br\/#\/schema\/logo\/image\/\"},\"sameAs\":[\"https:\/\/www.facebook.com\/beatopadreeustaquio\/\",\"https:\/\/x.com\/beatopeustaquio\",\"https:\/\/www.instagram.com\/beatopadreeustaquio\/\",\"https:\/\/www.youtube.com\/channel\/UCRhw7vfabnajwLxb1ZXMeIw\"]},{\"@type\":\"Person\",\"@id\":\"https:\/\/www.padreeustaquio.com.br\/#\/schema\/person\/1bbfe7b959f00a655f8ecb6cb8f3ce87\",\"name\":\"sscc\",\"image\":{\"@type\":\"ImageObject\",\"inLanguage\":\"en-US\",\"@id\":\"https:\/\/secure.gravatar.com\/avatar\/edddec27f012d36cfa3fce966238219942e4659e87f27ef7b5704f0db7007bec?s=96&d=mm&r=g\",\"url\":\"https:\/\/secure.gravatar.com\/avatar\/edddec27f012d36cfa3fce966238219942e4659e87f27ef7b5704f0db7007bec?s=96&d=mm&r=g\",\"contentUrl\":\"https:\/\/secure.gravatar.com\/avatar\/edddec27f012d36cfa3fce966238219942e4659e87f27ef7b5704f0db7007bec?s=96&d=mm&r=g\",\"caption\":\"sscc\"},\"url\":\"https:\/\/www.padreeustaquio.com.br\/en\/author\/userpde\/\"}]}<\/script>\n<!-- \/ Yoast SEO plugin. -->","yoast_head_json":{"title":"Archbishop of BH and Postulator of the Cause participate in the Feast of Father Eust\u00e1quio - Father Eust\u00e1quio","robots":{"index":"index","follow":"follow","max-snippet":"max-snippet:-1","max-image-preview":"max-image-preview:large","max-video-preview":"max-video-preview:-1"},"canonical":"https:\/\/www.padreeustaquio.com.br\/en\/the-archbishop-of-belo-horizonte-and-the-postulator-of-the-cause-participate-in-the-celebration-of-father-eustaquio\/","og_locale":"en_US","og_type":"article","og_title":"Arcebispo de BH e Postulador da Causa participam da Festa de Padre Eust\u00e1quio - Padre Eust\u00e1quio","og_description":"O Arcebispo Metropolitano de Belo Horizonte, Dom Walmor Oliveira de Azevedo (ao centro na foto) e o Postulador da Causa de Canoniza\u00e7\u00e3o de Padre Eust\u00e1quio, Pe. David Reid, (\u00e0 esquerda) estiveram presentes na 75\u00aa Festa de Padre Eust\u00e1quio, realizada no dia 30 de agosto. Dom Walmor presidiu a celebra\u00e7\u00e3o das 18h, que foi concelebrada por Padre David (postulador) e Padre Vin\u00edcius Maciel (vice-postulador), pr\u00f3-reitor do Santu\u00e1rio da Sa\u00fade e da Paz. Durante a homilia de Dom Walmor, o arcebispo destacou a import\u00e2ncia do compromisso crist\u00e3o com a f\u00e9: &#8216;N\u00e3o adianta nada pedirmos ao Padre Eust\u00e1quio, que n\u00f3s sabemos ser um [&hellip;]","og_url":"https:\/\/www.padreeustaquio.com.br\/en\/the-archbishop-of-belo-horizonte-and-the-postulator-of-the-cause-participate-in-the-celebration-of-father-eustaquio\/","og_site_name":"Padre Eust\u00e1quio","article_publisher":"https:\/\/www.facebook.com\/beatopadreeustaquio\/","article_published_time":"2018-09-14T02:43:39+00:00","article_modified_time":"2019-08-21T03:14:05+00:00","og_image":[{"width":1280,"height":960,"url":"https:\/\/www.padreeustaquio.com.br\/wp-content\/uploads\/2019\/08\/012.jpeg","type":"image\/jpeg"}],"author":"sscc","twitter_card":"summary_large_image","twitter_creator":"@beatopeustaquio","twitter_site":"@beatopeustaquio","twitter_misc":{"Written by":"sscc","Est. reading time":"1 minute"},"schema":{"@context":"https:\/\/schema.org","@graph":[{"@type":"Article","@id":"https:\/\/www.padreeustaquio.com.br\/arcebispo-de-bh-e-postulador-da-causa-participam-da-festa-de-padre-eustaquio\/#article","isPartOf":{"@id":"https:\/\/www.padreeustaquio.com.br\/arcebispo-de-bh-e-postulador-da-causa-participam-da-festa-de-padre-eustaquio\/"},"author":{"name":"sscc","@id":"https:\/\/www.padreeustaquio.com.br\/#\/schema\/person\/1bbfe7b959f00a655f8ecb6cb8f3ce87"},"headline":"Arcebispo de BH e Postulador da Causa participam da Festa de Padre Eust\u00e1quio","datePublished":"2018-09-14T02:43:39+00:00","dateModified":"2019-08-21T03:14:05+00:00","mainEntityOfPage":{"@id":"https:\/\/www.padreeustaquio.com.br\/arcebispo-de-bh-e-postulador-da-causa-participam-da-festa-de-padre-eustaquio\/"},"wordCount":207,"publisher":{"@id":"https:\/\/www.padreeustaquio.com.br\/#organization"},"image":{"@id":"https:\/\/www.padreeustaquio.com.br\/arcebispo-de-bh-e-postulador-da-causa-participam-da-festa-de-padre-eustaquio\/#primaryimage"},"thumbnailUrl":"https:\/\/www.padreeustaquio.com.br\/wp-content\/uploads\/2019\/08\/012.jpeg","articleSection":["Not\u00edcias"],"inLanguage":"en-US"},{"@type":"WebPage","@id":"https:\/\/www.padreeustaquio.com.br\/arcebispo-de-bh-e-postulador-da-causa-participam-da-festa-de-padre-eustaquio\/","url":"https:\/\/www.padreeustaquio.com.br\/arcebispo-de-bh-e-postulador-da-causa-participam-da-festa-de-padre-eustaquio\/","name":"Archbishop of BH and Postulator of the Cause participate in the Feast of Father Eust\u00e1quio - Father Eust\u00e1quio","isPartOf":{"@id":"https:\/\/www.padreeustaquio.com.br\/#website"},"primaryImageOfPage":{"@id":"https:\/\/www.padreeustaquio.com.br\/arcebispo-de-bh-e-postulador-da-causa-participam-da-festa-de-padre-eustaquio\/#primaryimage"},"image":{"@id":"https:\/\/www.padreeustaquio.com.br\/arcebispo-de-bh-e-postulador-da-causa-participam-da-festa-de-padre-eustaquio\/#primaryimage"},"thumbnailUrl":"https:\/\/www.padreeustaquio.com.br\/wp-content\/uploads\/2019\/08\/012.jpeg","datePublished":"2018-09-14T02:43:39+00:00","dateModified":"2019-08-21T03:14:05+00:00","breadcrumb":{"@id":"https:\/\/www.padreeustaquio.com.br\/arcebispo-de-bh-e-postulador-da-causa-participam-da-festa-de-padre-eustaquio\/#breadcrumb"},"inLanguage":"en-US","potentialAction":[{"@type":"ReadAction","target":["https:\/\/www.padreeustaquio.com.br\/arcebispo-de-bh-e-postulador-da-causa-participam-da-festa-de-padre-eustaquio\/"]}]},{"@type":"ImageObject","inLanguage":"en-US","@id":"https:\/\/www.padreeustaquio.com.br\/arcebispo-de-bh-e-postulador-da-causa-participam-da-festa-de-padre-eustaquio\/#primaryimage","url":"https:\/\/www.padreeustaquio.com.br\/wp-content\/uploads\/2019\/08\/012.jpeg","contentUrl":"https:\/\/www.padreeustaquio.com.br\/wp-content\/uploads\/2019\/08\/012.jpeg","width":1280,"height":960},{"@type":"BreadcrumbList","@id":"https:\/\/www.padreeustaquio.com.br\/arcebispo-de-bh-e-postulador-da-causa-participam-da-festa-de-padre-eustaquio\/#breadcrumb","itemListElement":[{"@type":"ListItem","position":1,"name":"In\u00edcio","item":"https:\/\/www.padreeustaquio.com.br\/"},{"@type":"ListItem","position":2,"name":"Arcebispo de BH e Postulador da Causa participam da Festa de Padre Eust\u00e1quio"}]},{"@type":"WebSite","@id":"https:\/\/www.padreeustaquio.com.br\/#website","url":"https:\/\/www.padreeustaquio.com.br\/","name":"FATHER EUST\u00c1QUIO","description":"Health and Peace","publisher":{"@id":"https:\/\/www.padreeustaquio.com.br\/#organization"},"potentialAction":[{"@type":"SearchAction","target":{"@type":"EntryPoint","urlTemplate":"https:\/\/www.padreeustaquio.com.br\/?s={search_term_string}"},"query-input":{"@type":"PropertyValueSpecification","valueRequired":true,"valueName":"search_term_string"}}],"inLanguage":"en-US"},{"@type":"Organization","@id":"https:\/\/www.padreeustaquio.com.br\/#organization","name":"FATHER EUST\u00c1QUIO","url":"https:\/\/www.padreeustaquio.com.br\/","logo":{"@type":"ImageObject","inLanguage":"en-US","@id":"https:\/\/www.padreeustaquio.com.br\/#\/schema\/logo\/image\/","url":"https:\/\/www.padreeustaquio.com.br\/wp-content\/uploads\/2019\/08\/marca.png","contentUrl":"https:\/\/www.padreeustaquio.com.br\/wp-content\/uploads\/2019\/08\/marca.png","width":350,"height":400,"caption":"Padre Eust\u00e1quio"},"image":{"@id":"https:\/\/www.padreeustaquio.com.br\/#\/schema\/logo\/image\/"},"sameAs":["https:\/\/www.facebook.com\/beatopadreeustaquio\/","https:\/\/x.com\/beatopeustaquio","https:\/\/www.instagram.com\/beatopadreeustaquio\/","https:\/\/www.youtube.com\/channel\/UCRhw7vfabnajwLxb1ZXMeIw"]},{"@type":"Person","@id":"https:\/\/www.padreeustaquio.com.br\/#\/schema\/person\/1bbfe7b959f00a655f8ecb6cb8f3ce87","name":"sscc","image":{"@type":"ImageObject","inLanguage":"en-US","@id":"https:\/\/secure.gravatar.com\/avatar\/edddec27f012d36cfa3fce966238219942e4659e87f27ef7b5704f0db7007bec?s=96&d=mm&r=g","url":"https:\/\/secure.gravatar.com\/avatar\/edddec27f012d36cfa3fce966238219942e4659e87f27ef7b5704f0db7007bec?s=96&d=mm&r=g","contentUrl":"https:\/\/secure.gravatar.com\/avatar\/edddec27f012d36cfa3fce966238219942e4659e87f27ef7b5704f0db7007bec?s=96&d=mm&r=g","caption":"sscc"},"url":"https:\/\/www.padreeustaquio.com.br\/en\/author\/userpde\/"}]}},"_links":{"self":[{"href":"https:\/\/www.padreeustaquio.com.br\/en\/wp-json\/wp\/v2\/posts\/2873","targetHints":{"allow":["GET"]}}],"collection":[{"href":"https:\/\/www.padreeustaquio.com.br\/en\/wp-json\/wp\/v2\/posts"}],"about":[{"href":"https:\/\/www.padreeustaquio.com.br\/en\/wp-json\/wp\/v2\/types\/post"}],"author":[{"embeddable":true,"href":"https:\/\/www.padreeustaquio.com.br\/en\/wp-json\/wp\/v2\/users\/6"}],"replies":[{"embeddable":true,"href":"https:\/\/www.padreeustaquio.com.br\/en\/wp-json\/wp\/v2\/comments?post=2873"}],"version-history":[{"count":0,"href":"https:\/\/www.padreeustaquio.com.br\/en\/wp-json\/wp\/v2\/posts\/2873\/revisions"}],"wp:featuredmedia":[{"embeddable":true,"href":"https:\/\/www.padreeustaquio.com.br\/en\/wp-json\/wp\/v2\/media\/2874"}],"wp:attachment":[{"href":"https:\/\/www.padreeustaquio.com.br\/en\/wp-json\/wp\/v2\/media?parent=2873"}],"wp:term":[{"taxonomy":"category","embeddable":true,"href":"https:\/\/www.padreeustaquio.com.br\/en\/wp-json\/wp\/v2\/categories?post=2873"},{"taxonomy":"post_tag","embeddable":true,"href":"https:\/\/www.padreeustaquio.com.br\/en\/wp-json\/wp\/v2\/tags?post=2873"}],"curies":[{"name":"wp","href":"https:\/\/api.w.org\/{rel}","templated":true}]}}