{"id":2870,"date":"2018-08-25T23:36:04","date_gmt":"2018-08-26T02:36:04","guid":{"rendered":"http:\/\/br606.teste.website\/~padre078\/padreeustaquio.com.br\/?p=2870"},"modified":"2019-08-19T23:38:01","modified_gmt":"2019-08-20T02:38:01","slug":"devotees-in-guarapari-espirito-santo-are-present-during-the-novena-to-father-eustaquio","status":"publish","type":"post","link":"https:\/\/www.padreeustaquio.com.br\/en\/devotees-in-guarapari-espirito-santo-are-present-during-the-novena-to-father-eustaquio\/","title":{"rendered":"Devotees in Guarapari-ES are present during the Novena to Father Eust\u00e1quio."},"content":{"rendered":"<p>The Blessed Father Eustace Parish, located in the Concha D&#039;Ostra neighborhood in the city of Guarapari, Esp\u00edrito Santo, has been receiving many devotees during the Novena to Father Eustace. Since August 21st, many faithful have been attending the main church to reflect on the life of the religious figure.<\/p>\n<p>The novena is being held in preparation for the Feast of Blessed Father Eustace, on August 30th. Each day of meditation, a priest is invited to preside over Holy Mass and encourage the devotees on their journey towards heaven, always following the example of life and love for God left by Father Eustace.<\/p>\n<p>On the 30th, a special celebration will be presided over by Father Jacqueson Pimentel, parish priest of the Blessed Father Eustace Parish. Following this, the raffle for the &quot;Action Among Friends&quot; will take place, a campaign promoted to support the construction of the main church.<\/p>","protected":false},"excerpt":{"rendered":"<p>A Par\u00f3quia Bem-Aventurado Padre Eust\u00e1quio, localizada no bairro Concha D&#8217;Ostra, na cidade capixaba de Guarapari, tem recebido muitos devotos durante a realiza\u00e7\u00e3o da Novena \u00e0 Padre Eust\u00e1quio. Desde o dia 21 de agosto, muitos fi\u00e9is tem comparecido \u00e0 sede da Igreja Matriz para refletirem sobre a vida do religioso. A novena est\u00e1 sendo realizada em prepara\u00e7\u00e3o para a Festa do Beato Padre Eust\u00e1quio, no dia 30 de agosto. Cada dia de medita\u00e7\u00e3o, um padre \u00e9 convidado a presidir a Santa Missa e a animar os devotos na caminhada rumo ao c\u00e9u, sempre seguindo o exemplo de vida e amor \u00e0 [&hellip;]<\/p>\n","protected":false},"author":6,"featured_media":2871,"comment_status":"closed","ping_status":"open","sticky":false,"template":"","format":"standard","meta":{"_acf_changed":false,"footnotes":""},"categories":[611],"tags":[],"class_list":["post-2870","post","type-post","status-publish","format-standard","has-post-thumbnail","hentry","category-noticias"],"acf":[],"yoast_head":"<!-- This site is optimized with the Yoast SEO plugin v27.2 - https:\/\/yoast.com\/product\/yoast-seo-wordpress\/ -->\n<title>Devotos em Guarapari-ES marcam presen\u00e7a durante a Novena \u00e0 Padre Eust\u00e1quio - Padre Eust\u00e1quio<\/title>\n<meta name=\"robots\" content=\"index, follow, max-snippet:-1, max-image-preview:large, max-video-preview:-1\" \/>\n<link rel=\"canonical\" href=\"https:\/\/www.padreeustaquio.com.br\/en\/devotees-in-guarapari-espirito-santo-are-present-during-the-novena-to-father-eustaquio\/\" \/>\n<meta property=\"og:locale\" content=\"en_US\" \/>\n<meta property=\"og:type\" content=\"article\" \/>\n<meta property=\"og:title\" content=\"Devotos em Guarapari-ES marcam presen\u00e7a durante a Novena \u00e0 Padre Eust\u00e1quio - Padre Eust\u00e1quio\" \/>\n<meta property=\"og:description\" content=\"A Par\u00f3quia Bem-Aventurado Padre Eust\u00e1quio, localizada no bairro Concha D&#8217;Ostra, na cidade capixaba de Guarapari, tem recebido muitos devotos durante a realiza\u00e7\u00e3o da Novena \u00e0 Padre Eust\u00e1quio. Desde o dia 21 de agosto, muitos fi\u00e9is tem comparecido \u00e0 sede da Igreja Matriz para refletirem sobre a vida do religioso. A novena est\u00e1 sendo realizada em prepara\u00e7\u00e3o para a Festa do Beato Padre Eust\u00e1quio, no dia 30 de agosto. Cada dia de medita\u00e7\u00e3o, um padre \u00e9 convidado a presidir a Santa Missa e a animar os devotos na caminhada rumo ao c\u00e9u, sempre seguindo o exemplo de vida e amor \u00e0 [&hellip;]\" \/>\n<meta property=\"og:url\" content=\"https:\/\/www.padreeustaquio.com.br\/en\/devotees-in-guarapari-espirito-santo-are-present-during-the-novena-to-father-eustaquio\/\" \/>\n<meta property=\"og:site_name\" content=\"Padre Eust\u00e1quio\" \/>\n<meta property=\"article:publisher\" content=\"https:\/\/www.facebook.com\/beatopadreeustaquio\/\" \/>\n<meta property=\"article:published_time\" content=\"2018-08-26T02:36:04+00:00\" \/>\n<meta property=\"article:modified_time\" content=\"2019-08-20T02:38:01+00:00\" \/>\n<meta property=\"og:image\" content=\"https:\/\/www.padreeustaquio.com.br\/wp-content\/uploads\/2019\/08\/010.gif\" \/>\n\t<meta property=\"og:image:width\" content=\"531\" \/>\n\t<meta property=\"og:image:height\" content=\"292\" \/>\n\t<meta property=\"og:image:type\" content=\"image\/gif\" \/>\n<meta name=\"author\" content=\"sscc\" \/>\n<meta name=\"twitter:card\" content=\"summary_large_image\" \/>\n<meta name=\"twitter:creator\" content=\"@beatopeustaquio\" \/>\n<meta name=\"twitter:site\" content=\"@beatopeustaquio\" \/>\n<meta name=\"twitter:label1\" content=\"Written by\" \/>\n\t<meta name=\"twitter:data1\" content=\"sscc\" \/>\n\t<meta name=\"twitter:label2\" content=\"Est. reading time\" \/>\n\t<meta name=\"twitter:data2\" content=\"1 minute\" \/>\n<script type=\"application\/ld+json\" class=\"yoast-schema-graph\">{\"@context\":\"https:\/\/schema.org\",\"@graph\":[{\"@type\":\"Article\",\"@id\":\"https:\/\/www.padreeustaquio.com.br\/devotos-em-guarapari-es-marcam-presenca-durante-a-novena-a-padre-eustaquio\/#article\",\"isPartOf\":{\"@id\":\"https:\/\/www.padreeustaquio.com.br\/devotos-em-guarapari-es-marcam-presenca-durante-a-novena-a-padre-eustaquio\/\"},\"author\":{\"name\":\"sscc\",\"@id\":\"https:\/\/www.padreeustaquio.com.br\/#\/schema\/person\/1bbfe7b959f00a655f8ecb6cb8f3ce87\"},\"headline\":\"Devotos em Guarapari-ES marcam presen\u00e7a durante a Novena \u00e0 Padre Eust\u00e1quio\",\"datePublished\":\"2018-08-26T02:36:04+00:00\",\"dateModified\":\"2019-08-20T02:38:01+00:00\",\"mainEntityOfPage\":{\"@id\":\"https:\/\/www.padreeustaquio.com.br\/devotos-em-guarapari-es-marcam-presenca-durante-a-novena-a-padre-eustaquio\/\"},\"wordCount\":165,\"publisher\":{\"@id\":\"https:\/\/www.padreeustaquio.com.br\/#organization\"},\"image\":{\"@id\":\"https:\/\/www.padreeustaquio.com.br\/devotos-em-guarapari-es-marcam-presenca-durante-a-novena-a-padre-eustaquio\/#primaryimage\"},\"thumbnailUrl\":\"https:\/\/www.padreeustaquio.com.br\/wp-content\/uploads\/2019\/08\/010.gif\",\"articleSection\":[\"Not\u00edcias\"],\"inLanguage\":\"en-US\"},{\"@type\":\"WebPage\",\"@id\":\"https:\/\/www.padreeustaquio.com.br\/devotos-em-guarapari-es-marcam-presenca-durante-a-novena-a-padre-eustaquio\/\",\"url\":\"https:\/\/www.padreeustaquio.com.br\/devotos-em-guarapari-es-marcam-presenca-durante-a-novena-a-padre-eustaquio\/\",\"name\":\"Devotos em Guarapari-ES marcam presen\u00e7a durante a Novena \u00e0 Padre Eust\u00e1quio - Padre Eust\u00e1quio\",\"isPartOf\":{\"@id\":\"https:\/\/www.padreeustaquio.com.br\/#website\"},\"primaryImageOfPage\":{\"@id\":\"https:\/\/www.padreeustaquio.com.br\/devotos-em-guarapari-es-marcam-presenca-durante-a-novena-a-padre-eustaquio\/#primaryimage\"},\"image\":{\"@id\":\"https:\/\/www.padreeustaquio.com.br\/devotos-em-guarapari-es-marcam-presenca-durante-a-novena-a-padre-eustaquio\/#primaryimage\"},\"thumbnailUrl\":\"https:\/\/www.padreeustaquio.com.br\/wp-content\/uploads\/2019\/08\/010.gif\",\"datePublished\":\"2018-08-26T02:36:04+00:00\",\"dateModified\":\"2019-08-20T02:38:01+00:00\",\"breadcrumb\":{\"@id\":\"https:\/\/www.padreeustaquio.com.br\/devotos-em-guarapari-es-marcam-presenca-durante-a-novena-a-padre-eustaquio\/#breadcrumb\"},\"inLanguage\":\"en-US\",\"potentialAction\":[{\"@type\":\"ReadAction\",\"target\":[\"https:\/\/www.padreeustaquio.com.br\/devotos-em-guarapari-es-marcam-presenca-durante-a-novena-a-padre-eustaquio\/\"]}]},{\"@type\":\"ImageObject\",\"inLanguage\":\"en-US\",\"@id\":\"https:\/\/www.padreeustaquio.com.br\/devotos-em-guarapari-es-marcam-presenca-durante-a-novena-a-padre-eustaquio\/#primaryimage\",\"url\":\"https:\/\/www.padreeustaquio.com.br\/wp-content\/uploads\/2019\/08\/010.gif\",\"contentUrl\":\"https:\/\/www.padreeustaquio.com.br\/wp-content\/uploads\/2019\/08\/010.gif\",\"width\":531,\"height\":292},{\"@type\":\"BreadcrumbList\",\"@id\":\"https:\/\/www.padreeustaquio.com.br\/devotos-em-guarapari-es-marcam-presenca-durante-a-novena-a-padre-eustaquio\/#breadcrumb\",\"itemListElement\":[{\"@type\":\"ListItem\",\"position\":1,\"name\":\"In\u00edcio\",\"item\":\"https:\/\/www.padreeustaquio.com.br\/\"},{\"@type\":\"ListItem\",\"position\":2,\"name\":\"Devotos em Guarapari-ES marcam presen\u00e7a durante a Novena \u00e0 Padre Eust\u00e1quio\"}]},{\"@type\":\"WebSite\",\"@id\":\"https:\/\/www.padreeustaquio.com.br\/#website\",\"url\":\"https:\/\/www.padreeustaquio.com.br\/\",\"name\":\"Padre Eust\u00e1quio\",\"description\":\"Sa\u00fade e Paz\",\"publisher\":{\"@id\":\"https:\/\/www.padreeustaquio.com.br\/#organization\"},\"potentialAction\":[{\"@type\":\"SearchAction\",\"target\":{\"@type\":\"EntryPoint\",\"urlTemplate\":\"https:\/\/www.padreeustaquio.com.br\/?s={search_term_string}\"},\"query-input\":{\"@type\":\"PropertyValueSpecification\",\"valueRequired\":true,\"valueName\":\"search_term_string\"}}],\"inLanguage\":\"en-US\"},{\"@type\":\"Organization\",\"@id\":\"https:\/\/www.padreeustaquio.com.br\/#organization\",\"name\":\"Padre Eust\u00e1quio\",\"url\":\"https:\/\/www.padreeustaquio.com.br\/\",\"logo\":{\"@type\":\"ImageObject\",\"inLanguage\":\"en-US\",\"@id\":\"https:\/\/www.padreeustaquio.com.br\/#\/schema\/logo\/image\/\",\"url\":\"https:\/\/www.padreeustaquio.com.br\/wp-content\/uploads\/2019\/08\/marca.png\",\"contentUrl\":\"https:\/\/www.padreeustaquio.com.br\/wp-content\/uploads\/2019\/08\/marca.png\",\"width\":350,\"height\":400,\"caption\":\"Padre Eust\u00e1quio\"},\"image\":{\"@id\":\"https:\/\/www.padreeustaquio.com.br\/#\/schema\/logo\/image\/\"},\"sameAs\":[\"https:\/\/www.facebook.com\/beatopadreeustaquio\/\",\"https:\/\/x.com\/beatopeustaquio\",\"https:\/\/www.instagram.com\/beatopadreeustaquio\/\",\"https:\/\/www.youtube.com\/channel\/UCRhw7vfabnajwLxb1ZXMeIw\"]},{\"@type\":\"Person\",\"@id\":\"https:\/\/www.padreeustaquio.com.br\/#\/schema\/person\/1bbfe7b959f00a655f8ecb6cb8f3ce87\",\"name\":\"sscc\",\"image\":{\"@type\":\"ImageObject\",\"inLanguage\":\"en-US\",\"@id\":\"https:\/\/secure.gravatar.com\/avatar\/edddec27f012d36cfa3fce966238219942e4659e87f27ef7b5704f0db7007bec?s=96&d=mm&r=g\",\"url\":\"https:\/\/secure.gravatar.com\/avatar\/edddec27f012d36cfa3fce966238219942e4659e87f27ef7b5704f0db7007bec?s=96&d=mm&r=g\",\"contentUrl\":\"https:\/\/secure.gravatar.com\/avatar\/edddec27f012d36cfa3fce966238219942e4659e87f27ef7b5704f0db7007bec?s=96&d=mm&r=g\",\"caption\":\"sscc\"},\"url\":\"https:\/\/www.padreeustaquio.com.br\/en\/author\/userpde\/\"}]}<\/script>\n<!-- \/ Yoast SEO plugin. -->","yoast_head_json":{"title":"Devotees in Guarapari-ES are present during the Novena to Father Eust\u00e1quio - Father Eust\u00e1quio","robots":{"index":"index","follow":"follow","max-snippet":"max-snippet:-1","max-image-preview":"max-image-preview:large","max-video-preview":"max-video-preview:-1"},"canonical":"https:\/\/www.padreeustaquio.com.br\/en\/devotees-in-guarapari-espirito-santo-are-present-during-the-novena-to-father-eustaquio\/","og_locale":"en_US","og_type":"article","og_title":"Devotos em Guarapari-ES marcam presen\u00e7a durante a Novena \u00e0 Padre Eust\u00e1quio - Padre Eust\u00e1quio","og_description":"A Par\u00f3quia Bem-Aventurado Padre Eust\u00e1quio, localizada no bairro Concha D&#8217;Ostra, na cidade capixaba de Guarapari, tem recebido muitos devotos durante a realiza\u00e7\u00e3o da Novena \u00e0 Padre Eust\u00e1quio. Desde o dia 21 de agosto, muitos fi\u00e9is tem comparecido \u00e0 sede da Igreja Matriz para refletirem sobre a vida do religioso. A novena est\u00e1 sendo realizada em prepara\u00e7\u00e3o para a Festa do Beato Padre Eust\u00e1quio, no dia 30 de agosto. Cada dia de medita\u00e7\u00e3o, um padre \u00e9 convidado a presidir a Santa Missa e a animar os devotos na caminhada rumo ao c\u00e9u, sempre seguindo o exemplo de vida e amor \u00e0 [&hellip;]","og_url":"https:\/\/www.padreeustaquio.com.br\/en\/devotees-in-guarapari-espirito-santo-are-present-during-the-novena-to-father-eustaquio\/","og_site_name":"Padre Eust\u00e1quio","article_publisher":"https:\/\/www.facebook.com\/beatopadreeustaquio\/","article_published_time":"2018-08-26T02:36:04+00:00","article_modified_time":"2019-08-20T02:38:01+00:00","og_image":[{"width":531,"height":292,"url":"https:\/\/www.padreeustaquio.com.br\/wp-content\/uploads\/2019\/08\/010.gif","type":"image\/gif"}],"author":"sscc","twitter_card":"summary_large_image","twitter_creator":"@beatopeustaquio","twitter_site":"@beatopeustaquio","twitter_misc":{"Written by":"sscc","Est. reading time":"1 minute"},"schema":{"@context":"https:\/\/schema.org","@graph":[{"@type":"Article","@id":"https:\/\/www.padreeustaquio.com.br\/devotos-em-guarapari-es-marcam-presenca-durante-a-novena-a-padre-eustaquio\/#article","isPartOf":{"@id":"https:\/\/www.padreeustaquio.com.br\/devotos-em-guarapari-es-marcam-presenca-durante-a-novena-a-padre-eustaquio\/"},"author":{"name":"sscc","@id":"https:\/\/www.padreeustaquio.com.br\/#\/schema\/person\/1bbfe7b959f00a655f8ecb6cb8f3ce87"},"headline":"Devotos em Guarapari-ES marcam presen\u00e7a durante a Novena \u00e0 Padre Eust\u00e1quio","datePublished":"2018-08-26T02:36:04+00:00","dateModified":"2019-08-20T02:38:01+00:00","mainEntityOfPage":{"@id":"https:\/\/www.padreeustaquio.com.br\/devotos-em-guarapari-es-marcam-presenca-durante-a-novena-a-padre-eustaquio\/"},"wordCount":165,"publisher":{"@id":"https:\/\/www.padreeustaquio.com.br\/#organization"},"image":{"@id":"https:\/\/www.padreeustaquio.com.br\/devotos-em-guarapari-es-marcam-presenca-durante-a-novena-a-padre-eustaquio\/#primaryimage"},"thumbnailUrl":"https:\/\/www.padreeustaquio.com.br\/wp-content\/uploads\/2019\/08\/010.gif","articleSection":["Not\u00edcias"],"inLanguage":"en-US"},{"@type":"WebPage","@id":"https:\/\/www.padreeustaquio.com.br\/devotos-em-guarapari-es-marcam-presenca-durante-a-novena-a-padre-eustaquio\/","url":"https:\/\/www.padreeustaquio.com.br\/devotos-em-guarapari-es-marcam-presenca-durante-a-novena-a-padre-eustaquio\/","name":"Devotees in Guarapari-ES are present during the Novena to Father Eust\u00e1quio - Father Eust\u00e1quio","isPartOf":{"@id":"https:\/\/www.padreeustaquio.com.br\/#website"},"primaryImageOfPage":{"@id":"https:\/\/www.padreeustaquio.com.br\/devotos-em-guarapari-es-marcam-presenca-durante-a-novena-a-padre-eustaquio\/#primaryimage"},"image":{"@id":"https:\/\/www.padreeustaquio.com.br\/devotos-em-guarapari-es-marcam-presenca-durante-a-novena-a-padre-eustaquio\/#primaryimage"},"thumbnailUrl":"https:\/\/www.padreeustaquio.com.br\/wp-content\/uploads\/2019\/08\/010.gif","datePublished":"2018-08-26T02:36:04+00:00","dateModified":"2019-08-20T02:38:01+00:00","breadcrumb":{"@id":"https:\/\/www.padreeustaquio.com.br\/devotos-em-guarapari-es-marcam-presenca-durante-a-novena-a-padre-eustaquio\/#breadcrumb"},"inLanguage":"en-US","potentialAction":[{"@type":"ReadAction","target":["https:\/\/www.padreeustaquio.com.br\/devotos-em-guarapari-es-marcam-presenca-durante-a-novena-a-padre-eustaquio\/"]}]},{"@type":"ImageObject","inLanguage":"en-US","@id":"https:\/\/www.padreeustaquio.com.br\/devotos-em-guarapari-es-marcam-presenca-durante-a-novena-a-padre-eustaquio\/#primaryimage","url":"https:\/\/www.padreeustaquio.com.br\/wp-content\/uploads\/2019\/08\/010.gif","contentUrl":"https:\/\/www.padreeustaquio.com.br\/wp-content\/uploads\/2019\/08\/010.gif","width":531,"height":292},{"@type":"BreadcrumbList","@id":"https:\/\/www.padreeustaquio.com.br\/devotos-em-guarapari-es-marcam-presenca-durante-a-novena-a-padre-eustaquio\/#breadcrumb","itemListElement":[{"@type":"ListItem","position":1,"name":"In\u00edcio","item":"https:\/\/www.padreeustaquio.com.br\/"},{"@type":"ListItem","position":2,"name":"Devotos em Guarapari-ES marcam presen\u00e7a durante a Novena \u00e0 Padre Eust\u00e1quio"}]},{"@type":"WebSite","@id":"https:\/\/www.padreeustaquio.com.br\/#website","url":"https:\/\/www.padreeustaquio.com.br\/","name":"FATHER EUST\u00c1QUIO","description":"Health and Peace","publisher":{"@id":"https:\/\/www.padreeustaquio.com.br\/#organization"},"potentialAction":[{"@type":"SearchAction","target":{"@type":"EntryPoint","urlTemplate":"https:\/\/www.padreeustaquio.com.br\/?s={search_term_string}"},"query-input":{"@type":"PropertyValueSpecification","valueRequired":true,"valueName":"search_term_string"}}],"inLanguage":"en-US"},{"@type":"Organization","@id":"https:\/\/www.padreeustaquio.com.br\/#organization","name":"FATHER EUST\u00c1QUIO","url":"https:\/\/www.padreeustaquio.com.br\/","logo":{"@type":"ImageObject","inLanguage":"en-US","@id":"https:\/\/www.padreeustaquio.com.br\/#\/schema\/logo\/image\/","url":"https:\/\/www.padreeustaquio.com.br\/wp-content\/uploads\/2019\/08\/marca.png","contentUrl":"https:\/\/www.padreeustaquio.com.br\/wp-content\/uploads\/2019\/08\/marca.png","width":350,"height":400,"caption":"Padre Eust\u00e1quio"},"image":{"@id":"https:\/\/www.padreeustaquio.com.br\/#\/schema\/logo\/image\/"},"sameAs":["https:\/\/www.facebook.com\/beatopadreeustaquio\/","https:\/\/x.com\/beatopeustaquio","https:\/\/www.instagram.com\/beatopadreeustaquio\/","https:\/\/www.youtube.com\/channel\/UCRhw7vfabnajwLxb1ZXMeIw"]},{"@type":"Person","@id":"https:\/\/www.padreeustaquio.com.br\/#\/schema\/person\/1bbfe7b959f00a655f8ecb6cb8f3ce87","name":"sscc","image":{"@type":"ImageObject","inLanguage":"en-US","@id":"https:\/\/secure.gravatar.com\/avatar\/edddec27f012d36cfa3fce966238219942e4659e87f27ef7b5704f0db7007bec?s=96&d=mm&r=g","url":"https:\/\/secure.gravatar.com\/avatar\/edddec27f012d36cfa3fce966238219942e4659e87f27ef7b5704f0db7007bec?s=96&d=mm&r=g","contentUrl":"https:\/\/secure.gravatar.com\/avatar\/edddec27f012d36cfa3fce966238219942e4659e87f27ef7b5704f0db7007bec?s=96&d=mm&r=g","caption":"sscc"},"url":"https:\/\/www.padreeustaquio.com.br\/en\/author\/userpde\/"}]}},"_links":{"self":[{"href":"https:\/\/www.padreeustaquio.com.br\/en\/wp-json\/wp\/v2\/posts\/2870","targetHints":{"allow":["GET"]}}],"collection":[{"href":"https:\/\/www.padreeustaquio.com.br\/en\/wp-json\/wp\/v2\/posts"}],"about":[{"href":"https:\/\/www.padreeustaquio.com.br\/en\/wp-json\/wp\/v2\/types\/post"}],"author":[{"embeddable":true,"href":"https:\/\/www.padreeustaquio.com.br\/en\/wp-json\/wp\/v2\/users\/6"}],"replies":[{"embeddable":true,"href":"https:\/\/www.padreeustaquio.com.br\/en\/wp-json\/wp\/v2\/comments?post=2870"}],"version-history":[{"count":0,"href":"https:\/\/www.padreeustaquio.com.br\/en\/wp-json\/wp\/v2\/posts\/2870\/revisions"}],"wp:featuredmedia":[{"embeddable":true,"href":"https:\/\/www.padreeustaquio.com.br\/en\/wp-json\/wp\/v2\/media\/2871"}],"wp:attachment":[{"href":"https:\/\/www.padreeustaquio.com.br\/en\/wp-json\/wp\/v2\/media?parent=2870"}],"wp:term":[{"taxonomy":"category","embeddable":true,"href":"https:\/\/www.padreeustaquio.com.br\/en\/wp-json\/wp\/v2\/categories?post=2870"},{"taxonomy":"post_tag","embeddable":true,"href":"https:\/\/www.padreeustaquio.com.br\/en\/wp-json\/wp\/v2\/tags?post=2870"}],"curies":[{"name":"wp","href":"https:\/\/api.w.org\/{rel}","templated":true}]}}