{"id":2858,"date":"2018-07-19T23:17:26","date_gmt":"2018-07-20T02:17:26","guid":{"rendered":"http:\/\/br606.teste.website\/~padre078\/padreeustaquio.com.br\/?p=2858"},"modified":"2019-08-19T23:18:42","modified_gmt":"2019-08-20T02:18:42","slug":"dutch-tv-will-tell-the-story-of-father-eustaquio-in-a-special-series","status":"publish","type":"post","link":"https:\/\/www.padreeustaquio.com.br\/en\/dutch-tv-will-tell-the-story-of-father-eustaquio-in-a-special-series\/","title":{"rendered":"Dutch TV will tell the story of Father Eustace in a special series."},"content":{"rendered":"<p>\u201c&quot;Heroes of Brabant&quot; is the name of a series being broadcast on Dutch TV. In it, important people from that region are highlighted and their stories are shown on screen. According to the show&#039;s presenter, Patrick Timmermans, the next episodes will be about the life of Blessed Father Eustace and will begin by talking about the house where the religious figure was born, in Aarle Rixtel (photo).<\/p>\n<p>Filming has already begun, and soon the Dutch TV crew will be in Brazil to show the places where Father Eust\u00e1quio lived. They are expected to visit Romaria-MG, Po\u00e1-SP, and other Brazilian cities before arriving in Belo Horizonte on August 30th to show the celebration dedicated to the Blessed.<\/p>","protected":false},"excerpt":{"rendered":"<p>\u201cHer\u00f3is da Brab\u00e2ncia\u201d \u00e9 o nome de uma s\u00e9rie que est\u00e1 sendo veiculada por uma TV Holandesa. Nela, pessoas importantes daquela regi\u00e3o ganham destaque e t\u00eam sua hist\u00f3ria exibida na telinha. De acordo com o apresentador do programa, Patrick Timmermans, os pr\u00f3ximos epis\u00f3dios ser\u00e3o sobre a vida do Beato Padre Eust\u00e1quio e v\u00e3o come\u00e7ar falando da casa onde nasceu o religioso, em Aarle Rixtel (foto). As grava\u00e7\u00f5es j\u00e1 come\u00e7aram e, em breve, a euqipe da TV holandesa estar\u00e1 no Brasil para mostrar os lugares por onde Padre Eust\u00e1quio passou. A previs\u00e3o \u00e9 de que eles passem por Romaria-MG, Po\u00e1-SP e [&hellip;]<\/p>\n","protected":false},"author":6,"featured_media":2859,"comment_status":"closed","ping_status":"open","sticky":false,"template":"","format":"standard","meta":{"_acf_changed":false,"footnotes":""},"categories":[611],"tags":[],"class_list":["post-2858","post","type-post","status-publish","format-standard","has-post-thumbnail","hentry","category-noticias"],"acf":[],"yoast_head":"<!-- This site is optimized with the Yoast SEO plugin v27.2 - https:\/\/yoast.com\/product\/yoast-seo-wordpress\/ -->\n<title>TV Holandesa contar\u00e1 a hist\u00f3ria de Padre Eust\u00e1quio em s\u00e9rie especial - Padre Eust\u00e1quio<\/title>\n<meta name=\"robots\" content=\"index, follow, max-snippet:-1, max-image-preview:large, max-video-preview:-1\" \/>\n<link rel=\"canonical\" href=\"https:\/\/www.padreeustaquio.com.br\/en\/dutch-tv-will-tell-the-story-of-father-eustaquio-in-a-special-series\/\" \/>\n<meta property=\"og:locale\" content=\"en_US\" \/>\n<meta property=\"og:type\" content=\"article\" \/>\n<meta property=\"og:title\" content=\"TV Holandesa contar\u00e1 a hist\u00f3ria de Padre Eust\u00e1quio em s\u00e9rie especial - Padre Eust\u00e1quio\" \/>\n<meta property=\"og:description\" content=\"\u201cHer\u00f3is da Brab\u00e2ncia\u201d \u00e9 o nome de uma s\u00e9rie que est\u00e1 sendo veiculada por uma TV Holandesa. Nela, pessoas importantes daquela regi\u00e3o ganham destaque e t\u00eam sua hist\u00f3ria exibida na telinha. De acordo com o apresentador do programa, Patrick Timmermans, os pr\u00f3ximos epis\u00f3dios ser\u00e3o sobre a vida do Beato Padre Eust\u00e1quio e v\u00e3o come\u00e7ar falando da casa onde nasceu o religioso, em Aarle Rixtel (foto). As grava\u00e7\u00f5es j\u00e1 come\u00e7aram e, em breve, a euqipe da TV holandesa estar\u00e1 no Brasil para mostrar os lugares por onde Padre Eust\u00e1quio passou. A previs\u00e3o \u00e9 de que eles passem por Romaria-MG, Po\u00e1-SP e [&hellip;]\" \/>\n<meta property=\"og:url\" content=\"https:\/\/www.padreeustaquio.com.br\/en\/dutch-tv-will-tell-the-story-of-father-eustaquio-in-a-special-series\/\" \/>\n<meta property=\"og:site_name\" content=\"Padre Eust\u00e1quio\" \/>\n<meta property=\"article:publisher\" content=\"https:\/\/www.facebook.com\/beatopadreeustaquio\/\" \/>\n<meta property=\"article:published_time\" content=\"2018-07-20T02:17:26+00:00\" \/>\n<meta property=\"article:modified_time\" content=\"2019-08-20T02:18:42+00:00\" \/>\n<meta property=\"og:image\" content=\"https:\/\/www.padreeustaquio.com.br\/wp-content\/uploads\/2019\/08\/005.gif\" \/>\n\t<meta property=\"og:image:width\" content=\"531\" \/>\n\t<meta property=\"og:image:height\" content=\"292\" \/>\n\t<meta property=\"og:image:type\" content=\"image\/gif\" \/>\n<meta name=\"author\" content=\"sscc\" \/>\n<meta name=\"twitter:card\" content=\"summary_large_image\" \/>\n<meta name=\"twitter:creator\" content=\"@beatopeustaquio\" \/>\n<meta name=\"twitter:site\" content=\"@beatopeustaquio\" \/>\n<meta name=\"twitter:label1\" content=\"Written by\" \/>\n\t<meta name=\"twitter:data1\" content=\"sscc\" \/>\n\t<meta name=\"twitter:label2\" content=\"Est. reading time\" \/>\n\t<meta name=\"twitter:data2\" content=\"1 minute\" \/>\n<script type=\"application\/ld+json\" class=\"yoast-schema-graph\">{\"@context\":\"https:\/\/schema.org\",\"@graph\":[{\"@type\":\"Article\",\"@id\":\"https:\/\/www.padreeustaquio.com.br\/tv-holandesa-contara-a-historia-de-padre-eustaquio-em-serie-especial\/#article\",\"isPartOf\":{\"@id\":\"https:\/\/www.padreeustaquio.com.br\/tv-holandesa-contara-a-historia-de-padre-eustaquio-em-serie-especial\/\"},\"author\":{\"name\":\"sscc\",\"@id\":\"https:\/\/www.padreeustaquio.com.br\/#\/schema\/person\/1bbfe7b959f00a655f8ecb6cb8f3ce87\"},\"headline\":\"TV Holandesa contar\u00e1 a hist\u00f3ria de Padre Eust\u00e1quio em s\u00e9rie especial\",\"datePublished\":\"2018-07-20T02:17:26+00:00\",\"dateModified\":\"2019-08-20T02:18:42+00:00\",\"mainEntityOfPage\":{\"@id\":\"https:\/\/www.padreeustaquio.com.br\/tv-holandesa-contara-a-historia-de-padre-eustaquio-em-serie-especial\/\"},\"wordCount\":148,\"publisher\":{\"@id\":\"https:\/\/www.padreeustaquio.com.br\/#organization\"},\"image\":{\"@id\":\"https:\/\/www.padreeustaquio.com.br\/tv-holandesa-contara-a-historia-de-padre-eustaquio-em-serie-especial\/#primaryimage\"},\"thumbnailUrl\":\"https:\/\/www.padreeustaquio.com.br\/wp-content\/uploads\/2019\/08\/005.gif\",\"articleSection\":[\"Not\u00edcias\"],\"inLanguage\":\"en-US\"},{\"@type\":\"WebPage\",\"@id\":\"https:\/\/www.padreeustaquio.com.br\/tv-holandesa-contara-a-historia-de-padre-eustaquio-em-serie-especial\/\",\"url\":\"https:\/\/www.padreeustaquio.com.br\/tv-holandesa-contara-a-historia-de-padre-eustaquio-em-serie-especial\/\",\"name\":\"TV Holandesa contar\u00e1 a hist\u00f3ria de Padre Eust\u00e1quio em s\u00e9rie especial - Padre Eust\u00e1quio\",\"isPartOf\":{\"@id\":\"https:\/\/www.padreeustaquio.com.br\/#website\"},\"primaryImageOfPage\":{\"@id\":\"https:\/\/www.padreeustaquio.com.br\/tv-holandesa-contara-a-historia-de-padre-eustaquio-em-serie-especial\/#primaryimage\"},\"image\":{\"@id\":\"https:\/\/www.padreeustaquio.com.br\/tv-holandesa-contara-a-historia-de-padre-eustaquio-em-serie-especial\/#primaryimage\"},\"thumbnailUrl\":\"https:\/\/www.padreeustaquio.com.br\/wp-content\/uploads\/2019\/08\/005.gif\",\"datePublished\":\"2018-07-20T02:17:26+00:00\",\"dateModified\":\"2019-08-20T02:18:42+00:00\",\"breadcrumb\":{\"@id\":\"https:\/\/www.padreeustaquio.com.br\/tv-holandesa-contara-a-historia-de-padre-eustaquio-em-serie-especial\/#breadcrumb\"},\"inLanguage\":\"en-US\",\"potentialAction\":[{\"@type\":\"ReadAction\",\"target\":[\"https:\/\/www.padreeustaquio.com.br\/tv-holandesa-contara-a-historia-de-padre-eustaquio-em-serie-especial\/\"]}]},{\"@type\":\"ImageObject\",\"inLanguage\":\"en-US\",\"@id\":\"https:\/\/www.padreeustaquio.com.br\/tv-holandesa-contara-a-historia-de-padre-eustaquio-em-serie-especial\/#primaryimage\",\"url\":\"https:\/\/www.padreeustaquio.com.br\/wp-content\/uploads\/2019\/08\/005.gif\",\"contentUrl\":\"https:\/\/www.padreeustaquio.com.br\/wp-content\/uploads\/2019\/08\/005.gif\",\"width\":531,\"height\":292},{\"@type\":\"BreadcrumbList\",\"@id\":\"https:\/\/www.padreeustaquio.com.br\/tv-holandesa-contara-a-historia-de-padre-eustaquio-em-serie-especial\/#breadcrumb\",\"itemListElement\":[{\"@type\":\"ListItem\",\"position\":1,\"name\":\"In\u00edcio\",\"item\":\"https:\/\/www.padreeustaquio.com.br\/\"},{\"@type\":\"ListItem\",\"position\":2,\"name\":\"TV Holandesa contar\u00e1 a hist\u00f3ria de Padre Eust\u00e1quio em s\u00e9rie especial\"}]},{\"@type\":\"WebSite\",\"@id\":\"https:\/\/www.padreeustaquio.com.br\/#website\",\"url\":\"https:\/\/www.padreeustaquio.com.br\/\",\"name\":\"Padre Eust\u00e1quio\",\"description\":\"Sa\u00fade e Paz\",\"publisher\":{\"@id\":\"https:\/\/www.padreeustaquio.com.br\/#organization\"},\"potentialAction\":[{\"@type\":\"SearchAction\",\"target\":{\"@type\":\"EntryPoint\",\"urlTemplate\":\"https:\/\/www.padreeustaquio.com.br\/?s={search_term_string}\"},\"query-input\":{\"@type\":\"PropertyValueSpecification\",\"valueRequired\":true,\"valueName\":\"search_term_string\"}}],\"inLanguage\":\"en-US\"},{\"@type\":\"Organization\",\"@id\":\"https:\/\/www.padreeustaquio.com.br\/#organization\",\"name\":\"Padre Eust\u00e1quio\",\"url\":\"https:\/\/www.padreeustaquio.com.br\/\",\"logo\":{\"@type\":\"ImageObject\",\"inLanguage\":\"en-US\",\"@id\":\"https:\/\/www.padreeustaquio.com.br\/#\/schema\/logo\/image\/\",\"url\":\"https:\/\/www.padreeustaquio.com.br\/wp-content\/uploads\/2019\/08\/marca.png\",\"contentUrl\":\"https:\/\/www.padreeustaquio.com.br\/wp-content\/uploads\/2019\/08\/marca.png\",\"width\":350,\"height\":400,\"caption\":\"Padre Eust\u00e1quio\"},\"image\":{\"@id\":\"https:\/\/www.padreeustaquio.com.br\/#\/schema\/logo\/image\/\"},\"sameAs\":[\"https:\/\/www.facebook.com\/beatopadreeustaquio\/\",\"https:\/\/x.com\/beatopeustaquio\",\"https:\/\/www.instagram.com\/beatopadreeustaquio\/\",\"https:\/\/www.youtube.com\/channel\/UCRhw7vfabnajwLxb1ZXMeIw\"]},{\"@type\":\"Person\",\"@id\":\"https:\/\/www.padreeustaquio.com.br\/#\/schema\/person\/1bbfe7b959f00a655f8ecb6cb8f3ce87\",\"name\":\"sscc\",\"image\":{\"@type\":\"ImageObject\",\"inLanguage\":\"en-US\",\"@id\":\"https:\/\/secure.gravatar.com\/avatar\/edddec27f012d36cfa3fce966238219942e4659e87f27ef7b5704f0db7007bec?s=96&d=mm&r=g\",\"url\":\"https:\/\/secure.gravatar.com\/avatar\/edddec27f012d36cfa3fce966238219942e4659e87f27ef7b5704f0db7007bec?s=96&d=mm&r=g\",\"contentUrl\":\"https:\/\/secure.gravatar.com\/avatar\/edddec27f012d36cfa3fce966238219942e4659e87f27ef7b5704f0db7007bec?s=96&d=mm&r=g\",\"caption\":\"sscc\"},\"url\":\"https:\/\/www.padreeustaquio.com.br\/en\/author\/userpde\/\"}]}<\/script>\n<!-- \/ Yoast SEO plugin. -->","yoast_head_json":{"title":"Dutch TV will tell the story of Father Eustace in a special series - Father Eustace","robots":{"index":"index","follow":"follow","max-snippet":"max-snippet:-1","max-image-preview":"max-image-preview:large","max-video-preview":"max-video-preview:-1"},"canonical":"https:\/\/www.padreeustaquio.com.br\/en\/dutch-tv-will-tell-the-story-of-father-eustaquio-in-a-special-series\/","og_locale":"en_US","og_type":"article","og_title":"TV Holandesa contar\u00e1 a hist\u00f3ria de Padre Eust\u00e1quio em s\u00e9rie especial - Padre Eust\u00e1quio","og_description":"\u201cHer\u00f3is da Brab\u00e2ncia\u201d \u00e9 o nome de uma s\u00e9rie que est\u00e1 sendo veiculada por uma TV Holandesa. Nela, pessoas importantes daquela regi\u00e3o ganham destaque e t\u00eam sua hist\u00f3ria exibida na telinha. De acordo com o apresentador do programa, Patrick Timmermans, os pr\u00f3ximos epis\u00f3dios ser\u00e3o sobre a vida do Beato Padre Eust\u00e1quio e v\u00e3o come\u00e7ar falando da casa onde nasceu o religioso, em Aarle Rixtel (foto). As grava\u00e7\u00f5es j\u00e1 come\u00e7aram e, em breve, a euqipe da TV holandesa estar\u00e1 no Brasil para mostrar os lugares por onde Padre Eust\u00e1quio passou. A previs\u00e3o \u00e9 de que eles passem por Romaria-MG, Po\u00e1-SP e [&hellip;]","og_url":"https:\/\/www.padreeustaquio.com.br\/en\/dutch-tv-will-tell-the-story-of-father-eustaquio-in-a-special-series\/","og_site_name":"Padre Eust\u00e1quio","article_publisher":"https:\/\/www.facebook.com\/beatopadreeustaquio\/","article_published_time":"2018-07-20T02:17:26+00:00","article_modified_time":"2019-08-20T02:18:42+00:00","og_image":[{"width":531,"height":292,"url":"https:\/\/www.padreeustaquio.com.br\/wp-content\/uploads\/2019\/08\/005.gif","type":"image\/gif"}],"author":"sscc","twitter_card":"summary_large_image","twitter_creator":"@beatopeustaquio","twitter_site":"@beatopeustaquio","twitter_misc":{"Written by":"sscc","Est. reading time":"1 minute"},"schema":{"@context":"https:\/\/schema.org","@graph":[{"@type":"Article","@id":"https:\/\/www.padreeustaquio.com.br\/tv-holandesa-contara-a-historia-de-padre-eustaquio-em-serie-especial\/#article","isPartOf":{"@id":"https:\/\/www.padreeustaquio.com.br\/tv-holandesa-contara-a-historia-de-padre-eustaquio-em-serie-especial\/"},"author":{"name":"sscc","@id":"https:\/\/www.padreeustaquio.com.br\/#\/schema\/person\/1bbfe7b959f00a655f8ecb6cb8f3ce87"},"headline":"TV Holandesa contar\u00e1 a hist\u00f3ria de Padre Eust\u00e1quio em s\u00e9rie especial","datePublished":"2018-07-20T02:17:26+00:00","dateModified":"2019-08-20T02:18:42+00:00","mainEntityOfPage":{"@id":"https:\/\/www.padreeustaquio.com.br\/tv-holandesa-contara-a-historia-de-padre-eustaquio-em-serie-especial\/"},"wordCount":148,"publisher":{"@id":"https:\/\/www.padreeustaquio.com.br\/#organization"},"image":{"@id":"https:\/\/www.padreeustaquio.com.br\/tv-holandesa-contara-a-historia-de-padre-eustaquio-em-serie-especial\/#primaryimage"},"thumbnailUrl":"https:\/\/www.padreeustaquio.com.br\/wp-content\/uploads\/2019\/08\/005.gif","articleSection":["Not\u00edcias"],"inLanguage":"en-US"},{"@type":"WebPage","@id":"https:\/\/www.padreeustaquio.com.br\/tv-holandesa-contara-a-historia-de-padre-eustaquio-em-serie-especial\/","url":"https:\/\/www.padreeustaquio.com.br\/tv-holandesa-contara-a-historia-de-padre-eustaquio-em-serie-especial\/","name":"Dutch TV will tell the story of Father Eustace in a special series - Father Eustace","isPartOf":{"@id":"https:\/\/www.padreeustaquio.com.br\/#website"},"primaryImageOfPage":{"@id":"https:\/\/www.padreeustaquio.com.br\/tv-holandesa-contara-a-historia-de-padre-eustaquio-em-serie-especial\/#primaryimage"},"image":{"@id":"https:\/\/www.padreeustaquio.com.br\/tv-holandesa-contara-a-historia-de-padre-eustaquio-em-serie-especial\/#primaryimage"},"thumbnailUrl":"https:\/\/www.padreeustaquio.com.br\/wp-content\/uploads\/2019\/08\/005.gif","datePublished":"2018-07-20T02:17:26+00:00","dateModified":"2019-08-20T02:18:42+00:00","breadcrumb":{"@id":"https:\/\/www.padreeustaquio.com.br\/tv-holandesa-contara-a-historia-de-padre-eustaquio-em-serie-especial\/#breadcrumb"},"inLanguage":"en-US","potentialAction":[{"@type":"ReadAction","target":["https:\/\/www.padreeustaquio.com.br\/tv-holandesa-contara-a-historia-de-padre-eustaquio-em-serie-especial\/"]}]},{"@type":"ImageObject","inLanguage":"en-US","@id":"https:\/\/www.padreeustaquio.com.br\/tv-holandesa-contara-a-historia-de-padre-eustaquio-em-serie-especial\/#primaryimage","url":"https:\/\/www.padreeustaquio.com.br\/wp-content\/uploads\/2019\/08\/005.gif","contentUrl":"https:\/\/www.padreeustaquio.com.br\/wp-content\/uploads\/2019\/08\/005.gif","width":531,"height":292},{"@type":"BreadcrumbList","@id":"https:\/\/www.padreeustaquio.com.br\/tv-holandesa-contara-a-historia-de-padre-eustaquio-em-serie-especial\/#breadcrumb","itemListElement":[{"@type":"ListItem","position":1,"name":"In\u00edcio","item":"https:\/\/www.padreeustaquio.com.br\/"},{"@type":"ListItem","position":2,"name":"TV Holandesa contar\u00e1 a hist\u00f3ria de Padre Eust\u00e1quio em s\u00e9rie especial"}]},{"@type":"WebSite","@id":"https:\/\/www.padreeustaquio.com.br\/#website","url":"https:\/\/www.padreeustaquio.com.br\/","name":"FATHER EUST\u00c1QUIO","description":"Health and Peace","publisher":{"@id":"https:\/\/www.padreeustaquio.com.br\/#organization"},"potentialAction":[{"@type":"SearchAction","target":{"@type":"EntryPoint","urlTemplate":"https:\/\/www.padreeustaquio.com.br\/?s={search_term_string}"},"query-input":{"@type":"PropertyValueSpecification","valueRequired":true,"valueName":"search_term_string"}}],"inLanguage":"en-US"},{"@type":"Organization","@id":"https:\/\/www.padreeustaquio.com.br\/#organization","name":"FATHER EUST\u00c1QUIO","url":"https:\/\/www.padreeustaquio.com.br\/","logo":{"@type":"ImageObject","inLanguage":"en-US","@id":"https:\/\/www.padreeustaquio.com.br\/#\/schema\/logo\/image\/","url":"https:\/\/www.padreeustaquio.com.br\/wp-content\/uploads\/2019\/08\/marca.png","contentUrl":"https:\/\/www.padreeustaquio.com.br\/wp-content\/uploads\/2019\/08\/marca.png","width":350,"height":400,"caption":"Padre Eust\u00e1quio"},"image":{"@id":"https:\/\/www.padreeustaquio.com.br\/#\/schema\/logo\/image\/"},"sameAs":["https:\/\/www.facebook.com\/beatopadreeustaquio\/","https:\/\/x.com\/beatopeustaquio","https:\/\/www.instagram.com\/beatopadreeustaquio\/","https:\/\/www.youtube.com\/channel\/UCRhw7vfabnajwLxb1ZXMeIw"]},{"@type":"Person","@id":"https:\/\/www.padreeustaquio.com.br\/#\/schema\/person\/1bbfe7b959f00a655f8ecb6cb8f3ce87","name":"sscc","image":{"@type":"ImageObject","inLanguage":"en-US","@id":"https:\/\/secure.gravatar.com\/avatar\/edddec27f012d36cfa3fce966238219942e4659e87f27ef7b5704f0db7007bec?s=96&d=mm&r=g","url":"https:\/\/secure.gravatar.com\/avatar\/edddec27f012d36cfa3fce966238219942e4659e87f27ef7b5704f0db7007bec?s=96&d=mm&r=g","contentUrl":"https:\/\/secure.gravatar.com\/avatar\/edddec27f012d36cfa3fce966238219942e4659e87f27ef7b5704f0db7007bec?s=96&d=mm&r=g","caption":"sscc"},"url":"https:\/\/www.padreeustaquio.com.br\/en\/author\/userpde\/"}]}},"_links":{"self":[{"href":"https:\/\/www.padreeustaquio.com.br\/en\/wp-json\/wp\/v2\/posts\/2858","targetHints":{"allow":["GET"]}}],"collection":[{"href":"https:\/\/www.padreeustaquio.com.br\/en\/wp-json\/wp\/v2\/posts"}],"about":[{"href":"https:\/\/www.padreeustaquio.com.br\/en\/wp-json\/wp\/v2\/types\/post"}],"author":[{"embeddable":true,"href":"https:\/\/www.padreeustaquio.com.br\/en\/wp-json\/wp\/v2\/users\/6"}],"replies":[{"embeddable":true,"href":"https:\/\/www.padreeustaquio.com.br\/en\/wp-json\/wp\/v2\/comments?post=2858"}],"version-history":[{"count":0,"href":"https:\/\/www.padreeustaquio.com.br\/en\/wp-json\/wp\/v2\/posts\/2858\/revisions"}],"wp:featuredmedia":[{"embeddable":true,"href":"https:\/\/www.padreeustaquio.com.br\/en\/wp-json\/wp\/v2\/media\/2859"}],"wp:attachment":[{"href":"https:\/\/www.padreeustaquio.com.br\/en\/wp-json\/wp\/v2\/media?parent=2858"}],"wp:term":[{"taxonomy":"category","embeddable":true,"href":"https:\/\/www.padreeustaquio.com.br\/en\/wp-json\/wp\/v2\/categories?post=2858"},{"taxonomy":"post_tag","embeddable":true,"href":"https:\/\/www.padreeustaquio.com.br\/en\/wp-json\/wp\/v2\/tags?post=2858"}],"curies":[{"name":"wp","href":"https:\/\/api.w.org\/{rel}","templated":true}]}}