{"id":2855,"date":"2018-01-17T23:15:26","date_gmt":"2018-01-18T01:15:26","guid":{"rendered":"http:\/\/br606.teste.website\/~padre078\/padreeustaquio.com.br\/?p=2855"},"modified":"2019-08-19T23:16:26","modified_gmt":"2019-08-20T02:16:26","slug":"the-set-for-the-manha-viva-show-on-tv-cancao-nova-will-now-feature-an-image-of-father-eustaquio","status":"publish","type":"post","link":"https:\/\/www.padreeustaquio.com.br\/en\/the-set-for-the-manha-viva-show-on-tv-cancao-nova-will-now-feature-an-image-of-father-eustaquio\/","title":{"rendered":"The set for the &quot;Manh\u00e3 Viva&quot; program on TV Can\u00e7\u00e3o Nova will now feature an image of Father Eust\u00e1quio."},"content":{"rendered":"<p>On August 29, 2017, the day before celebrating the feast of Blessed Father Eust\u00e1quio, the team from the Manh\u00e3 Viva program on TV Can\u00e7\u00e3o Nova received an image of the Blessed Father on the program&#039;s set. &#039;From now on we have another patron, a godfather of our program, it&#039;s Father Eust\u00e1quio!&#039;, commented the presenter, Roselaine Iria.<\/p>\n<p>The gift was donated by the vice-postulator of the Cause of Canonization, Father Marcus Vin\u00edcius Maciel, SSCC, during the week in which the church celebrates 74 years since the death of Father Eust\u00e1quio. During a visit to the Catholic television station&#039;s studio in Belo Horizonte, Father Vin\u00edcius invited the Brazilian population to celebrate the date, asking God that another miracle be recognized so that the religious figure can be proclaimed a saint soon.<\/p>\n<p><strong>Relics of Father Eust\u00e1quio are highlighted.<\/strong><\/p>\n<p>Days after the celebration, more precisely on September 6th, the same program presented a segment entirely dedicated to the relics of Father Eust\u00e1quio to the whole of Brazil. The Manh\u00e3 Viva team explained everything about the holy relics, using the Dutch religious figure as an example.<\/p>\n<p>The program, which lasts an hour, dedicated half of its time to relics. Questions about how devotion to relics originated in the church, what types exist and are approved by the Holy See, and other issues were clarified during the show.<\/p>\n<p>Watch the video on the Padre Eust\u00e1quio Channel and see everything that happened on Manh\u00e3 Viva.<\/p>\n<p>The Can\u00e7\u00e3o Nova TV program airs throughout Brazil on Mondays, Tuesdays, Wednesdays, and Fridays at 9:30 AM.<\/p>","protected":false},"excerpt":{"rendered":"<p>No dia 29 de agosto de 2017, um dia antes de celebrar a festa do Beato Padre Eust\u00e1quio, a equipe do programa Manh\u00e3 Viva, da TV Can\u00e7\u00e3o Nova, recebeu a imagem do Beato no cen\u00e1rio do programa. &#8216;A partir de agora temos mais um patrono, um padrinho do nosso programa, \u00e9 o Padre Eust\u00e1quio!&#8217;, comentou a apresentadora, Roselaine Iria. O presente foi doado pelo vice-postulador da Causa de Canoniza\u00e7\u00e3o, Padre Marcus Vin\u00edcius Maciel, SSCC, na semana em que a igreja celebra 74 anos da morte de Padre Eust\u00e1quio. Em uma visita ao est\u00fadio da emissora cat\u00f3lica em Belo Horizonte, Padre [&hellip;]<\/p>\n","protected":false},"author":6,"featured_media":2856,"comment_status":"closed","ping_status":"open","sticky":false,"template":"","format":"standard","meta":{"_acf_changed":false,"footnotes":""},"categories":[611],"tags":[],"class_list":["post-2855","post","type-post","status-publish","format-standard","has-post-thumbnail","hentry","category-noticias"],"acf":[],"yoast_head":"<!-- This site is optimized with the Yoast SEO plugin v27.2 - https:\/\/yoast.com\/product\/yoast-seo-wordpress\/ -->\n<title>Cen\u00e1rio do Manh\u00e3 Viva, da TV Can\u00e7\u00e3o Nova, passa a ter imagem de Padre Eust\u00e1quio - Padre Eust\u00e1quio<\/title>\n<meta name=\"robots\" content=\"index, follow, max-snippet:-1, max-image-preview:large, max-video-preview:-1\" \/>\n<link rel=\"canonical\" href=\"https:\/\/www.padreeustaquio.com.br\/en\/the-set-for-the-manha-viva-show-on-tv-cancao-nova-will-now-feature-an-image-of-father-eustaquio\/\" \/>\n<meta property=\"og:locale\" content=\"en_US\" \/>\n<meta property=\"og:type\" content=\"article\" \/>\n<meta property=\"og:title\" content=\"Cen\u00e1rio do Manh\u00e3 Viva, da TV Can\u00e7\u00e3o Nova, passa a ter imagem de Padre Eust\u00e1quio - Padre Eust\u00e1quio\" \/>\n<meta property=\"og:description\" content=\"No dia 29 de agosto de 2017, um dia antes de celebrar a festa do Beato Padre Eust\u00e1quio, a equipe do programa Manh\u00e3 Viva, da TV Can\u00e7\u00e3o Nova, recebeu a imagem do Beato no cen\u00e1rio do programa. &#8216;A partir de agora temos mais um patrono, um padrinho do nosso programa, \u00e9 o Padre Eust\u00e1quio!&#8217;, comentou a apresentadora, Roselaine Iria. O presente foi doado pelo vice-postulador da Causa de Canoniza\u00e7\u00e3o, Padre Marcus Vin\u00edcius Maciel, SSCC, na semana em que a igreja celebra 74 anos da morte de Padre Eust\u00e1quio. Em uma visita ao est\u00fadio da emissora cat\u00f3lica em Belo Horizonte, Padre [&hellip;]\" \/>\n<meta property=\"og:url\" content=\"https:\/\/www.padreeustaquio.com.br\/en\/the-set-for-the-manha-viva-show-on-tv-cancao-nova-will-now-feature-an-image-of-father-eustaquio\/\" \/>\n<meta property=\"og:site_name\" content=\"Padre Eust\u00e1quio\" \/>\n<meta property=\"article:publisher\" content=\"https:\/\/www.facebook.com\/beatopadreeustaquio\/\" \/>\n<meta property=\"article:published_time\" content=\"2018-01-18T01:15:26+00:00\" \/>\n<meta property=\"article:modified_time\" content=\"2019-08-20T02:16:26+00:00\" \/>\n<meta property=\"og:image\" content=\"https:\/\/www.padreeustaquio.com.br\/wp-content\/uploads\/2019\/08\/AF840285-8775-4A5C-967D-2C116FEFB8E5_tv-cancao-nova.jpg\" \/>\n\t<meta property=\"og:image:width\" content=\"555\" \/>\n\t<meta property=\"og:image:height\" content=\"410\" \/>\n\t<meta property=\"og:image:type\" content=\"image\/jpeg\" \/>\n<meta name=\"author\" content=\"sscc\" \/>\n<meta name=\"twitter:card\" content=\"summary_large_image\" \/>\n<meta name=\"twitter:creator\" content=\"@beatopeustaquio\" \/>\n<meta name=\"twitter:site\" content=\"@beatopeustaquio\" \/>\n<meta name=\"twitter:label1\" content=\"Written by\" \/>\n\t<meta name=\"twitter:data1\" content=\"sscc\" \/>\n\t<meta name=\"twitter:label2\" content=\"Est. reading time\" \/>\n\t<meta name=\"twitter:data2\" content=\"1 minute\" \/>\n<script type=\"application\/ld+json\" class=\"yoast-schema-graph\">{\"@context\":\"https:\/\/schema.org\",\"@graph\":[{\"@type\":\"Article\",\"@id\":\"https:\/\/www.padreeustaquio.com.br\/cenario-do-manha-viva-da-tv-cancao-nova-passa-a-ter-imagem-de-padre-eustaquio\/#article\",\"isPartOf\":{\"@id\":\"https:\/\/www.padreeustaquio.com.br\/cenario-do-manha-viva-da-tv-cancao-nova-passa-a-ter-imagem-de-padre-eustaquio\/\"},\"author\":{\"name\":\"sscc\",\"@id\":\"https:\/\/www.padreeustaquio.com.br\/#\/schema\/person\/1bbfe7b959f00a655f8ecb6cb8f3ce87\"},\"headline\":\"Cen\u00e1rio do Manh\u00e3 Viva, da TV Can\u00e7\u00e3o Nova, passa a ter imagem de Padre Eust\u00e1quio\",\"datePublished\":\"2018-01-18T01:15:26+00:00\",\"dateModified\":\"2019-08-20T02:16:26+00:00\",\"mainEntityOfPage\":{\"@id\":\"https:\/\/www.padreeustaquio.com.br\/cenario-do-manha-viva-da-tv-cancao-nova-passa-a-ter-imagem-de-padre-eustaquio\/\"},\"wordCount\":301,\"publisher\":{\"@id\":\"https:\/\/www.padreeustaquio.com.br\/#organization\"},\"image\":{\"@id\":\"https:\/\/www.padreeustaquio.com.br\/cenario-do-manha-viva-da-tv-cancao-nova-passa-a-ter-imagem-de-padre-eustaquio\/#primaryimage\"},\"thumbnailUrl\":\"https:\/\/www.padreeustaquio.com.br\/wp-content\/uploads\/2019\/08\/AF840285-8775-4A5C-967D-2C116FEFB8E5_tv-cancao-nova.jpg\",\"articleSection\":[\"Not\u00edcias\"],\"inLanguage\":\"en-US\"},{\"@type\":\"WebPage\",\"@id\":\"https:\/\/www.padreeustaquio.com.br\/cenario-do-manha-viva-da-tv-cancao-nova-passa-a-ter-imagem-de-padre-eustaquio\/\",\"url\":\"https:\/\/www.padreeustaquio.com.br\/cenario-do-manha-viva-da-tv-cancao-nova-passa-a-ter-imagem-de-padre-eustaquio\/\",\"name\":\"Cen\u00e1rio do Manh\u00e3 Viva, da TV Can\u00e7\u00e3o Nova, passa a ter imagem de Padre Eust\u00e1quio - Padre Eust\u00e1quio\",\"isPartOf\":{\"@id\":\"https:\/\/www.padreeustaquio.com.br\/#website\"},\"primaryImageOfPage\":{\"@id\":\"https:\/\/www.padreeustaquio.com.br\/cenario-do-manha-viva-da-tv-cancao-nova-passa-a-ter-imagem-de-padre-eustaquio\/#primaryimage\"},\"image\":{\"@id\":\"https:\/\/www.padreeustaquio.com.br\/cenario-do-manha-viva-da-tv-cancao-nova-passa-a-ter-imagem-de-padre-eustaquio\/#primaryimage\"},\"thumbnailUrl\":\"https:\/\/www.padreeustaquio.com.br\/wp-content\/uploads\/2019\/08\/AF840285-8775-4A5C-967D-2C116FEFB8E5_tv-cancao-nova.jpg\",\"datePublished\":\"2018-01-18T01:15:26+00:00\",\"dateModified\":\"2019-08-20T02:16:26+00:00\",\"breadcrumb\":{\"@id\":\"https:\/\/www.padreeustaquio.com.br\/cenario-do-manha-viva-da-tv-cancao-nova-passa-a-ter-imagem-de-padre-eustaquio\/#breadcrumb\"},\"inLanguage\":\"en-US\",\"potentialAction\":[{\"@type\":\"ReadAction\",\"target\":[\"https:\/\/www.padreeustaquio.com.br\/cenario-do-manha-viva-da-tv-cancao-nova-passa-a-ter-imagem-de-padre-eustaquio\/\"]}]},{\"@type\":\"ImageObject\",\"inLanguage\":\"en-US\",\"@id\":\"https:\/\/www.padreeustaquio.com.br\/cenario-do-manha-viva-da-tv-cancao-nova-passa-a-ter-imagem-de-padre-eustaquio\/#primaryimage\",\"url\":\"https:\/\/www.padreeustaquio.com.br\/wp-content\/uploads\/2019\/08\/AF840285-8775-4A5C-967D-2C116FEFB8E5_tv-cancao-nova.jpg\",\"contentUrl\":\"https:\/\/www.padreeustaquio.com.br\/wp-content\/uploads\/2019\/08\/AF840285-8775-4A5C-967D-2C116FEFB8E5_tv-cancao-nova.jpg\",\"width\":555,\"height\":410},{\"@type\":\"BreadcrumbList\",\"@id\":\"https:\/\/www.padreeustaquio.com.br\/cenario-do-manha-viva-da-tv-cancao-nova-passa-a-ter-imagem-de-padre-eustaquio\/#breadcrumb\",\"itemListElement\":[{\"@type\":\"ListItem\",\"position\":1,\"name\":\"In\u00edcio\",\"item\":\"https:\/\/www.padreeustaquio.com.br\/\"},{\"@type\":\"ListItem\",\"position\":2,\"name\":\"Cen\u00e1rio do Manh\u00e3 Viva, da TV Can\u00e7\u00e3o Nova, passa a ter imagem de Padre Eust\u00e1quio\"}]},{\"@type\":\"WebSite\",\"@id\":\"https:\/\/www.padreeustaquio.com.br\/#website\",\"url\":\"https:\/\/www.padreeustaquio.com.br\/\",\"name\":\"Padre Eust\u00e1quio\",\"description\":\"Sa\u00fade e Paz\",\"publisher\":{\"@id\":\"https:\/\/www.padreeustaquio.com.br\/#organization\"},\"potentialAction\":[{\"@type\":\"SearchAction\",\"target\":{\"@type\":\"EntryPoint\",\"urlTemplate\":\"https:\/\/www.padreeustaquio.com.br\/?s={search_term_string}\"},\"query-input\":{\"@type\":\"PropertyValueSpecification\",\"valueRequired\":true,\"valueName\":\"search_term_string\"}}],\"inLanguage\":\"en-US\"},{\"@type\":\"Organization\",\"@id\":\"https:\/\/www.padreeustaquio.com.br\/#organization\",\"name\":\"Padre Eust\u00e1quio\",\"url\":\"https:\/\/www.padreeustaquio.com.br\/\",\"logo\":{\"@type\":\"ImageObject\",\"inLanguage\":\"en-US\",\"@id\":\"https:\/\/www.padreeustaquio.com.br\/#\/schema\/logo\/image\/\",\"url\":\"https:\/\/www.padreeustaquio.com.br\/wp-content\/uploads\/2019\/08\/marca.png\",\"contentUrl\":\"https:\/\/www.padreeustaquio.com.br\/wp-content\/uploads\/2019\/08\/marca.png\",\"width\":350,\"height\":400,\"caption\":\"Padre Eust\u00e1quio\"},\"image\":{\"@id\":\"https:\/\/www.padreeustaquio.com.br\/#\/schema\/logo\/image\/\"},\"sameAs\":[\"https:\/\/www.facebook.com\/beatopadreeustaquio\/\",\"https:\/\/x.com\/beatopeustaquio\",\"https:\/\/www.instagram.com\/beatopadreeustaquio\/\",\"https:\/\/www.youtube.com\/channel\/UCRhw7vfabnajwLxb1ZXMeIw\"]},{\"@type\":\"Person\",\"@id\":\"https:\/\/www.padreeustaquio.com.br\/#\/schema\/person\/1bbfe7b959f00a655f8ecb6cb8f3ce87\",\"name\":\"sscc\",\"image\":{\"@type\":\"ImageObject\",\"inLanguage\":\"en-US\",\"@id\":\"https:\/\/secure.gravatar.com\/avatar\/edddec27f012d36cfa3fce966238219942e4659e87f27ef7b5704f0db7007bec?s=96&d=mm&r=g\",\"url\":\"https:\/\/secure.gravatar.com\/avatar\/edddec27f012d36cfa3fce966238219942e4659e87f27ef7b5704f0db7007bec?s=96&d=mm&r=g\",\"contentUrl\":\"https:\/\/secure.gravatar.com\/avatar\/edddec27f012d36cfa3fce966238219942e4659e87f27ef7b5704f0db7007bec?s=96&d=mm&r=g\",\"caption\":\"sscc\"},\"url\":\"https:\/\/www.padreeustaquio.com.br\/en\/author\/userpde\/\"}]}<\/script>\n<!-- \/ Yoast SEO plugin. -->","yoast_head_json":{"title":"The set for the &quot;Manh\u00e3 Viva&quot; program on TV Can\u00e7\u00e3o Nova will now feature an image of Father Eust\u00e1quio.","robots":{"index":"index","follow":"follow","max-snippet":"max-snippet:-1","max-image-preview":"max-image-preview:large","max-video-preview":"max-video-preview:-1"},"canonical":"https:\/\/www.padreeustaquio.com.br\/en\/the-set-for-the-manha-viva-show-on-tv-cancao-nova-will-now-feature-an-image-of-father-eustaquio\/","og_locale":"en_US","og_type":"article","og_title":"Cen\u00e1rio do Manh\u00e3 Viva, da TV Can\u00e7\u00e3o Nova, passa a ter imagem de Padre Eust\u00e1quio - Padre Eust\u00e1quio","og_description":"No dia 29 de agosto de 2017, um dia antes de celebrar a festa do Beato Padre Eust\u00e1quio, a equipe do programa Manh\u00e3 Viva, da TV Can\u00e7\u00e3o Nova, recebeu a imagem do Beato no cen\u00e1rio do programa. &#8216;A partir de agora temos mais um patrono, um padrinho do nosso programa, \u00e9 o Padre Eust\u00e1quio!&#8217;, comentou a apresentadora, Roselaine Iria. O presente foi doado pelo vice-postulador da Causa de Canoniza\u00e7\u00e3o, Padre Marcus Vin\u00edcius Maciel, SSCC, na semana em que a igreja celebra 74 anos da morte de Padre Eust\u00e1quio. Em uma visita ao est\u00fadio da emissora cat\u00f3lica em Belo Horizonte, Padre [&hellip;]","og_url":"https:\/\/www.padreeustaquio.com.br\/en\/the-set-for-the-manha-viva-show-on-tv-cancao-nova-will-now-feature-an-image-of-father-eustaquio\/","og_site_name":"Padre Eust\u00e1quio","article_publisher":"https:\/\/www.facebook.com\/beatopadreeustaquio\/","article_published_time":"2018-01-18T01:15:26+00:00","article_modified_time":"2019-08-20T02:16:26+00:00","og_image":[{"width":555,"height":410,"url":"https:\/\/www.padreeustaquio.com.br\/wp-content\/uploads\/2019\/08\/AF840285-8775-4A5C-967D-2C116FEFB8E5_tv-cancao-nova.jpg","type":"image\/jpeg"}],"author":"sscc","twitter_card":"summary_large_image","twitter_creator":"@beatopeustaquio","twitter_site":"@beatopeustaquio","twitter_misc":{"Written by":"sscc","Est. reading time":"1 minute"},"schema":{"@context":"https:\/\/schema.org","@graph":[{"@type":"Article","@id":"https:\/\/www.padreeustaquio.com.br\/cenario-do-manha-viva-da-tv-cancao-nova-passa-a-ter-imagem-de-padre-eustaquio\/#article","isPartOf":{"@id":"https:\/\/www.padreeustaquio.com.br\/cenario-do-manha-viva-da-tv-cancao-nova-passa-a-ter-imagem-de-padre-eustaquio\/"},"author":{"name":"sscc","@id":"https:\/\/www.padreeustaquio.com.br\/#\/schema\/person\/1bbfe7b959f00a655f8ecb6cb8f3ce87"},"headline":"Cen\u00e1rio do Manh\u00e3 Viva, da TV Can\u00e7\u00e3o Nova, passa a ter imagem de Padre Eust\u00e1quio","datePublished":"2018-01-18T01:15:26+00:00","dateModified":"2019-08-20T02:16:26+00:00","mainEntityOfPage":{"@id":"https:\/\/www.padreeustaquio.com.br\/cenario-do-manha-viva-da-tv-cancao-nova-passa-a-ter-imagem-de-padre-eustaquio\/"},"wordCount":301,"publisher":{"@id":"https:\/\/www.padreeustaquio.com.br\/#organization"},"image":{"@id":"https:\/\/www.padreeustaquio.com.br\/cenario-do-manha-viva-da-tv-cancao-nova-passa-a-ter-imagem-de-padre-eustaquio\/#primaryimage"},"thumbnailUrl":"https:\/\/www.padreeustaquio.com.br\/wp-content\/uploads\/2019\/08\/AF840285-8775-4A5C-967D-2C116FEFB8E5_tv-cancao-nova.jpg","articleSection":["Not\u00edcias"],"inLanguage":"en-US"},{"@type":"WebPage","@id":"https:\/\/www.padreeustaquio.com.br\/cenario-do-manha-viva-da-tv-cancao-nova-passa-a-ter-imagem-de-padre-eustaquio\/","url":"https:\/\/www.padreeustaquio.com.br\/cenario-do-manha-viva-da-tv-cancao-nova-passa-a-ter-imagem-de-padre-eustaquio\/","name":"The set for the &quot;Manh\u00e3 Viva&quot; program on TV Can\u00e7\u00e3o Nova will now feature an image of Father Eust\u00e1quio.","isPartOf":{"@id":"https:\/\/www.padreeustaquio.com.br\/#website"},"primaryImageOfPage":{"@id":"https:\/\/www.padreeustaquio.com.br\/cenario-do-manha-viva-da-tv-cancao-nova-passa-a-ter-imagem-de-padre-eustaquio\/#primaryimage"},"image":{"@id":"https:\/\/www.padreeustaquio.com.br\/cenario-do-manha-viva-da-tv-cancao-nova-passa-a-ter-imagem-de-padre-eustaquio\/#primaryimage"},"thumbnailUrl":"https:\/\/www.padreeustaquio.com.br\/wp-content\/uploads\/2019\/08\/AF840285-8775-4A5C-967D-2C116FEFB8E5_tv-cancao-nova.jpg","datePublished":"2018-01-18T01:15:26+00:00","dateModified":"2019-08-20T02:16:26+00:00","breadcrumb":{"@id":"https:\/\/www.padreeustaquio.com.br\/cenario-do-manha-viva-da-tv-cancao-nova-passa-a-ter-imagem-de-padre-eustaquio\/#breadcrumb"},"inLanguage":"en-US","potentialAction":[{"@type":"ReadAction","target":["https:\/\/www.padreeustaquio.com.br\/cenario-do-manha-viva-da-tv-cancao-nova-passa-a-ter-imagem-de-padre-eustaquio\/"]}]},{"@type":"ImageObject","inLanguage":"en-US","@id":"https:\/\/www.padreeustaquio.com.br\/cenario-do-manha-viva-da-tv-cancao-nova-passa-a-ter-imagem-de-padre-eustaquio\/#primaryimage","url":"https:\/\/www.padreeustaquio.com.br\/wp-content\/uploads\/2019\/08\/AF840285-8775-4A5C-967D-2C116FEFB8E5_tv-cancao-nova.jpg","contentUrl":"https:\/\/www.padreeustaquio.com.br\/wp-content\/uploads\/2019\/08\/AF840285-8775-4A5C-967D-2C116FEFB8E5_tv-cancao-nova.jpg","width":555,"height":410},{"@type":"BreadcrumbList","@id":"https:\/\/www.padreeustaquio.com.br\/cenario-do-manha-viva-da-tv-cancao-nova-passa-a-ter-imagem-de-padre-eustaquio\/#breadcrumb","itemListElement":[{"@type":"ListItem","position":1,"name":"In\u00edcio","item":"https:\/\/www.padreeustaquio.com.br\/"},{"@type":"ListItem","position":2,"name":"Cen\u00e1rio do Manh\u00e3 Viva, da TV Can\u00e7\u00e3o Nova, passa a ter imagem de Padre Eust\u00e1quio"}]},{"@type":"WebSite","@id":"https:\/\/www.padreeustaquio.com.br\/#website","url":"https:\/\/www.padreeustaquio.com.br\/","name":"FATHER EUST\u00c1QUIO","description":"Health and Peace","publisher":{"@id":"https:\/\/www.padreeustaquio.com.br\/#organization"},"potentialAction":[{"@type":"SearchAction","target":{"@type":"EntryPoint","urlTemplate":"https:\/\/www.padreeustaquio.com.br\/?s={search_term_string}"},"query-input":{"@type":"PropertyValueSpecification","valueRequired":true,"valueName":"search_term_string"}}],"inLanguage":"en-US"},{"@type":"Organization","@id":"https:\/\/www.padreeustaquio.com.br\/#organization","name":"FATHER EUST\u00c1QUIO","url":"https:\/\/www.padreeustaquio.com.br\/","logo":{"@type":"ImageObject","inLanguage":"en-US","@id":"https:\/\/www.padreeustaquio.com.br\/#\/schema\/logo\/image\/","url":"https:\/\/www.padreeustaquio.com.br\/wp-content\/uploads\/2019\/08\/marca.png","contentUrl":"https:\/\/www.padreeustaquio.com.br\/wp-content\/uploads\/2019\/08\/marca.png","width":350,"height":400,"caption":"Padre Eust\u00e1quio"},"image":{"@id":"https:\/\/www.padreeustaquio.com.br\/#\/schema\/logo\/image\/"},"sameAs":["https:\/\/www.facebook.com\/beatopadreeustaquio\/","https:\/\/x.com\/beatopeustaquio","https:\/\/www.instagram.com\/beatopadreeustaquio\/","https:\/\/www.youtube.com\/channel\/UCRhw7vfabnajwLxb1ZXMeIw"]},{"@type":"Person","@id":"https:\/\/www.padreeustaquio.com.br\/#\/schema\/person\/1bbfe7b959f00a655f8ecb6cb8f3ce87","name":"sscc","image":{"@type":"ImageObject","inLanguage":"en-US","@id":"https:\/\/secure.gravatar.com\/avatar\/edddec27f012d36cfa3fce966238219942e4659e87f27ef7b5704f0db7007bec?s=96&d=mm&r=g","url":"https:\/\/secure.gravatar.com\/avatar\/edddec27f012d36cfa3fce966238219942e4659e87f27ef7b5704f0db7007bec?s=96&d=mm&r=g","contentUrl":"https:\/\/secure.gravatar.com\/avatar\/edddec27f012d36cfa3fce966238219942e4659e87f27ef7b5704f0db7007bec?s=96&d=mm&r=g","caption":"sscc"},"url":"https:\/\/www.padreeustaquio.com.br\/en\/author\/userpde\/"}]}},"_links":{"self":[{"href":"https:\/\/www.padreeustaquio.com.br\/en\/wp-json\/wp\/v2\/posts\/2855","targetHints":{"allow":["GET"]}}],"collection":[{"href":"https:\/\/www.padreeustaquio.com.br\/en\/wp-json\/wp\/v2\/posts"}],"about":[{"href":"https:\/\/www.padreeustaquio.com.br\/en\/wp-json\/wp\/v2\/types\/post"}],"author":[{"embeddable":true,"href":"https:\/\/www.padreeustaquio.com.br\/en\/wp-json\/wp\/v2\/users\/6"}],"replies":[{"embeddable":true,"href":"https:\/\/www.padreeustaquio.com.br\/en\/wp-json\/wp\/v2\/comments?post=2855"}],"version-history":[{"count":0,"href":"https:\/\/www.padreeustaquio.com.br\/en\/wp-json\/wp\/v2\/posts\/2855\/revisions"}],"wp:featuredmedia":[{"embeddable":true,"href":"https:\/\/www.padreeustaquio.com.br\/en\/wp-json\/wp\/v2\/media\/2856"}],"wp:attachment":[{"href":"https:\/\/www.padreeustaquio.com.br\/en\/wp-json\/wp\/v2\/media?parent=2855"}],"wp:term":[{"taxonomy":"category","embeddable":true,"href":"https:\/\/www.padreeustaquio.com.br\/en\/wp-json\/wp\/v2\/categories?post=2855"},{"taxonomy":"post_tag","embeddable":true,"href":"https:\/\/www.padreeustaquio.com.br\/en\/wp-json\/wp\/v2\/tags?post=2855"}],"curies":[{"name":"wp","href":"https:\/\/api.w.org\/{rel}","templated":true}]}}