{"id":2852,"date":"2018-01-16T23:10:19","date_gmt":"2018-01-17T01:10:19","guid":{"rendered":"http:\/\/br606.teste.website\/~padre078\/padreeustaquio.com.br\/?p=2852"},"modified":"2019-08-19T23:13:43","modified_gmt":"2019-08-20T02:13:43","slug":"padre-eustaquio-museum-in-porto-alegre-sp-organizes-guided-tours","status":"publish","type":"post","link":"https:\/\/www.padreeustaquio.com.br\/en\/padre-eustaquio-museum-in-porto-alegre-sp-organizes-guided-tours\/","title":{"rendered":"The Padre Eust\u00e1quio Museum in Po\u00e1, S\u00e3o Paulo, organizes guided tours."},"content":{"rendered":"<p>From now on, at least once a month, the Padre Eust\u00e1quio Museum in Po\u00e1-SP will be open to visitors who want to learn more about the history of the blessed man, who was the first vicar of the city, the place where the first reports of miracles date back to the 1930s.<\/p>\n<p>The &quot;Open Museum&quot; project, created by the Friends of the Padre Eust\u00e1quio Museum group, aims to establish guided tours for tourists and students who wish to explore the museum&#039;s collection, located in the Nossa Senhora de Lourdes Parish. Since the site does not yet have the infrastructure to remain open throughout the week, the museum opens its doors to the public once a month.<\/p>\n<p>Those interested will learn in detail the history of the main church, whose chapel, which gave rise to the current temple, celebrated its 100th anniversary in November. They will also visit the replica of the Grotto of Our Lady of Lourdes, conceived by Father Eust\u00e1quio, and finally, the museum, with a collection of photos, images, liturgical objects, and reports that tell the story of the Blessed and, through it, part of the history of Po\u00e1.<\/p>\n<p>Interested groups and schools can also schedule a visit. Volunteers will attend according to availability and demand. The Padre Eust\u00e1quio Museum is located at Rua Vinte e Seis de Mar\u00e7o, 49, in the center of Po\u00e1-SP. More information: (11) 4638-2205 \/ 99165-8409 or by email:\u00a0<a href=\"mailto:museupadreeustaquiopoa@gmail.com\">museupadreeustaquiopoa@gmail.com<\/a><\/p>\n<p>Source: Padre Eust\u00e1quio Museum \u2013 Po\u00e1\/SP (with adaptations)<\/p>","protected":false},"excerpt":{"rendered":"<p>A partir de agora, pelo menos uma vez ao m\u00eas, o Museu Padre Eust\u00e1quio, em Po\u00e1-SP estar\u00e1 de portas abertas para receber visitantes que queiram conhecer de perto a hist\u00f3ria do beato, que foi o primeiro vig\u00e1rio da cidade, local de onde se tem os primeiros relatos de milagres, na d\u00e9cada de 1930. O projeto \u201cMuseu Aberto\u201d, criado pelo grupo Amigos do Museu Padre Eust\u00e1quio, pretende estabelecer uma visita\u00e7\u00e3o monitorada de turistas e estudantes que queiram conhecer o acervo do espa\u00e7o museol\u00f3gico, localizado na Par\u00f3quia Nossa Senhora de Lourdes. Como o local ainda n\u00e3o disp\u00f5e de estrutura para permanecer aberto [&hellip;]<\/p>\n","protected":false},"author":6,"featured_media":2853,"comment_status":"closed","ping_status":"open","sticky":false,"template":"","format":"standard","meta":{"_acf_changed":false,"footnotes":""},"categories":[611],"tags":[],"class_list":["post-2852","post","type-post","status-publish","format-standard","has-post-thumbnail","hentry","category-noticias"],"acf":[],"yoast_head":"<!-- This site is optimized with the Yoast SEO plugin v27.2 - https:\/\/yoast.com\/product\/yoast-seo-wordpress\/ -->\n<title>Museu Padre Eust\u00e1quio de Po\u00e1-SP organiza visitas monitoradas - Padre Eust\u00e1quio<\/title>\n<meta name=\"robots\" content=\"index, follow, max-snippet:-1, max-image-preview:large, max-video-preview:-1\" \/>\n<link rel=\"canonical\" href=\"https:\/\/www.padreeustaquio.com.br\/en\/padre-eustaquio-museum-in-porto-alegre-sp-organizes-guided-tours\/\" \/>\n<meta property=\"og:locale\" content=\"en_US\" \/>\n<meta property=\"og:type\" content=\"article\" \/>\n<meta property=\"og:title\" content=\"Museu Padre Eust\u00e1quio de Po\u00e1-SP organiza visitas monitoradas - Padre Eust\u00e1quio\" \/>\n<meta property=\"og:description\" content=\"A partir de agora, pelo menos uma vez ao m\u00eas, o Museu Padre Eust\u00e1quio, em Po\u00e1-SP estar\u00e1 de portas abertas para receber visitantes que queiram conhecer de perto a hist\u00f3ria do beato, que foi o primeiro vig\u00e1rio da cidade, local de onde se tem os primeiros relatos de milagres, na d\u00e9cada de 1930. O projeto \u201cMuseu Aberto\u201d, criado pelo grupo Amigos do Museu Padre Eust\u00e1quio, pretende estabelecer uma visita\u00e7\u00e3o monitorada de turistas e estudantes que queiram conhecer o acervo do espa\u00e7o museol\u00f3gico, localizado na Par\u00f3quia Nossa Senhora de Lourdes. Como o local ainda n\u00e3o disp\u00f5e de estrutura para permanecer aberto [&hellip;]\" \/>\n<meta property=\"og:url\" content=\"https:\/\/www.padreeustaquio.com.br\/en\/padre-eustaquio-museum-in-porto-alegre-sp-organizes-guided-tours\/\" \/>\n<meta property=\"og:site_name\" content=\"Padre Eust\u00e1quio\" \/>\n<meta property=\"article:publisher\" content=\"https:\/\/www.facebook.com\/beatopadreeustaquio\/\" \/>\n<meta property=\"article:published_time\" content=\"2018-01-17T01:10:19+00:00\" \/>\n<meta property=\"article:modified_time\" content=\"2019-08-20T02:13:43+00:00\" \/>\n<meta property=\"og:image\" content=\"https:\/\/www.padreeustaquio.com.br\/wp-content\/uploads\/2019\/08\/003.jpg\" \/>\n\t<meta property=\"og:image:width\" content=\"905\" \/>\n\t<meta property=\"og:image:height\" content=\"495\" \/>\n\t<meta property=\"og:image:type\" content=\"image\/jpeg\" \/>\n<meta name=\"author\" content=\"sscc\" \/>\n<meta name=\"twitter:card\" content=\"summary_large_image\" \/>\n<meta name=\"twitter:creator\" content=\"@beatopeustaquio\" \/>\n<meta name=\"twitter:site\" content=\"@beatopeustaquio\" \/>\n<meta name=\"twitter:label1\" content=\"Written by\" \/>\n\t<meta name=\"twitter:data1\" content=\"sscc\" \/>\n\t<meta name=\"twitter:label2\" content=\"Est. reading time\" \/>\n\t<meta name=\"twitter:data2\" content=\"1 minute\" \/>\n<script type=\"application\/ld+json\" class=\"yoast-schema-graph\">{\"@context\":\"https:\/\/schema.org\",\"@graph\":[{\"@type\":\"Article\",\"@id\":\"https:\/\/www.padreeustaquio.com.br\/museu-padre-eustaquio-de-poa-sp-organiza-visitas-monitoradas\/#article\",\"isPartOf\":{\"@id\":\"https:\/\/www.padreeustaquio.com.br\/museu-padre-eustaquio-de-poa-sp-organiza-visitas-monitoradas\/\"},\"author\":{\"name\":\"sscc\",\"@id\":\"https:\/\/www.padreeustaquio.com.br\/#\/schema\/person\/1bbfe7b959f00a655f8ecb6cb8f3ce87\"},\"headline\":\"Museu Padre Eust\u00e1quio de Po\u00e1-SP organiza visitas monitoradas\",\"datePublished\":\"2018-01-17T01:10:19+00:00\",\"dateModified\":\"2019-08-20T02:13:43+00:00\",\"mainEntityOfPage\":{\"@id\":\"https:\/\/www.padreeustaquio.com.br\/museu-padre-eustaquio-de-poa-sp-organiza-visitas-monitoradas\/\"},\"wordCount\":278,\"publisher\":{\"@id\":\"https:\/\/www.padreeustaquio.com.br\/#organization\"},\"image\":{\"@id\":\"https:\/\/www.padreeustaquio.com.br\/museu-padre-eustaquio-de-poa-sp-organiza-visitas-monitoradas\/#primaryimage\"},\"thumbnailUrl\":\"https:\/\/www.padreeustaquio.com.br\/wp-content\/uploads\/2019\/08\/003.jpg\",\"articleSection\":[\"Not\u00edcias\"],\"inLanguage\":\"en-US\"},{\"@type\":\"WebPage\",\"@id\":\"https:\/\/www.padreeustaquio.com.br\/museu-padre-eustaquio-de-poa-sp-organiza-visitas-monitoradas\/\",\"url\":\"https:\/\/www.padreeustaquio.com.br\/museu-padre-eustaquio-de-poa-sp-organiza-visitas-monitoradas\/\",\"name\":\"Museu Padre Eust\u00e1quio de Po\u00e1-SP organiza visitas monitoradas - Padre Eust\u00e1quio\",\"isPartOf\":{\"@id\":\"https:\/\/www.padreeustaquio.com.br\/#website\"},\"primaryImageOfPage\":{\"@id\":\"https:\/\/www.padreeustaquio.com.br\/museu-padre-eustaquio-de-poa-sp-organiza-visitas-monitoradas\/#primaryimage\"},\"image\":{\"@id\":\"https:\/\/www.padreeustaquio.com.br\/museu-padre-eustaquio-de-poa-sp-organiza-visitas-monitoradas\/#primaryimage\"},\"thumbnailUrl\":\"https:\/\/www.padreeustaquio.com.br\/wp-content\/uploads\/2019\/08\/003.jpg\",\"datePublished\":\"2018-01-17T01:10:19+00:00\",\"dateModified\":\"2019-08-20T02:13:43+00:00\",\"breadcrumb\":{\"@id\":\"https:\/\/www.padreeustaquio.com.br\/museu-padre-eustaquio-de-poa-sp-organiza-visitas-monitoradas\/#breadcrumb\"},\"inLanguage\":\"en-US\",\"potentialAction\":[{\"@type\":\"ReadAction\",\"target\":[\"https:\/\/www.padreeustaquio.com.br\/museu-padre-eustaquio-de-poa-sp-organiza-visitas-monitoradas\/\"]}]},{\"@type\":\"ImageObject\",\"inLanguage\":\"en-US\",\"@id\":\"https:\/\/www.padreeustaquio.com.br\/museu-padre-eustaquio-de-poa-sp-organiza-visitas-monitoradas\/#primaryimage\",\"url\":\"https:\/\/www.padreeustaquio.com.br\/wp-content\/uploads\/2019\/08\/003.jpg\",\"contentUrl\":\"https:\/\/www.padreeustaquio.com.br\/wp-content\/uploads\/2019\/08\/003.jpg\",\"width\":905,\"height\":495},{\"@type\":\"BreadcrumbList\",\"@id\":\"https:\/\/www.padreeustaquio.com.br\/museu-padre-eustaquio-de-poa-sp-organiza-visitas-monitoradas\/#breadcrumb\",\"itemListElement\":[{\"@type\":\"ListItem\",\"position\":1,\"name\":\"In\u00edcio\",\"item\":\"https:\/\/www.padreeustaquio.com.br\/\"},{\"@type\":\"ListItem\",\"position\":2,\"name\":\"Museu Padre Eust\u00e1quio de Po\u00e1-SP organiza visitas monitoradas\"}]},{\"@type\":\"WebSite\",\"@id\":\"https:\/\/www.padreeustaquio.com.br\/#website\",\"url\":\"https:\/\/www.padreeustaquio.com.br\/\",\"name\":\"Padre Eust\u00e1quio\",\"description\":\"Sa\u00fade e Paz\",\"publisher\":{\"@id\":\"https:\/\/www.padreeustaquio.com.br\/#organization\"},\"potentialAction\":[{\"@type\":\"SearchAction\",\"target\":{\"@type\":\"EntryPoint\",\"urlTemplate\":\"https:\/\/www.padreeustaquio.com.br\/?s={search_term_string}\"},\"query-input\":{\"@type\":\"PropertyValueSpecification\",\"valueRequired\":true,\"valueName\":\"search_term_string\"}}],\"inLanguage\":\"en-US\"},{\"@type\":\"Organization\",\"@id\":\"https:\/\/www.padreeustaquio.com.br\/#organization\",\"name\":\"Padre Eust\u00e1quio\",\"url\":\"https:\/\/www.padreeustaquio.com.br\/\",\"logo\":{\"@type\":\"ImageObject\",\"inLanguage\":\"en-US\",\"@id\":\"https:\/\/www.padreeustaquio.com.br\/#\/schema\/logo\/image\/\",\"url\":\"https:\/\/www.padreeustaquio.com.br\/wp-content\/uploads\/2019\/08\/marca.png\",\"contentUrl\":\"https:\/\/www.padreeustaquio.com.br\/wp-content\/uploads\/2019\/08\/marca.png\",\"width\":350,\"height\":400,\"caption\":\"Padre Eust\u00e1quio\"},\"image\":{\"@id\":\"https:\/\/www.padreeustaquio.com.br\/#\/schema\/logo\/image\/\"},\"sameAs\":[\"https:\/\/www.facebook.com\/beatopadreeustaquio\/\",\"https:\/\/x.com\/beatopeustaquio\",\"https:\/\/www.instagram.com\/beatopadreeustaquio\/\",\"https:\/\/www.youtube.com\/channel\/UCRhw7vfabnajwLxb1ZXMeIw\"]},{\"@type\":\"Person\",\"@id\":\"https:\/\/www.padreeustaquio.com.br\/#\/schema\/person\/1bbfe7b959f00a655f8ecb6cb8f3ce87\",\"name\":\"sscc\",\"image\":{\"@type\":\"ImageObject\",\"inLanguage\":\"en-US\",\"@id\":\"https:\/\/secure.gravatar.com\/avatar\/edddec27f012d36cfa3fce966238219942e4659e87f27ef7b5704f0db7007bec?s=96&d=mm&r=g\",\"url\":\"https:\/\/secure.gravatar.com\/avatar\/edddec27f012d36cfa3fce966238219942e4659e87f27ef7b5704f0db7007bec?s=96&d=mm&r=g\",\"contentUrl\":\"https:\/\/secure.gravatar.com\/avatar\/edddec27f012d36cfa3fce966238219942e4659e87f27ef7b5704f0db7007bec?s=96&d=mm&r=g\",\"caption\":\"sscc\"},\"url\":\"https:\/\/www.padreeustaquio.com.br\/en\/author\/userpde\/\"}]}<\/script>\n<!-- \/ Yoast SEO plugin. -->","yoast_head_json":{"title":"Padre Eust\u00e1quio Museum in Po\u00e1-SP organizes guided tours - Padre Eust\u00e1quio","robots":{"index":"index","follow":"follow","max-snippet":"max-snippet:-1","max-image-preview":"max-image-preview:large","max-video-preview":"max-video-preview:-1"},"canonical":"https:\/\/www.padreeustaquio.com.br\/en\/padre-eustaquio-museum-in-porto-alegre-sp-organizes-guided-tours\/","og_locale":"en_US","og_type":"article","og_title":"Museu Padre Eust\u00e1quio de Po\u00e1-SP organiza visitas monitoradas - Padre Eust\u00e1quio","og_description":"A partir de agora, pelo menos uma vez ao m\u00eas, o Museu Padre Eust\u00e1quio, em Po\u00e1-SP estar\u00e1 de portas abertas para receber visitantes que queiram conhecer de perto a hist\u00f3ria do beato, que foi o primeiro vig\u00e1rio da cidade, local de onde se tem os primeiros relatos de milagres, na d\u00e9cada de 1930. O projeto \u201cMuseu Aberto\u201d, criado pelo grupo Amigos do Museu Padre Eust\u00e1quio, pretende estabelecer uma visita\u00e7\u00e3o monitorada de turistas e estudantes que queiram conhecer o acervo do espa\u00e7o museol\u00f3gico, localizado na Par\u00f3quia Nossa Senhora de Lourdes. Como o local ainda n\u00e3o disp\u00f5e de estrutura para permanecer aberto [&hellip;]","og_url":"https:\/\/www.padreeustaquio.com.br\/en\/padre-eustaquio-museum-in-porto-alegre-sp-organizes-guided-tours\/","og_site_name":"Padre Eust\u00e1quio","article_publisher":"https:\/\/www.facebook.com\/beatopadreeustaquio\/","article_published_time":"2018-01-17T01:10:19+00:00","article_modified_time":"2019-08-20T02:13:43+00:00","og_image":[{"width":905,"height":495,"url":"https:\/\/www.padreeustaquio.com.br\/wp-content\/uploads\/2019\/08\/003.jpg","type":"image\/jpeg"}],"author":"sscc","twitter_card":"summary_large_image","twitter_creator":"@beatopeustaquio","twitter_site":"@beatopeustaquio","twitter_misc":{"Written by":"sscc","Est. reading time":"1 minute"},"schema":{"@context":"https:\/\/schema.org","@graph":[{"@type":"Article","@id":"https:\/\/www.padreeustaquio.com.br\/museu-padre-eustaquio-de-poa-sp-organiza-visitas-monitoradas\/#article","isPartOf":{"@id":"https:\/\/www.padreeustaquio.com.br\/museu-padre-eustaquio-de-poa-sp-organiza-visitas-monitoradas\/"},"author":{"name":"sscc","@id":"https:\/\/www.padreeustaquio.com.br\/#\/schema\/person\/1bbfe7b959f00a655f8ecb6cb8f3ce87"},"headline":"Museu Padre Eust\u00e1quio de Po\u00e1-SP organiza visitas monitoradas","datePublished":"2018-01-17T01:10:19+00:00","dateModified":"2019-08-20T02:13:43+00:00","mainEntityOfPage":{"@id":"https:\/\/www.padreeustaquio.com.br\/museu-padre-eustaquio-de-poa-sp-organiza-visitas-monitoradas\/"},"wordCount":278,"publisher":{"@id":"https:\/\/www.padreeustaquio.com.br\/#organization"},"image":{"@id":"https:\/\/www.padreeustaquio.com.br\/museu-padre-eustaquio-de-poa-sp-organiza-visitas-monitoradas\/#primaryimage"},"thumbnailUrl":"https:\/\/www.padreeustaquio.com.br\/wp-content\/uploads\/2019\/08\/003.jpg","articleSection":["Not\u00edcias"],"inLanguage":"en-US"},{"@type":"WebPage","@id":"https:\/\/www.padreeustaquio.com.br\/museu-padre-eustaquio-de-poa-sp-organiza-visitas-monitoradas\/","url":"https:\/\/www.padreeustaquio.com.br\/museu-padre-eustaquio-de-poa-sp-organiza-visitas-monitoradas\/","name":"Padre Eust\u00e1quio Museum in Po\u00e1-SP organizes guided tours - Padre Eust\u00e1quio","isPartOf":{"@id":"https:\/\/www.padreeustaquio.com.br\/#website"},"primaryImageOfPage":{"@id":"https:\/\/www.padreeustaquio.com.br\/museu-padre-eustaquio-de-poa-sp-organiza-visitas-monitoradas\/#primaryimage"},"image":{"@id":"https:\/\/www.padreeustaquio.com.br\/museu-padre-eustaquio-de-poa-sp-organiza-visitas-monitoradas\/#primaryimage"},"thumbnailUrl":"https:\/\/www.padreeustaquio.com.br\/wp-content\/uploads\/2019\/08\/003.jpg","datePublished":"2018-01-17T01:10:19+00:00","dateModified":"2019-08-20T02:13:43+00:00","breadcrumb":{"@id":"https:\/\/www.padreeustaquio.com.br\/museu-padre-eustaquio-de-poa-sp-organiza-visitas-monitoradas\/#breadcrumb"},"inLanguage":"en-US","potentialAction":[{"@type":"ReadAction","target":["https:\/\/www.padreeustaquio.com.br\/museu-padre-eustaquio-de-poa-sp-organiza-visitas-monitoradas\/"]}]},{"@type":"ImageObject","inLanguage":"en-US","@id":"https:\/\/www.padreeustaquio.com.br\/museu-padre-eustaquio-de-poa-sp-organiza-visitas-monitoradas\/#primaryimage","url":"https:\/\/www.padreeustaquio.com.br\/wp-content\/uploads\/2019\/08\/003.jpg","contentUrl":"https:\/\/www.padreeustaquio.com.br\/wp-content\/uploads\/2019\/08\/003.jpg","width":905,"height":495},{"@type":"BreadcrumbList","@id":"https:\/\/www.padreeustaquio.com.br\/museu-padre-eustaquio-de-poa-sp-organiza-visitas-monitoradas\/#breadcrumb","itemListElement":[{"@type":"ListItem","position":1,"name":"In\u00edcio","item":"https:\/\/www.padreeustaquio.com.br\/"},{"@type":"ListItem","position":2,"name":"Museu Padre Eust\u00e1quio de Po\u00e1-SP organiza visitas monitoradas"}]},{"@type":"WebSite","@id":"https:\/\/www.padreeustaquio.com.br\/#website","url":"https:\/\/www.padreeustaquio.com.br\/","name":"FATHER EUST\u00c1QUIO","description":"Health and Peace","publisher":{"@id":"https:\/\/www.padreeustaquio.com.br\/#organization"},"potentialAction":[{"@type":"SearchAction","target":{"@type":"EntryPoint","urlTemplate":"https:\/\/www.padreeustaquio.com.br\/?s={search_term_string}"},"query-input":{"@type":"PropertyValueSpecification","valueRequired":true,"valueName":"search_term_string"}}],"inLanguage":"en-US"},{"@type":"Organization","@id":"https:\/\/www.padreeustaquio.com.br\/#organization","name":"FATHER EUST\u00c1QUIO","url":"https:\/\/www.padreeustaquio.com.br\/","logo":{"@type":"ImageObject","inLanguage":"en-US","@id":"https:\/\/www.padreeustaquio.com.br\/#\/schema\/logo\/image\/","url":"https:\/\/www.padreeustaquio.com.br\/wp-content\/uploads\/2019\/08\/marca.png","contentUrl":"https:\/\/www.padreeustaquio.com.br\/wp-content\/uploads\/2019\/08\/marca.png","width":350,"height":400,"caption":"Padre Eust\u00e1quio"},"image":{"@id":"https:\/\/www.padreeustaquio.com.br\/#\/schema\/logo\/image\/"},"sameAs":["https:\/\/www.facebook.com\/beatopadreeustaquio\/","https:\/\/x.com\/beatopeustaquio","https:\/\/www.instagram.com\/beatopadreeustaquio\/","https:\/\/www.youtube.com\/channel\/UCRhw7vfabnajwLxb1ZXMeIw"]},{"@type":"Person","@id":"https:\/\/www.padreeustaquio.com.br\/#\/schema\/person\/1bbfe7b959f00a655f8ecb6cb8f3ce87","name":"sscc","image":{"@type":"ImageObject","inLanguage":"en-US","@id":"https:\/\/secure.gravatar.com\/avatar\/edddec27f012d36cfa3fce966238219942e4659e87f27ef7b5704f0db7007bec?s=96&d=mm&r=g","url":"https:\/\/secure.gravatar.com\/avatar\/edddec27f012d36cfa3fce966238219942e4659e87f27ef7b5704f0db7007bec?s=96&d=mm&r=g","contentUrl":"https:\/\/secure.gravatar.com\/avatar\/edddec27f012d36cfa3fce966238219942e4659e87f27ef7b5704f0db7007bec?s=96&d=mm&r=g","caption":"sscc"},"url":"https:\/\/www.padreeustaquio.com.br\/en\/author\/userpde\/"}]}},"_links":{"self":[{"href":"https:\/\/www.padreeustaquio.com.br\/en\/wp-json\/wp\/v2\/posts\/2852","targetHints":{"allow":["GET"]}}],"collection":[{"href":"https:\/\/www.padreeustaquio.com.br\/en\/wp-json\/wp\/v2\/posts"}],"about":[{"href":"https:\/\/www.padreeustaquio.com.br\/en\/wp-json\/wp\/v2\/types\/post"}],"author":[{"embeddable":true,"href":"https:\/\/www.padreeustaquio.com.br\/en\/wp-json\/wp\/v2\/users\/6"}],"replies":[{"embeddable":true,"href":"https:\/\/www.padreeustaquio.com.br\/en\/wp-json\/wp\/v2\/comments?post=2852"}],"version-history":[{"count":0,"href":"https:\/\/www.padreeustaquio.com.br\/en\/wp-json\/wp\/v2\/posts\/2852\/revisions"}],"wp:featuredmedia":[{"embeddable":true,"href":"https:\/\/www.padreeustaquio.com.br\/en\/wp-json\/wp\/v2\/media\/2853"}],"wp:attachment":[{"href":"https:\/\/www.padreeustaquio.com.br\/en\/wp-json\/wp\/v2\/media?parent=2852"}],"wp:term":[{"taxonomy":"category","embeddable":true,"href":"https:\/\/www.padreeustaquio.com.br\/en\/wp-json\/wp\/v2\/categories?post=2852"},{"taxonomy":"post_tag","embeddable":true,"href":"https:\/\/www.padreeustaquio.com.br\/en\/wp-json\/wp\/v2\/tags?post=2852"}],"curies":[{"name":"wp","href":"https:\/\/api.w.org\/{rel}","templated":true}]}}