{"id":2849,"date":"2018-01-15T23:05:41","date_gmt":"2018-01-16T01:05:41","guid":{"rendered":"http:\/\/br606.teste.website\/~padre078\/padreeustaquio.com.br\/?p=2849"},"modified":"2019-08-19T23:09:19","modified_gmt":"2019-08-20T02:09:19","slug":"painting-with-an-image-of-father-eustace-enthroned-in-a-vatican-church","status":"publish","type":"post","link":"https:\/\/www.padreeustaquio.com.br\/en\/painting-with-an-image-of-father-eustace-enthroned-in-a-vatican-church\/","title":{"rendered":"A painting depicting Father Eust\u00e1quio is enthroned in a Vatican church."},"content":{"rendered":"<p>On October 1st, a painting depicting Blessed Father Eustace became part of the &quot;Gallery of the Beloved Dutch&quot; in the Church of St. Michael and St. Magnus in Vatican City. The church, known as the &quot;Church of the Dutch Frisians,&quot; is considered the principal national church of the Netherlands in Rome.<\/p>\n<p>The enthronement of the portrait of the Blessed was proposed by the rector of the institution, the Dutch bishop Dom Antoon Hurkmans, who was in Belo Horizonte for the Beatification of Father Eustace in 2006. At 10:30 am local time \u2013 6:30 am in Brazil \u2013 the bishop began the ceremony with Holy Mass. In the homily, the life and trajectory of Father Eustace were remembered and presented as an example. Afterwards, the portrait was taken to the gallery, where it will remain permanently. According to Dom Hurkmans, the celebration, which was broadcast on Dutch television, was part of the missionary month commemorations, which used Father Eustace as an example for religious from Frisia.<\/p>\n<p>For Father Marcus Vin\u00edcius Maciel, SSCC, responsible for the Canonization process of Father Eust\u00e1quio in Brazil, the news of the enthronement was received with great joy by the Brazilian and Dutch communities, especially by the devotees of the religious figure. \u201cThis is yet another recognition of the virtues and spirituality of Father Eust\u00e1quio that has reached Rome. We are very happy, especially because this will be another way to spread the life and history of the blessed one,\u201d Father Vin\u00edcius emphasized.<\/p>\n<p><strong>The Frisians<\/strong><\/p>\n<p>Frisia is a province with its own language and customs, located in the north of the Netherlands. Its inhabitants were converted to Christianity in the 8th century by Saint Willibrord, known as the &quot;Apostle of the Frisians.&quot; Since then, pilgrims from that region have regularly visited Rome, and a Frisian colony was established in the city. Documents in the Vatican mention the &quot;Schola of the Frisians&quot; in Rome as early as 799. However, after the Saracen invasion, also in the 8th century, which aimed to destroy the Old Basilica of St. Peter, the &quot;Frisian Schola&quot; was devastated. In the 12th century, the site was rebuilt, and finally, in 1446, Pope Eugene IV confirmed the perpetual right of the Frisians to the church of Santi Michele e Magno (Saint Michael and Saint Great).<\/p>\n<p>Source: Press Office for the Promotion of Canonization<\/p>","protected":false},"excerpt":{"rendered":"<p>No dia 1\u00ba de outubro, um quadro com a imagem do Beato Padre Eust\u00e1quio passou a fazer parte da \u201cGaleria dos Saudosos Holandeses\u201d da igreja de S\u00e3o Miguel e S\u00e3o Magno, no Estado do Vaticano. O templo, conhecido como \u201cIgreja dos Fr\u00edsios Holandeses\u201d, \u00e9 considerado a principal igreja nacional dos Pa\u00edses Baixos em Roma. A entroniza\u00e7\u00e3o do quadro com o rosto do Beato foi proposta pelo reitor do local, o bispo holand\u00eas Dom Antoon Hurkmans, que esteve em Belo Horizonte, na Beatifica\u00e7\u00e3o de Padre Eust\u00e1quio em 2006. \u00c0s 10h30 da manh\u00e3, no hor\u00e1rio local \u2013 6h30, no Brasil, o bispo [&hellip;]<\/p>\n","protected":false},"author":6,"featured_media":2850,"comment_status":"closed","ping_status":"open","sticky":false,"template":"","format":"standard","meta":{"_acf_changed":false,"footnotes":""},"categories":[611],"tags":[],"class_list":["post-2849","post","type-post","status-publish","format-standard","has-post-thumbnail","hentry","category-noticias"],"acf":[],"yoast_head":"<!-- This site is optimized with the Yoast SEO plugin v27.2 - https:\/\/yoast.com\/product\/yoast-seo-wordpress\/ -->\n<title>Quadro com imagem de Padre Eust\u00e1quio \u00e9 entronizado em Igreja do Vaticano - Padre Eust\u00e1quio<\/title>\n<meta name=\"robots\" content=\"index, follow, max-snippet:-1, max-image-preview:large, max-video-preview:-1\" \/>\n<link rel=\"canonical\" href=\"https:\/\/www.padreeustaquio.com.br\/en\/painting-with-an-image-of-father-eustace-enthroned-in-a-vatican-church\/\" \/>\n<meta property=\"og:locale\" content=\"en_US\" \/>\n<meta property=\"og:type\" content=\"article\" \/>\n<meta property=\"og:title\" content=\"Quadro com imagem de Padre Eust\u00e1quio \u00e9 entronizado em Igreja do Vaticano - Padre Eust\u00e1quio\" \/>\n<meta property=\"og:description\" content=\"No dia 1\u00ba de outubro, um quadro com a imagem do Beato Padre Eust\u00e1quio passou a fazer parte da \u201cGaleria dos Saudosos Holandeses\u201d da igreja de S\u00e3o Miguel e S\u00e3o Magno, no Estado do Vaticano. O templo, conhecido como \u201cIgreja dos Fr\u00edsios Holandeses\u201d, \u00e9 considerado a principal igreja nacional dos Pa\u00edses Baixos em Roma. A entroniza\u00e7\u00e3o do quadro com o rosto do Beato foi proposta pelo reitor do local, o bispo holand\u00eas Dom Antoon Hurkmans, que esteve em Belo Horizonte, na Beatifica\u00e7\u00e3o de Padre Eust\u00e1quio em 2006. \u00c0s 10h30 da manh\u00e3, no hor\u00e1rio local \u2013 6h30, no Brasil, o bispo [&hellip;]\" \/>\n<meta property=\"og:url\" content=\"https:\/\/www.padreeustaquio.com.br\/en\/painting-with-an-image-of-father-eustace-enthroned-in-a-vatican-church\/\" \/>\n<meta property=\"og:site_name\" content=\"Padre Eust\u00e1quio\" \/>\n<meta property=\"article:publisher\" content=\"https:\/\/www.facebook.com\/beatopadreeustaquio\/\" \/>\n<meta property=\"article:published_time\" content=\"2018-01-16T01:05:41+00:00\" \/>\n<meta property=\"article:modified_time\" content=\"2019-08-20T02:09:19+00:00\" \/>\n<meta property=\"og:image\" content=\"https:\/\/www.padreeustaquio.com.br\/wp-content\/uploads\/2019\/08\/002.jpg\" \/>\n\t<meta property=\"og:image:width\" content=\"702\" \/>\n\t<meta property=\"og:image:height\" content=\"465\" \/>\n\t<meta property=\"og:image:type\" content=\"image\/jpeg\" \/>\n<meta name=\"author\" content=\"sscc\" \/>\n<meta name=\"twitter:card\" content=\"summary_large_image\" \/>\n<meta name=\"twitter:creator\" content=\"@beatopeustaquio\" \/>\n<meta name=\"twitter:site\" content=\"@beatopeustaquio\" \/>\n<meta name=\"twitter:label1\" content=\"Written by\" \/>\n\t<meta name=\"twitter:data1\" content=\"sscc\" \/>\n\t<meta name=\"twitter:label2\" content=\"Est. reading time\" \/>\n\t<meta name=\"twitter:data2\" content=\"2 minutes\" \/>\n<script type=\"application\/ld+json\" class=\"yoast-schema-graph\">{\"@context\":\"https:\/\/schema.org\",\"@graph\":[{\"@type\":\"Article\",\"@id\":\"https:\/\/www.padreeustaquio.com.br\/quadro-com-imagem-de-padre-eustaquio-e-entronizado-em-igreja-do-vaticano\/#article\",\"isPartOf\":{\"@id\":\"https:\/\/www.padreeustaquio.com.br\/quadro-com-imagem-de-padre-eustaquio-e-entronizado-em-igreja-do-vaticano\/\"},\"author\":{\"name\":\"sscc\",\"@id\":\"https:\/\/www.padreeustaquio.com.br\/#\/schema\/person\/1bbfe7b959f00a655f8ecb6cb8f3ce87\"},\"headline\":\"Quadro com imagem de Padre Eust\u00e1quio \u00e9 entronizado em Igreja do Vaticano\",\"datePublished\":\"2018-01-16T01:05:41+00:00\",\"dateModified\":\"2019-08-20T02:09:19+00:00\",\"mainEntityOfPage\":{\"@id\":\"https:\/\/www.padreeustaquio.com.br\/quadro-com-imagem-de-padre-eustaquio-e-entronizado-em-igreja-do-vaticano\/\"},\"wordCount\":441,\"publisher\":{\"@id\":\"https:\/\/www.padreeustaquio.com.br\/#organization\"},\"image\":{\"@id\":\"https:\/\/www.padreeustaquio.com.br\/quadro-com-imagem-de-padre-eustaquio-e-entronizado-em-igreja-do-vaticano\/#primaryimage\"},\"thumbnailUrl\":\"https:\/\/www.padreeustaquio.com.br\/wp-content\/uploads\/2019\/08\/002.jpg\",\"articleSection\":[\"Not\u00edcias\"],\"inLanguage\":\"en-US\"},{\"@type\":\"WebPage\",\"@id\":\"https:\/\/www.padreeustaquio.com.br\/quadro-com-imagem-de-padre-eustaquio-e-entronizado-em-igreja-do-vaticano\/\",\"url\":\"https:\/\/www.padreeustaquio.com.br\/quadro-com-imagem-de-padre-eustaquio-e-entronizado-em-igreja-do-vaticano\/\",\"name\":\"Quadro com imagem de Padre Eust\u00e1quio \u00e9 entronizado em Igreja do Vaticano - Padre Eust\u00e1quio\",\"isPartOf\":{\"@id\":\"https:\/\/www.padreeustaquio.com.br\/#website\"},\"primaryImageOfPage\":{\"@id\":\"https:\/\/www.padreeustaquio.com.br\/quadro-com-imagem-de-padre-eustaquio-e-entronizado-em-igreja-do-vaticano\/#primaryimage\"},\"image\":{\"@id\":\"https:\/\/www.padreeustaquio.com.br\/quadro-com-imagem-de-padre-eustaquio-e-entronizado-em-igreja-do-vaticano\/#primaryimage\"},\"thumbnailUrl\":\"https:\/\/www.padreeustaquio.com.br\/wp-content\/uploads\/2019\/08\/002.jpg\",\"datePublished\":\"2018-01-16T01:05:41+00:00\",\"dateModified\":\"2019-08-20T02:09:19+00:00\",\"breadcrumb\":{\"@id\":\"https:\/\/www.padreeustaquio.com.br\/quadro-com-imagem-de-padre-eustaquio-e-entronizado-em-igreja-do-vaticano\/#breadcrumb\"},\"inLanguage\":\"en-US\",\"potentialAction\":[{\"@type\":\"ReadAction\",\"target\":[\"https:\/\/www.padreeustaquio.com.br\/quadro-com-imagem-de-padre-eustaquio-e-entronizado-em-igreja-do-vaticano\/\"]}]},{\"@type\":\"ImageObject\",\"inLanguage\":\"en-US\",\"@id\":\"https:\/\/www.padreeustaquio.com.br\/quadro-com-imagem-de-padre-eustaquio-e-entronizado-em-igreja-do-vaticano\/#primaryimage\",\"url\":\"https:\/\/www.padreeustaquio.com.br\/wp-content\/uploads\/2019\/08\/002.jpg\",\"contentUrl\":\"https:\/\/www.padreeustaquio.com.br\/wp-content\/uploads\/2019\/08\/002.jpg\",\"width\":702,\"height\":465},{\"@type\":\"BreadcrumbList\",\"@id\":\"https:\/\/www.padreeustaquio.com.br\/quadro-com-imagem-de-padre-eustaquio-e-entronizado-em-igreja-do-vaticano\/#breadcrumb\",\"itemListElement\":[{\"@type\":\"ListItem\",\"position\":1,\"name\":\"In\u00edcio\",\"item\":\"https:\/\/www.padreeustaquio.com.br\/\"},{\"@type\":\"ListItem\",\"position\":2,\"name\":\"Quadro com imagem de Padre Eust\u00e1quio \u00e9 entronizado em Igreja do Vaticano\"}]},{\"@type\":\"WebSite\",\"@id\":\"https:\/\/www.padreeustaquio.com.br\/#website\",\"url\":\"https:\/\/www.padreeustaquio.com.br\/\",\"name\":\"Padre Eust\u00e1quio\",\"description\":\"Sa\u00fade e Paz\",\"publisher\":{\"@id\":\"https:\/\/www.padreeustaquio.com.br\/#organization\"},\"potentialAction\":[{\"@type\":\"SearchAction\",\"target\":{\"@type\":\"EntryPoint\",\"urlTemplate\":\"https:\/\/www.padreeustaquio.com.br\/?s={search_term_string}\"},\"query-input\":{\"@type\":\"PropertyValueSpecification\",\"valueRequired\":true,\"valueName\":\"search_term_string\"}}],\"inLanguage\":\"en-US\"},{\"@type\":\"Organization\",\"@id\":\"https:\/\/www.padreeustaquio.com.br\/#organization\",\"name\":\"Padre Eust\u00e1quio\",\"url\":\"https:\/\/www.padreeustaquio.com.br\/\",\"logo\":{\"@type\":\"ImageObject\",\"inLanguage\":\"en-US\",\"@id\":\"https:\/\/www.padreeustaquio.com.br\/#\/schema\/logo\/image\/\",\"url\":\"https:\/\/www.padreeustaquio.com.br\/wp-content\/uploads\/2019\/08\/marca.png\",\"contentUrl\":\"https:\/\/www.padreeustaquio.com.br\/wp-content\/uploads\/2019\/08\/marca.png\",\"width\":350,\"height\":400,\"caption\":\"Padre Eust\u00e1quio\"},\"image\":{\"@id\":\"https:\/\/www.padreeustaquio.com.br\/#\/schema\/logo\/image\/\"},\"sameAs\":[\"https:\/\/www.facebook.com\/beatopadreeustaquio\/\",\"https:\/\/x.com\/beatopeustaquio\",\"https:\/\/www.instagram.com\/beatopadreeustaquio\/\",\"https:\/\/www.youtube.com\/channel\/UCRhw7vfabnajwLxb1ZXMeIw\"]},{\"@type\":\"Person\",\"@id\":\"https:\/\/www.padreeustaquio.com.br\/#\/schema\/person\/1bbfe7b959f00a655f8ecb6cb8f3ce87\",\"name\":\"sscc\",\"image\":{\"@type\":\"ImageObject\",\"inLanguage\":\"en-US\",\"@id\":\"https:\/\/secure.gravatar.com\/avatar\/edddec27f012d36cfa3fce966238219942e4659e87f27ef7b5704f0db7007bec?s=96&d=mm&r=g\",\"url\":\"https:\/\/secure.gravatar.com\/avatar\/edddec27f012d36cfa3fce966238219942e4659e87f27ef7b5704f0db7007bec?s=96&d=mm&r=g\",\"contentUrl\":\"https:\/\/secure.gravatar.com\/avatar\/edddec27f012d36cfa3fce966238219942e4659e87f27ef7b5704f0db7007bec?s=96&d=mm&r=g\",\"caption\":\"sscc\"},\"url\":\"https:\/\/www.padreeustaquio.com.br\/en\/author\/userpde\/\"}]}<\/script>\n<!-- \/ Yoast SEO plugin. -->","yoast_head_json":{"title":"Painting with image of Father Eust\u00e1quio is enthroned in Vatican Church - Father Eust\u00e1quio","robots":{"index":"index","follow":"follow","max-snippet":"max-snippet:-1","max-image-preview":"max-image-preview:large","max-video-preview":"max-video-preview:-1"},"canonical":"https:\/\/www.padreeustaquio.com.br\/en\/painting-with-an-image-of-father-eustace-enthroned-in-a-vatican-church\/","og_locale":"en_US","og_type":"article","og_title":"Quadro com imagem de Padre Eust\u00e1quio \u00e9 entronizado em Igreja do Vaticano - Padre Eust\u00e1quio","og_description":"No dia 1\u00ba de outubro, um quadro com a imagem do Beato Padre Eust\u00e1quio passou a fazer parte da \u201cGaleria dos Saudosos Holandeses\u201d da igreja de S\u00e3o Miguel e S\u00e3o Magno, no Estado do Vaticano. O templo, conhecido como \u201cIgreja dos Fr\u00edsios Holandeses\u201d, \u00e9 considerado a principal igreja nacional dos Pa\u00edses Baixos em Roma. A entroniza\u00e7\u00e3o do quadro com o rosto do Beato foi proposta pelo reitor do local, o bispo holand\u00eas Dom Antoon Hurkmans, que esteve em Belo Horizonte, na Beatifica\u00e7\u00e3o de Padre Eust\u00e1quio em 2006. \u00c0s 10h30 da manh\u00e3, no hor\u00e1rio local \u2013 6h30, no Brasil, o bispo [&hellip;]","og_url":"https:\/\/www.padreeustaquio.com.br\/en\/painting-with-an-image-of-father-eustace-enthroned-in-a-vatican-church\/","og_site_name":"Padre Eust\u00e1quio","article_publisher":"https:\/\/www.facebook.com\/beatopadreeustaquio\/","article_published_time":"2018-01-16T01:05:41+00:00","article_modified_time":"2019-08-20T02:09:19+00:00","og_image":[{"width":702,"height":465,"url":"https:\/\/www.padreeustaquio.com.br\/wp-content\/uploads\/2019\/08\/002.jpg","type":"image\/jpeg"}],"author":"sscc","twitter_card":"summary_large_image","twitter_creator":"@beatopeustaquio","twitter_site":"@beatopeustaquio","twitter_misc":{"Written by":"sscc","Est. reading time":"2 minutes"},"schema":{"@context":"https:\/\/schema.org","@graph":[{"@type":"Article","@id":"https:\/\/www.padreeustaquio.com.br\/quadro-com-imagem-de-padre-eustaquio-e-entronizado-em-igreja-do-vaticano\/#article","isPartOf":{"@id":"https:\/\/www.padreeustaquio.com.br\/quadro-com-imagem-de-padre-eustaquio-e-entronizado-em-igreja-do-vaticano\/"},"author":{"name":"sscc","@id":"https:\/\/www.padreeustaquio.com.br\/#\/schema\/person\/1bbfe7b959f00a655f8ecb6cb8f3ce87"},"headline":"Quadro com imagem de Padre Eust\u00e1quio \u00e9 entronizado em Igreja do Vaticano","datePublished":"2018-01-16T01:05:41+00:00","dateModified":"2019-08-20T02:09:19+00:00","mainEntityOfPage":{"@id":"https:\/\/www.padreeustaquio.com.br\/quadro-com-imagem-de-padre-eustaquio-e-entronizado-em-igreja-do-vaticano\/"},"wordCount":441,"publisher":{"@id":"https:\/\/www.padreeustaquio.com.br\/#organization"},"image":{"@id":"https:\/\/www.padreeustaquio.com.br\/quadro-com-imagem-de-padre-eustaquio-e-entronizado-em-igreja-do-vaticano\/#primaryimage"},"thumbnailUrl":"https:\/\/www.padreeustaquio.com.br\/wp-content\/uploads\/2019\/08\/002.jpg","articleSection":["Not\u00edcias"],"inLanguage":"en-US"},{"@type":"WebPage","@id":"https:\/\/www.padreeustaquio.com.br\/quadro-com-imagem-de-padre-eustaquio-e-entronizado-em-igreja-do-vaticano\/","url":"https:\/\/www.padreeustaquio.com.br\/quadro-com-imagem-de-padre-eustaquio-e-entronizado-em-igreja-do-vaticano\/","name":"Painting with image of Father Eust\u00e1quio is enthroned in Vatican Church - Father Eust\u00e1quio","isPartOf":{"@id":"https:\/\/www.padreeustaquio.com.br\/#website"},"primaryImageOfPage":{"@id":"https:\/\/www.padreeustaquio.com.br\/quadro-com-imagem-de-padre-eustaquio-e-entronizado-em-igreja-do-vaticano\/#primaryimage"},"image":{"@id":"https:\/\/www.padreeustaquio.com.br\/quadro-com-imagem-de-padre-eustaquio-e-entronizado-em-igreja-do-vaticano\/#primaryimage"},"thumbnailUrl":"https:\/\/www.padreeustaquio.com.br\/wp-content\/uploads\/2019\/08\/002.jpg","datePublished":"2018-01-16T01:05:41+00:00","dateModified":"2019-08-20T02:09:19+00:00","breadcrumb":{"@id":"https:\/\/www.padreeustaquio.com.br\/quadro-com-imagem-de-padre-eustaquio-e-entronizado-em-igreja-do-vaticano\/#breadcrumb"},"inLanguage":"en-US","potentialAction":[{"@type":"ReadAction","target":["https:\/\/www.padreeustaquio.com.br\/quadro-com-imagem-de-padre-eustaquio-e-entronizado-em-igreja-do-vaticano\/"]}]},{"@type":"ImageObject","inLanguage":"en-US","@id":"https:\/\/www.padreeustaquio.com.br\/quadro-com-imagem-de-padre-eustaquio-e-entronizado-em-igreja-do-vaticano\/#primaryimage","url":"https:\/\/www.padreeustaquio.com.br\/wp-content\/uploads\/2019\/08\/002.jpg","contentUrl":"https:\/\/www.padreeustaquio.com.br\/wp-content\/uploads\/2019\/08\/002.jpg","width":702,"height":465},{"@type":"BreadcrumbList","@id":"https:\/\/www.padreeustaquio.com.br\/quadro-com-imagem-de-padre-eustaquio-e-entronizado-em-igreja-do-vaticano\/#breadcrumb","itemListElement":[{"@type":"ListItem","position":1,"name":"In\u00edcio","item":"https:\/\/www.padreeustaquio.com.br\/"},{"@type":"ListItem","position":2,"name":"Quadro com imagem de Padre Eust\u00e1quio \u00e9 entronizado em Igreja do Vaticano"}]},{"@type":"WebSite","@id":"https:\/\/www.padreeustaquio.com.br\/#website","url":"https:\/\/www.padreeustaquio.com.br\/","name":"FATHER EUST\u00c1QUIO","description":"Health and Peace","publisher":{"@id":"https:\/\/www.padreeustaquio.com.br\/#organization"},"potentialAction":[{"@type":"SearchAction","target":{"@type":"EntryPoint","urlTemplate":"https:\/\/www.padreeustaquio.com.br\/?s={search_term_string}"},"query-input":{"@type":"PropertyValueSpecification","valueRequired":true,"valueName":"search_term_string"}}],"inLanguage":"en-US"},{"@type":"Organization","@id":"https:\/\/www.padreeustaquio.com.br\/#organization","name":"FATHER EUST\u00c1QUIO","url":"https:\/\/www.padreeustaquio.com.br\/","logo":{"@type":"ImageObject","inLanguage":"en-US","@id":"https:\/\/www.padreeustaquio.com.br\/#\/schema\/logo\/image\/","url":"https:\/\/www.padreeustaquio.com.br\/wp-content\/uploads\/2019\/08\/marca.png","contentUrl":"https:\/\/www.padreeustaquio.com.br\/wp-content\/uploads\/2019\/08\/marca.png","width":350,"height":400,"caption":"Padre Eust\u00e1quio"},"image":{"@id":"https:\/\/www.padreeustaquio.com.br\/#\/schema\/logo\/image\/"},"sameAs":["https:\/\/www.facebook.com\/beatopadreeustaquio\/","https:\/\/x.com\/beatopeustaquio","https:\/\/www.instagram.com\/beatopadreeustaquio\/","https:\/\/www.youtube.com\/channel\/UCRhw7vfabnajwLxb1ZXMeIw"]},{"@type":"Person","@id":"https:\/\/www.padreeustaquio.com.br\/#\/schema\/person\/1bbfe7b959f00a655f8ecb6cb8f3ce87","name":"sscc","image":{"@type":"ImageObject","inLanguage":"en-US","@id":"https:\/\/secure.gravatar.com\/avatar\/edddec27f012d36cfa3fce966238219942e4659e87f27ef7b5704f0db7007bec?s=96&d=mm&r=g","url":"https:\/\/secure.gravatar.com\/avatar\/edddec27f012d36cfa3fce966238219942e4659e87f27ef7b5704f0db7007bec?s=96&d=mm&r=g","contentUrl":"https:\/\/secure.gravatar.com\/avatar\/edddec27f012d36cfa3fce966238219942e4659e87f27ef7b5704f0db7007bec?s=96&d=mm&r=g","caption":"sscc"},"url":"https:\/\/www.padreeustaquio.com.br\/en\/author\/userpde\/"}]}},"_links":{"self":[{"href":"https:\/\/www.padreeustaquio.com.br\/en\/wp-json\/wp\/v2\/posts\/2849","targetHints":{"allow":["GET"]}}],"collection":[{"href":"https:\/\/www.padreeustaquio.com.br\/en\/wp-json\/wp\/v2\/posts"}],"about":[{"href":"https:\/\/www.padreeustaquio.com.br\/en\/wp-json\/wp\/v2\/types\/post"}],"author":[{"embeddable":true,"href":"https:\/\/www.padreeustaquio.com.br\/en\/wp-json\/wp\/v2\/users\/6"}],"replies":[{"embeddable":true,"href":"https:\/\/www.padreeustaquio.com.br\/en\/wp-json\/wp\/v2\/comments?post=2849"}],"version-history":[{"count":0,"href":"https:\/\/www.padreeustaquio.com.br\/en\/wp-json\/wp\/v2\/posts\/2849\/revisions"}],"wp:featuredmedia":[{"embeddable":true,"href":"https:\/\/www.padreeustaquio.com.br\/en\/wp-json\/wp\/v2\/media\/2850"}],"wp:attachment":[{"href":"https:\/\/www.padreeustaquio.com.br\/en\/wp-json\/wp\/v2\/media?parent=2849"}],"wp:term":[{"taxonomy":"category","embeddable":true,"href":"https:\/\/www.padreeustaquio.com.br\/en\/wp-json\/wp\/v2\/categories?post=2849"},{"taxonomy":"post_tag","embeddable":true,"href":"https:\/\/www.padreeustaquio.com.br\/en\/wp-json\/wp\/v2\/tags?post=2849"}],"curies":[{"name":"wp","href":"https:\/\/api.w.org\/{rel}","templated":true}]}}