{"id":2843,"date":"2018-01-07T23:01:40","date_gmt":"2018-01-08T01:01:40","guid":{"rendered":"http:\/\/br606.teste.website\/~padre078\/padreeustaquio.com.br\/?p=2843"},"modified":"2019-08-19T23:03:22","modified_gmt":"2019-08-20T02:03:22","slug":"father-eustaquios-festival-in-porto-alegre-includes-a-fair-and-global-action","status":"publish","type":"post","link":"https:\/\/www.padreeustaquio.com.br\/en\/father-eustaquios-festival-in-porto-alegre-includes-a-fair-and-global-action\/","title":{"rendered":"The Padre Eust\u00e1quio festival in Po\u00e1 features a fair and a global event."},"content":{"rendered":"<p>The Parish of Our Lady of Lourdes in Po\u00e1 celebrates Father Eust\u00e1quio. The city&#039;s first vicar has been beatified by the Catholic Church since 2006.<\/p>\n<p>The festival ends only on August 30, the date on which the 74th anniversary of the religious figure&#039;s death is celebrated, but the fair ends this Saturday (26) and Sunday (27).<\/p>\n<p>Visitors can enjoy barbecue, tempura, &quot;buraco quente&quot; (a type of hot sandwich), hot dogs, pastries, pizza, cakes, and other treats at the stalls.<\/p>\n<p>The church fair takes place in Largo da Matriz starting at 5:30 PM. &quot;The money raised at the festival is for the maintenance of the church. Also, at each mass we ask for food donations to assemble basic food baskets for needy people in the city,&quot; explained the flag bearer, Alfredo Silva Neto.<\/p>\n<p>On Sunday, the celebration will include the 2nd Global Action, at the Padre Eust\u00e1quio Evangelization Center, next to the main church.<\/p>\n<p>According to the festival organizers, various professionals will be providing services to the public. These include ophthalmologists, nurses, nutritionists, hairdressers, lawyers, and others.<\/p>\n<p>The program includes a first-aid course. Those who wish can also enjoy a delicious pasta lunch, and in the afternoon there will be Zumba classes.<\/p>\n<p><strong>Religious programming<\/strong><\/p>\n<p>Every day at 7:30 PM, the masses of the Padre Eust\u00e1quio novena take place, each day with a different priest.<\/p>\n<p>On the 30th, the religious program will be special. At 3 pm, Father Reginaldo Martins da Silva will preside over the traditional Mass for the Sick, a celebration dedicated to elderly people, those who are ill, or those with some degree of mobility difficulties. Then, at 7:30 pm, the closing Mass will be celebrated with the traditional blessing of the water.<\/p>\n<p><strong>FATHER EUST\u00c1QUIO<\/strong><\/p>\n<p>Born in the Netherlands, Father Eust\u00e1quio van Lieshout came to Brazil in 1925 and ten years later was transferred to Po\u00e1.<\/p>\n<p>In the city he became known as the &quot;Saint of Po\u00e1,&quot; for his pastoral work with the sick and for the holy water from the Grotto of Our Lady of Lourdes, which attracted thousands of people to the city.<\/p>\n<p>In 2005, the Vatican recognized one of his miracles, and the following year, Father Eust\u00e1quio was beatified, a step prior to canonization. The faithful and devotees pray that he will indeed be recognized as a Saint soon.<\/p>\n<p>Source:\u00a0<a href=\"https:\/\/g1.globo.com\/sp\/mogi-das-cruzes-suzano\/noticia\/festa-de-padre-eustaquio-em-poa-tem-quermesse-e-acao-global.ghtml\" target=\"_blank\" rel=\"noopener\">G1 Portal<\/a><\/p>","protected":false},"excerpt":{"rendered":"<p>A Par\u00f3quia Nossa Senhora de Lourdes em Po\u00e1 festeja padre Eust\u00e1quio. O primeiro vig\u00e1rio da cidade \u00e9 beato pela Igreja Cat\u00f3lica desde 2006. A festa termina somente em 30 de agosto, data em que se celebra os 74 anos da morte do religioso, mas a quermesse se encerra neste neste s\u00e1bado (26) e domingo (27). O p\u00fablico pode saborear nas barracas churrasco, tempur\u00e1, buraco quente, cachorro quente, pastel, pizza, bolo, entre outros quitutes. A quermesse \u00e9 no Largo da Matriz a partir das 17h30. \u201dO dinheiro arrecadado na festa \u00e9 para manunten\u00e7\u00e3o da igreja. Tamb\u00e9m a cada missa pedimos alimentos [&hellip;]<\/p>\n","protected":false},"author":6,"featured_media":2846,"comment_status":"closed","ping_status":"open","sticky":false,"template":"","format":"standard","meta":{"_acf_changed":false,"footnotes":""},"categories":[611],"tags":[],"class_list":["post-2843","post","type-post","status-publish","format-standard","has-post-thumbnail","hentry","category-noticias"],"acf":[],"yoast_head":"<!-- This site is optimized with the Yoast SEO plugin v27.2 - https:\/\/yoast.com\/product\/yoast-seo-wordpress\/ -->\n<title>Festa de Padre Eust\u00e1quio, em Po\u00e1, tem quermesse e a\u00e7\u00e3o global - Padre Eust\u00e1quio<\/title>\n<meta name=\"robots\" content=\"index, follow, max-snippet:-1, max-image-preview:large, max-video-preview:-1\" \/>\n<link rel=\"canonical\" href=\"https:\/\/www.padreeustaquio.com.br\/en\/father-eustaquios-festival-in-porto-alegre-includes-a-fair-and-global-action\/\" \/>\n<meta property=\"og:locale\" content=\"en_US\" \/>\n<meta property=\"og:type\" content=\"article\" \/>\n<meta property=\"og:title\" content=\"Festa de Padre Eust\u00e1quio, em Po\u00e1, tem quermesse e a\u00e7\u00e3o global - Padre Eust\u00e1quio\" \/>\n<meta property=\"og:description\" content=\"A Par\u00f3quia Nossa Senhora de Lourdes em Po\u00e1 festeja padre Eust\u00e1quio. O primeiro vig\u00e1rio da cidade \u00e9 beato pela Igreja Cat\u00f3lica desde 2006. A festa termina somente em 30 de agosto, data em que se celebra os 74 anos da morte do religioso, mas a quermesse se encerra neste neste s\u00e1bado (26) e domingo (27). O p\u00fablico pode saborear nas barracas churrasco, tempur\u00e1, buraco quente, cachorro quente, pastel, pizza, bolo, entre outros quitutes. A quermesse \u00e9 no Largo da Matriz a partir das 17h30. \u201dO dinheiro arrecadado na festa \u00e9 para manunten\u00e7\u00e3o da igreja. Tamb\u00e9m a cada missa pedimos alimentos [&hellip;]\" \/>\n<meta property=\"og:url\" content=\"https:\/\/www.padreeustaquio.com.br\/en\/father-eustaquios-festival-in-porto-alegre-includes-a-fair-and-global-action\/\" \/>\n<meta property=\"og:site_name\" content=\"Padre Eust\u00e1quio\" \/>\n<meta property=\"article:publisher\" content=\"https:\/\/www.facebook.com\/beatopadreeustaquio\/\" \/>\n<meta property=\"article:published_time\" content=\"2018-01-08T01:01:40+00:00\" \/>\n<meta property=\"article:modified_time\" content=\"2019-08-20T02:03:22+00:00\" \/>\n<meta property=\"og:image\" content=\"https:\/\/www.padreeustaquio.com.br\/wp-content\/uploads\/2019\/08\/001.jpg\" \/>\n\t<meta property=\"og:image:width\" content=\"1044\" \/>\n\t<meta property=\"og:image:height\" content=\"588\" \/>\n\t<meta property=\"og:image:type\" content=\"image\/jpeg\" \/>\n<meta name=\"author\" content=\"sscc\" \/>\n<meta name=\"twitter:card\" content=\"summary_large_image\" \/>\n<meta name=\"twitter:creator\" content=\"@beatopeustaquio\" \/>\n<meta name=\"twitter:site\" content=\"@beatopeustaquio\" \/>\n<meta name=\"twitter:label1\" content=\"Written by\" \/>\n\t<meta name=\"twitter:data1\" content=\"sscc\" \/>\n\t<meta name=\"twitter:label2\" content=\"Est. reading time\" \/>\n\t<meta name=\"twitter:data2\" content=\"2 minutes\" \/>\n<script type=\"application\/ld+json\" class=\"yoast-schema-graph\">{\"@context\":\"https:\/\/schema.org\",\"@graph\":[{\"@type\":\"Article\",\"@id\":\"https:\/\/www.padreeustaquio.com.br\/festa-de-padre-eustaquio-em-poa-tem-quermesse-e-acao-global\/#article\",\"isPartOf\":{\"@id\":\"https:\/\/www.padreeustaquio.com.br\/festa-de-padre-eustaquio-em-poa-tem-quermesse-e-acao-global\/\"},\"author\":{\"name\":\"sscc\",\"@id\":\"https:\/\/www.padreeustaquio.com.br\/#\/schema\/person\/1bbfe7b959f00a655f8ecb6cb8f3ce87\"},\"headline\":\"Festa de Padre Eust\u00e1quio, em Po\u00e1, tem quermesse e a\u00e7\u00e3o global\",\"datePublished\":\"2018-01-08T01:01:40+00:00\",\"dateModified\":\"2019-08-20T02:03:22+00:00\",\"mainEntityOfPage\":{\"@id\":\"https:\/\/www.padreeustaquio.com.br\/festa-de-padre-eustaquio-em-poa-tem-quermesse-e-acao-global\/\"},\"wordCount\":393,\"publisher\":{\"@id\":\"https:\/\/www.padreeustaquio.com.br\/#organization\"},\"image\":{\"@id\":\"https:\/\/www.padreeustaquio.com.br\/festa-de-padre-eustaquio-em-poa-tem-quermesse-e-acao-global\/#primaryimage\"},\"thumbnailUrl\":\"https:\/\/www.padreeustaquio.com.br\/wp-content\/uploads\/2019\/08\/001.jpg\",\"articleSection\":[\"Not\u00edcias\"],\"inLanguage\":\"en-US\"},{\"@type\":\"WebPage\",\"@id\":\"https:\/\/www.padreeustaquio.com.br\/festa-de-padre-eustaquio-em-poa-tem-quermesse-e-acao-global\/\",\"url\":\"https:\/\/www.padreeustaquio.com.br\/festa-de-padre-eustaquio-em-poa-tem-quermesse-e-acao-global\/\",\"name\":\"Festa de Padre Eust\u00e1quio, em Po\u00e1, tem quermesse e a\u00e7\u00e3o global - Padre Eust\u00e1quio\",\"isPartOf\":{\"@id\":\"https:\/\/www.padreeustaquio.com.br\/#website\"},\"primaryImageOfPage\":{\"@id\":\"https:\/\/www.padreeustaquio.com.br\/festa-de-padre-eustaquio-em-poa-tem-quermesse-e-acao-global\/#primaryimage\"},\"image\":{\"@id\":\"https:\/\/www.padreeustaquio.com.br\/festa-de-padre-eustaquio-em-poa-tem-quermesse-e-acao-global\/#primaryimage\"},\"thumbnailUrl\":\"https:\/\/www.padreeustaquio.com.br\/wp-content\/uploads\/2019\/08\/001.jpg\",\"datePublished\":\"2018-01-08T01:01:40+00:00\",\"dateModified\":\"2019-08-20T02:03:22+00:00\",\"breadcrumb\":{\"@id\":\"https:\/\/www.padreeustaquio.com.br\/festa-de-padre-eustaquio-em-poa-tem-quermesse-e-acao-global\/#breadcrumb\"},\"inLanguage\":\"en-US\",\"potentialAction\":[{\"@type\":\"ReadAction\",\"target\":[\"https:\/\/www.padreeustaquio.com.br\/festa-de-padre-eustaquio-em-poa-tem-quermesse-e-acao-global\/\"]}]},{\"@type\":\"ImageObject\",\"inLanguage\":\"en-US\",\"@id\":\"https:\/\/www.padreeustaquio.com.br\/festa-de-padre-eustaquio-em-poa-tem-quermesse-e-acao-global\/#primaryimage\",\"url\":\"https:\/\/www.padreeustaquio.com.br\/wp-content\/uploads\/2019\/08\/001.jpg\",\"contentUrl\":\"https:\/\/www.padreeustaquio.com.br\/wp-content\/uploads\/2019\/08\/001.jpg\",\"width\":1044,\"height\":588},{\"@type\":\"BreadcrumbList\",\"@id\":\"https:\/\/www.padreeustaquio.com.br\/festa-de-padre-eustaquio-em-poa-tem-quermesse-e-acao-global\/#breadcrumb\",\"itemListElement\":[{\"@type\":\"ListItem\",\"position\":1,\"name\":\"In\u00edcio\",\"item\":\"https:\/\/www.padreeustaquio.com.br\/\"},{\"@type\":\"ListItem\",\"position\":2,\"name\":\"Festa de Padre Eust\u00e1quio, em Po\u00e1, tem quermesse e a\u00e7\u00e3o global\"}]},{\"@type\":\"WebSite\",\"@id\":\"https:\/\/www.padreeustaquio.com.br\/#website\",\"url\":\"https:\/\/www.padreeustaquio.com.br\/\",\"name\":\"Padre Eust\u00e1quio\",\"description\":\"Sa\u00fade e Paz\",\"publisher\":{\"@id\":\"https:\/\/www.padreeustaquio.com.br\/#organization\"},\"potentialAction\":[{\"@type\":\"SearchAction\",\"target\":{\"@type\":\"EntryPoint\",\"urlTemplate\":\"https:\/\/www.padreeustaquio.com.br\/?s={search_term_string}\"},\"query-input\":{\"@type\":\"PropertyValueSpecification\",\"valueRequired\":true,\"valueName\":\"search_term_string\"}}],\"inLanguage\":\"en-US\"},{\"@type\":\"Organization\",\"@id\":\"https:\/\/www.padreeustaquio.com.br\/#organization\",\"name\":\"Padre Eust\u00e1quio\",\"url\":\"https:\/\/www.padreeustaquio.com.br\/\",\"logo\":{\"@type\":\"ImageObject\",\"inLanguage\":\"en-US\",\"@id\":\"https:\/\/www.padreeustaquio.com.br\/#\/schema\/logo\/image\/\",\"url\":\"https:\/\/www.padreeustaquio.com.br\/wp-content\/uploads\/2019\/08\/marca.png\",\"contentUrl\":\"https:\/\/www.padreeustaquio.com.br\/wp-content\/uploads\/2019\/08\/marca.png\",\"width\":350,\"height\":400,\"caption\":\"Padre Eust\u00e1quio\"},\"image\":{\"@id\":\"https:\/\/www.padreeustaquio.com.br\/#\/schema\/logo\/image\/\"},\"sameAs\":[\"https:\/\/www.facebook.com\/beatopadreeustaquio\/\",\"https:\/\/x.com\/beatopeustaquio\",\"https:\/\/www.instagram.com\/beatopadreeustaquio\/\",\"https:\/\/www.youtube.com\/channel\/UCRhw7vfabnajwLxb1ZXMeIw\"]},{\"@type\":\"Person\",\"@id\":\"https:\/\/www.padreeustaquio.com.br\/#\/schema\/person\/1bbfe7b959f00a655f8ecb6cb8f3ce87\",\"name\":\"sscc\",\"image\":{\"@type\":\"ImageObject\",\"inLanguage\":\"en-US\",\"@id\":\"https:\/\/secure.gravatar.com\/avatar\/edddec27f012d36cfa3fce966238219942e4659e87f27ef7b5704f0db7007bec?s=96&d=mm&r=g\",\"url\":\"https:\/\/secure.gravatar.com\/avatar\/edddec27f012d36cfa3fce966238219942e4659e87f27ef7b5704f0db7007bec?s=96&d=mm&r=g\",\"contentUrl\":\"https:\/\/secure.gravatar.com\/avatar\/edddec27f012d36cfa3fce966238219942e4659e87f27ef7b5704f0db7007bec?s=96&d=mm&r=g\",\"caption\":\"sscc\"},\"url\":\"https:\/\/www.padreeustaquio.com.br\/en\/author\/userpde\/\"}]}<\/script>\n<!-- \/ Yoast SEO plugin. -->","yoast_head_json":{"title":"The Padre Eust\u00e1quio festival in Po\u00e1 features a fair and community outreach.","robots":{"index":"index","follow":"follow","max-snippet":"max-snippet:-1","max-image-preview":"max-image-preview:large","max-video-preview":"max-video-preview:-1"},"canonical":"https:\/\/www.padreeustaquio.com.br\/en\/father-eustaquios-festival-in-porto-alegre-includes-a-fair-and-global-action\/","og_locale":"en_US","og_type":"article","og_title":"Festa de Padre Eust\u00e1quio, em Po\u00e1, tem quermesse e a\u00e7\u00e3o global - Padre Eust\u00e1quio","og_description":"A Par\u00f3quia Nossa Senhora de Lourdes em Po\u00e1 festeja padre Eust\u00e1quio. O primeiro vig\u00e1rio da cidade \u00e9 beato pela Igreja Cat\u00f3lica desde 2006. A festa termina somente em 30 de agosto, data em que se celebra os 74 anos da morte do religioso, mas a quermesse se encerra neste neste s\u00e1bado (26) e domingo (27). O p\u00fablico pode saborear nas barracas churrasco, tempur\u00e1, buraco quente, cachorro quente, pastel, pizza, bolo, entre outros quitutes. A quermesse \u00e9 no Largo da Matriz a partir das 17h30. \u201dO dinheiro arrecadado na festa \u00e9 para manunten\u00e7\u00e3o da igreja. Tamb\u00e9m a cada missa pedimos alimentos [&hellip;]","og_url":"https:\/\/www.padreeustaquio.com.br\/en\/father-eustaquios-festival-in-porto-alegre-includes-a-fair-and-global-action\/","og_site_name":"Padre Eust\u00e1quio","article_publisher":"https:\/\/www.facebook.com\/beatopadreeustaquio\/","article_published_time":"2018-01-08T01:01:40+00:00","article_modified_time":"2019-08-20T02:03:22+00:00","og_image":[{"width":1044,"height":588,"url":"https:\/\/www.padreeustaquio.com.br\/wp-content\/uploads\/2019\/08\/001.jpg","type":"image\/jpeg"}],"author":"sscc","twitter_card":"summary_large_image","twitter_creator":"@beatopeustaquio","twitter_site":"@beatopeustaquio","twitter_misc":{"Written by":"sscc","Est. reading time":"2 minutes"},"schema":{"@context":"https:\/\/schema.org","@graph":[{"@type":"Article","@id":"https:\/\/www.padreeustaquio.com.br\/festa-de-padre-eustaquio-em-poa-tem-quermesse-e-acao-global\/#article","isPartOf":{"@id":"https:\/\/www.padreeustaquio.com.br\/festa-de-padre-eustaquio-em-poa-tem-quermesse-e-acao-global\/"},"author":{"name":"sscc","@id":"https:\/\/www.padreeustaquio.com.br\/#\/schema\/person\/1bbfe7b959f00a655f8ecb6cb8f3ce87"},"headline":"Festa de Padre Eust\u00e1quio, em Po\u00e1, tem quermesse e a\u00e7\u00e3o global","datePublished":"2018-01-08T01:01:40+00:00","dateModified":"2019-08-20T02:03:22+00:00","mainEntityOfPage":{"@id":"https:\/\/www.padreeustaquio.com.br\/festa-de-padre-eustaquio-em-poa-tem-quermesse-e-acao-global\/"},"wordCount":393,"publisher":{"@id":"https:\/\/www.padreeustaquio.com.br\/#organization"},"image":{"@id":"https:\/\/www.padreeustaquio.com.br\/festa-de-padre-eustaquio-em-poa-tem-quermesse-e-acao-global\/#primaryimage"},"thumbnailUrl":"https:\/\/www.padreeustaquio.com.br\/wp-content\/uploads\/2019\/08\/001.jpg","articleSection":["Not\u00edcias"],"inLanguage":"en-US"},{"@type":"WebPage","@id":"https:\/\/www.padreeustaquio.com.br\/festa-de-padre-eustaquio-em-poa-tem-quermesse-e-acao-global\/","url":"https:\/\/www.padreeustaquio.com.br\/festa-de-padre-eustaquio-em-poa-tem-quermesse-e-acao-global\/","name":"The Padre Eust\u00e1quio festival in Po\u00e1 features a fair and community outreach.","isPartOf":{"@id":"https:\/\/www.padreeustaquio.com.br\/#website"},"primaryImageOfPage":{"@id":"https:\/\/www.padreeustaquio.com.br\/festa-de-padre-eustaquio-em-poa-tem-quermesse-e-acao-global\/#primaryimage"},"image":{"@id":"https:\/\/www.padreeustaquio.com.br\/festa-de-padre-eustaquio-em-poa-tem-quermesse-e-acao-global\/#primaryimage"},"thumbnailUrl":"https:\/\/www.padreeustaquio.com.br\/wp-content\/uploads\/2019\/08\/001.jpg","datePublished":"2018-01-08T01:01:40+00:00","dateModified":"2019-08-20T02:03:22+00:00","breadcrumb":{"@id":"https:\/\/www.padreeustaquio.com.br\/festa-de-padre-eustaquio-em-poa-tem-quermesse-e-acao-global\/#breadcrumb"},"inLanguage":"en-US","potentialAction":[{"@type":"ReadAction","target":["https:\/\/www.padreeustaquio.com.br\/festa-de-padre-eustaquio-em-poa-tem-quermesse-e-acao-global\/"]}]},{"@type":"ImageObject","inLanguage":"en-US","@id":"https:\/\/www.padreeustaquio.com.br\/festa-de-padre-eustaquio-em-poa-tem-quermesse-e-acao-global\/#primaryimage","url":"https:\/\/www.padreeustaquio.com.br\/wp-content\/uploads\/2019\/08\/001.jpg","contentUrl":"https:\/\/www.padreeustaquio.com.br\/wp-content\/uploads\/2019\/08\/001.jpg","width":1044,"height":588},{"@type":"BreadcrumbList","@id":"https:\/\/www.padreeustaquio.com.br\/festa-de-padre-eustaquio-em-poa-tem-quermesse-e-acao-global\/#breadcrumb","itemListElement":[{"@type":"ListItem","position":1,"name":"In\u00edcio","item":"https:\/\/www.padreeustaquio.com.br\/"},{"@type":"ListItem","position":2,"name":"Festa de Padre Eust\u00e1quio, em Po\u00e1, tem quermesse e a\u00e7\u00e3o global"}]},{"@type":"WebSite","@id":"https:\/\/www.padreeustaquio.com.br\/#website","url":"https:\/\/www.padreeustaquio.com.br\/","name":"FATHER EUST\u00c1QUIO","description":"Health and Peace","publisher":{"@id":"https:\/\/www.padreeustaquio.com.br\/#organization"},"potentialAction":[{"@type":"SearchAction","target":{"@type":"EntryPoint","urlTemplate":"https:\/\/www.padreeustaquio.com.br\/?s={search_term_string}"},"query-input":{"@type":"PropertyValueSpecification","valueRequired":true,"valueName":"search_term_string"}}],"inLanguage":"en-US"},{"@type":"Organization","@id":"https:\/\/www.padreeustaquio.com.br\/#organization","name":"FATHER EUST\u00c1QUIO","url":"https:\/\/www.padreeustaquio.com.br\/","logo":{"@type":"ImageObject","inLanguage":"en-US","@id":"https:\/\/www.padreeustaquio.com.br\/#\/schema\/logo\/image\/","url":"https:\/\/www.padreeustaquio.com.br\/wp-content\/uploads\/2019\/08\/marca.png","contentUrl":"https:\/\/www.padreeustaquio.com.br\/wp-content\/uploads\/2019\/08\/marca.png","width":350,"height":400,"caption":"Padre Eust\u00e1quio"},"image":{"@id":"https:\/\/www.padreeustaquio.com.br\/#\/schema\/logo\/image\/"},"sameAs":["https:\/\/www.facebook.com\/beatopadreeustaquio\/","https:\/\/x.com\/beatopeustaquio","https:\/\/www.instagram.com\/beatopadreeustaquio\/","https:\/\/www.youtube.com\/channel\/UCRhw7vfabnajwLxb1ZXMeIw"]},{"@type":"Person","@id":"https:\/\/www.padreeustaquio.com.br\/#\/schema\/person\/1bbfe7b959f00a655f8ecb6cb8f3ce87","name":"sscc","image":{"@type":"ImageObject","inLanguage":"en-US","@id":"https:\/\/secure.gravatar.com\/avatar\/edddec27f012d36cfa3fce966238219942e4659e87f27ef7b5704f0db7007bec?s=96&d=mm&r=g","url":"https:\/\/secure.gravatar.com\/avatar\/edddec27f012d36cfa3fce966238219942e4659e87f27ef7b5704f0db7007bec?s=96&d=mm&r=g","contentUrl":"https:\/\/secure.gravatar.com\/avatar\/edddec27f012d36cfa3fce966238219942e4659e87f27ef7b5704f0db7007bec?s=96&d=mm&r=g","caption":"sscc"},"url":"https:\/\/www.padreeustaquio.com.br\/en\/author\/userpde\/"}]}},"_links":{"self":[{"href":"https:\/\/www.padreeustaquio.com.br\/en\/wp-json\/wp\/v2\/posts\/2843","targetHints":{"allow":["GET"]}}],"collection":[{"href":"https:\/\/www.padreeustaquio.com.br\/en\/wp-json\/wp\/v2\/posts"}],"about":[{"href":"https:\/\/www.padreeustaquio.com.br\/en\/wp-json\/wp\/v2\/types\/post"}],"author":[{"embeddable":true,"href":"https:\/\/www.padreeustaquio.com.br\/en\/wp-json\/wp\/v2\/users\/6"}],"replies":[{"embeddable":true,"href":"https:\/\/www.padreeustaquio.com.br\/en\/wp-json\/wp\/v2\/comments?post=2843"}],"version-history":[{"count":0,"href":"https:\/\/www.padreeustaquio.com.br\/en\/wp-json\/wp\/v2\/posts\/2843\/revisions"}],"wp:featuredmedia":[{"embeddable":true,"href":"https:\/\/www.padreeustaquio.com.br\/en\/wp-json\/wp\/v2\/media\/2846"}],"wp:attachment":[{"href":"https:\/\/www.padreeustaquio.com.br\/en\/wp-json\/wp\/v2\/media?parent=2843"}],"wp:term":[{"taxonomy":"category","embeddable":true,"href":"https:\/\/www.padreeustaquio.com.br\/en\/wp-json\/wp\/v2\/categories?post=2843"},{"taxonomy":"post_tag","embeddable":true,"href":"https:\/\/www.padreeustaquio.com.br\/en\/wp-json\/wp\/v2\/tags?post=2843"}],"curies":[{"name":"wp","href":"https:\/\/api.w.org\/{rel}","templated":true}]}}