{"id":2738,"date":"2019-08-18T22:14:08","date_gmt":"2019-08-19T01:14:08","guid":{"rendered":"http:\/\/br606.teste.website\/~padre078\/padreeustaquio.com.br\/?p=2738"},"modified":"2020-07-01T10:55:36","modified_gmt":"2020-07-01T13:55:36","slug":"recognition","status":"publish","type":"post","link":"https:\/\/www.padreeustaquio.com.br\/en\/recognition\/","title":{"rendered":"RECOGNITION"},"content":{"rendered":"<p>Desde que o Papa S\u00e3o Jo\u00e3o Paulo II, no dia 12 de abril de 2003, reconheceu a heroicidade das virtudes de Padre Eust\u00e1quio, inscrevendo o nome do religioso na lista dos Vener\u00e1veis Servos de Deus, o processo de Beatifica\u00e7\u00e3o ganhou um novo passo, o de apresentar um milagre para que ele fosse reconhecido pela igreja e declarado Bem-Aventurado pela Santa S\u00e9.<\/p>\n<p>Entrou em cena, ent\u00e3o, a surpreendente cura de um c\u00e2ncer por intercess\u00e3o do Padre Eust\u00e1quio em benef\u00edcio do Padre Gon\u00e7alo Bel\u00e9m, de Belo Horizonte, que foi comprovada cientificamente. Veja o relato do Cardeal Dom Serafim Fernandes de Ara\u00fajo, Arcebispo Em\u00e9rito de Belo Horizonte\/MG:<\/p>\n<p>[accordions]<\/p>\n<p>[accordion title=Cardeal D. Serafim Fernandes de Ara\u00fajo]<img fetchpriority=\"high\" decoding=\"async\" class=\"alignleft size-medium wp-image-2741\" src=\"http:\/\/padreeustaquio.com.br\/wp-content\/uploads\/2019\/08\/CARDEAL-DOM-SERAFIM-194x300.jpg\" alt=\"\" width=\"194\" height=\"300\" srcset=\"https:\/\/www.padreeustaquio.com.br\/wp-content\/uploads\/2019\/08\/CARDEAL-DOM-SERAFIM-194x300.jpg 194w, https:\/\/www.padreeustaquio.com.br\/wp-content\/uploads\/2019\/08\/CARDEAL-DOM-SERAFIM.jpg 259w\" sizes=\"(max-width: 194px) 100vw, 194px\" \/>\u201cCerta manh\u00e3 de quinta-feira Padre Gon\u00e7alo Bel\u00e9m Rocha pediu que Dom Jo\u00e3o e eu o receb\u00eassemos. Vinha despedir-se de n\u00f3s, pois fora constatado um c\u00e2ncer na sua garganta. Ficamos transtornados. Chorava o Padre Bel\u00e9m, chor\u00e1vamos n\u00f3s dois com o amigo e filho. Assim nos despedimos. Dom Jo\u00e3o olhou para mim, olhei para Dom Jo\u00e3o e me veio uma inspira\u00e7\u00e3o. Eu disse: \u2018Dom Jo\u00e3o vamos subir \u00e0 Capela e pedir expressa e fervorosamente a Deus que, pela intercess\u00e3o de Padre Eust\u00e1quio, cure o Padre Bel\u00e9m\u2019. Passamos uns minutos rezando. E colocamos aquele sacerdote nas m\u00e3os do Padre Eust\u00e1quio, cujo processo de Canoniza\u00e7\u00e3o t\u00ednhamos iniciado havia pouco tempo. Na opera\u00e7\u00e3o segunda-feira, algo de impens\u00e1vel havia acontecido. Os m\u00e9dicos entreolhavam-se, mas o raio X comprovava \u2018n\u00e3o havia nada a ser extirpado\u2019 algu\u00e9m chegara antes!&#8230; Padre Bel\u00e9m viveu ainda mais uns 50 anos. Santo \u00e9 santo, ventania de Deus que ningu\u00e9m segura\u201d.[\/accordion]<\/p>\n<p>[\/accordions]<\/p>\n<p>Por conta deste fato, no dia 15 de junho de 2006, foi realizada a solene Beatifica\u00e7\u00e3o no Mineir\u00e3o. O reconhecimento p\u00fablico de uma vida heroica nas virtudes e no servi\u00e7o.<\/p>\n<p><strong>O Est\u00e1dio do Mineir\u00e3o, em Belo Horizonte-MG, acolheu, na festa de \u201cCorpus Christi\u201d<\/strong>, a multid\u00e3o de fi\u00e9is vindos das par\u00f3quias de Belo Horizonte e de outras cidades. Eram mais de 80 mil pessoas participando da 12\u00aa Torcida de Deus.<\/p>\n<p>[tnm_gallery_3 layout=&#8221;mnmd-post-media&#8221;]2774,2773,2772,2771,2770,2796,2768,2767,2766,2765,2764,2763,2762,2761,2760,2759,2758,2757,2756,2755,2754,2753,2752,2751,2750,2749,2748,2747,2746,2745,2744,2743,2742,2741,2740,2739[\/tnm_gallery_3]<\/p>\n<p>&nbsp;<\/p>\n<p>&nbsp;<\/p>\n<p><a href=\"http:\/\/padreeustaquio.com.br\/wp-content\/uploads\/2019\/08\/\u00cdNTEGRA-TRADUZIDA-DO-DECRETO-DE-BEATIFICA\u00c7\u00c3O.pdf\" target=\"_blank\" rel=\"noopener\"><img decoding=\"async\" class=\"alignleft wp-image-2795\" style=\"font-size: 19.4286px;\" src=\"http:\/\/padreeustaquio.com.br\/wp-content\/uploads\/2019\/08\/DECRETO-BEATIFICA\u00c7\u00c3O-ORIGINAL.jpg\" alt=\"\" width=\"150\" height=\"215\" srcset=\"https:\/\/www.padreeustaquio.com.br\/wp-content\/uploads\/2019\/08\/DECRETO-BEATIFICA\u00c7\u00c3O-ORIGINAL.jpg 500w, https:\/\/www.padreeustaquio.com.br\/wp-content\/uploads\/2019\/08\/DECRETO-BEATIFICA\u00c7\u00c3O-ORIGINAL-210x300.jpg 210w\" sizes=\"(max-width: 150px) 100vw, 150px\" \/><\/a>O Vener\u00e1vel Servo de Deus Padre Eust\u00e1quio van Lieshout, presb\u00edtero da\u00a0<span style=\"font-size: 1.21429rem;\">Congrega\u00e7\u00e3o dos Sagrados <\/span>Cora\u00e7\u00f5es foi inscrito na lista dos Beatos ou Bem-Aventurados pelo Papa Bento XVI, que concedeu tamb\u00e9m que a cerim\u00f4nia lit\u00fargica fosse celebrada no Brasil e presidida pelo Cardeal Jos\u00e9 Saraiva Martins, prefeito da Congrega\u00e7\u00e3o das Causas dos Santos \u00e0 \u00e9poca, que leu o decreto, assinado pelo Pont\u00edfice.<\/p>\n<p>&nbsp;<\/p>\n<p><img decoding=\"async\" class=\"alignright wp-image-2785\" src=\"http:\/\/padreeustaquio.com.br\/wp-content\/uploads\/2019\/08\/HOMILIA-DOM-WALMOR-NA-BEATIF.-300x288.jpg\" alt=\"\" width=\"200\" height=\"192\" srcset=\"https:\/\/www.padreeustaquio.com.br\/wp-content\/uploads\/2019\/08\/HOMILIA-DOM-WALMOR-NA-BEATIF.-300x288.jpg 300w, https:\/\/www.padreeustaquio.com.br\/wp-content\/uploads\/2019\/08\/HOMILIA-DOM-WALMOR-NA-BEATIF.-768x736.jpg 768w, https:\/\/www.padreeustaquio.com.br\/wp-content\/uploads\/2019\/08\/HOMILIA-DOM-WALMOR-NA-BEATIF.-1024x982.jpg 1024w, https:\/\/www.padreeustaquio.com.br\/wp-content\/uploads\/2019\/08\/HOMILIA-DOM-WALMOR-NA-BEATIF..jpg 1786w\" sizes=\"(max-width: 200px) 100vw, 200px\" \/>A Santa Missa foi presidida pelo Arcebispo Metropolitano de Belo Horizonte, Dom Walmor Oliveira de Azevedo, que destacou a figura do Bem-Aventurado Padre Eust\u00e1quio durante sua homilia.<\/p>\n<p><strong><a href=\"http:\/\/padreeustaquio.com.br\/wp-content\/uploads\/2019\/08\/HOMILIA-DOM-WALMOR-NA-BEATIFICA\u00c7\u00c3O.pdf\" target=\"_blank\" rel=\"noopener\">LEIA A HOMILIA DE DOM WALMOR NA BEATIFICA\u00c7\u00c3O<\/a><\/strong><\/p>\n<p>&nbsp;<\/p>\n<p>Estavam presentes os familiares do novo Beato vindos da Holanda, as Irm\u00e3s e os Irm\u00e3os (religiosos, padres e bispos) da Congrega\u00e7\u00e3o dos Sagrados Cora\u00e7\u00f5es vindos de mais de vinte pa\u00edses, o Padre Gon\u00e7alo Bel\u00e9m e o Cardeal Dom Serafim Fernandes de Ara\u00fajo, grande devoto, que junto com Dom Jo\u00e3o de Rezende Costa confiara \u00e0 intercess\u00e3o de Padre Eust\u00e1quio a cura do Padre Bel\u00e9m.<\/p>\n<p>&nbsp;<\/p>\n<p>[blockquote footer=&#8221;Dom Luciano Mendes de Almeida, Arcebispo de Mariana-MG (1988-2006) &#8220;] <img loading=\"lazy\" decoding=\"async\" class=\"alignleft size-medium wp-image-2790\" src=\"http:\/\/br606.teste.website\/~padre078\/padreeustaquio.com.br\/wp-content\/uploads\/2019\/08\/DOM-LUCIANO-MENDES-226x300.jpg\" alt=\"\" width=\"226\" height=\"300\" srcset=\"https:\/\/www.padreeustaquio.com.br\/wp-content\/uploads\/2019\/08\/DOM-LUCIANO-MENDES-226x300.jpg 226w, https:\/\/www.padreeustaquio.com.br\/wp-content\/uploads\/2019\/08\/DOM-LUCIANO-MENDES.jpg 260w\" sizes=\"(max-width: 226px) 100vw, 226px\" \/>\u201cA beleza de seu testemunho est\u00e1 na intensa vida de ora\u00e7\u00e3o, na simplicidade, na dedica\u00e7\u00e3o aos enfermos e aos pobres e no zelo pela salva\u00e7\u00e3o dos pecadores e admir\u00e1vel obedi\u00eancia \u00e0 orienta\u00e7\u00e3o dos superiores. Sua bondade encantava, aproximando todos de Deus. Precisamos desses exemplos que nos ensinam a perceber quanta gente boa e santa vive no meio do povo. S\u00e3o a \u2018Torcida de Deus\u2019 de todo dia.\u201d [\/blockquote]<\/p>\n<p>[accordions]<\/p>\n<p>&nbsp;<\/p>\n<p>[accordion title=PADRE BEL\u00c9M]<img loading=\"lazy\" decoding=\"async\" class=\"alignleft size-medium wp-image-2789\" src=\"http:\/\/padreeustaquio.com.br\/wp-content\/uploads\/2019\/08\/1303-e1566180580466-200x300.jpg\" alt=\"\" width=\"200\" height=\"300\" srcset=\"https:\/\/www.padreeustaquio.com.br\/wp-content\/uploads\/2019\/08\/1303-e1566180580466-200x300.jpg 200w, https:\/\/www.padreeustaquio.com.br\/wp-content\/uploads\/2019\/08\/1303-e1566180580466.jpg 665w\" sizes=\"(max-width: 200px) 100vw, 200px\" \/>Gon\u00e7alo Bel\u00e9m Rocha nasceu em Contagem, regi\u00e3o metropolitana de Belo Horizonte-MG e foi ordenado na d\u00e9cada de 1950. Aos 39 anos, foi surpreendido por um c\u00e2ncer na laringe. Os m\u00e9dicos diagnosticavam um quadro muito delicado, acompanhado de rouquid\u00e3o e inflama\u00e7\u00f5es da garganta. A interven\u00e7\u00e3o cir\u00fargica seria a \u00fanica forma de \u00eaxito na cura. \u00c0s v\u00e9speras da cirurgia, os m\u00e9dicos, enquanto faziam os \u00faltimos exames pr\u00e9-operat\u00f3rios, perceberam a garganta de Bel\u00e9m sadia.<\/p>\n<p>Padre Gon\u00e7alo Bel\u00e9m, viveu ainda 45 anos ap\u00f3s a cura. Uma trajet\u00f3ria marcada pela caridade, amor ao pr\u00f3ximo e 57 anos de dedica\u00e7\u00e3o \u00e0 Igreja. Ele morreu no dia 06 de dezembro de 2007, com 83 anos, no hospital Vila da Serra, em Nova Lima-MG, onde estava internado, havia cinco meses, no CTI.<\/p>\n<p>A causa da morte foi fal\u00eancia m\u00faltipla de \u00f3rg\u00e3os. P\u00e1roco em\u00e9rito da par\u00f3quia S\u00e3o Pedro Ap\u00f3stolo, no bairro Floresta, tamb\u00e9m em Belo Horizonte, padre Bel\u00e9m morreu se perguntando porque havia sido agraciado por Deus, por interm\u00e9dio de Padre Eust\u00e1quio. Numa reportagem do jornal Estado de Minas, de 2006, a mat\u00e9ria trazia uma fala de Padre Bel\u00e9m durante a Beatifica\u00e7\u00e3o de Padre Eust\u00e1quio no Mineir\u00e3o:<\/p>\n<p>[blockquote footer=&#8221;Padre Bel\u00e9m participou da cerim\u00f4nia de Beatifica\u00e7\u00e3o do in\u00edcio ao fim. Ele entrou no gramado, seguindo a prociss\u00e3o formada pelo clero e assistiu a tudo sentado e bastante emocionado.&#8221;]\u201cPor que eu fui escolhido por Deus? Tenho no\u00e7\u00e3o da minha pequenez, sou sens\u00edvel, embora com 1,80 de altura. N\u00e3o \u00e9 f\u00e1cil, tudo isso mexe muito com a gente. Acho que recebi um pux\u00e3o de orelhas de Deus\u201d[\/blockquote]<\/p>\n<p>&nbsp;<\/p>\n<p>[\/accordion]<\/p>\n<p>[\/accordions]<\/p>\n","protected":false},"excerpt":{"rendered":"<p>Desde que o Papa S\u00e3o Jo\u00e3o Paulo II, no dia 12 de abril de 2003, reconheceu a heroicidade das virtudes de Padre Eust\u00e1quio, inscrevendo o nome do religioso na lista dos Vener\u00e1veis Servos de Deus, o processo de Beatifica\u00e7\u00e3o ganhou um novo passo, o de apresentar um milagre para que ele fosse reconhecido pela igreja e declarado Bem-Aventurado pela Santa S\u00e9. Entrou em cena, ent\u00e3o, a surpreendente cura de um c\u00e2ncer por intercess\u00e3o do Padre Eust\u00e1quio em benef\u00edcio do Padre Gon\u00e7alo Bel\u00e9m, de Belo Horizonte, que foi comprovada cientificamente. Veja o relato do Cardeal Dom Serafim Fernandes de Ara\u00fajo, Arcebispo [&hellip;]<\/p>\n","protected":false},"author":6,"featured_media":2743,"comment_status":"closed","ping_status":"open","sticky":false,"template":"","format":"standard","meta":{"_acf_changed":false,"footnotes":""},"categories":[617],"tags":[],"class_list":["post-2738","post","type-post","status-publish","format-standard","has-post-thumbnail","hentry","category-beatificacao"],"acf":[],"yoast_head":"<!-- This site is optimized with the Yoast SEO plugin v27.2 - https:\/\/yoast.com\/product\/yoast-seo-wordpress\/ -->\n<title>O RECONHECIMENTO - Padre Eust\u00e1quio<\/title>\n<meta name=\"robots\" content=\"index, follow, max-snippet:-1, max-image-preview:large, max-video-preview:-1\" \/>\n<link rel=\"canonical\" href=\"https:\/\/www.padreeustaquio.com.br\/en\/recognition\/\" \/>\n<meta property=\"og:locale\" content=\"en_US\" \/>\n<meta property=\"og:type\" content=\"article\" \/>\n<meta property=\"og:title\" content=\"O RECONHECIMENTO - Padre Eust\u00e1quio\" \/>\n<meta property=\"og:description\" content=\"Desde que o Papa S\u00e3o Jo\u00e3o Paulo II, no dia 12 de abril de 2003, reconheceu a heroicidade das virtudes de Padre Eust\u00e1quio, inscrevendo o nome do religioso na lista dos Vener\u00e1veis Servos de Deus, o processo de Beatifica\u00e7\u00e3o ganhou um novo passo, o de apresentar um milagre para que ele fosse reconhecido pela igreja e declarado Bem-Aventurado pela Santa S\u00e9. Entrou em cena, ent\u00e3o, a surpreendente cura de um c\u00e2ncer por intercess\u00e3o do Padre Eust\u00e1quio em benef\u00edcio do Padre Gon\u00e7alo Bel\u00e9m, de Belo Horizonte, que foi comprovada cientificamente. Veja o relato do Cardeal Dom Serafim Fernandes de Ara\u00fajo, Arcebispo [&hellip;]\" \/>\n<meta property=\"og:url\" content=\"https:\/\/www.padreeustaquio.com.br\/en\/recognition\/\" \/>\n<meta property=\"og:site_name\" content=\"Padre Eust\u00e1quio\" \/>\n<meta property=\"article:publisher\" content=\"https:\/\/www.facebook.com\/beatopadreeustaquio\/\" \/>\n<meta property=\"article:published_time\" content=\"2019-08-19T01:14:08+00:00\" \/>\n<meta property=\"article:modified_time\" content=\"2020-07-01T13:55:36+00:00\" \/>\n<meta property=\"og:image\" content=\"https:\/\/www.padreeustaquio.com.br\/wp-content\/uploads\/2019\/08\/1285-PADRE-EUSTAQUIO-1.jpg\" \/>\n\t<meta property=\"og:image:width\" content=\"1920\" \/>\n\t<meta property=\"og:image:height\" content=\"1062\" \/>\n\t<meta property=\"og:image:type\" content=\"image\/jpeg\" \/>\n<meta name=\"author\" content=\"sscc\" \/>\n<meta name=\"twitter:card\" content=\"summary_large_image\" \/>\n<meta name=\"twitter:creator\" content=\"@beatopeustaquio\" \/>\n<meta name=\"twitter:site\" content=\"@beatopeustaquio\" \/>\n<meta name=\"twitter:label1\" content=\"Written by\" \/>\n\t<meta name=\"twitter:data1\" content=\"sscc\" \/>\n\t<meta name=\"twitter:label2\" content=\"Est. reading time\" \/>\n\t<meta name=\"twitter:data2\" content=\"5 minutes\" \/>\n<script type=\"application\/ld+json\" class=\"yoast-schema-graph\">{\"@context\":\"https:\/\/schema.org\",\"@graph\":[{\"@type\":\"Article\",\"@id\":\"https:\/\/www.padreeustaquio.com.br\/o-reconhecimento\/#article\",\"isPartOf\":{\"@id\":\"https:\/\/www.padreeustaquio.com.br\/o-reconhecimento\/\"},\"author\":{\"name\":\"sscc\",\"@id\":\"https:\/\/www.padreeustaquio.com.br\/#\/schema\/person\/1bbfe7b959f00a655f8ecb6cb8f3ce87\"},\"headline\":\"O RECONHECIMENTO\",\"datePublished\":\"2019-08-19T01:14:08+00:00\",\"dateModified\":\"2020-07-01T13:55:36+00:00\",\"mainEntityOfPage\":{\"@id\":\"https:\/\/www.padreeustaquio.com.br\/o-reconhecimento\/\"},\"wordCount\":959,\"publisher\":{\"@id\":\"https:\/\/www.padreeustaquio.com.br\/#organization\"},\"image\":{\"@id\":\"https:\/\/www.padreeustaquio.com.br\/o-reconhecimento\/#primaryimage\"},\"thumbnailUrl\":\"https:\/\/www.padreeustaquio.com.br\/wp-content\/uploads\/2019\/08\/1285-PADRE-EUSTAQUIO-1.jpg\",\"articleSection\":[\"Beatifica\u00e7\u00e3o\"],\"inLanguage\":\"en-US\"},{\"@type\":\"WebPage\",\"@id\":\"https:\/\/www.padreeustaquio.com.br\/o-reconhecimento\/\",\"url\":\"https:\/\/www.padreeustaquio.com.br\/o-reconhecimento\/\",\"name\":\"O RECONHECIMENTO - Padre Eust\u00e1quio\",\"isPartOf\":{\"@id\":\"https:\/\/www.padreeustaquio.com.br\/#website\"},\"primaryImageOfPage\":{\"@id\":\"https:\/\/www.padreeustaquio.com.br\/o-reconhecimento\/#primaryimage\"},\"image\":{\"@id\":\"https:\/\/www.padreeustaquio.com.br\/o-reconhecimento\/#primaryimage\"},\"thumbnailUrl\":\"https:\/\/www.padreeustaquio.com.br\/wp-content\/uploads\/2019\/08\/1285-PADRE-EUSTAQUIO-1.jpg\",\"datePublished\":\"2019-08-19T01:14:08+00:00\",\"dateModified\":\"2020-07-01T13:55:36+00:00\",\"breadcrumb\":{\"@id\":\"https:\/\/www.padreeustaquio.com.br\/o-reconhecimento\/#breadcrumb\"},\"inLanguage\":\"en-US\",\"potentialAction\":[{\"@type\":\"ReadAction\",\"target\":[\"https:\/\/www.padreeustaquio.com.br\/o-reconhecimento\/\"]}]},{\"@type\":\"ImageObject\",\"inLanguage\":\"en-US\",\"@id\":\"https:\/\/www.padreeustaquio.com.br\/o-reconhecimento\/#primaryimage\",\"url\":\"https:\/\/www.padreeustaquio.com.br\/wp-content\/uploads\/2019\/08\/1285-PADRE-EUSTAQUIO-1.jpg\",\"contentUrl\":\"https:\/\/www.padreeustaquio.com.br\/wp-content\/uploads\/2019\/08\/1285-PADRE-EUSTAQUIO-1.jpg\",\"width\":1920,\"height\":1062},{\"@type\":\"BreadcrumbList\",\"@id\":\"https:\/\/www.padreeustaquio.com.br\/o-reconhecimento\/#breadcrumb\",\"itemListElement\":[{\"@type\":\"ListItem\",\"position\":1,\"name\":\"In\u00edcio\",\"item\":\"https:\/\/www.padreeustaquio.com.br\/\"},{\"@type\":\"ListItem\",\"position\":2,\"name\":\"O RECONHECIMENTO\"}]},{\"@type\":\"WebSite\",\"@id\":\"https:\/\/www.padreeustaquio.com.br\/#website\",\"url\":\"https:\/\/www.padreeustaquio.com.br\/\",\"name\":\"Padre Eust\u00e1quio\",\"description\":\"Sa\u00fade e Paz\",\"publisher\":{\"@id\":\"https:\/\/www.padreeustaquio.com.br\/#organization\"},\"potentialAction\":[{\"@type\":\"SearchAction\",\"target\":{\"@type\":\"EntryPoint\",\"urlTemplate\":\"https:\/\/www.padreeustaquio.com.br\/?s={search_term_string}\"},\"query-input\":{\"@type\":\"PropertyValueSpecification\",\"valueRequired\":true,\"valueName\":\"search_term_string\"}}],\"inLanguage\":\"en-US\"},{\"@type\":\"Organization\",\"@id\":\"https:\/\/www.padreeustaquio.com.br\/#organization\",\"name\":\"Padre Eust\u00e1quio\",\"url\":\"https:\/\/www.padreeustaquio.com.br\/\",\"logo\":{\"@type\":\"ImageObject\",\"inLanguage\":\"en-US\",\"@id\":\"https:\/\/www.padreeustaquio.com.br\/#\/schema\/logo\/image\/\",\"url\":\"https:\/\/www.padreeustaquio.com.br\/wp-content\/uploads\/2019\/08\/marca.png\",\"contentUrl\":\"https:\/\/www.padreeustaquio.com.br\/wp-content\/uploads\/2019\/08\/marca.png\",\"width\":350,\"height\":400,\"caption\":\"Padre Eust\u00e1quio\"},\"image\":{\"@id\":\"https:\/\/www.padreeustaquio.com.br\/#\/schema\/logo\/image\/\"},\"sameAs\":[\"https:\/\/www.facebook.com\/beatopadreeustaquio\/\",\"https:\/\/x.com\/beatopeustaquio\",\"https:\/\/www.instagram.com\/beatopadreeustaquio\/\",\"https:\/\/www.youtube.com\/channel\/UCRhw7vfabnajwLxb1ZXMeIw\"]},{\"@type\":\"Person\",\"@id\":\"https:\/\/www.padreeustaquio.com.br\/#\/schema\/person\/1bbfe7b959f00a655f8ecb6cb8f3ce87\",\"name\":\"sscc\",\"image\":{\"@type\":\"ImageObject\",\"inLanguage\":\"en-US\",\"@id\":\"https:\/\/secure.gravatar.com\/avatar\/edddec27f012d36cfa3fce966238219942e4659e87f27ef7b5704f0db7007bec?s=96&d=mm&r=g\",\"url\":\"https:\/\/secure.gravatar.com\/avatar\/edddec27f012d36cfa3fce966238219942e4659e87f27ef7b5704f0db7007bec?s=96&d=mm&r=g\",\"contentUrl\":\"https:\/\/secure.gravatar.com\/avatar\/edddec27f012d36cfa3fce966238219942e4659e87f27ef7b5704f0db7007bec?s=96&d=mm&r=g\",\"caption\":\"sscc\"},\"url\":\"https:\/\/www.padreeustaquio.com.br\/en\/author\/userpde\/\"}]}<\/script>\n<!-- \/ Yoast SEO plugin. -->","yoast_head_json":{"title":"RECOGNITION - Father Eust\u00e1quio","robots":{"index":"index","follow":"follow","max-snippet":"max-snippet:-1","max-image-preview":"max-image-preview:large","max-video-preview":"max-video-preview:-1"},"canonical":"https:\/\/www.padreeustaquio.com.br\/en\/recognition\/","og_locale":"en_US","og_type":"article","og_title":"O RECONHECIMENTO - Padre Eust\u00e1quio","og_description":"Desde que o Papa S\u00e3o Jo\u00e3o Paulo II, no dia 12 de abril de 2003, reconheceu a heroicidade das virtudes de Padre Eust\u00e1quio, inscrevendo o nome do religioso na lista dos Vener\u00e1veis Servos de Deus, o processo de Beatifica\u00e7\u00e3o ganhou um novo passo, o de apresentar um milagre para que ele fosse reconhecido pela igreja e declarado Bem-Aventurado pela Santa S\u00e9. Entrou em cena, ent\u00e3o, a surpreendente cura de um c\u00e2ncer por intercess\u00e3o do Padre Eust\u00e1quio em benef\u00edcio do Padre Gon\u00e7alo Bel\u00e9m, de Belo Horizonte, que foi comprovada cientificamente. Veja o relato do Cardeal Dom Serafim Fernandes de Ara\u00fajo, Arcebispo [&hellip;]","og_url":"https:\/\/www.padreeustaquio.com.br\/en\/recognition\/","og_site_name":"Padre Eust\u00e1quio","article_publisher":"https:\/\/www.facebook.com\/beatopadreeustaquio\/","article_published_time":"2019-08-19T01:14:08+00:00","article_modified_time":"2020-07-01T13:55:36+00:00","og_image":[{"width":1920,"height":1062,"url":"https:\/\/www.padreeustaquio.com.br\/wp-content\/uploads\/2019\/08\/1285-PADRE-EUSTAQUIO-1.jpg","type":"image\/jpeg"}],"author":"sscc","twitter_card":"summary_large_image","twitter_creator":"@beatopeustaquio","twitter_site":"@beatopeustaquio","twitter_misc":{"Written by":"sscc","Est. reading time":"5 minutes"},"schema":{"@context":"https:\/\/schema.org","@graph":[{"@type":"Article","@id":"https:\/\/www.padreeustaquio.com.br\/o-reconhecimento\/#article","isPartOf":{"@id":"https:\/\/www.padreeustaquio.com.br\/o-reconhecimento\/"},"author":{"name":"sscc","@id":"https:\/\/www.padreeustaquio.com.br\/#\/schema\/person\/1bbfe7b959f00a655f8ecb6cb8f3ce87"},"headline":"O RECONHECIMENTO","datePublished":"2019-08-19T01:14:08+00:00","dateModified":"2020-07-01T13:55:36+00:00","mainEntityOfPage":{"@id":"https:\/\/www.padreeustaquio.com.br\/o-reconhecimento\/"},"wordCount":959,"publisher":{"@id":"https:\/\/www.padreeustaquio.com.br\/#organization"},"image":{"@id":"https:\/\/www.padreeustaquio.com.br\/o-reconhecimento\/#primaryimage"},"thumbnailUrl":"https:\/\/www.padreeustaquio.com.br\/wp-content\/uploads\/2019\/08\/1285-PADRE-EUSTAQUIO-1.jpg","articleSection":["Beatifica\u00e7\u00e3o"],"inLanguage":"en-US"},{"@type":"WebPage","@id":"https:\/\/www.padreeustaquio.com.br\/o-reconhecimento\/","url":"https:\/\/www.padreeustaquio.com.br\/o-reconhecimento\/","name":"RECOGNITION - Father Eust\u00e1quio","isPartOf":{"@id":"https:\/\/www.padreeustaquio.com.br\/#website"},"primaryImageOfPage":{"@id":"https:\/\/www.padreeustaquio.com.br\/o-reconhecimento\/#primaryimage"},"image":{"@id":"https:\/\/www.padreeustaquio.com.br\/o-reconhecimento\/#primaryimage"},"thumbnailUrl":"https:\/\/www.padreeustaquio.com.br\/wp-content\/uploads\/2019\/08\/1285-PADRE-EUSTAQUIO-1.jpg","datePublished":"2019-08-19T01:14:08+00:00","dateModified":"2020-07-01T13:55:36+00:00","breadcrumb":{"@id":"https:\/\/www.padreeustaquio.com.br\/o-reconhecimento\/#breadcrumb"},"inLanguage":"en-US","potentialAction":[{"@type":"ReadAction","target":["https:\/\/www.padreeustaquio.com.br\/o-reconhecimento\/"]}]},{"@type":"ImageObject","inLanguage":"en-US","@id":"https:\/\/www.padreeustaquio.com.br\/o-reconhecimento\/#primaryimage","url":"https:\/\/www.padreeustaquio.com.br\/wp-content\/uploads\/2019\/08\/1285-PADRE-EUSTAQUIO-1.jpg","contentUrl":"https:\/\/www.padreeustaquio.com.br\/wp-content\/uploads\/2019\/08\/1285-PADRE-EUSTAQUIO-1.jpg","width":1920,"height":1062},{"@type":"BreadcrumbList","@id":"https:\/\/www.padreeustaquio.com.br\/o-reconhecimento\/#breadcrumb","itemListElement":[{"@type":"ListItem","position":1,"name":"In\u00edcio","item":"https:\/\/www.padreeustaquio.com.br\/"},{"@type":"ListItem","position":2,"name":"O RECONHECIMENTO"}]},{"@type":"WebSite","@id":"https:\/\/www.padreeustaquio.com.br\/#website","url":"https:\/\/www.padreeustaquio.com.br\/","name":"FATHER EUST\u00c1QUIO","description":"Health and Peace","publisher":{"@id":"https:\/\/www.padreeustaquio.com.br\/#organization"},"potentialAction":[{"@type":"SearchAction","target":{"@type":"EntryPoint","urlTemplate":"https:\/\/www.padreeustaquio.com.br\/?s={search_term_string}"},"query-input":{"@type":"PropertyValueSpecification","valueRequired":true,"valueName":"search_term_string"}}],"inLanguage":"en-US"},{"@type":"Organization","@id":"https:\/\/www.padreeustaquio.com.br\/#organization","name":"FATHER EUST\u00c1QUIO","url":"https:\/\/www.padreeustaquio.com.br\/","logo":{"@type":"ImageObject","inLanguage":"en-US","@id":"https:\/\/www.padreeustaquio.com.br\/#\/schema\/logo\/image\/","url":"https:\/\/www.padreeustaquio.com.br\/wp-content\/uploads\/2019\/08\/marca.png","contentUrl":"https:\/\/www.padreeustaquio.com.br\/wp-content\/uploads\/2019\/08\/marca.png","width":350,"height":400,"caption":"Padre Eust\u00e1quio"},"image":{"@id":"https:\/\/www.padreeustaquio.com.br\/#\/schema\/logo\/image\/"},"sameAs":["https:\/\/www.facebook.com\/beatopadreeustaquio\/","https:\/\/x.com\/beatopeustaquio","https:\/\/www.instagram.com\/beatopadreeustaquio\/","https:\/\/www.youtube.com\/channel\/UCRhw7vfabnajwLxb1ZXMeIw"]},{"@type":"Person","@id":"https:\/\/www.padreeustaquio.com.br\/#\/schema\/person\/1bbfe7b959f00a655f8ecb6cb8f3ce87","name":"sscc","image":{"@type":"ImageObject","inLanguage":"en-US","@id":"https:\/\/secure.gravatar.com\/avatar\/edddec27f012d36cfa3fce966238219942e4659e87f27ef7b5704f0db7007bec?s=96&d=mm&r=g","url":"https:\/\/secure.gravatar.com\/avatar\/edddec27f012d36cfa3fce966238219942e4659e87f27ef7b5704f0db7007bec?s=96&d=mm&r=g","contentUrl":"https:\/\/secure.gravatar.com\/avatar\/edddec27f012d36cfa3fce966238219942e4659e87f27ef7b5704f0db7007bec?s=96&d=mm&r=g","caption":"sscc"},"url":"https:\/\/www.padreeustaquio.com.br\/en\/author\/userpde\/"}]}},"_links":{"self":[{"href":"https:\/\/www.padreeustaquio.com.br\/en\/wp-json\/wp\/v2\/posts\/2738","targetHints":{"allow":["GET"]}}],"collection":[{"href":"https:\/\/www.padreeustaquio.com.br\/en\/wp-json\/wp\/v2\/posts"}],"about":[{"href":"https:\/\/www.padreeustaquio.com.br\/en\/wp-json\/wp\/v2\/types\/post"}],"author":[{"embeddable":true,"href":"https:\/\/www.padreeustaquio.com.br\/en\/wp-json\/wp\/v2\/users\/6"}],"replies":[{"embeddable":true,"href":"https:\/\/www.padreeustaquio.com.br\/en\/wp-json\/wp\/v2\/comments?post=2738"}],"version-history":[{"count":0,"href":"https:\/\/www.padreeustaquio.com.br\/en\/wp-json\/wp\/v2\/posts\/2738\/revisions"}],"wp:featuredmedia":[{"embeddable":true,"href":"https:\/\/www.padreeustaquio.com.br\/en\/wp-json\/wp\/v2\/media\/2743"}],"wp:attachment":[{"href":"https:\/\/www.padreeustaquio.com.br\/en\/wp-json\/wp\/v2\/media?parent=2738"}],"wp:term":[{"taxonomy":"category","embeddable":true,"href":"https:\/\/www.padreeustaquio.com.br\/en\/wp-json\/wp\/v2\/categories?post=2738"},{"taxonomy":"post_tag","embeddable":true,"href":"https:\/\/www.padreeustaquio.com.br\/en\/wp-json\/wp\/v2\/tags?post=2738"}],"curies":[{"name":"wp","href":"https:\/\/api.w.org\/{rel}","templated":true}]}}