{"id":2721,"date":"2019-08-18T20:40:49","date_gmt":"2019-08-18T23:40:49","guid":{"rendered":"http:\/\/br606.teste.website\/~padre078\/padreeustaquio.com.br\/?p=2721"},"modified":"2021-04-22T09:08:28","modified_gmt":"2021-04-22T12:08:28","slug":"life-and-history02","status":"publish","type":"post","link":"https:\/\/www.padreeustaquio.com.br\/en\/life-and-history02\/","title":{"rendered":"LIFE AND HISTORY"},"content":{"rendered":"<p>A presen\u00e7a do Padre Eust\u00e1quio permanece viva e atual em tantos quantos o conheceram ou se aproximam de seu testemunho e de sua obra. Seu t\u00famulo em Belo Horizonte, no novo Memorial do Santu\u00e1rio da Sa\u00fade e da Paz continua atraindo diariamente grande n\u00famero de pessoas. As crian\u00e7as, os adolescentes e os jovens estudantes, antes ou depois de ir \u00e0s escolas que levam o seu nome, se ajoelham ou tra\u00e7am um apressado sinal da cruz saudando o querido patrono.<\/p>\n<p>Em Belo Horizonte, no com\u00e9rcio e em muitos lares, encontramos sua foto com aquele olhar claro, firme e penetrante. Agradecidos por muitas gra\u00e7as alcan\u00e7adas os pais honram ao Beato atribuindo a seus filhos o nome de Eust\u00e1quio, Eust\u00e1quia e muitos compostos como Humberto Eust\u00e1quio, Jos\u00e9 Eust\u00e1quio, Maria Eust\u00e1quia, dentre tantos outros. Sua mensagem viva expressa a aten\u00e7\u00e3o aos enfermos e aos pobres como a marca de toda uma vida vivida no seguimento de Jesus. Uma vida de consagra\u00e7\u00e3o aos Sagrados Cora\u00e7\u00f5es de Jesus e Maria pela adora\u00e7\u00e3o di\u00e1ria a Jesus Eucar\u00edstico, alimentando assim seu ideal mission\u00e1rio e comunicando o que conhece e experimenta: Deus \u00e9 Amor! Os pais e as m\u00e3es de fam\u00edlia ou os doentes e sofredores todos: desempregados, gente necessitada, mas sempre cheios de f\u00e9, esperan\u00e7a em agradecimento clamam:<\/p>\n<p>[blockquote footer=&#8221;&#8221;]\u201cRoga por n\u00f3s, Padre Eust\u00e1quio, vela por n\u00f3s com amor. Confiamos em vossa bondade, junto a Deus nosso intercessor.\u201d[\/blockquote]<\/p>\n<p>[accordions]<\/p>\n<p>[accordion title=Fam\u00edlia do Sr. Guilherme e D. Elizabete]<img fetchpriority=\"high\" decoding=\"async\" class=\"alignleft size-medium wp-image-2732\" src=\"http:\/\/br606.teste.website\/~padre078\/padreeustaquio.com.br\/wp-content\/uploads\/2019\/08\/PAIS-DE-PADRE-EUSTAQUIO-205x300.jpg\" alt=\"\" width=\"205\" height=\"300\" srcset=\"https:\/\/www.padreeustaquio.com.br\/wp-content\/uploads\/2019\/08\/PAIS-DE-PADRE-EUSTAQUIO-205x300.jpg 205w, https:\/\/www.padreeustaquio.com.br\/wp-content\/uploads\/2019\/08\/PAIS-DE-PADRE-EUSTAQUIO.jpg 300w\" sizes=\"(max-width: 205px) 100vw, 205px\" \/>O Padre Eust\u00e1quio van Lieshout nasceu em Aarle Rixtel na Holanda, no dia 3 de novembro de 1890. Fam\u00edlia numerosa e muito religiosa. Dos nove filhos, al\u00e9m do Padre Eust\u00e1quio, mais tr\u00eas de suas irm\u00e3s tamb\u00e9m seguiram a voca\u00e7\u00e3o religiosa. Seus pais foram o Sr. Guilherme e D. Elizabete. Seu batizado foi no mesmo dia em que nasceu. Em 1901, recebeu a Primeira Comunh\u00e3o e foi crismado em 1904. Pr\u00f3ximo de completar 15 anos, no ano de 1905, ingressou no Semin\u00e1rio da Congrega\u00e7\u00e3o dos Sagrados Cora\u00e7\u00f5es.[\/accordion]<\/p>\n<p>[accordion title=S\u00e3o Dami\u00e3o inspira o seu ideal mission\u00e1rio]<img decoding=\"async\" class=\"alignleft size-full wp-image-2734\" src=\"http:\/\/br606.teste.website\/~padre078\/padreeustaquio.com.br\/wp-content\/uploads\/2019\/08\/sao-damiao-novo.jpg\" alt=\"\" width=\"256\" height=\"200\" \/>A juventude de sua regi\u00e3o estava impressionada com o testemunho heroico do conterr\u00e2neo da Regi\u00e3o da Brab\u00e2ncia que se divide entre o sul da Holanda e o norte da B\u00e9lgica. As casas familiares dos dois mission\u00e1rios ficam a pouco mais de 110 km de dist\u00e2ncia. Desde pequeno o futuro Padre Eust\u00e1quio conhecia suas aventuras e hero\u00edsmo, mas, na adolesc\u00eancia, a leitura da vida de S\u00e3o Dami\u00e3o de Molokai encantou-o de tal forma que desde ent\u00e3o seu grande sonho era ser mission\u00e1rio como o \u201cap\u00f3stolo dos hansenianos\u201d. Em 1915 o jovem Eust\u00e1quio professou os Votos de Pobreza, Castidade e Obedi\u00eancia tornando-se religioso dos Sagrados Cora\u00e7\u00f5es como seu her\u00f3i: S\u00e3o Dami\u00e3o de Molokai. Em 1919, recebeu a ordena\u00e7\u00e3o sacerdotal. Serviu ao Povo de Deus na Holanda em v\u00e1rias miss\u00f5es. Destacou-se de tal forma, que recebeu do Rei da B\u00e9lgica uma condecora\u00e7\u00e3o pelos servi\u00e7os prestados aos refugiados belgas por causa da Primeira Guerra Mundial. [\/accordion]<\/p>\n<p>[accordion title=Padre Eust\u00e1quio mission\u00e1rio]Em 1925 seu ideal mission\u00e1rio se realizou. Foi um dos tr\u00eas fundadores da primeira comunidade da Congrega\u00e7\u00e3o dos Sagrados Cora\u00e7\u00f5es no Brasil, em Romaria, no Tri\u00e2ngulo Mineiro. A partir de 1925, os tr\u00eas primeiros Religiosos dos Sagrados Cora\u00e7\u00f5es se estabeleceram nas cidades que naquela \u00e9poca pertenciam \u00e0 ent\u00e3o Diocese de Uberaba: Padre Gil van den Boogaart, Padre Matias van Rooy e o Padre Eust\u00e1quio van Lieshout que foi o construtor do novo Santu\u00e1rio de Nossa Senhora da Abadia da \u00c1gua Suja, na atual cidade de Romaria-MG. Em 1926, fundaram o Col\u00e9gio Regina Pacis, em Araguari-MG, e em 1927 o Gin\u00e1sio Dom Lustosa, em Patroc\u00ednio-MG. Os primeiros diretores foram os Padres Gil e Matias respectivamente.[\/accordion]<\/p>\n<p>[accordion title=Valei-nos, Senhora da Abadia!]<img decoding=\"async\" class=\"alignleft size-medium wp-image-2733\" src=\"http:\/\/br606.teste.website\/~padre078\/padreeustaquio.com.br\/wp-content\/uploads\/2019\/08\/SANTU\u00c1RIO-ABADIA-AGUA-SUJA-300x225.jpg\" alt=\"\" width=\"300\" height=\"225\" srcset=\"https:\/\/www.padreeustaquio.com.br\/wp-content\/uploads\/2019\/08\/SANTU\u00c1RIO-ABADIA-AGUA-SUJA-300x225.jpg 300w, https:\/\/www.padreeustaquio.com.br\/wp-content\/uploads\/2019\/08\/SANTU\u00c1RIO-ABADIA-AGUA-SUJA-768x577.jpg 768w, https:\/\/www.padreeustaquio.com.br\/wp-content\/uploads\/2019\/08\/SANTU\u00c1RIO-ABADIA-AGUA-SUJA-180x135.jpg 180w, https:\/\/www.padreeustaquio.com.br\/wp-content\/uploads\/2019\/08\/SANTU\u00c1RIO-ABADIA-AGUA-SUJA-400x300.jpg 400w, https:\/\/www.padreeustaquio.com.br\/wp-content\/uploads\/2019\/08\/SANTU\u00c1RIO-ABADIA-AGUA-SUJA-600x450.jpg 600w, https:\/\/www.padreeustaquio.com.br\/wp-content\/uploads\/2019\/08\/SANTU\u00c1RIO-ABADIA-AGUA-SUJA.jpg 795w\" sizes=\"(max-width: 300px) 100vw, 300px\" \/>O Padre Eust\u00e1quio viveu em Romaria-MG, de 1925 at\u00e9 1935, servindo tamb\u00e9m \u00e0s par\u00f3quias de Indian\u00f3polis-MG e Ira\u00ed de Minas-MG. Construtor do atual Santu\u00e1rio de Nossa Senhora da Abadia da \u00c1gua Suja, foi transferido para S\u00e3o Paulo sob protesto de seus paroquianos. O P\u00e1roco gozava de tamanho apre\u00e7o entre seus fi\u00e9is que quando foi transferido chegaram a sitiar a casa paroquial e obstruir as vias de comunica\u00e7\u00e3o do munic\u00edpio arrancando os \u201cmata-burros\u201d. Mesmo assim para cumprir a nova obedi\u00eancia que recebera partiu a p\u00e9 at\u00e9 transpor os limites de \u00c1gua Suja.[\/accordion]<\/p>\n<p>[accordion title=O Vig\u00e1rio de Po\u00e1]<img loading=\"lazy\" decoding=\"async\" class=\"alignleft size-medium wp-image-2735\" src=\"http:\/\/br606.teste.website\/~padre078\/padreeustaquio.com.br\/wp-content\/uploads\/2019\/08\/VIGARIO-DE-POA-300x210.jpg\" alt=\"\" width=\"300\" height=\"210\" srcset=\"https:\/\/www.padreeustaquio.com.br\/wp-content\/uploads\/2019\/08\/VIGARIO-DE-POA-300x210.jpg 300w, https:\/\/www.padreeustaquio.com.br\/wp-content\/uploads\/2019\/08\/VIGARIO-DE-POA.jpg 379w\" sizes=\"(max-width: 300px) 100vw, 300px\" \/>O Padre Eust\u00e1quio foi p\u00e1roco em Po\u00e1-SP de 1935 a 1941 na par\u00f3quia Nossa Senhora de Lourdes. Como Jesus, Bom Pastor ele entregou sua vida pelos paroquianos: um especial carinho para com os doentes e os sofredores. Construiu uma gruta em honra de Nossa Senhora de Lourdes e disponibilizou \u00e1gua benta misturada com \u00e1gua que ele mesmo trouxera da Fran\u00e7a em sua peregrina\u00e7\u00e3o a Lourdes durante as f\u00e9rias na Holanda em 1935.<\/p>\n<p>O Pe. Ven\u00e2ncio Hulselmans, SS.CC. seu companheiro e primeiro bi\u00f3grafo, relata em seu livro \u201cO Vig\u00e1rio de Po\u00e1\u201d, de 1944 que \u201co trabalho paroquial continua com a maior regularidade, porque os romeiros s\u00f3 procuravam \u00e1gua-benta e nada mais. Padre Eust\u00e1quio entra e sai sem a menor dificuldade; vai com os paroquianos \u00e0 Aparecida do Norte, leva-os conforme costume, \u00e0 adora\u00e7\u00e3o na Matriz de Santa Efig\u00eania, enfim, faz tudo o que costumava fazer, sem atrair uma aten\u00e7\u00e3o especial. Aos poucos, por\u00e9m, com a crescente fama da \u00e1gua, que levava a sa\u00fade onde quer que fosse usada, os romeiros n\u00e3o se contentam mais em tirar a \u00e1gua, mas querem ver o padre, falar com ele, pedir-lhe pessoalmente uma b\u00ean\u00e7\u00e3o, tanto para si como para a \u00e1gua. Bondoso por natureza, Padre Eust\u00e1quio atendia a um e a outro na saleta de visitas. As hist\u00f3rias de doen\u00e7as e infort\u00fanios que ouvia, comoviam-lhe o cora\u00e7\u00e3o sempre compassivo e, consolando e confortando, terminava sempre com uma b\u00ean\u00e7\u00e3o pessoal, aconselhando o uso da \u00e1gua-benta\u201d. Em Po\u00e1-SP, come\u00e7aram os relatos de curas \u201cmiraculosas\u201d que provocaram grande afluxo de pessoas.<\/p>\n<p>A pequena cidade n\u00e3o comportava o grande n\u00famero de fi\u00e9is que o procurava diariamente. No mesmo livro do Pe. Ven\u00e2ncio podemos encontrar \u201cum apanhado r\u00e1pido de \u201ccuras\u201d enviado por pessoas beneficiadas \u00e0 R\u00e1dio Excelsior de S\u00e3o Paulo: 1) Eu tinha uma ferida na perna muito dif\u00edcil de sarar, j\u00e1 tinha um ano e me do\u00eda muito. Eu j\u00e1 tinho ido ao m\u00e9dico e j\u00e1 tinha posto muitos rem\u00e9dios. Mas Deus me ajudou e eu ouvi falar nesse querido padre de Po\u00e1, levantei de madrugada e fui tomar o primeiro trem que para l\u00e1 ia. Era cinco e meia da tarde e ainda n\u00e3o tinha chegado o meu n\u00famero, era de 10.000. \u00c0s seis horas eu entrei e ele disse: lave com esta \u00e1gua e reze a S. Jos\u00e9.<\/p>\n<p>Vi instantaneamente um grande milagre, gritei a todos de minha casa para que vissem o grande milagre recebido de Padre Eust\u00e1quio, com a vontade de Deus. S\u00e3o Paulo, 19 de outubro de 1943. \u2013 Maria de Orio. 2) Minha filha Alayde, sofria, horrivelmente h\u00e1 4 anos com uma nevralgia na cabe\u00e7a, que me fez gastar uma exorbit\u00e2ncia. Com grande dificuldade consegui no meio da multid\u00e3o chegar perto dele e colocar com toda a confian\u00e7a, sua m\u00e3o na cabe\u00e7a de minha filha, que ficou radicalmente curada.<\/p>\n<p>S\u00e3o Paulo, 20 de outubro de 1943. \u2013 Mariana Marcondes Vieira<\/p>\n<p>\u201cEstes fatos entre dezenas de outros, fizeram sua propaganda e viraram a casa paroquial de Po\u00e1 de cabe\u00e7a para baixo. E o pior estava para vir. Em 4 de Mar\u00e7o apareceram em cena os primeiros rep\u00f3rteres de \u201cO Di\u00e1rio da Noite\u201d, e no mesmo dia, por manchetes colossais e ampla documenta\u00e7\u00e3o fotogr\u00e1fica, o grande p\u00fablico ficou sabendo que \u201cEM PO\u00c1 HAVIA UM PADRE FAZENDO MILAGRES\u201d. Este exemplo, logo seguido por outros jornais que diariamente, em reportagens sensacionais, relatavam minuciosamente, mais uma cura milagrosa do \u201cSANTO DE PO\u00c1\u201d, levou o movimento a propor\u00e7\u00f5es fant\u00e1sticas, na pequenina localidade. Os jornais arrastavam a popula\u00e7\u00e3o do estado inteiro e mesmo muitos peregrinos de outros estados.\u201d<\/p>\n<p>[\/accordion]<\/p>\n<p>[\/accordions]<\/p>\n<p>[accordions]<\/p>\n<p>[accordion title=Ex\u00edlio]A solu\u00e7\u00e3o encontrada pelos seus superiores foi a de afast\u00e1-lo da par\u00f3quia a partir de 13 de maio de 1941. As autoridades civis e religiosas determinaram seu ex\u00edlio para uma fazenda na cidade de Rio Claro-SP, e a troca de seu nome para Padre Jos\u00e9, o que ele aceitou testemunhando obedi\u00eancia e humildade. Mais uma vez foi descoberto, a fazenda invadida por centenas de pessoas e a situa\u00e7\u00e3o tornou-se cada vez mais dif\u00edcil. Descoberto, iniciou uma peregrina\u00e7\u00e3o por v\u00e1rios lugares como Campinas-SP, Rio de Janeiro-RJ, e S\u00e3o Paulo-SP. Seu carisma e seus dons, o forte chamado \u00e0 convers\u00e3o, sua corajosa prega\u00e7\u00e3o e as b\u00ean\u00e7\u00e3os rituais de cura atra\u00edram multid\u00f5es. A fama de santidade do \u201cVig\u00e1rio de Po\u00e1\u201d se espalhou por todo o pa\u00eds. A incontrol\u00e1vel situa\u00e7\u00e3o tornou-se um problema at\u00e9 de sa\u00fade e seguran\u00e7a p\u00fablica por onde passava.[\/accordion]<\/p>\n<p>[accordion title=Patroc\u00ednio e Ibi\u00e1]<img loading=\"lazy\" decoding=\"async\" class=\"alignleft size-medium wp-image-2729\" src=\"http:\/\/br606.teste.website\/~padre078\/padreeustaquio.com.br\/wp-content\/uploads\/2019\/08\/EXILIO-205x300.jpg\" alt=\"\" width=\"205\" height=\"300\" srcset=\"https:\/\/www.padreeustaquio.com.br\/wp-content\/uploads\/2019\/08\/EXILIO-205x300.jpg 205w, https:\/\/www.padreeustaquio.com.br\/wp-content\/uploads\/2019\/08\/EXILIO.jpg 300w\" sizes=\"(max-width: 205px) 100vw, 205px\" \/>Ao Padre Eust\u00e1quio ficaram interditos todos os grandes centros do Brasil. Poderia morar numa das casas da Congrega\u00e7\u00e3o no interior. Seu ref\u00fagio passa a ser o convento dos padres em Patroc\u00ednio\u2013MG no ent\u00e3o Gin\u00e1sio D. Lustosa, a partir de 13 de outubro de 1941. A capela de Santa Luzia era seu campo de trabalho, mas com s\u00e9rias restri\u00e7\u00f5es. Atendimento e b\u00ean\u00e7\u00e3os s\u00f3 no confession\u00e1rio, onde chegava a ficar de sete a oito horas por dia. Sem uma queixa, Padre Eust\u00e1quio aceitou todas as condi\u00e7\u00f5es. Em Patroc\u00ednio, experimentou novo \u00e2nimo. Mas l\u00e1 permaneceu apenas quatro meses, de outubro de 1941 a fevereiro de 1942. Ele mesmo escreveu em dezembro de 1941: \u201cFui assistir ao retiro e tive a felicidade de poder tratar intensamente da minha pr\u00f3pria alma e recomendar de modo especial as inten\u00e7\u00f5es que tantas pessoas me pedem. Gra\u00e7as ao bom Deus, todos os dias conto com algumas convers\u00f5es. Pessoas que anos e anos viviam afastadas de Deus e da Igreja, vejo voltar aos bra\u00e7os do nosso Divino Mestre. Quanto n\u00e3o h\u00e1 de transbordar o Cora\u00e7\u00e3o de Jesus de verdadeira alegria! E eu n\u00e3o me sinto menos feliz com tantas ressurrei\u00e7\u00f5es espirituais. Ganhar almas, aliviar dores e sofrimentos, eis a\u00ed meu grande ideal, inspirado por Deus! \u201d A Congrega\u00e7\u00e3o dos Sagrados Cora\u00e7\u00f5es foi chamada para assumir uma nova miss\u00e3o. O superior, Pe. Gil, acreditava que a nova miss\u00e3o exigia algu\u00e9m como Padre Eust\u00e1quio e o nomeou para Belo Horizonte-MG como p\u00e1roco. Antes de partir para a capital mineira, foi enviado como p\u00e1roco provis\u00f3rio \u00e0 cidade de Ibi\u00e1-MG, onde nem completou dois meses, mas deixou plantado o projeto da Santa Casa que hoje leva seu nome. Ap\u00f3s sua chegada a Ibi\u00e1, toda a redondeza de Arax\u00e1, S\u00e3o Gotardo, Campos Altos, Tiros, Pratinha&#8230; foi procur\u00e1-lo. [\/accordion]<\/p>\n<p>[accordion title=Belo Horizonte]<img loading=\"lazy\" decoding=\"async\" class=\"alignleft size-medium wp-image-2730\" src=\"http:\/\/br606.teste.website\/~padre078\/padreeustaquio.com.br\/wp-content\/uploads\/2019\/08\/MAQUETE-BH-300x198.png\" alt=\"\" width=\"300\" height=\"198\" srcset=\"https:\/\/www.padreeustaquio.com.br\/wp-content\/uploads\/2019\/08\/MAQUETE-BH-300x198.png 300w, https:\/\/www.padreeustaquio.com.br\/wp-content\/uploads\/2019\/08\/MAQUETE-BH-768x506.png 768w, https:\/\/www.padreeustaquio.com.br\/wp-content\/uploads\/2019\/08\/MAQUETE-BH-1024x674.png 1024w, https:\/\/www.padreeustaquio.com.br\/wp-content\/uploads\/2019\/08\/MAQUETE-BH.png 1423w\" sizes=\"(max-width: 300px) 100vw, 300px\" \/>Acolhido pelo Arcebispo D. Ant\u00f4nio Cabral, chegou a Belo Horizonte no dia 07 de abril de 1942. Em maio de 1943 apresentou \u00e0 comunidade a maquete da futura Matriz dos Sagrados Cora\u00e7\u00f5es. Foram apenas 16 meses de intenso apostolado a partir da capela de Cristo Rei, da antiga par\u00f3quia de S\u00e3o Domingos, futura par\u00f3quia dos Sagrados Cora\u00e7\u00f5es. A procura do povo era tr\u00eas vezes maior que a capacidade da capela. Para organizar foi necess\u00e1rio adotar a distribui\u00e7\u00e3o de senhas atrav\u00e9s de um cart\u00e3o numerado.<\/p>\n<p>[blockquote footer=&#8221;Cardeal D. Serafim Fernandes de Ara\u00fajo, Arcebispo Em\u00e9rito de Belo Horizonte&#8221;]\u201cPadre Eust\u00e1quio foi para Belo Horizonte enjeitado, ningu\u00e9m sabia onde colocar Padre Eust\u00e1quio. Ele foi para Belo Horizonte com a obriga\u00e7\u00e3o de n\u00e3o fazer milagre. Pois para Deus n\u00e3o tem isso. Ele fez&#8230; trocou nome de rua, trocou nome de bairro, trocou nome de Igreja, trocou tudo&#8230; pra ver o que \u00e9 a pessoa marcada por Deus. Padre Eust\u00e1quio com o seu \u2018Sa\u00fade e Paz\u2019 chegou a todas as fam\u00edlias, de JK (Juscelino Kubitschek, ent\u00e3o prefeito) at\u00e9 o mais simples e pobre dos crist\u00e3os\u201d.[\/blockquote]<\/p>\n<p>[\/accordion]<\/p>\n<p>[accordion title=Mission\u00e1rio da Sa\u00fade e Paz]Al\u00e9m da pr\u00f3pria par\u00f3quia, era chamado por toda parte e naqueles escassos 16 meses em Belo Horizonte ainda temos not\u00edcia de sua passagem por tantos bairros e cidades: Santa Tereza, Capela Maria Auxiliadora, Jornal O Di\u00e1rio, Lagoinha, Barro Preto, Floresta, Nova Lima, Ita\u00fana, Montes Claros, Calafate, Col\u00e9gio Imaculada, Instituto S\u00e3o Rafael, Catedral da Boa Viagem, Pedro Leopoldo, Engenho Nogueira, Bento Pires, Col\u00e9gio Arnaldo, Patroc\u00ednio, Santa Casa, Instituto dos Industri\u00e1rios, Sanat\u00f3rio Minas Gerais, Renascen\u00e7a, Igreja de Lourdes, Col\u00e9gio S\u00e3o Pascoal, Companhia For\u00e7a e Luz, Col\u00e9gio Sagrado Cora\u00e7\u00e3o de Jesus&#8230;[\/accordion]<\/p>\n<p>[accordion title=Inesperada Doen\u00e7a]Uma repentina febre alta interrompeu por uma semana este intenso apostolado. No dia 30 agosto de 1943 faleceu vitimado por tifo exantem\u00e1tico ou febre maculosa, tamb\u00e9m chamada de febre do carrapato.[\/accordion]<\/p>\n<p>[\/accordions]<\/p>\n<p>[accordions]<\/p>\n<p>[accordion title=Reconhecimento e gratid\u00e3o popular]<img loading=\"lazy\" decoding=\"async\" class=\"alignleft size-medium wp-image-2728\" src=\"http:\/\/br606.teste.website\/~padre078\/padreeustaquio.com.br\/wp-content\/uploads\/2019\/08\/ENTERRO-PADRE-EUSTAQUIO-300x202.jpg\" alt=\"\" width=\"300\" height=\"202\" srcset=\"https:\/\/www.padreeustaquio.com.br\/wp-content\/uploads\/2019\/08\/ENTERRO-PADRE-EUSTAQUIO-300x202.jpg 300w, https:\/\/www.padreeustaquio.com.br\/wp-content\/uploads\/2019\/08\/ENTERRO-PADRE-EUSTAQUIO.jpg 415w\" sizes=\"(max-width: 300px) 100vw, 300px\" \/>Seu funeral foi uma verdadeira marcha triunfal. O enterro foi o in\u00edcio de uma apoteose. Seu t\u00famulo no Cemit\u00e9rio do Bonfim continuou sendo visitado pelos fi\u00e9is. Imediatamente teve in\u00edcio uma constante peregrina\u00e7\u00e3o ao seu t\u00famulo e a constru\u00e7\u00e3o da igreja por ele projetada. No livro de tombo da Igreja Matriz podemos ler a anota\u00e7\u00e3o de 30 de agosto de 1944: primeiro \u201canivers\u00e1rio da morte do padre Eust\u00e1quio, 1\u00ba vig\u00e1rio da matriz dos Sagrados Cora\u00e7\u00f5es. Foram celebradas tr\u00eas missas por alma dele, assistidas por milhares de pessoas. O povo foi espontaneamente em grandes massas para o cemit\u00e9rio do Bonfim onde se acham os restos mortais. Os Padres conforme o desejo do Snr. Arcebispo n\u00e3o organizaram uma romaria. \u201d A constru\u00e7\u00e3o da Igreja dos Sagrados Cora\u00e7\u00f5es tornou-se realidade e o povo carinhosamente passou a cham\u00e1-la de Igreja \u201cdo Padre Eust\u00e1quio\u201d. Terminada uma parte da constru\u00e7\u00e3o da Igreja, os restos mortais do religioso foram exumados e trasladados para um t\u00famulo dentro da igreja no m\u00eas de janeiro de 1949. [\/accordion]<\/p>\n<p>[\/accordions]<\/p>\n<p>&nbsp;<\/p>\n<p>&nbsp;<\/p>\n<p>&nbsp;<\/p>\n<p>&nbsp;<\/p>\n<p>&nbsp;<\/p>\n","protected":false},"excerpt":{"rendered":"<p>A presen\u00e7a do Padre Eust\u00e1quio permanece viva e atual em tantos quantos o conheceram ou se aproximam de seu testemunho e de sua obra. Seu t\u00famulo em Belo Horizonte, no novo Memorial do Santu\u00e1rio da Sa\u00fade e da Paz continua atraindo diariamente grande n\u00famero de pessoas. As crian\u00e7as, os adolescentes e os jovens estudantes, antes ou depois de ir \u00e0s escolas que levam o seu nome, se ajoelham ou tra\u00e7am um apressado sinal da cruz saudando o querido patrono. Em Belo Horizonte, no com\u00e9rcio e em muitos lares, encontramos sua foto com aquele olhar claro, firme e penetrante. Agradecidos por [&hellip;]<\/p>\n","protected":false},"author":6,"featured_media":2712,"comment_status":"open","ping_status":"open","sticky":false,"template":"","format":"standard","meta":{"_acf_changed":false,"footnotes":""},"categories":[609],"tags":[],"class_list":["post-2721","post","type-post","status-publish","format-standard","has-post-thumbnail","hentry","category-quem-somos"],"acf":[],"yoast_head":"<!-- This site is optimized with the Yoast SEO plugin v27.2 - https:\/\/yoast.com\/product\/yoast-seo-wordpress\/ -->\n<title>VIDA E HIST\u00d3RIA - Padre Eust\u00e1quio<\/title>\n<meta name=\"robots\" content=\"index, follow, max-snippet:-1, max-image-preview:large, max-video-preview:-1\" \/>\n<link rel=\"canonical\" href=\"https:\/\/www.padreeustaquio.com.br\/en\/life-and-history02\/\" \/>\n<meta property=\"og:locale\" content=\"en_US\" \/>\n<meta property=\"og:type\" content=\"article\" \/>\n<meta property=\"og:title\" content=\"VIDA E HIST\u00d3RIA - Padre Eust\u00e1quio\" \/>\n<meta property=\"og:description\" content=\"A presen\u00e7a do Padre Eust\u00e1quio permanece viva e atual em tantos quantos o conheceram ou se aproximam de seu testemunho e de sua obra. Seu t\u00famulo em Belo Horizonte, no novo Memorial do Santu\u00e1rio da Sa\u00fade e da Paz continua atraindo diariamente grande n\u00famero de pessoas. As crian\u00e7as, os adolescentes e os jovens estudantes, antes ou depois de ir \u00e0s escolas que levam o seu nome, se ajoelham ou tra\u00e7am um apressado sinal da cruz saudando o querido patrono. Em Belo Horizonte, no com\u00e9rcio e em muitos lares, encontramos sua foto com aquele olhar claro, firme e penetrante. Agradecidos por [&hellip;]\" \/>\n<meta property=\"og:url\" content=\"https:\/\/www.padreeustaquio.com.br\/en\/life-and-history02\/\" \/>\n<meta property=\"og:site_name\" content=\"Padre Eust\u00e1quio\" \/>\n<meta property=\"article:publisher\" content=\"https:\/\/www.facebook.com\/beatopadreeustaquio\/\" \/>\n<meta property=\"article:published_time\" content=\"2019-08-18T23:40:49+00:00\" \/>\n<meta property=\"article:modified_time\" content=\"2021-04-22T12:08:28+00:00\" \/>\n<meta property=\"og:image\" content=\"https:\/\/www.padreeustaquio.com.br\/wp-content\/uploads\/2019\/08\/OLHAR-FIRME-E-PENETRANTE.jpg\" \/>\n\t<meta property=\"og:image:width\" content=\"348\" \/>\n\t<meta property=\"og:image:height\" content=\"300\" \/>\n\t<meta property=\"og:image:type\" content=\"image\/jpeg\" \/>\n<meta name=\"author\" content=\"sscc\" \/>\n<meta name=\"twitter:card\" content=\"summary_large_image\" \/>\n<meta name=\"twitter:creator\" content=\"@beatopeustaquio\" \/>\n<meta name=\"twitter:site\" content=\"@beatopeustaquio\" \/>\n<meta name=\"twitter:label1\" content=\"Written by\" \/>\n\t<meta name=\"twitter:data1\" content=\"sscc\" \/>\n\t<meta name=\"twitter:label2\" content=\"Est. reading time\" \/>\n\t<meta name=\"twitter:data2\" content=\"12 minutes\" \/>\n<script type=\"application\/ld+json\" class=\"yoast-schema-graph\">{\"@context\":\"https:\/\/schema.org\",\"@graph\":[{\"@type\":\"Article\",\"@id\":\"https:\/\/www.padreeustaquio.com.br\/vida-e-historia02\/#article\",\"isPartOf\":{\"@id\":\"https:\/\/www.padreeustaquio.com.br\/vida-e-historia02\/\"},\"author\":{\"name\":\"sscc\",\"@id\":\"https:\/\/www.padreeustaquio.com.br\/#\/schema\/person\/1bbfe7b959f00a655f8ecb6cb8f3ce87\"},\"headline\":\"VIDA E HIST\u00d3RIA\",\"datePublished\":\"2019-08-18T23:40:49+00:00\",\"dateModified\":\"2021-04-22T12:08:28+00:00\",\"mainEntityOfPage\":{\"@id\":\"https:\/\/www.padreeustaquio.com.br\/vida-e-historia02\/\"},\"wordCount\":2486,\"commentCount\":0,\"publisher\":{\"@id\":\"https:\/\/www.padreeustaquio.com.br\/#organization\"},\"image\":{\"@id\":\"https:\/\/www.padreeustaquio.com.br\/vida-e-historia02\/#primaryimage\"},\"thumbnailUrl\":\"https:\/\/www.padreeustaquio.com.br\/wp-content\/uploads\/2019\/08\/OLHAR-FIRME-E-PENETRANTE.jpg\",\"articleSection\":[\"Quem Somos\"],\"inLanguage\":\"en-US\",\"potentialAction\":[{\"@type\":\"CommentAction\",\"name\":\"Comment\",\"target\":[\"https:\/\/www.padreeustaquio.com.br\/vida-e-historia02\/#respond\"]}]},{\"@type\":\"WebPage\",\"@id\":\"https:\/\/www.padreeustaquio.com.br\/vida-e-historia02\/\",\"url\":\"https:\/\/www.padreeustaquio.com.br\/vida-e-historia02\/\",\"name\":\"VIDA E HIST\u00d3RIA - Padre Eust\u00e1quio\",\"isPartOf\":{\"@id\":\"https:\/\/www.padreeustaquio.com.br\/#website\"},\"primaryImageOfPage\":{\"@id\":\"https:\/\/www.padreeustaquio.com.br\/vida-e-historia02\/#primaryimage\"},\"image\":{\"@id\":\"https:\/\/www.padreeustaquio.com.br\/vida-e-historia02\/#primaryimage\"},\"thumbnailUrl\":\"https:\/\/www.padreeustaquio.com.br\/wp-content\/uploads\/2019\/08\/OLHAR-FIRME-E-PENETRANTE.jpg\",\"datePublished\":\"2019-08-18T23:40:49+00:00\",\"dateModified\":\"2021-04-22T12:08:28+00:00\",\"breadcrumb\":{\"@id\":\"https:\/\/www.padreeustaquio.com.br\/vida-e-historia02\/#breadcrumb\"},\"inLanguage\":\"en-US\",\"potentialAction\":[{\"@type\":\"ReadAction\",\"target\":[\"https:\/\/www.padreeustaquio.com.br\/vida-e-historia02\/\"]}]},{\"@type\":\"ImageObject\",\"inLanguage\":\"en-US\",\"@id\":\"https:\/\/www.padreeustaquio.com.br\/vida-e-historia02\/#primaryimage\",\"url\":\"https:\/\/www.padreeustaquio.com.br\/wp-content\/uploads\/2019\/08\/OLHAR-FIRME-E-PENETRANTE.jpg\",\"contentUrl\":\"https:\/\/www.padreeustaquio.com.br\/wp-content\/uploads\/2019\/08\/OLHAR-FIRME-E-PENETRANTE.jpg\",\"width\":348,\"height\":300},{\"@type\":\"BreadcrumbList\",\"@id\":\"https:\/\/www.padreeustaquio.com.br\/vida-e-historia02\/#breadcrumb\",\"itemListElement\":[{\"@type\":\"ListItem\",\"position\":1,\"name\":\"In\u00edcio\",\"item\":\"https:\/\/www.padreeustaquio.com.br\/\"},{\"@type\":\"ListItem\",\"position\":2,\"name\":\"VIDA E HIST\u00d3RIA\"}]},{\"@type\":\"WebSite\",\"@id\":\"https:\/\/www.padreeustaquio.com.br\/#website\",\"url\":\"https:\/\/www.padreeustaquio.com.br\/\",\"name\":\"Padre Eust\u00e1quio\",\"description\":\"Sa\u00fade e Paz\",\"publisher\":{\"@id\":\"https:\/\/www.padreeustaquio.com.br\/#organization\"},\"potentialAction\":[{\"@type\":\"SearchAction\",\"target\":{\"@type\":\"EntryPoint\",\"urlTemplate\":\"https:\/\/www.padreeustaquio.com.br\/?s={search_term_string}\"},\"query-input\":{\"@type\":\"PropertyValueSpecification\",\"valueRequired\":true,\"valueName\":\"search_term_string\"}}],\"inLanguage\":\"en-US\"},{\"@type\":\"Organization\",\"@id\":\"https:\/\/www.padreeustaquio.com.br\/#organization\",\"name\":\"Padre Eust\u00e1quio\",\"url\":\"https:\/\/www.padreeustaquio.com.br\/\",\"logo\":{\"@type\":\"ImageObject\",\"inLanguage\":\"en-US\",\"@id\":\"https:\/\/www.padreeustaquio.com.br\/#\/schema\/logo\/image\/\",\"url\":\"https:\/\/www.padreeustaquio.com.br\/wp-content\/uploads\/2019\/08\/marca.png\",\"contentUrl\":\"https:\/\/www.padreeustaquio.com.br\/wp-content\/uploads\/2019\/08\/marca.png\",\"width\":350,\"height\":400,\"caption\":\"Padre Eust\u00e1quio\"},\"image\":{\"@id\":\"https:\/\/www.padreeustaquio.com.br\/#\/schema\/logo\/image\/\"},\"sameAs\":[\"https:\/\/www.facebook.com\/beatopadreeustaquio\/\",\"https:\/\/x.com\/beatopeustaquio\",\"https:\/\/www.instagram.com\/beatopadreeustaquio\/\",\"https:\/\/www.youtube.com\/channel\/UCRhw7vfabnajwLxb1ZXMeIw\"]},{\"@type\":\"Person\",\"@id\":\"https:\/\/www.padreeustaquio.com.br\/#\/schema\/person\/1bbfe7b959f00a655f8ecb6cb8f3ce87\",\"name\":\"sscc\",\"image\":{\"@type\":\"ImageObject\",\"inLanguage\":\"en-US\",\"@id\":\"https:\/\/secure.gravatar.com\/avatar\/edddec27f012d36cfa3fce966238219942e4659e87f27ef7b5704f0db7007bec?s=96&d=mm&r=g\",\"url\":\"https:\/\/secure.gravatar.com\/avatar\/edddec27f012d36cfa3fce966238219942e4659e87f27ef7b5704f0db7007bec?s=96&d=mm&r=g\",\"contentUrl\":\"https:\/\/secure.gravatar.com\/avatar\/edddec27f012d36cfa3fce966238219942e4659e87f27ef7b5704f0db7007bec?s=96&d=mm&r=g\",\"caption\":\"sscc\"},\"url\":\"https:\/\/www.padreeustaquio.com.br\/en\/author\/userpde\/\"}]}<\/script>\n<!-- \/ Yoast SEO plugin. -->","yoast_head_json":{"title":"LIFE AND HISTORY - Father Eust\u00e1quio","robots":{"index":"index","follow":"follow","max-snippet":"max-snippet:-1","max-image-preview":"max-image-preview:large","max-video-preview":"max-video-preview:-1"},"canonical":"https:\/\/www.padreeustaquio.com.br\/en\/life-and-history02\/","og_locale":"en_US","og_type":"article","og_title":"VIDA E HIST\u00d3RIA - Padre Eust\u00e1quio","og_description":"A presen\u00e7a do Padre Eust\u00e1quio permanece viva e atual em tantos quantos o conheceram ou se aproximam de seu testemunho e de sua obra. Seu t\u00famulo em Belo Horizonte, no novo Memorial do Santu\u00e1rio da Sa\u00fade e da Paz continua atraindo diariamente grande n\u00famero de pessoas. As crian\u00e7as, os adolescentes e os jovens estudantes, antes ou depois de ir \u00e0s escolas que levam o seu nome, se ajoelham ou tra\u00e7am um apressado sinal da cruz saudando o querido patrono. Em Belo Horizonte, no com\u00e9rcio e em muitos lares, encontramos sua foto com aquele olhar claro, firme e penetrante. Agradecidos por [&hellip;]","og_url":"https:\/\/www.padreeustaquio.com.br\/en\/life-and-history02\/","og_site_name":"Padre Eust\u00e1quio","article_publisher":"https:\/\/www.facebook.com\/beatopadreeustaquio\/","article_published_time":"2019-08-18T23:40:49+00:00","article_modified_time":"2021-04-22T12:08:28+00:00","og_image":[{"width":348,"height":300,"url":"https:\/\/www.padreeustaquio.com.br\/wp-content\/uploads\/2019\/08\/OLHAR-FIRME-E-PENETRANTE.jpg","type":"image\/jpeg"}],"author":"sscc","twitter_card":"summary_large_image","twitter_creator":"@beatopeustaquio","twitter_site":"@beatopeustaquio","twitter_misc":{"Written by":"sscc","Est. reading time":"12 minutes"},"schema":{"@context":"https:\/\/schema.org","@graph":[{"@type":"Article","@id":"https:\/\/www.padreeustaquio.com.br\/vida-e-historia02\/#article","isPartOf":{"@id":"https:\/\/www.padreeustaquio.com.br\/vida-e-historia02\/"},"author":{"name":"sscc","@id":"https:\/\/www.padreeustaquio.com.br\/#\/schema\/person\/1bbfe7b959f00a655f8ecb6cb8f3ce87"},"headline":"VIDA E HIST\u00d3RIA","datePublished":"2019-08-18T23:40:49+00:00","dateModified":"2021-04-22T12:08:28+00:00","mainEntityOfPage":{"@id":"https:\/\/www.padreeustaquio.com.br\/vida-e-historia02\/"},"wordCount":2486,"commentCount":0,"publisher":{"@id":"https:\/\/www.padreeustaquio.com.br\/#organization"},"image":{"@id":"https:\/\/www.padreeustaquio.com.br\/vida-e-historia02\/#primaryimage"},"thumbnailUrl":"https:\/\/www.padreeustaquio.com.br\/wp-content\/uploads\/2019\/08\/OLHAR-FIRME-E-PENETRANTE.jpg","articleSection":["Quem Somos"],"inLanguage":"en-US","potentialAction":[{"@type":"CommentAction","name":"Comment","target":["https:\/\/www.padreeustaquio.com.br\/vida-e-historia02\/#respond"]}]},{"@type":"WebPage","@id":"https:\/\/www.padreeustaquio.com.br\/vida-e-historia02\/","url":"https:\/\/www.padreeustaquio.com.br\/vida-e-historia02\/","name":"LIFE AND HISTORY - Father Eust\u00e1quio","isPartOf":{"@id":"https:\/\/www.padreeustaquio.com.br\/#website"},"primaryImageOfPage":{"@id":"https:\/\/www.padreeustaquio.com.br\/vida-e-historia02\/#primaryimage"},"image":{"@id":"https:\/\/www.padreeustaquio.com.br\/vida-e-historia02\/#primaryimage"},"thumbnailUrl":"https:\/\/www.padreeustaquio.com.br\/wp-content\/uploads\/2019\/08\/OLHAR-FIRME-E-PENETRANTE.jpg","datePublished":"2019-08-18T23:40:49+00:00","dateModified":"2021-04-22T12:08:28+00:00","breadcrumb":{"@id":"https:\/\/www.padreeustaquio.com.br\/vida-e-historia02\/#breadcrumb"},"inLanguage":"en-US","potentialAction":[{"@type":"ReadAction","target":["https:\/\/www.padreeustaquio.com.br\/vida-e-historia02\/"]}]},{"@type":"ImageObject","inLanguage":"en-US","@id":"https:\/\/www.padreeustaquio.com.br\/vida-e-historia02\/#primaryimage","url":"https:\/\/www.padreeustaquio.com.br\/wp-content\/uploads\/2019\/08\/OLHAR-FIRME-E-PENETRANTE.jpg","contentUrl":"https:\/\/www.padreeustaquio.com.br\/wp-content\/uploads\/2019\/08\/OLHAR-FIRME-E-PENETRANTE.jpg","width":348,"height":300},{"@type":"BreadcrumbList","@id":"https:\/\/www.padreeustaquio.com.br\/vida-e-historia02\/#breadcrumb","itemListElement":[{"@type":"ListItem","position":1,"name":"In\u00edcio","item":"https:\/\/www.padreeustaquio.com.br\/"},{"@type":"ListItem","position":2,"name":"VIDA E HIST\u00d3RIA"}]},{"@type":"WebSite","@id":"https:\/\/www.padreeustaquio.com.br\/#website","url":"https:\/\/www.padreeustaquio.com.br\/","name":"FATHER EUST\u00c1QUIO","description":"Health and Peace","publisher":{"@id":"https:\/\/www.padreeustaquio.com.br\/#organization"},"potentialAction":[{"@type":"SearchAction","target":{"@type":"EntryPoint","urlTemplate":"https:\/\/www.padreeustaquio.com.br\/?s={search_term_string}"},"query-input":{"@type":"PropertyValueSpecification","valueRequired":true,"valueName":"search_term_string"}}],"inLanguage":"en-US"},{"@type":"Organization","@id":"https:\/\/www.padreeustaquio.com.br\/#organization","name":"FATHER EUST\u00c1QUIO","url":"https:\/\/www.padreeustaquio.com.br\/","logo":{"@type":"ImageObject","inLanguage":"en-US","@id":"https:\/\/www.padreeustaquio.com.br\/#\/schema\/logo\/image\/","url":"https:\/\/www.padreeustaquio.com.br\/wp-content\/uploads\/2019\/08\/marca.png","contentUrl":"https:\/\/www.padreeustaquio.com.br\/wp-content\/uploads\/2019\/08\/marca.png","width":350,"height":400,"caption":"Padre Eust\u00e1quio"},"image":{"@id":"https:\/\/www.padreeustaquio.com.br\/#\/schema\/logo\/image\/"},"sameAs":["https:\/\/www.facebook.com\/beatopadreeustaquio\/","https:\/\/x.com\/beatopeustaquio","https:\/\/www.instagram.com\/beatopadreeustaquio\/","https:\/\/www.youtube.com\/channel\/UCRhw7vfabnajwLxb1ZXMeIw"]},{"@type":"Person","@id":"https:\/\/www.padreeustaquio.com.br\/#\/schema\/person\/1bbfe7b959f00a655f8ecb6cb8f3ce87","name":"sscc","image":{"@type":"ImageObject","inLanguage":"en-US","@id":"https:\/\/secure.gravatar.com\/avatar\/edddec27f012d36cfa3fce966238219942e4659e87f27ef7b5704f0db7007bec?s=96&d=mm&r=g","url":"https:\/\/secure.gravatar.com\/avatar\/edddec27f012d36cfa3fce966238219942e4659e87f27ef7b5704f0db7007bec?s=96&d=mm&r=g","contentUrl":"https:\/\/secure.gravatar.com\/avatar\/edddec27f012d36cfa3fce966238219942e4659e87f27ef7b5704f0db7007bec?s=96&d=mm&r=g","caption":"sscc"},"url":"https:\/\/www.padreeustaquio.com.br\/en\/author\/userpde\/"}]}},"_links":{"self":[{"href":"https:\/\/www.padreeustaquio.com.br\/en\/wp-json\/wp\/v2\/posts\/2721","targetHints":{"allow":["GET"]}}],"collection":[{"href":"https:\/\/www.padreeustaquio.com.br\/en\/wp-json\/wp\/v2\/posts"}],"about":[{"href":"https:\/\/www.padreeustaquio.com.br\/en\/wp-json\/wp\/v2\/types\/post"}],"author":[{"embeddable":true,"href":"https:\/\/www.padreeustaquio.com.br\/en\/wp-json\/wp\/v2\/users\/6"}],"replies":[{"embeddable":true,"href":"https:\/\/www.padreeustaquio.com.br\/en\/wp-json\/wp\/v2\/comments?post=2721"}],"version-history":[{"count":0,"href":"https:\/\/www.padreeustaquio.com.br\/en\/wp-json\/wp\/v2\/posts\/2721\/revisions"}],"wp:featuredmedia":[{"embeddable":true,"href":"https:\/\/www.padreeustaquio.com.br\/en\/wp-json\/wp\/v2\/media\/2712"}],"wp:attachment":[{"href":"https:\/\/www.padreeustaquio.com.br\/en\/wp-json\/wp\/v2\/media?parent=2721"}],"wp:term":[{"taxonomy":"category","embeddable":true,"href":"https:\/\/www.padreeustaquio.com.br\/en\/wp-json\/wp\/v2\/categories?post=2721"},{"taxonomy":"post_tag","embeddable":true,"href":"https:\/\/www.padreeustaquio.com.br\/en\/wp-json\/wp\/v2\/tags?post=2721"}],"curies":[{"name":"wp","href":"https:\/\/api.w.org\/{rel}","templated":true}]}}