{"id":13794,"date":"2026-04-29T11:31:00","date_gmt":"2026-04-29T14:31:00","guid":{"rendered":"https:\/\/www.padreeustaquio.com.br\/?p=13794"},"modified":"2026-04-27T14:48:54","modified_gmt":"2026-04-27T17:48:54","slug":"devotees-gather-online-to-pray-the-rosary-for-the-canonization-of-blessed-father-eustaquio-in-estrela-do-sul-mg","status":"publish","type":"post","link":"https:\/\/www.padreeustaquio.com.br\/en\/devotees-gather-online-to-pray-the-rosary-for-the-canonization-of-blessed-father-eustaquio-in-estrela-do-sul-mg\/","title":{"rendered":"Devotees gather online to pray the Rosary for the canonization of Blessed Father Eust\u00e1quio in Estrela do Sul\/MG"},"content":{"rendered":"<p>The devotees of Blessed Father Eust\u00e1quio, in Estrela do Sul (MG), maintain a weekly commitment of faith and prayer. Every Monday, at 8 pm, they meet via video call to pray the Holy Rosary, in a moment of communion and intercession.<\/p>\n\n\n\n<p>The prayer is offered especially for the canonization of Blessed Father Eustace, and also welcomes the personal requests and intentions of each participant. Even from a distance, the faithful unite in a single purpose: to entrust their causes to God and strengthen their spiritual life.<\/p>\n\n\n\n<p>This initiative is an invitation to all who wish to participate in this moment of prayer, experiencing the legacy left by Blessed Father Eustace.<\/p>\n\n\n\n<figure class=\"wp-block-gallery has-nested-images columns-default is-cropped wp-block-gallery-1 is-layout-flex wp-block-gallery-is-layout-flex\">\n<figure class=\"wp-block-image size-large\"><img fetchpriority=\"high\" decoding=\"async\" width=\"737\" height=\"1024\" data-id=\"13797\" src=\"https:\/\/www.padreeustaquio.com.br\/wp-content\/uploads\/2026\/04\/Estrela-do-Sul-2-737x1024.jpeg\" alt=\"\" class=\"wp-image-13797\" srcset=\"https:\/\/www.padreeustaquio.com.br\/wp-content\/uploads\/2026\/04\/Estrela-do-Sul-2-737x1024.jpeg 737w, https:\/\/www.padreeustaquio.com.br\/wp-content\/uploads\/2026\/04\/Estrela-do-Sul-2-216x300.jpeg 216w, https:\/\/www.padreeustaquio.com.br\/wp-content\/uploads\/2026\/04\/Estrela-do-Sul-2-768x1067.jpeg 768w, https:\/\/www.padreeustaquio.com.br\/wp-content\/uploads\/2026\/04\/Estrela-do-Sul-2-1106x1536.jpeg 1106w, https:\/\/www.padreeustaquio.com.br\/wp-content\/uploads\/2026\/04\/Estrela-do-Sul-2-9x12.jpeg 9w, https:\/\/www.padreeustaquio.com.br\/wp-content\/uploads\/2026\/04\/Estrela-do-Sul-2.jpeg 1152w\" sizes=\"(max-width: 737px) 100vw, 737px\" \/><\/figure>\n\n\n\n<figure class=\"wp-block-image size-large\"><img decoding=\"async\" width=\"768\" height=\"1024\" data-id=\"13801\" src=\"https:\/\/www.padreeustaquio.com.br\/wp-content\/uploads\/2026\/04\/Estrela-do-Sul-3-768x1024.jpeg\" alt=\"\" class=\"wp-image-13801\" srcset=\"https:\/\/www.padreeustaquio.com.br\/wp-content\/uploads\/2026\/04\/Estrela-do-Sul-3-768x1024.jpeg 768w, https:\/\/www.padreeustaquio.com.br\/wp-content\/uploads\/2026\/04\/Estrela-do-Sul-3-225x300.jpeg 225w, https:\/\/www.padreeustaquio.com.br\/wp-content\/uploads\/2026\/04\/Estrela-do-Sul-3-1152x1536.jpeg 1152w, https:\/\/www.padreeustaquio.com.br\/wp-content\/uploads\/2026\/04\/Estrela-do-Sul-3-9x12.jpeg 9w, https:\/\/www.padreeustaquio.com.br\/wp-content\/uploads\/2026\/04\/Estrela-do-Sul-3.jpeg 1200w\" sizes=\"(max-width: 768px) 100vw, 768px\" \/><\/figure>\n\n\n\n<figure class=\"wp-block-image size-large\"><img decoding=\"async\" width=\"576\" height=\"1024\" data-id=\"13798\" src=\"https:\/\/www.padreeustaquio.com.br\/wp-content\/uploads\/2026\/04\/Estrela-do-Sul-4-576x1024.jpeg\" alt=\"\" class=\"wp-image-13798\" srcset=\"https:\/\/www.padreeustaquio.com.br\/wp-content\/uploads\/2026\/04\/Estrela-do-Sul-4-576x1024.jpeg 576w, https:\/\/www.padreeustaquio.com.br\/wp-content\/uploads\/2026\/04\/Estrela-do-Sul-4-169x300.jpeg 169w, https:\/\/www.padreeustaquio.com.br\/wp-content\/uploads\/2026\/04\/Estrela-do-Sul-4-768x1366.jpeg 768w, https:\/\/www.padreeustaquio.com.br\/wp-content\/uploads\/2026\/04\/Estrela-do-Sul-4-864x1536.jpeg 864w, https:\/\/www.padreeustaquio.com.br\/wp-content\/uploads\/2026\/04\/Estrela-do-Sul-4-7x12.jpeg 7w, https:\/\/www.padreeustaquio.com.br\/wp-content\/uploads\/2026\/04\/Estrela-do-Sul-4.jpeg 899w\" sizes=\"(max-width: 576px) 100vw, 576px\" \/><\/figure>\n\n\n\n<figure class=\"wp-block-image size-large\"><img loading=\"lazy\" decoding=\"async\" width=\"461\" height=\"1024\" data-id=\"13799\" src=\"https:\/\/www.padreeustaquio.com.br\/wp-content\/uploads\/2026\/04\/Estrela-do-Sul-5-461x1024.jpeg\" alt=\"\" class=\"wp-image-13799\" srcset=\"https:\/\/www.padreeustaquio.com.br\/wp-content\/uploads\/2026\/04\/Estrela-do-Sul-5-461x1024.jpeg 461w, https:\/\/www.padreeustaquio.com.br\/wp-content\/uploads\/2026\/04\/Estrela-do-Sul-5-135x300.jpeg 135w, https:\/\/www.padreeustaquio.com.br\/wp-content\/uploads\/2026\/04\/Estrela-do-Sul-5-691x1536.jpeg 691w, https:\/\/www.padreeustaquio.com.br\/wp-content\/uploads\/2026\/04\/Estrela-do-Sul-5-5x12.jpeg 5w, https:\/\/www.padreeustaquio.com.br\/wp-content\/uploads\/2026\/04\/Estrela-do-Sul-5.jpeg 720w\" sizes=\"(max-width: 461px) 100vw, 461px\" \/><\/figure>\n\n\n\n<figure class=\"wp-block-image size-large\"><img loading=\"lazy\" decoding=\"async\" width=\"683\" height=\"1024\" data-id=\"13802\" src=\"https:\/\/www.padreeustaquio.com.br\/wp-content\/uploads\/2026\/04\/Estrela-do-Sul-6-683x1024.jpeg\" alt=\"\" class=\"wp-image-13802\" srcset=\"https:\/\/www.padreeustaquio.com.br\/wp-content\/uploads\/2026\/04\/Estrela-do-Sul-6-683x1024.jpeg 683w, https:\/\/www.padreeustaquio.com.br\/wp-content\/uploads\/2026\/04\/Estrela-do-Sul-6-200x300.jpeg 200w, https:\/\/www.padreeustaquio.com.br\/wp-content\/uploads\/2026\/04\/Estrela-do-Sul-6-768x1152.jpeg 768w, https:\/\/www.padreeustaquio.com.br\/wp-content\/uploads\/2026\/04\/Estrela-do-Sul-6-8x12.jpeg 8w, https:\/\/www.padreeustaquio.com.br\/wp-content\/uploads\/2026\/04\/Estrela-do-Sul-6.jpeg 1024w\" sizes=\"(max-width: 683px) 100vw, 683px\" \/><\/figure>\n\n\n\n<figure class=\"wp-block-image size-large\"><img loading=\"lazy\" decoding=\"async\" width=\"576\" height=\"1024\" data-id=\"13800\" src=\"https:\/\/www.padreeustaquio.com.br\/wp-content\/uploads\/2026\/04\/Estrela-do-Sul-7-576x1024.jpeg\" alt=\"\" class=\"wp-image-13800\" srcset=\"https:\/\/www.padreeustaquio.com.br\/wp-content\/uploads\/2026\/04\/Estrela-do-Sul-7-576x1024.jpeg 576w, https:\/\/www.padreeustaquio.com.br\/wp-content\/uploads\/2026\/04\/Estrela-do-Sul-7-169x300.jpeg 169w, https:\/\/www.padreeustaquio.com.br\/wp-content\/uploads\/2026\/04\/Estrela-do-Sul-7-768x1365.jpeg 768w, https:\/\/www.padreeustaquio.com.br\/wp-content\/uploads\/2026\/04\/Estrela-do-Sul-7-864x1536.jpeg 864w, https:\/\/www.padreeustaquio.com.br\/wp-content\/uploads\/2026\/04\/Estrela-do-Sul-7-7x12.jpeg 7w, https:\/\/www.padreeustaquio.com.br\/wp-content\/uploads\/2026\/04\/Estrela-do-Sul-7.jpeg 900w\" sizes=\"(max-width: 576px) 100vw, 576px\" \/><\/figure>\n\n\n\n<figure class=\"wp-block-image size-large\"><img loading=\"lazy\" decoding=\"async\" width=\"768\" height=\"1024\" data-id=\"13796\" src=\"https:\/\/www.padreeustaquio.com.br\/wp-content\/uploads\/2026\/04\/Estrela-do-Sul-1-768x1024.jpeg\" alt=\"\" class=\"wp-image-13796\" srcset=\"https:\/\/www.padreeustaquio.com.br\/wp-content\/uploads\/2026\/04\/Estrela-do-Sul-1-768x1024.jpeg 768w, https:\/\/www.padreeustaquio.com.br\/wp-content\/uploads\/2026\/04\/Estrela-do-Sul-1-225x300.jpeg 225w, https:\/\/www.padreeustaquio.com.br\/wp-content\/uploads\/2026\/04\/Estrela-do-Sul-1-9x12.jpeg 9w, https:\/\/www.padreeustaquio.com.br\/wp-content\/uploads\/2026\/04\/Estrela-do-Sul-1.jpeg 960w\" sizes=\"(max-width: 768px) 100vw, 768px\" \/><\/figure>\n<\/figure>","protected":false},"excerpt":{"rendered":"<p>Os devotos do Beato Padre Eust\u00e1quio, em Estrela do Sul (MG), mant\u00eam um compromisso semanal de f\u00e9 e ora\u00e7\u00e3o. Todas as segundas-feiras, \u00e0s 20h, eles se re\u00fanem por videochamada para rezar o Santo Ter\u00e7o, em um momento de comunh\u00e3o e intercess\u00e3o. A ora\u00e7\u00e3o \u00e9 oferecida de modo especial pela canoniza\u00e7\u00e3o do Beato Padre Eust\u00e1quio, al\u00e9m de acolher os pedidos e inten\u00e7\u00f5es pessoais de cada participante. Mesmo \u00e0 dist\u00e2ncia, os fi\u00e9is se unem em um s\u00f3 prop\u00f3sito: confiar suas causas a Deus e fortalecer a vida espiritual. A iniciativa \u00e9 um convite a todos que desejam participar desse momento de ora\u00e7\u00e3o, [&hellip;]<\/p>\n","protected":false},"author":2,"featured_media":13795,"comment_status":"open","ping_status":"closed","sticky":false,"template":"","format":"standard","meta":{"_acf_changed":false,"footnotes":""},"categories":[1],"tags":[],"class_list":["post-13794","post","type-post","status-publish","format-standard","has-post-thumbnail","hentry","category-sem-categoria"],"acf":[],"yoast_head":"<!-- This site is optimized with the Yoast SEO plugin v27.2 - https:\/\/yoast.com\/product\/yoast-seo-wordpress\/ -->\n<title>Devotos se re\u00fanem online para rezar o Ter\u00e7o pela canoniza\u00e7\u00e3o do Beato Padre Eust\u00e1quio em Estrela do Sul\/MG - Padre Eust\u00e1quio<\/title>\n<meta name=\"robots\" content=\"index, follow, max-snippet:-1, max-image-preview:large, max-video-preview:-1\" \/>\n<link rel=\"canonical\" href=\"https:\/\/www.padreeustaquio.com.br\/en\/devotees-gather-online-to-pray-the-rosary-for-the-canonization-of-blessed-father-eustaquio-in-estrela-do-sul-mg\/\" \/>\n<meta property=\"og:locale\" content=\"en_US\" \/>\n<meta property=\"og:type\" content=\"article\" \/>\n<meta property=\"og:title\" content=\"Devotos se re\u00fanem online para rezar o Ter\u00e7o pela canoniza\u00e7\u00e3o do Beato Padre Eust\u00e1quio em Estrela do Sul\/MG - Padre Eust\u00e1quio\" \/>\n<meta property=\"og:description\" content=\"Os devotos do Beato Padre Eust\u00e1quio, em Estrela do Sul (MG), mant\u00eam um compromisso semanal de f\u00e9 e ora\u00e7\u00e3o. Todas as segundas-feiras, \u00e0s 20h, eles se re\u00fanem por videochamada para rezar o Santo Ter\u00e7o, em um momento de comunh\u00e3o e intercess\u00e3o. A ora\u00e7\u00e3o \u00e9 oferecida de modo especial pela canoniza\u00e7\u00e3o do Beato Padre Eust\u00e1quio, al\u00e9m de acolher os pedidos e inten\u00e7\u00f5es pessoais de cada participante. Mesmo \u00e0 dist\u00e2ncia, os fi\u00e9is se unem em um s\u00f3 prop\u00f3sito: confiar suas causas a Deus e fortalecer a vida espiritual. A iniciativa \u00e9 um convite a todos que desejam participar desse momento de ora\u00e7\u00e3o, [&hellip;]\" \/>\n<meta property=\"og:url\" content=\"https:\/\/www.padreeustaquio.com.br\/en\/devotees-gather-online-to-pray-the-rosary-for-the-canonization-of-blessed-father-eustaquio-in-estrela-do-sul-mg\/\" \/>\n<meta property=\"og:site_name\" content=\"Padre Eust\u00e1quio\" \/>\n<meta property=\"article:publisher\" content=\"https:\/\/www.facebook.com\/beatopadreeustaquio\/\" \/>\n<meta property=\"article:published_time\" content=\"2026-04-29T14:31:00+00:00\" \/>\n<meta property=\"og:image\" content=\"https:\/\/www.padreeustaquio.com.br\/wp-content\/uploads\/2026\/04\/Estrela-do-Sul.jpg\" \/>\n\t<meta property=\"og:image:width\" content=\"748\" \/>\n\t<meta property=\"og:image:height\" content=\"394\" \/>\n\t<meta property=\"og:image:type\" content=\"image\/jpeg\" \/>\n<meta name=\"author\" content=\"@sscc\" \/>\n<meta name=\"twitter:card\" content=\"summary_large_image\" \/>\n<meta name=\"twitter:creator\" content=\"@beatopeustaquio\" \/>\n<meta name=\"twitter:site\" content=\"@beatopeustaquio\" \/>\n<meta name=\"twitter:label1\" content=\"Written by\" \/>\n\t<meta name=\"twitter:data1\" content=\"@sscc\" \/>\n\t<meta name=\"twitter:label2\" content=\"Est. reading time\" \/>\n\t<meta name=\"twitter:data2\" content=\"3 minutes\" \/>\n<script type=\"application\/ld+json\" class=\"yoast-schema-graph\">{\"@context\":\"https:\/\/schema.org\",\"@graph\":[{\"@type\":\"Article\",\"@id\":\"https:\/\/www.padreeustaquio.com.br\/devotos-se-reunem-online-para-rezar-o-terco-pela-canonizacao-do-beato-padre-eustaquio-em-estrela-do-sul-mg\/#article\",\"isPartOf\":{\"@id\":\"https:\/\/www.padreeustaquio.com.br\/devotos-se-reunem-online-para-rezar-o-terco-pela-canonizacao-do-beato-padre-eustaquio-em-estrela-do-sul-mg\/\"},\"author\":{\"name\":\"@sscc\",\"@id\":\"https:\/\/www.padreeustaquio.com.br\/#\/schema\/person\/a2a51db1d00f1a7af0204a0f1ddb1566\"},\"headline\":\"Devotos se re\u00fanem online para rezar o Ter\u00e7o pela canoniza\u00e7\u00e3o do Beato Padre Eust\u00e1quio em Estrela do Sul\/MG\",\"datePublished\":\"2026-04-29T14:31:00+00:00\",\"mainEntityOfPage\":{\"@id\":\"https:\/\/www.padreeustaquio.com.br\/devotos-se-reunem-online-para-rezar-o-terco-pela-canonizacao-do-beato-padre-eustaquio-em-estrela-do-sul-mg\/\"},\"wordCount\":145,\"commentCount\":0,\"publisher\":{\"@id\":\"https:\/\/www.padreeustaquio.com.br\/#organization\"},\"image\":{\"@id\":\"https:\/\/www.padreeustaquio.com.br\/devotos-se-reunem-online-para-rezar-o-terco-pela-canonizacao-do-beato-padre-eustaquio-em-estrela-do-sul-mg\/#primaryimage\"},\"thumbnailUrl\":\"https:\/\/www.padreeustaquio.com.br\/wp-content\/uploads\/2026\/04\/Estrela-do-Sul.jpg\",\"articleSection\":[\"Sem categoria\"],\"inLanguage\":\"en-US\",\"potentialAction\":[{\"@type\":\"CommentAction\",\"name\":\"Comment\",\"target\":[\"https:\/\/www.padreeustaquio.com.br\/devotos-se-reunem-online-para-rezar-o-terco-pela-canonizacao-do-beato-padre-eustaquio-em-estrela-do-sul-mg\/#respond\"]}]},{\"@type\":\"WebPage\",\"@id\":\"https:\/\/www.padreeustaquio.com.br\/devotos-se-reunem-online-para-rezar-o-terco-pela-canonizacao-do-beato-padre-eustaquio-em-estrela-do-sul-mg\/\",\"url\":\"https:\/\/www.padreeustaquio.com.br\/devotos-se-reunem-online-para-rezar-o-terco-pela-canonizacao-do-beato-padre-eustaquio-em-estrela-do-sul-mg\/\",\"name\":\"Devotos se re\u00fanem online para rezar o Ter\u00e7o pela canoniza\u00e7\u00e3o do Beato Padre Eust\u00e1quio em Estrela do Sul\/MG - Padre Eust\u00e1quio\",\"isPartOf\":{\"@id\":\"https:\/\/www.padreeustaquio.com.br\/#website\"},\"primaryImageOfPage\":{\"@id\":\"https:\/\/www.padreeustaquio.com.br\/devotos-se-reunem-online-para-rezar-o-terco-pela-canonizacao-do-beato-padre-eustaquio-em-estrela-do-sul-mg\/#primaryimage\"},\"image\":{\"@id\":\"https:\/\/www.padreeustaquio.com.br\/devotos-se-reunem-online-para-rezar-o-terco-pela-canonizacao-do-beato-padre-eustaquio-em-estrela-do-sul-mg\/#primaryimage\"},\"thumbnailUrl\":\"https:\/\/www.padreeustaquio.com.br\/wp-content\/uploads\/2026\/04\/Estrela-do-Sul.jpg\",\"datePublished\":\"2026-04-29T14:31:00+00:00\",\"breadcrumb\":{\"@id\":\"https:\/\/www.padreeustaquio.com.br\/devotos-se-reunem-online-para-rezar-o-terco-pela-canonizacao-do-beato-padre-eustaquio-em-estrela-do-sul-mg\/#breadcrumb\"},\"inLanguage\":\"en-US\",\"potentialAction\":[{\"@type\":\"ReadAction\",\"target\":[\"https:\/\/www.padreeustaquio.com.br\/devotos-se-reunem-online-para-rezar-o-terco-pela-canonizacao-do-beato-padre-eustaquio-em-estrela-do-sul-mg\/\"]}]},{\"@type\":\"ImageObject\",\"inLanguage\":\"en-US\",\"@id\":\"https:\/\/www.padreeustaquio.com.br\/devotos-se-reunem-online-para-rezar-o-terco-pela-canonizacao-do-beato-padre-eustaquio-em-estrela-do-sul-mg\/#primaryimage\",\"url\":\"https:\/\/www.padreeustaquio.com.br\/wp-content\/uploads\/2026\/04\/Estrela-do-Sul.jpg\",\"contentUrl\":\"https:\/\/www.padreeustaquio.com.br\/wp-content\/uploads\/2026\/04\/Estrela-do-Sul.jpg\",\"width\":748,\"height\":394},{\"@type\":\"BreadcrumbList\",\"@id\":\"https:\/\/www.padreeustaquio.com.br\/devotos-se-reunem-online-para-rezar-o-terco-pela-canonizacao-do-beato-padre-eustaquio-em-estrela-do-sul-mg\/#breadcrumb\",\"itemListElement\":[{\"@type\":\"ListItem\",\"position\":1,\"name\":\"In\u00edcio\",\"item\":\"https:\/\/www.padreeustaquio.com.br\/\"},{\"@type\":\"ListItem\",\"position\":2,\"name\":\"Devotos se re\u00fanem online para rezar o Ter\u00e7o pela canoniza\u00e7\u00e3o do Beato Padre Eust\u00e1quio em Estrela do Sul\/MG\"}]},{\"@type\":\"WebSite\",\"@id\":\"https:\/\/www.padreeustaquio.com.br\/#website\",\"url\":\"https:\/\/www.padreeustaquio.com.br\/\",\"name\":\"Padre Eust\u00e1quio\",\"description\":\"Sa\u00fade e Paz\",\"publisher\":{\"@id\":\"https:\/\/www.padreeustaquio.com.br\/#organization\"},\"potentialAction\":[{\"@type\":\"SearchAction\",\"target\":{\"@type\":\"EntryPoint\",\"urlTemplate\":\"https:\/\/www.padreeustaquio.com.br\/?s={search_term_string}\"},\"query-input\":{\"@type\":\"PropertyValueSpecification\",\"valueRequired\":true,\"valueName\":\"search_term_string\"}}],\"inLanguage\":\"en-US\"},{\"@type\":\"Organization\",\"@id\":\"https:\/\/www.padreeustaquio.com.br\/#organization\",\"name\":\"Padre Eust\u00e1quio\",\"url\":\"https:\/\/www.padreeustaquio.com.br\/\",\"logo\":{\"@type\":\"ImageObject\",\"inLanguage\":\"en-US\",\"@id\":\"https:\/\/www.padreeustaquio.com.br\/#\/schema\/logo\/image\/\",\"url\":\"https:\/\/www.padreeustaquio.com.br\/wp-content\/uploads\/2019\/08\/marca.png\",\"contentUrl\":\"https:\/\/www.padreeustaquio.com.br\/wp-content\/uploads\/2019\/08\/marca.png\",\"width\":350,\"height\":400,\"caption\":\"Padre Eust\u00e1quio\"},\"image\":{\"@id\":\"https:\/\/www.padreeustaquio.com.br\/#\/schema\/logo\/image\/\"},\"sameAs\":[\"https:\/\/www.facebook.com\/beatopadreeustaquio\/\",\"https:\/\/x.com\/beatopeustaquio\",\"https:\/\/www.instagram.com\/beatopadreeustaquio\/\",\"https:\/\/www.youtube.com\/channel\/UCRhw7vfabnajwLxb1ZXMeIw\"]},{\"@type\":\"Person\",\"@id\":\"https:\/\/www.padreeustaquio.com.br\/#\/schema\/person\/a2a51db1d00f1a7af0204a0f1ddb1566\",\"name\":\"@sscc\",\"image\":{\"@type\":\"ImageObject\",\"inLanguage\":\"en-US\",\"@id\":\"https:\/\/secure.gravatar.com\/avatar\/68cfafa5f44617fea54071e215026e0ff06be366c3d54a8425f04fdcb86f8c5f?s=96&d=mm&r=g\",\"url\":\"https:\/\/secure.gravatar.com\/avatar\/68cfafa5f44617fea54071e215026e0ff06be366c3d54a8425f04fdcb86f8c5f?s=96&d=mm&r=g\",\"contentUrl\":\"https:\/\/secure.gravatar.com\/avatar\/68cfafa5f44617fea54071e215026e0ff06be366c3d54a8425f04fdcb86f8c5f?s=96&d=mm&r=g\",\"caption\":\"@sscc\"},\"url\":\"https:\/\/www.padreeustaquio.com.br\/en\/author\/sscc\/\"}]}<\/script>\n<!-- \/ Yoast SEO plugin. -->","yoast_head_json":{"title":"Devotees gather online to pray the Rosary for the canonization of Blessed Father Eust\u00e1quio in Estrela do Sul\/MG - Father Eust\u00e1quio","robots":{"index":"index","follow":"follow","max-snippet":"max-snippet:-1","max-image-preview":"max-image-preview:large","max-video-preview":"max-video-preview:-1"},"canonical":"https:\/\/www.padreeustaquio.com.br\/en\/devotees-gather-online-to-pray-the-rosary-for-the-canonization-of-blessed-father-eustaquio-in-estrela-do-sul-mg\/","og_locale":"en_US","og_type":"article","og_title":"Devotos se re\u00fanem online para rezar o Ter\u00e7o pela canoniza\u00e7\u00e3o do Beato Padre Eust\u00e1quio em Estrela do Sul\/MG - Padre Eust\u00e1quio","og_description":"Os devotos do Beato Padre Eust\u00e1quio, em Estrela do Sul (MG), mant\u00eam um compromisso semanal de f\u00e9 e ora\u00e7\u00e3o. Todas as segundas-feiras, \u00e0s 20h, eles se re\u00fanem por videochamada para rezar o Santo Ter\u00e7o, em um momento de comunh\u00e3o e intercess\u00e3o. A ora\u00e7\u00e3o \u00e9 oferecida de modo especial pela canoniza\u00e7\u00e3o do Beato Padre Eust\u00e1quio, al\u00e9m de acolher os pedidos e inten\u00e7\u00f5es pessoais de cada participante. Mesmo \u00e0 dist\u00e2ncia, os fi\u00e9is se unem em um s\u00f3 prop\u00f3sito: confiar suas causas a Deus e fortalecer a vida espiritual. A iniciativa \u00e9 um convite a todos que desejam participar desse momento de ora\u00e7\u00e3o, [&hellip;]","og_url":"https:\/\/www.padreeustaquio.com.br\/en\/devotees-gather-online-to-pray-the-rosary-for-the-canonization-of-blessed-father-eustaquio-in-estrela-do-sul-mg\/","og_site_name":"Padre Eust\u00e1quio","article_publisher":"https:\/\/www.facebook.com\/beatopadreeustaquio\/","article_published_time":"2026-04-29T14:31:00+00:00","og_image":[{"width":748,"height":394,"url":"https:\/\/www.padreeustaquio.com.br\/wp-content\/uploads\/2026\/04\/Estrela-do-Sul.jpg","type":"image\/jpeg"}],"author":"@sscc","twitter_card":"summary_large_image","twitter_creator":"@beatopeustaquio","twitter_site":"@beatopeustaquio","twitter_misc":{"Written by":"@sscc","Est. reading time":"3 minutes"},"schema":{"@context":"https:\/\/schema.org","@graph":[{"@type":"Article","@id":"https:\/\/www.padreeustaquio.com.br\/devotos-se-reunem-online-para-rezar-o-terco-pela-canonizacao-do-beato-padre-eustaquio-em-estrela-do-sul-mg\/#article","isPartOf":{"@id":"https:\/\/www.padreeustaquio.com.br\/devotos-se-reunem-online-para-rezar-o-terco-pela-canonizacao-do-beato-padre-eustaquio-em-estrela-do-sul-mg\/"},"author":{"name":"@sscc","@id":"https:\/\/www.padreeustaquio.com.br\/#\/schema\/person\/a2a51db1d00f1a7af0204a0f1ddb1566"},"headline":"Devotos se re\u00fanem online para rezar o Ter\u00e7o pela canoniza\u00e7\u00e3o do Beato Padre Eust\u00e1quio em Estrela do Sul\/MG","datePublished":"2026-04-29T14:31:00+00:00","mainEntityOfPage":{"@id":"https:\/\/www.padreeustaquio.com.br\/devotos-se-reunem-online-para-rezar-o-terco-pela-canonizacao-do-beato-padre-eustaquio-em-estrela-do-sul-mg\/"},"wordCount":145,"commentCount":0,"publisher":{"@id":"https:\/\/www.padreeustaquio.com.br\/#organization"},"image":{"@id":"https:\/\/www.padreeustaquio.com.br\/devotos-se-reunem-online-para-rezar-o-terco-pela-canonizacao-do-beato-padre-eustaquio-em-estrela-do-sul-mg\/#primaryimage"},"thumbnailUrl":"https:\/\/www.padreeustaquio.com.br\/wp-content\/uploads\/2026\/04\/Estrela-do-Sul.jpg","articleSection":["Sem categoria"],"inLanguage":"en-US","potentialAction":[{"@type":"CommentAction","name":"Comment","target":["https:\/\/www.padreeustaquio.com.br\/devotos-se-reunem-online-para-rezar-o-terco-pela-canonizacao-do-beato-padre-eustaquio-em-estrela-do-sul-mg\/#respond"]}]},{"@type":"WebPage","@id":"https:\/\/www.padreeustaquio.com.br\/devotos-se-reunem-online-para-rezar-o-terco-pela-canonizacao-do-beato-padre-eustaquio-em-estrela-do-sul-mg\/","url":"https:\/\/www.padreeustaquio.com.br\/devotos-se-reunem-online-para-rezar-o-terco-pela-canonizacao-do-beato-padre-eustaquio-em-estrela-do-sul-mg\/","name":"Devotees gather online to pray the Rosary for the canonization of Blessed Father Eust\u00e1quio in Estrela do Sul\/MG - Father Eust\u00e1quio","isPartOf":{"@id":"https:\/\/www.padreeustaquio.com.br\/#website"},"primaryImageOfPage":{"@id":"https:\/\/www.padreeustaquio.com.br\/devotos-se-reunem-online-para-rezar-o-terco-pela-canonizacao-do-beato-padre-eustaquio-em-estrela-do-sul-mg\/#primaryimage"},"image":{"@id":"https:\/\/www.padreeustaquio.com.br\/devotos-se-reunem-online-para-rezar-o-terco-pela-canonizacao-do-beato-padre-eustaquio-em-estrela-do-sul-mg\/#primaryimage"},"thumbnailUrl":"https:\/\/www.padreeustaquio.com.br\/wp-content\/uploads\/2026\/04\/Estrela-do-Sul.jpg","datePublished":"2026-04-29T14:31:00+00:00","breadcrumb":{"@id":"https:\/\/www.padreeustaquio.com.br\/devotos-se-reunem-online-para-rezar-o-terco-pela-canonizacao-do-beato-padre-eustaquio-em-estrela-do-sul-mg\/#breadcrumb"},"inLanguage":"en-US","potentialAction":[{"@type":"ReadAction","target":["https:\/\/www.padreeustaquio.com.br\/devotos-se-reunem-online-para-rezar-o-terco-pela-canonizacao-do-beato-padre-eustaquio-em-estrela-do-sul-mg\/"]}]},{"@type":"ImageObject","inLanguage":"en-US","@id":"https:\/\/www.padreeustaquio.com.br\/devotos-se-reunem-online-para-rezar-o-terco-pela-canonizacao-do-beato-padre-eustaquio-em-estrela-do-sul-mg\/#primaryimage","url":"https:\/\/www.padreeustaquio.com.br\/wp-content\/uploads\/2026\/04\/Estrela-do-Sul.jpg","contentUrl":"https:\/\/www.padreeustaquio.com.br\/wp-content\/uploads\/2026\/04\/Estrela-do-Sul.jpg","width":748,"height":394},{"@type":"BreadcrumbList","@id":"https:\/\/www.padreeustaquio.com.br\/devotos-se-reunem-online-para-rezar-o-terco-pela-canonizacao-do-beato-padre-eustaquio-em-estrela-do-sul-mg\/#breadcrumb","itemListElement":[{"@type":"ListItem","position":1,"name":"In\u00edcio","item":"https:\/\/www.padreeustaquio.com.br\/"},{"@type":"ListItem","position":2,"name":"Devotos se re\u00fanem online para rezar o Ter\u00e7o pela canoniza\u00e7\u00e3o do Beato Padre Eust\u00e1quio em Estrela do Sul\/MG"}]},{"@type":"WebSite","@id":"https:\/\/www.padreeustaquio.com.br\/#website","url":"https:\/\/www.padreeustaquio.com.br\/","name":"FATHER EUST\u00c1QUIO","description":"Health and Peace","publisher":{"@id":"https:\/\/www.padreeustaquio.com.br\/#organization"},"potentialAction":[{"@type":"SearchAction","target":{"@type":"EntryPoint","urlTemplate":"https:\/\/www.padreeustaquio.com.br\/?s={search_term_string}"},"query-input":{"@type":"PropertyValueSpecification","valueRequired":true,"valueName":"search_term_string"}}],"inLanguage":"en-US"},{"@type":"Organization","@id":"https:\/\/www.padreeustaquio.com.br\/#organization","name":"FATHER EUST\u00c1QUIO","url":"https:\/\/www.padreeustaquio.com.br\/","logo":{"@type":"ImageObject","inLanguage":"en-US","@id":"https:\/\/www.padreeustaquio.com.br\/#\/schema\/logo\/image\/","url":"https:\/\/www.padreeustaquio.com.br\/wp-content\/uploads\/2019\/08\/marca.png","contentUrl":"https:\/\/www.padreeustaquio.com.br\/wp-content\/uploads\/2019\/08\/marca.png","width":350,"height":400,"caption":"Padre Eust\u00e1quio"},"image":{"@id":"https:\/\/www.padreeustaquio.com.br\/#\/schema\/logo\/image\/"},"sameAs":["https:\/\/www.facebook.com\/beatopadreeustaquio\/","https:\/\/x.com\/beatopeustaquio","https:\/\/www.instagram.com\/beatopadreeustaquio\/","https:\/\/www.youtube.com\/channel\/UCRhw7vfabnajwLxb1ZXMeIw"]},{"@type":"Person","@id":"https:\/\/www.padreeustaquio.com.br\/#\/schema\/person\/a2a51db1d00f1a7af0204a0f1ddb1566","name":"@sscc","image":{"@type":"ImageObject","inLanguage":"en-US","@id":"https:\/\/secure.gravatar.com\/avatar\/68cfafa5f44617fea54071e215026e0ff06be366c3d54a8425f04fdcb86f8c5f?s=96&d=mm&r=g","url":"https:\/\/secure.gravatar.com\/avatar\/68cfafa5f44617fea54071e215026e0ff06be366c3d54a8425f04fdcb86f8c5f?s=96&d=mm&r=g","contentUrl":"https:\/\/secure.gravatar.com\/avatar\/68cfafa5f44617fea54071e215026e0ff06be366c3d54a8425f04fdcb86f8c5f?s=96&d=mm&r=g","caption":"@sscc"},"url":"https:\/\/www.padreeustaquio.com.br\/en\/author\/sscc\/"}]}},"_links":{"self":[{"href":"https:\/\/www.padreeustaquio.com.br\/en\/wp-json\/wp\/v2\/posts\/13794","targetHints":{"allow":["GET"]}}],"collection":[{"href":"https:\/\/www.padreeustaquio.com.br\/en\/wp-json\/wp\/v2\/posts"}],"about":[{"href":"https:\/\/www.padreeustaquio.com.br\/en\/wp-json\/wp\/v2\/types\/post"}],"author":[{"embeddable":true,"href":"https:\/\/www.padreeustaquio.com.br\/en\/wp-json\/wp\/v2\/users\/2"}],"replies":[{"embeddable":true,"href":"https:\/\/www.padreeustaquio.com.br\/en\/wp-json\/wp\/v2\/comments?post=13794"}],"version-history":[{"count":1,"href":"https:\/\/www.padreeustaquio.com.br\/en\/wp-json\/wp\/v2\/posts\/13794\/revisions"}],"predecessor-version":[{"id":13803,"href":"https:\/\/www.padreeustaquio.com.br\/en\/wp-json\/wp\/v2\/posts\/13794\/revisions\/13803"}],"wp:featuredmedia":[{"embeddable":true,"href":"https:\/\/www.padreeustaquio.com.br\/en\/wp-json\/wp\/v2\/media\/13795"}],"wp:attachment":[{"href":"https:\/\/www.padreeustaquio.com.br\/en\/wp-json\/wp\/v2\/media?parent=13794"}],"wp:term":[{"taxonomy":"category","embeddable":true,"href":"https:\/\/www.padreeustaquio.com.br\/en\/wp-json\/wp\/v2\/categories?post=13794"},{"taxonomy":"post_tag","embeddable":true,"href":"https:\/\/www.padreeustaquio.com.br\/en\/wp-json\/wp\/v2\/tags?post=13794"}],"curies":[{"name":"wp","href":"https:\/\/api.w.org\/{rel}","templated":true}]}}